{"id":174308,"date":"2023-09-06T16:36:36","date_gmt":"2023-09-06T23:36:36","guid":{"rendered":"https:\/\/www.sonoraenequipo.com.mx\/?p=174308"},"modified":"2023-09-06T16:36:36","modified_gmt":"2023-09-06T23:36:36","slug":"hermosillo-atraviesa-por-momento-critico-dice-a-c","status":"publish","type":"post","link":"https:\/\/www.sonoraenequipo.com.mx\/hermosillo-atraviesa-por-momento-critico-dice-a-c\/","title":{"rendered":"Hermosillo atraviesa por momento cr\u00edtico: dice A.C."},"content":{"rendered":"<p><strong>HERMOSILLO, SONORA,MX.<\/strong><strong>\u2500\u2500<\/strong> \u00a0Durante la presentaci\u00f3n del Informe de Indicadores 2023, la asociaci\u00f3n civil Hermosillo \u00bfc\u00f3mo vamos? expuso los retos que vienen para la capital de Sonora en el contexto econ\u00f3mico actual y las oportunidades que podr\u00eda traer el \u201cnearshoring\u201d si se realiza una adecuada planeaci\u00f3n e implementaci\u00f3n de soluciones a los problemas p\u00fablicos.<\/p>\n<p>La organizaci\u00f3n concluye que la ciudad se encuentra en un punto de inflexi\u00f3n donde es necesario que los gobiernos resuelvan problemas de fondo y que la ciudadan\u00eda tome un papel activo para materializar las oportunidades de progreso. De no actuar, el crecimiento de Hermosillo ser\u00eda desigual y desordenado, como ocurri\u00f3 en otras ciudades del norte de M\u00e9xico.<\/p>\n<p>La organizaci\u00f3n ciudadana Hermosillo \u00bfC\u00f3mo Vamos? present\u00f3 su Informe de Indicadores 2023, documento que tiene como objetivo ser una herramienta para que la ciudadan\u00eda identifique, reflexione y act\u00fae en relaci\u00f3n con los principales desaf\u00edos que enfrentamos para el progreso y bienestar de los hermosillenses.<\/p>\n<p>&nbsp;<\/p>\n<p>&nbsp;<\/p>\n<p>La Dra. Jennifer Espinoza Ramos, coordinadora del documento, explic\u00f3 que se trata de la sexta edici\u00f3n. que se publica anualmente, de manera ininterrumpida por la organizaci\u00f3n, la cual contiene cerca de 400 indicadores en 15 temas del desarrollo local, a partir del procesamiento de m\u00e1s de tres millones de datos sobre la calidad de vida en Hermosillo.<\/p>\n<p>Por su parte, Ernesto Urbina Miranda, director de la asociaci\u00f3n, expuso que M\u00e9xico se consolida como uno de los principales destinos de inversiones, sin embargo, el panorama a nivel regional es retador ya que Sonora se mantiene estancada en materia de competitividad y Hermosillo enfrenta grandes<\/p>\n<p>&nbsp;<\/p>\n<p>rezagos en aspectos como: infraestructura, \u00e1reas verdes, espacios p\u00fablicos, gesti\u00f3n sustentable del agua, vivienda, movilidad, entre otros.<\/p>\n<p>&nbsp;<\/p>\n<p>&nbsp;<\/p>\n<p>&nbsp;<\/p>\n<p>En los datos expuestos, sobresale que de acuerdo con el Instituto Mexicano para la Competitividad (IMCO), Sonora se ha mantenido estancada en el noveno lugar nacional en materia de competitividad, mismo lugar que ocupaba en 2001, a\u00f1o en el que se comenz\u00f3 a realizar este ranking. Adem\u00e1s, en el \u00faltimo a\u00f1o se registr\u00f3 un bajo nivel de captaci\u00f3n de inversi\u00f3n extranjera directa, ocupando la posici\u00f3n 17 a nivel nacional, con $458.9 millones de d\u00f3lares (48% menos que en 2021).<\/p>\n<p>&nbsp;<\/p>\n<p>&nbsp;<\/p>\n<p>&nbsp;<\/p>\n<p>A nivel municipal, Hermosillo se encuentra en el 3er. lugar nacional en competitividad entre las ciudades de 500 mil a 1 mill\u00f3n de habitantes, pero fuera de las 10 ciudades m\u00e1s competitivas de M\u00e9xico al incorporar al resto de municipios (lugar 11). En cuanto a la actividad econ\u00f3mica, se registra un<\/p>\n<p>&nbsp;<\/p>\n<p>estancamiento en el n\u00famero de empresas manufactureras de exportaci\u00f3n, al pasar de 54 en 2021 a 52 en 2022, y una disminuci\u00f3n de empresas formales, al bajar de 14,871 a 14,752 en el mismo periodo.<\/p>\n<p>&nbsp;<\/p>\n<p>&nbsp;<\/p>\n<p>&nbsp;<\/p>\n<p>A partir de los indicadores presentados en el informe, se observa que uno de los principales problemas p\u00fablicos en Hermosillo tiene que ver con la infraestructura p\u00fablica. De acuerdo con la Encuesta de Percepci\u00f3n Ciudadana de Hermosillo \u00bfC\u00f3mo Vamos? y la Encuesta Nacional de Seguridad P\u00fablica Urbana del INEGI, el estado de las calles y pavimentaci\u00f3n son la principal problem\u00e1tica a nivel municipal desde la perspectiva de la ciudadan\u00eda.<\/p>\n<p>&nbsp;<\/p>\n<p>&nbsp;<\/p>\n<p>&nbsp;<\/p>\n<p>Tambi\u00e9n se se\u00f1ala que a nivel municipal se realiza una gesti\u00f3n ineficiente de uno de los principales recursos para el desarrollo como lo es el agua. De los 134 millones de metros c\u00fabicos que se suministran anualmente, no se sabe a d\u00f3nde va m\u00e1s de la mitad, por lo que se recupera econ\u00f3micamente menos del 20% de este volumen. Tambi\u00e9n se desaprovechan m\u00e1s de 70 millones de metros c\u00fabicos de aguas residuales tratadas, el equivalente al doble de agua que se provee al a\u00f1o a trav\u00e9s del Acueducto Independencia.<\/p>\n<p>&nbsp;<\/p>\n<p>&nbsp;<\/p>\n<p>&nbsp;<\/p>\n<p>Otra problem\u00e1tica que sobresale en los indicadores est\u00e1 relacionada con el acceso a la vivienda. Durante 2022 en Hermosillo se ofrecieron 1,667 nuevas viviendas, las cuales representan el 50% de la demanda (3,346). Los desequilibrios entre la oferta y demanda han generado que la tenencia \u201cpropia\u201d de un hogar para las familias hermosillenses haya disminuido del 81.4% en 2010 al 72.5% en 2020.<\/p>\n<p>&nbsp;<\/p>\n<p>&nbsp;<\/p>\n<p>&nbsp;<\/p>\n<p>El Informe tambi\u00e9n expone indicadores con resultados positivos y condiciones importantes para el desarrollo local. En materia de seguridad, se observa una continuidad en la disminuci\u00f3n de la violencia letal en Hermosillo, con una reducci\u00f3n de 35% de los homicidios dolosos en relaci\u00f3n con el a\u00f1o anterior y la percepci\u00f3n de inseguridad se coloca entre los valores m\u00e1s bajos desde que se tiene registro.<\/p>\n<p>&nbsp;<\/p>\n<p>&nbsp;<\/p>\n<p>&nbsp;<\/p>\n<p>En el tema de pobreza, las \u00faltimas estimaciones realizadas por el Consejo Nacional de Evaluaci\u00f3n de la Pol\u00edtica de Desarrollo Social (CONEVAL), muestran que Sonora fue la 8va. entidad con mayor reducci\u00f3n de la pobreza, con un 26.5%. Es decir, en 2020, se estimaban 885,029 personas en situaci\u00f3n de pobreza, mientras que para 2022 se estimaron 650,382.<\/p>\n<p>&nbsp;<\/p>\n<p>&nbsp;<\/p>\n<p>&nbsp;<\/p>\n<p>Hermosillo mantiene su liderazgo en temas como educaci\u00f3n y conectividad. La poblaci\u00f3n hermosillense de 25 a\u00f1os y m\u00e1s cuenta con 11.4 a\u00f1os de educaci\u00f3n promedio, lo que coloca al municipio en el primer lugar nacional dentro de este indicador. Tambi\u00e9n sobresale que Hermosillo es el segundo lugar nacional en porcentaje de hogares con computadora; quinto en salario promedio mensual por trabajador y sexto lugar en empresas de m\u00e1s de 50 empleados.<\/p>\n<p>&nbsp;<\/p>\n<p>&nbsp;<\/p>\n<p>&nbsp;<\/p>\n<p>Ante la coexistencia de oportunidades y rezagos, Arturo D\u00edaz Monge, presidente de Hermosillo \u00bfC\u00f3mo Vamos? advirti\u00f3 que de no desarrollar una visi\u00f3n de ciudad que se conduzca en una ruta positiva, Hermosillo se puede dirigir hacia un modelo de crecimiento desordenado, que aumente las brechas de desigualdad e intensifique otras problem\u00e1ticas sociales, tal y como ha ocurrido en otras ciudades del norte de M\u00e9xico.<\/p>\n<p>&nbsp;<\/p>\n<p>&nbsp;<\/p>\n<p>&nbsp;<\/p>\n<p>\u201cNuestro llamado es para que cada persona adopte al menos una iniciativa, un indicador, una causa, en el tema o \u00e1rea de su inter\u00e9s. Con ello, estamos seguros de que podemos lograr que Hermosillo se encuentre entre las ciudades m\u00e1s competitivas del pa\u00eds e ir avanzando juntos en la ruta de hacer de nuestra ciudad un mejor lugar para vivir\u201d, se\u00f1al\u00f3.<\/p>\n<p>&nbsp;<\/p>\n<p>&nbsp;<\/p>\n<p>&nbsp;<\/p>\n<p>La informaci\u00f3n presentada est\u00e1 disponible para descarga de manera gratuita en el portal: <a href=\"http:\/\/www.hermosillocomovamos.org\">www.hermosillocomovamos.org<\/a><\/p>\n<p><strong>Fecha de publicaci\u00f3n mi\u00e9rcoles 6 de septiembre de 2023<\/strong><\/p>\n","protected":false},"excerpt":{"rendered":"<p>HERMOSILLO, SONORA,MX.\u2500\u2500 \u00a0Durante la presentaci\u00f3n del Informe de Indicadores 2023, la asociaci\u00f3n civil Hermosillo \u00bfc\u00f3mo&#8230;<\/p>\n","protected":false},"author":1,"featured_media":174309,"comment_status":"open","ping_status":"open","sticky":false,"template":"","format":"standard","meta":{"_monsterinsights_skip_tracking":false,"_monsterinsights_sitenote_active":false,"_monsterinsights_sitenote_note":"","_monsterinsights_sitenote_category":0,"footnotes":""},"categories":[6493],"tags":[8902],"class_list":["post"],"yoast_head":" \n<title>Sonora en Equipo. Hermosillo atraviesa por momento cr\u00edtico: dice A.C. PALABRAS Y N\u00daMEROS<\/title>\n<meta name=\"description\" content=\"HERMOSILLO, SONORA,MX.\u2500\u2500 \u00a0Durante la presentaci\u00f3n del Informe de Indicadores 2023, la asociaci\u00f3n civil Hermosillo \u00bfc\u00f3mo vamos? expuso los retos que vienen En Sonora en Equipo publicamos toda la informaci\u00f3n de Sonora, M\u00e9xico y el Mundo de manera oportuna y busca que la libertad de expresi\u00f3n sea real. Visita nuestro medio informativo publicado desde Hermosillo, Sonora. %\" \/>\n<meta name=\"robots\" content=\"index, follow, max-snippet:-1, max-image-preview:large, max-video-preview:-1\" \/>\n<link rel=\"canonical\" href=\"https:\/\/www.sonoraenequipo.com.mx\/hermosillo-atraviesa-por-momento-critico-dice-a-c\/\" \/>\n<meta property=\"og:locale\" content=\"es_ES\" \/>\n<meta property=\"og:type\" content=\"article\" \/>\n<meta property=\"og:title\" content=\"Sonora en Equipo. Hermosillo atraviesa por momento cr\u00edtico: dice A.C. PALABRAS Y N\u00daMEROS\" \/>\n<meta property=\"og:description\" content=\"HERMOSILLO, SONORA,MX.\u2500\u2500 \u00a0Durante la presentaci\u00f3n del Informe de Indicadores 2023, la asociaci\u00f3n civil Hermosillo \u00bfc\u00f3mo vamos? expuso los retos que vienen En Sonora en Equipo publicamos toda la informaci\u00f3n de Sonora, M\u00e9xico y el Mundo de manera oportuna y busca que la libertad de expresi\u00f3n sea real. Visita nuestro medio informativo publicado desde Hermosillo, Sonora. %\" \/>\n<meta property=\"og:url\" content=\"https:\/\/www.sonoraenequipo.com.mx\/hermosillo-atraviesa-por-momento-critico-dice-a-c\/\" \/>\n<meta property=\"og:site_name\" content=\"Sonora en Equipo.\" \/>\n<meta property=\"article:publisher\" content=\"https:\/\/www.facebook.com\/SonoraEE\/\" \/>\n<meta property=\"article:author\" content=\"https:\/\/www.facebook.com\/SonoraEE\" \/>\n<meta property=\"article:published_time\" content=\"2023-09-06T23:36:36+00:00\" \/>\n<meta property=\"og:image\" content=\"https:\/\/www.sonoraenequipo.com.mx\/storage\/2023\/09\/hmo-cv.jpg\" \/>\n\t<meta property=\"og:image:width\" content=\"600\" \/>\n\t<meta property=\"og:image:height\" content=\"400\" \/>\n\t<meta property=\"og:image:type\" content=\"image\/jpeg\" \/>\n<meta name=\"author\" content=\"enequipo\" \/>\n<meta name=\"twitter:card\" content=\"summary_large_image\" \/>\n<meta name=\"twitter:creator\" content=\"@sonoraenequipo\" \/>\n<meta name=\"twitter:site\" content=\"@sonoraenequipo\" \/>\n<meta name=\"twitter:label1\" content=\"Escrito por\" \/>\n\t<meta name=\"twitter:data1\" content=\"enequipo\" \/>\n\t<meta name=\"twitter:label2\" content=\"Tiempo de lectura\" \/>\n\t<meta name=\"twitter:data2\" content=\"5 minutos\" \/>\n<script type=\"application\/ld+json\" class=\"yoast-schema-graph\">{\"@context\":\"https:\/\/schema.org\",\"@graph\":[{\"@type\":\"Article\",\"@id\":\"https:\/\/www.sonoraenequipo.com.mx\/hermosillo-atraviesa-por-momento-critico-dice-a-c\/#article\",\"isPartOf\":{\"@id\":\"https:\/\/www.sonoraenequipo.com.mx\/hermosillo-atraviesa-por-momento-critico-dice-a-c\/\"},\"author\":{\"name\":\"enequipo\",\"@id\":\"https:\/\/www.sonoraenequipo.com.mx\/#\/schema\/person\/50102df0fb23a8fa9e8effad8fa81386\"},\"headline\":\"Hermosillo atraviesa por momento cr\u00edtico: dice A.C.\",\"datePublished\":\"2023-09-06T23:36:36+00:00\",\"mainEntityOfPage\":{\"@id\":\"https:\/\/www.sonoraenequipo.com.mx\/hermosillo-atraviesa-por-momento-critico-dice-a-c\/\"},\"wordCount\":1100,\"commentCount\":0,\"publisher\":{\"@id\":\"https:\/\/www.sonoraenequipo.com.mx\/#organization\"},\"image\":{\"@id\":\"https:\/\/www.sonoraenequipo.com.mx\/hermosillo-atraviesa-por-momento-critico-dice-a-c\/#primaryimage\"},\"thumbnailUrl\":\"https:\/\/www.sonoraenequipo.com.mx\/storage\/2023\/09\/hmo-cv.jpg\",\"keywords\":[\"HERMOSILLOC\u00d3MO VAMOS\"],\"articleSection\":[\"PALABRAS Y N\u00daMEROS\"],\"inLanguage\":\"es\",\"potentialAction\":[{\"@type\":\"CommentAction\",\"name\":\"Comment\",\"target\":[\"https:\/\/www.sonoraenequipo.com.mx\/hermosillo-atraviesa-por-momento-critico-dice-a-c\/#respond\"]}]},{\"@type\":\"WebPage\",\"@id\":\"https:\/\/www.sonoraenequipo.com.mx\/hermosillo-atraviesa-por-momento-critico-dice-a-c\/\",\"url\":\"https:\/\/www.sonoraenequipo.com.mx\/hermosillo-atraviesa-por-momento-critico-dice-a-c\/\",\"name\":\"Sonora en Equipo. Hermosillo atraviesa por momento cr\u00edtico: dice A.C. PALABRAS Y N\u00daMEROS\",\"isPartOf\":{\"@id\":\"https:\/\/www.sonoraenequipo.com.mx\/#website\"},\"primaryImageOfPage\":{\"@id\":\"https:\/\/www.sonoraenequipo.com.mx\/hermosillo-atraviesa-por-momento-critico-dice-a-c\/#primaryimage\"},\"image\":{\"@id\":\"https:\/\/www.sonoraenequipo.com.mx\/hermosillo-atraviesa-por-momento-critico-dice-a-c\/#primaryimage\"},\"thumbnailUrl\":\"https:\/\/www.sonoraenequipo.com.mx\/storage\/2023\/09\/hmo-cv.jpg\",\"datePublished\":\"2023-09-06T23:36:36+00:00\",\"description\":\"HERMOSILLO, SONORA,MX.\u2500\u2500 \u00a0Durante la presentaci\u00f3n del Informe de Indicadores 2023, la asociaci\u00f3n civil Hermosillo \u00bfc\u00f3mo vamos? expuso los retos que vienen En Sonora en Equipo publicamos toda la informaci\u00f3n de Sonora, M\u00e9xico y el Mundo de manera oportuna y busca que la libertad de expresi\u00f3n sea real. Visita nuestro medio informativo publicado desde Hermosillo, Sonora. %\",\"breadcrumb\":{\"@id\":\"https:\/\/www.sonoraenequipo.com.mx\/hermosillo-atraviesa-por-momento-critico-dice-a-c\/#breadcrumb\"},\"inLanguage\":\"es\",\"potentialAction\":[{\"@type\":\"ReadAction\",\"target\":[\"https:\/\/www.sonoraenequipo.com.mx\/hermosillo-atraviesa-por-momento-critico-dice-a-c\/\"]}]},{\"@type\":\"ImageObject\",\"inLanguage\":\"es\",\"@id\":\"https:\/\/www.sonoraenequipo.com.mx\/hermosillo-atraviesa-por-momento-critico-dice-a-c\/#primaryimage\",\"url\":\"https:\/\/www.sonoraenequipo.com.mx\/storage\/2023\/09\/hmo-cv.jpg\",\"contentUrl\":\"https:\/\/www.sonoraenequipo.com.mx\/storage\/2023\/09\/hmo-cv.jpg\",\"width\":600,\"height\":400},{\"@type\":\"BreadcrumbList\",\"@id\":\"https:\/\/www.sonoraenequipo.com.mx\/hermosillo-atraviesa-por-momento-critico-dice-a-c\/#breadcrumb\",\"itemListElement\":[{\"@type\":\"ListItem\",\"position\":1,\"name\":\"Portada\",\"item\":\"https:\/\/www.sonoraenequipo.com.mx\/\"},{\"@type\":\"ListItem\",\"position\":2,\"name\":\"Hermosillo atraviesa por momento cr\u00edtico: dice A.C.\"}]},{\"@type\":\"WebSite\",\"@id\":\"https:\/\/www.sonoraenequipo.com.mx\/#website\",\"url\":\"https:\/\/www.sonoraenequipo.com.mx\/\",\"name\":\"Sonora en Equipo.\",\"description\":\"Diario en l\u00ednea con Noticias desde Hermosillo, Sonora\",\"publisher\":{\"@id\":\"https:\/\/www.sonoraenequipo.com.mx\/#organization\"},\"potentialAction\":[{\"@type\":\"SearchAction\",\"target\":{\"@type\":\"EntryPoint\",\"urlTemplate\":\"https:\/\/www.sonoraenequipo.com.mx\/?s={search_term_string}\"},\"query-input\":{\"@type\":\"PropertyValueSpecification\",\"valueRequired\":true,\"valueName\":\"search_term_string\"}}],\"inLanguage\":\"es\"},{\"@type\":\"Organization\",\"@id\":\"https:\/\/www.sonoraenequipo.com.mx\/#organization\",\"name\":\"Sonoraenequipo.com.mx\",\"url\":\"https:\/\/www.sonoraenequipo.com.mx\/\",\"logo\":{\"@type\":\"ImageObject\",\"inLanguage\":\"es\",\"@id\":\"https:\/\/www.sonoraenequipo.com.mx\/#\/schema\/logo\/image\/\",\"url\":\"https:\/\/www.sonoraenequipo.com.mx\/storage\/2019\/01\/sonoraenequipo_opt.png\",\"contentUrl\":\"https:\/\/www.sonoraenequipo.com.mx\/storage\/2019\/01\/sonoraenequipo_opt.png\",\"width\":375,\"height\":125,\"caption\":\"Sonoraenequipo.com.mx\"},\"image\":{\"@id\":\"https:\/\/www.sonoraenequipo.com.mx\/#\/schema\/logo\/image\/\"},\"sameAs\":[\"https:\/\/www.facebook.com\/SonoraEE\/\",\"https:\/\/x.com\/sonoraenequipo\",\"https:\/\/www.youtube.com\/channel\/UC338nW-lPEYmJQs4ZABQ1SQ\"]},{\"@type\":\"Person\",\"@id\":\"https:\/\/www.sonoraenequipo.com.mx\/#\/schema\/person\/50102df0fb23a8fa9e8effad8fa81386\",\"name\":\"enequipo\",\"image\":{\"@type\":\"ImageObject\",\"inLanguage\":\"es\",\"@id\":\"https:\/\/www.sonoraenequipo.com.mx\/#\/schema\/person\/image\/\",\"url\":\"https:\/\/secure.gravatar.com\/avatar\/049821681b589dabc0bc20695993ccebb09f5b5d4d790cd9251b97faac7c652b?s=96&d=blank&r=g\",\"contentUrl\":\"https:\/\/secure.gravatar.com\/avatar\/049821681b589dabc0bc20695993ccebb09f5b5d4d790cd9251b97faac7c652b?s=96&d=blank&r=g\",\"caption\":\"enequipo\"},\"sameAs\":[\"https:\/\/www.facebook.com\/SonoraEE\"]}]}<\/script>\n ","yoast_head_json":{"title":"Sonora en Equipo. Hermosillo atraviesa por momento cr\u00edtico: dice A.C. PALABRAS Y N\u00daMEROS","description":"HERMOSILLO, SONORA,MX.\u2500\u2500 \u00a0Durante la presentaci\u00f3n del Informe de Indicadores 2023, la asociaci\u00f3n civil Hermosillo \u00bfc\u00f3mo vamos? expuso los retos que vienen En Sonora en Equipo publicamos toda la informaci\u00f3n de Sonora, M\u00e9xico y el Mundo de manera oportuna y busca que la libertad de expresi\u00f3n sea real. Visita nuestro medio informativo publicado desde Hermosillo, Sonora. %","robots":{"index":"index","follow":"follow","max-snippet":"max-snippet:-1","max-image-preview":"max-image-preview:large","max-video-preview":"max-video-preview:-1"},"canonical":"https:\/\/www.sonoraenequipo.com.mx\/hermosillo-atraviesa-por-momento-critico-dice-a-c\/","og_locale":"es_ES","og_type":"article","og_title":"Sonora en Equipo. Hermosillo atraviesa por momento cr\u00edtico: dice A.C. PALABRAS Y N\u00daMEROS","og_description":"HERMOSILLO, SONORA,MX.\u2500\u2500 \u00a0Durante la presentaci\u00f3n del Informe de Indicadores 2023, la asociaci\u00f3n civil Hermosillo \u00bfc\u00f3mo vamos? expuso los retos que vienen En Sonora en Equipo publicamos toda la informaci\u00f3n de Sonora, M\u00e9xico y el Mundo de manera oportuna y busca que la libertad de expresi\u00f3n sea real. Visita nuestro medio informativo publicado desde Hermosillo, Sonora. %","og_url":"https:\/\/www.sonoraenequipo.com.mx\/hermosillo-atraviesa-por-momento-critico-dice-a-c\/","og_site_name":"Sonora en Equipo.","article_publisher":"https:\/\/www.facebook.com\/SonoraEE\/","article_author":"https:\/\/www.facebook.com\/SonoraEE","article_published_time":"2023-09-06T23:36:36+00:00","og_image":[{"width":600,"height":400,"url":"https:\/\/www.sonoraenequipo.com.mx\/storage\/2023\/09\/hmo-cv.jpg","type":"image\/jpeg"}],"author":"enequipo","twitter_card":"summary_large_image","twitter_creator":"@sonoraenequipo","twitter_site":"@sonoraenequipo","twitter_misc":{"Escrito por":"enequipo","Tiempo de lectura":"5 minutos"},"schema":{"@context":"https:\/\/schema.org","@graph":[{"@type":"Article","@id":"https:\/\/www.sonoraenequipo.com.mx\/hermosillo-atraviesa-por-momento-critico-dice-a-c\/#article","isPartOf":{"@id":"https:\/\/www.sonoraenequipo.com.mx\/hermosillo-atraviesa-por-momento-critico-dice-a-c\/"},"author":{"name":"enequipo","@id":"https:\/\/www.sonoraenequipo.com.mx\/#\/schema\/person\/50102df0fb23a8fa9e8effad8fa81386"},"headline":"Hermosillo atraviesa por momento cr\u00edtico: dice A.C.","datePublished":"2023-09-06T23:36:36+00:00","mainEntityOfPage":{"@id":"https:\/\/www.sonoraenequipo.com.mx\/hermosillo-atraviesa-por-momento-critico-dice-a-c\/"},"wordCount":1100,"commentCount":0,"publisher":{"@id":"https:\/\/www.sonoraenequipo.com.mx\/#organization"},"image":{"@id":"https:\/\/www.sonoraenequipo.com.mx\/hermosillo-atraviesa-por-momento-critico-dice-a-c\/#primaryimage"},"thumbnailUrl":"https:\/\/www.sonoraenequipo.com.mx\/storage\/2023\/09\/hmo-cv.jpg","keywords":["HERMOSILLOC\u00d3MO VAMOS"],"articleSection":["PALABRAS Y N\u00daMEROS"],"inLanguage":"es","potentialAction":[{"@type":"CommentAction","name":"Comment","target":["https:\/\/www.sonoraenequipo.com.mx\/hermosillo-atraviesa-por-momento-critico-dice-a-c\/#respond"]}]},{"@type":"WebPage","@id":"https:\/\/www.sonoraenequipo.com.mx\/hermosillo-atraviesa-por-momento-critico-dice-a-c\/","url":"https:\/\/www.sonoraenequipo.com.mx\/hermosillo-atraviesa-por-momento-critico-dice-a-c\/","name":"Sonora en Equipo. Hermosillo atraviesa por momento cr\u00edtico: dice A.C. PALABRAS Y N\u00daMEROS","isPartOf":{"@id":"https:\/\/www.sonoraenequipo.com.mx\/#website"},"primaryImageOfPage":{"@id":"https:\/\/www.sonoraenequipo.com.mx\/hermosillo-atraviesa-por-momento-critico-dice-a-c\/#primaryimage"},"image":{"@id":"https:\/\/www.sonoraenequipo.com.mx\/hermosillo-atraviesa-por-momento-critico-dice-a-c\/#primaryimage"},"thumbnailUrl":"https:\/\/www.sonoraenequipo.com.mx\/storage\/2023\/09\/hmo-cv.jpg","datePublished":"2023-09-06T23:36:36+00:00","description":"HERMOSILLO, SONORA,MX.\u2500\u2500 \u00a0Durante la presentaci\u00f3n del Informe de Indicadores 2023, la asociaci\u00f3n civil Hermosillo \u00bfc\u00f3mo vamos? expuso los retos que vienen En Sonora en Equipo publicamos toda la informaci\u00f3n de Sonora, M\u00e9xico y el Mundo de manera oportuna y busca que la libertad de expresi\u00f3n sea real. Visita nuestro medio informativo publicado desde Hermosillo, Sonora. %","breadcrumb":{"@id":"https:\/\/www.sonoraenequipo.com.mx\/hermosillo-atraviesa-por-momento-critico-dice-a-c\/#breadcrumb"},"inLanguage":"es","potentialAction":[{"@type":"ReadAction","target":["https:\/\/www.sonoraenequipo.com.mx\/hermosillo-atraviesa-por-momento-critico-dice-a-c\/"]}]},{"@type":"ImageObject","inLanguage":"es","@id":"https:\/\/www.sonoraenequipo.com.mx\/hermosillo-atraviesa-por-momento-critico-dice-a-c\/#primaryimage","url":"https:\/\/www.sonoraenequipo.com.mx\/storage\/2023\/09\/hmo-cv.jpg","contentUrl":"https:\/\/www.sonoraenequipo.com.mx\/storage\/2023\/09\/hmo-cv.jpg","width":600,"height":400},{"@type":"BreadcrumbList","@id":"https:\/\/www.sonoraenequipo.com.mx\/hermosillo-atraviesa-por-momento-critico-dice-a-c\/#breadcrumb","itemListElement":[{"@type":"ListItem","position":1,"name":"Portada","item":"https:\/\/www.sonoraenequipo.com.mx\/"},{"@type":"ListItem","position":2,"name":"Hermosillo atraviesa por momento cr\u00edtico: dice A.C."}]},{"@type":"WebSite","@id":"https:\/\/www.sonoraenequipo.com.mx\/#website","url":"https:\/\/www.sonoraenequipo.com.mx\/","name":"Sonora en Equipo.","description":"Diario en l\u00ednea con Noticias desde Hermosillo, Sonora","publisher":{"@id":"https:\/\/www.sonoraenequipo.com.mx\/#organization"},"potentialAction":[{"@type":"SearchAction","target":{"@type":"EntryPoint","urlTemplate":"https:\/\/www.sonoraenequipo.com.mx\/?s={search_term_string}"},"query-input":{"@type":"PropertyValueSpecification","valueRequired":true,"valueName":"search_term_string"}}],"inLanguage":"es"},{"@type":"Organization","@id":"https:\/\/www.sonoraenequipo.com.mx\/#organization","name":"Sonoraenequipo.com.mx","url":"https:\/\/www.sonoraenequipo.com.mx\/","logo":{"@type":"ImageObject","inLanguage":"es","@id":"https:\/\/www.sonoraenequipo.com.mx\/#\/schema\/logo\/image\/","url":"https:\/\/www.sonoraenequipo.com.mx\/storage\/2019\/01\/sonoraenequipo_opt.png","contentUrl":"https:\/\/www.sonoraenequipo.com.mx\/storage\/2019\/01\/sonoraenequipo_opt.png","width":375,"height":125,"caption":"Sonoraenequipo.com.mx"},"image":{"@id":"https:\/\/www.sonoraenequipo.com.mx\/#\/schema\/logo\/image\/"},"sameAs":["https:\/\/www.facebook.com\/SonoraEE\/","https:\/\/x.com\/sonoraenequipo","https:\/\/www.youtube.com\/channel\/UC338nW-lPEYmJQs4ZABQ1SQ"]},{"@type":"Person","@id":"https:\/\/www.sonoraenequipo.com.mx\/#\/schema\/person\/50102df0fb23a8fa9e8effad8fa81386","name":"enequipo","image":{"@type":"ImageObject","inLanguage":"es","@id":"https:\/\/www.sonoraenequipo.com.mx\/#\/schema\/person\/image\/","url":"https:\/\/secure.gravatar.com\/avatar\/049821681b589dabc0bc20695993ccebb09f5b5d4d790cd9251b97faac7c652b?s=96&d=blank&r=g","contentUrl":"https:\/\/secure.gravatar.com\/avatar\/049821681b589dabc0bc20695993ccebb09f5b5d4d790cd9251b97faac7c652b?s=96&d=blank&r=g","caption":"enequipo"},"sameAs":["https:\/\/www.facebook.com\/SonoraEE"]}]}},"jetpack_featured_media_url":"https:\/\/www.sonoraenequipo.com.mx\/storage\/2023\/09\/hmo-cv.jpg","_links":{"self":[{"href":"https:\/\/www.sonoraenequipo.com.mx\/api\/wp\/v2\/posts\/174308","targetHints":{"allow":["GET"]}}],"collection":[{"href":"https:\/\/www.sonoraenequipo.com.mx\/api\/wp\/v2\/posts"}],"about":[{"href":"https:\/\/www.sonoraenequipo.com.mx\/api\/wp\/v2\/types\/post"}],"author":[{"embeddable":true,"href":"https:\/\/www.sonoraenequipo.com.mx\/api\/wp\/v2\/users\/1"}],"replies":[{"embeddable":true,"href":"https:\/\/www.sonoraenequipo.com.mx\/api\/wp\/v2\/comments?post=174308"}],"version-history":[{"count":1,"href":"https:\/\/www.sonoraenequipo.com.mx\/api\/wp\/v2\/posts\/174308\/revisions"}],"predecessor-version":[{"id":174310,"href":"https:\/\/www.sonoraenequipo.com.mx\/api\/wp\/v2\/posts\/174308\/revisions\/174310"}],"wp:featuredmedia":[{"embeddable":true,"href":"https:\/\/www.sonoraenequipo.com.mx\/api\/wp\/v2\/media\/174309"}],"wp:attachment":[{"href":"https:\/\/www.sonoraenequipo.com.mx\/api\/wp\/v2\/media?parent=174308"}],"wp:term":[{"taxonomy":"category","embeddable":true,"href":"https:\/\/www.sonoraenequipo.com.mx\/api\/wp\/v2\/categories?post=174308"},{"taxonomy":"post_tag","embeddable":true,"href":"https:\/\/www.sonoraenequipo.com.mx\/api\/wp\/v2\/tags?post=174308"}],"curies":[{"name":"wp","href":"https:\/\/api.w.org\/{rel}","templated":true}]}}