{"id":174354,"date":"2023-09-06T22:51:34","date_gmt":"2023-09-07T05:51:34","guid":{"rendered":"https:\/\/www.sonoraenequipo.com.mx\/?p=174354"},"modified":"2023-09-06T22:51:52","modified_gmt":"2023-09-07T05:51:52","slug":"la-suprema-corte-de-justicia-despenaliza-el-aborto-en-todo-mexico","status":"publish","type":"post","link":"https:\/\/www.sonoraenequipo.com.mx\/la-suprema-corte-de-justicia-despenaliza-el-aborto-en-todo-mexico\/","title":{"rendered":"La Suprema Corte de Justicia despenaliza el aborto en todo M\u00e9xico"},"content":{"rendered":"<p>&nbsp;<\/p>\n<p><strong>CIUDAD DE M\u00c9XICO.MX. \u2014<\/strong> La Suprema Corte de Justicia de M\u00e9xico despenaliz\u00f3 el mi\u00e9rcoles el aborto en todo el pa\u00eds en una decisi\u00f3n hist\u00f3rica que impedir\u00e1 que cualquier mujer vaya a la c\u00e1rcel por interrumpir su embarazo.<\/p>\n<p>&nbsp;<\/p>\n<p> <\/p>\n<p>Los ministros de la Corte aprobaron por unanimidad un amparo promovido por una organizaci\u00f3n civil que anula el apartado del C\u00f3digo Penal Federal que criminalizaba el aborto.<\/p>\n<p>&nbsp;<\/p>\n<p>El m\u00e1ximo tribunal dijo en su cuenta de la red social X que resolvi\u00f3 que \u00abes inconstitucional el sistema jur\u00eddico que penaliza el aborto en el C\u00f3digo Penal Federal, ya que viola los derechos humanos de las mujeres y personas con capacidad de gestar\u00bb.<\/p>\n<p>&nbsp;<\/p>\n<p>La acci\u00f3n fue presentada por el Grupo de Informaci\u00f3n en Reproducci\u00f3n Elegida (GIRE) que indic\u00f3 tambi\u00e9n en su cuenta de X que gracias a esa decisi\u00f3n se podr\u00e1 acceder a los servicios de aborto en todos los centros de salud estatales de M\u00e9xico.<\/p>\n<p>&nbsp;<\/p>\n<p>Hace dos a\u00f1os, la Suprema Corte de Justicia hab\u00eda anulado varios art\u00edculos de una ley del estado norte\u00f1o de Coahuila en los que se consideraba delito abortar y se criminaliza tanto a las mujeres como al personal que pudiera ayudarlas, lo que represent\u00f3 un gran avance en la lucha de las mexicanas por descriminalizar el aborto.<\/p>\n<p>&nbsp;<\/p>\n<p>La semana pasada un nuevo estado mexicano, Aguascalientes, se incorporaba a la lista de entidades en despenalizar el aborto, tambi\u00e9n por un pronunciamiento de la Suprema Corte. Eran 12 de 22.<\/p>\n<p>&nbsp;<\/p>\n<p>La decisi\u00f3n llega en medio de una tendencia en Am\u00e9rica Latina en general en avanzar a favor del aborto pero cuando varios estados de Estados Unidos caminan justo en sentido contrario, aumentando las restricciones.<\/p>\n<p>&nbsp;<\/p>\n<p>El primer estado mexicano en despenalizar y legislar sobre el derecho al aborto fue Ciudad de M\u00e9xico hace 15 a\u00f1os. Le sigui\u00f3 Oaxaca en 2019. A partir de 2021, el goteo de cambios legales ha sido continuo y actualmente tambi\u00e9n est\u00e1 despenalizado en Veracruz, Hidalgo, Baja California, Colima, Sinaloa, Guerrero, Baja California Sur y Quintana Roo.<\/p>\n<p>&nbsp;<\/p>\n<p>No obstante, en un pa\u00eds donde la Iglesia Cat\u00f3lica tiene importante influencia todav\u00eda en muchos lugares donde se despenaliz\u00f3 existen problemas para poder acceder a un aborto.<\/p>\n<p>&nbsp;<\/p>\n<p>PUBLICADO EL 06 SEPTIEMBRE DE 2023\/ Con informaci\u00f3n de EFE)<\/p>\n","protected":false},"excerpt":{"rendered":"<p>&nbsp; CIUDAD DE M\u00c9XICO.MX. \u2014 La Suprema Corte de Justicia de M\u00e9xico despenaliz\u00f3 el mi\u00e9rcoles&#8230;<\/p>\n","protected":false},"author":1,"featured_media":174343,"comment_status":"open","ping_status":"open","sticky":false,"template":"","format":"standard","meta":{"_monsterinsights_skip_tracking":false,"_monsterinsights_sitenote_active":false,"_monsterinsights_sitenote_note":"","_monsterinsights_sitenote_category":0,"footnotes":""},"categories":[5],"tags":[],"class_list":["post"],"yoast_head":" \n<title>Sonora en Equipo. La Suprema Corte de Justicia despenaliza el aborto en todo M\u00e9xico Rep\u00fablica<\/title>\n<meta name=\"description\" content=\"&nbsp; CIUDAD DE M\u00c9XICO.MX. \u2014 La Suprema Corte de Justicia de M\u00e9xico despenaliz\u00f3 el mi\u00e9rcoles el aborto en todo el pa\u00eds en una decisi\u00f3n hist\u00f3rica que En Sonora en Equipo publicamos toda la informaci\u00f3n de Sonora, M\u00e9xico y el Mundo de manera oportuna y busca que la libertad de expresi\u00f3n sea real. Visita nuestro medio informativo publicado desde Hermosillo, Sonora. %\" \/>\n<meta name=\"robots\" content=\"index, follow, max-snippet:-1, max-image-preview:large, max-video-preview:-1\" \/>\n<link rel=\"canonical\" href=\"https:\/\/www.sonoraenequipo.com.mx\/la-suprema-corte-de-justicia-despenaliza-el-aborto-en-todo-mexico\/\" \/>\n<meta property=\"og:locale\" content=\"es_ES\" \/>\n<meta property=\"og:type\" content=\"article\" \/>\n<meta property=\"og:title\" content=\"Sonora en Equipo. La Suprema Corte de Justicia despenaliza el aborto en todo M\u00e9xico Rep\u00fablica\" \/>\n<meta property=\"og:description\" content=\"&nbsp; CIUDAD DE M\u00c9XICO.MX. \u2014 La Suprema Corte de Justicia de M\u00e9xico despenaliz\u00f3 el mi\u00e9rcoles el aborto en todo el pa\u00eds en una decisi\u00f3n hist\u00f3rica que En Sonora en Equipo publicamos toda la informaci\u00f3n de Sonora, M\u00e9xico y el Mundo de manera oportuna y busca que la libertad de expresi\u00f3n sea real. Visita nuestro medio informativo publicado desde Hermosillo, Sonora. %\" \/>\n<meta property=\"og:url\" content=\"https:\/\/www.sonoraenequipo.com.mx\/la-suprema-corte-de-justicia-despenaliza-el-aborto-en-todo-mexico\/\" \/>\n<meta property=\"og:site_name\" content=\"Sonora en Equipo.\" \/>\n<meta property=\"article:publisher\" content=\"https:\/\/www.facebook.com\/SonoraEE\/\" \/>\n<meta property=\"article:author\" content=\"https:\/\/www.facebook.com\/SonoraEE\" \/>\n<meta property=\"article:published_time\" content=\"2023-09-07T05:51:34+00:00\" \/>\n<meta property=\"article:modified_time\" content=\"2023-09-07T05:51:52+00:00\" \/>\n<meta property=\"og:image\" content=\"https:\/\/www.sonoraenequipo.com.mx\/storage\/2023\/09\/Despenalizan-el-aborto-en-Mexico-min.jpg\" \/>\n\t<meta property=\"og:image:width\" content=\"840\" \/>\n\t<meta property=\"og:image:height\" content=\"600\" \/>\n\t<meta property=\"og:image:type\" content=\"image\/jpeg\" \/>\n<meta name=\"author\" content=\"enequipo\" \/>\n<meta name=\"twitter:card\" content=\"summary_large_image\" \/>\n<meta name=\"twitter:creator\" content=\"@sonoraenequipo\" \/>\n<meta name=\"twitter:site\" content=\"@sonoraenequipo\" \/>\n<meta name=\"twitter:label1\" content=\"Escrito por\" \/>\n\t<meta name=\"twitter:data1\" content=\"enequipo\" \/>\n\t<meta name=\"twitter:label2\" content=\"Tiempo de lectura\" \/>\n\t<meta name=\"twitter:data2\" content=\"2 minutos\" \/>\n<script type=\"application\/ld+json\" class=\"yoast-schema-graph\">{\"@context\":\"https:\/\/schema.org\",\"@graph\":[{\"@type\":\"Article\",\"@id\":\"https:\/\/www.sonoraenequipo.com.mx\/la-suprema-corte-de-justicia-despenaliza-el-aborto-en-todo-mexico\/#article\",\"isPartOf\":{\"@id\":\"https:\/\/www.sonoraenequipo.com.mx\/la-suprema-corte-de-justicia-despenaliza-el-aborto-en-todo-mexico\/\"},\"author\":{\"name\":\"enequipo\",\"@id\":\"https:\/\/www.sonoraenequipo.com.mx\/#\/schema\/person\/50102df0fb23a8fa9e8effad8fa81386\"},\"headline\":\"La Suprema Corte de Justicia despenaliza el aborto en todo M\u00e9xico\",\"datePublished\":\"2023-09-07T05:51:34+00:00\",\"dateModified\":\"2023-09-07T05:51:52+00:00\",\"mainEntityOfPage\":{\"@id\":\"https:\/\/www.sonoraenequipo.com.mx\/la-suprema-corte-de-justicia-despenaliza-el-aborto-en-todo-mexico\/\"},\"wordCount\":412,\"commentCount\":0,\"publisher\":{\"@id\":\"https:\/\/www.sonoraenequipo.com.mx\/#organization\"},\"image\":{\"@id\":\"https:\/\/www.sonoraenequipo.com.mx\/la-suprema-corte-de-justicia-despenaliza-el-aborto-en-todo-mexico\/#primaryimage\"},\"thumbnailUrl\":\"https:\/\/www.sonoraenequipo.com.mx\/storage\/2023\/09\/Despenalizan-el-aborto-en-Mexico-min.jpg\",\"articleSection\":[\"Rep\u00fablica\"],\"inLanguage\":\"es\",\"potentialAction\":[{\"@type\":\"CommentAction\",\"name\":\"Comment\",\"target\":[\"https:\/\/www.sonoraenequipo.com.mx\/la-suprema-corte-de-justicia-despenaliza-el-aborto-en-todo-mexico\/#respond\"]}]},{\"@type\":\"WebPage\",\"@id\":\"https:\/\/www.sonoraenequipo.com.mx\/la-suprema-corte-de-justicia-despenaliza-el-aborto-en-todo-mexico\/\",\"url\":\"https:\/\/www.sonoraenequipo.com.mx\/la-suprema-corte-de-justicia-despenaliza-el-aborto-en-todo-mexico\/\",\"name\":\"Sonora en Equipo. La Suprema Corte de Justicia despenaliza el aborto en todo M\u00e9xico Rep\u00fablica\",\"isPartOf\":{\"@id\":\"https:\/\/www.sonoraenequipo.com.mx\/#website\"},\"primaryImageOfPage\":{\"@id\":\"https:\/\/www.sonoraenequipo.com.mx\/la-suprema-corte-de-justicia-despenaliza-el-aborto-en-todo-mexico\/#primaryimage\"},\"image\":{\"@id\":\"https:\/\/www.sonoraenequipo.com.mx\/la-suprema-corte-de-justicia-despenaliza-el-aborto-en-todo-mexico\/#primaryimage\"},\"thumbnailUrl\":\"https:\/\/www.sonoraenequipo.com.mx\/storage\/2023\/09\/Despenalizan-el-aborto-en-Mexico-min.jpg\",\"datePublished\":\"2023-09-07T05:51:34+00:00\",\"dateModified\":\"2023-09-07T05:51:52+00:00\",\"description\":\"&nbsp; CIUDAD DE M\u00c9XICO.MX. \u2014 La Suprema Corte de Justicia de M\u00e9xico despenaliz\u00f3 el mi\u00e9rcoles el aborto en todo el pa\u00eds en una decisi\u00f3n hist\u00f3rica que En Sonora en Equipo publicamos toda la informaci\u00f3n de Sonora, M\u00e9xico y el Mundo de manera oportuna y busca que la libertad de expresi\u00f3n sea real. Visita nuestro medio informativo publicado desde Hermosillo, Sonora. %\",\"breadcrumb\":{\"@id\":\"https:\/\/www.sonoraenequipo.com.mx\/la-suprema-corte-de-justicia-despenaliza-el-aborto-en-todo-mexico\/#breadcrumb\"},\"inLanguage\":\"es\",\"potentialAction\":[{\"@type\":\"ReadAction\",\"target\":[\"https:\/\/www.sonoraenequipo.com.mx\/la-suprema-corte-de-justicia-despenaliza-el-aborto-en-todo-mexico\/\"]}]},{\"@type\":\"ImageObject\",\"inLanguage\":\"es\",\"@id\":\"https:\/\/www.sonoraenequipo.com.mx\/la-suprema-corte-de-justicia-despenaliza-el-aborto-en-todo-mexico\/#primaryimage\",\"url\":\"https:\/\/www.sonoraenequipo.com.mx\/storage\/2023\/09\/Despenalizan-el-aborto-en-Mexico-min.jpg\",\"contentUrl\":\"https:\/\/www.sonoraenequipo.com.mx\/storage\/2023\/09\/Despenalizan-el-aborto-en-Mexico-min.jpg\",\"width\":840,\"height\":600},{\"@type\":\"BreadcrumbList\",\"@id\":\"https:\/\/www.sonoraenequipo.com.mx\/la-suprema-corte-de-justicia-despenaliza-el-aborto-en-todo-mexico\/#breadcrumb\",\"itemListElement\":[{\"@type\":\"ListItem\",\"position\":1,\"name\":\"Portada\",\"item\":\"https:\/\/www.sonoraenequipo.com.mx\/\"},{\"@type\":\"ListItem\",\"position\":2,\"name\":\"La Suprema Corte de Justicia despenaliza el aborto en todo M\u00e9xico\"}]},{\"@type\":\"WebSite\",\"@id\":\"https:\/\/www.sonoraenequipo.com.mx\/#website\",\"url\":\"https:\/\/www.sonoraenequipo.com.mx\/\",\"name\":\"Sonora en Equipo.\",\"description\":\"Diario en l\u00ednea con Noticias desde Hermosillo, Sonora\",\"publisher\":{\"@id\":\"https:\/\/www.sonoraenequipo.com.mx\/#organization\"},\"potentialAction\":[{\"@type\":\"SearchAction\",\"target\":{\"@type\":\"EntryPoint\",\"urlTemplate\":\"https:\/\/www.sonoraenequipo.com.mx\/?s={search_term_string}\"},\"query-input\":{\"@type\":\"PropertyValueSpecification\",\"valueRequired\":true,\"valueName\":\"search_term_string\"}}],\"inLanguage\":\"es\"},{\"@type\":\"Organization\",\"@id\":\"https:\/\/www.sonoraenequipo.com.mx\/#organization\",\"name\":\"Sonoraenequipo.com.mx\",\"url\":\"https:\/\/www.sonoraenequipo.com.mx\/\",\"logo\":{\"@type\":\"ImageObject\",\"inLanguage\":\"es\",\"@id\":\"https:\/\/www.sonoraenequipo.com.mx\/#\/schema\/logo\/image\/\",\"url\":\"https:\/\/www.sonoraenequipo.com.mx\/storage\/2019\/01\/sonoraenequipo_opt.png\",\"contentUrl\":\"https:\/\/www.sonoraenequipo.com.mx\/storage\/2019\/01\/sonoraenequipo_opt.png\",\"width\":375,\"height\":125,\"caption\":\"Sonoraenequipo.com.mx\"},\"image\":{\"@id\":\"https:\/\/www.sonoraenequipo.com.mx\/#\/schema\/logo\/image\/\"},\"sameAs\":[\"https:\/\/www.facebook.com\/SonoraEE\/\",\"https:\/\/x.com\/sonoraenequipo\",\"https:\/\/www.youtube.com\/channel\/UC338nW-lPEYmJQs4ZABQ1SQ\"]},{\"@type\":\"Person\",\"@id\":\"https:\/\/www.sonoraenequipo.com.mx\/#\/schema\/person\/50102df0fb23a8fa9e8effad8fa81386\",\"name\":\"enequipo\",\"image\":{\"@type\":\"ImageObject\",\"inLanguage\":\"es\",\"@id\":\"https:\/\/www.sonoraenequipo.com.mx\/#\/schema\/person\/image\/\",\"url\":\"https:\/\/secure.gravatar.com\/avatar\/049821681b589dabc0bc20695993ccebb09f5b5d4d790cd9251b97faac7c652b?s=96&d=blank&r=g\",\"contentUrl\":\"https:\/\/secure.gravatar.com\/avatar\/049821681b589dabc0bc20695993ccebb09f5b5d4d790cd9251b97faac7c652b?s=96&d=blank&r=g\",\"caption\":\"enequipo\"},\"sameAs\":[\"https:\/\/www.facebook.com\/SonoraEE\"]}]}<\/script>\n ","yoast_head_json":{"title":"Sonora en Equipo. La Suprema Corte de Justicia despenaliza el aborto en todo M\u00e9xico Rep\u00fablica","description":"&nbsp; CIUDAD DE M\u00c9XICO.MX. \u2014 La Suprema Corte de Justicia de M\u00e9xico despenaliz\u00f3 el mi\u00e9rcoles el aborto en todo el pa\u00eds en una decisi\u00f3n hist\u00f3rica que En Sonora en Equipo publicamos toda la informaci\u00f3n de Sonora, M\u00e9xico y el Mundo de manera oportuna y busca que la libertad de expresi\u00f3n sea real. Visita nuestro medio informativo publicado desde Hermosillo, Sonora. %","robots":{"index":"index","follow":"follow","max-snippet":"max-snippet:-1","max-image-preview":"max-image-preview:large","max-video-preview":"max-video-preview:-1"},"canonical":"https:\/\/www.sonoraenequipo.com.mx\/la-suprema-corte-de-justicia-despenaliza-el-aborto-en-todo-mexico\/","og_locale":"es_ES","og_type":"article","og_title":"Sonora en Equipo. La Suprema Corte de Justicia despenaliza el aborto en todo M\u00e9xico Rep\u00fablica","og_description":"&nbsp; CIUDAD DE M\u00c9XICO.MX. \u2014 La Suprema Corte de Justicia de M\u00e9xico despenaliz\u00f3 el mi\u00e9rcoles el aborto en todo el pa\u00eds en una decisi\u00f3n hist\u00f3rica que En Sonora en Equipo publicamos toda la informaci\u00f3n de Sonora, M\u00e9xico y el Mundo de manera oportuna y busca que la libertad de expresi\u00f3n sea real. Visita nuestro medio informativo publicado desde Hermosillo, Sonora. %","og_url":"https:\/\/www.sonoraenequipo.com.mx\/la-suprema-corte-de-justicia-despenaliza-el-aborto-en-todo-mexico\/","og_site_name":"Sonora en Equipo.","article_publisher":"https:\/\/www.facebook.com\/SonoraEE\/","article_author":"https:\/\/www.facebook.com\/SonoraEE","article_published_time":"2023-09-07T05:51:34+00:00","article_modified_time":"2023-09-07T05:51:52+00:00","og_image":[{"width":840,"height":600,"url":"https:\/\/www.sonoraenequipo.com.mx\/storage\/2023\/09\/Despenalizan-el-aborto-en-Mexico-min.jpg","type":"image\/jpeg"}],"author":"enequipo","twitter_card":"summary_large_image","twitter_creator":"@sonoraenequipo","twitter_site":"@sonoraenequipo","twitter_misc":{"Escrito por":"enequipo","Tiempo de lectura":"2 minutos"},"schema":{"@context":"https:\/\/schema.org","@graph":[{"@type":"Article","@id":"https:\/\/www.sonoraenequipo.com.mx\/la-suprema-corte-de-justicia-despenaliza-el-aborto-en-todo-mexico\/#article","isPartOf":{"@id":"https:\/\/www.sonoraenequipo.com.mx\/la-suprema-corte-de-justicia-despenaliza-el-aborto-en-todo-mexico\/"},"author":{"name":"enequipo","@id":"https:\/\/www.sonoraenequipo.com.mx\/#\/schema\/person\/50102df0fb23a8fa9e8effad8fa81386"},"headline":"La Suprema Corte de Justicia despenaliza el aborto en todo M\u00e9xico","datePublished":"2023-09-07T05:51:34+00:00","dateModified":"2023-09-07T05:51:52+00:00","mainEntityOfPage":{"@id":"https:\/\/www.sonoraenequipo.com.mx\/la-suprema-corte-de-justicia-despenaliza-el-aborto-en-todo-mexico\/"},"wordCount":412,"commentCount":0,"publisher":{"@id":"https:\/\/www.sonoraenequipo.com.mx\/#organization"},"image":{"@id":"https:\/\/www.sonoraenequipo.com.mx\/la-suprema-corte-de-justicia-despenaliza-el-aborto-en-todo-mexico\/#primaryimage"},"thumbnailUrl":"https:\/\/www.sonoraenequipo.com.mx\/storage\/2023\/09\/Despenalizan-el-aborto-en-Mexico-min.jpg","articleSection":["Rep\u00fablica"],"inLanguage":"es","potentialAction":[{"@type":"CommentAction","name":"Comment","target":["https:\/\/www.sonoraenequipo.com.mx\/la-suprema-corte-de-justicia-despenaliza-el-aborto-en-todo-mexico\/#respond"]}]},{"@type":"WebPage","@id":"https:\/\/www.sonoraenequipo.com.mx\/la-suprema-corte-de-justicia-despenaliza-el-aborto-en-todo-mexico\/","url":"https:\/\/www.sonoraenequipo.com.mx\/la-suprema-corte-de-justicia-despenaliza-el-aborto-en-todo-mexico\/","name":"Sonora en Equipo. La Suprema Corte de Justicia despenaliza el aborto en todo M\u00e9xico Rep\u00fablica","isPartOf":{"@id":"https:\/\/www.sonoraenequipo.com.mx\/#website"},"primaryImageOfPage":{"@id":"https:\/\/www.sonoraenequipo.com.mx\/la-suprema-corte-de-justicia-despenaliza-el-aborto-en-todo-mexico\/#primaryimage"},"image":{"@id":"https:\/\/www.sonoraenequipo.com.mx\/la-suprema-corte-de-justicia-despenaliza-el-aborto-en-todo-mexico\/#primaryimage"},"thumbnailUrl":"https:\/\/www.sonoraenequipo.com.mx\/storage\/2023\/09\/Despenalizan-el-aborto-en-Mexico-min.jpg","datePublished":"2023-09-07T05:51:34+00:00","dateModified":"2023-09-07T05:51:52+00:00","description":"&nbsp; CIUDAD DE M\u00c9XICO.MX. \u2014 La Suprema Corte de Justicia de M\u00e9xico despenaliz\u00f3 el mi\u00e9rcoles el aborto en todo el pa\u00eds en una decisi\u00f3n hist\u00f3rica que En Sonora en Equipo publicamos toda la informaci\u00f3n de Sonora, M\u00e9xico y el Mundo de manera oportuna y busca que la libertad de expresi\u00f3n sea real. Visita nuestro medio informativo publicado desde Hermosillo, Sonora. %","breadcrumb":{"@id":"https:\/\/www.sonoraenequipo.com.mx\/la-suprema-corte-de-justicia-despenaliza-el-aborto-en-todo-mexico\/#breadcrumb"},"inLanguage":"es","potentialAction":[{"@type":"ReadAction","target":["https:\/\/www.sonoraenequipo.com.mx\/la-suprema-corte-de-justicia-despenaliza-el-aborto-en-todo-mexico\/"]}]},{"@type":"ImageObject","inLanguage":"es","@id":"https:\/\/www.sonoraenequipo.com.mx\/la-suprema-corte-de-justicia-despenaliza-el-aborto-en-todo-mexico\/#primaryimage","url":"https:\/\/www.sonoraenequipo.com.mx\/storage\/2023\/09\/Despenalizan-el-aborto-en-Mexico-min.jpg","contentUrl":"https:\/\/www.sonoraenequipo.com.mx\/storage\/2023\/09\/Despenalizan-el-aborto-en-Mexico-min.jpg","width":840,"height":600},{"@type":"BreadcrumbList","@id":"https:\/\/www.sonoraenequipo.com.mx\/la-suprema-corte-de-justicia-despenaliza-el-aborto-en-todo-mexico\/#breadcrumb","itemListElement":[{"@type":"ListItem","position":1,"name":"Portada","item":"https:\/\/www.sonoraenequipo.com.mx\/"},{"@type":"ListItem","position":2,"name":"La Suprema Corte de Justicia despenaliza el aborto en todo M\u00e9xico"}]},{"@type":"WebSite","@id":"https:\/\/www.sonoraenequipo.com.mx\/#website","url":"https:\/\/www.sonoraenequipo.com.mx\/","name":"Sonora en Equipo.","description":"Diario en l\u00ednea con Noticias desde Hermosillo, Sonora","publisher":{"@id":"https:\/\/www.sonoraenequipo.com.mx\/#organization"},"potentialAction":[{"@type":"SearchAction","target":{"@type":"EntryPoint","urlTemplate":"https:\/\/www.sonoraenequipo.com.mx\/?s={search_term_string}"},"query-input":{"@type":"PropertyValueSpecification","valueRequired":true,"valueName":"search_term_string"}}],"inLanguage":"es"},{"@type":"Organization","@id":"https:\/\/www.sonoraenequipo.com.mx\/#organization","name":"Sonoraenequipo.com.mx","url":"https:\/\/www.sonoraenequipo.com.mx\/","logo":{"@type":"ImageObject","inLanguage":"es","@id":"https:\/\/www.sonoraenequipo.com.mx\/#\/schema\/logo\/image\/","url":"https:\/\/www.sonoraenequipo.com.mx\/storage\/2019\/01\/sonoraenequipo_opt.png","contentUrl":"https:\/\/www.sonoraenequipo.com.mx\/storage\/2019\/01\/sonoraenequipo_opt.png","width":375,"height":125,"caption":"Sonoraenequipo.com.mx"},"image":{"@id":"https:\/\/www.sonoraenequipo.com.mx\/#\/schema\/logo\/image\/"},"sameAs":["https:\/\/www.facebook.com\/SonoraEE\/","https:\/\/x.com\/sonoraenequipo","https:\/\/www.youtube.com\/channel\/UC338nW-lPEYmJQs4ZABQ1SQ"]},{"@type":"Person","@id":"https:\/\/www.sonoraenequipo.com.mx\/#\/schema\/person\/50102df0fb23a8fa9e8effad8fa81386","name":"enequipo","image":{"@type":"ImageObject","inLanguage":"es","@id":"https:\/\/www.sonoraenequipo.com.mx\/#\/schema\/person\/image\/","url":"https:\/\/secure.gravatar.com\/avatar\/049821681b589dabc0bc20695993ccebb09f5b5d4d790cd9251b97faac7c652b?s=96&d=blank&r=g","contentUrl":"https:\/\/secure.gravatar.com\/avatar\/049821681b589dabc0bc20695993ccebb09f5b5d4d790cd9251b97faac7c652b?s=96&d=blank&r=g","caption":"enequipo"},"sameAs":["https:\/\/www.facebook.com\/SonoraEE"]}]}},"jetpack_featured_media_url":"https:\/\/www.sonoraenequipo.com.mx\/storage\/2023\/09\/Despenalizan-el-aborto-en-Mexico-min.jpg","_links":{"self":[{"href":"https:\/\/www.sonoraenequipo.com.mx\/api\/wp\/v2\/posts\/174354","targetHints":{"allow":["GET"]}}],"collection":[{"href":"https:\/\/www.sonoraenequipo.com.mx\/api\/wp\/v2\/posts"}],"about":[{"href":"https:\/\/www.sonoraenequipo.com.mx\/api\/wp\/v2\/types\/post"}],"author":[{"embeddable":true,"href":"https:\/\/www.sonoraenequipo.com.mx\/api\/wp\/v2\/users\/1"}],"replies":[{"embeddable":true,"href":"https:\/\/www.sonoraenequipo.com.mx\/api\/wp\/v2\/comments?post=174354"}],"version-history":[{"count":1,"href":"https:\/\/www.sonoraenequipo.com.mx\/api\/wp\/v2\/posts\/174354\/revisions"}],"predecessor-version":[{"id":174355,"href":"https:\/\/www.sonoraenequipo.com.mx\/api\/wp\/v2\/posts\/174354\/revisions\/174355"}],"wp:featuredmedia":[{"embeddable":true,"href":"https:\/\/www.sonoraenequipo.com.mx\/api\/wp\/v2\/media\/174343"}],"wp:attachment":[{"href":"https:\/\/www.sonoraenequipo.com.mx\/api\/wp\/v2\/media?parent=174354"}],"wp:term":[{"taxonomy":"category","embeddable":true,"href":"https:\/\/www.sonoraenequipo.com.mx\/api\/wp\/v2\/categories?post=174354"},{"taxonomy":"post_tag","embeddable":true,"href":"https:\/\/www.sonoraenequipo.com.mx\/api\/wp\/v2\/tags?post=174354"}],"curies":[{"name":"wp","href":"https:\/\/api.w.org\/{rel}","templated":true}]}}