{"id":174361,"date":"2023-09-06T23:49:39","date_gmt":"2023-09-07T06:49:39","guid":{"rendered":"https:\/\/www.sonoraenequipo.com.mx\/?p=174361"},"modified":"2023-09-07T12:11:41","modified_gmt":"2023-09-07T19:11:41","slug":"una-nueva-ola-migratoria-enciende-alertas-en-ciudad-juarez","status":"publish","type":"post","link":"https:\/\/www.sonoraenequipo.com.mx\/una-nueva-ola-migratoria-enciende-alertas-en-ciudad-juarez\/","title":{"rendered":"Una nueva ola migratoria enciende alertas en Ciudad Ju\u00e1rez"},"content":{"rendered":"<p><strong>CIUDAD JU\u00c1REZ, CHIHUAHUA. MX. \u2014<\/strong> La frontera de M\u00e9xico con Estados Unidos vive una nueva oleada migratoria con m\u00e1s de 1,000 migrantes en Ciudad Ju\u00e1rez que viven en la calle, lo que los hace vulnerables al secuestro y otros delitos del crimen organizado, seg\u00fan alertan autoridades y activistas.<\/p>\n<p>&nbsp;<\/p>\n<p> <\/p>\n<p>Francisco Bueno, director de la Casa del Migrante, afirm\u00f3 a los medios que estiman entre 1,000 y 1,100 migrantes que ahora viven en espacios p\u00fablicos y en construcciones abandonadas o en ruinas.<\/p>\n<p>&nbsp;<\/p>\n<p>&nbsp;<\/p>\n<p>Santiago Gonz\u00e1lez Reyes, director de Derechos Humanos del Municipio de Ju\u00e1rez, indic\u00f3 que muchas de estas personas saturan parques, ruinas y tapias, donde sobreviven sin ning\u00fan servicio porque no quieren quedarse en albergues y tampoco tienen para alquilar una vivienda.<\/p>\n<p>&nbsp;<\/p>\n<p>El Gobierno municipal inici\u00f3 operativos el fin de semana para sacarlos de las construcciones riesgosas y los parques, y a cambio les ofrece que se refugien en los albergues oficiales.<\/p>\n<p>&nbsp;<\/p>\n<p><strong><em>\u201cLas personas en movilidad son personas en condici\u00f3n de vulnerabilidad, eso las expone al crimen organizado, por eso vamos a invitarlos a lugares seguros como son el albergue municipal\u201d,<\/em><\/strong> dijo el funcionario p\u00fablico a EFE.<\/p>\n<p>&nbsp;<\/p>\n<h3>Entre alertas por el crimen y migraci\u00f3n<\/h3>\n<p>El alcalde de la ciudad, Cruz P\u00e9rez Cu\u00e9llar, hizo esta semana una petici\u00f3n urgente de ayuda al Gobierno federal y al del estado de Chihuahua para que ayuden a gestionar la llegada de migrantes a la urbe, fronteriza con El Paso, Texas.<\/p>\n<p>&nbsp;<\/p>\n<p>Adem\u00e1s, el presidente municipal advirti\u00f3 la semana pasada que una racha de asesinatos, con 24 homicidios en 48 horas, ocurri\u00f3 porque el crimen organizado est\u00e1 luchando por el control del tr\u00e1fico de personas.<\/p>\n<p>&nbsp;<\/p>\n<p>En este contexto, llegaron a Ciudad Ju\u00e1rez m\u00e1s de 400 militares de un grupo \u00e9lite para combatir la violencia.<\/p>\n<p>&nbsp;<\/p>\n<p>Reyes Gonz\u00e1lez expuso que en los \u00faltimos d\u00edas hubo una llegada masiva de migrantes por tren, principalmente hombres solos, lo que convierte de nuevo a Ju\u00e1rez en epicentro de la migraci\u00f3n entre M\u00e9xico y Estados Unidos.<\/p>\n<p>&nbsp;<\/p>\n<p><strong><em>\u201cEstamos recorriendo los espacios que est\u00e1n habitando (los migrantes) para que no enfrenten riesgos en tapias y espacios p\u00fablicos que no tienen las condiciones necesarias para garantizar la seguridad, tanto sanitaria como f\u00edsica de las personas\u201d,<\/em> <\/strong>dijo el funcionario.<\/p>\n<p>&nbsp;<\/p>\n<p>Agreg\u00f3 que, si los lugares no son habitables, los funcionarios piden a los migrantes que vayan al albergue municipal Kiki Romero, a 10 kil\u00f3metros del puente internacional m\u00e1s cercano.<\/p>\n<p>&nbsp;<\/p>\n<p><strong><em>\u201cLo que vimos es que no hay infraestructura sanitaria, las personas est\u00e1n realizando sus necesidades ah\u00ed donde habitan, van acumulando basura, en algunos hay ni\u00f1os, hacen paredes con cobijas lo que puede generar un incendio, y el riesgo es que pierdan la vida\u201d<\/em><\/strong>, a\u00f1adi\u00f3.<\/p>\n<p>&nbsp;<\/p>\n<h3>\nREPUNTE MIGRATORIO<\/h3>\n<p>&nbsp;<\/p>\n<p>La situaci\u00f3n en la frontera refleja el repunte del flujo migratorio por M\u00e9xico tras la ca\u00edda inicial que provoc\u00f3 en mayo pasado la expiraci\u00f3n del T\u00edtulo 42 de Estados Unidos, seg\u00fan reconoci\u00f3 el mes pasado el presidente, Andr\u00e9s Manuel L\u00f3pez Obrador.<\/p>\n<p>&nbsp;<\/p>\n<p>En medio de este incremento, migrantes como la venezolana Darly denuncian que son presa del crimen organizado.<\/p>\n<p>&nbsp;<\/p>\n<p><em><strong>\u201cHemos sido v\u00edctimas de robo, muchas personas no salen a la calle por temor a lo que les pueda suceder, s\u00ed hay mucho temor en la mayor\u00eda de los migrantes\u00bb<\/strong><\/em>, cont\u00f3 Darly, quien tiene 35 a\u00f1os y lleg\u00f3 hace tres semanas a Ju\u00e1rez, donde ahora vende empanadas.<\/p>\n<p>&nbsp;<\/p>\n<p><em><strong>\u00abSe dice que los est\u00e1n secuestrando para pedir un rescate, no tenemos c\u00f3mo dar una recompensa o qui\u00e9n d\u00e9 una recompensa por ninguno de nosotros. No tiene ning\u00fan sentido\u201d<\/strong><\/em>, lament\u00f3.<\/p>\n<p>&nbsp;<\/p>\n<p>Las autoridades y activistas estiman que la cifra de migrantes en la ciudad podr\u00eda rondar los 8,000, mientras que los que reci\u00e9n llegan se\u00f1alan que est\u00e1n viniendo en grupos con cientos y hasta miles de personas.<\/p>\n<p>&nbsp;<\/p>\n<p><em><strong>\u201cHay muchos migrantes, as\u00ed como venimos llegando nosotros son miles y miles que vienen llegando diarios, venimos en el tren y hab\u00eda m\u00e1s de 3.000 personas, creo yo\u201d,<\/strong> <\/em>dijo el venez-olano Luis Gonz\u00e1lez, de 24 a\u00f1os.<\/p>\n<p>&nbsp;<\/p>\n<p>&nbsp;<\/p>\n<p>PUBLICADO EL 06 SEPTIEMBRE DE 2023\/ Con informaci\u00f3n de EE)<\/p>\n","protected":false},"excerpt":{"rendered":"<p>CIUDAD JU\u00c1REZ, CHIHUAHUA. MX. \u2014 La frontera de M\u00e9xico con Estados Unidos vive una nueva&#8230;<\/p>\n","protected":false},"author":1,"featured_media":174345,"comment_status":"open","ping_status":"open","sticky":false,"template":"","format":"standard","meta":{"_monsterinsights_skip_tracking":false,"_monsterinsights_sitenote_active":false,"_monsterinsights_sitenote_note":"","_monsterinsights_sitenote_category":0,"footnotes":""},"categories":[5],"tags":[],"class_list":["post"],"yoast_head":" \n<title>Sonora en Equipo. Una nueva ola migratoria enciende alertas en Ciudad Ju\u00e1rez Rep\u00fablica<\/title>\n<meta name=\"description\" content=\"CIUDAD JU\u00c1REZ, CHIHUAHUA. MX. \u2014 La frontera de M\u00e9xico con Estados Unidos vive una nueva oleada migratoria con m\u00e1s de 1,000 migrantes en Ciudad Ju\u00e1rez que En Sonora en Equipo publicamos toda la informaci\u00f3n de Sonora, M\u00e9xico y el Mundo de manera oportuna y busca que la libertad de expresi\u00f3n sea real. Visita nuestro medio informativo publicado desde Hermosillo, Sonora. %\" \/>\n<meta name=\"robots\" content=\"index, follow, max-snippet:-1, max-image-preview:large, max-video-preview:-1\" \/>\n<link rel=\"canonical\" href=\"https:\/\/www.sonoraenequipo.com.mx\/una-nueva-ola-migratoria-enciende-alertas-en-ciudad-juarez\/\" \/>\n<meta property=\"og:locale\" content=\"es_ES\" \/>\n<meta property=\"og:type\" content=\"article\" \/>\n<meta property=\"og:title\" content=\"Sonora en Equipo. Una nueva ola migratoria enciende alertas en Ciudad Ju\u00e1rez Rep\u00fablica\" \/>\n<meta property=\"og:description\" content=\"CIUDAD JU\u00c1REZ, CHIHUAHUA. MX. \u2014 La frontera de M\u00e9xico con Estados Unidos vive una nueva oleada migratoria con m\u00e1s de 1,000 migrantes en Ciudad Ju\u00e1rez que En Sonora en Equipo publicamos toda la informaci\u00f3n de Sonora, M\u00e9xico y el Mundo de manera oportuna y busca que la libertad de expresi\u00f3n sea real. Visita nuestro medio informativo publicado desde Hermosillo, Sonora. %\" \/>\n<meta property=\"og:url\" content=\"https:\/\/www.sonoraenequipo.com.mx\/una-nueva-ola-migratoria-enciende-alertas-en-ciudad-juarez\/\" \/>\n<meta property=\"og:site_name\" content=\"Sonora en Equipo.\" \/>\n<meta property=\"article:publisher\" content=\"https:\/\/www.facebook.com\/SonoraEE\/\" \/>\n<meta property=\"article:author\" content=\"https:\/\/www.facebook.com\/SonoraEE\" \/>\n<meta property=\"article:published_time\" content=\"2023-09-07T06:49:39+00:00\" \/>\n<meta property=\"article:modified_time\" content=\"2023-09-07T19:11:41+00:00\" \/>\n<meta property=\"og:image\" content=\"https:\/\/www.sonoraenequipo.com.mx\/storage\/2023\/09\/migrantes-en-Mexico-min.jpg\" \/>\n\t<meta property=\"og:image:width\" content=\"696\" \/>\n\t<meta property=\"og:image:height\" content=\"450\" \/>\n\t<meta property=\"og:image:type\" content=\"image\/jpeg\" \/>\n<meta name=\"author\" content=\"enequipo\" \/>\n<meta name=\"twitter:card\" content=\"summary_large_image\" \/>\n<meta name=\"twitter:creator\" content=\"@sonoraenequipo\" \/>\n<meta name=\"twitter:site\" content=\"@sonoraenequipo\" \/>\n<meta name=\"twitter:label1\" content=\"Escrito por\" \/>\n\t<meta name=\"twitter:data1\" content=\"enequipo\" \/>\n\t<meta name=\"twitter:label2\" content=\"Tiempo de lectura\" \/>\n\t<meta name=\"twitter:data2\" content=\"4 minutos\" \/>\n<script type=\"application\/ld+json\" class=\"yoast-schema-graph\">{\"@context\":\"https:\/\/schema.org\",\"@graph\":[{\"@type\":\"Article\",\"@id\":\"https:\/\/www.sonoraenequipo.com.mx\/una-nueva-ola-migratoria-enciende-alertas-en-ciudad-juarez\/#article\",\"isPartOf\":{\"@id\":\"https:\/\/www.sonoraenequipo.com.mx\/una-nueva-ola-migratoria-enciende-alertas-en-ciudad-juarez\/\"},\"author\":{\"name\":\"enequipo\",\"@id\":\"https:\/\/www.sonoraenequipo.com.mx\/#\/schema\/person\/50102df0fb23a8fa9e8effad8fa81386\"},\"headline\":\"Una nueva ola migratoria enciende alertas en Ciudad Ju\u00e1rez\",\"datePublished\":\"2023-09-07T06:49:39+00:00\",\"dateModified\":\"2023-09-07T19:11:41+00:00\",\"mainEntityOfPage\":{\"@id\":\"https:\/\/www.sonoraenequipo.com.mx\/una-nueva-ola-migratoria-enciende-alertas-en-ciudad-juarez\/\"},\"wordCount\":726,\"commentCount\":0,\"publisher\":{\"@id\":\"https:\/\/www.sonoraenequipo.com.mx\/#organization\"},\"image\":{\"@id\":\"https:\/\/www.sonoraenequipo.com.mx\/una-nueva-ola-migratoria-enciende-alertas-en-ciudad-juarez\/#primaryimage\"},\"thumbnailUrl\":\"https:\/\/www.sonoraenequipo.com.mx\/storage\/2023\/09\/migrantes-en-Mexico-min.jpg\",\"articleSection\":[\"Rep\u00fablica\"],\"inLanguage\":\"es\",\"potentialAction\":[{\"@type\":\"CommentAction\",\"name\":\"Comment\",\"target\":[\"https:\/\/www.sonoraenequipo.com.mx\/una-nueva-ola-migratoria-enciende-alertas-en-ciudad-juarez\/#respond\"]}]},{\"@type\":\"WebPage\",\"@id\":\"https:\/\/www.sonoraenequipo.com.mx\/una-nueva-ola-migratoria-enciende-alertas-en-ciudad-juarez\/\",\"url\":\"https:\/\/www.sonoraenequipo.com.mx\/una-nueva-ola-migratoria-enciende-alertas-en-ciudad-juarez\/\",\"name\":\"Sonora en Equipo. Una nueva ola migratoria enciende alertas en Ciudad Ju\u00e1rez Rep\u00fablica\",\"isPartOf\":{\"@id\":\"https:\/\/www.sonoraenequipo.com.mx\/#website\"},\"primaryImageOfPage\":{\"@id\":\"https:\/\/www.sonoraenequipo.com.mx\/una-nueva-ola-migratoria-enciende-alertas-en-ciudad-juarez\/#primaryimage\"},\"image\":{\"@id\":\"https:\/\/www.sonoraenequipo.com.mx\/una-nueva-ola-migratoria-enciende-alertas-en-ciudad-juarez\/#primaryimage\"},\"thumbnailUrl\":\"https:\/\/www.sonoraenequipo.com.mx\/storage\/2023\/09\/migrantes-en-Mexico-min.jpg\",\"datePublished\":\"2023-09-07T06:49:39+00:00\",\"dateModified\":\"2023-09-07T19:11:41+00:00\",\"description\":\"CIUDAD JU\u00c1REZ, CHIHUAHUA. MX. \u2014 La frontera de M\u00e9xico con Estados Unidos vive una nueva oleada migratoria con m\u00e1s de 1,000 migrantes en Ciudad Ju\u00e1rez que En Sonora en Equipo publicamos toda la informaci\u00f3n de Sonora, M\u00e9xico y el Mundo de manera oportuna y busca que la libertad de expresi\u00f3n sea real. Visita nuestro medio informativo publicado desde Hermosillo, Sonora. %\",\"breadcrumb\":{\"@id\":\"https:\/\/www.sonoraenequipo.com.mx\/una-nueva-ola-migratoria-enciende-alertas-en-ciudad-juarez\/#breadcrumb\"},\"inLanguage\":\"es\",\"potentialAction\":[{\"@type\":\"ReadAction\",\"target\":[\"https:\/\/www.sonoraenequipo.com.mx\/una-nueva-ola-migratoria-enciende-alertas-en-ciudad-juarez\/\"]}]},{\"@type\":\"ImageObject\",\"inLanguage\":\"es\",\"@id\":\"https:\/\/www.sonoraenequipo.com.mx\/una-nueva-ola-migratoria-enciende-alertas-en-ciudad-juarez\/#primaryimage\",\"url\":\"https:\/\/www.sonoraenequipo.com.mx\/storage\/2023\/09\/migrantes-en-Mexico-min.jpg\",\"contentUrl\":\"https:\/\/www.sonoraenequipo.com.mx\/storage\/2023\/09\/migrantes-en-Mexico-min.jpg\",\"width\":696,\"height\":450},{\"@type\":\"BreadcrumbList\",\"@id\":\"https:\/\/www.sonoraenequipo.com.mx\/una-nueva-ola-migratoria-enciende-alertas-en-ciudad-juarez\/#breadcrumb\",\"itemListElement\":[{\"@type\":\"ListItem\",\"position\":1,\"name\":\"Portada\",\"item\":\"https:\/\/www.sonoraenequipo.com.mx\/\"},{\"@type\":\"ListItem\",\"position\":2,\"name\":\"Una nueva ola migratoria enciende alertas en Ciudad Ju\u00e1rez\"}]},{\"@type\":\"WebSite\",\"@id\":\"https:\/\/www.sonoraenequipo.com.mx\/#website\",\"url\":\"https:\/\/www.sonoraenequipo.com.mx\/\",\"name\":\"Sonora en Equipo.\",\"description\":\"Diario en l\u00ednea con Noticias desde Hermosillo, Sonora\",\"publisher\":{\"@id\":\"https:\/\/www.sonoraenequipo.com.mx\/#organization\"},\"potentialAction\":[{\"@type\":\"SearchAction\",\"target\":{\"@type\":\"EntryPoint\",\"urlTemplate\":\"https:\/\/www.sonoraenequipo.com.mx\/?s={search_term_string}\"},\"query-input\":{\"@type\":\"PropertyValueSpecification\",\"valueRequired\":true,\"valueName\":\"search_term_string\"}}],\"inLanguage\":\"es\"},{\"@type\":\"Organization\",\"@id\":\"https:\/\/www.sonoraenequipo.com.mx\/#organization\",\"name\":\"Sonoraenequipo.com.mx\",\"url\":\"https:\/\/www.sonoraenequipo.com.mx\/\",\"logo\":{\"@type\":\"ImageObject\",\"inLanguage\":\"es\",\"@id\":\"https:\/\/www.sonoraenequipo.com.mx\/#\/schema\/logo\/image\/\",\"url\":\"https:\/\/www.sonoraenequipo.com.mx\/storage\/2019\/01\/sonoraenequipo_opt.png\",\"contentUrl\":\"https:\/\/www.sonoraenequipo.com.mx\/storage\/2019\/01\/sonoraenequipo_opt.png\",\"width\":375,\"height\":125,\"caption\":\"Sonoraenequipo.com.mx\"},\"image\":{\"@id\":\"https:\/\/www.sonoraenequipo.com.mx\/#\/schema\/logo\/image\/\"},\"sameAs\":[\"https:\/\/www.facebook.com\/SonoraEE\/\",\"https:\/\/x.com\/sonoraenequipo\",\"https:\/\/www.youtube.com\/channel\/UC338nW-lPEYmJQs4ZABQ1SQ\"]},{\"@type\":\"Person\",\"@id\":\"https:\/\/www.sonoraenequipo.com.mx\/#\/schema\/person\/50102df0fb23a8fa9e8effad8fa81386\",\"name\":\"enequipo\",\"image\":{\"@type\":\"ImageObject\",\"inLanguage\":\"es\",\"@id\":\"https:\/\/www.sonoraenequipo.com.mx\/#\/schema\/person\/image\/\",\"url\":\"https:\/\/secure.gravatar.com\/avatar\/049821681b589dabc0bc20695993ccebb09f5b5d4d790cd9251b97faac7c652b?s=96&d=blank&r=g\",\"contentUrl\":\"https:\/\/secure.gravatar.com\/avatar\/049821681b589dabc0bc20695993ccebb09f5b5d4d790cd9251b97faac7c652b?s=96&d=blank&r=g\",\"caption\":\"enequipo\"},\"sameAs\":[\"https:\/\/www.facebook.com\/SonoraEE\"]}]}<\/script>\n ","yoast_head_json":{"title":"Sonora en Equipo. Una nueva ola migratoria enciende alertas en Ciudad Ju\u00e1rez Rep\u00fablica","description":"CIUDAD JU\u00c1REZ, CHIHUAHUA. MX. \u2014 La frontera de M\u00e9xico con Estados Unidos vive una nueva oleada migratoria con m\u00e1s de 1,000 migrantes en Ciudad Ju\u00e1rez que En Sonora en Equipo publicamos toda la informaci\u00f3n de Sonora, M\u00e9xico y el Mundo de manera oportuna y busca que la libertad de expresi\u00f3n sea real. Visita nuestro medio informativo publicado desde Hermosillo, Sonora. %","robots":{"index":"index","follow":"follow","max-snippet":"max-snippet:-1","max-image-preview":"max-image-preview:large","max-video-preview":"max-video-preview:-1"},"canonical":"https:\/\/www.sonoraenequipo.com.mx\/una-nueva-ola-migratoria-enciende-alertas-en-ciudad-juarez\/","og_locale":"es_ES","og_type":"article","og_title":"Sonora en Equipo. Una nueva ola migratoria enciende alertas en Ciudad Ju\u00e1rez Rep\u00fablica","og_description":"CIUDAD JU\u00c1REZ, CHIHUAHUA. MX. \u2014 La frontera de M\u00e9xico con Estados Unidos vive una nueva oleada migratoria con m\u00e1s de 1,000 migrantes en Ciudad Ju\u00e1rez que En Sonora en Equipo publicamos toda la informaci\u00f3n de Sonora, M\u00e9xico y el Mundo de manera oportuna y busca que la libertad de expresi\u00f3n sea real. Visita nuestro medio informativo publicado desde Hermosillo, Sonora. %","og_url":"https:\/\/www.sonoraenequipo.com.mx\/una-nueva-ola-migratoria-enciende-alertas-en-ciudad-juarez\/","og_site_name":"Sonora en Equipo.","article_publisher":"https:\/\/www.facebook.com\/SonoraEE\/","article_author":"https:\/\/www.facebook.com\/SonoraEE","article_published_time":"2023-09-07T06:49:39+00:00","article_modified_time":"2023-09-07T19:11:41+00:00","og_image":[{"width":696,"height":450,"url":"https:\/\/www.sonoraenequipo.com.mx\/storage\/2023\/09\/migrantes-en-Mexico-min.jpg","type":"image\/jpeg"}],"author":"enequipo","twitter_card":"summary_large_image","twitter_creator":"@sonoraenequipo","twitter_site":"@sonoraenequipo","twitter_misc":{"Escrito por":"enequipo","Tiempo de lectura":"4 minutos"},"schema":{"@context":"https:\/\/schema.org","@graph":[{"@type":"Article","@id":"https:\/\/www.sonoraenequipo.com.mx\/una-nueva-ola-migratoria-enciende-alertas-en-ciudad-juarez\/#article","isPartOf":{"@id":"https:\/\/www.sonoraenequipo.com.mx\/una-nueva-ola-migratoria-enciende-alertas-en-ciudad-juarez\/"},"author":{"name":"enequipo","@id":"https:\/\/www.sonoraenequipo.com.mx\/#\/schema\/person\/50102df0fb23a8fa9e8effad8fa81386"},"headline":"Una nueva ola migratoria enciende alertas en Ciudad Ju\u00e1rez","datePublished":"2023-09-07T06:49:39+00:00","dateModified":"2023-09-07T19:11:41+00:00","mainEntityOfPage":{"@id":"https:\/\/www.sonoraenequipo.com.mx\/una-nueva-ola-migratoria-enciende-alertas-en-ciudad-juarez\/"},"wordCount":726,"commentCount":0,"publisher":{"@id":"https:\/\/www.sonoraenequipo.com.mx\/#organization"},"image":{"@id":"https:\/\/www.sonoraenequipo.com.mx\/una-nueva-ola-migratoria-enciende-alertas-en-ciudad-juarez\/#primaryimage"},"thumbnailUrl":"https:\/\/www.sonoraenequipo.com.mx\/storage\/2023\/09\/migrantes-en-Mexico-min.jpg","articleSection":["Rep\u00fablica"],"inLanguage":"es","potentialAction":[{"@type":"CommentAction","name":"Comment","target":["https:\/\/www.sonoraenequipo.com.mx\/una-nueva-ola-migratoria-enciende-alertas-en-ciudad-juarez\/#respond"]}]},{"@type":"WebPage","@id":"https:\/\/www.sonoraenequipo.com.mx\/una-nueva-ola-migratoria-enciende-alertas-en-ciudad-juarez\/","url":"https:\/\/www.sonoraenequipo.com.mx\/una-nueva-ola-migratoria-enciende-alertas-en-ciudad-juarez\/","name":"Sonora en Equipo. Una nueva ola migratoria enciende alertas en Ciudad Ju\u00e1rez Rep\u00fablica","isPartOf":{"@id":"https:\/\/www.sonoraenequipo.com.mx\/#website"},"primaryImageOfPage":{"@id":"https:\/\/www.sonoraenequipo.com.mx\/una-nueva-ola-migratoria-enciende-alertas-en-ciudad-juarez\/#primaryimage"},"image":{"@id":"https:\/\/www.sonoraenequipo.com.mx\/una-nueva-ola-migratoria-enciende-alertas-en-ciudad-juarez\/#primaryimage"},"thumbnailUrl":"https:\/\/www.sonoraenequipo.com.mx\/storage\/2023\/09\/migrantes-en-Mexico-min.jpg","datePublished":"2023-09-07T06:49:39+00:00","dateModified":"2023-09-07T19:11:41+00:00","description":"CIUDAD JU\u00c1REZ, CHIHUAHUA. MX. \u2014 La frontera de M\u00e9xico con Estados Unidos vive una nueva oleada migratoria con m\u00e1s de 1,000 migrantes en Ciudad Ju\u00e1rez que En Sonora en Equipo publicamos toda la informaci\u00f3n de Sonora, M\u00e9xico y el Mundo de manera oportuna y busca que la libertad de expresi\u00f3n sea real. Visita nuestro medio informativo publicado desde Hermosillo, Sonora. %","breadcrumb":{"@id":"https:\/\/www.sonoraenequipo.com.mx\/una-nueva-ola-migratoria-enciende-alertas-en-ciudad-juarez\/#breadcrumb"},"inLanguage":"es","potentialAction":[{"@type":"ReadAction","target":["https:\/\/www.sonoraenequipo.com.mx\/una-nueva-ola-migratoria-enciende-alertas-en-ciudad-juarez\/"]}]},{"@type":"ImageObject","inLanguage":"es","@id":"https:\/\/www.sonoraenequipo.com.mx\/una-nueva-ola-migratoria-enciende-alertas-en-ciudad-juarez\/#primaryimage","url":"https:\/\/www.sonoraenequipo.com.mx\/storage\/2023\/09\/migrantes-en-Mexico-min.jpg","contentUrl":"https:\/\/www.sonoraenequipo.com.mx\/storage\/2023\/09\/migrantes-en-Mexico-min.jpg","width":696,"height":450},{"@type":"BreadcrumbList","@id":"https:\/\/www.sonoraenequipo.com.mx\/una-nueva-ola-migratoria-enciende-alertas-en-ciudad-juarez\/#breadcrumb","itemListElement":[{"@type":"ListItem","position":1,"name":"Portada","item":"https:\/\/www.sonoraenequipo.com.mx\/"},{"@type":"ListItem","position":2,"name":"Una nueva ola migratoria enciende alertas en Ciudad Ju\u00e1rez"}]},{"@type":"WebSite","@id":"https:\/\/www.sonoraenequipo.com.mx\/#website","url":"https:\/\/www.sonoraenequipo.com.mx\/","name":"Sonora en Equipo.","description":"Diario en l\u00ednea con Noticias desde Hermosillo, Sonora","publisher":{"@id":"https:\/\/www.sonoraenequipo.com.mx\/#organization"},"potentialAction":[{"@type":"SearchAction","target":{"@type":"EntryPoint","urlTemplate":"https:\/\/www.sonoraenequipo.com.mx\/?s={search_term_string}"},"query-input":{"@type":"PropertyValueSpecification","valueRequired":true,"valueName":"search_term_string"}}],"inLanguage":"es"},{"@type":"Organization","@id":"https:\/\/www.sonoraenequipo.com.mx\/#organization","name":"Sonoraenequipo.com.mx","url":"https:\/\/www.sonoraenequipo.com.mx\/","logo":{"@type":"ImageObject","inLanguage":"es","@id":"https:\/\/www.sonoraenequipo.com.mx\/#\/schema\/logo\/image\/","url":"https:\/\/www.sonoraenequipo.com.mx\/storage\/2019\/01\/sonoraenequipo_opt.png","contentUrl":"https:\/\/www.sonoraenequipo.com.mx\/storage\/2019\/01\/sonoraenequipo_opt.png","width":375,"height":125,"caption":"Sonoraenequipo.com.mx"},"image":{"@id":"https:\/\/www.sonoraenequipo.com.mx\/#\/schema\/logo\/image\/"},"sameAs":["https:\/\/www.facebook.com\/SonoraEE\/","https:\/\/x.com\/sonoraenequipo","https:\/\/www.youtube.com\/channel\/UC338nW-lPEYmJQs4ZABQ1SQ"]},{"@type":"Person","@id":"https:\/\/www.sonoraenequipo.com.mx\/#\/schema\/person\/50102df0fb23a8fa9e8effad8fa81386","name":"enequipo","image":{"@type":"ImageObject","inLanguage":"es","@id":"https:\/\/www.sonoraenequipo.com.mx\/#\/schema\/person\/image\/","url":"https:\/\/secure.gravatar.com\/avatar\/049821681b589dabc0bc20695993ccebb09f5b5d4d790cd9251b97faac7c652b?s=96&d=blank&r=g","contentUrl":"https:\/\/secure.gravatar.com\/avatar\/049821681b589dabc0bc20695993ccebb09f5b5d4d790cd9251b97faac7c652b?s=96&d=blank&r=g","caption":"enequipo"},"sameAs":["https:\/\/www.facebook.com\/SonoraEE"]}]}},"jetpack_featured_media_url":"https:\/\/www.sonoraenequipo.com.mx\/storage\/2023\/09\/migrantes-en-Mexico-min.jpg","_links":{"self":[{"href":"https:\/\/www.sonoraenequipo.com.mx\/api\/wp\/v2\/posts\/174361","targetHints":{"allow":["GET"]}}],"collection":[{"href":"https:\/\/www.sonoraenequipo.com.mx\/api\/wp\/v2\/posts"}],"about":[{"href":"https:\/\/www.sonoraenequipo.com.mx\/api\/wp\/v2\/types\/post"}],"author":[{"embeddable":true,"href":"https:\/\/www.sonoraenequipo.com.mx\/api\/wp\/v2\/users\/1"}],"replies":[{"embeddable":true,"href":"https:\/\/www.sonoraenequipo.com.mx\/api\/wp\/v2\/comments?post=174361"}],"version-history":[{"count":1,"href":"https:\/\/www.sonoraenequipo.com.mx\/api\/wp\/v2\/posts\/174361\/revisions"}],"predecessor-version":[{"id":174362,"href":"https:\/\/www.sonoraenequipo.com.mx\/api\/wp\/v2\/posts\/174361\/revisions\/174362"}],"wp:featuredmedia":[{"embeddable":true,"href":"https:\/\/www.sonoraenequipo.com.mx\/api\/wp\/v2\/media\/174345"}],"wp:attachment":[{"href":"https:\/\/www.sonoraenequipo.com.mx\/api\/wp\/v2\/media?parent=174361"}],"wp:term":[{"taxonomy":"category","embeddable":true,"href":"https:\/\/www.sonoraenequipo.com.mx\/api\/wp\/v2\/categories?post=174361"},{"taxonomy":"post_tag","embeddable":true,"href":"https:\/\/www.sonoraenequipo.com.mx\/api\/wp\/v2\/tags?post=174361"}],"curies":[{"name":"wp","href":"https:\/\/api.w.org\/{rel}","templated":true}]}}