{"id":174369,"date":"2023-09-07T12:24:36","date_gmt":"2023-09-07T19:24:36","guid":{"rendered":"https:\/\/www.sonoraenequipo.com.mx\/?p=174369"},"modified":"2023-09-07T12:48:37","modified_gmt":"2023-09-07T19:48:37","slug":"inicia-proceso-electoral-federal-2023-2024","status":"publish","type":"post","link":"https:\/\/www.sonoraenequipo.com.mx\/inicia-proceso-electoral-federal-2023-2024\/","title":{"rendered":"Inicia Proceso Electoral Federal 2023-2024"},"content":{"rendered":"<p>Inicia Proceso Electoral Federal 2023-2024<\/p>\n<p>&nbsp;<\/p>\n<ul>\n<li>INE est\u00e1 listo para organizar las m\u00e1s complejas elecciones federales de la historia reciente y cumplir su funci\u00f3n de Estado: Guadalupe Taddei Zavala<\/li>\n<\/ul>\n<p>En Ceremonia C\u00edvica, las Consejeras y los Consejeros del Instituto Nacional Electoral (INE), encabezados por la Consejera Presidenta Guadalupe Taddei Zavala, dieron inicio al Proceso Electoral Federal 2023-2024, en el que se renovar\u00e1 el Congreso de la Uni\u00f3n y la Presidencia de la Rep\u00fablica.<\/p>\n<p>&nbsp;<\/p>\n<p>Luego de los Honores a la Bandera, a cargo de elementos de la Guardia Nacional, Guadalupe Taddei Zavala afirm\u00f3 a las y los millones de mexicanas y mexicanos con derecho al sufragio que \u201cel INE est\u00e1 listo para organizar las m\u00e1s complejas elecciones federales de nuestra historia reciente, cumpliendo as\u00ed, con su funci\u00f3n de Estado\u201d.<\/p>\n<p>&nbsp;<\/p>\n<p>\u201cAceptamos y asumimos el enorme reto que esto significa, contamos con la solidez institucional, entereza y convicciones suficientes para enfrentarlo con profunda vocaci\u00f3n democr\u00e1tica, convencidas y convencidos de que, justamente, la democracia es el mejor de los sistemas de transmisi\u00f3n del poder pol\u00edtico existente en nuestro tiempo\u201d, enfatiz\u00f3.<\/p>\n<p>&nbsp;<\/p>\n<p>Acompa\u00f1ada de las Consejeras y los Consejeros del INE; la Encargada del Despacho de la Secretar\u00eda Ejecutiva, Mar\u00eda Elena Cornejo Esparza; la Magistrada del Tribunal Electoral del Poder Judicial de la Federaci\u00f3n (TEPJF), M\u00f3nica Aral\u00ed Soto Fregoso, as\u00ed como representantes del Poder Legislativo y de los partidos pol\u00edticos nacionales, Taddei Zavala consider\u00f3 que uno de los retos y una gran \u00e1rea de oportunidad para fortalecer la democracia mexicana es la consolidaci\u00f3n del Sistema Nacional Electoral.<\/p>\n<p>&nbsp;<\/p>\n<p>En la explanada de la sede nacional del INE, Guadalupe Taddei Zavala recalc\u00f3 que esta consolidaci\u00f3n debe ser vista desde la perspectiva de la vinculaci\u00f3n directa, cercana, colaborativa y de respeto mutuo entre el INE como el ente rector de la funci\u00f3n electoral y los Institutos Estatales Electorales, con el fin de garantizarle a las y los mexicanos el ejercicio pleno de sus derechos pol\u00edtico-electorales.<\/p>\n<p>&nbsp;<\/p>\n<p>Ante integrantes de la Junta General Ejecutiva, trabajadoras y trabajadores del Instituto; integrantes de los Organismos P\u00fablicos Locales y de las Juntas Locales Ejecutivas; medios de comunicaci\u00f3n, as\u00ed como invitadas e invitados, la Consejera Presidenta destac\u00f3 que el \u00e9xito del Proceso Electoral Federal y los procesos locales depende absolutamente de la participaci\u00f3n ciudadana.<\/p>\n<p>&nbsp;<\/p>\n<p>\u201cNo s\u00f3lo en la urna, pues capacitaremos a m\u00e1s de un mill\u00f3n y medio de ciudadanas y ciudadanos; instalaremos m\u00e1s de 170 mil casillas electorales para recibir el voto de m\u00e1s de 98 millones de electores; distribuiremos m\u00e1s de 500 millones de boletas; monitorearemos miles de horas de programas de radio y de televisi\u00f3n, entre otros cientos de actividades espec\u00edficamente previstas por la ley\u201d, plante\u00f3.<\/p>\n<p>&nbsp;<\/p>\n<p>La Consejera Presidenta se comprometi\u00f3, a nombre del Instituto, a que se realizar\u00e1n todas las actividades legalmente encaminadas a la realizaci\u00f3n de la Jornada Electoral del 2 de junio de 2024, \u201cconvencidas y convencidos de que el INE es el ancla democr\u00e1tica que le permitir\u00e1 al gran mosaico cultural que es nuestra naci\u00f3n, una vez m\u00e1s, surcar con \u00e9xito por los tempestuosos mares que, por su propia y especial naturaleza, crea la competencia pol\u00edtica leg\u00edtima\u201d.<\/p>\n<p>&nbsp;<\/p>\n<p>La ceremonia c\u00edvica de Honores a la Bandera cont\u00f3 con la participaci\u00f3n de la Orquesta de Banda de Guerra y Escolta de la Guardia Nacional, de la coordinaci\u00f3n estatal de la Ciudad de M\u00e9xico.<\/p>\n<p><strong>Fecha de publicaci\u00f3n\u00a0 jueves 7 de septiembre de 2023<\/strong><\/p>\n<p>&nbsp;<\/p>\n","protected":false},"excerpt":{"rendered":"<p>Inicia Proceso Electoral Federal 2023-2024 &nbsp; INE est\u00e1 listo para organizar las m\u00e1s complejas elecciones&#8230;<\/p>\n","protected":false},"author":1,"featured_media":166278,"comment_status":"open","ping_status":"open","sticky":false,"template":"","format":"standard","meta":{"_monsterinsights_skip_tracking":false,"_monsterinsights_sitenote_active":false,"_monsterinsights_sitenote_note":"","_monsterinsights_sitenote_category":0,"footnotes":""},"categories":[5],"tags":[7497,4506,8904,8280],"class_list":["post"],"yoast_head":" \n<title>Sonora en Equipo. Inicia Proceso Electoral Federal 2023-2024 Rep\u00fablica<\/title>\n<meta name=\"description\" content=\"Inicia Proceso Electoral Federal 2023-2024 &nbsp; INE est\u00e1 listo para organizar las m\u00e1s complejas elecciones federales de la historia reciente y cumplir En Sonora en Equipo publicamos toda la informaci\u00f3n de Sonora, M\u00e9xico y el Mundo de manera oportuna y busca que la libertad de expresi\u00f3n sea real. Visita nuestro medio informativo publicado desde Hermosillo, Sonora. %\" \/>\n<meta name=\"robots\" content=\"index, follow, max-snippet:-1, max-image-preview:large, max-video-preview:-1\" \/>\n<link rel=\"canonical\" href=\"https:\/\/www.sonoraenequipo.com.mx\/inicia-proceso-electoral-federal-2023-2024\/\" \/>\n<meta property=\"og:locale\" content=\"es_ES\" \/>\n<meta property=\"og:type\" content=\"article\" \/>\n<meta property=\"og:title\" content=\"Sonora en Equipo. Inicia Proceso Electoral Federal 2023-2024 Rep\u00fablica\" \/>\n<meta property=\"og:description\" content=\"Inicia Proceso Electoral Federal 2023-2024 &nbsp; INE est\u00e1 listo para organizar las m\u00e1s complejas elecciones federales de la historia reciente y cumplir En Sonora en Equipo publicamos toda la informaci\u00f3n de Sonora, M\u00e9xico y el Mundo de manera oportuna y busca que la libertad de expresi\u00f3n sea real. Visita nuestro medio informativo publicado desde Hermosillo, Sonora. %\" \/>\n<meta property=\"og:url\" content=\"https:\/\/www.sonoraenequipo.com.mx\/inicia-proceso-electoral-federal-2023-2024\/\" \/>\n<meta property=\"og:site_name\" content=\"Sonora en Equipo.\" \/>\n<meta property=\"article:publisher\" content=\"https:\/\/www.facebook.com\/SonoraEE\/\" \/>\n<meta property=\"article:author\" content=\"https:\/\/www.facebook.com\/SonoraEE\" \/>\n<meta property=\"article:published_time\" content=\"2023-09-07T19:24:36+00:00\" \/>\n<meta property=\"article:modified_time\" content=\"2023-09-07T19:48:37+00:00\" \/>\n<meta property=\"og:image\" content=\"https:\/\/www.sonoraenequipo.com.mx\/storage\/2023\/05\/guadalupe-taddei...-min.jpg\" \/>\n\t<meta property=\"og:image:width\" content=\"900\" \/>\n\t<meta property=\"og:image:height\" content=\"475\" \/>\n\t<meta property=\"og:image:type\" content=\"image\/jpeg\" \/>\n<meta name=\"author\" content=\"enequipo\" \/>\n<meta name=\"twitter:card\" content=\"summary_large_image\" \/>\n<meta name=\"twitter:creator\" content=\"@sonoraenequipo\" \/>\n<meta name=\"twitter:site\" content=\"@sonoraenequipo\" \/>\n<meta name=\"twitter:label1\" content=\"Escrito por\" \/>\n\t<meta name=\"twitter:data1\" content=\"enequipo\" \/>\n\t<meta name=\"twitter:label2\" content=\"Tiempo de lectura\" \/>\n\t<meta name=\"twitter:data2\" content=\"3 minutos\" \/>\n<script type=\"application\/ld+json\" class=\"yoast-schema-graph\">{\"@context\":\"https:\/\/schema.org\",\"@graph\":[{\"@type\":\"Article\",\"@id\":\"https:\/\/www.sonoraenequipo.com.mx\/inicia-proceso-electoral-federal-2023-2024\/#article\",\"isPartOf\":{\"@id\":\"https:\/\/www.sonoraenequipo.com.mx\/inicia-proceso-electoral-federal-2023-2024\/\"},\"author\":{\"name\":\"enequipo\",\"@id\":\"https:\/\/www.sonoraenequipo.com.mx\/#\/schema\/person\/50102df0fb23a8fa9e8effad8fa81386\"},\"headline\":\"Inicia Proceso Electoral Federal 2023-2024\",\"datePublished\":\"2023-09-07T19:24:36+00:00\",\"dateModified\":\"2023-09-07T19:48:37+00:00\",\"mainEntityOfPage\":{\"@id\":\"https:\/\/www.sonoraenequipo.com.mx\/inicia-proceso-electoral-federal-2023-2024\/\"},\"wordCount\":604,\"commentCount\":0,\"publisher\":{\"@id\":\"https:\/\/www.sonoraenequipo.com.mx\/#organization\"},\"image\":{\"@id\":\"https:\/\/www.sonoraenequipo.com.mx\/inicia-proceso-electoral-federal-2023-2024\/#primaryimage\"},\"thumbnailUrl\":\"https:\/\/www.sonoraenequipo.com.mx\/storage\/2023\/05\/guadalupe-taddei...-min.jpg\",\"keywords\":[\"2024\",\"Guadalupe Taddei Zavala.\",\"inicio\",\"PEF\"],\"articleSection\":[\"Rep\u00fablica\"],\"inLanguage\":\"es\",\"potentialAction\":[{\"@type\":\"CommentAction\",\"name\":\"Comment\",\"target\":[\"https:\/\/www.sonoraenequipo.com.mx\/inicia-proceso-electoral-federal-2023-2024\/#respond\"]}]},{\"@type\":\"WebPage\",\"@id\":\"https:\/\/www.sonoraenequipo.com.mx\/inicia-proceso-electoral-federal-2023-2024\/\",\"url\":\"https:\/\/www.sonoraenequipo.com.mx\/inicia-proceso-electoral-federal-2023-2024\/\",\"name\":\"Sonora en Equipo. Inicia Proceso Electoral Federal 2023-2024 Rep\u00fablica\",\"isPartOf\":{\"@id\":\"https:\/\/www.sonoraenequipo.com.mx\/#website\"},\"primaryImageOfPage\":{\"@id\":\"https:\/\/www.sonoraenequipo.com.mx\/inicia-proceso-electoral-federal-2023-2024\/#primaryimage\"},\"image\":{\"@id\":\"https:\/\/www.sonoraenequipo.com.mx\/inicia-proceso-electoral-federal-2023-2024\/#primaryimage\"},\"thumbnailUrl\":\"https:\/\/www.sonoraenequipo.com.mx\/storage\/2023\/05\/guadalupe-taddei...-min.jpg\",\"datePublished\":\"2023-09-07T19:24:36+00:00\",\"dateModified\":\"2023-09-07T19:48:37+00:00\",\"description\":\"Inicia Proceso Electoral Federal 2023-2024 &nbsp; INE est\u00e1 listo para organizar las m\u00e1s complejas elecciones federales de la historia reciente y cumplir En Sonora en Equipo publicamos toda la informaci\u00f3n de Sonora, M\u00e9xico y el Mundo de manera oportuna y busca que la libertad de expresi\u00f3n sea real. Visita nuestro medio informativo publicado desde Hermosillo, Sonora. %\",\"breadcrumb\":{\"@id\":\"https:\/\/www.sonoraenequipo.com.mx\/inicia-proceso-electoral-federal-2023-2024\/#breadcrumb\"},\"inLanguage\":\"es\",\"potentialAction\":[{\"@type\":\"ReadAction\",\"target\":[\"https:\/\/www.sonoraenequipo.com.mx\/inicia-proceso-electoral-federal-2023-2024\/\"]}]},{\"@type\":\"ImageObject\",\"inLanguage\":\"es\",\"@id\":\"https:\/\/www.sonoraenequipo.com.mx\/inicia-proceso-electoral-federal-2023-2024\/#primaryimage\",\"url\":\"https:\/\/www.sonoraenequipo.com.mx\/storage\/2023\/05\/guadalupe-taddei...-min.jpg\",\"contentUrl\":\"https:\/\/www.sonoraenequipo.com.mx\/storage\/2023\/05\/guadalupe-taddei...-min.jpg\",\"width\":900,\"height\":475,\"caption\":\"Guadalupe Taddei Zavala\"},{\"@type\":\"BreadcrumbList\",\"@id\":\"https:\/\/www.sonoraenequipo.com.mx\/inicia-proceso-electoral-federal-2023-2024\/#breadcrumb\",\"itemListElement\":[{\"@type\":\"ListItem\",\"position\":1,\"name\":\"Portada\",\"item\":\"https:\/\/www.sonoraenequipo.com.mx\/\"},{\"@type\":\"ListItem\",\"position\":2,\"name\":\"Inicia Proceso Electoral Federal 2023-2024\"}]},{\"@type\":\"WebSite\",\"@id\":\"https:\/\/www.sonoraenequipo.com.mx\/#website\",\"url\":\"https:\/\/www.sonoraenequipo.com.mx\/\",\"name\":\"Sonora en Equipo.\",\"description\":\"Diario en l\u00ednea con Noticias desde Hermosillo, Sonora\",\"publisher\":{\"@id\":\"https:\/\/www.sonoraenequipo.com.mx\/#organization\"},\"potentialAction\":[{\"@type\":\"SearchAction\",\"target\":{\"@type\":\"EntryPoint\",\"urlTemplate\":\"https:\/\/www.sonoraenequipo.com.mx\/?s={search_term_string}\"},\"query-input\":{\"@type\":\"PropertyValueSpecification\",\"valueRequired\":true,\"valueName\":\"search_term_string\"}}],\"inLanguage\":\"es\"},{\"@type\":\"Organization\",\"@id\":\"https:\/\/www.sonoraenequipo.com.mx\/#organization\",\"name\":\"Sonoraenequipo.com.mx\",\"url\":\"https:\/\/www.sonoraenequipo.com.mx\/\",\"logo\":{\"@type\":\"ImageObject\",\"inLanguage\":\"es\",\"@id\":\"https:\/\/www.sonoraenequipo.com.mx\/#\/schema\/logo\/image\/\",\"url\":\"https:\/\/www.sonoraenequipo.com.mx\/storage\/2019\/01\/sonoraenequipo_opt.png\",\"contentUrl\":\"https:\/\/www.sonoraenequipo.com.mx\/storage\/2019\/01\/sonoraenequipo_opt.png\",\"width\":375,\"height\":125,\"caption\":\"Sonoraenequipo.com.mx\"},\"image\":{\"@id\":\"https:\/\/www.sonoraenequipo.com.mx\/#\/schema\/logo\/image\/\"},\"sameAs\":[\"https:\/\/www.facebook.com\/SonoraEE\/\",\"https:\/\/x.com\/sonoraenequipo\",\"https:\/\/www.youtube.com\/channel\/UC338nW-lPEYmJQs4ZABQ1SQ\"]},{\"@type\":\"Person\",\"@id\":\"https:\/\/www.sonoraenequipo.com.mx\/#\/schema\/person\/50102df0fb23a8fa9e8effad8fa81386\",\"name\":\"enequipo\",\"image\":{\"@type\":\"ImageObject\",\"inLanguage\":\"es\",\"@id\":\"https:\/\/www.sonoraenequipo.com.mx\/#\/schema\/person\/image\/\",\"url\":\"https:\/\/secure.gravatar.com\/avatar\/049821681b589dabc0bc20695993ccebb09f5b5d4d790cd9251b97faac7c652b?s=96&d=blank&r=g\",\"contentUrl\":\"https:\/\/secure.gravatar.com\/avatar\/049821681b589dabc0bc20695993ccebb09f5b5d4d790cd9251b97faac7c652b?s=96&d=blank&r=g\",\"caption\":\"enequipo\"},\"sameAs\":[\"https:\/\/www.facebook.com\/SonoraEE\"]}]}<\/script>\n ","yoast_head_json":{"title":"Sonora en Equipo. Inicia Proceso Electoral Federal 2023-2024 Rep\u00fablica","description":"Inicia Proceso Electoral Federal 2023-2024 &nbsp; INE est\u00e1 listo para organizar las m\u00e1s complejas elecciones federales de la historia reciente y cumplir En Sonora en Equipo publicamos toda la informaci\u00f3n de Sonora, M\u00e9xico y el Mundo de manera oportuna y busca que la libertad de expresi\u00f3n sea real. Visita nuestro medio informativo publicado desde Hermosillo, Sonora. %","robots":{"index":"index","follow":"follow","max-snippet":"max-snippet:-1","max-image-preview":"max-image-preview:large","max-video-preview":"max-video-preview:-1"},"canonical":"https:\/\/www.sonoraenequipo.com.mx\/inicia-proceso-electoral-federal-2023-2024\/","og_locale":"es_ES","og_type":"article","og_title":"Sonora en Equipo. Inicia Proceso Electoral Federal 2023-2024 Rep\u00fablica","og_description":"Inicia Proceso Electoral Federal 2023-2024 &nbsp; INE est\u00e1 listo para organizar las m\u00e1s complejas elecciones federales de la historia reciente y cumplir En Sonora en Equipo publicamos toda la informaci\u00f3n de Sonora, M\u00e9xico y el Mundo de manera oportuna y busca que la libertad de expresi\u00f3n sea real. Visita nuestro medio informativo publicado desde Hermosillo, Sonora. %","og_url":"https:\/\/www.sonoraenequipo.com.mx\/inicia-proceso-electoral-federal-2023-2024\/","og_site_name":"Sonora en Equipo.","article_publisher":"https:\/\/www.facebook.com\/SonoraEE\/","article_author":"https:\/\/www.facebook.com\/SonoraEE","article_published_time":"2023-09-07T19:24:36+00:00","article_modified_time":"2023-09-07T19:48:37+00:00","og_image":[{"width":900,"height":475,"url":"https:\/\/www.sonoraenequipo.com.mx\/storage\/2023\/05\/guadalupe-taddei...-min.jpg","type":"image\/jpeg"}],"author":"enequipo","twitter_card":"summary_large_image","twitter_creator":"@sonoraenequipo","twitter_site":"@sonoraenequipo","twitter_misc":{"Escrito por":"enequipo","Tiempo de lectura":"3 minutos"},"schema":{"@context":"https:\/\/schema.org","@graph":[{"@type":"Article","@id":"https:\/\/www.sonoraenequipo.com.mx\/inicia-proceso-electoral-federal-2023-2024\/#article","isPartOf":{"@id":"https:\/\/www.sonoraenequipo.com.mx\/inicia-proceso-electoral-federal-2023-2024\/"},"author":{"name":"enequipo","@id":"https:\/\/www.sonoraenequipo.com.mx\/#\/schema\/person\/50102df0fb23a8fa9e8effad8fa81386"},"headline":"Inicia Proceso Electoral Federal 2023-2024","datePublished":"2023-09-07T19:24:36+00:00","dateModified":"2023-09-07T19:48:37+00:00","mainEntityOfPage":{"@id":"https:\/\/www.sonoraenequipo.com.mx\/inicia-proceso-electoral-federal-2023-2024\/"},"wordCount":604,"commentCount":0,"publisher":{"@id":"https:\/\/www.sonoraenequipo.com.mx\/#organization"},"image":{"@id":"https:\/\/www.sonoraenequipo.com.mx\/inicia-proceso-electoral-federal-2023-2024\/#primaryimage"},"thumbnailUrl":"https:\/\/www.sonoraenequipo.com.mx\/storage\/2023\/05\/guadalupe-taddei...-min.jpg","keywords":["2024","Guadalupe Taddei Zavala.","inicio","PEF"],"articleSection":["Rep\u00fablica"],"inLanguage":"es","potentialAction":[{"@type":"CommentAction","name":"Comment","target":["https:\/\/www.sonoraenequipo.com.mx\/inicia-proceso-electoral-federal-2023-2024\/#respond"]}]},{"@type":"WebPage","@id":"https:\/\/www.sonoraenequipo.com.mx\/inicia-proceso-electoral-federal-2023-2024\/","url":"https:\/\/www.sonoraenequipo.com.mx\/inicia-proceso-electoral-federal-2023-2024\/","name":"Sonora en Equipo. Inicia Proceso Electoral Federal 2023-2024 Rep\u00fablica","isPartOf":{"@id":"https:\/\/www.sonoraenequipo.com.mx\/#website"},"primaryImageOfPage":{"@id":"https:\/\/www.sonoraenequipo.com.mx\/inicia-proceso-electoral-federal-2023-2024\/#primaryimage"},"image":{"@id":"https:\/\/www.sonoraenequipo.com.mx\/inicia-proceso-electoral-federal-2023-2024\/#primaryimage"},"thumbnailUrl":"https:\/\/www.sonoraenequipo.com.mx\/storage\/2023\/05\/guadalupe-taddei...-min.jpg","datePublished":"2023-09-07T19:24:36+00:00","dateModified":"2023-09-07T19:48:37+00:00","description":"Inicia Proceso Electoral Federal 2023-2024 &nbsp; INE est\u00e1 listo para organizar las m\u00e1s complejas elecciones federales de la historia reciente y cumplir En Sonora en Equipo publicamos toda la informaci\u00f3n de Sonora, M\u00e9xico y el Mundo de manera oportuna y busca que la libertad de expresi\u00f3n sea real. Visita nuestro medio informativo publicado desde Hermosillo, Sonora. %","breadcrumb":{"@id":"https:\/\/www.sonoraenequipo.com.mx\/inicia-proceso-electoral-federal-2023-2024\/#breadcrumb"},"inLanguage":"es","potentialAction":[{"@type":"ReadAction","target":["https:\/\/www.sonoraenequipo.com.mx\/inicia-proceso-electoral-federal-2023-2024\/"]}]},{"@type":"ImageObject","inLanguage":"es","@id":"https:\/\/www.sonoraenequipo.com.mx\/inicia-proceso-electoral-federal-2023-2024\/#primaryimage","url":"https:\/\/www.sonoraenequipo.com.mx\/storage\/2023\/05\/guadalupe-taddei...-min.jpg","contentUrl":"https:\/\/www.sonoraenequipo.com.mx\/storage\/2023\/05\/guadalupe-taddei...-min.jpg","width":900,"height":475,"caption":"Guadalupe Taddei Zavala"},{"@type":"BreadcrumbList","@id":"https:\/\/www.sonoraenequipo.com.mx\/inicia-proceso-electoral-federal-2023-2024\/#breadcrumb","itemListElement":[{"@type":"ListItem","position":1,"name":"Portada","item":"https:\/\/www.sonoraenequipo.com.mx\/"},{"@type":"ListItem","position":2,"name":"Inicia Proceso Electoral Federal 2023-2024"}]},{"@type":"WebSite","@id":"https:\/\/www.sonoraenequipo.com.mx\/#website","url":"https:\/\/www.sonoraenequipo.com.mx\/","name":"Sonora en Equipo.","description":"Diario en l\u00ednea con Noticias desde Hermosillo, Sonora","publisher":{"@id":"https:\/\/www.sonoraenequipo.com.mx\/#organization"},"potentialAction":[{"@type":"SearchAction","target":{"@type":"EntryPoint","urlTemplate":"https:\/\/www.sonoraenequipo.com.mx\/?s={search_term_string}"},"query-input":{"@type":"PropertyValueSpecification","valueRequired":true,"valueName":"search_term_string"}}],"inLanguage":"es"},{"@type":"Organization","@id":"https:\/\/www.sonoraenequipo.com.mx\/#organization","name":"Sonoraenequipo.com.mx","url":"https:\/\/www.sonoraenequipo.com.mx\/","logo":{"@type":"ImageObject","inLanguage":"es","@id":"https:\/\/www.sonoraenequipo.com.mx\/#\/schema\/logo\/image\/","url":"https:\/\/www.sonoraenequipo.com.mx\/storage\/2019\/01\/sonoraenequipo_opt.png","contentUrl":"https:\/\/www.sonoraenequipo.com.mx\/storage\/2019\/01\/sonoraenequipo_opt.png","width":375,"height":125,"caption":"Sonoraenequipo.com.mx"},"image":{"@id":"https:\/\/www.sonoraenequipo.com.mx\/#\/schema\/logo\/image\/"},"sameAs":["https:\/\/www.facebook.com\/SonoraEE\/","https:\/\/x.com\/sonoraenequipo","https:\/\/www.youtube.com\/channel\/UC338nW-lPEYmJQs4ZABQ1SQ"]},{"@type":"Person","@id":"https:\/\/www.sonoraenequipo.com.mx\/#\/schema\/person\/50102df0fb23a8fa9e8effad8fa81386","name":"enequipo","image":{"@type":"ImageObject","inLanguage":"es","@id":"https:\/\/www.sonoraenequipo.com.mx\/#\/schema\/person\/image\/","url":"https:\/\/secure.gravatar.com\/avatar\/049821681b589dabc0bc20695993ccebb09f5b5d4d790cd9251b97faac7c652b?s=96&d=blank&r=g","contentUrl":"https:\/\/secure.gravatar.com\/avatar\/049821681b589dabc0bc20695993ccebb09f5b5d4d790cd9251b97faac7c652b?s=96&d=blank&r=g","caption":"enequipo"},"sameAs":["https:\/\/www.facebook.com\/SonoraEE"]}]}},"jetpack_featured_media_url":"https:\/\/www.sonoraenequipo.com.mx\/storage\/2023\/05\/guadalupe-taddei...-min.jpg","_links":{"self":[{"href":"https:\/\/www.sonoraenequipo.com.mx\/api\/wp\/v2\/posts\/174369","targetHints":{"allow":["GET"]}}],"collection":[{"href":"https:\/\/www.sonoraenequipo.com.mx\/api\/wp\/v2\/posts"}],"about":[{"href":"https:\/\/www.sonoraenequipo.com.mx\/api\/wp\/v2\/types\/post"}],"author":[{"embeddable":true,"href":"https:\/\/www.sonoraenequipo.com.mx\/api\/wp\/v2\/users\/1"}],"replies":[{"embeddable":true,"href":"https:\/\/www.sonoraenequipo.com.mx\/api\/wp\/v2\/comments?post=174369"}],"version-history":[{"count":1,"href":"https:\/\/www.sonoraenequipo.com.mx\/api\/wp\/v2\/posts\/174369\/revisions"}],"predecessor-version":[{"id":174372,"href":"https:\/\/www.sonoraenequipo.com.mx\/api\/wp\/v2\/posts\/174369\/revisions\/174372"}],"wp:featuredmedia":[{"embeddable":true,"href":"https:\/\/www.sonoraenequipo.com.mx\/api\/wp\/v2\/media\/166278"}],"wp:attachment":[{"href":"https:\/\/www.sonoraenequipo.com.mx\/api\/wp\/v2\/media?parent=174369"}],"wp:term":[{"taxonomy":"category","embeddable":true,"href":"https:\/\/www.sonoraenequipo.com.mx\/api\/wp\/v2\/categories?post=174369"},{"taxonomy":"post_tag","embeddable":true,"href":"https:\/\/www.sonoraenequipo.com.mx\/api\/wp\/v2\/tags?post=174369"}],"curies":[{"name":"wp","href":"https:\/\/api.w.org\/{rel}","templated":true}]}}