{"id":174378,"date":"2023-09-07T19:44:45","date_gmt":"2023-09-08T02:44:45","guid":{"rendered":"https:\/\/www.sonoraenequipo.com.mx\/?p=174378"},"modified":"2023-09-07T22:28:55","modified_gmt":"2023-09-08T05:28:55","slug":"ine-ordena-retirar-diversos-contenidos-por-constituir-presuntos-actos-anticipados-de-precampana-y-campana","status":"publish","type":"post","link":"https:\/\/www.sonoraenequipo.com.mx\/ine-ordena-retirar-diversos-contenidos-por-constituir-presuntos-actos-anticipados-de-precampana-y-campana\/","title":{"rendered":"INE ordena retirar diversos contenidos por constituir presuntos actos anticipados de precampa\u00f1a y campa\u00f1a"},"content":{"rendered":"<p><strong>CIUDAD DE M\u00c9XICO.<\/strong><strong>\u2500\u2500 <\/strong>La Comisi\u00f3n de Quejas y Denuncias del Instituto Nacional Electoral (INE) resolvi\u00f3 seis medidas cautelares: cinco solicitadas por posibles actos anticipados de precampa\u00f1a y campa\u00f1a, uso indebido de recursos p\u00fablicos, as\u00ed como violaci\u00f3n a Lineamientos generales para regular y fiscalizar los procesos, actos, actividades y propaganda realizados en los procesos pol\u00edticos, y una m\u00e1s por violaci\u00f3n al inter\u00e9s superior de la ni\u00f1ez de cara al Proceso Electoral Federal 2023-2024.<\/p>\n<p>&nbsp;<\/p>\n<p>Propagada en transporte p\u00fablico puede constituir actos anticipados de precampa\u00f1a y campa\u00f1a<\/p>\n<p>&nbsp;<\/p>\n<p>El Partido de la Revoluci\u00f3n Democr\u00e1tica (PRD) present\u00f3 queja contra el Titular del Ejecutivo Federal y de Claudia Sheinbaum Pardo, as\u00ed como del instituto pol\u00edtico Morena, derivado de la colocaci\u00f3n de propaganda pol\u00edtico-electoral en transporte p\u00fablico de la Ciudad de M\u00e9xico.<\/p>\n<p>&nbsp;<\/p>\n<p>La Comisi\u00f3n orden\u00f3 eliminar la propaganda con la imagen de los denunciados y con las leyendas YO AMLO A CLAUDIA y EN LA ENCUESTA #EsClaudia y EN LA ENCUESTA #EsClaudia LA RESPUESTA, colocada en ciertos veh\u00edculos de transporte p\u00fablico de las rutas 56, 36, 1, 84 y 94 de los paraderos norte y sur del Metro Taxque\u00f1a, as\u00ed como la ruta 26 de la terminal base Pino Su\u00e1rez a Fernando Celada embarcadero Xochimilco, pues del an\u00e1lisis al contenido se advierten elementos de apoyo de parte del Presidente de la Rep\u00fablica que pudieran guardar relaci\u00f3n con el proceso interno en el que actualmente participa Sheinbaum Pardo, lo cual puede configurar actos anticipados de precampa\u00f1a y campa\u00f1a.<\/p>\n<p>&nbsp;<\/p>\n<p>Por lo anterior, la Comisi\u00f3n formul\u00f3 un recordatorio a Morena en el sentido de dar cumplimiento a los Lineamientos generales para regular y fiscalizar los procesos, actos, actividades y propaganda realizados en los procesos pol\u00edticos.<\/p>\n<p>&nbsp;<\/p>\n<p>Sobre el retiro de la propaganda colocada en algunos veh\u00edculos de transporte p\u00fablico de la ruta 1 y 87, de los paraderos norte y sur del Metro Taxque\u00f1a en la Ciudad de M\u00e9xico, se determin\u00f3 improcedente pues su existencia no se encuentra acreditada.<\/p>\n<p>&nbsp;<\/p>\n<p>Tambi\u00e9n se resolvi\u00f3 improcedente la tutela preventiva respecto de ordenar a los denunciados abstenerse de desplegar propaganda que no est\u00e9 encaminada al proceso interno, porque bajo la apariencia del buen derecho, la petici\u00f3n se trata de hechos futuros de realizaci\u00f3n incierta.<\/p>\n<p>&nbsp;<\/p>\n<p>Publicaciones de personas servidoras p\u00fablicas de evento en Guanajuato, podr\u00edan incumplir Lineamientos para regular procesos partidistas<\/p>\n<p>&nbsp;<\/p>\n<p>En otra queja, un ciudadano denunci\u00f3 a Bertha X\u00f3chitl G\u00e1lvez Ruiz, Diego Sinhue Rodr\u00edguez Vallejo, gobernador de Guanajuato y otras personas servidoras p\u00fablicas,\u00a0 derivado de la organizaci\u00f3n de un evento que tuvo lugar el 1 de agosto de 2023, en Guanajuato y su posterior difusi\u00f3n en redes sociales para sobreexponer la imagen de G\u00e1lvez Ruiz de cara a la elecci\u00f3n presidencial 2024.<\/p>\n<p>&nbsp;<\/p>\n<p>De un an\u00e1lisis preliminar y bajo la apariencia del buen derecho, advierten que las personas denunciadas manifestaron su simpat\u00eda por G\u00e1lvez Ruiz en el marco de su visita por la entidad, incumpliendo con los Lineamientos generales para regular y fiscalizar los procesos, actos, actividades y propaganda realizados en los procesos pol\u00edticos, ordenando la Comisi\u00f3n retirar las publicaciones en redes sociales, as\u00ed como de cualquier otra plataforma electr\u00f3nica o impresa en que se hayan difundido.<\/p>\n<p>&nbsp;<\/p>\n<p>Se ordena eliminar publicaciones de Marcelo Ebrard en Instagram<\/p>\n<p>&nbsp;<\/p>\n<p>Marcelo Luis Ebrard Casaubon fue denunciado por la presunta vulneraci\u00f3n al inter\u00e9s superior de la ni\u00f1ez y actos anticipados de precampa\u00f1a y campa\u00f1a, derivado de publicaciones realizadas en sus cuentas personales de Instagram y X, antes Twitter.<\/p>\n<p>&nbsp;<\/p>\n<p>El colegiado resolvi\u00f3 ordenar a Ebrard Casaubon elimine una publicaci\u00f3n que se encuentra alojada en Instagram o, en su caso, difuminar la imagen de la persona menor de edad que ah\u00ed se aprecia, pues el denunciado no aport\u00f3 los documentos necesarios para acreditar el otorgamiento del consentimiento y\/o autorizaci\u00f3n o permiso de los padres para que el menor participara en la propaganda.<\/p>\n<p>&nbsp;<\/p>\n<p>Y se concedi\u00f3 la tutela preventiva, por lo que se le orden\u00f3 dar cumplimiento a las disposiciones contenidas en los Lineamientos Generales para la Protecci\u00f3n de Ni\u00f1as, Ni\u00f1os y Adolescentes en Materia de Propaganda y Mensajes Electorales, recabando, previo a la difusi\u00f3n, las autorizaciones correspondientes.<\/p>\n<p>&nbsp;<\/p>\n<p>La segunda queja deriva de la presentaci\u00f3n en redes sociales, medios de comunicaci\u00f3n y eventos, del programa econ\u00f3mico denominado \u201cPara ganar m\u00e1s\u201d en el que, seg\u00fan el quejoso, se expone una plataforma electoral y propuestas de campa\u00f1a.<\/p>\n<p>&nbsp;<\/p>\n<p>Bajo la apariencia del buen derecho, la Comisi\u00f3n advirti\u00f3 que el contenido de las publicaciones pudiera constituir la comisi\u00f3n de actos anticipados de campa\u00f1a, adem\u00e1s de un incumplimiento a los Lineamientos generales para regular y fiscalizar los procesos, actos, actividades y propaganda realizados en los procesos pol\u00edticos, de ah\u00ed la procedencia de las medidas, ordenando retirar el contenido de sus redes sociales y de cualquier otra plataforma.<\/p>\n<p>&nbsp;<\/p>\n<p>En el mismo asunto neg\u00f3 las medidas cautelares, en nueve de las publicaciones denunciadas, ya que no pueden ser visualizadas, por lo que se est\u00e1 en presencia de actos consumados de manera irreparable.<\/p>\n<p>&nbsp;<\/p>\n<p>Se ordena eliminar publicaciones de Beatriz Paredes en Instagram<\/p>\n<p>&nbsp;<\/p>\n<p>La Comisi\u00f3n resolvi\u00f3 procedente las medidas cautelares solicitadas por el Partido Verde Ecologista de M\u00e9xico (PVEM) en contra de Beatriz Elena Paredes Rangel y los partidos que conforman el denominado Frente Amplio por M\u00e9xico, derivado de la difusi\u00f3n de dos publicaciones en su perfil de la red social Instagram, en las que, a decir del quejoso, realiza manifestaciones proselitistas.<\/p>\n<p>&nbsp;<\/p>\n<p>Por ello, le orden\u00f3 retirar el contenido de sus redes sociales, as\u00ed como de cualquier otra ubicaci\u00f3n en que se haya difundido el foro regional celebrado el 22 de agosto de 2023 en Le\u00f3n, Guanajuato.<\/p>\n<p>&nbsp;<\/p>\n<p>Lo anterior es as\u00ed, porque de un an\u00e1lisis preliminar y bajo la apariencia del buen derecho, el contenido pudiera afectar los principios de la equidad en las contiendas pr\u00f3ximas a iniciar, ya que puede generar confusi\u00f3n en el sentido de si las actividades y mensajes emitidos por Paredes Rangel tienen la finalidad de obtener un cargo de car\u00e1cter partidista o, en realidad, se trata de actos de una contienda de car\u00e1cter electoral.<\/p>\n<p>&nbsp;<\/p>\n<p>Evento de Claudia Sheinbaum en Parque La Bombilla, se trata de hechos consumados<\/p>\n<p>&nbsp;<\/p>\n<p>Diversas ciudadanas presentaron queja en contra de Claudia Sheinbaum Pardo, por la celebraci\u00f3n de un evento llevado a cabo en el Parque La Bombilla, ubicado en la Avenida de la Paz, Chimalistac, Alcald\u00eda \u00c1lvaro Obreg\u00f3n, en la Ciudad de M\u00e9xico, denominado Asamblea Informativa, as\u00ed como la utilizaci\u00f3n de unidades de transporte p\u00fablico para trasladar a los asistentes e invitados.<\/p>\n<p>&nbsp;<\/p>\n<p>Al respecto, el colegiado determin\u00f3 la improcedencia de la medida cautelar al tratarse de hechos consumados, pues el evento denunciado se celebr\u00f3 el pasado 15 de agosto de 2023.<\/p>\n<p>&nbsp;<\/p>\n<p>En todos los casos, respecto al posible uso indebido de recursos p\u00fablicos y la aparente violaci\u00f3n al art\u00edculo 134 constitucional, corresponder\u00e1 a la Sala Regional Especializada del Tribunal Electoral del Poder Judicial de la Federaci\u00f3n (TEPJF) determinar lo conducente cuando realice el an\u00e1lisis de fondo.<\/p>\n<p>&nbsp;<\/p>\n<p>Finalmente, la Comisi\u00f3n de Quejas y Denuncias reiter\u00f3 a las y los servidores p\u00fablicos denunciados que tienen la obligaci\u00f3n de conducir sus conductas apegados a los principios de neutralidad e imparcialidad, principalmente cuando se est\u00e1 a un d\u00eda de que comience el Proceso Electoral Federal 2023-2024.<\/p>\n<p>&nbsp;<\/p>\n<p>En cuanto a las solicitudes de tutela preventiva en los presentes casos, la Comisi\u00f3n declar\u00f3 su improcedencia, al tratarse de hechos futuros de realizaci\u00f3n incierta.<\/p>\n<p>&nbsp;<\/p>\n<p>En la sesi\u00f3n se present\u00f3 y aprob\u00f3 el Informe de Gesti\u00f3n de la Consejera Claudia Zavala como presidenta de la Comisi\u00f3n de Quejas y Denuncias durante el 2023.<\/p>\n<p><strong>Fecha de publicaci\u00f3n\u00a0 jueves 7 de septiembre de 2023<\/strong><\/p>\n","protected":false},"excerpt":{"rendered":"<p>CIUDAD DE M\u00c9XICO.\u2500\u2500 La Comisi\u00f3n de Quejas y Denuncias del Instituto Nacional Electoral (INE) resolvi\u00f3&#8230;<\/p>\n","protected":false},"author":1,"featured_media":160477,"comment_status":"open","ping_status":"open","sticky":false,"template":"","format":"standard","meta":{"_monsterinsights_skip_tracking":false,"_monsterinsights_sitenote_active":false,"_monsterinsights_sitenote_note":"","_monsterinsights_sitenote_category":0,"footnotes":""},"categories":[5],"tags":[7497,8280],"class_list":["post"],"yoast_head":" \n<title>Sonora en Equipo. INE ordena retirar diversos contenidos por constituir presuntos actos anticipados de precampa\u00f1a y campa\u00f1a Rep\u00fablica<\/title>\n<meta name=\"description\" content=\"CIUDAD DE M\u00c9XICO.\u2500\u2500 La Comisi\u00f3n de Quejas y Denuncias del Instituto Nacional Electoral (INE) resolvi\u00f3 seis medidas cautelares: cinco solicitadas por En Sonora en Equipo publicamos toda la informaci\u00f3n de Sonora, M\u00e9xico y el Mundo de manera oportuna y busca que la libertad de expresi\u00f3n sea real. Visita nuestro medio informativo publicado desde Hermosillo, Sonora. %\" \/>\n<meta name=\"robots\" content=\"index, follow, max-snippet:-1, max-image-preview:large, max-video-preview:-1\" \/>\n<link rel=\"canonical\" href=\"https:\/\/www.sonoraenequipo.com.mx\/ine-ordena-retirar-diversos-contenidos-por-constituir-presuntos-actos-anticipados-de-precampana-y-campana\/\" \/>\n<meta property=\"og:locale\" content=\"es_ES\" \/>\n<meta property=\"og:type\" content=\"article\" \/>\n<meta property=\"og:title\" content=\"Sonora en Equipo. INE ordena retirar diversos contenidos por constituir presuntos actos anticipados de precampa\u00f1a y campa\u00f1a Rep\u00fablica\" \/>\n<meta property=\"og:description\" content=\"CIUDAD DE M\u00c9XICO.\u2500\u2500 La Comisi\u00f3n de Quejas y Denuncias del Instituto Nacional Electoral (INE) resolvi\u00f3 seis medidas cautelares: cinco solicitadas por En Sonora en Equipo publicamos toda la informaci\u00f3n de Sonora, M\u00e9xico y el Mundo de manera oportuna y busca que la libertad de expresi\u00f3n sea real. Visita nuestro medio informativo publicado desde Hermosillo, Sonora. %\" \/>\n<meta property=\"og:url\" content=\"https:\/\/www.sonoraenequipo.com.mx\/ine-ordena-retirar-diversos-contenidos-por-constituir-presuntos-actos-anticipados-de-precampana-y-campana\/\" \/>\n<meta property=\"og:site_name\" content=\"Sonora en Equipo.\" \/>\n<meta property=\"article:publisher\" content=\"https:\/\/www.facebook.com\/SonoraEE\/\" \/>\n<meta property=\"article:author\" content=\"https:\/\/www.facebook.com\/SonoraEE\" \/>\n<meta property=\"article:published_time\" content=\"2023-09-08T02:44:45+00:00\" \/>\n<meta property=\"article:modified_time\" content=\"2023-09-08T05:28:55+00:00\" \/>\n<meta property=\"og:image\" content=\"https:\/\/www.sonoraenequipo.com.mx\/storage\/2023\/03\/El-INE-presenta-segunda-controversia-constitucional-contra-Plan-B-electoral..-min.jpg\" \/>\n\t<meta property=\"og:image:width\" content=\"900\" \/>\n\t<meta property=\"og:image:height\" content=\"536\" \/>\n\t<meta property=\"og:image:type\" content=\"image\/jpeg\" \/>\n<meta name=\"author\" content=\"enequipo\" \/>\n<meta name=\"twitter:card\" content=\"summary_large_image\" \/>\n<meta name=\"twitter:creator\" content=\"@sonoraenequipo\" \/>\n<meta name=\"twitter:site\" content=\"@sonoraenequipo\" \/>\n<meta name=\"twitter:label1\" content=\"Escrito por\" \/>\n\t<meta name=\"twitter:data1\" content=\"enequipo\" \/>\n\t<meta name=\"twitter:label2\" content=\"Tiempo de lectura\" \/>\n\t<meta name=\"twitter:data2\" content=\"7 minutos\" \/>\n<script type=\"application\/ld+json\" class=\"yoast-schema-graph\">{\"@context\":\"https:\/\/schema.org\",\"@graph\":[{\"@type\":\"Article\",\"@id\":\"https:\/\/www.sonoraenequipo.com.mx\/ine-ordena-retirar-diversos-contenidos-por-constituir-presuntos-actos-anticipados-de-precampana-y-campana\/#article\",\"isPartOf\":{\"@id\":\"https:\/\/www.sonoraenequipo.com.mx\/ine-ordena-retirar-diversos-contenidos-por-constituir-presuntos-actos-anticipados-de-precampana-y-campana\/\"},\"author\":{\"name\":\"enequipo\",\"@id\":\"https:\/\/www.sonoraenequipo.com.mx\/#\/schema\/person\/50102df0fb23a8fa9e8effad8fa81386\"},\"headline\":\"INE ordena retirar diversos contenidos por constituir presuntos actos anticipados de precampa\u00f1a y campa\u00f1a\",\"datePublished\":\"2023-09-08T02:44:45+00:00\",\"dateModified\":\"2023-09-08T05:28:55+00:00\",\"mainEntityOfPage\":{\"@id\":\"https:\/\/www.sonoraenequipo.com.mx\/ine-ordena-retirar-diversos-contenidos-por-constituir-presuntos-actos-anticipados-de-precampana-y-campana\/\"},\"wordCount\":1365,\"commentCount\":0,\"publisher\":{\"@id\":\"https:\/\/www.sonoraenequipo.com.mx\/#organization\"},\"image\":{\"@id\":\"https:\/\/www.sonoraenequipo.com.mx\/ine-ordena-retirar-diversos-contenidos-por-constituir-presuntos-actos-anticipados-de-precampana-y-campana\/#primaryimage\"},\"thumbnailUrl\":\"https:\/\/www.sonoraenequipo.com.mx\/storage\/2023\/03\/El-INE-presenta-segunda-controversia-constitucional-contra-Plan-B-electoral..-min.jpg\",\"keywords\":[\"2024\",\"PEF\"],\"articleSection\":[\"Rep\u00fablica\"],\"inLanguage\":\"es\",\"potentialAction\":[{\"@type\":\"CommentAction\",\"name\":\"Comment\",\"target\":[\"https:\/\/www.sonoraenequipo.com.mx\/ine-ordena-retirar-diversos-contenidos-por-constituir-presuntos-actos-anticipados-de-precampana-y-campana\/#respond\"]}]},{\"@type\":\"WebPage\",\"@id\":\"https:\/\/www.sonoraenequipo.com.mx\/ine-ordena-retirar-diversos-contenidos-por-constituir-presuntos-actos-anticipados-de-precampana-y-campana\/\",\"url\":\"https:\/\/www.sonoraenequipo.com.mx\/ine-ordena-retirar-diversos-contenidos-por-constituir-presuntos-actos-anticipados-de-precampana-y-campana\/\",\"name\":\"Sonora en Equipo. INE ordena retirar diversos contenidos por constituir presuntos actos anticipados de precampa\u00f1a y campa\u00f1a Rep\u00fablica\",\"isPartOf\":{\"@id\":\"https:\/\/www.sonoraenequipo.com.mx\/#website\"},\"primaryImageOfPage\":{\"@id\":\"https:\/\/www.sonoraenequipo.com.mx\/ine-ordena-retirar-diversos-contenidos-por-constituir-presuntos-actos-anticipados-de-precampana-y-campana\/#primaryimage\"},\"image\":{\"@id\":\"https:\/\/www.sonoraenequipo.com.mx\/ine-ordena-retirar-diversos-contenidos-por-constituir-presuntos-actos-anticipados-de-precampana-y-campana\/#primaryimage\"},\"thumbnailUrl\":\"https:\/\/www.sonoraenequipo.com.mx\/storage\/2023\/03\/El-INE-presenta-segunda-controversia-constitucional-contra-Plan-B-electoral..-min.jpg\",\"datePublished\":\"2023-09-08T02:44:45+00:00\",\"dateModified\":\"2023-09-08T05:28:55+00:00\",\"description\":\"CIUDAD DE M\u00c9XICO.\u2500\u2500 La Comisi\u00f3n de Quejas y Denuncias del Instituto Nacional Electoral (INE) resolvi\u00f3 seis medidas cautelares: cinco solicitadas por En Sonora en Equipo publicamos toda la informaci\u00f3n de Sonora, M\u00e9xico y el Mundo de manera oportuna y busca que la libertad de expresi\u00f3n sea real. Visita nuestro medio informativo publicado desde Hermosillo, Sonora. %\",\"breadcrumb\":{\"@id\":\"https:\/\/www.sonoraenequipo.com.mx\/ine-ordena-retirar-diversos-contenidos-por-constituir-presuntos-actos-anticipados-de-precampana-y-campana\/#breadcrumb\"},\"inLanguage\":\"es\",\"potentialAction\":[{\"@type\":\"ReadAction\",\"target\":[\"https:\/\/www.sonoraenequipo.com.mx\/ine-ordena-retirar-diversos-contenidos-por-constituir-presuntos-actos-anticipados-de-precampana-y-campana\/\"]}]},{\"@type\":\"ImageObject\",\"inLanguage\":\"es\",\"@id\":\"https:\/\/www.sonoraenequipo.com.mx\/ine-ordena-retirar-diversos-contenidos-por-constituir-presuntos-actos-anticipados-de-precampana-y-campana\/#primaryimage\",\"url\":\"https:\/\/www.sonoraenequipo.com.mx\/storage\/2023\/03\/El-INE-presenta-segunda-controversia-constitucional-contra-Plan-B-electoral..-min.jpg\",\"contentUrl\":\"https:\/\/www.sonoraenequipo.com.mx\/storage\/2023\/03\/El-INE-presenta-segunda-controversia-constitucional-contra-Plan-B-electoral..-min.jpg\",\"width\":900,\"height\":536},{\"@type\":\"BreadcrumbList\",\"@id\":\"https:\/\/www.sonoraenequipo.com.mx\/ine-ordena-retirar-diversos-contenidos-por-constituir-presuntos-actos-anticipados-de-precampana-y-campana\/#breadcrumb\",\"itemListElement\":[{\"@type\":\"ListItem\",\"position\":1,\"name\":\"Portada\",\"item\":\"https:\/\/www.sonoraenequipo.com.mx\/\"},{\"@type\":\"ListItem\",\"position\":2,\"name\":\"INE ordena retirar diversos contenidos por constituir presuntos actos anticipados de precampa\u00f1a y campa\u00f1a\"}]},{\"@type\":\"WebSite\",\"@id\":\"https:\/\/www.sonoraenequipo.com.mx\/#website\",\"url\":\"https:\/\/www.sonoraenequipo.com.mx\/\",\"name\":\"Sonora en Equipo.\",\"description\":\"Diario en l\u00ednea con Noticias desde Hermosillo, Sonora\",\"publisher\":{\"@id\":\"https:\/\/www.sonoraenequipo.com.mx\/#organization\"},\"potentialAction\":[{\"@type\":\"SearchAction\",\"target\":{\"@type\":\"EntryPoint\",\"urlTemplate\":\"https:\/\/www.sonoraenequipo.com.mx\/?s={search_term_string}\"},\"query-input\":{\"@type\":\"PropertyValueSpecification\",\"valueRequired\":true,\"valueName\":\"search_term_string\"}}],\"inLanguage\":\"es\"},{\"@type\":\"Organization\",\"@id\":\"https:\/\/www.sonoraenequipo.com.mx\/#organization\",\"name\":\"Sonoraenequipo.com.mx\",\"url\":\"https:\/\/www.sonoraenequipo.com.mx\/\",\"logo\":{\"@type\":\"ImageObject\",\"inLanguage\":\"es\",\"@id\":\"https:\/\/www.sonoraenequipo.com.mx\/#\/schema\/logo\/image\/\",\"url\":\"https:\/\/www.sonoraenequipo.com.mx\/storage\/2019\/01\/sonoraenequipo_opt.png\",\"contentUrl\":\"https:\/\/www.sonoraenequipo.com.mx\/storage\/2019\/01\/sonoraenequipo_opt.png\",\"width\":375,\"height\":125,\"caption\":\"Sonoraenequipo.com.mx\"},\"image\":{\"@id\":\"https:\/\/www.sonoraenequipo.com.mx\/#\/schema\/logo\/image\/\"},\"sameAs\":[\"https:\/\/www.facebook.com\/SonoraEE\/\",\"https:\/\/x.com\/sonoraenequipo\",\"https:\/\/www.youtube.com\/channel\/UC338nW-lPEYmJQs4ZABQ1SQ\"]},{\"@type\":\"Person\",\"@id\":\"https:\/\/www.sonoraenequipo.com.mx\/#\/schema\/person\/50102df0fb23a8fa9e8effad8fa81386\",\"name\":\"enequipo\",\"image\":{\"@type\":\"ImageObject\",\"inLanguage\":\"es\",\"@id\":\"https:\/\/www.sonoraenequipo.com.mx\/#\/schema\/person\/image\/\",\"url\":\"https:\/\/secure.gravatar.com\/avatar\/049821681b589dabc0bc20695993ccebb09f5b5d4d790cd9251b97faac7c652b?s=96&d=blank&r=g\",\"contentUrl\":\"https:\/\/secure.gravatar.com\/avatar\/049821681b589dabc0bc20695993ccebb09f5b5d4d790cd9251b97faac7c652b?s=96&d=blank&r=g\",\"caption\":\"enequipo\"},\"sameAs\":[\"https:\/\/www.facebook.com\/SonoraEE\"]}]}<\/script>\n ","yoast_head_json":{"title":"Sonora en Equipo. INE ordena retirar diversos contenidos por constituir presuntos actos anticipados de precampa\u00f1a y campa\u00f1a Rep\u00fablica","description":"CIUDAD DE M\u00c9XICO.\u2500\u2500 La Comisi\u00f3n de Quejas y Denuncias del Instituto Nacional Electoral (INE) resolvi\u00f3 seis medidas cautelares: cinco solicitadas por En Sonora en Equipo publicamos toda la informaci\u00f3n de Sonora, M\u00e9xico y el Mundo de manera oportuna y busca que la libertad de expresi\u00f3n sea real. Visita nuestro medio informativo publicado desde Hermosillo, Sonora. %","robots":{"index":"index","follow":"follow","max-snippet":"max-snippet:-1","max-image-preview":"max-image-preview:large","max-video-preview":"max-video-preview:-1"},"canonical":"https:\/\/www.sonoraenequipo.com.mx\/ine-ordena-retirar-diversos-contenidos-por-constituir-presuntos-actos-anticipados-de-precampana-y-campana\/","og_locale":"es_ES","og_type":"article","og_title":"Sonora en Equipo. INE ordena retirar diversos contenidos por constituir presuntos actos anticipados de precampa\u00f1a y campa\u00f1a Rep\u00fablica","og_description":"CIUDAD DE M\u00c9XICO.\u2500\u2500 La Comisi\u00f3n de Quejas y Denuncias del Instituto Nacional Electoral (INE) resolvi\u00f3 seis medidas cautelares: cinco solicitadas por En Sonora en Equipo publicamos toda la informaci\u00f3n de Sonora, M\u00e9xico y el Mundo de manera oportuna y busca que la libertad de expresi\u00f3n sea real. Visita nuestro medio informativo publicado desde Hermosillo, Sonora. %","og_url":"https:\/\/www.sonoraenequipo.com.mx\/ine-ordena-retirar-diversos-contenidos-por-constituir-presuntos-actos-anticipados-de-precampana-y-campana\/","og_site_name":"Sonora en Equipo.","article_publisher":"https:\/\/www.facebook.com\/SonoraEE\/","article_author":"https:\/\/www.facebook.com\/SonoraEE","article_published_time":"2023-09-08T02:44:45+00:00","article_modified_time":"2023-09-08T05:28:55+00:00","og_image":[{"width":900,"height":536,"url":"https:\/\/www.sonoraenequipo.com.mx\/storage\/2023\/03\/El-INE-presenta-segunda-controversia-constitucional-contra-Plan-B-electoral..-min.jpg","type":"image\/jpeg"}],"author":"enequipo","twitter_card":"summary_large_image","twitter_creator":"@sonoraenequipo","twitter_site":"@sonoraenequipo","twitter_misc":{"Escrito por":"enequipo","Tiempo de lectura":"7 minutos"},"schema":{"@context":"https:\/\/schema.org","@graph":[{"@type":"Article","@id":"https:\/\/www.sonoraenequipo.com.mx\/ine-ordena-retirar-diversos-contenidos-por-constituir-presuntos-actos-anticipados-de-precampana-y-campana\/#article","isPartOf":{"@id":"https:\/\/www.sonoraenequipo.com.mx\/ine-ordena-retirar-diversos-contenidos-por-constituir-presuntos-actos-anticipados-de-precampana-y-campana\/"},"author":{"name":"enequipo","@id":"https:\/\/www.sonoraenequipo.com.mx\/#\/schema\/person\/50102df0fb23a8fa9e8effad8fa81386"},"headline":"INE ordena retirar diversos contenidos por constituir presuntos actos anticipados de precampa\u00f1a y campa\u00f1a","datePublished":"2023-09-08T02:44:45+00:00","dateModified":"2023-09-08T05:28:55+00:00","mainEntityOfPage":{"@id":"https:\/\/www.sonoraenequipo.com.mx\/ine-ordena-retirar-diversos-contenidos-por-constituir-presuntos-actos-anticipados-de-precampana-y-campana\/"},"wordCount":1365,"commentCount":0,"publisher":{"@id":"https:\/\/www.sonoraenequipo.com.mx\/#organization"},"image":{"@id":"https:\/\/www.sonoraenequipo.com.mx\/ine-ordena-retirar-diversos-contenidos-por-constituir-presuntos-actos-anticipados-de-precampana-y-campana\/#primaryimage"},"thumbnailUrl":"https:\/\/www.sonoraenequipo.com.mx\/storage\/2023\/03\/El-INE-presenta-segunda-controversia-constitucional-contra-Plan-B-electoral..-min.jpg","keywords":["2024","PEF"],"articleSection":["Rep\u00fablica"],"inLanguage":"es","potentialAction":[{"@type":"CommentAction","name":"Comment","target":["https:\/\/www.sonoraenequipo.com.mx\/ine-ordena-retirar-diversos-contenidos-por-constituir-presuntos-actos-anticipados-de-precampana-y-campana\/#respond"]}]},{"@type":"WebPage","@id":"https:\/\/www.sonoraenequipo.com.mx\/ine-ordena-retirar-diversos-contenidos-por-constituir-presuntos-actos-anticipados-de-precampana-y-campana\/","url":"https:\/\/www.sonoraenequipo.com.mx\/ine-ordena-retirar-diversos-contenidos-por-constituir-presuntos-actos-anticipados-de-precampana-y-campana\/","name":"Sonora en Equipo. INE ordena retirar diversos contenidos por constituir presuntos actos anticipados de precampa\u00f1a y campa\u00f1a Rep\u00fablica","isPartOf":{"@id":"https:\/\/www.sonoraenequipo.com.mx\/#website"},"primaryImageOfPage":{"@id":"https:\/\/www.sonoraenequipo.com.mx\/ine-ordena-retirar-diversos-contenidos-por-constituir-presuntos-actos-anticipados-de-precampana-y-campana\/#primaryimage"},"image":{"@id":"https:\/\/www.sonoraenequipo.com.mx\/ine-ordena-retirar-diversos-contenidos-por-constituir-presuntos-actos-anticipados-de-precampana-y-campana\/#primaryimage"},"thumbnailUrl":"https:\/\/www.sonoraenequipo.com.mx\/storage\/2023\/03\/El-INE-presenta-segunda-controversia-constitucional-contra-Plan-B-electoral..-min.jpg","datePublished":"2023-09-08T02:44:45+00:00","dateModified":"2023-09-08T05:28:55+00:00","description":"CIUDAD DE M\u00c9XICO.\u2500\u2500 La Comisi\u00f3n de Quejas y Denuncias del Instituto Nacional Electoral (INE) resolvi\u00f3 seis medidas cautelares: cinco solicitadas por En Sonora en Equipo publicamos toda la informaci\u00f3n de Sonora, M\u00e9xico y el Mundo de manera oportuna y busca que la libertad de expresi\u00f3n sea real. Visita nuestro medio informativo publicado desde Hermosillo, Sonora. %","breadcrumb":{"@id":"https:\/\/www.sonoraenequipo.com.mx\/ine-ordena-retirar-diversos-contenidos-por-constituir-presuntos-actos-anticipados-de-precampana-y-campana\/#breadcrumb"},"inLanguage":"es","potentialAction":[{"@type":"ReadAction","target":["https:\/\/www.sonoraenequipo.com.mx\/ine-ordena-retirar-diversos-contenidos-por-constituir-presuntos-actos-anticipados-de-precampana-y-campana\/"]}]},{"@type":"ImageObject","inLanguage":"es","@id":"https:\/\/www.sonoraenequipo.com.mx\/ine-ordena-retirar-diversos-contenidos-por-constituir-presuntos-actos-anticipados-de-precampana-y-campana\/#primaryimage","url":"https:\/\/www.sonoraenequipo.com.mx\/storage\/2023\/03\/El-INE-presenta-segunda-controversia-constitucional-contra-Plan-B-electoral..-min.jpg","contentUrl":"https:\/\/www.sonoraenequipo.com.mx\/storage\/2023\/03\/El-INE-presenta-segunda-controversia-constitucional-contra-Plan-B-electoral..-min.jpg","width":900,"height":536},{"@type":"BreadcrumbList","@id":"https:\/\/www.sonoraenequipo.com.mx\/ine-ordena-retirar-diversos-contenidos-por-constituir-presuntos-actos-anticipados-de-precampana-y-campana\/#breadcrumb","itemListElement":[{"@type":"ListItem","position":1,"name":"Portada","item":"https:\/\/www.sonoraenequipo.com.mx\/"},{"@type":"ListItem","position":2,"name":"INE ordena retirar diversos contenidos por constituir presuntos actos anticipados de precampa\u00f1a y campa\u00f1a"}]},{"@type":"WebSite","@id":"https:\/\/www.sonoraenequipo.com.mx\/#website","url":"https:\/\/www.sonoraenequipo.com.mx\/","name":"Sonora en Equipo.","description":"Diario en l\u00ednea con Noticias desde Hermosillo, Sonora","publisher":{"@id":"https:\/\/www.sonoraenequipo.com.mx\/#organization"},"potentialAction":[{"@type":"SearchAction","target":{"@type":"EntryPoint","urlTemplate":"https:\/\/www.sonoraenequipo.com.mx\/?s={search_term_string}"},"query-input":{"@type":"PropertyValueSpecification","valueRequired":true,"valueName":"search_term_string"}}],"inLanguage":"es"},{"@type":"Organization","@id":"https:\/\/www.sonoraenequipo.com.mx\/#organization","name":"Sonoraenequipo.com.mx","url":"https:\/\/www.sonoraenequipo.com.mx\/","logo":{"@type":"ImageObject","inLanguage":"es","@id":"https:\/\/www.sonoraenequipo.com.mx\/#\/schema\/logo\/image\/","url":"https:\/\/www.sonoraenequipo.com.mx\/storage\/2019\/01\/sonoraenequipo_opt.png","contentUrl":"https:\/\/www.sonoraenequipo.com.mx\/storage\/2019\/01\/sonoraenequipo_opt.png","width":375,"height":125,"caption":"Sonoraenequipo.com.mx"},"image":{"@id":"https:\/\/www.sonoraenequipo.com.mx\/#\/schema\/logo\/image\/"},"sameAs":["https:\/\/www.facebook.com\/SonoraEE\/","https:\/\/x.com\/sonoraenequipo","https:\/\/www.youtube.com\/channel\/UC338nW-lPEYmJQs4ZABQ1SQ"]},{"@type":"Person","@id":"https:\/\/www.sonoraenequipo.com.mx\/#\/schema\/person\/50102df0fb23a8fa9e8effad8fa81386","name":"enequipo","image":{"@type":"ImageObject","inLanguage":"es","@id":"https:\/\/www.sonoraenequipo.com.mx\/#\/schema\/person\/image\/","url":"https:\/\/secure.gravatar.com\/avatar\/049821681b589dabc0bc20695993ccebb09f5b5d4d790cd9251b97faac7c652b?s=96&d=blank&r=g","contentUrl":"https:\/\/secure.gravatar.com\/avatar\/049821681b589dabc0bc20695993ccebb09f5b5d4d790cd9251b97faac7c652b?s=96&d=blank&r=g","caption":"enequipo"},"sameAs":["https:\/\/www.facebook.com\/SonoraEE"]}]}},"jetpack_featured_media_url":"https:\/\/www.sonoraenequipo.com.mx\/storage\/2023\/03\/El-INE-presenta-segunda-controversia-constitucional-contra-Plan-B-electoral..-min.jpg","_links":{"self":[{"href":"https:\/\/www.sonoraenequipo.com.mx\/api\/wp\/v2\/posts\/174378","targetHints":{"allow":["GET"]}}],"collection":[{"href":"https:\/\/www.sonoraenequipo.com.mx\/api\/wp\/v2\/posts"}],"about":[{"href":"https:\/\/www.sonoraenequipo.com.mx\/api\/wp\/v2\/types\/post"}],"author":[{"embeddable":true,"href":"https:\/\/www.sonoraenequipo.com.mx\/api\/wp\/v2\/users\/1"}],"replies":[{"embeddable":true,"href":"https:\/\/www.sonoraenequipo.com.mx\/api\/wp\/v2\/comments?post=174378"}],"version-history":[{"count":1,"href":"https:\/\/www.sonoraenequipo.com.mx\/api\/wp\/v2\/posts\/174378\/revisions"}],"predecessor-version":[{"id":174388,"href":"https:\/\/www.sonoraenequipo.com.mx\/api\/wp\/v2\/posts\/174378\/revisions\/174388"}],"wp:featuredmedia":[{"embeddable":true,"href":"https:\/\/www.sonoraenequipo.com.mx\/api\/wp\/v2\/media\/160477"}],"wp:attachment":[{"href":"https:\/\/www.sonoraenequipo.com.mx\/api\/wp\/v2\/media?parent=174378"}],"wp:term":[{"taxonomy":"category","embeddable":true,"href":"https:\/\/www.sonoraenequipo.com.mx\/api\/wp\/v2\/categories?post=174378"},{"taxonomy":"post_tag","embeddable":true,"href":"https:\/\/www.sonoraenequipo.com.mx\/api\/wp\/v2\/tags?post=174378"}],"curies":[{"name":"wp","href":"https:\/\/api.w.org\/{rel}","templated":true}]}}