{"id":174407,"date":"2023-09-07T18:23:11","date_gmt":"2023-09-08T01:23:11","guid":{"rendered":"https:\/\/www.sonoraenequipo.com.mx\/?p=174407"},"modified":"2023-09-07T18:23:59","modified_gmt":"2023-09-08T01:23:59","slug":"enfrentamiento-en-slrc-deja-policiaherido-y-dos-hombres-muertos","status":"publish","type":"post","link":"https:\/\/www.sonoraenequipo.com.mx\/enfrentamiento-en-slrc-deja-policiaherido-y-dos-hombres-muertos\/","title":{"rendered":"Enfrentamiento en SLRC deja polic\u00eda herido y dos hombres muertos"},"content":{"rendered":"<ul>\n<li>En el operativo se detuvo a un generador de violencia y se neutralizaron a dos m\u00e1s<\/li>\n<\/ul>\n<p>&nbsp;<\/p>\n<p>SAN LUIS R\u00cdO COLORADO, SONORA.\u2500\u2500La Fiscal\u00eda General de Justicia del Estado de Sonora (FGJE) inici\u00f3 investigaciones en San Luis R\u00edo Colorado, luego de que agentes de seguridad de ese municipio controlaran una situaci\u00f3n de violencia tras ser agredidos por personas armadas, donde se detuvo a un generador de violencia y dos m\u00e1s fueron neutralizados.<\/p>\n<p>&nbsp;<\/p>\n<p>Tras el operativo efectuado por distintas calles del municipio, un polic\u00eda municipal result\u00f3 herido en su hombro durante el enfrentamiento y se encuentra fuera de peligro.<\/p>\n<p>&nbsp;<\/p>\n<p>Los hechos ocurrieron cuando los presuntos delincuentes viajaban en un veh\u00edculo desde donde arrojaron artefactos poncha llantas a las unidades policiacas, posteriormente perdieron el control del autom\u00f3vil y se impactaron contra una barda, al descender realizaron disparos contra los municipales, quienes repelieron la agresi\u00f3n para neutralizar a dos de ellos.<\/p>\n<p>&nbsp;<\/p>\n<p>Elementos de los tres \u00f3rdenes de Gobierno arribaron en apoyo al sitio y mantienen operativo de b\u00fasqueda de m\u00e1s presuntos agresores. Personal de la Fiscal\u00eda de Sonora se encuentra procesando la escena.<\/p>\n<p><strong>Fecha de publicaci\u00f3n\u00a0 jueves 7 de septiembre de 2023<\/strong><\/p>\n","protected":false},"excerpt":{"rendered":"<p>En el operativo se detuvo a un generador de violencia y se neutralizaron a dos&#8230;<\/p>\n","protected":false},"author":1,"featured_media":79123,"comment_status":"open","ping_status":"open","sticky":false,"template":"","format":"standard","meta":{"_monsterinsights_skip_tracking":false,"_monsterinsights_sitenote_active":false,"_monsterinsights_sitenote_note":"","_monsterinsights_sitenote_category":0,"footnotes":""},"categories":[3144],"tags":[],"class_list":["post"],"yoast_head":" \n<title>Sonora en Equipo. Enfrentamiento en SLRC deja polic\u00eda herido y dos hombres muertos Polic\u00edaca<\/title>\n<meta name=\"description\" content=\"En el operativo se detuvo a un generador de violencia y se neutralizaron a dos m\u00e1s &nbsp; SAN LUIS R\u00cdO COLORADO, SONORA.\u2500\u2500La Fiscal\u00eda General de Justicia En Sonora en Equipo publicamos toda la informaci\u00f3n de Sonora, M\u00e9xico y el Mundo de manera oportuna y busca que la libertad de expresi\u00f3n sea real. Visita nuestro medio informativo publicado desde Hermosillo, Sonora. %\" \/>\n<meta name=\"robots\" content=\"index, follow, max-snippet:-1, max-image-preview:large, max-video-preview:-1\" \/>\n<link rel=\"canonical\" href=\"https:\/\/www.sonoraenequipo.com.mx\/enfrentamiento-en-slrc-deja-policiaherido-y-dos-hombres-muertos\/\" \/>\n<meta property=\"og:locale\" content=\"es_ES\" \/>\n<meta property=\"og:type\" content=\"article\" \/>\n<meta property=\"og:title\" content=\"Sonora en Equipo. Enfrentamiento en SLRC deja polic\u00eda herido y dos hombres muertos Polic\u00edaca\" \/>\n<meta property=\"og:description\" content=\"En el operativo se detuvo a un generador de violencia y se neutralizaron a dos m\u00e1s &nbsp; SAN LUIS R\u00cdO COLORADO, SONORA.\u2500\u2500La Fiscal\u00eda General de Justicia En Sonora en Equipo publicamos toda la informaci\u00f3n de Sonora, M\u00e9xico y el Mundo de manera oportuna y busca que la libertad de expresi\u00f3n sea real. Visita nuestro medio informativo publicado desde Hermosillo, Sonora. %\" \/>\n<meta property=\"og:url\" content=\"https:\/\/www.sonoraenequipo.com.mx\/enfrentamiento-en-slrc-deja-policiaherido-y-dos-hombres-muertos\/\" \/>\n<meta property=\"og:site_name\" content=\"Sonora en Equipo.\" \/>\n<meta property=\"article:publisher\" content=\"https:\/\/www.facebook.com\/SonoraEE\/\" \/>\n<meta property=\"article:author\" content=\"https:\/\/www.facebook.com\/SonoraEE\" \/>\n<meta property=\"article:published_time\" content=\"2023-09-08T01:23:11+00:00\" \/>\n<meta property=\"article:modified_time\" content=\"2023-09-08T01:23:59+00:00\" \/>\n<meta property=\"og:image\" content=\"https:\/\/www.sonoraenequipo.com.mx\/storage\/2020\/02\/fgje-logo_opt.jpg\" \/>\n\t<meta property=\"og:image:width\" content=\"600\" \/>\n\t<meta property=\"og:image:height\" content=\"400\" \/>\n\t<meta property=\"og:image:type\" content=\"image\/jpeg\" \/>\n<meta name=\"author\" content=\"enequipo\" \/>\n<meta name=\"twitter:card\" content=\"summary_large_image\" \/>\n<meta name=\"twitter:creator\" content=\"@sonoraenequipo\" \/>\n<meta name=\"twitter:site\" content=\"@sonoraenequipo\" \/>\n<meta name=\"twitter:label1\" content=\"Escrito por\" \/>\n\t<meta name=\"twitter:data1\" content=\"enequipo\" \/>\n\t<meta name=\"twitter:label2\" content=\"Tiempo de lectura\" \/>\n\t<meta name=\"twitter:data2\" content=\"1 minuto\" \/>\n<script type=\"application\/ld+json\" class=\"yoast-schema-graph\">{\"@context\":\"https:\/\/schema.org\",\"@graph\":[{\"@type\":\"Article\",\"@id\":\"https:\/\/www.sonoraenequipo.com.mx\/enfrentamiento-en-slrc-deja-policiaherido-y-dos-hombres-muertos\/#article\",\"isPartOf\":{\"@id\":\"https:\/\/www.sonoraenequipo.com.mx\/enfrentamiento-en-slrc-deja-policiaherido-y-dos-hombres-muertos\/\"},\"author\":{\"name\":\"enequipo\",\"@id\":\"https:\/\/www.sonoraenequipo.com.mx\/#\/schema\/person\/50102df0fb23a8fa9e8effad8fa81386\"},\"headline\":\"Enfrentamiento en SLRC deja polic\u00eda herido y dos hombres muertos\",\"datePublished\":\"2023-09-08T01:23:11+00:00\",\"dateModified\":\"2023-09-08T01:23:59+00:00\",\"mainEntityOfPage\":{\"@id\":\"https:\/\/www.sonoraenequipo.com.mx\/enfrentamiento-en-slrc-deja-policiaherido-y-dos-hombres-muertos\/\"},\"wordCount\":215,\"commentCount\":0,\"publisher\":{\"@id\":\"https:\/\/www.sonoraenequipo.com.mx\/#organization\"},\"image\":{\"@id\":\"https:\/\/www.sonoraenequipo.com.mx\/enfrentamiento-en-slrc-deja-policiaherido-y-dos-hombres-muertos\/#primaryimage\"},\"thumbnailUrl\":\"https:\/\/www.sonoraenequipo.com.mx\/storage\/2020\/02\/fgje-logo_opt.jpg\",\"articleSection\":[\"Polic\u00edaca\"],\"inLanguage\":\"es\",\"potentialAction\":[{\"@type\":\"CommentAction\",\"name\":\"Comment\",\"target\":[\"https:\/\/www.sonoraenequipo.com.mx\/enfrentamiento-en-slrc-deja-policiaherido-y-dos-hombres-muertos\/#respond\"]}]},{\"@type\":\"WebPage\",\"@id\":\"https:\/\/www.sonoraenequipo.com.mx\/enfrentamiento-en-slrc-deja-policiaherido-y-dos-hombres-muertos\/\",\"url\":\"https:\/\/www.sonoraenequipo.com.mx\/enfrentamiento-en-slrc-deja-policiaherido-y-dos-hombres-muertos\/\",\"name\":\"Sonora en Equipo. Enfrentamiento en SLRC deja polic\u00eda herido y dos hombres muertos Polic\u00edaca\",\"isPartOf\":{\"@id\":\"https:\/\/www.sonoraenequipo.com.mx\/#website\"},\"primaryImageOfPage\":{\"@id\":\"https:\/\/www.sonoraenequipo.com.mx\/enfrentamiento-en-slrc-deja-policiaherido-y-dos-hombres-muertos\/#primaryimage\"},\"image\":{\"@id\":\"https:\/\/www.sonoraenequipo.com.mx\/enfrentamiento-en-slrc-deja-policiaherido-y-dos-hombres-muertos\/#primaryimage\"},\"thumbnailUrl\":\"https:\/\/www.sonoraenequipo.com.mx\/storage\/2020\/02\/fgje-logo_opt.jpg\",\"datePublished\":\"2023-09-08T01:23:11+00:00\",\"dateModified\":\"2023-09-08T01:23:59+00:00\",\"description\":\"En el operativo se detuvo a un generador de violencia y se neutralizaron a dos m\u00e1s &nbsp; SAN LUIS R\u00cdO COLORADO, SONORA.\u2500\u2500La Fiscal\u00eda General de Justicia En Sonora en Equipo publicamos toda la informaci\u00f3n de Sonora, M\u00e9xico y el Mundo de manera oportuna y busca que la libertad de expresi\u00f3n sea real. Visita nuestro medio informativo publicado desde Hermosillo, Sonora. %\",\"breadcrumb\":{\"@id\":\"https:\/\/www.sonoraenequipo.com.mx\/enfrentamiento-en-slrc-deja-policiaherido-y-dos-hombres-muertos\/#breadcrumb\"},\"inLanguage\":\"es\",\"potentialAction\":[{\"@type\":\"ReadAction\",\"target\":[\"https:\/\/www.sonoraenequipo.com.mx\/enfrentamiento-en-slrc-deja-policiaherido-y-dos-hombres-muertos\/\"]}]},{\"@type\":\"ImageObject\",\"inLanguage\":\"es\",\"@id\":\"https:\/\/www.sonoraenequipo.com.mx\/enfrentamiento-en-slrc-deja-policiaherido-y-dos-hombres-muertos\/#primaryimage\",\"url\":\"https:\/\/www.sonoraenequipo.com.mx\/storage\/2020\/02\/fgje-logo_opt.jpg\",\"contentUrl\":\"https:\/\/www.sonoraenequipo.com.mx\/storage\/2020\/02\/fgje-logo_opt.jpg\",\"width\":600,\"height\":400},{\"@type\":\"BreadcrumbList\",\"@id\":\"https:\/\/www.sonoraenequipo.com.mx\/enfrentamiento-en-slrc-deja-policiaherido-y-dos-hombres-muertos\/#breadcrumb\",\"itemListElement\":[{\"@type\":\"ListItem\",\"position\":1,\"name\":\"Portada\",\"item\":\"https:\/\/www.sonoraenequipo.com.mx\/\"},{\"@type\":\"ListItem\",\"position\":2,\"name\":\"Enfrentamiento en SLRC deja polic\u00eda herido y dos hombres muertos\"}]},{\"@type\":\"WebSite\",\"@id\":\"https:\/\/www.sonoraenequipo.com.mx\/#website\",\"url\":\"https:\/\/www.sonoraenequipo.com.mx\/\",\"name\":\"Sonora en Equipo.\",\"description\":\"Diario en l\u00ednea con Noticias desde Hermosillo, Sonora\",\"publisher\":{\"@id\":\"https:\/\/www.sonoraenequipo.com.mx\/#organization\"},\"potentialAction\":[{\"@type\":\"SearchAction\",\"target\":{\"@type\":\"EntryPoint\",\"urlTemplate\":\"https:\/\/www.sonoraenequipo.com.mx\/?s={search_term_string}\"},\"query-input\":{\"@type\":\"PropertyValueSpecification\",\"valueRequired\":true,\"valueName\":\"search_term_string\"}}],\"inLanguage\":\"es\"},{\"@type\":\"Organization\",\"@id\":\"https:\/\/www.sonoraenequipo.com.mx\/#organization\",\"name\":\"Sonoraenequipo.com.mx\",\"url\":\"https:\/\/www.sonoraenequipo.com.mx\/\",\"logo\":{\"@type\":\"ImageObject\",\"inLanguage\":\"es\",\"@id\":\"https:\/\/www.sonoraenequipo.com.mx\/#\/schema\/logo\/image\/\",\"url\":\"https:\/\/www.sonoraenequipo.com.mx\/storage\/2019\/01\/sonoraenequipo_opt.png\",\"contentUrl\":\"https:\/\/www.sonoraenequipo.com.mx\/storage\/2019\/01\/sonoraenequipo_opt.png\",\"width\":375,\"height\":125,\"caption\":\"Sonoraenequipo.com.mx\"},\"image\":{\"@id\":\"https:\/\/www.sonoraenequipo.com.mx\/#\/schema\/logo\/image\/\"},\"sameAs\":[\"https:\/\/www.facebook.com\/SonoraEE\/\",\"https:\/\/x.com\/sonoraenequipo\",\"https:\/\/www.youtube.com\/channel\/UC338nW-lPEYmJQs4ZABQ1SQ\"]},{\"@type\":\"Person\",\"@id\":\"https:\/\/www.sonoraenequipo.com.mx\/#\/schema\/person\/50102df0fb23a8fa9e8effad8fa81386\",\"name\":\"enequipo\",\"image\":{\"@type\":\"ImageObject\",\"inLanguage\":\"es\",\"@id\":\"https:\/\/www.sonoraenequipo.com.mx\/#\/schema\/person\/image\/\",\"url\":\"https:\/\/secure.gravatar.com\/avatar\/049821681b589dabc0bc20695993ccebb09f5b5d4d790cd9251b97faac7c652b?s=96&d=blank&r=g\",\"contentUrl\":\"https:\/\/secure.gravatar.com\/avatar\/049821681b589dabc0bc20695993ccebb09f5b5d4d790cd9251b97faac7c652b?s=96&d=blank&r=g\",\"caption\":\"enequipo\"},\"sameAs\":[\"https:\/\/www.facebook.com\/SonoraEE\"]}]}<\/script>\n ","yoast_head_json":{"title":"Sonora en Equipo. Enfrentamiento en SLRC deja polic\u00eda herido y dos hombres muertos Polic\u00edaca","description":"En el operativo se detuvo a un generador de violencia y se neutralizaron a dos m\u00e1s &nbsp; SAN LUIS R\u00cdO COLORADO, SONORA.\u2500\u2500La Fiscal\u00eda General de Justicia En Sonora en Equipo publicamos toda la informaci\u00f3n de Sonora, M\u00e9xico y el Mundo de manera oportuna y busca que la libertad de expresi\u00f3n sea real. Visita nuestro medio informativo publicado desde Hermosillo, Sonora. %","robots":{"index":"index","follow":"follow","max-snippet":"max-snippet:-1","max-image-preview":"max-image-preview:large","max-video-preview":"max-video-preview:-1"},"canonical":"https:\/\/www.sonoraenequipo.com.mx\/enfrentamiento-en-slrc-deja-policiaherido-y-dos-hombres-muertos\/","og_locale":"es_ES","og_type":"article","og_title":"Sonora en Equipo. Enfrentamiento en SLRC deja polic\u00eda herido y dos hombres muertos Polic\u00edaca","og_description":"En el operativo se detuvo a un generador de violencia y se neutralizaron a dos m\u00e1s &nbsp; SAN LUIS R\u00cdO COLORADO, SONORA.\u2500\u2500La Fiscal\u00eda General de Justicia En Sonora en Equipo publicamos toda la informaci\u00f3n de Sonora, M\u00e9xico y el Mundo de manera oportuna y busca que la libertad de expresi\u00f3n sea real. Visita nuestro medio informativo publicado desde Hermosillo, Sonora. %","og_url":"https:\/\/www.sonoraenequipo.com.mx\/enfrentamiento-en-slrc-deja-policiaherido-y-dos-hombres-muertos\/","og_site_name":"Sonora en Equipo.","article_publisher":"https:\/\/www.facebook.com\/SonoraEE\/","article_author":"https:\/\/www.facebook.com\/SonoraEE","article_published_time":"2023-09-08T01:23:11+00:00","article_modified_time":"2023-09-08T01:23:59+00:00","og_image":[{"width":600,"height":400,"url":"https:\/\/www.sonoraenequipo.com.mx\/storage\/2020\/02\/fgje-logo_opt.jpg","type":"image\/jpeg"}],"author":"enequipo","twitter_card":"summary_large_image","twitter_creator":"@sonoraenequipo","twitter_site":"@sonoraenequipo","twitter_misc":{"Escrito por":"enequipo","Tiempo de lectura":"1 minuto"},"schema":{"@context":"https:\/\/schema.org","@graph":[{"@type":"Article","@id":"https:\/\/www.sonoraenequipo.com.mx\/enfrentamiento-en-slrc-deja-policiaherido-y-dos-hombres-muertos\/#article","isPartOf":{"@id":"https:\/\/www.sonoraenequipo.com.mx\/enfrentamiento-en-slrc-deja-policiaherido-y-dos-hombres-muertos\/"},"author":{"name":"enequipo","@id":"https:\/\/www.sonoraenequipo.com.mx\/#\/schema\/person\/50102df0fb23a8fa9e8effad8fa81386"},"headline":"Enfrentamiento en SLRC deja polic\u00eda herido y dos hombres muertos","datePublished":"2023-09-08T01:23:11+00:00","dateModified":"2023-09-08T01:23:59+00:00","mainEntityOfPage":{"@id":"https:\/\/www.sonoraenequipo.com.mx\/enfrentamiento-en-slrc-deja-policiaherido-y-dos-hombres-muertos\/"},"wordCount":215,"commentCount":0,"publisher":{"@id":"https:\/\/www.sonoraenequipo.com.mx\/#organization"},"image":{"@id":"https:\/\/www.sonoraenequipo.com.mx\/enfrentamiento-en-slrc-deja-policiaherido-y-dos-hombres-muertos\/#primaryimage"},"thumbnailUrl":"https:\/\/www.sonoraenequipo.com.mx\/storage\/2020\/02\/fgje-logo_opt.jpg","articleSection":["Polic\u00edaca"],"inLanguage":"es","potentialAction":[{"@type":"CommentAction","name":"Comment","target":["https:\/\/www.sonoraenequipo.com.mx\/enfrentamiento-en-slrc-deja-policiaherido-y-dos-hombres-muertos\/#respond"]}]},{"@type":"WebPage","@id":"https:\/\/www.sonoraenequipo.com.mx\/enfrentamiento-en-slrc-deja-policiaherido-y-dos-hombres-muertos\/","url":"https:\/\/www.sonoraenequipo.com.mx\/enfrentamiento-en-slrc-deja-policiaherido-y-dos-hombres-muertos\/","name":"Sonora en Equipo. Enfrentamiento en SLRC deja polic\u00eda herido y dos hombres muertos Polic\u00edaca","isPartOf":{"@id":"https:\/\/www.sonoraenequipo.com.mx\/#website"},"primaryImageOfPage":{"@id":"https:\/\/www.sonoraenequipo.com.mx\/enfrentamiento-en-slrc-deja-policiaherido-y-dos-hombres-muertos\/#primaryimage"},"image":{"@id":"https:\/\/www.sonoraenequipo.com.mx\/enfrentamiento-en-slrc-deja-policiaherido-y-dos-hombres-muertos\/#primaryimage"},"thumbnailUrl":"https:\/\/www.sonoraenequipo.com.mx\/storage\/2020\/02\/fgje-logo_opt.jpg","datePublished":"2023-09-08T01:23:11+00:00","dateModified":"2023-09-08T01:23:59+00:00","description":"En el operativo se detuvo a un generador de violencia y se neutralizaron a dos m\u00e1s &nbsp; SAN LUIS R\u00cdO COLORADO, SONORA.\u2500\u2500La Fiscal\u00eda General de Justicia En Sonora en Equipo publicamos toda la informaci\u00f3n de Sonora, M\u00e9xico y el Mundo de manera oportuna y busca que la libertad de expresi\u00f3n sea real. Visita nuestro medio informativo publicado desde Hermosillo, Sonora. %","breadcrumb":{"@id":"https:\/\/www.sonoraenequipo.com.mx\/enfrentamiento-en-slrc-deja-policiaherido-y-dos-hombres-muertos\/#breadcrumb"},"inLanguage":"es","potentialAction":[{"@type":"ReadAction","target":["https:\/\/www.sonoraenequipo.com.mx\/enfrentamiento-en-slrc-deja-policiaherido-y-dos-hombres-muertos\/"]}]},{"@type":"ImageObject","inLanguage":"es","@id":"https:\/\/www.sonoraenequipo.com.mx\/enfrentamiento-en-slrc-deja-policiaherido-y-dos-hombres-muertos\/#primaryimage","url":"https:\/\/www.sonoraenequipo.com.mx\/storage\/2020\/02\/fgje-logo_opt.jpg","contentUrl":"https:\/\/www.sonoraenequipo.com.mx\/storage\/2020\/02\/fgje-logo_opt.jpg","width":600,"height":400},{"@type":"BreadcrumbList","@id":"https:\/\/www.sonoraenequipo.com.mx\/enfrentamiento-en-slrc-deja-policiaherido-y-dos-hombres-muertos\/#breadcrumb","itemListElement":[{"@type":"ListItem","position":1,"name":"Portada","item":"https:\/\/www.sonoraenequipo.com.mx\/"},{"@type":"ListItem","position":2,"name":"Enfrentamiento en SLRC deja polic\u00eda herido y dos hombres muertos"}]},{"@type":"WebSite","@id":"https:\/\/www.sonoraenequipo.com.mx\/#website","url":"https:\/\/www.sonoraenequipo.com.mx\/","name":"Sonora en Equipo.","description":"Diario en l\u00ednea con Noticias desde Hermosillo, Sonora","publisher":{"@id":"https:\/\/www.sonoraenequipo.com.mx\/#organization"},"potentialAction":[{"@type":"SearchAction","target":{"@type":"EntryPoint","urlTemplate":"https:\/\/www.sonoraenequipo.com.mx\/?s={search_term_string}"},"query-input":{"@type":"PropertyValueSpecification","valueRequired":true,"valueName":"search_term_string"}}],"inLanguage":"es"},{"@type":"Organization","@id":"https:\/\/www.sonoraenequipo.com.mx\/#organization","name":"Sonoraenequipo.com.mx","url":"https:\/\/www.sonoraenequipo.com.mx\/","logo":{"@type":"ImageObject","inLanguage":"es","@id":"https:\/\/www.sonoraenequipo.com.mx\/#\/schema\/logo\/image\/","url":"https:\/\/www.sonoraenequipo.com.mx\/storage\/2019\/01\/sonoraenequipo_opt.png","contentUrl":"https:\/\/www.sonoraenequipo.com.mx\/storage\/2019\/01\/sonoraenequipo_opt.png","width":375,"height":125,"caption":"Sonoraenequipo.com.mx"},"image":{"@id":"https:\/\/www.sonoraenequipo.com.mx\/#\/schema\/logo\/image\/"},"sameAs":["https:\/\/www.facebook.com\/SonoraEE\/","https:\/\/x.com\/sonoraenequipo","https:\/\/www.youtube.com\/channel\/UC338nW-lPEYmJQs4ZABQ1SQ"]},{"@type":"Person","@id":"https:\/\/www.sonoraenequipo.com.mx\/#\/schema\/person\/50102df0fb23a8fa9e8effad8fa81386","name":"enequipo","image":{"@type":"ImageObject","inLanguage":"es","@id":"https:\/\/www.sonoraenequipo.com.mx\/#\/schema\/person\/image\/","url":"https:\/\/secure.gravatar.com\/avatar\/049821681b589dabc0bc20695993ccebb09f5b5d4d790cd9251b97faac7c652b?s=96&d=blank&r=g","contentUrl":"https:\/\/secure.gravatar.com\/avatar\/049821681b589dabc0bc20695993ccebb09f5b5d4d790cd9251b97faac7c652b?s=96&d=blank&r=g","caption":"enequipo"},"sameAs":["https:\/\/www.facebook.com\/SonoraEE"]}]}},"jetpack_featured_media_url":"https:\/\/www.sonoraenequipo.com.mx\/storage\/2020\/02\/fgje-logo_opt.jpg","_links":{"self":[{"href":"https:\/\/www.sonoraenequipo.com.mx\/api\/wp\/v2\/posts\/174407","targetHints":{"allow":["GET"]}}],"collection":[{"href":"https:\/\/www.sonoraenequipo.com.mx\/api\/wp\/v2\/posts"}],"about":[{"href":"https:\/\/www.sonoraenequipo.com.mx\/api\/wp\/v2\/types\/post"}],"author":[{"embeddable":true,"href":"https:\/\/www.sonoraenequipo.com.mx\/api\/wp\/v2\/users\/1"}],"replies":[{"embeddable":true,"href":"https:\/\/www.sonoraenequipo.com.mx\/api\/wp\/v2\/comments?post=174407"}],"version-history":[{"count":2,"href":"https:\/\/www.sonoraenequipo.com.mx\/api\/wp\/v2\/posts\/174407\/revisions"}],"predecessor-version":[{"id":174409,"href":"https:\/\/www.sonoraenequipo.com.mx\/api\/wp\/v2\/posts\/174407\/revisions\/174409"}],"wp:featuredmedia":[{"embeddable":true,"href":"https:\/\/www.sonoraenequipo.com.mx\/api\/wp\/v2\/media\/79123"}],"wp:attachment":[{"href":"https:\/\/www.sonoraenequipo.com.mx\/api\/wp\/v2\/media?parent=174407"}],"wp:term":[{"taxonomy":"category","embeddable":true,"href":"https:\/\/www.sonoraenequipo.com.mx\/api\/wp\/v2\/categories?post=174407"},{"taxonomy":"post_tag","embeddable":true,"href":"https:\/\/www.sonoraenequipo.com.mx\/api\/wp\/v2\/tags?post=174407"}],"curies":[{"name":"wp","href":"https:\/\/api.w.org\/{rel}","templated":true}]}}