{"id":174413,"date":"2023-09-07T15:57:13","date_gmt":"2023-09-07T22:57:13","guid":{"rendered":"https:\/\/www.sonoraenequipo.com.mx\/?p=174413"},"modified":"2023-09-07T19:13:05","modified_gmt":"2023-09-08T02:13:05","slug":"la-inflacion-de-mexico-llega-a-4-64-a-12-meses-en-agosto","status":"publish","type":"post","link":"https:\/\/www.sonoraenequipo.com.mx\/la-inflacion-de-mexico-llega-a-4-64-a-12-meses-en-agosto\/","title":{"rendered":"La inflaci\u00f3n de M\u00e9xico llega a 4.64% a 12 meses en agosto"},"content":{"rendered":"<p><strong>CIUDAD DE M\u00c9XICO. MX.<\/strong> \u2014 La inflaci\u00f3n en M\u00e9xico se desaceler\u00f3 en agosto por s\u00e9ptimo mes consecutivo al ubicarse en 4.64% a 12 meses ante un descenso en los precios de algunos alimentos y servicios, inform\u00f3 este jueves el instituto nacional de estad\u00edsticas, Inegi.<\/p>\n<p>&nbsp;<\/p>\n<p>&nbsp;<\/p>\n<p> <br \/>\nFrente al mes inmediato anterior, los precios al consumidor subieron 0.55% en agosto.<\/p>\n<p>&nbsp;<\/p>\n<p>Pese a este dato, la inflaci\u00f3n de la segunda econom\u00eda de Am\u00e9rica Latina se mantiene todav\u00eda por encima de la meta oficial del Banco de M\u00e9xico (Banxico, central), de 3% +\/- un punto porcentual.<\/p>\n<p>&nbsp;<\/p>\n<p>Para frenar la inflaci\u00f3n, el banco central aplic\u00f3 15 aumentos consecutivos a su tasa de inter\u00e9s, hasta ubicarla en un nivel r\u00e9cord de 11.25%.<\/p>\n<p>&nbsp;<\/p>\n<p>Sin embargo, suspendi\u00f3 esas alzas en mayo ante las se\u00f1ales de moderaci\u00f3n en los precios.<\/p>\n<p>&nbsp;<\/p>\n<p>En agosto de 2022, el \u00cdndice Nacional de Precios al Consumidor (INPC) fue de 8.70%, apunt\u00f3 el instituto.<\/p>\n<p>&nbsp;<\/p>\n<p>Banxico tiene la expectativa de que la inflaci\u00f3n converja hacia la meta de 3% para el cuarto trimestre de 2024.<\/p>\n<p>&nbsp;<\/p>\n<p>M\u00e9xico cerr\u00f3 2022 con una inflaci\u00f3n anual de 7.82%.<\/p>\n<p>&nbsp;<\/p>\n<p>La econom\u00eda mexicana podr\u00eda crecer un 3% este a\u00f1o, seg\u00fan el m\u00e1s reciente pron\u00f3stico del propio Banxico.<\/p>\n<blockquote class=\"twitter-tweet\" data-width=\"550\" data-dnt=\"true\">\n<p lang=\"es\" dir=\"ltr\">Al 1 de septiembre de 2023, las Reservas Internacionales del <a href=\"https:\/\/twitter.com\/hashtag\/BancodeM%C3%A9xico?src=hash&amp;ref_src=twsrc%5Etfw\">#BancodeM\u00e9xico<\/a> tuvieron un saldo de 204,247 m.d.<\/p>\n<p>Consulta aqu\u00ed el Estado de Cuenta: <a href=\"https:\/\/t.co\/nCSy1RopZl\">https:\/\/t.co\/nCSy1RopZl<\/a> <a href=\"https:\/\/t.co\/KyctwGmEGE\">pic.twitter.com\/KyctwGmEGE<\/a><\/p>\n<p>&mdash; Banco de M\u00e9xico (@Banxico) <a href=\"https:\/\/twitter.com\/Banxico\/status\/1699077020985217381?ref_src=twsrc%5Etfw\">September 5, 2023<\/a><\/p><\/blockquote>\n<p><script async src=\"https:\/\/platform.twitter.com\/widgets.js\" charset=\"utf-8\"><\/script><\/p>\n<p>&nbsp;<\/p>\n<p>PUBLICADO EL 07 SEPTIEMBRE DE 2023\/ Con informaci\u00f3n<\/p>\n","protected":false},"excerpt":{"rendered":"<p>CIUDAD DE M\u00c9XICO. MX. \u2014 La inflaci\u00f3n en M\u00e9xico se desaceler\u00f3 en agosto por s\u00e9ptimo&#8230;<\/p>\n","protected":false},"author":1,"featured_media":174414,"comment_status":"open","ping_status":"open","sticky":false,"template":"","format":"standard","meta":{"_monsterinsights_skip_tracking":false,"_monsterinsights_sitenote_active":false,"_monsterinsights_sitenote_note":"","_monsterinsights_sitenote_category":0,"footnotes":""},"categories":[5],"tags":[],"class_list":["post"],"yoast_head":" \n<title>Sonora en Equipo. La inflaci\u00f3n de M\u00e9xico llega a 4.64% a 12 meses en agosto Rep\u00fablica<\/title>\n<meta name=\"description\" content=\"CIUDAD DE M\u00c9XICO. MX. \u2014 La inflaci\u00f3n en M\u00e9xico se desaceler\u00f3 en agosto por s\u00e9ptimo mes consecutivo al ubicarse en 4.64% a 12 meses ante un descenso en los En Sonora en Equipo publicamos toda la informaci\u00f3n de Sonora, M\u00e9xico y el Mundo de manera oportuna y busca que la libertad de expresi\u00f3n sea real. Visita nuestro medio informativo publicado desde Hermosillo, Sonora. %\" \/>\n<meta name=\"robots\" content=\"index, follow, max-snippet:-1, max-image-preview:large, max-video-preview:-1\" \/>\n<link rel=\"canonical\" href=\"https:\/\/www.sonoraenequipo.com.mx\/la-inflacion-de-mexico-llega-a-4-64-a-12-meses-en-agosto\/\" \/>\n<meta property=\"og:locale\" content=\"es_ES\" \/>\n<meta property=\"og:type\" content=\"article\" \/>\n<meta property=\"og:title\" content=\"Sonora en Equipo. La inflaci\u00f3n de M\u00e9xico llega a 4.64% a 12 meses en agosto Rep\u00fablica\" \/>\n<meta property=\"og:description\" content=\"CIUDAD DE M\u00c9XICO. MX. \u2014 La inflaci\u00f3n en M\u00e9xico se desaceler\u00f3 en agosto por s\u00e9ptimo mes consecutivo al ubicarse en 4.64% a 12 meses ante un descenso en los En Sonora en Equipo publicamos toda la informaci\u00f3n de Sonora, M\u00e9xico y el Mundo de manera oportuna y busca que la libertad de expresi\u00f3n sea real. Visita nuestro medio informativo publicado desde Hermosillo, Sonora. %\" \/>\n<meta property=\"og:url\" content=\"https:\/\/www.sonoraenequipo.com.mx\/la-inflacion-de-mexico-llega-a-4-64-a-12-meses-en-agosto\/\" \/>\n<meta property=\"og:site_name\" content=\"Sonora en Equipo.\" \/>\n<meta property=\"article:publisher\" content=\"https:\/\/www.facebook.com\/SonoraEE\/\" \/>\n<meta property=\"article:author\" content=\"https:\/\/www.facebook.com\/SonoraEE\" \/>\n<meta property=\"article:published_time\" content=\"2023-09-07T22:57:13+00:00\" \/>\n<meta property=\"article:modified_time\" content=\"2023-09-08T02:13:05+00:00\" \/>\n<meta property=\"og:image\" content=\"https:\/\/www.sonoraenequipo.com.mx\/storage\/2023\/09\/inflacion-en-agosto....-min.jpg\" \/>\n\t<meta property=\"og:image:width\" content=\"900\" \/>\n\t<meta property=\"og:image:height\" content=\"506\" \/>\n\t<meta property=\"og:image:type\" content=\"image\/jpeg\" \/>\n<meta name=\"author\" content=\"enequipo\" \/>\n<meta name=\"twitter:card\" content=\"summary_large_image\" \/>\n<meta name=\"twitter:creator\" content=\"@sonoraenequipo\" \/>\n<meta name=\"twitter:site\" content=\"@sonoraenequipo\" \/>\n<meta name=\"twitter:label1\" content=\"Escrito por\" \/>\n\t<meta name=\"twitter:data1\" content=\"enequipo\" \/>\n\t<meta name=\"twitter:label2\" content=\"Tiempo de lectura\" \/>\n\t<meta name=\"twitter:data2\" content=\"1 minuto\" \/>\n<script type=\"application\/ld+json\" class=\"yoast-schema-graph\">{\"@context\":\"https:\/\/schema.org\",\"@graph\":[{\"@type\":\"Article\",\"@id\":\"https:\/\/www.sonoraenequipo.com.mx\/la-inflacion-de-mexico-llega-a-4-64-a-12-meses-en-agosto\/#article\",\"isPartOf\":{\"@id\":\"https:\/\/www.sonoraenequipo.com.mx\/la-inflacion-de-mexico-llega-a-4-64-a-12-meses-en-agosto\/\"},\"author\":{\"name\":\"enequipo\",\"@id\":\"https:\/\/www.sonoraenequipo.com.mx\/#\/schema\/person\/50102df0fb23a8fa9e8effad8fa81386\"},\"headline\":\"La inflaci\u00f3n de M\u00e9xico llega a 4.64% a 12 meses en agosto\",\"datePublished\":\"2023-09-07T22:57:13+00:00\",\"dateModified\":\"2023-09-08T02:13:05+00:00\",\"mainEntityOfPage\":{\"@id\":\"https:\/\/www.sonoraenequipo.com.mx\/la-inflacion-de-mexico-llega-a-4-64-a-12-meses-en-agosto\/\"},\"wordCount\":238,\"commentCount\":0,\"publisher\":{\"@id\":\"https:\/\/www.sonoraenequipo.com.mx\/#organization\"},\"image\":{\"@id\":\"https:\/\/www.sonoraenequipo.com.mx\/la-inflacion-de-mexico-llega-a-4-64-a-12-meses-en-agosto\/#primaryimage\"},\"thumbnailUrl\":\"https:\/\/www.sonoraenequipo.com.mx\/storage\/2023\/09\/inflacion-en-agosto....-min.jpg\",\"articleSection\":[\"Rep\u00fablica\"],\"inLanguage\":\"es\",\"potentialAction\":[{\"@type\":\"CommentAction\",\"name\":\"Comment\",\"target\":[\"https:\/\/www.sonoraenequipo.com.mx\/la-inflacion-de-mexico-llega-a-4-64-a-12-meses-en-agosto\/#respond\"]}]},{\"@type\":\"WebPage\",\"@id\":\"https:\/\/www.sonoraenequipo.com.mx\/la-inflacion-de-mexico-llega-a-4-64-a-12-meses-en-agosto\/\",\"url\":\"https:\/\/www.sonoraenequipo.com.mx\/la-inflacion-de-mexico-llega-a-4-64-a-12-meses-en-agosto\/\",\"name\":\"Sonora en Equipo. La inflaci\u00f3n de M\u00e9xico llega a 4.64% a 12 meses en agosto Rep\u00fablica\",\"isPartOf\":{\"@id\":\"https:\/\/www.sonoraenequipo.com.mx\/#website\"},\"primaryImageOfPage\":{\"@id\":\"https:\/\/www.sonoraenequipo.com.mx\/la-inflacion-de-mexico-llega-a-4-64-a-12-meses-en-agosto\/#primaryimage\"},\"image\":{\"@id\":\"https:\/\/www.sonoraenequipo.com.mx\/la-inflacion-de-mexico-llega-a-4-64-a-12-meses-en-agosto\/#primaryimage\"},\"thumbnailUrl\":\"https:\/\/www.sonoraenequipo.com.mx\/storage\/2023\/09\/inflacion-en-agosto....-min.jpg\",\"datePublished\":\"2023-09-07T22:57:13+00:00\",\"dateModified\":\"2023-09-08T02:13:05+00:00\",\"description\":\"CIUDAD DE M\u00c9XICO. MX. \u2014 La inflaci\u00f3n en M\u00e9xico se desaceler\u00f3 en agosto por s\u00e9ptimo mes consecutivo al ubicarse en 4.64% a 12 meses ante un descenso en los En Sonora en Equipo publicamos toda la informaci\u00f3n de Sonora, M\u00e9xico y el Mundo de manera oportuna y busca que la libertad de expresi\u00f3n sea real. Visita nuestro medio informativo publicado desde Hermosillo, Sonora. %\",\"breadcrumb\":{\"@id\":\"https:\/\/www.sonoraenequipo.com.mx\/la-inflacion-de-mexico-llega-a-4-64-a-12-meses-en-agosto\/#breadcrumb\"},\"inLanguage\":\"es\",\"potentialAction\":[{\"@type\":\"ReadAction\",\"target\":[\"https:\/\/www.sonoraenequipo.com.mx\/la-inflacion-de-mexico-llega-a-4-64-a-12-meses-en-agosto\/\"]}]},{\"@type\":\"ImageObject\",\"inLanguage\":\"es\",\"@id\":\"https:\/\/www.sonoraenequipo.com.mx\/la-inflacion-de-mexico-llega-a-4-64-a-12-meses-en-agosto\/#primaryimage\",\"url\":\"https:\/\/www.sonoraenequipo.com.mx\/storage\/2023\/09\/inflacion-en-agosto....-min.jpg\",\"contentUrl\":\"https:\/\/www.sonoraenequipo.com.mx\/storage\/2023\/09\/inflacion-en-agosto....-min.jpg\",\"width\":900,\"height\":506},{\"@type\":\"BreadcrumbList\",\"@id\":\"https:\/\/www.sonoraenequipo.com.mx\/la-inflacion-de-mexico-llega-a-4-64-a-12-meses-en-agosto\/#breadcrumb\",\"itemListElement\":[{\"@type\":\"ListItem\",\"position\":1,\"name\":\"Portada\",\"item\":\"https:\/\/www.sonoraenequipo.com.mx\/\"},{\"@type\":\"ListItem\",\"position\":2,\"name\":\"La inflaci\u00f3n de M\u00e9xico llega a 4.64% a 12 meses en agosto\"}]},{\"@type\":\"WebSite\",\"@id\":\"https:\/\/www.sonoraenequipo.com.mx\/#website\",\"url\":\"https:\/\/www.sonoraenequipo.com.mx\/\",\"name\":\"Sonora en Equipo.\",\"description\":\"Diario en l\u00ednea con Noticias desde Hermosillo, Sonora\",\"publisher\":{\"@id\":\"https:\/\/www.sonoraenequipo.com.mx\/#organization\"},\"potentialAction\":[{\"@type\":\"SearchAction\",\"target\":{\"@type\":\"EntryPoint\",\"urlTemplate\":\"https:\/\/www.sonoraenequipo.com.mx\/?s={search_term_string}\"},\"query-input\":{\"@type\":\"PropertyValueSpecification\",\"valueRequired\":true,\"valueName\":\"search_term_string\"}}],\"inLanguage\":\"es\"},{\"@type\":\"Organization\",\"@id\":\"https:\/\/www.sonoraenequipo.com.mx\/#organization\",\"name\":\"Sonoraenequipo.com.mx\",\"url\":\"https:\/\/www.sonoraenequipo.com.mx\/\",\"logo\":{\"@type\":\"ImageObject\",\"inLanguage\":\"es\",\"@id\":\"https:\/\/www.sonoraenequipo.com.mx\/#\/schema\/logo\/image\/\",\"url\":\"https:\/\/www.sonoraenequipo.com.mx\/storage\/2019\/01\/sonoraenequipo_opt.png\",\"contentUrl\":\"https:\/\/www.sonoraenequipo.com.mx\/storage\/2019\/01\/sonoraenequipo_opt.png\",\"width\":375,\"height\":125,\"caption\":\"Sonoraenequipo.com.mx\"},\"image\":{\"@id\":\"https:\/\/www.sonoraenequipo.com.mx\/#\/schema\/logo\/image\/\"},\"sameAs\":[\"https:\/\/www.facebook.com\/SonoraEE\/\",\"https:\/\/x.com\/sonoraenequipo\",\"https:\/\/www.youtube.com\/channel\/UC338nW-lPEYmJQs4ZABQ1SQ\"]},{\"@type\":\"Person\",\"@id\":\"https:\/\/www.sonoraenequipo.com.mx\/#\/schema\/person\/50102df0fb23a8fa9e8effad8fa81386\",\"name\":\"enequipo\",\"image\":{\"@type\":\"ImageObject\",\"inLanguage\":\"es\",\"@id\":\"https:\/\/www.sonoraenequipo.com.mx\/#\/schema\/person\/image\/\",\"url\":\"https:\/\/secure.gravatar.com\/avatar\/049821681b589dabc0bc20695993ccebb09f5b5d4d790cd9251b97faac7c652b?s=96&d=blank&r=g\",\"contentUrl\":\"https:\/\/secure.gravatar.com\/avatar\/049821681b589dabc0bc20695993ccebb09f5b5d4d790cd9251b97faac7c652b?s=96&d=blank&r=g\",\"caption\":\"enequipo\"},\"sameAs\":[\"https:\/\/www.facebook.com\/SonoraEE\"]}]}<\/script>\n ","yoast_head_json":{"title":"Sonora en Equipo. La inflaci\u00f3n de M\u00e9xico llega a 4.64% a 12 meses en agosto Rep\u00fablica","description":"CIUDAD DE M\u00c9XICO. MX. \u2014 La inflaci\u00f3n en M\u00e9xico se desaceler\u00f3 en agosto por s\u00e9ptimo mes consecutivo al ubicarse en 4.64% a 12 meses ante un descenso en los En Sonora en Equipo publicamos toda la informaci\u00f3n de Sonora, M\u00e9xico y el Mundo de manera oportuna y busca que la libertad de expresi\u00f3n sea real. Visita nuestro medio informativo publicado desde Hermosillo, Sonora. %","robots":{"index":"index","follow":"follow","max-snippet":"max-snippet:-1","max-image-preview":"max-image-preview:large","max-video-preview":"max-video-preview:-1"},"canonical":"https:\/\/www.sonoraenequipo.com.mx\/la-inflacion-de-mexico-llega-a-4-64-a-12-meses-en-agosto\/","og_locale":"es_ES","og_type":"article","og_title":"Sonora en Equipo. La inflaci\u00f3n de M\u00e9xico llega a 4.64% a 12 meses en agosto Rep\u00fablica","og_description":"CIUDAD DE M\u00c9XICO. MX. \u2014 La inflaci\u00f3n en M\u00e9xico se desaceler\u00f3 en agosto por s\u00e9ptimo mes consecutivo al ubicarse en 4.64% a 12 meses ante un descenso en los En Sonora en Equipo publicamos toda la informaci\u00f3n de Sonora, M\u00e9xico y el Mundo de manera oportuna y busca que la libertad de expresi\u00f3n sea real. Visita nuestro medio informativo publicado desde Hermosillo, Sonora. %","og_url":"https:\/\/www.sonoraenequipo.com.mx\/la-inflacion-de-mexico-llega-a-4-64-a-12-meses-en-agosto\/","og_site_name":"Sonora en Equipo.","article_publisher":"https:\/\/www.facebook.com\/SonoraEE\/","article_author":"https:\/\/www.facebook.com\/SonoraEE","article_published_time":"2023-09-07T22:57:13+00:00","article_modified_time":"2023-09-08T02:13:05+00:00","og_image":[{"width":900,"height":506,"url":"https:\/\/www.sonoraenequipo.com.mx\/storage\/2023\/09\/inflacion-en-agosto....-min.jpg","type":"image\/jpeg"}],"author":"enequipo","twitter_card":"summary_large_image","twitter_creator":"@sonoraenequipo","twitter_site":"@sonoraenequipo","twitter_misc":{"Escrito por":"enequipo","Tiempo de lectura":"1 minuto"},"schema":{"@context":"https:\/\/schema.org","@graph":[{"@type":"Article","@id":"https:\/\/www.sonoraenequipo.com.mx\/la-inflacion-de-mexico-llega-a-4-64-a-12-meses-en-agosto\/#article","isPartOf":{"@id":"https:\/\/www.sonoraenequipo.com.mx\/la-inflacion-de-mexico-llega-a-4-64-a-12-meses-en-agosto\/"},"author":{"name":"enequipo","@id":"https:\/\/www.sonoraenequipo.com.mx\/#\/schema\/person\/50102df0fb23a8fa9e8effad8fa81386"},"headline":"La inflaci\u00f3n de M\u00e9xico llega a 4.64% a 12 meses en agosto","datePublished":"2023-09-07T22:57:13+00:00","dateModified":"2023-09-08T02:13:05+00:00","mainEntityOfPage":{"@id":"https:\/\/www.sonoraenequipo.com.mx\/la-inflacion-de-mexico-llega-a-4-64-a-12-meses-en-agosto\/"},"wordCount":238,"commentCount":0,"publisher":{"@id":"https:\/\/www.sonoraenequipo.com.mx\/#organization"},"image":{"@id":"https:\/\/www.sonoraenequipo.com.mx\/la-inflacion-de-mexico-llega-a-4-64-a-12-meses-en-agosto\/#primaryimage"},"thumbnailUrl":"https:\/\/www.sonoraenequipo.com.mx\/storage\/2023\/09\/inflacion-en-agosto....-min.jpg","articleSection":["Rep\u00fablica"],"inLanguage":"es","potentialAction":[{"@type":"CommentAction","name":"Comment","target":["https:\/\/www.sonoraenequipo.com.mx\/la-inflacion-de-mexico-llega-a-4-64-a-12-meses-en-agosto\/#respond"]}]},{"@type":"WebPage","@id":"https:\/\/www.sonoraenequipo.com.mx\/la-inflacion-de-mexico-llega-a-4-64-a-12-meses-en-agosto\/","url":"https:\/\/www.sonoraenequipo.com.mx\/la-inflacion-de-mexico-llega-a-4-64-a-12-meses-en-agosto\/","name":"Sonora en Equipo. La inflaci\u00f3n de M\u00e9xico llega a 4.64% a 12 meses en agosto Rep\u00fablica","isPartOf":{"@id":"https:\/\/www.sonoraenequipo.com.mx\/#website"},"primaryImageOfPage":{"@id":"https:\/\/www.sonoraenequipo.com.mx\/la-inflacion-de-mexico-llega-a-4-64-a-12-meses-en-agosto\/#primaryimage"},"image":{"@id":"https:\/\/www.sonoraenequipo.com.mx\/la-inflacion-de-mexico-llega-a-4-64-a-12-meses-en-agosto\/#primaryimage"},"thumbnailUrl":"https:\/\/www.sonoraenequipo.com.mx\/storage\/2023\/09\/inflacion-en-agosto....-min.jpg","datePublished":"2023-09-07T22:57:13+00:00","dateModified":"2023-09-08T02:13:05+00:00","description":"CIUDAD DE M\u00c9XICO. MX. \u2014 La inflaci\u00f3n en M\u00e9xico se desaceler\u00f3 en agosto por s\u00e9ptimo mes consecutivo al ubicarse en 4.64% a 12 meses ante un descenso en los En Sonora en Equipo publicamos toda la informaci\u00f3n de Sonora, M\u00e9xico y el Mundo de manera oportuna y busca que la libertad de expresi\u00f3n sea real. Visita nuestro medio informativo publicado desde Hermosillo, Sonora. %","breadcrumb":{"@id":"https:\/\/www.sonoraenequipo.com.mx\/la-inflacion-de-mexico-llega-a-4-64-a-12-meses-en-agosto\/#breadcrumb"},"inLanguage":"es","potentialAction":[{"@type":"ReadAction","target":["https:\/\/www.sonoraenequipo.com.mx\/la-inflacion-de-mexico-llega-a-4-64-a-12-meses-en-agosto\/"]}]},{"@type":"ImageObject","inLanguage":"es","@id":"https:\/\/www.sonoraenequipo.com.mx\/la-inflacion-de-mexico-llega-a-4-64-a-12-meses-en-agosto\/#primaryimage","url":"https:\/\/www.sonoraenequipo.com.mx\/storage\/2023\/09\/inflacion-en-agosto....-min.jpg","contentUrl":"https:\/\/www.sonoraenequipo.com.mx\/storage\/2023\/09\/inflacion-en-agosto....-min.jpg","width":900,"height":506},{"@type":"BreadcrumbList","@id":"https:\/\/www.sonoraenequipo.com.mx\/la-inflacion-de-mexico-llega-a-4-64-a-12-meses-en-agosto\/#breadcrumb","itemListElement":[{"@type":"ListItem","position":1,"name":"Portada","item":"https:\/\/www.sonoraenequipo.com.mx\/"},{"@type":"ListItem","position":2,"name":"La inflaci\u00f3n de M\u00e9xico llega a 4.64% a 12 meses en agosto"}]},{"@type":"WebSite","@id":"https:\/\/www.sonoraenequipo.com.mx\/#website","url":"https:\/\/www.sonoraenequipo.com.mx\/","name":"Sonora en Equipo.","description":"Diario en l\u00ednea con Noticias desde Hermosillo, Sonora","publisher":{"@id":"https:\/\/www.sonoraenequipo.com.mx\/#organization"},"potentialAction":[{"@type":"SearchAction","target":{"@type":"EntryPoint","urlTemplate":"https:\/\/www.sonoraenequipo.com.mx\/?s={search_term_string}"},"query-input":{"@type":"PropertyValueSpecification","valueRequired":true,"valueName":"search_term_string"}}],"inLanguage":"es"},{"@type":"Organization","@id":"https:\/\/www.sonoraenequipo.com.mx\/#organization","name":"Sonoraenequipo.com.mx","url":"https:\/\/www.sonoraenequipo.com.mx\/","logo":{"@type":"ImageObject","inLanguage":"es","@id":"https:\/\/www.sonoraenequipo.com.mx\/#\/schema\/logo\/image\/","url":"https:\/\/www.sonoraenequipo.com.mx\/storage\/2019\/01\/sonoraenequipo_opt.png","contentUrl":"https:\/\/www.sonoraenequipo.com.mx\/storage\/2019\/01\/sonoraenequipo_opt.png","width":375,"height":125,"caption":"Sonoraenequipo.com.mx"},"image":{"@id":"https:\/\/www.sonoraenequipo.com.mx\/#\/schema\/logo\/image\/"},"sameAs":["https:\/\/www.facebook.com\/SonoraEE\/","https:\/\/x.com\/sonoraenequipo","https:\/\/www.youtube.com\/channel\/UC338nW-lPEYmJQs4ZABQ1SQ"]},{"@type":"Person","@id":"https:\/\/www.sonoraenequipo.com.mx\/#\/schema\/person\/50102df0fb23a8fa9e8effad8fa81386","name":"enequipo","image":{"@type":"ImageObject","inLanguage":"es","@id":"https:\/\/www.sonoraenequipo.com.mx\/#\/schema\/person\/image\/","url":"https:\/\/secure.gravatar.com\/avatar\/049821681b589dabc0bc20695993ccebb09f5b5d4d790cd9251b97faac7c652b?s=96&d=blank&r=g","contentUrl":"https:\/\/secure.gravatar.com\/avatar\/049821681b589dabc0bc20695993ccebb09f5b5d4d790cd9251b97faac7c652b?s=96&d=blank&r=g","caption":"enequipo"},"sameAs":["https:\/\/www.facebook.com\/SonoraEE"]}]}},"jetpack_featured_media_url":"https:\/\/www.sonoraenequipo.com.mx\/storage\/2023\/09\/inflacion-en-agosto....-min.jpg","_links":{"self":[{"href":"https:\/\/www.sonoraenequipo.com.mx\/api\/wp\/v2\/posts\/174413","targetHints":{"allow":["GET"]}}],"collection":[{"href":"https:\/\/www.sonoraenequipo.com.mx\/api\/wp\/v2\/posts"}],"about":[{"href":"https:\/\/www.sonoraenequipo.com.mx\/api\/wp\/v2\/types\/post"}],"author":[{"embeddable":true,"href":"https:\/\/www.sonoraenequipo.com.mx\/api\/wp\/v2\/users\/1"}],"replies":[{"embeddable":true,"href":"https:\/\/www.sonoraenequipo.com.mx\/api\/wp\/v2\/comments?post=174413"}],"version-history":[{"count":1,"href":"https:\/\/www.sonoraenequipo.com.mx\/api\/wp\/v2\/posts\/174413\/revisions"}],"predecessor-version":[{"id":174415,"href":"https:\/\/www.sonoraenequipo.com.mx\/api\/wp\/v2\/posts\/174413\/revisions\/174415"}],"wp:featuredmedia":[{"embeddable":true,"href":"https:\/\/www.sonoraenequipo.com.mx\/api\/wp\/v2\/media\/174414"}],"wp:attachment":[{"href":"https:\/\/www.sonoraenequipo.com.mx\/api\/wp\/v2\/media?parent=174413"}],"wp:term":[{"taxonomy":"category","embeddable":true,"href":"https:\/\/www.sonoraenequipo.com.mx\/api\/wp\/v2\/categories?post=174413"},{"taxonomy":"post_tag","embeddable":true,"href":"https:\/\/www.sonoraenequipo.com.mx\/api\/wp\/v2\/tags?post=174413"}],"curies":[{"name":"wp","href":"https:\/\/api.w.org\/{rel}","templated":true}]}}