{"id":174419,"date":"2023-09-07T21:32:11","date_gmt":"2023-09-08T04:32:11","guid":{"rendered":"https:\/\/www.sonoraenequipo.com.mx\/?p=174419"},"modified":"2023-09-07T22:27:18","modified_gmt":"2023-09-08T05:27:18","slug":"implementamos-politicas-publicas-que-disminuyeron-la-desercion-escolar-alfonso-durazo","status":"publish","type":"post","link":"https:\/\/www.sonoraenequipo.com.mx\/implementamos-politicas-publicas-que-disminuyeron-la-desercion-escolar-alfonso-durazo\/","title":{"rendered":"Implementamos pol\u00edticas p\u00fablicas que disminuyeron la deserci\u00f3n escolar: Alfonso Durazo"},"content":{"rendered":"<p><strong>HERMOSILLO, SONORA,MX.<\/strong><strong>\u2500\u2500<\/strong> En el segundo a\u00f1o de gobierno de la actual administraci\u00f3n estatal, la deserci\u00f3n escolar disminuy\u00f3 en un cinco por ciento, con lo cual m\u00e1s de 25 mil estudiantes pueden seguir sus estudios sin necesidad de interrumpirlos por motivos econ\u00f3micos, esto como resultado de la implementaci\u00f3n de pol\u00edticas p\u00fablicas, como el programa de becas Sonora de Oportunidades, se\u00f1al\u00f3 el gobernador Alfonso Durazo Monta\u00f1o.<\/p>\n<p>&nbsp;<\/p>\n<p>El titular del Ejecutivo estatal destac\u00f3 que bajo su administraci\u00f3n se ha dado prioridad a que alumnos y alumnas de primaria, secundaria y educaci\u00f3n media superior puedan seguir con sus estudios, dando como resultado una mayor retenci\u00f3n escolar, en comparaci\u00f3n con otros ciclos escolares.<\/p>\n<p>&nbsp;<\/p>\n<p>\u201cEste segundo a\u00f1o de gobierno fortalecimos nuevamente el programa de becas. Con esto logramos reducir la deserci\u00f3n escolar. Ninguna ni\u00f1a, ni\u00f1o o adolescente dejar\u00e1 sus estudios por falta de recursos\u201d, indic\u00f3.<\/p>\n<p>&nbsp;<\/p>\n<p>El gobernador Durazo Monta\u00f1o record\u00f3 que durante su gesti\u00f3n se estableci\u00f3 el decreto para que el programa de becas se convirtiera en un derecho constitucional, con lo cual se generan m\u00e1s oportunidades para las ni\u00f1as, ni\u00f1os y j\u00f3venes sonorenses.<\/p>\n<p>&nbsp;<\/p>\n<p>En el caso de primaria, Sonora pas\u00f3 del 97.6 al 98 por ciento de alumnos que culminan sus estudios, en tanto que secundaria increment\u00f3 en el \u00faltimo ciclo de 91.1 a 94.5 por ciento. Respecto a preparatoria, se revirti\u00f3 la tendencia negativa del lapso 2020-2021, de 65.3 a 66.3%.<\/p>\n<p><strong>Fecha de publicaci\u00f3n\u00a0 jueves 7 de septiembre de 2023<\/strong><\/p>\n","protected":false},"excerpt":{"rendered":"<p>HERMOSILLO, SONORA,MX.\u2500\u2500 En el segundo a\u00f1o de gobierno de la actual administraci\u00f3n estatal, la deserci\u00f3n&#8230;<\/p>\n","protected":false},"author":1,"featured_media":174420,"comment_status":"open","ping_status":"open","sticky":false,"template":"","format":"standard","meta":{"_monsterinsights_skip_tracking":false,"_monsterinsights_sitenote_active":false,"_monsterinsights_sitenote_note":"","_monsterinsights_sitenote_category":0,"footnotes":""},"categories":[22],"tags":[3294,1580,15],"class_list":["post"],"yoast_head":" \n<title>Sonora en Equipo. Implementamos pol\u00edticas p\u00fablicas que disminuyeron la deserci\u00f3n escolar: Alfonso Durazo Sonora<\/title>\n<meta name=\"description\" content=\"HERMOSILLO, SONORA,MX.\u2500\u2500 En el segundo a\u00f1o de gobierno de la actual administraci\u00f3n estatal, la deserci\u00f3n escolar disminuy\u00f3 en un cinco por ciento, con lo En Sonora en Equipo publicamos toda la informaci\u00f3n de Sonora, M\u00e9xico y el Mundo de manera oportuna y busca que la libertad de expresi\u00f3n sea real. Visita nuestro medio informativo publicado desde Hermosillo, Sonora. %\" \/>\n<meta name=\"robots\" content=\"index, follow, max-snippet:-1, max-image-preview:large, max-video-preview:-1\" \/>\n<link rel=\"canonical\" href=\"https:\/\/www.sonoraenequipo.com.mx\/implementamos-politicas-publicas-que-disminuyeron-la-desercion-escolar-alfonso-durazo\/\" \/>\n<meta property=\"og:locale\" content=\"es_ES\" \/>\n<meta property=\"og:type\" content=\"article\" \/>\n<meta property=\"og:title\" content=\"Sonora en Equipo. Implementamos pol\u00edticas p\u00fablicas que disminuyeron la deserci\u00f3n escolar: Alfonso Durazo Sonora\" \/>\n<meta property=\"og:description\" content=\"HERMOSILLO, SONORA,MX.\u2500\u2500 En el segundo a\u00f1o de gobierno de la actual administraci\u00f3n estatal, la deserci\u00f3n escolar disminuy\u00f3 en un cinco por ciento, con lo En Sonora en Equipo publicamos toda la informaci\u00f3n de Sonora, M\u00e9xico y el Mundo de manera oportuna y busca que la libertad de expresi\u00f3n sea real. Visita nuestro medio informativo publicado desde Hermosillo, Sonora. %\" \/>\n<meta property=\"og:url\" content=\"https:\/\/www.sonoraenequipo.com.mx\/implementamos-politicas-publicas-que-disminuyeron-la-desercion-escolar-alfonso-durazo\/\" \/>\n<meta property=\"og:site_name\" content=\"Sonora en Equipo.\" \/>\n<meta property=\"article:publisher\" content=\"https:\/\/www.facebook.com\/SonoraEE\/\" \/>\n<meta property=\"article:author\" content=\"https:\/\/www.facebook.com\/SonoraEE\" \/>\n<meta property=\"article:published_time\" content=\"2023-09-08T04:32:11+00:00\" \/>\n<meta property=\"article:modified_time\" content=\"2023-09-08T05:27:18+00:00\" \/>\n<meta property=\"og:image\" content=\"https:\/\/www.sonoraenequipo.com.mx\/storage\/2023\/09\/adm-becas.jpg\" \/>\n\t<meta property=\"og:image:width\" content=\"600\" \/>\n\t<meta property=\"og:image:height\" content=\"393\" \/>\n\t<meta property=\"og:image:type\" content=\"image\/jpeg\" \/>\n<meta name=\"author\" content=\"enequipo\" \/>\n<meta name=\"twitter:card\" content=\"summary_large_image\" \/>\n<meta name=\"twitter:creator\" content=\"@sonoraenequipo\" \/>\n<meta name=\"twitter:site\" content=\"@sonoraenequipo\" \/>\n<meta name=\"twitter:label1\" content=\"Escrito por\" \/>\n\t<meta name=\"twitter:data1\" content=\"enequipo\" \/>\n\t<meta name=\"twitter:label2\" content=\"Tiempo de lectura\" \/>\n\t<meta name=\"twitter:data2\" content=\"1 minuto\" \/>\n<script type=\"application\/ld+json\" class=\"yoast-schema-graph\">{\"@context\":\"https:\/\/schema.org\",\"@graph\":[{\"@type\":\"Article\",\"@id\":\"https:\/\/www.sonoraenequipo.com.mx\/implementamos-politicas-publicas-que-disminuyeron-la-desercion-escolar-alfonso-durazo\/#article\",\"isPartOf\":{\"@id\":\"https:\/\/www.sonoraenequipo.com.mx\/implementamos-politicas-publicas-que-disminuyeron-la-desercion-escolar-alfonso-durazo\/\"},\"author\":{\"name\":\"enequipo\",\"@id\":\"https:\/\/www.sonoraenequipo.com.mx\/#\/schema\/person\/50102df0fb23a8fa9e8effad8fa81386\"},\"headline\":\"Implementamos pol\u00edticas p\u00fablicas que disminuyeron la deserci\u00f3n escolar: Alfonso Durazo\",\"datePublished\":\"2023-09-08T04:32:11+00:00\",\"dateModified\":\"2023-09-08T05:27:18+00:00\",\"mainEntityOfPage\":{\"@id\":\"https:\/\/www.sonoraenequipo.com.mx\/implementamos-politicas-publicas-que-disminuyeron-la-desercion-escolar-alfonso-durazo\/\"},\"wordCount\":270,\"commentCount\":0,\"publisher\":{\"@id\":\"https:\/\/www.sonoraenequipo.com.mx\/#organization\"},\"image\":{\"@id\":\"https:\/\/www.sonoraenequipo.com.mx\/implementamos-politicas-publicas-que-disminuyeron-la-desercion-escolar-alfonso-durazo\/#primaryimage\"},\"thumbnailUrl\":\"https:\/\/www.sonoraenequipo.com.mx\/storage\/2023\/09\/adm-becas.jpg\",\"keywords\":[\"becas\",\"LEY\",\"Sonora\"],\"articleSection\":[\"Sonora\"],\"inLanguage\":\"es\",\"potentialAction\":[{\"@type\":\"CommentAction\",\"name\":\"Comment\",\"target\":[\"https:\/\/www.sonoraenequipo.com.mx\/implementamos-politicas-publicas-que-disminuyeron-la-desercion-escolar-alfonso-durazo\/#respond\"]}]},{\"@type\":\"WebPage\",\"@id\":\"https:\/\/www.sonoraenequipo.com.mx\/implementamos-politicas-publicas-que-disminuyeron-la-desercion-escolar-alfonso-durazo\/\",\"url\":\"https:\/\/www.sonoraenequipo.com.mx\/implementamos-politicas-publicas-que-disminuyeron-la-desercion-escolar-alfonso-durazo\/\",\"name\":\"Sonora en Equipo. Implementamos pol\u00edticas p\u00fablicas que disminuyeron la deserci\u00f3n escolar: Alfonso Durazo Sonora\",\"isPartOf\":{\"@id\":\"https:\/\/www.sonoraenequipo.com.mx\/#website\"},\"primaryImageOfPage\":{\"@id\":\"https:\/\/www.sonoraenequipo.com.mx\/implementamos-politicas-publicas-que-disminuyeron-la-desercion-escolar-alfonso-durazo\/#primaryimage\"},\"image\":{\"@id\":\"https:\/\/www.sonoraenequipo.com.mx\/implementamos-politicas-publicas-que-disminuyeron-la-desercion-escolar-alfonso-durazo\/#primaryimage\"},\"thumbnailUrl\":\"https:\/\/www.sonoraenequipo.com.mx\/storage\/2023\/09\/adm-becas.jpg\",\"datePublished\":\"2023-09-08T04:32:11+00:00\",\"dateModified\":\"2023-09-08T05:27:18+00:00\",\"description\":\"HERMOSILLO, SONORA,MX.\u2500\u2500 En el segundo a\u00f1o de gobierno de la actual administraci\u00f3n estatal, la deserci\u00f3n escolar disminuy\u00f3 en un cinco por ciento, con lo En Sonora en Equipo publicamos toda la informaci\u00f3n de Sonora, M\u00e9xico y el Mundo de manera oportuna y busca que la libertad de expresi\u00f3n sea real. Visita nuestro medio informativo publicado desde Hermosillo, Sonora. %\",\"breadcrumb\":{\"@id\":\"https:\/\/www.sonoraenequipo.com.mx\/implementamos-politicas-publicas-que-disminuyeron-la-desercion-escolar-alfonso-durazo\/#breadcrumb\"},\"inLanguage\":\"es\",\"potentialAction\":[{\"@type\":\"ReadAction\",\"target\":[\"https:\/\/www.sonoraenequipo.com.mx\/implementamos-politicas-publicas-que-disminuyeron-la-desercion-escolar-alfonso-durazo\/\"]}]},{\"@type\":\"ImageObject\",\"inLanguage\":\"es\",\"@id\":\"https:\/\/www.sonoraenequipo.com.mx\/implementamos-politicas-publicas-que-disminuyeron-la-desercion-escolar-alfonso-durazo\/#primaryimage\",\"url\":\"https:\/\/www.sonoraenequipo.com.mx\/storage\/2023\/09\/adm-becas.jpg\",\"contentUrl\":\"https:\/\/www.sonoraenequipo.com.mx\/storage\/2023\/09\/adm-becas.jpg\",\"width\":600,\"height\":393},{\"@type\":\"BreadcrumbList\",\"@id\":\"https:\/\/www.sonoraenequipo.com.mx\/implementamos-politicas-publicas-que-disminuyeron-la-desercion-escolar-alfonso-durazo\/#breadcrumb\",\"itemListElement\":[{\"@type\":\"ListItem\",\"position\":1,\"name\":\"Portada\",\"item\":\"https:\/\/www.sonoraenequipo.com.mx\/\"},{\"@type\":\"ListItem\",\"position\":2,\"name\":\"Implementamos pol\u00edticas p\u00fablicas que disminuyeron la deserci\u00f3n escolar: Alfonso Durazo\"}]},{\"@type\":\"WebSite\",\"@id\":\"https:\/\/www.sonoraenequipo.com.mx\/#website\",\"url\":\"https:\/\/www.sonoraenequipo.com.mx\/\",\"name\":\"Sonora en Equipo.\",\"description\":\"Diario en l\u00ednea con Noticias desde Hermosillo, Sonora\",\"publisher\":{\"@id\":\"https:\/\/www.sonoraenequipo.com.mx\/#organization\"},\"potentialAction\":[{\"@type\":\"SearchAction\",\"target\":{\"@type\":\"EntryPoint\",\"urlTemplate\":\"https:\/\/www.sonoraenequipo.com.mx\/?s={search_term_string}\"},\"query-input\":{\"@type\":\"PropertyValueSpecification\",\"valueRequired\":true,\"valueName\":\"search_term_string\"}}],\"inLanguage\":\"es\"},{\"@type\":\"Organization\",\"@id\":\"https:\/\/www.sonoraenequipo.com.mx\/#organization\",\"name\":\"Sonoraenequipo.com.mx\",\"url\":\"https:\/\/www.sonoraenequipo.com.mx\/\",\"logo\":{\"@type\":\"ImageObject\",\"inLanguage\":\"es\",\"@id\":\"https:\/\/www.sonoraenequipo.com.mx\/#\/schema\/logo\/image\/\",\"url\":\"https:\/\/www.sonoraenequipo.com.mx\/storage\/2019\/01\/sonoraenequipo_opt.png\",\"contentUrl\":\"https:\/\/www.sonoraenequipo.com.mx\/storage\/2019\/01\/sonoraenequipo_opt.png\",\"width\":375,\"height\":125,\"caption\":\"Sonoraenequipo.com.mx\"},\"image\":{\"@id\":\"https:\/\/www.sonoraenequipo.com.mx\/#\/schema\/logo\/image\/\"},\"sameAs\":[\"https:\/\/www.facebook.com\/SonoraEE\/\",\"https:\/\/x.com\/sonoraenequipo\",\"https:\/\/www.youtube.com\/channel\/UC338nW-lPEYmJQs4ZABQ1SQ\"]},{\"@type\":\"Person\",\"@id\":\"https:\/\/www.sonoraenequipo.com.mx\/#\/schema\/person\/50102df0fb23a8fa9e8effad8fa81386\",\"name\":\"enequipo\",\"image\":{\"@type\":\"ImageObject\",\"inLanguage\":\"es\",\"@id\":\"https:\/\/www.sonoraenequipo.com.mx\/#\/schema\/person\/image\/\",\"url\":\"https:\/\/secure.gravatar.com\/avatar\/049821681b589dabc0bc20695993ccebb09f5b5d4d790cd9251b97faac7c652b?s=96&d=blank&r=g\",\"contentUrl\":\"https:\/\/secure.gravatar.com\/avatar\/049821681b589dabc0bc20695993ccebb09f5b5d4d790cd9251b97faac7c652b?s=96&d=blank&r=g\",\"caption\":\"enequipo\"},\"sameAs\":[\"https:\/\/www.facebook.com\/SonoraEE\"]}]}<\/script>\n ","yoast_head_json":{"title":"Sonora en Equipo. Implementamos pol\u00edticas p\u00fablicas que disminuyeron la deserci\u00f3n escolar: Alfonso Durazo Sonora","description":"HERMOSILLO, SONORA,MX.\u2500\u2500 En el segundo a\u00f1o de gobierno de la actual administraci\u00f3n estatal, la deserci\u00f3n escolar disminuy\u00f3 en un cinco por ciento, con lo En Sonora en Equipo publicamos toda la informaci\u00f3n de Sonora, M\u00e9xico y el Mundo de manera oportuna y busca que la libertad de expresi\u00f3n sea real. Visita nuestro medio informativo publicado desde Hermosillo, Sonora. %","robots":{"index":"index","follow":"follow","max-snippet":"max-snippet:-1","max-image-preview":"max-image-preview:large","max-video-preview":"max-video-preview:-1"},"canonical":"https:\/\/www.sonoraenequipo.com.mx\/implementamos-politicas-publicas-que-disminuyeron-la-desercion-escolar-alfonso-durazo\/","og_locale":"es_ES","og_type":"article","og_title":"Sonora en Equipo. Implementamos pol\u00edticas p\u00fablicas que disminuyeron la deserci\u00f3n escolar: Alfonso Durazo Sonora","og_description":"HERMOSILLO, SONORA,MX.\u2500\u2500 En el segundo a\u00f1o de gobierno de la actual administraci\u00f3n estatal, la deserci\u00f3n escolar disminuy\u00f3 en un cinco por ciento, con lo En Sonora en Equipo publicamos toda la informaci\u00f3n de Sonora, M\u00e9xico y el Mundo de manera oportuna y busca que la libertad de expresi\u00f3n sea real. Visita nuestro medio informativo publicado desde Hermosillo, Sonora. %","og_url":"https:\/\/www.sonoraenequipo.com.mx\/implementamos-politicas-publicas-que-disminuyeron-la-desercion-escolar-alfonso-durazo\/","og_site_name":"Sonora en Equipo.","article_publisher":"https:\/\/www.facebook.com\/SonoraEE\/","article_author":"https:\/\/www.facebook.com\/SonoraEE","article_published_time":"2023-09-08T04:32:11+00:00","article_modified_time":"2023-09-08T05:27:18+00:00","og_image":[{"width":600,"height":393,"url":"https:\/\/www.sonoraenequipo.com.mx\/storage\/2023\/09\/adm-becas.jpg","type":"image\/jpeg"}],"author":"enequipo","twitter_card":"summary_large_image","twitter_creator":"@sonoraenequipo","twitter_site":"@sonoraenequipo","twitter_misc":{"Escrito por":"enequipo","Tiempo de lectura":"1 minuto"},"schema":{"@context":"https:\/\/schema.org","@graph":[{"@type":"Article","@id":"https:\/\/www.sonoraenequipo.com.mx\/implementamos-politicas-publicas-que-disminuyeron-la-desercion-escolar-alfonso-durazo\/#article","isPartOf":{"@id":"https:\/\/www.sonoraenequipo.com.mx\/implementamos-politicas-publicas-que-disminuyeron-la-desercion-escolar-alfonso-durazo\/"},"author":{"name":"enequipo","@id":"https:\/\/www.sonoraenequipo.com.mx\/#\/schema\/person\/50102df0fb23a8fa9e8effad8fa81386"},"headline":"Implementamos pol\u00edticas p\u00fablicas que disminuyeron la deserci\u00f3n escolar: Alfonso Durazo","datePublished":"2023-09-08T04:32:11+00:00","dateModified":"2023-09-08T05:27:18+00:00","mainEntityOfPage":{"@id":"https:\/\/www.sonoraenequipo.com.mx\/implementamos-politicas-publicas-que-disminuyeron-la-desercion-escolar-alfonso-durazo\/"},"wordCount":270,"commentCount":0,"publisher":{"@id":"https:\/\/www.sonoraenequipo.com.mx\/#organization"},"image":{"@id":"https:\/\/www.sonoraenequipo.com.mx\/implementamos-politicas-publicas-que-disminuyeron-la-desercion-escolar-alfonso-durazo\/#primaryimage"},"thumbnailUrl":"https:\/\/www.sonoraenequipo.com.mx\/storage\/2023\/09\/adm-becas.jpg","keywords":["becas","LEY","Sonora"],"articleSection":["Sonora"],"inLanguage":"es","potentialAction":[{"@type":"CommentAction","name":"Comment","target":["https:\/\/www.sonoraenequipo.com.mx\/implementamos-politicas-publicas-que-disminuyeron-la-desercion-escolar-alfonso-durazo\/#respond"]}]},{"@type":"WebPage","@id":"https:\/\/www.sonoraenequipo.com.mx\/implementamos-politicas-publicas-que-disminuyeron-la-desercion-escolar-alfonso-durazo\/","url":"https:\/\/www.sonoraenequipo.com.mx\/implementamos-politicas-publicas-que-disminuyeron-la-desercion-escolar-alfonso-durazo\/","name":"Sonora en Equipo. Implementamos pol\u00edticas p\u00fablicas que disminuyeron la deserci\u00f3n escolar: Alfonso Durazo Sonora","isPartOf":{"@id":"https:\/\/www.sonoraenequipo.com.mx\/#website"},"primaryImageOfPage":{"@id":"https:\/\/www.sonoraenequipo.com.mx\/implementamos-politicas-publicas-que-disminuyeron-la-desercion-escolar-alfonso-durazo\/#primaryimage"},"image":{"@id":"https:\/\/www.sonoraenequipo.com.mx\/implementamos-politicas-publicas-que-disminuyeron-la-desercion-escolar-alfonso-durazo\/#primaryimage"},"thumbnailUrl":"https:\/\/www.sonoraenequipo.com.mx\/storage\/2023\/09\/adm-becas.jpg","datePublished":"2023-09-08T04:32:11+00:00","dateModified":"2023-09-08T05:27:18+00:00","description":"HERMOSILLO, SONORA,MX.\u2500\u2500 En el segundo a\u00f1o de gobierno de la actual administraci\u00f3n estatal, la deserci\u00f3n escolar disminuy\u00f3 en un cinco por ciento, con lo En Sonora en Equipo publicamos toda la informaci\u00f3n de Sonora, M\u00e9xico y el Mundo de manera oportuna y busca que la libertad de expresi\u00f3n sea real. Visita nuestro medio informativo publicado desde Hermosillo, Sonora. %","breadcrumb":{"@id":"https:\/\/www.sonoraenequipo.com.mx\/implementamos-politicas-publicas-que-disminuyeron-la-desercion-escolar-alfonso-durazo\/#breadcrumb"},"inLanguage":"es","potentialAction":[{"@type":"ReadAction","target":["https:\/\/www.sonoraenequipo.com.mx\/implementamos-politicas-publicas-que-disminuyeron-la-desercion-escolar-alfonso-durazo\/"]}]},{"@type":"ImageObject","inLanguage":"es","@id":"https:\/\/www.sonoraenequipo.com.mx\/implementamos-politicas-publicas-que-disminuyeron-la-desercion-escolar-alfonso-durazo\/#primaryimage","url":"https:\/\/www.sonoraenequipo.com.mx\/storage\/2023\/09\/adm-becas.jpg","contentUrl":"https:\/\/www.sonoraenequipo.com.mx\/storage\/2023\/09\/adm-becas.jpg","width":600,"height":393},{"@type":"BreadcrumbList","@id":"https:\/\/www.sonoraenequipo.com.mx\/implementamos-politicas-publicas-que-disminuyeron-la-desercion-escolar-alfonso-durazo\/#breadcrumb","itemListElement":[{"@type":"ListItem","position":1,"name":"Portada","item":"https:\/\/www.sonoraenequipo.com.mx\/"},{"@type":"ListItem","position":2,"name":"Implementamos pol\u00edticas p\u00fablicas que disminuyeron la deserci\u00f3n escolar: Alfonso Durazo"}]},{"@type":"WebSite","@id":"https:\/\/www.sonoraenequipo.com.mx\/#website","url":"https:\/\/www.sonoraenequipo.com.mx\/","name":"Sonora en Equipo.","description":"Diario en l\u00ednea con Noticias desde Hermosillo, Sonora","publisher":{"@id":"https:\/\/www.sonoraenequipo.com.mx\/#organization"},"potentialAction":[{"@type":"SearchAction","target":{"@type":"EntryPoint","urlTemplate":"https:\/\/www.sonoraenequipo.com.mx\/?s={search_term_string}"},"query-input":{"@type":"PropertyValueSpecification","valueRequired":true,"valueName":"search_term_string"}}],"inLanguage":"es"},{"@type":"Organization","@id":"https:\/\/www.sonoraenequipo.com.mx\/#organization","name":"Sonoraenequipo.com.mx","url":"https:\/\/www.sonoraenequipo.com.mx\/","logo":{"@type":"ImageObject","inLanguage":"es","@id":"https:\/\/www.sonoraenequipo.com.mx\/#\/schema\/logo\/image\/","url":"https:\/\/www.sonoraenequipo.com.mx\/storage\/2019\/01\/sonoraenequipo_opt.png","contentUrl":"https:\/\/www.sonoraenequipo.com.mx\/storage\/2019\/01\/sonoraenequipo_opt.png","width":375,"height":125,"caption":"Sonoraenequipo.com.mx"},"image":{"@id":"https:\/\/www.sonoraenequipo.com.mx\/#\/schema\/logo\/image\/"},"sameAs":["https:\/\/www.facebook.com\/SonoraEE\/","https:\/\/x.com\/sonoraenequipo","https:\/\/www.youtube.com\/channel\/UC338nW-lPEYmJQs4ZABQ1SQ"]},{"@type":"Person","@id":"https:\/\/www.sonoraenequipo.com.mx\/#\/schema\/person\/50102df0fb23a8fa9e8effad8fa81386","name":"enequipo","image":{"@type":"ImageObject","inLanguage":"es","@id":"https:\/\/www.sonoraenequipo.com.mx\/#\/schema\/person\/image\/","url":"https:\/\/secure.gravatar.com\/avatar\/049821681b589dabc0bc20695993ccebb09f5b5d4d790cd9251b97faac7c652b?s=96&d=blank&r=g","contentUrl":"https:\/\/secure.gravatar.com\/avatar\/049821681b589dabc0bc20695993ccebb09f5b5d4d790cd9251b97faac7c652b?s=96&d=blank&r=g","caption":"enequipo"},"sameAs":["https:\/\/www.facebook.com\/SonoraEE"]}]}},"jetpack_featured_media_url":"https:\/\/www.sonoraenequipo.com.mx\/storage\/2023\/09\/adm-becas.jpg","_links":{"self":[{"href":"https:\/\/www.sonoraenequipo.com.mx\/api\/wp\/v2\/posts\/174419","targetHints":{"allow":["GET"]}}],"collection":[{"href":"https:\/\/www.sonoraenequipo.com.mx\/api\/wp\/v2\/posts"}],"about":[{"href":"https:\/\/www.sonoraenequipo.com.mx\/api\/wp\/v2\/types\/post"}],"author":[{"embeddable":true,"href":"https:\/\/www.sonoraenequipo.com.mx\/api\/wp\/v2\/users\/1"}],"replies":[{"embeddable":true,"href":"https:\/\/www.sonoraenequipo.com.mx\/api\/wp\/v2\/comments?post=174419"}],"version-history":[{"count":1,"href":"https:\/\/www.sonoraenequipo.com.mx\/api\/wp\/v2\/posts\/174419\/revisions"}],"predecessor-version":[{"id":174421,"href":"https:\/\/www.sonoraenequipo.com.mx\/api\/wp\/v2\/posts\/174419\/revisions\/174421"}],"wp:featuredmedia":[{"embeddable":true,"href":"https:\/\/www.sonoraenequipo.com.mx\/api\/wp\/v2\/media\/174420"}],"wp:attachment":[{"href":"https:\/\/www.sonoraenequipo.com.mx\/api\/wp\/v2\/media?parent=174419"}],"wp:term":[{"taxonomy":"category","embeddable":true,"href":"https:\/\/www.sonoraenequipo.com.mx\/api\/wp\/v2\/categories?post=174419"},{"taxonomy":"post_tag","embeddable":true,"href":"https:\/\/www.sonoraenequipo.com.mx\/api\/wp\/v2\/tags?post=174419"}],"curies":[{"name":"wp","href":"https:\/\/api.w.org\/{rel}","templated":true}]}}