{"id":174430,"date":"2023-09-07T23:12:08","date_gmt":"2023-09-08T06:12:08","guid":{"rendered":"https:\/\/www.sonoraenequipo.com.mx\/?p=174430"},"modified":"2023-09-08T09:43:03","modified_gmt":"2023-09-08T16:43:03","slug":"se-inaugura-con-exito-final-de-la-copa-mundial-de-tiro-con-arco-2023-en-sonora","status":"publish","type":"post","link":"https:\/\/www.sonoraenequipo.com.mx\/se-inaugura-con-exito-final-de-la-copa-mundial-de-tiro-con-arco-2023-en-sonora\/","title":{"rendered":"Se inaugura con \u00e9xito Final de la Copa Mundial de Tiro con Arco 2023 en Sonora"},"content":{"rendered":"<p><strong>HERMOSILLO, SONORA. MX. \u2014\u00a0<\/strong> Desde la plaza Zaragoza como escenario principal, el Gobierno de Sonora y la Federaci\u00f3n Internacional de Tiro con Arco, inauguraron la Final de la Copa del Mundo de Tiro con Arco en la que participar\u00e1n los 32 mejores arqueros y arqueras del mundo, provenientes de 15 pa\u00edses incluyendo a la sonorense Alejandra Valencia, quien disputar\u00e1 la copa mundial en esta disciplina en su ciudad natal.<\/p>\n<p>&nbsp;<\/p>\n<p> <\/p>\n<p>El secretario de gobierno, Adolfo Salazar Razo, en representaci\u00f3n del gobernador de Sonora, Alfonso Durazo Monta\u00f1o, destac\u00f3 que, esta competencia a llevarse a cabo el 9 y 10 de septiembre, pondr\u00e1 a Sonora en los ojos del mundo, especialmente en el rubro del deporte y brindar\u00e1 una intensa promoci\u00f3n tur\u00edstica y deportiva al ser la entidad elegida como sede para este evento internacional celebrado en el coraz\u00f3n de la capital sonorense.<\/p>\n<p>&nbsp;<\/p>\n<p><em><strong>\u201cCada atleta aqu\u00ed presente personifica a\u00f1os de entrenamiento, de dedicaci\u00f3n y perseverancia que les permiti\u00f3 llegar hasta esta gran final en la que participan 32 competidores, 16 hombres y 16 mujeres. Sonora se consolida como un referente importante para albergar grandes eventos como este\u201d<\/strong><\/em>, indic\u00f3.<\/p>\n<p>&nbsp;<\/p>\n<p>&nbsp;<\/p>\n<p>Ana Gabriela Guevara, directora de la Comisi\u00f3n Nacional de Cultura F\u00edsica y Deporte (Conade), extern\u00f3 que un certamen internacional como este llena de orgullo y muestra solo una parte de lo que Sonora y M\u00e9xico pueden ofrecer.<\/p>\n<p>&nbsp;<\/p>\n<p>&nbsp;<\/p>\n<p>Los eventos mantendr\u00e1n en acci\u00f3n a 16 mujeres y 16 hombres, divididos en dos modalidades, Recurvo y Compuesto, que dar\u00e1n inicio el s\u00e1bado 9, de 16:00 a 18:00 horas, en la rama femenil, y de 20:00 a 22:00 horas, en la rama varonil.<\/p>\n<p>&nbsp;<\/p>\n<p>&nbsp;<\/p>\n<p>El domingo 10 se realizar\u00e1 la segunda jornada de la competencia de Tiro con Arco en el mismo horario y se prev\u00e9 que la arquera sonorense Alejandra Valencia, salga a competir este d\u00eda en la modalidad de recurvo a partir de las 16:00 horas.<\/p>\n<p>&nbsp;<\/p>\n<p>&nbsp;<\/p>\n<p>Previo al inicio de la disputa de las medallas, este jueves 7 se realiz\u00f3 el sorteo para definir la primera ronda de enfrentamientos de la rama femenil y varonil y posteriormente la presentaci\u00f3n de atletas; el viernes 8, tendr\u00e1 lugar la pr\u00e1ctica-entrenamiento oficial, con horario de las 16:00 horas a las 22:15 horas.<\/p>\n<p>&nbsp;<\/p>\n<p>&nbsp;<\/p>\n<p>PUBLICADO EL 06 SEPTIEMBRE DE 2023\/ Con informaci\u00f3n de GOBSON 0923-030)<\/p>\n<p>&nbsp;<\/p>\n","protected":false},"excerpt":{"rendered":"<p>HERMOSILLO, SONORA. MX. \u2014\u00a0 Desde la plaza Zaragoza como escenario principal, el Gobierno de Sonora&#8230;<\/p>\n","protected":false},"author":1,"featured_media":174431,"comment_status":"open","ping_status":"open","sticky":false,"template":"","format":"standard","meta":{"_monsterinsights_skip_tracking":false,"_monsterinsights_sitenote_active":false,"_monsterinsights_sitenote_note":"","_monsterinsights_sitenote_category":0,"footnotes":""},"categories":[3281],"tags":[],"class_list":["post"],"yoast_head":" \n<title>Sonora en Equipo. Se inaugura con \u00e9xito Final de la Copa Mundial de Tiro con Arco 2023 en Sonora Congreso<\/title>\n<meta name=\"description\" content=\"HERMOSILLO, SONORA. MX. \u2014\u00a0 Desde la plaza Zaragoza como escenario principal, el Gobierno de Sonora y la Federaci\u00f3n Internacional de Tiro con Arco, En Sonora en Equipo publicamos toda la informaci\u00f3n de Sonora, M\u00e9xico y el Mundo de manera oportuna y busca que la libertad de expresi\u00f3n sea real. Visita nuestro medio informativo publicado desde Hermosillo, Sonora. %\" \/>\n<meta name=\"robots\" content=\"index, follow, max-snippet:-1, max-image-preview:large, max-video-preview:-1\" \/>\n<link rel=\"canonical\" href=\"https:\/\/www.sonoraenequipo.com.mx\/se-inaugura-con-exito-final-de-la-copa-mundial-de-tiro-con-arco-2023-en-sonora\/\" \/>\n<meta property=\"og:locale\" content=\"es_ES\" \/>\n<meta property=\"og:type\" content=\"article\" \/>\n<meta property=\"og:title\" content=\"Sonora en Equipo. Se inaugura con \u00e9xito Final de la Copa Mundial de Tiro con Arco 2023 en Sonora Congreso\" \/>\n<meta property=\"og:description\" content=\"HERMOSILLO, SONORA. MX. \u2014\u00a0 Desde la plaza Zaragoza como escenario principal, el Gobierno de Sonora y la Federaci\u00f3n Internacional de Tiro con Arco, En Sonora en Equipo publicamos toda la informaci\u00f3n de Sonora, M\u00e9xico y el Mundo de manera oportuna y busca que la libertad de expresi\u00f3n sea real. Visita nuestro medio informativo publicado desde Hermosillo, Sonora. %\" \/>\n<meta property=\"og:url\" content=\"https:\/\/www.sonoraenequipo.com.mx\/se-inaugura-con-exito-final-de-la-copa-mundial-de-tiro-con-arco-2023-en-sonora\/\" \/>\n<meta property=\"og:site_name\" content=\"Sonora en Equipo.\" \/>\n<meta property=\"article:publisher\" content=\"https:\/\/www.facebook.com\/SonoraEE\/\" \/>\n<meta property=\"article:author\" content=\"https:\/\/www.facebook.com\/SonoraEE\" \/>\n<meta property=\"article:published_time\" content=\"2023-09-08T06:12:08+00:00\" \/>\n<meta property=\"article:modified_time\" content=\"2023-09-08T16:43:03+00:00\" \/>\n<meta property=\"og:image\" content=\"https:\/\/www.sonoraenequipo.com.mx\/storage\/2023\/09\/Final-de-la-Copa-Mundial-de-Tiro-con-Arco-2023-en-Sonora4-min-1.jpg\" \/>\n\t<meta property=\"og:image:width\" content=\"800\" \/>\n\t<meta property=\"og:image:height\" content=\"532\" \/>\n\t<meta property=\"og:image:type\" content=\"image\/jpeg\" \/>\n<meta name=\"author\" content=\"enequipo\" \/>\n<meta name=\"twitter:card\" content=\"summary_large_image\" \/>\n<meta name=\"twitter:creator\" content=\"@sonoraenequipo\" \/>\n<meta name=\"twitter:site\" content=\"@sonoraenequipo\" \/>\n<meta name=\"twitter:label1\" content=\"Escrito por\" \/>\n\t<meta name=\"twitter:data1\" content=\"enequipo\" \/>\n\t<meta name=\"twitter:label2\" content=\"Tiempo de lectura\" \/>\n\t<meta name=\"twitter:data2\" content=\"2 minutos\" \/>\n<script type=\"application\/ld+json\" class=\"yoast-schema-graph\">{\"@context\":\"https:\/\/schema.org\",\"@graph\":[{\"@type\":\"Article\",\"@id\":\"https:\/\/www.sonoraenequipo.com.mx\/se-inaugura-con-exito-final-de-la-copa-mundial-de-tiro-con-arco-2023-en-sonora\/#article\",\"isPartOf\":{\"@id\":\"https:\/\/www.sonoraenequipo.com.mx\/se-inaugura-con-exito-final-de-la-copa-mundial-de-tiro-con-arco-2023-en-sonora\/\"},\"author\":{\"name\":\"enequipo\",\"@id\":\"https:\/\/www.sonoraenequipo.com.mx\/#\/schema\/person\/50102df0fb23a8fa9e8effad8fa81386\"},\"headline\":\"Se inaugura con \u00e9xito Final de la Copa Mundial de Tiro con Arco 2023 en Sonora\",\"datePublished\":\"2023-09-08T06:12:08+00:00\",\"dateModified\":\"2023-09-08T16:43:03+00:00\",\"mainEntityOfPage\":{\"@id\":\"https:\/\/www.sonoraenequipo.com.mx\/se-inaugura-con-exito-final-de-la-copa-mundial-de-tiro-con-arco-2023-en-sonora\/\"},\"wordCount\":399,\"commentCount\":0,\"publisher\":{\"@id\":\"https:\/\/www.sonoraenequipo.com.mx\/#organization\"},\"image\":{\"@id\":\"https:\/\/www.sonoraenequipo.com.mx\/se-inaugura-con-exito-final-de-la-copa-mundial-de-tiro-con-arco-2023-en-sonora\/#primaryimage\"},\"thumbnailUrl\":\"https:\/\/www.sonoraenequipo.com.mx\/storage\/2023\/09\/Final-de-la-Copa-Mundial-de-Tiro-con-Arco-2023-en-Sonora4-min-1.jpg\",\"articleSection\":[\"Congreso\"],\"inLanguage\":\"es\",\"potentialAction\":[{\"@type\":\"CommentAction\",\"name\":\"Comment\",\"target\":[\"https:\/\/www.sonoraenequipo.com.mx\/se-inaugura-con-exito-final-de-la-copa-mundial-de-tiro-con-arco-2023-en-sonora\/#respond\"]}]},{\"@type\":\"WebPage\",\"@id\":\"https:\/\/www.sonoraenequipo.com.mx\/se-inaugura-con-exito-final-de-la-copa-mundial-de-tiro-con-arco-2023-en-sonora\/\",\"url\":\"https:\/\/www.sonoraenequipo.com.mx\/se-inaugura-con-exito-final-de-la-copa-mundial-de-tiro-con-arco-2023-en-sonora\/\",\"name\":\"Sonora en Equipo. Se inaugura con \u00e9xito Final de la Copa Mundial de Tiro con Arco 2023 en Sonora Congreso\",\"isPartOf\":{\"@id\":\"https:\/\/www.sonoraenequipo.com.mx\/#website\"},\"primaryImageOfPage\":{\"@id\":\"https:\/\/www.sonoraenequipo.com.mx\/se-inaugura-con-exito-final-de-la-copa-mundial-de-tiro-con-arco-2023-en-sonora\/#primaryimage\"},\"image\":{\"@id\":\"https:\/\/www.sonoraenequipo.com.mx\/se-inaugura-con-exito-final-de-la-copa-mundial-de-tiro-con-arco-2023-en-sonora\/#primaryimage\"},\"thumbnailUrl\":\"https:\/\/www.sonoraenequipo.com.mx\/storage\/2023\/09\/Final-de-la-Copa-Mundial-de-Tiro-con-Arco-2023-en-Sonora4-min-1.jpg\",\"datePublished\":\"2023-09-08T06:12:08+00:00\",\"dateModified\":\"2023-09-08T16:43:03+00:00\",\"description\":\"HERMOSILLO, SONORA. MX. \u2014\u00a0 Desde la plaza Zaragoza como escenario principal, el Gobierno de Sonora y la Federaci\u00f3n Internacional de Tiro con Arco, En Sonora en Equipo publicamos toda la informaci\u00f3n de Sonora, M\u00e9xico y el Mundo de manera oportuna y busca que la libertad de expresi\u00f3n sea real. Visita nuestro medio informativo publicado desde Hermosillo, Sonora. %\",\"breadcrumb\":{\"@id\":\"https:\/\/www.sonoraenequipo.com.mx\/se-inaugura-con-exito-final-de-la-copa-mundial-de-tiro-con-arco-2023-en-sonora\/#breadcrumb\"},\"inLanguage\":\"es\",\"potentialAction\":[{\"@type\":\"ReadAction\",\"target\":[\"https:\/\/www.sonoraenequipo.com.mx\/se-inaugura-con-exito-final-de-la-copa-mundial-de-tiro-con-arco-2023-en-sonora\/\"]}]},{\"@type\":\"ImageObject\",\"inLanguage\":\"es\",\"@id\":\"https:\/\/www.sonoraenequipo.com.mx\/se-inaugura-con-exito-final-de-la-copa-mundial-de-tiro-con-arco-2023-en-sonora\/#primaryimage\",\"url\":\"https:\/\/www.sonoraenequipo.com.mx\/storage\/2023\/09\/Final-de-la-Copa-Mundial-de-Tiro-con-Arco-2023-en-Sonora4-min-1.jpg\",\"contentUrl\":\"https:\/\/www.sonoraenequipo.com.mx\/storage\/2023\/09\/Final-de-la-Copa-Mundial-de-Tiro-con-Arco-2023-en-Sonora4-min-1.jpg\",\"width\":800,\"height\":532},{\"@type\":\"BreadcrumbList\",\"@id\":\"https:\/\/www.sonoraenequipo.com.mx\/se-inaugura-con-exito-final-de-la-copa-mundial-de-tiro-con-arco-2023-en-sonora\/#breadcrumb\",\"itemListElement\":[{\"@type\":\"ListItem\",\"position\":1,\"name\":\"Portada\",\"item\":\"https:\/\/www.sonoraenequipo.com.mx\/\"},{\"@type\":\"ListItem\",\"position\":2,\"name\":\"Se inaugura con \u00e9xito Final de la Copa Mundial de Tiro con Arco 2023 en Sonora\"}]},{\"@type\":\"WebSite\",\"@id\":\"https:\/\/www.sonoraenequipo.com.mx\/#website\",\"url\":\"https:\/\/www.sonoraenequipo.com.mx\/\",\"name\":\"Sonora en Equipo.\",\"description\":\"Diario en l\u00ednea con Noticias desde Hermosillo, Sonora\",\"publisher\":{\"@id\":\"https:\/\/www.sonoraenequipo.com.mx\/#organization\"},\"potentialAction\":[{\"@type\":\"SearchAction\",\"target\":{\"@type\":\"EntryPoint\",\"urlTemplate\":\"https:\/\/www.sonoraenequipo.com.mx\/?s={search_term_string}\"},\"query-input\":{\"@type\":\"PropertyValueSpecification\",\"valueRequired\":true,\"valueName\":\"search_term_string\"}}],\"inLanguage\":\"es\"},{\"@type\":\"Organization\",\"@id\":\"https:\/\/www.sonoraenequipo.com.mx\/#organization\",\"name\":\"Sonoraenequipo.com.mx\",\"url\":\"https:\/\/www.sonoraenequipo.com.mx\/\",\"logo\":{\"@type\":\"ImageObject\",\"inLanguage\":\"es\",\"@id\":\"https:\/\/www.sonoraenequipo.com.mx\/#\/schema\/logo\/image\/\",\"url\":\"https:\/\/www.sonoraenequipo.com.mx\/storage\/2019\/01\/sonoraenequipo_opt.png\",\"contentUrl\":\"https:\/\/www.sonoraenequipo.com.mx\/storage\/2019\/01\/sonoraenequipo_opt.png\",\"width\":375,\"height\":125,\"caption\":\"Sonoraenequipo.com.mx\"},\"image\":{\"@id\":\"https:\/\/www.sonoraenequipo.com.mx\/#\/schema\/logo\/image\/\"},\"sameAs\":[\"https:\/\/www.facebook.com\/SonoraEE\/\",\"https:\/\/x.com\/sonoraenequipo\",\"https:\/\/www.youtube.com\/channel\/UC338nW-lPEYmJQs4ZABQ1SQ\"]},{\"@type\":\"Person\",\"@id\":\"https:\/\/www.sonoraenequipo.com.mx\/#\/schema\/person\/50102df0fb23a8fa9e8effad8fa81386\",\"name\":\"enequipo\",\"image\":{\"@type\":\"ImageObject\",\"inLanguage\":\"es\",\"@id\":\"https:\/\/www.sonoraenequipo.com.mx\/#\/schema\/person\/image\/\",\"url\":\"https:\/\/secure.gravatar.com\/avatar\/049821681b589dabc0bc20695993ccebb09f5b5d4d790cd9251b97faac7c652b?s=96&d=blank&r=g\",\"contentUrl\":\"https:\/\/secure.gravatar.com\/avatar\/049821681b589dabc0bc20695993ccebb09f5b5d4d790cd9251b97faac7c652b?s=96&d=blank&r=g\",\"caption\":\"enequipo\"},\"sameAs\":[\"https:\/\/www.facebook.com\/SonoraEE\"]}]}<\/script>\n ","yoast_head_json":{"title":"Sonora en Equipo. Se inaugura con \u00e9xito Final de la Copa Mundial de Tiro con Arco 2023 en Sonora Congreso","description":"HERMOSILLO, SONORA. MX. \u2014\u00a0 Desde la plaza Zaragoza como escenario principal, el Gobierno de Sonora y la Federaci\u00f3n Internacional de Tiro con Arco, En Sonora en Equipo publicamos toda la informaci\u00f3n de Sonora, M\u00e9xico y el Mundo de manera oportuna y busca que la libertad de expresi\u00f3n sea real. Visita nuestro medio informativo publicado desde Hermosillo, Sonora. %","robots":{"index":"index","follow":"follow","max-snippet":"max-snippet:-1","max-image-preview":"max-image-preview:large","max-video-preview":"max-video-preview:-1"},"canonical":"https:\/\/www.sonoraenequipo.com.mx\/se-inaugura-con-exito-final-de-la-copa-mundial-de-tiro-con-arco-2023-en-sonora\/","og_locale":"es_ES","og_type":"article","og_title":"Sonora en Equipo. Se inaugura con \u00e9xito Final de la Copa Mundial de Tiro con Arco 2023 en Sonora Congreso","og_description":"HERMOSILLO, SONORA. MX. \u2014\u00a0 Desde la plaza Zaragoza como escenario principal, el Gobierno de Sonora y la Federaci\u00f3n Internacional de Tiro con Arco, En Sonora en Equipo publicamos toda la informaci\u00f3n de Sonora, M\u00e9xico y el Mundo de manera oportuna y busca que la libertad de expresi\u00f3n sea real. Visita nuestro medio informativo publicado desde Hermosillo, Sonora. %","og_url":"https:\/\/www.sonoraenequipo.com.mx\/se-inaugura-con-exito-final-de-la-copa-mundial-de-tiro-con-arco-2023-en-sonora\/","og_site_name":"Sonora en Equipo.","article_publisher":"https:\/\/www.facebook.com\/SonoraEE\/","article_author":"https:\/\/www.facebook.com\/SonoraEE","article_published_time":"2023-09-08T06:12:08+00:00","article_modified_time":"2023-09-08T16:43:03+00:00","og_image":[{"width":800,"height":532,"url":"https:\/\/www.sonoraenequipo.com.mx\/storage\/2023\/09\/Final-de-la-Copa-Mundial-de-Tiro-con-Arco-2023-en-Sonora4-min-1.jpg","type":"image\/jpeg"}],"author":"enequipo","twitter_card":"summary_large_image","twitter_creator":"@sonoraenequipo","twitter_site":"@sonoraenequipo","twitter_misc":{"Escrito por":"enequipo","Tiempo de lectura":"2 minutos"},"schema":{"@context":"https:\/\/schema.org","@graph":[{"@type":"Article","@id":"https:\/\/www.sonoraenequipo.com.mx\/se-inaugura-con-exito-final-de-la-copa-mundial-de-tiro-con-arco-2023-en-sonora\/#article","isPartOf":{"@id":"https:\/\/www.sonoraenequipo.com.mx\/se-inaugura-con-exito-final-de-la-copa-mundial-de-tiro-con-arco-2023-en-sonora\/"},"author":{"name":"enequipo","@id":"https:\/\/www.sonoraenequipo.com.mx\/#\/schema\/person\/50102df0fb23a8fa9e8effad8fa81386"},"headline":"Se inaugura con \u00e9xito Final de la Copa Mundial de Tiro con Arco 2023 en Sonora","datePublished":"2023-09-08T06:12:08+00:00","dateModified":"2023-09-08T16:43:03+00:00","mainEntityOfPage":{"@id":"https:\/\/www.sonoraenequipo.com.mx\/se-inaugura-con-exito-final-de-la-copa-mundial-de-tiro-con-arco-2023-en-sonora\/"},"wordCount":399,"commentCount":0,"publisher":{"@id":"https:\/\/www.sonoraenequipo.com.mx\/#organization"},"image":{"@id":"https:\/\/www.sonoraenequipo.com.mx\/se-inaugura-con-exito-final-de-la-copa-mundial-de-tiro-con-arco-2023-en-sonora\/#primaryimage"},"thumbnailUrl":"https:\/\/www.sonoraenequipo.com.mx\/storage\/2023\/09\/Final-de-la-Copa-Mundial-de-Tiro-con-Arco-2023-en-Sonora4-min-1.jpg","articleSection":["Congreso"],"inLanguage":"es","potentialAction":[{"@type":"CommentAction","name":"Comment","target":["https:\/\/www.sonoraenequipo.com.mx\/se-inaugura-con-exito-final-de-la-copa-mundial-de-tiro-con-arco-2023-en-sonora\/#respond"]}]},{"@type":"WebPage","@id":"https:\/\/www.sonoraenequipo.com.mx\/se-inaugura-con-exito-final-de-la-copa-mundial-de-tiro-con-arco-2023-en-sonora\/","url":"https:\/\/www.sonoraenequipo.com.mx\/se-inaugura-con-exito-final-de-la-copa-mundial-de-tiro-con-arco-2023-en-sonora\/","name":"Sonora en Equipo. Se inaugura con \u00e9xito Final de la Copa Mundial de Tiro con Arco 2023 en Sonora Congreso","isPartOf":{"@id":"https:\/\/www.sonoraenequipo.com.mx\/#website"},"primaryImageOfPage":{"@id":"https:\/\/www.sonoraenequipo.com.mx\/se-inaugura-con-exito-final-de-la-copa-mundial-de-tiro-con-arco-2023-en-sonora\/#primaryimage"},"image":{"@id":"https:\/\/www.sonoraenequipo.com.mx\/se-inaugura-con-exito-final-de-la-copa-mundial-de-tiro-con-arco-2023-en-sonora\/#primaryimage"},"thumbnailUrl":"https:\/\/www.sonoraenequipo.com.mx\/storage\/2023\/09\/Final-de-la-Copa-Mundial-de-Tiro-con-Arco-2023-en-Sonora4-min-1.jpg","datePublished":"2023-09-08T06:12:08+00:00","dateModified":"2023-09-08T16:43:03+00:00","description":"HERMOSILLO, SONORA. MX. \u2014\u00a0 Desde la plaza Zaragoza como escenario principal, el Gobierno de Sonora y la Federaci\u00f3n Internacional de Tiro con Arco, En Sonora en Equipo publicamos toda la informaci\u00f3n de Sonora, M\u00e9xico y el Mundo de manera oportuna y busca que la libertad de expresi\u00f3n sea real. Visita nuestro medio informativo publicado desde Hermosillo, Sonora. %","breadcrumb":{"@id":"https:\/\/www.sonoraenequipo.com.mx\/se-inaugura-con-exito-final-de-la-copa-mundial-de-tiro-con-arco-2023-en-sonora\/#breadcrumb"},"inLanguage":"es","potentialAction":[{"@type":"ReadAction","target":["https:\/\/www.sonoraenequipo.com.mx\/se-inaugura-con-exito-final-de-la-copa-mundial-de-tiro-con-arco-2023-en-sonora\/"]}]},{"@type":"ImageObject","inLanguage":"es","@id":"https:\/\/www.sonoraenequipo.com.mx\/se-inaugura-con-exito-final-de-la-copa-mundial-de-tiro-con-arco-2023-en-sonora\/#primaryimage","url":"https:\/\/www.sonoraenequipo.com.mx\/storage\/2023\/09\/Final-de-la-Copa-Mundial-de-Tiro-con-Arco-2023-en-Sonora4-min-1.jpg","contentUrl":"https:\/\/www.sonoraenequipo.com.mx\/storage\/2023\/09\/Final-de-la-Copa-Mundial-de-Tiro-con-Arco-2023-en-Sonora4-min-1.jpg","width":800,"height":532},{"@type":"BreadcrumbList","@id":"https:\/\/www.sonoraenequipo.com.mx\/se-inaugura-con-exito-final-de-la-copa-mundial-de-tiro-con-arco-2023-en-sonora\/#breadcrumb","itemListElement":[{"@type":"ListItem","position":1,"name":"Portada","item":"https:\/\/www.sonoraenequipo.com.mx\/"},{"@type":"ListItem","position":2,"name":"Se inaugura con \u00e9xito Final de la Copa Mundial de Tiro con Arco 2023 en Sonora"}]},{"@type":"WebSite","@id":"https:\/\/www.sonoraenequipo.com.mx\/#website","url":"https:\/\/www.sonoraenequipo.com.mx\/","name":"Sonora en Equipo.","description":"Diario en l\u00ednea con Noticias desde Hermosillo, Sonora","publisher":{"@id":"https:\/\/www.sonoraenequipo.com.mx\/#organization"},"potentialAction":[{"@type":"SearchAction","target":{"@type":"EntryPoint","urlTemplate":"https:\/\/www.sonoraenequipo.com.mx\/?s={search_term_string}"},"query-input":{"@type":"PropertyValueSpecification","valueRequired":true,"valueName":"search_term_string"}}],"inLanguage":"es"},{"@type":"Organization","@id":"https:\/\/www.sonoraenequipo.com.mx\/#organization","name":"Sonoraenequipo.com.mx","url":"https:\/\/www.sonoraenequipo.com.mx\/","logo":{"@type":"ImageObject","inLanguage":"es","@id":"https:\/\/www.sonoraenequipo.com.mx\/#\/schema\/logo\/image\/","url":"https:\/\/www.sonoraenequipo.com.mx\/storage\/2019\/01\/sonoraenequipo_opt.png","contentUrl":"https:\/\/www.sonoraenequipo.com.mx\/storage\/2019\/01\/sonoraenequipo_opt.png","width":375,"height":125,"caption":"Sonoraenequipo.com.mx"},"image":{"@id":"https:\/\/www.sonoraenequipo.com.mx\/#\/schema\/logo\/image\/"},"sameAs":["https:\/\/www.facebook.com\/SonoraEE\/","https:\/\/x.com\/sonoraenequipo","https:\/\/www.youtube.com\/channel\/UC338nW-lPEYmJQs4ZABQ1SQ"]},{"@type":"Person","@id":"https:\/\/www.sonoraenequipo.com.mx\/#\/schema\/person\/50102df0fb23a8fa9e8effad8fa81386","name":"enequipo","image":{"@type":"ImageObject","inLanguage":"es","@id":"https:\/\/www.sonoraenequipo.com.mx\/#\/schema\/person\/image\/","url":"https:\/\/secure.gravatar.com\/avatar\/049821681b589dabc0bc20695993ccebb09f5b5d4d790cd9251b97faac7c652b?s=96&d=blank&r=g","contentUrl":"https:\/\/secure.gravatar.com\/avatar\/049821681b589dabc0bc20695993ccebb09f5b5d4d790cd9251b97faac7c652b?s=96&d=blank&r=g","caption":"enequipo"},"sameAs":["https:\/\/www.facebook.com\/SonoraEE"]}]}},"jetpack_featured_media_url":"https:\/\/www.sonoraenequipo.com.mx\/storage\/2023\/09\/Final-de-la-Copa-Mundial-de-Tiro-con-Arco-2023-en-Sonora4-min-1.jpg","_links":{"self":[{"href":"https:\/\/www.sonoraenequipo.com.mx\/api\/wp\/v2\/posts\/174430","targetHints":{"allow":["GET"]}}],"collection":[{"href":"https:\/\/www.sonoraenequipo.com.mx\/api\/wp\/v2\/posts"}],"about":[{"href":"https:\/\/www.sonoraenequipo.com.mx\/api\/wp\/v2\/types\/post"}],"author":[{"embeddable":true,"href":"https:\/\/www.sonoraenequipo.com.mx\/api\/wp\/v2\/users\/1"}],"replies":[{"embeddable":true,"href":"https:\/\/www.sonoraenequipo.com.mx\/api\/wp\/v2\/comments?post=174430"}],"version-history":[{"count":1,"href":"https:\/\/www.sonoraenequipo.com.mx\/api\/wp\/v2\/posts\/174430\/revisions"}],"predecessor-version":[{"id":174432,"href":"https:\/\/www.sonoraenequipo.com.mx\/api\/wp\/v2\/posts\/174430\/revisions\/174432"}],"wp:featuredmedia":[{"embeddable":true,"href":"https:\/\/www.sonoraenequipo.com.mx\/api\/wp\/v2\/media\/174431"}],"wp:attachment":[{"href":"https:\/\/www.sonoraenequipo.com.mx\/api\/wp\/v2\/media?parent=174430"}],"wp:term":[{"taxonomy":"category","embeddable":true,"href":"https:\/\/www.sonoraenequipo.com.mx\/api\/wp\/v2\/categories?post=174430"},{"taxonomy":"post_tag","embeddable":true,"href":"https:\/\/www.sonoraenequipo.com.mx\/api\/wp\/v2\/tags?post=174430"}],"curies":[{"name":"wp","href":"https:\/\/api.w.org\/{rel}","templated":true}]}}