{"id":174641,"date":"2023-09-11T13:58:48","date_gmt":"2023-09-11T20:58:48","guid":{"rendered":"https:\/\/www.sonoraenequipo.com.mx\/?p=174641"},"modified":"2023-09-11T14:19:58","modified_gmt":"2023-09-11T21:19:58","slug":"actividad-industrial-a-nivel-nacional-aumento-en-julio0-5inegi","status":"publish","type":"post","link":"https:\/\/www.sonoraenequipo.com.mx\/actividad-industrial-a-nivel-nacional-aumento-en-julio0-5inegi\/","title":{"rendered":"Actividad industrial a nivel nacional aument\u00f3 en julio 0.5%: Inegi"},"content":{"rendered":"<p><strong>CIUDAD DE M\u00c9XICO.<\/strong><strong>\u2500\u2500<\/strong> Con la actualizaci\u00f3n del Sistema de Cuentas Nacionales de M\u00e9xico, se inicia la difusi\u00f3n de la nueva serie base 2018 del Indicador Mensual de la Actividad Industrial (IMAI).<\/p>\n<p>&nbsp;<\/p>\n<p>En julio de 2023 y con cifras desestacionalizadas, el IMAI aument\u00f3 0.5 % a tasa mensual.<\/p>\n<p>&nbsp;<\/p>\n<p>Por componente y con series ajustadas por estacionalidad, en julio de este a\u00f1o, la variaci\u00f3n mensual de la producci\u00f3n fue la siguiente: Generaci\u00f3n, transmisi\u00f3n, distribuci\u00f3n y comercializaci\u00f3n de energ\u00eda el\u00e9ctrica, suministro de agua y de gas natural por ductos al consumidor final creci\u00f3 3.5 %; Construcci\u00f3n, 2 % e Industrias manufactureras, 0.3 por ciento. Miner\u00eda disminuy\u00f3 2.6 % a tasa mensual.<\/p>\n<p>&nbsp;<\/p>\n<p>A tasa anual y con series desestacionalizadas, el IMAI increment\u00f3 4.9 %, en t\u00e9rminos reales, en julio pasado. Por sector de actividad econ\u00f3mica, Construcci\u00f3n avanz\u00f3 24.7 %; Generaci\u00f3n, transmisi\u00f3n, distribuci\u00f3n y comercializaci\u00f3n de energ\u00eda el\u00e9ctrica, suministro de agua y de gas natural por ductos al consumidor final, 4.6 % e Industrias manufactureras, 1.1 por ciento. Miner\u00eda se redujo 0.5 por ciento.<\/p>\n<p>&nbsp;<\/p>\n<p>NOTA AL USUARIO<\/p>\n<p>&nbsp;<\/p>\n<p>En la integraci\u00f3n del IMAI, en julio de 2023, se consideraron las encuestas econ\u00f3micas, la Estad\u00edstica de la Industria Minerometal\u00fargica (EIMM), los registros administrativos y los datos primarios que divulga el Instituto. Para las actividades petroleras, de energ\u00eda, gas y agua, se incluyeron los registros administrativos provenientes de las empresas y Unidades del Estado que se recibieron oportunamente v\u00eda correo electr\u00f3nico e internet.<\/p>\n<p><strong>Fecha de publicaci\u00f3n\u00a0 lunes 11 de septiembre de 2023 \/ Instituto Nacional de Estad\u00edstica Geograf\u00eda e Inform\u00e1tica (Inegi)<\/strong><\/p>\n<p>&nbsp;<\/p>\n","protected":false},"excerpt":{"rendered":"<p>CIUDAD DE M\u00c9XICO.\u2500\u2500 Con la actualizaci\u00f3n del Sistema de Cuentas Nacionales de M\u00e9xico, se inicia&#8230;<\/p>\n","protected":false},"author":1,"featured_media":126321,"comment_status":"open","ping_status":"open","sticky":false,"template":"","format":"standard","meta":{"_monsterinsights_skip_tracking":false,"_monsterinsights_sitenote_active":false,"_monsterinsights_sitenote_note":"","_monsterinsights_sitenote_category":0,"footnotes":""},"categories":[6493],"tags":[8327,8921],"class_list":["post"],"yoast_head":" \n<title>Sonora en Equipo. Actividad industrial a nivel nacional aument\u00f3 en julio 0.5%: Inegi PALABRAS Y N\u00daMEROS<\/title>\n<meta name=\"description\" content=\"CIUDAD DE M\u00c9XICO.\u2500\u2500 Con la actualizaci\u00f3n del Sistema de Cuentas Nacionales de M\u00e9xico, se inicia la difusi\u00f3n de la nueva serie base 2018 del Indicador En Sonora en Equipo publicamos toda la informaci\u00f3n de Sonora, M\u00e9xico y el Mundo de manera oportuna y busca que la libertad de expresi\u00f3n sea real. Visita nuestro medio informativo publicado desde Hermosillo, Sonora. %\" \/>\n<meta name=\"robots\" content=\"index, follow, max-snippet:-1, max-image-preview:large, max-video-preview:-1\" \/>\n<link rel=\"canonical\" href=\"https:\/\/www.sonoraenequipo.com.mx\/actividad-industrial-a-nivel-nacional-aumento-en-julio0-5inegi\/\" \/>\n<meta property=\"og:locale\" content=\"es_ES\" \/>\n<meta property=\"og:type\" content=\"article\" \/>\n<meta property=\"og:title\" content=\"Sonora en Equipo. Actividad industrial a nivel nacional aument\u00f3 en julio 0.5%: Inegi PALABRAS Y N\u00daMEROS\" \/>\n<meta property=\"og:description\" content=\"CIUDAD DE M\u00c9XICO.\u2500\u2500 Con la actualizaci\u00f3n del Sistema de Cuentas Nacionales de M\u00e9xico, se inicia la difusi\u00f3n de la nueva serie base 2018 del Indicador En Sonora en Equipo publicamos toda la informaci\u00f3n de Sonora, M\u00e9xico y el Mundo de manera oportuna y busca que la libertad de expresi\u00f3n sea real. Visita nuestro medio informativo publicado desde Hermosillo, Sonora. %\" \/>\n<meta property=\"og:url\" content=\"https:\/\/www.sonoraenequipo.com.mx\/actividad-industrial-a-nivel-nacional-aumento-en-julio0-5inegi\/\" \/>\n<meta property=\"og:site_name\" content=\"Sonora en Equipo.\" \/>\n<meta property=\"article:publisher\" content=\"https:\/\/www.facebook.com\/SonoraEE\/\" \/>\n<meta property=\"article:author\" content=\"https:\/\/www.facebook.com\/SonoraEE\" \/>\n<meta property=\"article:published_time\" content=\"2023-09-11T20:58:48+00:00\" \/>\n<meta property=\"article:modified_time\" content=\"2023-09-11T21:19:58+00:00\" \/>\n<meta property=\"og:image\" content=\"https:\/\/www.sonoraenequipo.com.mx\/storage\/2021\/10\/actividad-economica_opt.jpg\" \/>\n\t<meta property=\"og:image:width\" content=\"700\" \/>\n\t<meta property=\"og:image:height\" content=\"400\" \/>\n\t<meta property=\"og:image:type\" content=\"image\/jpeg\" \/>\n<meta name=\"author\" content=\"enequipo\" \/>\n<meta name=\"twitter:card\" content=\"summary_large_image\" \/>\n<meta name=\"twitter:creator\" content=\"@sonoraenequipo\" \/>\n<meta name=\"twitter:site\" content=\"@sonoraenequipo\" \/>\n<meta name=\"twitter:label1\" content=\"Escrito por\" \/>\n\t<meta name=\"twitter:data1\" content=\"enequipo\" \/>\n\t<meta name=\"twitter:label2\" content=\"Tiempo de lectura\" \/>\n\t<meta name=\"twitter:data2\" content=\"1 minuto\" \/>\n<script type=\"application\/ld+json\" class=\"yoast-schema-graph\">{\"@context\":\"https:\/\/schema.org\",\"@graph\":[{\"@type\":\"Article\",\"@id\":\"https:\/\/www.sonoraenequipo.com.mx\/actividad-industrial-a-nivel-nacional-aumento-en-julio0-5inegi\/#article\",\"isPartOf\":{\"@id\":\"https:\/\/www.sonoraenequipo.com.mx\/actividad-industrial-a-nivel-nacional-aumento-en-julio0-5inegi\/\"},\"author\":{\"name\":\"enequipo\",\"@id\":\"https:\/\/www.sonoraenequipo.com.mx\/#\/schema\/person\/50102df0fb23a8fa9e8effad8fa81386\"},\"headline\":\"Actividad industrial a nivel nacional aument\u00f3 en julio 0.5%: Inegi\",\"datePublished\":\"2023-09-11T20:58:48+00:00\",\"dateModified\":\"2023-09-11T21:19:58+00:00\",\"mainEntityOfPage\":{\"@id\":\"https:\/\/www.sonoraenequipo.com.mx\/actividad-industrial-a-nivel-nacional-aumento-en-julio0-5inegi\/\"},\"wordCount\":281,\"commentCount\":0,\"publisher\":{\"@id\":\"https:\/\/www.sonoraenequipo.com.mx\/#organization\"},\"image\":{\"@id\":\"https:\/\/www.sonoraenequipo.com.mx\/actividad-industrial-a-nivel-nacional-aumento-en-julio0-5inegi\/#primaryimage\"},\"thumbnailUrl\":\"https:\/\/www.sonoraenequipo.com.mx\/storage\/2021\/10\/actividad-economica_opt.jpg\",\"keywords\":[\"industrial\",\"tividad\"],\"articleSection\":[\"PALABRAS Y N\u00daMEROS\"],\"inLanguage\":\"es\",\"potentialAction\":[{\"@type\":\"CommentAction\",\"name\":\"Comment\",\"target\":[\"https:\/\/www.sonoraenequipo.com.mx\/actividad-industrial-a-nivel-nacional-aumento-en-julio0-5inegi\/#respond\"]}]},{\"@type\":\"WebPage\",\"@id\":\"https:\/\/www.sonoraenequipo.com.mx\/actividad-industrial-a-nivel-nacional-aumento-en-julio0-5inegi\/\",\"url\":\"https:\/\/www.sonoraenequipo.com.mx\/actividad-industrial-a-nivel-nacional-aumento-en-julio0-5inegi\/\",\"name\":\"Sonora en Equipo. Actividad industrial a nivel nacional aument\u00f3 en julio 0.5%: Inegi PALABRAS Y N\u00daMEROS\",\"isPartOf\":{\"@id\":\"https:\/\/www.sonoraenequipo.com.mx\/#website\"},\"primaryImageOfPage\":{\"@id\":\"https:\/\/www.sonoraenequipo.com.mx\/actividad-industrial-a-nivel-nacional-aumento-en-julio0-5inegi\/#primaryimage\"},\"image\":{\"@id\":\"https:\/\/www.sonoraenequipo.com.mx\/actividad-industrial-a-nivel-nacional-aumento-en-julio0-5inegi\/#primaryimage\"},\"thumbnailUrl\":\"https:\/\/www.sonoraenequipo.com.mx\/storage\/2021\/10\/actividad-economica_opt.jpg\",\"datePublished\":\"2023-09-11T20:58:48+00:00\",\"dateModified\":\"2023-09-11T21:19:58+00:00\",\"description\":\"CIUDAD DE M\u00c9XICO.\u2500\u2500 Con la actualizaci\u00f3n del Sistema de Cuentas Nacionales de M\u00e9xico, se inicia la difusi\u00f3n de la nueva serie base 2018 del Indicador En Sonora en Equipo publicamos toda la informaci\u00f3n de Sonora, M\u00e9xico y el Mundo de manera oportuna y busca que la libertad de expresi\u00f3n sea real. Visita nuestro medio informativo publicado desde Hermosillo, Sonora. %\",\"breadcrumb\":{\"@id\":\"https:\/\/www.sonoraenequipo.com.mx\/actividad-industrial-a-nivel-nacional-aumento-en-julio0-5inegi\/#breadcrumb\"},\"inLanguage\":\"es\",\"potentialAction\":[{\"@type\":\"ReadAction\",\"target\":[\"https:\/\/www.sonoraenequipo.com.mx\/actividad-industrial-a-nivel-nacional-aumento-en-julio0-5inegi\/\"]}]},{\"@type\":\"ImageObject\",\"inLanguage\":\"es\",\"@id\":\"https:\/\/www.sonoraenequipo.com.mx\/actividad-industrial-a-nivel-nacional-aumento-en-julio0-5inegi\/#primaryimage\",\"url\":\"https:\/\/www.sonoraenequipo.com.mx\/storage\/2021\/10\/actividad-economica_opt.jpg\",\"contentUrl\":\"https:\/\/www.sonoraenequipo.com.mx\/storage\/2021\/10\/actividad-economica_opt.jpg\",\"width\":700,\"height\":400},{\"@type\":\"BreadcrumbList\",\"@id\":\"https:\/\/www.sonoraenequipo.com.mx\/actividad-industrial-a-nivel-nacional-aumento-en-julio0-5inegi\/#breadcrumb\",\"itemListElement\":[{\"@type\":\"ListItem\",\"position\":1,\"name\":\"Portada\",\"item\":\"https:\/\/www.sonoraenequipo.com.mx\/\"},{\"@type\":\"ListItem\",\"position\":2,\"name\":\"Actividad industrial a nivel nacional aument\u00f3 en julio 0.5%: Inegi\"}]},{\"@type\":\"WebSite\",\"@id\":\"https:\/\/www.sonoraenequipo.com.mx\/#website\",\"url\":\"https:\/\/www.sonoraenequipo.com.mx\/\",\"name\":\"Sonora en Equipo.\",\"description\":\"Diario en l\u00ednea con Noticias desde Hermosillo, Sonora\",\"publisher\":{\"@id\":\"https:\/\/www.sonoraenequipo.com.mx\/#organization\"},\"potentialAction\":[{\"@type\":\"SearchAction\",\"target\":{\"@type\":\"EntryPoint\",\"urlTemplate\":\"https:\/\/www.sonoraenequipo.com.mx\/?s={search_term_string}\"},\"query-input\":{\"@type\":\"PropertyValueSpecification\",\"valueRequired\":true,\"valueName\":\"search_term_string\"}}],\"inLanguage\":\"es\"},{\"@type\":\"Organization\",\"@id\":\"https:\/\/www.sonoraenequipo.com.mx\/#organization\",\"name\":\"Sonoraenequipo.com.mx\",\"url\":\"https:\/\/www.sonoraenequipo.com.mx\/\",\"logo\":{\"@type\":\"ImageObject\",\"inLanguage\":\"es\",\"@id\":\"https:\/\/www.sonoraenequipo.com.mx\/#\/schema\/logo\/image\/\",\"url\":\"https:\/\/www.sonoraenequipo.com.mx\/storage\/2019\/01\/sonoraenequipo_opt.png\",\"contentUrl\":\"https:\/\/www.sonoraenequipo.com.mx\/storage\/2019\/01\/sonoraenequipo_opt.png\",\"width\":375,\"height\":125,\"caption\":\"Sonoraenequipo.com.mx\"},\"image\":{\"@id\":\"https:\/\/www.sonoraenequipo.com.mx\/#\/schema\/logo\/image\/\"},\"sameAs\":[\"https:\/\/www.facebook.com\/SonoraEE\/\",\"https:\/\/x.com\/sonoraenequipo\",\"https:\/\/www.youtube.com\/channel\/UC338nW-lPEYmJQs4ZABQ1SQ\"]},{\"@type\":\"Person\",\"@id\":\"https:\/\/www.sonoraenequipo.com.mx\/#\/schema\/person\/50102df0fb23a8fa9e8effad8fa81386\",\"name\":\"enequipo\",\"image\":{\"@type\":\"ImageObject\",\"inLanguage\":\"es\",\"@id\":\"https:\/\/www.sonoraenequipo.com.mx\/#\/schema\/person\/image\/\",\"url\":\"https:\/\/secure.gravatar.com\/avatar\/049821681b589dabc0bc20695993ccebb09f5b5d4d790cd9251b97faac7c652b?s=96&d=blank&r=g\",\"contentUrl\":\"https:\/\/secure.gravatar.com\/avatar\/049821681b589dabc0bc20695993ccebb09f5b5d4d790cd9251b97faac7c652b?s=96&d=blank&r=g\",\"caption\":\"enequipo\"},\"sameAs\":[\"https:\/\/www.facebook.com\/SonoraEE\"]}]}<\/script>\n ","yoast_head_json":{"title":"Sonora en Equipo. Actividad industrial a nivel nacional aument\u00f3 en julio 0.5%: Inegi PALABRAS Y N\u00daMEROS","description":"CIUDAD DE M\u00c9XICO.\u2500\u2500 Con la actualizaci\u00f3n del Sistema de Cuentas Nacionales de M\u00e9xico, se inicia la difusi\u00f3n de la nueva serie base 2018 del Indicador En Sonora en Equipo publicamos toda la informaci\u00f3n de Sonora, M\u00e9xico y el Mundo de manera oportuna y busca que la libertad de expresi\u00f3n sea real. Visita nuestro medio informativo publicado desde Hermosillo, Sonora. %","robots":{"index":"index","follow":"follow","max-snippet":"max-snippet:-1","max-image-preview":"max-image-preview:large","max-video-preview":"max-video-preview:-1"},"canonical":"https:\/\/www.sonoraenequipo.com.mx\/actividad-industrial-a-nivel-nacional-aumento-en-julio0-5inegi\/","og_locale":"es_ES","og_type":"article","og_title":"Sonora en Equipo. Actividad industrial a nivel nacional aument\u00f3 en julio 0.5%: Inegi PALABRAS Y N\u00daMEROS","og_description":"CIUDAD DE M\u00c9XICO.\u2500\u2500 Con la actualizaci\u00f3n del Sistema de Cuentas Nacionales de M\u00e9xico, se inicia la difusi\u00f3n de la nueva serie base 2018 del Indicador En Sonora en Equipo publicamos toda la informaci\u00f3n de Sonora, M\u00e9xico y el Mundo de manera oportuna y busca que la libertad de expresi\u00f3n sea real. Visita nuestro medio informativo publicado desde Hermosillo, Sonora. %","og_url":"https:\/\/www.sonoraenequipo.com.mx\/actividad-industrial-a-nivel-nacional-aumento-en-julio0-5inegi\/","og_site_name":"Sonora en Equipo.","article_publisher":"https:\/\/www.facebook.com\/SonoraEE\/","article_author":"https:\/\/www.facebook.com\/SonoraEE","article_published_time":"2023-09-11T20:58:48+00:00","article_modified_time":"2023-09-11T21:19:58+00:00","og_image":[{"width":700,"height":400,"url":"https:\/\/www.sonoraenequipo.com.mx\/storage\/2021\/10\/actividad-economica_opt.jpg","type":"image\/jpeg"}],"author":"enequipo","twitter_card":"summary_large_image","twitter_creator":"@sonoraenequipo","twitter_site":"@sonoraenequipo","twitter_misc":{"Escrito por":"enequipo","Tiempo de lectura":"1 minuto"},"schema":{"@context":"https:\/\/schema.org","@graph":[{"@type":"Article","@id":"https:\/\/www.sonoraenequipo.com.mx\/actividad-industrial-a-nivel-nacional-aumento-en-julio0-5inegi\/#article","isPartOf":{"@id":"https:\/\/www.sonoraenequipo.com.mx\/actividad-industrial-a-nivel-nacional-aumento-en-julio0-5inegi\/"},"author":{"name":"enequipo","@id":"https:\/\/www.sonoraenequipo.com.mx\/#\/schema\/person\/50102df0fb23a8fa9e8effad8fa81386"},"headline":"Actividad industrial a nivel nacional aument\u00f3 en julio 0.5%: Inegi","datePublished":"2023-09-11T20:58:48+00:00","dateModified":"2023-09-11T21:19:58+00:00","mainEntityOfPage":{"@id":"https:\/\/www.sonoraenequipo.com.mx\/actividad-industrial-a-nivel-nacional-aumento-en-julio0-5inegi\/"},"wordCount":281,"commentCount":0,"publisher":{"@id":"https:\/\/www.sonoraenequipo.com.mx\/#organization"},"image":{"@id":"https:\/\/www.sonoraenequipo.com.mx\/actividad-industrial-a-nivel-nacional-aumento-en-julio0-5inegi\/#primaryimage"},"thumbnailUrl":"https:\/\/www.sonoraenequipo.com.mx\/storage\/2021\/10\/actividad-economica_opt.jpg","keywords":["industrial","tividad"],"articleSection":["PALABRAS Y N\u00daMEROS"],"inLanguage":"es","potentialAction":[{"@type":"CommentAction","name":"Comment","target":["https:\/\/www.sonoraenequipo.com.mx\/actividad-industrial-a-nivel-nacional-aumento-en-julio0-5inegi\/#respond"]}]},{"@type":"WebPage","@id":"https:\/\/www.sonoraenequipo.com.mx\/actividad-industrial-a-nivel-nacional-aumento-en-julio0-5inegi\/","url":"https:\/\/www.sonoraenequipo.com.mx\/actividad-industrial-a-nivel-nacional-aumento-en-julio0-5inegi\/","name":"Sonora en Equipo. Actividad industrial a nivel nacional aument\u00f3 en julio 0.5%: Inegi PALABRAS Y N\u00daMEROS","isPartOf":{"@id":"https:\/\/www.sonoraenequipo.com.mx\/#website"},"primaryImageOfPage":{"@id":"https:\/\/www.sonoraenequipo.com.mx\/actividad-industrial-a-nivel-nacional-aumento-en-julio0-5inegi\/#primaryimage"},"image":{"@id":"https:\/\/www.sonoraenequipo.com.mx\/actividad-industrial-a-nivel-nacional-aumento-en-julio0-5inegi\/#primaryimage"},"thumbnailUrl":"https:\/\/www.sonoraenequipo.com.mx\/storage\/2021\/10\/actividad-economica_opt.jpg","datePublished":"2023-09-11T20:58:48+00:00","dateModified":"2023-09-11T21:19:58+00:00","description":"CIUDAD DE M\u00c9XICO.\u2500\u2500 Con la actualizaci\u00f3n del Sistema de Cuentas Nacionales de M\u00e9xico, se inicia la difusi\u00f3n de la nueva serie base 2018 del Indicador En Sonora en Equipo publicamos toda la informaci\u00f3n de Sonora, M\u00e9xico y el Mundo de manera oportuna y busca que la libertad de expresi\u00f3n sea real. Visita nuestro medio informativo publicado desde Hermosillo, Sonora. %","breadcrumb":{"@id":"https:\/\/www.sonoraenequipo.com.mx\/actividad-industrial-a-nivel-nacional-aumento-en-julio0-5inegi\/#breadcrumb"},"inLanguage":"es","potentialAction":[{"@type":"ReadAction","target":["https:\/\/www.sonoraenequipo.com.mx\/actividad-industrial-a-nivel-nacional-aumento-en-julio0-5inegi\/"]}]},{"@type":"ImageObject","inLanguage":"es","@id":"https:\/\/www.sonoraenequipo.com.mx\/actividad-industrial-a-nivel-nacional-aumento-en-julio0-5inegi\/#primaryimage","url":"https:\/\/www.sonoraenequipo.com.mx\/storage\/2021\/10\/actividad-economica_opt.jpg","contentUrl":"https:\/\/www.sonoraenequipo.com.mx\/storage\/2021\/10\/actividad-economica_opt.jpg","width":700,"height":400},{"@type":"BreadcrumbList","@id":"https:\/\/www.sonoraenequipo.com.mx\/actividad-industrial-a-nivel-nacional-aumento-en-julio0-5inegi\/#breadcrumb","itemListElement":[{"@type":"ListItem","position":1,"name":"Portada","item":"https:\/\/www.sonoraenequipo.com.mx\/"},{"@type":"ListItem","position":2,"name":"Actividad industrial a nivel nacional aument\u00f3 en julio 0.5%: Inegi"}]},{"@type":"WebSite","@id":"https:\/\/www.sonoraenequipo.com.mx\/#website","url":"https:\/\/www.sonoraenequipo.com.mx\/","name":"Sonora en Equipo.","description":"Diario en l\u00ednea con Noticias desde Hermosillo, Sonora","publisher":{"@id":"https:\/\/www.sonoraenequipo.com.mx\/#organization"},"potentialAction":[{"@type":"SearchAction","target":{"@type":"EntryPoint","urlTemplate":"https:\/\/www.sonoraenequipo.com.mx\/?s={search_term_string}"},"query-input":{"@type":"PropertyValueSpecification","valueRequired":true,"valueName":"search_term_string"}}],"inLanguage":"es"},{"@type":"Organization","@id":"https:\/\/www.sonoraenequipo.com.mx\/#organization","name":"Sonoraenequipo.com.mx","url":"https:\/\/www.sonoraenequipo.com.mx\/","logo":{"@type":"ImageObject","inLanguage":"es","@id":"https:\/\/www.sonoraenequipo.com.mx\/#\/schema\/logo\/image\/","url":"https:\/\/www.sonoraenequipo.com.mx\/storage\/2019\/01\/sonoraenequipo_opt.png","contentUrl":"https:\/\/www.sonoraenequipo.com.mx\/storage\/2019\/01\/sonoraenequipo_opt.png","width":375,"height":125,"caption":"Sonoraenequipo.com.mx"},"image":{"@id":"https:\/\/www.sonoraenequipo.com.mx\/#\/schema\/logo\/image\/"},"sameAs":["https:\/\/www.facebook.com\/SonoraEE\/","https:\/\/x.com\/sonoraenequipo","https:\/\/www.youtube.com\/channel\/UC338nW-lPEYmJQs4ZABQ1SQ"]},{"@type":"Person","@id":"https:\/\/www.sonoraenequipo.com.mx\/#\/schema\/person\/50102df0fb23a8fa9e8effad8fa81386","name":"enequipo","image":{"@type":"ImageObject","inLanguage":"es","@id":"https:\/\/www.sonoraenequipo.com.mx\/#\/schema\/person\/image\/","url":"https:\/\/secure.gravatar.com\/avatar\/049821681b589dabc0bc20695993ccebb09f5b5d4d790cd9251b97faac7c652b?s=96&d=blank&r=g","contentUrl":"https:\/\/secure.gravatar.com\/avatar\/049821681b589dabc0bc20695993ccebb09f5b5d4d790cd9251b97faac7c652b?s=96&d=blank&r=g","caption":"enequipo"},"sameAs":["https:\/\/www.facebook.com\/SonoraEE"]}]}},"jetpack_featured_media_url":"https:\/\/www.sonoraenequipo.com.mx\/storage\/2021\/10\/actividad-economica_opt.jpg","_links":{"self":[{"href":"https:\/\/www.sonoraenequipo.com.mx\/api\/wp\/v2\/posts\/174641","targetHints":{"allow":["GET"]}}],"collection":[{"href":"https:\/\/www.sonoraenequipo.com.mx\/api\/wp\/v2\/posts"}],"about":[{"href":"https:\/\/www.sonoraenequipo.com.mx\/api\/wp\/v2\/types\/post"}],"author":[{"embeddable":true,"href":"https:\/\/www.sonoraenequipo.com.mx\/api\/wp\/v2\/users\/1"}],"replies":[{"embeddable":true,"href":"https:\/\/www.sonoraenequipo.com.mx\/api\/wp\/v2\/comments?post=174641"}],"version-history":[{"count":2,"href":"https:\/\/www.sonoraenequipo.com.mx\/api\/wp\/v2\/posts\/174641\/revisions"}],"predecessor-version":[{"id":174647,"href":"https:\/\/www.sonoraenequipo.com.mx\/api\/wp\/v2\/posts\/174641\/revisions\/174647"}],"wp:featuredmedia":[{"embeddable":true,"href":"https:\/\/www.sonoraenequipo.com.mx\/api\/wp\/v2\/media\/126321"}],"wp:attachment":[{"href":"https:\/\/www.sonoraenequipo.com.mx\/api\/wp\/v2\/media?parent=174641"}],"wp:term":[{"taxonomy":"category","embeddable":true,"href":"https:\/\/www.sonoraenequipo.com.mx\/api\/wp\/v2\/categories?post=174641"},{"taxonomy":"post_tag","embeddable":true,"href":"https:\/\/www.sonoraenequipo.com.mx\/api\/wp\/v2\/tags?post=174641"}],"curies":[{"name":"wp","href":"https:\/\/api.w.org\/{rel}","templated":true}]}}