{"id":174681,"date":"2023-09-11T20:30:50","date_gmt":"2023-09-12T03:30:50","guid":{"rendered":"https:\/\/www.sonoraenequipo.com.mx\/?p=174681"},"modified":"2023-09-11T23:00:53","modified_gmt":"2023-09-12T06:00:53","slug":"aplicara-gobierno-de-sonora-casi-78-mil-vacunas-contra-el-vph","status":"publish","type":"post","link":"https:\/\/www.sonoraenequipo.com.mx\/aplicara-gobierno-de-sonora-casi-78-mil-vacunas-contra-el-vph\/","title":{"rendered":"Aplicar\u00e1 Gobierno de Sonora casi 78 mil vacunas contra el VPH"},"content":{"rendered":"<p>&nbsp;<\/p>\n<ul>\n<li>El arranque de la campa\u00f1a fue en la secundaria estatal 33 en Hermosillo<\/li>\n<\/ul>\n<p>&nbsp;<\/p>\n<ul>\n<li>La campa\u00f1a se realizar\u00e1 en dos etapas: del 11 al 30 de septiembre y seguimiento del 1 de octubre al 31 de diciembre de 2023.<\/li>\n<\/ul>\n<p>&nbsp;<\/p>\n<p>&nbsp;<\/p>\n<p><strong>HERMOSILLO, SONORA,MX.<\/strong><strong>\u2500\u2500<\/strong> La Secretar\u00eda de Salud (SSA) del Gobierno de Sonora arranc\u00f3 la campa\u00f1a de vacunaci\u00f3n contra el virus del papiloma humano (VPH) en Sonora, donde se tiene la meta de aplicar 77 mil 983 dosis a mujeres adolescentes de quinto y sexto a\u00f1o de primaria y primer a\u00f1o de secundaria o de 11, 12 y 13 a\u00f1os no escolarizadas, respectivamente.<\/p>\n<p>&nbsp;<\/p>\n<p>&nbsp;<\/p>\n<p>El secretario de Salud, Jos\u00e9 Luis Alom\u00eda Zegarra, explic\u00f3 que el VPH es uno de los virus m\u00e1s comunes de transmisi\u00f3n sexual, adem\u00e1s de que es el causante del m\u00e1s de 70 por ciento de los casos de c\u00e1ncer cervicouterino, por ello, la importancia de vacunarse contra esta enfermedad.<\/p>\n<p>&nbsp;<\/p>\n<p>&nbsp;<\/p>\n<p>\u201cSi tenemos, como en este caso, una vacuna que previene y controla la infecci\u00f3n del virus del papiloma humano, pues es importante que la poblaci\u00f3n la tenga. \u00bfPara qu\u00e9? Para entonces en un futuro evitar la presencia de c\u00e1ncer cervicouterino que, junto con el c\u00e1ncer de mama, son las causas m\u00e1s frecuentes de c\u00e1ncer en las mujeres. Y por eso el d\u00eda de hoy estamos aqu\u00ed, as\u00ed como en muchas escuelas y en \u00e1reas comunitarias colocando esta vacuna\u201d, destac\u00f3.<\/p>\n<p>&nbsp;<\/p>\n<p>&nbsp;<\/p>\n<p>Alom\u00eda Zegarra dijo que esta campa\u00f1a estar\u00e1 presente en los 72 municipios del estado, en las mil 770 escuelas primarias y 761 escuelas secundarias, p\u00fablicas y privadas, a trav\u00e9s de brigadas de vacunaci\u00f3n que acudir\u00e1n a las instituciones educativas y en todas las unidades del sector salud.<\/p>\n<p>&nbsp;<\/p>\n<p>&nbsp;<\/p>\n<p>Destac\u00f3 que para que las mujeres escolarizadas puedan recibir la inmunizaci\u00f3n del VPH es necesario el siguiente requisito de la firma del consentimiento de vacunaci\u00f3n por parte de padre, madre o tutor.<\/p>\n<p>&nbsp;<\/p>\n<p>&nbsp;<\/p>\n<p>En cuanto a las mujeres de 11, 12 y 13 a\u00f1os de edad que no est\u00e9n escolarizadas, pueden acudir a los centros de salud urbanos y rurales del estado para solicitar la vacuna contra el VPH; el \u00fanico requisito es que acudan acompa\u00f1adas por madre, padre o tutor.<\/p>\n<p>&nbsp;<\/p>\n<p>&nbsp;<\/p>\n<p>Cabe destacar que las mujeres cis y trans de 11 a 49 a\u00f1os que viven con VIH, continuar\u00e1 con el esquema de tres dosis con un intervalo de aplicaci\u00f3n de cero-dos-seis meses, asegurando cubrir esquema de dos dosis.<\/p>\n<p><strong>Fecha de publicaci\u00f3n\u00a0 lunes 11 de septiembre de 2023<\/strong><\/p>\n<p>&nbsp;<\/p>\n","protected":false},"excerpt":{"rendered":"<p>&nbsp; El arranque de la campa\u00f1a fue en la secundaria estatal 33 en Hermosillo &nbsp;&#8230;<\/p>\n","protected":false},"author":1,"featured_media":174682,"comment_status":"open","ping_status":"open","sticky":false,"template":"","format":"standard","meta":{"_monsterinsights_skip_tracking":false,"_monsterinsights_sitenote_active":false,"_monsterinsights_sitenote_note":"","_monsterinsights_sitenote_category":0,"footnotes":""},"categories":[22],"tags":[15,5231,2805],"class_list":["post"],"yoast_head":" \n<title>Sonora en Equipo. Aplicar\u00e1 Gobierno de Sonora casi 78 mil vacunas contra el VPH Sonora<\/title>\n<meta name=\"description\" content=\"&nbsp; El arranque de la campa\u00f1a fue en la secundaria estatal 33 en Hermosillo &nbsp; La campa\u00f1a se realizar\u00e1 en dos etapas: del 11 al 30 de septiembre y En Sonora en Equipo publicamos toda la informaci\u00f3n de Sonora, M\u00e9xico y el Mundo de manera oportuna y busca que la libertad de expresi\u00f3n sea real. Visita nuestro medio informativo publicado desde Hermosillo, Sonora. %\" \/>\n<meta name=\"robots\" content=\"index, follow, max-snippet:-1, max-image-preview:large, max-video-preview:-1\" \/>\n<link rel=\"canonical\" href=\"https:\/\/www.sonoraenequipo.com.mx\/aplicara-gobierno-de-sonora-casi-78-mil-vacunas-contra-el-vph\/\" \/>\n<meta property=\"og:locale\" content=\"es_ES\" \/>\n<meta property=\"og:type\" content=\"article\" \/>\n<meta property=\"og:title\" content=\"Sonora en Equipo. Aplicar\u00e1 Gobierno de Sonora casi 78 mil vacunas contra el VPH Sonora\" \/>\n<meta property=\"og:description\" content=\"&nbsp; El arranque de la campa\u00f1a fue en la secundaria estatal 33 en Hermosillo &nbsp; La campa\u00f1a se realizar\u00e1 en dos etapas: del 11 al 30 de septiembre y En Sonora en Equipo publicamos toda la informaci\u00f3n de Sonora, M\u00e9xico y el Mundo de manera oportuna y busca que la libertad de expresi\u00f3n sea real. Visita nuestro medio informativo publicado desde Hermosillo, Sonora. %\" \/>\n<meta property=\"og:url\" content=\"https:\/\/www.sonoraenequipo.com.mx\/aplicara-gobierno-de-sonora-casi-78-mil-vacunas-contra-el-vph\/\" \/>\n<meta property=\"og:site_name\" content=\"Sonora en Equipo.\" \/>\n<meta property=\"article:publisher\" content=\"https:\/\/www.facebook.com\/SonoraEE\/\" \/>\n<meta property=\"article:author\" content=\"https:\/\/www.facebook.com\/SonoraEE\" \/>\n<meta property=\"article:published_time\" content=\"2023-09-12T03:30:50+00:00\" \/>\n<meta property=\"article:modified_time\" content=\"2023-09-12T06:00:53+00:00\" \/>\n<meta property=\"og:image\" content=\"https:\/\/www.sonoraenequipo.com.mx\/storage\/2023\/09\/vph.jpg\" \/>\n\t<meta property=\"og:image:width\" content=\"600\" \/>\n\t<meta property=\"og:image:height\" content=\"400\" \/>\n\t<meta property=\"og:image:type\" content=\"image\/jpeg\" \/>\n<meta name=\"author\" content=\"enequipo\" \/>\n<meta name=\"twitter:card\" content=\"summary_large_image\" \/>\n<meta name=\"twitter:creator\" content=\"@sonoraenequipo\" \/>\n<meta name=\"twitter:site\" content=\"@sonoraenequipo\" \/>\n<meta name=\"twitter:label1\" content=\"Escrito por\" \/>\n\t<meta name=\"twitter:data1\" content=\"enequipo\" \/>\n\t<meta name=\"twitter:label2\" content=\"Tiempo de lectura\" \/>\n\t<meta name=\"twitter:data2\" content=\"2 minutos\" \/>\n<script type=\"application\/ld+json\" class=\"yoast-schema-graph\">{\"@context\":\"https:\/\/schema.org\",\"@graph\":[{\"@type\":\"Article\",\"@id\":\"https:\/\/www.sonoraenequipo.com.mx\/aplicara-gobierno-de-sonora-casi-78-mil-vacunas-contra-el-vph\/#article\",\"isPartOf\":{\"@id\":\"https:\/\/www.sonoraenequipo.com.mx\/aplicara-gobierno-de-sonora-casi-78-mil-vacunas-contra-el-vph\/\"},\"author\":{\"name\":\"enequipo\",\"@id\":\"https:\/\/www.sonoraenequipo.com.mx\/#\/schema\/person\/50102df0fb23a8fa9e8effad8fa81386\"},\"headline\":\"Aplicar\u00e1 Gobierno de Sonora casi 78 mil vacunas contra el VPH\",\"datePublished\":\"2023-09-12T03:30:50+00:00\",\"dateModified\":\"2023-09-12T06:00:53+00:00\",\"mainEntityOfPage\":{\"@id\":\"https:\/\/www.sonoraenequipo.com.mx\/aplicara-gobierno-de-sonora-casi-78-mil-vacunas-contra-el-vph\/\"},\"wordCount\":442,\"commentCount\":0,\"publisher\":{\"@id\":\"https:\/\/www.sonoraenequipo.com.mx\/#organization\"},\"image\":{\"@id\":\"https:\/\/www.sonoraenequipo.com.mx\/aplicara-gobierno-de-sonora-casi-78-mil-vacunas-contra-el-vph\/#primaryimage\"},\"thumbnailUrl\":\"https:\/\/www.sonoraenequipo.com.mx\/storage\/2023\/09\/vph.jpg\",\"keywords\":[\"Sonora\",\"vacunas\",\"vph\"],\"articleSection\":[\"Sonora\"],\"inLanguage\":\"es\",\"potentialAction\":[{\"@type\":\"CommentAction\",\"name\":\"Comment\",\"target\":[\"https:\/\/www.sonoraenequipo.com.mx\/aplicara-gobierno-de-sonora-casi-78-mil-vacunas-contra-el-vph\/#respond\"]}]},{\"@type\":\"WebPage\",\"@id\":\"https:\/\/www.sonoraenequipo.com.mx\/aplicara-gobierno-de-sonora-casi-78-mil-vacunas-contra-el-vph\/\",\"url\":\"https:\/\/www.sonoraenequipo.com.mx\/aplicara-gobierno-de-sonora-casi-78-mil-vacunas-contra-el-vph\/\",\"name\":\"Sonora en Equipo. Aplicar\u00e1 Gobierno de Sonora casi 78 mil vacunas contra el VPH Sonora\",\"isPartOf\":{\"@id\":\"https:\/\/www.sonoraenequipo.com.mx\/#website\"},\"primaryImageOfPage\":{\"@id\":\"https:\/\/www.sonoraenequipo.com.mx\/aplicara-gobierno-de-sonora-casi-78-mil-vacunas-contra-el-vph\/#primaryimage\"},\"image\":{\"@id\":\"https:\/\/www.sonoraenequipo.com.mx\/aplicara-gobierno-de-sonora-casi-78-mil-vacunas-contra-el-vph\/#primaryimage\"},\"thumbnailUrl\":\"https:\/\/www.sonoraenequipo.com.mx\/storage\/2023\/09\/vph.jpg\",\"datePublished\":\"2023-09-12T03:30:50+00:00\",\"dateModified\":\"2023-09-12T06:00:53+00:00\",\"description\":\"&nbsp; El arranque de la campa\u00f1a fue en la secundaria estatal 33 en Hermosillo &nbsp; La campa\u00f1a se realizar\u00e1 en dos etapas: del 11 al 30 de septiembre y En Sonora en Equipo publicamos toda la informaci\u00f3n de Sonora, M\u00e9xico y el Mundo de manera oportuna y busca que la libertad de expresi\u00f3n sea real. Visita nuestro medio informativo publicado desde Hermosillo, Sonora. %\",\"breadcrumb\":{\"@id\":\"https:\/\/www.sonoraenequipo.com.mx\/aplicara-gobierno-de-sonora-casi-78-mil-vacunas-contra-el-vph\/#breadcrumb\"},\"inLanguage\":\"es\",\"potentialAction\":[{\"@type\":\"ReadAction\",\"target\":[\"https:\/\/www.sonoraenequipo.com.mx\/aplicara-gobierno-de-sonora-casi-78-mil-vacunas-contra-el-vph\/\"]}]},{\"@type\":\"ImageObject\",\"inLanguage\":\"es\",\"@id\":\"https:\/\/www.sonoraenequipo.com.mx\/aplicara-gobierno-de-sonora-casi-78-mil-vacunas-contra-el-vph\/#primaryimage\",\"url\":\"https:\/\/www.sonoraenequipo.com.mx\/storage\/2023\/09\/vph.jpg\",\"contentUrl\":\"https:\/\/www.sonoraenequipo.com.mx\/storage\/2023\/09\/vph.jpg\",\"width\":600,\"height\":400},{\"@type\":\"BreadcrumbList\",\"@id\":\"https:\/\/www.sonoraenequipo.com.mx\/aplicara-gobierno-de-sonora-casi-78-mil-vacunas-contra-el-vph\/#breadcrumb\",\"itemListElement\":[{\"@type\":\"ListItem\",\"position\":1,\"name\":\"Portada\",\"item\":\"https:\/\/www.sonoraenequipo.com.mx\/\"},{\"@type\":\"ListItem\",\"position\":2,\"name\":\"Aplicar\u00e1 Gobierno de Sonora casi 78 mil vacunas contra el VPH\"}]},{\"@type\":\"WebSite\",\"@id\":\"https:\/\/www.sonoraenequipo.com.mx\/#website\",\"url\":\"https:\/\/www.sonoraenequipo.com.mx\/\",\"name\":\"Sonora en Equipo.\",\"description\":\"Diario en l\u00ednea con Noticias desde Hermosillo, Sonora\",\"publisher\":{\"@id\":\"https:\/\/www.sonoraenequipo.com.mx\/#organization\"},\"potentialAction\":[{\"@type\":\"SearchAction\",\"target\":{\"@type\":\"EntryPoint\",\"urlTemplate\":\"https:\/\/www.sonoraenequipo.com.mx\/?s={search_term_string}\"},\"query-input\":{\"@type\":\"PropertyValueSpecification\",\"valueRequired\":true,\"valueName\":\"search_term_string\"}}],\"inLanguage\":\"es\"},{\"@type\":\"Organization\",\"@id\":\"https:\/\/www.sonoraenequipo.com.mx\/#organization\",\"name\":\"Sonoraenequipo.com.mx\",\"url\":\"https:\/\/www.sonoraenequipo.com.mx\/\",\"logo\":{\"@type\":\"ImageObject\",\"inLanguage\":\"es\",\"@id\":\"https:\/\/www.sonoraenequipo.com.mx\/#\/schema\/logo\/image\/\",\"url\":\"https:\/\/www.sonoraenequipo.com.mx\/storage\/2019\/01\/sonoraenequipo_opt.png\",\"contentUrl\":\"https:\/\/www.sonoraenequipo.com.mx\/storage\/2019\/01\/sonoraenequipo_opt.png\",\"width\":375,\"height\":125,\"caption\":\"Sonoraenequipo.com.mx\"},\"image\":{\"@id\":\"https:\/\/www.sonoraenequipo.com.mx\/#\/schema\/logo\/image\/\"},\"sameAs\":[\"https:\/\/www.facebook.com\/SonoraEE\/\",\"https:\/\/x.com\/sonoraenequipo\",\"https:\/\/www.youtube.com\/channel\/UC338nW-lPEYmJQs4ZABQ1SQ\"]},{\"@type\":\"Person\",\"@id\":\"https:\/\/www.sonoraenequipo.com.mx\/#\/schema\/person\/50102df0fb23a8fa9e8effad8fa81386\",\"name\":\"enequipo\",\"image\":{\"@type\":\"ImageObject\",\"inLanguage\":\"es\",\"@id\":\"https:\/\/www.sonoraenequipo.com.mx\/#\/schema\/person\/image\/\",\"url\":\"https:\/\/secure.gravatar.com\/avatar\/049821681b589dabc0bc20695993ccebb09f5b5d4d790cd9251b97faac7c652b?s=96&d=blank&r=g\",\"contentUrl\":\"https:\/\/secure.gravatar.com\/avatar\/049821681b589dabc0bc20695993ccebb09f5b5d4d790cd9251b97faac7c652b?s=96&d=blank&r=g\",\"caption\":\"enequipo\"},\"sameAs\":[\"https:\/\/www.facebook.com\/SonoraEE\"]}]}<\/script>\n ","yoast_head_json":{"title":"Sonora en Equipo. Aplicar\u00e1 Gobierno de Sonora casi 78 mil vacunas contra el VPH Sonora","description":"&nbsp; El arranque de la campa\u00f1a fue en la secundaria estatal 33 en Hermosillo &nbsp; La campa\u00f1a se realizar\u00e1 en dos etapas: del 11 al 30 de septiembre y En Sonora en Equipo publicamos toda la informaci\u00f3n de Sonora, M\u00e9xico y el Mundo de manera oportuna y busca que la libertad de expresi\u00f3n sea real. Visita nuestro medio informativo publicado desde Hermosillo, Sonora. %","robots":{"index":"index","follow":"follow","max-snippet":"max-snippet:-1","max-image-preview":"max-image-preview:large","max-video-preview":"max-video-preview:-1"},"canonical":"https:\/\/www.sonoraenequipo.com.mx\/aplicara-gobierno-de-sonora-casi-78-mil-vacunas-contra-el-vph\/","og_locale":"es_ES","og_type":"article","og_title":"Sonora en Equipo. Aplicar\u00e1 Gobierno de Sonora casi 78 mil vacunas contra el VPH Sonora","og_description":"&nbsp; El arranque de la campa\u00f1a fue en la secundaria estatal 33 en Hermosillo &nbsp; La campa\u00f1a se realizar\u00e1 en dos etapas: del 11 al 30 de septiembre y En Sonora en Equipo publicamos toda la informaci\u00f3n de Sonora, M\u00e9xico y el Mundo de manera oportuna y busca que la libertad de expresi\u00f3n sea real. Visita nuestro medio informativo publicado desde Hermosillo, Sonora. %","og_url":"https:\/\/www.sonoraenequipo.com.mx\/aplicara-gobierno-de-sonora-casi-78-mil-vacunas-contra-el-vph\/","og_site_name":"Sonora en Equipo.","article_publisher":"https:\/\/www.facebook.com\/SonoraEE\/","article_author":"https:\/\/www.facebook.com\/SonoraEE","article_published_time":"2023-09-12T03:30:50+00:00","article_modified_time":"2023-09-12T06:00:53+00:00","og_image":[{"width":600,"height":400,"url":"https:\/\/www.sonoraenequipo.com.mx\/storage\/2023\/09\/vph.jpg","type":"image\/jpeg"}],"author":"enequipo","twitter_card":"summary_large_image","twitter_creator":"@sonoraenequipo","twitter_site":"@sonoraenequipo","twitter_misc":{"Escrito por":"enequipo","Tiempo de lectura":"2 minutos"},"schema":{"@context":"https:\/\/schema.org","@graph":[{"@type":"Article","@id":"https:\/\/www.sonoraenequipo.com.mx\/aplicara-gobierno-de-sonora-casi-78-mil-vacunas-contra-el-vph\/#article","isPartOf":{"@id":"https:\/\/www.sonoraenequipo.com.mx\/aplicara-gobierno-de-sonora-casi-78-mil-vacunas-contra-el-vph\/"},"author":{"name":"enequipo","@id":"https:\/\/www.sonoraenequipo.com.mx\/#\/schema\/person\/50102df0fb23a8fa9e8effad8fa81386"},"headline":"Aplicar\u00e1 Gobierno de Sonora casi 78 mil vacunas contra el VPH","datePublished":"2023-09-12T03:30:50+00:00","dateModified":"2023-09-12T06:00:53+00:00","mainEntityOfPage":{"@id":"https:\/\/www.sonoraenequipo.com.mx\/aplicara-gobierno-de-sonora-casi-78-mil-vacunas-contra-el-vph\/"},"wordCount":442,"commentCount":0,"publisher":{"@id":"https:\/\/www.sonoraenequipo.com.mx\/#organization"},"image":{"@id":"https:\/\/www.sonoraenequipo.com.mx\/aplicara-gobierno-de-sonora-casi-78-mil-vacunas-contra-el-vph\/#primaryimage"},"thumbnailUrl":"https:\/\/www.sonoraenequipo.com.mx\/storage\/2023\/09\/vph.jpg","keywords":["Sonora","vacunas","vph"],"articleSection":["Sonora"],"inLanguage":"es","potentialAction":[{"@type":"CommentAction","name":"Comment","target":["https:\/\/www.sonoraenequipo.com.mx\/aplicara-gobierno-de-sonora-casi-78-mil-vacunas-contra-el-vph\/#respond"]}]},{"@type":"WebPage","@id":"https:\/\/www.sonoraenequipo.com.mx\/aplicara-gobierno-de-sonora-casi-78-mil-vacunas-contra-el-vph\/","url":"https:\/\/www.sonoraenequipo.com.mx\/aplicara-gobierno-de-sonora-casi-78-mil-vacunas-contra-el-vph\/","name":"Sonora en Equipo. Aplicar\u00e1 Gobierno de Sonora casi 78 mil vacunas contra el VPH Sonora","isPartOf":{"@id":"https:\/\/www.sonoraenequipo.com.mx\/#website"},"primaryImageOfPage":{"@id":"https:\/\/www.sonoraenequipo.com.mx\/aplicara-gobierno-de-sonora-casi-78-mil-vacunas-contra-el-vph\/#primaryimage"},"image":{"@id":"https:\/\/www.sonoraenequipo.com.mx\/aplicara-gobierno-de-sonora-casi-78-mil-vacunas-contra-el-vph\/#primaryimage"},"thumbnailUrl":"https:\/\/www.sonoraenequipo.com.mx\/storage\/2023\/09\/vph.jpg","datePublished":"2023-09-12T03:30:50+00:00","dateModified":"2023-09-12T06:00:53+00:00","description":"&nbsp; El arranque de la campa\u00f1a fue en la secundaria estatal 33 en Hermosillo &nbsp; La campa\u00f1a se realizar\u00e1 en dos etapas: del 11 al 30 de septiembre y En Sonora en Equipo publicamos toda la informaci\u00f3n de Sonora, M\u00e9xico y el Mundo de manera oportuna y busca que la libertad de expresi\u00f3n sea real. Visita nuestro medio informativo publicado desde Hermosillo, Sonora. %","breadcrumb":{"@id":"https:\/\/www.sonoraenequipo.com.mx\/aplicara-gobierno-de-sonora-casi-78-mil-vacunas-contra-el-vph\/#breadcrumb"},"inLanguage":"es","potentialAction":[{"@type":"ReadAction","target":["https:\/\/www.sonoraenequipo.com.mx\/aplicara-gobierno-de-sonora-casi-78-mil-vacunas-contra-el-vph\/"]}]},{"@type":"ImageObject","inLanguage":"es","@id":"https:\/\/www.sonoraenequipo.com.mx\/aplicara-gobierno-de-sonora-casi-78-mil-vacunas-contra-el-vph\/#primaryimage","url":"https:\/\/www.sonoraenequipo.com.mx\/storage\/2023\/09\/vph.jpg","contentUrl":"https:\/\/www.sonoraenequipo.com.mx\/storage\/2023\/09\/vph.jpg","width":600,"height":400},{"@type":"BreadcrumbList","@id":"https:\/\/www.sonoraenequipo.com.mx\/aplicara-gobierno-de-sonora-casi-78-mil-vacunas-contra-el-vph\/#breadcrumb","itemListElement":[{"@type":"ListItem","position":1,"name":"Portada","item":"https:\/\/www.sonoraenequipo.com.mx\/"},{"@type":"ListItem","position":2,"name":"Aplicar\u00e1 Gobierno de Sonora casi 78 mil vacunas contra el VPH"}]},{"@type":"WebSite","@id":"https:\/\/www.sonoraenequipo.com.mx\/#website","url":"https:\/\/www.sonoraenequipo.com.mx\/","name":"Sonora en Equipo.","description":"Diario en l\u00ednea con Noticias desde Hermosillo, Sonora","publisher":{"@id":"https:\/\/www.sonoraenequipo.com.mx\/#organization"},"potentialAction":[{"@type":"SearchAction","target":{"@type":"EntryPoint","urlTemplate":"https:\/\/www.sonoraenequipo.com.mx\/?s={search_term_string}"},"query-input":{"@type":"PropertyValueSpecification","valueRequired":true,"valueName":"search_term_string"}}],"inLanguage":"es"},{"@type":"Organization","@id":"https:\/\/www.sonoraenequipo.com.mx\/#organization","name":"Sonoraenequipo.com.mx","url":"https:\/\/www.sonoraenequipo.com.mx\/","logo":{"@type":"ImageObject","inLanguage":"es","@id":"https:\/\/www.sonoraenequipo.com.mx\/#\/schema\/logo\/image\/","url":"https:\/\/www.sonoraenequipo.com.mx\/storage\/2019\/01\/sonoraenequipo_opt.png","contentUrl":"https:\/\/www.sonoraenequipo.com.mx\/storage\/2019\/01\/sonoraenequipo_opt.png","width":375,"height":125,"caption":"Sonoraenequipo.com.mx"},"image":{"@id":"https:\/\/www.sonoraenequipo.com.mx\/#\/schema\/logo\/image\/"},"sameAs":["https:\/\/www.facebook.com\/SonoraEE\/","https:\/\/x.com\/sonoraenequipo","https:\/\/www.youtube.com\/channel\/UC338nW-lPEYmJQs4ZABQ1SQ"]},{"@type":"Person","@id":"https:\/\/www.sonoraenequipo.com.mx\/#\/schema\/person\/50102df0fb23a8fa9e8effad8fa81386","name":"enequipo","image":{"@type":"ImageObject","inLanguage":"es","@id":"https:\/\/www.sonoraenequipo.com.mx\/#\/schema\/person\/image\/","url":"https:\/\/secure.gravatar.com\/avatar\/049821681b589dabc0bc20695993ccebb09f5b5d4d790cd9251b97faac7c652b?s=96&d=blank&r=g","contentUrl":"https:\/\/secure.gravatar.com\/avatar\/049821681b589dabc0bc20695993ccebb09f5b5d4d790cd9251b97faac7c652b?s=96&d=blank&r=g","caption":"enequipo"},"sameAs":["https:\/\/www.facebook.com\/SonoraEE"]}]}},"jetpack_featured_media_url":"https:\/\/www.sonoraenequipo.com.mx\/storage\/2023\/09\/vph.jpg","_links":{"self":[{"href":"https:\/\/www.sonoraenequipo.com.mx\/api\/wp\/v2\/posts\/174681","targetHints":{"allow":["GET"]}}],"collection":[{"href":"https:\/\/www.sonoraenequipo.com.mx\/api\/wp\/v2\/posts"}],"about":[{"href":"https:\/\/www.sonoraenequipo.com.mx\/api\/wp\/v2\/types\/post"}],"author":[{"embeddable":true,"href":"https:\/\/www.sonoraenequipo.com.mx\/api\/wp\/v2\/users\/1"}],"replies":[{"embeddable":true,"href":"https:\/\/www.sonoraenequipo.com.mx\/api\/wp\/v2\/comments?post=174681"}],"version-history":[{"count":1,"href":"https:\/\/www.sonoraenequipo.com.mx\/api\/wp\/v2\/posts\/174681\/revisions"}],"predecessor-version":[{"id":174683,"href":"https:\/\/www.sonoraenequipo.com.mx\/api\/wp\/v2\/posts\/174681\/revisions\/174683"}],"wp:featuredmedia":[{"embeddable":true,"href":"https:\/\/www.sonoraenequipo.com.mx\/api\/wp\/v2\/media\/174682"}],"wp:attachment":[{"href":"https:\/\/www.sonoraenequipo.com.mx\/api\/wp\/v2\/media?parent=174681"}],"wp:term":[{"taxonomy":"category","embeddable":true,"href":"https:\/\/www.sonoraenequipo.com.mx\/api\/wp\/v2\/categories?post=174681"},{"taxonomy":"post_tag","embeddable":true,"href":"https:\/\/www.sonoraenequipo.com.mx\/api\/wp\/v2\/tags?post=174681"}],"curies":[{"name":"wp","href":"https:\/\/api.w.org\/{rel}","templated":true}]}}