{"id":174705,"date":"2023-09-11T22:10:15","date_gmt":"2023-09-12T05:10:15","guid":{"rendered":"https:\/\/www.sonoraenequipo.com.mx\/?p=174705"},"modified":"2023-09-12T10:26:22","modified_gmt":"2023-09-12T17:26:22","slug":"cadetes-de-la-universidad-de-la-seguridad-publica-egresan-certificados-en-sistema-salva","status":"publish","type":"post","link":"https:\/\/www.sonoraenequipo.com.mx\/cadetes-de-la-universidad-de-la-seguridad-publica-egresan-certificados-en-sistema-salva\/","title":{"rendered":"Cadetes de la Universidad de la Seguridad P\u00fablica egresan certificados en Sistema Salva"},"content":{"rendered":"<p><strong>HERMOSILLO, SONORA. MX. \u2014\u00a0<\/strong> La\u00a0totalidad de cadetes en formaci\u00f3n en la Universidad de la Seguridad P\u00fablica (USP), en su egreso cuentan con certificaci\u00f3n en el Sistema de Atenci\u00f3n a la Violencia Familiar y de G\u00e9nero (Salva), inform\u00f3 Ellioth Romero Grijalva.<\/p>\n<p>&nbsp;<\/p>\n<p> <\/p>\n<p>&nbsp;<\/p>\n<p>El rector de la USP explic\u00f3 que la seguridad de las mujeres, ni\u00f1as y ni\u00f1os es una prioridad para el Gobierno de Sonora, por ello, como parte de la carga acad\u00e9mica, se incluye la asignatura en la que se aborda todo lo referente a esta importante pol\u00edtica p\u00fablica.<\/p>\n<p>&nbsp;<\/p>\n<p>&nbsp;<\/p>\n<p>Manifest\u00f3 que las generaciones Beta, Delta, Gamma y Alfa, conformadas por 835 cadetes, egresaron acreditados por el Sistema Salva, lo que ser\u00e1 de gran utilidad al momento de desempe\u00f1arse como polic\u00edas preventivos en la corporaci\u00f3n de seguridad de su elecci\u00f3n.<\/p>\n<p>&nbsp;<\/p>\n<p>&nbsp;<\/p>\n<p>De igual forma, los 200 j\u00f3venes pertenecientes a los grupos Omega y Centauro, actualmente en preparaci\u00f3n en la Universidad de la Seguridad P\u00fablica, se preparan para prevenir, atender y dar seguimiento a casos de violencia familiar y de g\u00e9nero, puntualiz\u00f3 el rector de la instituci\u00f3n.<\/p>\n<p>&nbsp;<\/p>\n<p>PUBLICADO EL 11 SEPTIEMBRE DE 2023\/ Con informaci\u00f3n de GOBSON 0923-044)<\/p>\n","protected":false},"excerpt":{"rendered":"<p>HERMOSILLO, SONORA. MX. \u2014\u00a0 La\u00a0totalidad de cadetes en formaci\u00f3n en la Universidad de la Seguridad&#8230;<\/p>\n","protected":false},"author":1,"featured_media":174706,"comment_status":"open","ping_status":"open","sticky":false,"template":"","format":"standard","meta":{"_monsterinsights_skip_tracking":false,"_monsterinsights_sitenote_active":false,"_monsterinsights_sitenote_note":"","_monsterinsights_sitenote_category":0,"footnotes":""},"categories":[22],"tags":[],"class_list":["post"],"yoast_head":" \n<title>Sonora en Equipo. Cadetes de la Universidad de la Seguridad P\u00fablica egresan certificados en Sistema Salva Sonora<\/title>\n<meta name=\"description\" content=\"HERMOSILLO, SONORA. MX. \u2014\u00a0 La\u00a0totalidad de cadetes en formaci\u00f3n en la Universidad de la Seguridad P\u00fablica (USP), en su egreso cuentan con certificaci\u00f3n en En Sonora en Equipo publicamos toda la informaci\u00f3n de Sonora, M\u00e9xico y el Mundo de manera oportuna y busca que la libertad de expresi\u00f3n sea real. Visita nuestro medio informativo publicado desde Hermosillo, Sonora. %\" \/>\n<meta name=\"robots\" content=\"index, follow, max-snippet:-1, max-image-preview:large, max-video-preview:-1\" \/>\n<link rel=\"canonical\" href=\"https:\/\/www.sonoraenequipo.com.mx\/cadetes-de-la-universidad-de-la-seguridad-publica-egresan-certificados-en-sistema-salva\/\" \/>\n<meta property=\"og:locale\" content=\"es_ES\" \/>\n<meta property=\"og:type\" content=\"article\" \/>\n<meta property=\"og:title\" content=\"Sonora en Equipo. Cadetes de la Universidad de la Seguridad P\u00fablica egresan certificados en Sistema Salva Sonora\" \/>\n<meta property=\"og:description\" content=\"HERMOSILLO, SONORA. MX. \u2014\u00a0 La\u00a0totalidad de cadetes en formaci\u00f3n en la Universidad de la Seguridad P\u00fablica (USP), en su egreso cuentan con certificaci\u00f3n en En Sonora en Equipo publicamos toda la informaci\u00f3n de Sonora, M\u00e9xico y el Mundo de manera oportuna y busca que la libertad de expresi\u00f3n sea real. Visita nuestro medio informativo publicado desde Hermosillo, Sonora. %\" \/>\n<meta property=\"og:url\" content=\"https:\/\/www.sonoraenequipo.com.mx\/cadetes-de-la-universidad-de-la-seguridad-publica-egresan-certificados-en-sistema-salva\/\" \/>\n<meta property=\"og:site_name\" content=\"Sonora en Equipo.\" \/>\n<meta property=\"article:publisher\" content=\"https:\/\/www.facebook.com\/SonoraEE\/\" \/>\n<meta property=\"article:author\" content=\"https:\/\/www.facebook.com\/SonoraEE\" \/>\n<meta property=\"article:published_time\" content=\"2023-09-12T05:10:15+00:00\" \/>\n<meta property=\"article:modified_time\" content=\"2023-09-12T17:26:22+00:00\" \/>\n<meta property=\"og:image\" content=\"https:\/\/www.sonoraenequipo.com.mx\/storage\/2023\/09\/universidad-de-la-segurida-publica...1-min.jpg\" \/>\n\t<meta property=\"og:image:width\" content=\"897\" \/>\n\t<meta property=\"og:image:height\" content=\"504\" \/>\n\t<meta property=\"og:image:type\" content=\"image\/jpeg\" \/>\n<meta name=\"author\" content=\"enequipo\" \/>\n<meta name=\"twitter:card\" content=\"summary_large_image\" \/>\n<meta name=\"twitter:creator\" content=\"@sonoraenequipo\" \/>\n<meta name=\"twitter:site\" content=\"@sonoraenequipo\" \/>\n<meta name=\"twitter:label1\" content=\"Escrito por\" \/>\n\t<meta name=\"twitter:data1\" content=\"enequipo\" \/>\n\t<meta name=\"twitter:label2\" content=\"Tiempo de lectura\" \/>\n\t<meta name=\"twitter:data2\" content=\"1 minuto\" \/>\n<script type=\"application\/ld+json\" class=\"yoast-schema-graph\">{\"@context\":\"https:\/\/schema.org\",\"@graph\":[{\"@type\":\"Article\",\"@id\":\"https:\/\/www.sonoraenequipo.com.mx\/cadetes-de-la-universidad-de-la-seguridad-publica-egresan-certificados-en-sistema-salva\/#article\",\"isPartOf\":{\"@id\":\"https:\/\/www.sonoraenequipo.com.mx\/cadetes-de-la-universidad-de-la-seguridad-publica-egresan-certificados-en-sistema-salva\/\"},\"author\":{\"name\":\"enequipo\",\"@id\":\"https:\/\/www.sonoraenequipo.com.mx\/#\/schema\/person\/50102df0fb23a8fa9e8effad8fa81386\"},\"headline\":\"Cadetes de la Universidad de la Seguridad P\u00fablica egresan certificados en Sistema Salva\",\"datePublished\":\"2023-09-12T05:10:15+00:00\",\"dateModified\":\"2023-09-12T17:26:22+00:00\",\"mainEntityOfPage\":{\"@id\":\"https:\/\/www.sonoraenequipo.com.mx\/cadetes-de-la-universidad-de-la-seguridad-publica-egresan-certificados-en-sistema-salva\/\"},\"wordCount\":221,\"commentCount\":0,\"publisher\":{\"@id\":\"https:\/\/www.sonoraenequipo.com.mx\/#organization\"},\"image\":{\"@id\":\"https:\/\/www.sonoraenequipo.com.mx\/cadetes-de-la-universidad-de-la-seguridad-publica-egresan-certificados-en-sistema-salva\/#primaryimage\"},\"thumbnailUrl\":\"https:\/\/www.sonoraenequipo.com.mx\/storage\/2023\/09\/universidad-de-la-segurida-publica...1-min.jpg\",\"articleSection\":[\"Sonora\"],\"inLanguage\":\"es\",\"potentialAction\":[{\"@type\":\"CommentAction\",\"name\":\"Comment\",\"target\":[\"https:\/\/www.sonoraenequipo.com.mx\/cadetes-de-la-universidad-de-la-seguridad-publica-egresan-certificados-en-sistema-salva\/#respond\"]}]},{\"@type\":\"WebPage\",\"@id\":\"https:\/\/www.sonoraenequipo.com.mx\/cadetes-de-la-universidad-de-la-seguridad-publica-egresan-certificados-en-sistema-salva\/\",\"url\":\"https:\/\/www.sonoraenequipo.com.mx\/cadetes-de-la-universidad-de-la-seguridad-publica-egresan-certificados-en-sistema-salva\/\",\"name\":\"Sonora en Equipo. Cadetes de la Universidad de la Seguridad P\u00fablica egresan certificados en Sistema Salva Sonora\",\"isPartOf\":{\"@id\":\"https:\/\/www.sonoraenequipo.com.mx\/#website\"},\"primaryImageOfPage\":{\"@id\":\"https:\/\/www.sonoraenequipo.com.mx\/cadetes-de-la-universidad-de-la-seguridad-publica-egresan-certificados-en-sistema-salva\/#primaryimage\"},\"image\":{\"@id\":\"https:\/\/www.sonoraenequipo.com.mx\/cadetes-de-la-universidad-de-la-seguridad-publica-egresan-certificados-en-sistema-salva\/#primaryimage\"},\"thumbnailUrl\":\"https:\/\/www.sonoraenequipo.com.mx\/storage\/2023\/09\/universidad-de-la-segurida-publica...1-min.jpg\",\"datePublished\":\"2023-09-12T05:10:15+00:00\",\"dateModified\":\"2023-09-12T17:26:22+00:00\",\"description\":\"HERMOSILLO, SONORA. MX. \u2014\u00a0 La\u00a0totalidad de cadetes en formaci\u00f3n en la Universidad de la Seguridad P\u00fablica (USP), en su egreso cuentan con certificaci\u00f3n en En Sonora en Equipo publicamos toda la informaci\u00f3n de Sonora, M\u00e9xico y el Mundo de manera oportuna y busca que la libertad de expresi\u00f3n sea real. Visita nuestro medio informativo publicado desde Hermosillo, Sonora. %\",\"breadcrumb\":{\"@id\":\"https:\/\/www.sonoraenequipo.com.mx\/cadetes-de-la-universidad-de-la-seguridad-publica-egresan-certificados-en-sistema-salva\/#breadcrumb\"},\"inLanguage\":\"es\",\"potentialAction\":[{\"@type\":\"ReadAction\",\"target\":[\"https:\/\/www.sonoraenequipo.com.mx\/cadetes-de-la-universidad-de-la-seguridad-publica-egresan-certificados-en-sistema-salva\/\"]}]},{\"@type\":\"ImageObject\",\"inLanguage\":\"es\",\"@id\":\"https:\/\/www.sonoraenequipo.com.mx\/cadetes-de-la-universidad-de-la-seguridad-publica-egresan-certificados-en-sistema-salva\/#primaryimage\",\"url\":\"https:\/\/www.sonoraenequipo.com.mx\/storage\/2023\/09\/universidad-de-la-segurida-publica...1-min.jpg\",\"contentUrl\":\"https:\/\/www.sonoraenequipo.com.mx\/storage\/2023\/09\/universidad-de-la-segurida-publica...1-min.jpg\",\"width\":897,\"height\":504},{\"@type\":\"BreadcrumbList\",\"@id\":\"https:\/\/www.sonoraenequipo.com.mx\/cadetes-de-la-universidad-de-la-seguridad-publica-egresan-certificados-en-sistema-salva\/#breadcrumb\",\"itemListElement\":[{\"@type\":\"ListItem\",\"position\":1,\"name\":\"Portada\",\"item\":\"https:\/\/www.sonoraenequipo.com.mx\/\"},{\"@type\":\"ListItem\",\"position\":2,\"name\":\"Cadetes de la Universidad de la Seguridad P\u00fablica egresan certificados en Sistema Salva\"}]},{\"@type\":\"WebSite\",\"@id\":\"https:\/\/www.sonoraenequipo.com.mx\/#website\",\"url\":\"https:\/\/www.sonoraenequipo.com.mx\/\",\"name\":\"Sonora en Equipo.\",\"description\":\"Diario en l\u00ednea con Noticias desde Hermosillo, Sonora\",\"publisher\":{\"@id\":\"https:\/\/www.sonoraenequipo.com.mx\/#organization\"},\"potentialAction\":[{\"@type\":\"SearchAction\",\"target\":{\"@type\":\"EntryPoint\",\"urlTemplate\":\"https:\/\/www.sonoraenequipo.com.mx\/?s={search_term_string}\"},\"query-input\":{\"@type\":\"PropertyValueSpecification\",\"valueRequired\":true,\"valueName\":\"search_term_string\"}}],\"inLanguage\":\"es\"},{\"@type\":\"Organization\",\"@id\":\"https:\/\/www.sonoraenequipo.com.mx\/#organization\",\"name\":\"Sonoraenequipo.com.mx\",\"url\":\"https:\/\/www.sonoraenequipo.com.mx\/\",\"logo\":{\"@type\":\"ImageObject\",\"inLanguage\":\"es\",\"@id\":\"https:\/\/www.sonoraenequipo.com.mx\/#\/schema\/logo\/image\/\",\"url\":\"https:\/\/www.sonoraenequipo.com.mx\/storage\/2019\/01\/sonoraenequipo_opt.png\",\"contentUrl\":\"https:\/\/www.sonoraenequipo.com.mx\/storage\/2019\/01\/sonoraenequipo_opt.png\",\"width\":375,\"height\":125,\"caption\":\"Sonoraenequipo.com.mx\"},\"image\":{\"@id\":\"https:\/\/www.sonoraenequipo.com.mx\/#\/schema\/logo\/image\/\"},\"sameAs\":[\"https:\/\/www.facebook.com\/SonoraEE\/\",\"https:\/\/x.com\/sonoraenequipo\",\"https:\/\/www.youtube.com\/channel\/UC338nW-lPEYmJQs4ZABQ1SQ\"]},{\"@type\":\"Person\",\"@id\":\"https:\/\/www.sonoraenequipo.com.mx\/#\/schema\/person\/50102df0fb23a8fa9e8effad8fa81386\",\"name\":\"enequipo\",\"image\":{\"@type\":\"ImageObject\",\"inLanguage\":\"es\",\"@id\":\"https:\/\/www.sonoraenequipo.com.mx\/#\/schema\/person\/image\/\",\"url\":\"https:\/\/secure.gravatar.com\/avatar\/049821681b589dabc0bc20695993ccebb09f5b5d4d790cd9251b97faac7c652b?s=96&d=blank&r=g\",\"contentUrl\":\"https:\/\/secure.gravatar.com\/avatar\/049821681b589dabc0bc20695993ccebb09f5b5d4d790cd9251b97faac7c652b?s=96&d=blank&r=g\",\"caption\":\"enequipo\"},\"sameAs\":[\"https:\/\/www.facebook.com\/SonoraEE\"]}]}<\/script>\n ","yoast_head_json":{"title":"Sonora en Equipo. Cadetes de la Universidad de la Seguridad P\u00fablica egresan certificados en Sistema Salva Sonora","description":"HERMOSILLO, SONORA. MX. \u2014\u00a0 La\u00a0totalidad de cadetes en formaci\u00f3n en la Universidad de la Seguridad P\u00fablica (USP), en su egreso cuentan con certificaci\u00f3n en En Sonora en Equipo publicamos toda la informaci\u00f3n de Sonora, M\u00e9xico y el Mundo de manera oportuna y busca que la libertad de expresi\u00f3n sea real. Visita nuestro medio informativo publicado desde Hermosillo, Sonora. %","robots":{"index":"index","follow":"follow","max-snippet":"max-snippet:-1","max-image-preview":"max-image-preview:large","max-video-preview":"max-video-preview:-1"},"canonical":"https:\/\/www.sonoraenequipo.com.mx\/cadetes-de-la-universidad-de-la-seguridad-publica-egresan-certificados-en-sistema-salva\/","og_locale":"es_ES","og_type":"article","og_title":"Sonora en Equipo. Cadetes de la Universidad de la Seguridad P\u00fablica egresan certificados en Sistema Salva Sonora","og_description":"HERMOSILLO, SONORA. MX. \u2014\u00a0 La\u00a0totalidad de cadetes en formaci\u00f3n en la Universidad de la Seguridad P\u00fablica (USP), en su egreso cuentan con certificaci\u00f3n en En Sonora en Equipo publicamos toda la informaci\u00f3n de Sonora, M\u00e9xico y el Mundo de manera oportuna y busca que la libertad de expresi\u00f3n sea real. Visita nuestro medio informativo publicado desde Hermosillo, Sonora. %","og_url":"https:\/\/www.sonoraenequipo.com.mx\/cadetes-de-la-universidad-de-la-seguridad-publica-egresan-certificados-en-sistema-salva\/","og_site_name":"Sonora en Equipo.","article_publisher":"https:\/\/www.facebook.com\/SonoraEE\/","article_author":"https:\/\/www.facebook.com\/SonoraEE","article_published_time":"2023-09-12T05:10:15+00:00","article_modified_time":"2023-09-12T17:26:22+00:00","og_image":[{"width":897,"height":504,"url":"https:\/\/www.sonoraenequipo.com.mx\/storage\/2023\/09\/universidad-de-la-segurida-publica...1-min.jpg","type":"image\/jpeg"}],"author":"enequipo","twitter_card":"summary_large_image","twitter_creator":"@sonoraenequipo","twitter_site":"@sonoraenequipo","twitter_misc":{"Escrito por":"enequipo","Tiempo de lectura":"1 minuto"},"schema":{"@context":"https:\/\/schema.org","@graph":[{"@type":"Article","@id":"https:\/\/www.sonoraenequipo.com.mx\/cadetes-de-la-universidad-de-la-seguridad-publica-egresan-certificados-en-sistema-salva\/#article","isPartOf":{"@id":"https:\/\/www.sonoraenequipo.com.mx\/cadetes-de-la-universidad-de-la-seguridad-publica-egresan-certificados-en-sistema-salva\/"},"author":{"name":"enequipo","@id":"https:\/\/www.sonoraenequipo.com.mx\/#\/schema\/person\/50102df0fb23a8fa9e8effad8fa81386"},"headline":"Cadetes de la Universidad de la Seguridad P\u00fablica egresan certificados en Sistema Salva","datePublished":"2023-09-12T05:10:15+00:00","dateModified":"2023-09-12T17:26:22+00:00","mainEntityOfPage":{"@id":"https:\/\/www.sonoraenequipo.com.mx\/cadetes-de-la-universidad-de-la-seguridad-publica-egresan-certificados-en-sistema-salva\/"},"wordCount":221,"commentCount":0,"publisher":{"@id":"https:\/\/www.sonoraenequipo.com.mx\/#organization"},"image":{"@id":"https:\/\/www.sonoraenequipo.com.mx\/cadetes-de-la-universidad-de-la-seguridad-publica-egresan-certificados-en-sistema-salva\/#primaryimage"},"thumbnailUrl":"https:\/\/www.sonoraenequipo.com.mx\/storage\/2023\/09\/universidad-de-la-segurida-publica...1-min.jpg","articleSection":["Sonora"],"inLanguage":"es","potentialAction":[{"@type":"CommentAction","name":"Comment","target":["https:\/\/www.sonoraenequipo.com.mx\/cadetes-de-la-universidad-de-la-seguridad-publica-egresan-certificados-en-sistema-salva\/#respond"]}]},{"@type":"WebPage","@id":"https:\/\/www.sonoraenequipo.com.mx\/cadetes-de-la-universidad-de-la-seguridad-publica-egresan-certificados-en-sistema-salva\/","url":"https:\/\/www.sonoraenequipo.com.mx\/cadetes-de-la-universidad-de-la-seguridad-publica-egresan-certificados-en-sistema-salva\/","name":"Sonora en Equipo. Cadetes de la Universidad de la Seguridad P\u00fablica egresan certificados en Sistema Salva Sonora","isPartOf":{"@id":"https:\/\/www.sonoraenequipo.com.mx\/#website"},"primaryImageOfPage":{"@id":"https:\/\/www.sonoraenequipo.com.mx\/cadetes-de-la-universidad-de-la-seguridad-publica-egresan-certificados-en-sistema-salva\/#primaryimage"},"image":{"@id":"https:\/\/www.sonoraenequipo.com.mx\/cadetes-de-la-universidad-de-la-seguridad-publica-egresan-certificados-en-sistema-salva\/#primaryimage"},"thumbnailUrl":"https:\/\/www.sonoraenequipo.com.mx\/storage\/2023\/09\/universidad-de-la-segurida-publica...1-min.jpg","datePublished":"2023-09-12T05:10:15+00:00","dateModified":"2023-09-12T17:26:22+00:00","description":"HERMOSILLO, SONORA. MX. \u2014\u00a0 La\u00a0totalidad de cadetes en formaci\u00f3n en la Universidad de la Seguridad P\u00fablica (USP), en su egreso cuentan con certificaci\u00f3n en En Sonora en Equipo publicamos toda la informaci\u00f3n de Sonora, M\u00e9xico y el Mundo de manera oportuna y busca que la libertad de expresi\u00f3n sea real. Visita nuestro medio informativo publicado desde Hermosillo, Sonora. %","breadcrumb":{"@id":"https:\/\/www.sonoraenequipo.com.mx\/cadetes-de-la-universidad-de-la-seguridad-publica-egresan-certificados-en-sistema-salva\/#breadcrumb"},"inLanguage":"es","potentialAction":[{"@type":"ReadAction","target":["https:\/\/www.sonoraenequipo.com.mx\/cadetes-de-la-universidad-de-la-seguridad-publica-egresan-certificados-en-sistema-salva\/"]}]},{"@type":"ImageObject","inLanguage":"es","@id":"https:\/\/www.sonoraenequipo.com.mx\/cadetes-de-la-universidad-de-la-seguridad-publica-egresan-certificados-en-sistema-salva\/#primaryimage","url":"https:\/\/www.sonoraenequipo.com.mx\/storage\/2023\/09\/universidad-de-la-segurida-publica...1-min.jpg","contentUrl":"https:\/\/www.sonoraenequipo.com.mx\/storage\/2023\/09\/universidad-de-la-segurida-publica...1-min.jpg","width":897,"height":504},{"@type":"BreadcrumbList","@id":"https:\/\/www.sonoraenequipo.com.mx\/cadetes-de-la-universidad-de-la-seguridad-publica-egresan-certificados-en-sistema-salva\/#breadcrumb","itemListElement":[{"@type":"ListItem","position":1,"name":"Portada","item":"https:\/\/www.sonoraenequipo.com.mx\/"},{"@type":"ListItem","position":2,"name":"Cadetes de la Universidad de la Seguridad P\u00fablica egresan certificados en Sistema Salva"}]},{"@type":"WebSite","@id":"https:\/\/www.sonoraenequipo.com.mx\/#website","url":"https:\/\/www.sonoraenequipo.com.mx\/","name":"Sonora en Equipo.","description":"Diario en l\u00ednea con Noticias desde Hermosillo, Sonora","publisher":{"@id":"https:\/\/www.sonoraenequipo.com.mx\/#organization"},"potentialAction":[{"@type":"SearchAction","target":{"@type":"EntryPoint","urlTemplate":"https:\/\/www.sonoraenequipo.com.mx\/?s={search_term_string}"},"query-input":{"@type":"PropertyValueSpecification","valueRequired":true,"valueName":"search_term_string"}}],"inLanguage":"es"},{"@type":"Organization","@id":"https:\/\/www.sonoraenequipo.com.mx\/#organization","name":"Sonoraenequipo.com.mx","url":"https:\/\/www.sonoraenequipo.com.mx\/","logo":{"@type":"ImageObject","inLanguage":"es","@id":"https:\/\/www.sonoraenequipo.com.mx\/#\/schema\/logo\/image\/","url":"https:\/\/www.sonoraenequipo.com.mx\/storage\/2019\/01\/sonoraenequipo_opt.png","contentUrl":"https:\/\/www.sonoraenequipo.com.mx\/storage\/2019\/01\/sonoraenequipo_opt.png","width":375,"height":125,"caption":"Sonoraenequipo.com.mx"},"image":{"@id":"https:\/\/www.sonoraenequipo.com.mx\/#\/schema\/logo\/image\/"},"sameAs":["https:\/\/www.facebook.com\/SonoraEE\/","https:\/\/x.com\/sonoraenequipo","https:\/\/www.youtube.com\/channel\/UC338nW-lPEYmJQs4ZABQ1SQ"]},{"@type":"Person","@id":"https:\/\/www.sonoraenequipo.com.mx\/#\/schema\/person\/50102df0fb23a8fa9e8effad8fa81386","name":"enequipo","image":{"@type":"ImageObject","inLanguage":"es","@id":"https:\/\/www.sonoraenequipo.com.mx\/#\/schema\/person\/image\/","url":"https:\/\/secure.gravatar.com\/avatar\/049821681b589dabc0bc20695993ccebb09f5b5d4d790cd9251b97faac7c652b?s=96&d=blank&r=g","contentUrl":"https:\/\/secure.gravatar.com\/avatar\/049821681b589dabc0bc20695993ccebb09f5b5d4d790cd9251b97faac7c652b?s=96&d=blank&r=g","caption":"enequipo"},"sameAs":["https:\/\/www.facebook.com\/SonoraEE"]}]}},"jetpack_featured_media_url":"https:\/\/www.sonoraenequipo.com.mx\/storage\/2023\/09\/universidad-de-la-segurida-publica...1-min.jpg","_links":{"self":[{"href":"https:\/\/www.sonoraenequipo.com.mx\/api\/wp\/v2\/posts\/174705","targetHints":{"allow":["GET"]}}],"collection":[{"href":"https:\/\/www.sonoraenequipo.com.mx\/api\/wp\/v2\/posts"}],"about":[{"href":"https:\/\/www.sonoraenequipo.com.mx\/api\/wp\/v2\/types\/post"}],"author":[{"embeddable":true,"href":"https:\/\/www.sonoraenequipo.com.mx\/api\/wp\/v2\/users\/1"}],"replies":[{"embeddable":true,"href":"https:\/\/www.sonoraenequipo.com.mx\/api\/wp\/v2\/comments?post=174705"}],"version-history":[{"count":1,"href":"https:\/\/www.sonoraenequipo.com.mx\/api\/wp\/v2\/posts\/174705\/revisions"}],"predecessor-version":[{"id":174707,"href":"https:\/\/www.sonoraenequipo.com.mx\/api\/wp\/v2\/posts\/174705\/revisions\/174707"}],"wp:featuredmedia":[{"embeddable":true,"href":"https:\/\/www.sonoraenequipo.com.mx\/api\/wp\/v2\/media\/174706"}],"wp:attachment":[{"href":"https:\/\/www.sonoraenequipo.com.mx\/api\/wp\/v2\/media?parent=174705"}],"wp:term":[{"taxonomy":"category","embeddable":true,"href":"https:\/\/www.sonoraenequipo.com.mx\/api\/wp\/v2\/categories?post=174705"},{"taxonomy":"post_tag","embeddable":true,"href":"https:\/\/www.sonoraenequipo.com.mx\/api\/wp\/v2\/tags?post=174705"}],"curies":[{"name":"wp","href":"https:\/\/api.w.org\/{rel}","templated":true}]}}