{"id":175092,"date":"2023-09-19T10:01:02","date_gmt":"2023-09-19T17:01:02","guid":{"rendered":"https:\/\/www.sonoraenequipo.com.mx\/?p=175092"},"modified":"2023-09-19T10:01:02","modified_gmt":"2023-09-19T17:01:02","slug":"juntos-logramos-que-hermosillo-sea-mas-dinamico-en-economia-y-con-mas-seguridad-tono-astiazaran","status":"publish","type":"post","link":"https:\/\/www.sonoraenequipo.com.mx\/juntos-logramos-que-hermosillo-sea-mas-dinamico-en-economia-y-con-mas-seguridad-tono-astiazaran\/","title":{"rendered":"Juntos logramos que Hermosillo sea m\u00e1s din\u00e1mico en econom\u00eda y con m\u00e1s seguridad: To\u00f1o Astiazar\u00e1n"},"content":{"rendered":"<p><strong>HERMOSILLO, SONORA,MX.\u2014 <\/strong>Si los dos primeros a\u00f1os fueron conocidos por buenos, el que viene es mejor por conocer, resalt\u00f3 ayer el Presidente Municipal Antonio Astiazar\u00e1n en su Informe de Resultados que rindi\u00f3 ante vecinas y vecinos que se congregaron en la colonia Altares.<\/p>\n<p>&nbsp;<\/p>\n<p>Acompa\u00f1ado por integrantes del Gabinete Municipal, To\u00f1o Astiazar\u00e1n destac\u00f3 que Hermosillo es una ciudad m\u00e1s segura y din\u00e1mica; que recuper\u00f3 el liderazgo nacional en generaci\u00f3n de empleos y donde se aprovecha la riqueza del sol para generar energ\u00eda limpia.<\/p>\n<p>&nbsp;<\/p>\n<p>Anunci\u00f3 que en la colonia Altares instalar\u00e1n un Centro de Respuesta Inmediata de la Polic\u00eda Municipal, que se suma a otros ocho en las colonias Lomas de Linda Vista, Lomas de Madrid, Eusebio Kino, San Bosco, Carmen Serd\u00e1n, Villas del Real, Hacienda de la Flor y el Apache.<\/p>\n<p>&nbsp;<\/p>\n<p>Adem\u00e1s del apoyo que ofrecer\u00e1n a trav\u00e9s del programa Aliados por la Vivienda con la pr\u00f3xima adquisici\u00f3n de once viviendas abandonadas en el sector que rehabilitar\u00e1n para dar una nueva oportunidad a igual n\u00famero de familias.<\/p>\n<p>&nbsp;<\/p>\n<p>Hizo un agradecimiento especial como Presidente Municipal y a nombre de su esposa, Patricia Ruibal Zaragoza, Presidenta de DIF Hermosillo, quien lo acompa\u00f1\u00f3 a este informe, al grupo de 54 ni\u00f1as y ni\u00f1os que integran la Orquesta Sinf\u00f3nica Infantil y Juvenil de DIF Hermosillo, quienes utilizan el espacio donde rindi\u00f3 su informe para hacer sus ensayos.<\/p>\n<p>&nbsp;<\/p>\n<p>Precis\u00f3 la inversi\u00f3n en la rehabilitaci\u00f3n del bulevar Jaudiel Zamorano, donde arreglaron 4 kil\u00f3metros de superficie con inversi\u00f3n de 38 millones de pesos adem\u00e1s de la renovaci\u00f3n de un tramo importante de tuber\u00eda subterr\u00e1nea para evitar fugas y sobre todo, tener una vialidad mucho m\u00e1s segura.<\/p>\n<p>&nbsp;<\/p>\n<p>Otra obra es la ampliaci\u00f3n del conducto pluvial Altares, realizada tras una evaluaci\u00f3n con t\u00e9cnicos especialistas para reducir inundaciones en temporada de lluvias, esta inversi\u00f3n de 14 millones de pesos beneficia a 50 mil vecinas y vecinos de 17 colonias que es por donde atraviesa el Arroyo Las V\u00edboras.<\/p>\n<p>&nbsp;<\/p>\n<p>\u00abDe hecho, logramos que casi la mitad del agua que transita por aqu\u00ed se desv\u00ede hacia la presa Abelardo L. Rodr\u00edguez\u00bb, dijo.<\/p>\n<p>&nbsp;<\/p>\n<p>Record\u00f3 que en ese sector de la ciudad instalaron m\u00e1s de mil 790 luminarias LED, puso como ejemplo la rehabilitaci\u00f3n del Jaudiel Zamorano, entre Clouthier y Ramiro Garc\u00eda donde instalaron 21 luminarias nuevas; y para finales del mes de septiembre, estar\u00e1 lista la rehabilitaci\u00f3n de otras 8 luminarias.<\/p>\n<p>&nbsp;<\/p>\n<p>\u00abInstalamos 450 reflectores LED en campos deportivos, como los de futbol en Capomo y Cimarr\u00f3n, donde tambi\u00e9n pusimos cableado subterr\u00e1neo, para que ya no lo vandalicen\u00bb, agreg\u00f3, \u00abEsa iluminaci\u00f3n LED la encuentran tambi\u00e9n en el Campo Deportivo GALA. Ah\u00ed pusimos 12 reflectores\u00bb.<\/p>\n<p>&nbsp;<\/p>\n<p>To\u00f1o Astiazar\u00e1n apunt\u00f3 que uno de los 21 corredores del programa Camina Segura se encuentra en el cruce de M\u00fasaro y Pe\u00f1a Colorada, en la colonia Nuevo Hermosillo.<\/p>\n<p>&nbsp;<\/p>\n<p>Tambi\u00e9n el mejoramiento de la Unidad Deportiva Oasis en la colonia Valle del M\u00e1rquez y el Gimnasio Solidaridad en Vild\u00f3sola y Tiro Al Blanco.<\/p>\n<p>&nbsp;<\/p>\n<p>Vecinos del sector fueron beneficiados con conexi\u00f3n gratuita al internet con 12 puntos wifi de los 150 que hay instalados en la ciudad, los cuales se ubican en la Cuauht\u00e9moc, Club Oasis, Altares, las canchas de Antonio G\u00e1mez y Emma Corella, la de Ramiro Garc\u00eda y De Los Constructores, Aguilucho y Arrendario y en la de Sierra Alta y Gila.<\/p>\n<p>&nbsp;<\/p>\n<p>Se apoyaron a 105 familias a instalar paneles solares con el programa Hogar Solar, a m\u00e1s de 550 con Tumba Watts les revisamos sus instalaciones de electricidad y a m\u00e1s de 70 \u00abchangarros\u00bb los registraron en Impulso Solar para que instalen paneles solares.<\/p>\n<p>&nbsp;<\/p>\n<p>Gracias a la participaci\u00f3n de vecinas y vecinas del sector en la segunda edici\u00f3n de votaciones del Presupuesto Participativo CRECES, uno de los proyectos ganadores es el del Sector C, en la colonia Villas del Sur, donde construir\u00e1n un Patin\u00f3dromo y cancha de Hockey.<\/p>\n<p>&nbsp;<\/p>\n<p>Adem\u00e1s se colocar\u00e1 pasto sint\u00e9tico en el Centro de Apoyo en Formaci\u00f3n de Valores que est\u00e1 en Castro Serv\u00edn y Ramiro Garc\u00eda, la instalaci\u00f3n de malla cicl\u00f3nica en la cancha de futbol, rehabilitaremos las grietas y fallas en la cancha de basquetbol; tambi\u00e9n reinstalar\u00e1n juegos infantiles, reflectores en el deportivo y reductores de velocidad.<\/p>\n<p>&nbsp;<\/p>\n<p>Record\u00f3 que gracias a la participaci\u00f3n de Comit\u00e9s CRECES, rehabilitaron la cancha de basquetbol casi frente a Bonanza residencial, la instalaci\u00f3n de pasto sint\u00e9tico en dos campos de futbol en V\u00edctor Mart\u00ednez Monta\u00f1o y Ramiro Garc\u00eda en la colonia Altares; y en la Nuevo Hermosillo, en Horizonte y Cumbre Nevada la colocaci\u00f3n de techumbre sobre la cancha.<\/p>\n<p><strong>Fecha de publicaci\u00f3n martes 19 de septiembre de 2023<\/strong><\/p>\n","protected":false},"excerpt":{"rendered":"<p>HERMOSILLO, SONORA,MX.\u2014 Si los dos primeros a\u00f1os fueron conocidos por buenos, el que viene es&#8230;<\/p>\n","protected":false},"author":1,"featured_media":175093,"comment_status":"open","ping_status":"open","sticky":false,"template":"","format":"standard","meta":{"_monsterinsights_skip_tracking":false,"_monsterinsights_sitenote_active":false,"_monsterinsights_sitenote_note":"","_monsterinsights_sitenote_category":0,"footnotes":""},"categories":[4],"tags":[4768,6328],"class_list":["post"],"yoast_head":" \n<title>Sonora en Equipo. Juntos logramos que Hermosillo sea m\u00e1s din\u00e1mico en econom\u00eda y con m\u00e1s seguridad: To\u00f1o Astiazar\u00e1n Municipios<\/title>\n<meta name=\"description\" content=\"HERMOSILLO, SONORA,MX.\u2014 Si los dos primeros a\u00f1os fueron conocidos por buenos, el que viene es mejor por conocer, resalt\u00f3 ayer el Presidente Municipal En Sonora en Equipo publicamos toda la informaci\u00f3n de Sonora, M\u00e9xico y el Mundo de manera oportuna y busca que la libertad de expresi\u00f3n sea real. Visita nuestro medio informativo publicado desde Hermosillo, Sonora. %\" \/>\n<meta name=\"robots\" content=\"index, follow, max-snippet:-1, max-image-preview:large, max-video-preview:-1\" \/>\n<link rel=\"canonical\" href=\"https:\/\/www.sonoraenequipo.com.mx\/juntos-logramos-que-hermosillo-sea-mas-dinamico-en-economia-y-con-mas-seguridad-tono-astiazaran\/\" \/>\n<meta property=\"og:locale\" content=\"es_ES\" \/>\n<meta property=\"og:type\" content=\"article\" \/>\n<meta property=\"og:title\" content=\"Sonora en Equipo. Juntos logramos que Hermosillo sea m\u00e1s din\u00e1mico en econom\u00eda y con m\u00e1s seguridad: To\u00f1o Astiazar\u00e1n Municipios\" \/>\n<meta property=\"og:description\" content=\"HERMOSILLO, SONORA,MX.\u2014 Si los dos primeros a\u00f1os fueron conocidos por buenos, el que viene es mejor por conocer, resalt\u00f3 ayer el Presidente Municipal En Sonora en Equipo publicamos toda la informaci\u00f3n de Sonora, M\u00e9xico y el Mundo de manera oportuna y busca que la libertad de expresi\u00f3n sea real. Visita nuestro medio informativo publicado desde Hermosillo, Sonora. %\" \/>\n<meta property=\"og:url\" content=\"https:\/\/www.sonoraenequipo.com.mx\/juntos-logramos-que-hermosillo-sea-mas-dinamico-en-economia-y-con-mas-seguridad-tono-astiazaran\/\" \/>\n<meta property=\"og:site_name\" content=\"Sonora en Equipo.\" \/>\n<meta property=\"article:publisher\" content=\"https:\/\/www.facebook.com\/SonoraEE\/\" \/>\n<meta property=\"article:author\" content=\"https:\/\/www.facebook.com\/SonoraEE\" \/>\n<meta property=\"article:published_time\" content=\"2023-09-19T17:01:02+00:00\" \/>\n<meta property=\"og:image\" content=\"https:\/\/www.sonoraenequipo.com.mx\/storage\/2023\/09\/tono-2.jpg\" \/>\n\t<meta property=\"og:image:width\" content=\"900\" \/>\n\t<meta property=\"og:image:height\" content=\"778\" \/>\n\t<meta property=\"og:image:type\" content=\"image\/jpeg\" \/>\n<meta name=\"author\" content=\"enequipo\" \/>\n<meta name=\"twitter:card\" content=\"summary_large_image\" \/>\n<meta name=\"twitter:creator\" content=\"@sonoraenequipo\" \/>\n<meta name=\"twitter:site\" content=\"@sonoraenequipo\" \/>\n<meta name=\"twitter:label1\" content=\"Escrito por\" \/>\n\t<meta name=\"twitter:data1\" content=\"enequipo\" \/>\n\t<meta name=\"twitter:label2\" content=\"Tiempo de lectura\" \/>\n\t<meta name=\"twitter:data2\" content=\"4 minutos\" \/>\n<script type=\"application\/ld+json\" class=\"yoast-schema-graph\">{\"@context\":\"https:\/\/schema.org\",\"@graph\":[{\"@type\":\"Article\",\"@id\":\"https:\/\/www.sonoraenequipo.com.mx\/juntos-logramos-que-hermosillo-sea-mas-dinamico-en-economia-y-con-mas-seguridad-tono-astiazaran\/#article\",\"isPartOf\":{\"@id\":\"https:\/\/www.sonoraenequipo.com.mx\/juntos-logramos-que-hermosillo-sea-mas-dinamico-en-economia-y-con-mas-seguridad-tono-astiazaran\/\"},\"author\":{\"name\":\"enequipo\",\"@id\":\"https:\/\/www.sonoraenequipo.com.mx\/#\/schema\/person\/50102df0fb23a8fa9e8effad8fa81386\"},\"headline\":\"Juntos logramos que Hermosillo sea m\u00e1s din\u00e1mico en econom\u00eda y con m\u00e1s seguridad: To\u00f1o Astiazar\u00e1n\",\"datePublished\":\"2023-09-19T17:01:02+00:00\",\"mainEntityOfPage\":{\"@id\":\"https:\/\/www.sonoraenequipo.com.mx\/juntos-logramos-que-hermosillo-sea-mas-dinamico-en-economia-y-con-mas-seguridad-tono-astiazaran\/\"},\"wordCount\":850,\"commentCount\":0,\"publisher\":{\"@id\":\"https:\/\/www.sonoraenequipo.com.mx\/#organization\"},\"image\":{\"@id\":\"https:\/\/www.sonoraenequipo.com.mx\/juntos-logramos-que-hermosillo-sea-mas-dinamico-en-economia-y-con-mas-seguridad-tono-astiazaran\/#primaryimage\"},\"thumbnailUrl\":\"https:\/\/www.sonoraenequipo.com.mx\/storage\/2023\/09\/tono-2.jpg\",\"keywords\":[\"2do. informe\",\"to\u00f1oastiazaran\"],\"articleSection\":[\"Municipios\"],\"inLanguage\":\"es\",\"potentialAction\":[{\"@type\":\"CommentAction\",\"name\":\"Comment\",\"target\":[\"https:\/\/www.sonoraenequipo.com.mx\/juntos-logramos-que-hermosillo-sea-mas-dinamico-en-economia-y-con-mas-seguridad-tono-astiazaran\/#respond\"]}]},{\"@type\":\"WebPage\",\"@id\":\"https:\/\/www.sonoraenequipo.com.mx\/juntos-logramos-que-hermosillo-sea-mas-dinamico-en-economia-y-con-mas-seguridad-tono-astiazaran\/\",\"url\":\"https:\/\/www.sonoraenequipo.com.mx\/juntos-logramos-que-hermosillo-sea-mas-dinamico-en-economia-y-con-mas-seguridad-tono-astiazaran\/\",\"name\":\"Sonora en Equipo. Juntos logramos que Hermosillo sea m\u00e1s din\u00e1mico en econom\u00eda y con m\u00e1s seguridad: To\u00f1o Astiazar\u00e1n Municipios\",\"isPartOf\":{\"@id\":\"https:\/\/www.sonoraenequipo.com.mx\/#website\"},\"primaryImageOfPage\":{\"@id\":\"https:\/\/www.sonoraenequipo.com.mx\/juntos-logramos-que-hermosillo-sea-mas-dinamico-en-economia-y-con-mas-seguridad-tono-astiazaran\/#primaryimage\"},\"image\":{\"@id\":\"https:\/\/www.sonoraenequipo.com.mx\/juntos-logramos-que-hermosillo-sea-mas-dinamico-en-economia-y-con-mas-seguridad-tono-astiazaran\/#primaryimage\"},\"thumbnailUrl\":\"https:\/\/www.sonoraenequipo.com.mx\/storage\/2023\/09\/tono-2.jpg\",\"datePublished\":\"2023-09-19T17:01:02+00:00\",\"description\":\"HERMOSILLO, SONORA,MX.\u2014 Si los dos primeros a\u00f1os fueron conocidos por buenos, el que viene es mejor por conocer, resalt\u00f3 ayer el Presidente Municipal En Sonora en Equipo publicamos toda la informaci\u00f3n de Sonora, M\u00e9xico y el Mundo de manera oportuna y busca que la libertad de expresi\u00f3n sea real. Visita nuestro medio informativo publicado desde Hermosillo, Sonora. %\",\"breadcrumb\":{\"@id\":\"https:\/\/www.sonoraenequipo.com.mx\/juntos-logramos-que-hermosillo-sea-mas-dinamico-en-economia-y-con-mas-seguridad-tono-astiazaran\/#breadcrumb\"},\"inLanguage\":\"es\",\"potentialAction\":[{\"@type\":\"ReadAction\",\"target\":[\"https:\/\/www.sonoraenequipo.com.mx\/juntos-logramos-que-hermosillo-sea-mas-dinamico-en-economia-y-con-mas-seguridad-tono-astiazaran\/\"]}]},{\"@type\":\"ImageObject\",\"inLanguage\":\"es\",\"@id\":\"https:\/\/www.sonoraenequipo.com.mx\/juntos-logramos-que-hermosillo-sea-mas-dinamico-en-economia-y-con-mas-seguridad-tono-astiazaran\/#primaryimage\",\"url\":\"https:\/\/www.sonoraenequipo.com.mx\/storage\/2023\/09\/tono-2.jpg\",\"contentUrl\":\"https:\/\/www.sonoraenequipo.com.mx\/storage\/2023\/09\/tono-2.jpg\",\"width\":900,\"height\":778},{\"@type\":\"BreadcrumbList\",\"@id\":\"https:\/\/www.sonoraenequipo.com.mx\/juntos-logramos-que-hermosillo-sea-mas-dinamico-en-economia-y-con-mas-seguridad-tono-astiazaran\/#breadcrumb\",\"itemListElement\":[{\"@type\":\"ListItem\",\"position\":1,\"name\":\"Portada\",\"item\":\"https:\/\/www.sonoraenequipo.com.mx\/\"},{\"@type\":\"ListItem\",\"position\":2,\"name\":\"Juntos logramos que Hermosillo sea m\u00e1s din\u00e1mico en econom\u00eda y con m\u00e1s seguridad: To\u00f1o Astiazar\u00e1n\"}]},{\"@type\":\"WebSite\",\"@id\":\"https:\/\/www.sonoraenequipo.com.mx\/#website\",\"url\":\"https:\/\/www.sonoraenequipo.com.mx\/\",\"name\":\"Sonora en Equipo.\",\"description\":\"Diario en l\u00ednea con Noticias desde Hermosillo, Sonora\",\"publisher\":{\"@id\":\"https:\/\/www.sonoraenequipo.com.mx\/#organization\"},\"potentialAction\":[{\"@type\":\"SearchAction\",\"target\":{\"@type\":\"EntryPoint\",\"urlTemplate\":\"https:\/\/www.sonoraenequipo.com.mx\/?s={search_term_string}\"},\"query-input\":{\"@type\":\"PropertyValueSpecification\",\"valueRequired\":true,\"valueName\":\"search_term_string\"}}],\"inLanguage\":\"es\"},{\"@type\":\"Organization\",\"@id\":\"https:\/\/www.sonoraenequipo.com.mx\/#organization\",\"name\":\"Sonoraenequipo.com.mx\",\"url\":\"https:\/\/www.sonoraenequipo.com.mx\/\",\"logo\":{\"@type\":\"ImageObject\",\"inLanguage\":\"es\",\"@id\":\"https:\/\/www.sonoraenequipo.com.mx\/#\/schema\/logo\/image\/\",\"url\":\"https:\/\/www.sonoraenequipo.com.mx\/storage\/2019\/01\/sonoraenequipo_opt.png\",\"contentUrl\":\"https:\/\/www.sonoraenequipo.com.mx\/storage\/2019\/01\/sonoraenequipo_opt.png\",\"width\":375,\"height\":125,\"caption\":\"Sonoraenequipo.com.mx\"},\"image\":{\"@id\":\"https:\/\/www.sonoraenequipo.com.mx\/#\/schema\/logo\/image\/\"},\"sameAs\":[\"https:\/\/www.facebook.com\/SonoraEE\/\",\"https:\/\/x.com\/sonoraenequipo\",\"https:\/\/www.youtube.com\/channel\/UC338nW-lPEYmJQs4ZABQ1SQ\"]},{\"@type\":\"Person\",\"@id\":\"https:\/\/www.sonoraenequipo.com.mx\/#\/schema\/person\/50102df0fb23a8fa9e8effad8fa81386\",\"name\":\"enequipo\",\"image\":{\"@type\":\"ImageObject\",\"inLanguage\":\"es\",\"@id\":\"https:\/\/www.sonoraenequipo.com.mx\/#\/schema\/person\/image\/\",\"url\":\"https:\/\/secure.gravatar.com\/avatar\/049821681b589dabc0bc20695993ccebb09f5b5d4d790cd9251b97faac7c652b?s=96&d=blank&r=g\",\"contentUrl\":\"https:\/\/secure.gravatar.com\/avatar\/049821681b589dabc0bc20695993ccebb09f5b5d4d790cd9251b97faac7c652b?s=96&d=blank&r=g\",\"caption\":\"enequipo\"},\"sameAs\":[\"https:\/\/www.facebook.com\/SonoraEE\"]}]}<\/script>\n ","yoast_head_json":{"title":"Sonora en Equipo. Juntos logramos que Hermosillo sea m\u00e1s din\u00e1mico en econom\u00eda y con m\u00e1s seguridad: To\u00f1o Astiazar\u00e1n Municipios","description":"HERMOSILLO, SONORA,MX.\u2014 Si los dos primeros a\u00f1os fueron conocidos por buenos, el que viene es mejor por conocer, resalt\u00f3 ayer el Presidente Municipal En Sonora en Equipo publicamos toda la informaci\u00f3n de Sonora, M\u00e9xico y el Mundo de manera oportuna y busca que la libertad de expresi\u00f3n sea real. Visita nuestro medio informativo publicado desde Hermosillo, Sonora. %","robots":{"index":"index","follow":"follow","max-snippet":"max-snippet:-1","max-image-preview":"max-image-preview:large","max-video-preview":"max-video-preview:-1"},"canonical":"https:\/\/www.sonoraenequipo.com.mx\/juntos-logramos-que-hermosillo-sea-mas-dinamico-en-economia-y-con-mas-seguridad-tono-astiazaran\/","og_locale":"es_ES","og_type":"article","og_title":"Sonora en Equipo. Juntos logramos que Hermosillo sea m\u00e1s din\u00e1mico en econom\u00eda y con m\u00e1s seguridad: To\u00f1o Astiazar\u00e1n Municipios","og_description":"HERMOSILLO, SONORA,MX.\u2014 Si los dos primeros a\u00f1os fueron conocidos por buenos, el que viene es mejor por conocer, resalt\u00f3 ayer el Presidente Municipal En Sonora en Equipo publicamos toda la informaci\u00f3n de Sonora, M\u00e9xico y el Mundo de manera oportuna y busca que la libertad de expresi\u00f3n sea real. Visita nuestro medio informativo publicado desde Hermosillo, Sonora. %","og_url":"https:\/\/www.sonoraenequipo.com.mx\/juntos-logramos-que-hermosillo-sea-mas-dinamico-en-economia-y-con-mas-seguridad-tono-astiazaran\/","og_site_name":"Sonora en Equipo.","article_publisher":"https:\/\/www.facebook.com\/SonoraEE\/","article_author":"https:\/\/www.facebook.com\/SonoraEE","article_published_time":"2023-09-19T17:01:02+00:00","og_image":[{"width":900,"height":778,"url":"https:\/\/www.sonoraenequipo.com.mx\/storage\/2023\/09\/tono-2.jpg","type":"image\/jpeg"}],"author":"enequipo","twitter_card":"summary_large_image","twitter_creator":"@sonoraenequipo","twitter_site":"@sonoraenequipo","twitter_misc":{"Escrito por":"enequipo","Tiempo de lectura":"4 minutos"},"schema":{"@context":"https:\/\/schema.org","@graph":[{"@type":"Article","@id":"https:\/\/www.sonoraenequipo.com.mx\/juntos-logramos-que-hermosillo-sea-mas-dinamico-en-economia-y-con-mas-seguridad-tono-astiazaran\/#article","isPartOf":{"@id":"https:\/\/www.sonoraenequipo.com.mx\/juntos-logramos-que-hermosillo-sea-mas-dinamico-en-economia-y-con-mas-seguridad-tono-astiazaran\/"},"author":{"name":"enequipo","@id":"https:\/\/www.sonoraenequipo.com.mx\/#\/schema\/person\/50102df0fb23a8fa9e8effad8fa81386"},"headline":"Juntos logramos que Hermosillo sea m\u00e1s din\u00e1mico en econom\u00eda y con m\u00e1s seguridad: To\u00f1o Astiazar\u00e1n","datePublished":"2023-09-19T17:01:02+00:00","mainEntityOfPage":{"@id":"https:\/\/www.sonoraenequipo.com.mx\/juntos-logramos-que-hermosillo-sea-mas-dinamico-en-economia-y-con-mas-seguridad-tono-astiazaran\/"},"wordCount":850,"commentCount":0,"publisher":{"@id":"https:\/\/www.sonoraenequipo.com.mx\/#organization"},"image":{"@id":"https:\/\/www.sonoraenequipo.com.mx\/juntos-logramos-que-hermosillo-sea-mas-dinamico-en-economia-y-con-mas-seguridad-tono-astiazaran\/#primaryimage"},"thumbnailUrl":"https:\/\/www.sonoraenequipo.com.mx\/storage\/2023\/09\/tono-2.jpg","keywords":["2do. informe","to\u00f1oastiazaran"],"articleSection":["Municipios"],"inLanguage":"es","potentialAction":[{"@type":"CommentAction","name":"Comment","target":["https:\/\/www.sonoraenequipo.com.mx\/juntos-logramos-que-hermosillo-sea-mas-dinamico-en-economia-y-con-mas-seguridad-tono-astiazaran\/#respond"]}]},{"@type":"WebPage","@id":"https:\/\/www.sonoraenequipo.com.mx\/juntos-logramos-que-hermosillo-sea-mas-dinamico-en-economia-y-con-mas-seguridad-tono-astiazaran\/","url":"https:\/\/www.sonoraenequipo.com.mx\/juntos-logramos-que-hermosillo-sea-mas-dinamico-en-economia-y-con-mas-seguridad-tono-astiazaran\/","name":"Sonora en Equipo. Juntos logramos que Hermosillo sea m\u00e1s din\u00e1mico en econom\u00eda y con m\u00e1s seguridad: To\u00f1o Astiazar\u00e1n Municipios","isPartOf":{"@id":"https:\/\/www.sonoraenequipo.com.mx\/#website"},"primaryImageOfPage":{"@id":"https:\/\/www.sonoraenequipo.com.mx\/juntos-logramos-que-hermosillo-sea-mas-dinamico-en-economia-y-con-mas-seguridad-tono-astiazaran\/#primaryimage"},"image":{"@id":"https:\/\/www.sonoraenequipo.com.mx\/juntos-logramos-que-hermosillo-sea-mas-dinamico-en-economia-y-con-mas-seguridad-tono-astiazaran\/#primaryimage"},"thumbnailUrl":"https:\/\/www.sonoraenequipo.com.mx\/storage\/2023\/09\/tono-2.jpg","datePublished":"2023-09-19T17:01:02+00:00","description":"HERMOSILLO, SONORA,MX.\u2014 Si los dos primeros a\u00f1os fueron conocidos por buenos, el que viene es mejor por conocer, resalt\u00f3 ayer el Presidente Municipal En Sonora en Equipo publicamos toda la informaci\u00f3n de Sonora, M\u00e9xico y el Mundo de manera oportuna y busca que la libertad de expresi\u00f3n sea real. Visita nuestro medio informativo publicado desde Hermosillo, Sonora. %","breadcrumb":{"@id":"https:\/\/www.sonoraenequipo.com.mx\/juntos-logramos-que-hermosillo-sea-mas-dinamico-en-economia-y-con-mas-seguridad-tono-astiazaran\/#breadcrumb"},"inLanguage":"es","potentialAction":[{"@type":"ReadAction","target":["https:\/\/www.sonoraenequipo.com.mx\/juntos-logramos-que-hermosillo-sea-mas-dinamico-en-economia-y-con-mas-seguridad-tono-astiazaran\/"]}]},{"@type":"ImageObject","inLanguage":"es","@id":"https:\/\/www.sonoraenequipo.com.mx\/juntos-logramos-que-hermosillo-sea-mas-dinamico-en-economia-y-con-mas-seguridad-tono-astiazaran\/#primaryimage","url":"https:\/\/www.sonoraenequipo.com.mx\/storage\/2023\/09\/tono-2.jpg","contentUrl":"https:\/\/www.sonoraenequipo.com.mx\/storage\/2023\/09\/tono-2.jpg","width":900,"height":778},{"@type":"BreadcrumbList","@id":"https:\/\/www.sonoraenequipo.com.mx\/juntos-logramos-que-hermosillo-sea-mas-dinamico-en-economia-y-con-mas-seguridad-tono-astiazaran\/#breadcrumb","itemListElement":[{"@type":"ListItem","position":1,"name":"Portada","item":"https:\/\/www.sonoraenequipo.com.mx\/"},{"@type":"ListItem","position":2,"name":"Juntos logramos que Hermosillo sea m\u00e1s din\u00e1mico en econom\u00eda y con m\u00e1s seguridad: To\u00f1o Astiazar\u00e1n"}]},{"@type":"WebSite","@id":"https:\/\/www.sonoraenequipo.com.mx\/#website","url":"https:\/\/www.sonoraenequipo.com.mx\/","name":"Sonora en Equipo.","description":"Diario en l\u00ednea con Noticias desde Hermosillo, Sonora","publisher":{"@id":"https:\/\/www.sonoraenequipo.com.mx\/#organization"},"potentialAction":[{"@type":"SearchAction","target":{"@type":"EntryPoint","urlTemplate":"https:\/\/www.sonoraenequipo.com.mx\/?s={search_term_string}"},"query-input":{"@type":"PropertyValueSpecification","valueRequired":true,"valueName":"search_term_string"}}],"inLanguage":"es"},{"@type":"Organization","@id":"https:\/\/www.sonoraenequipo.com.mx\/#organization","name":"Sonoraenequipo.com.mx","url":"https:\/\/www.sonoraenequipo.com.mx\/","logo":{"@type":"ImageObject","inLanguage":"es","@id":"https:\/\/www.sonoraenequipo.com.mx\/#\/schema\/logo\/image\/","url":"https:\/\/www.sonoraenequipo.com.mx\/storage\/2019\/01\/sonoraenequipo_opt.png","contentUrl":"https:\/\/www.sonoraenequipo.com.mx\/storage\/2019\/01\/sonoraenequipo_opt.png","width":375,"height":125,"caption":"Sonoraenequipo.com.mx"},"image":{"@id":"https:\/\/www.sonoraenequipo.com.mx\/#\/schema\/logo\/image\/"},"sameAs":["https:\/\/www.facebook.com\/SonoraEE\/","https:\/\/x.com\/sonoraenequipo","https:\/\/www.youtube.com\/channel\/UC338nW-lPEYmJQs4ZABQ1SQ"]},{"@type":"Person","@id":"https:\/\/www.sonoraenequipo.com.mx\/#\/schema\/person\/50102df0fb23a8fa9e8effad8fa81386","name":"enequipo","image":{"@type":"ImageObject","inLanguage":"es","@id":"https:\/\/www.sonoraenequipo.com.mx\/#\/schema\/person\/image\/","url":"https:\/\/secure.gravatar.com\/avatar\/049821681b589dabc0bc20695993ccebb09f5b5d4d790cd9251b97faac7c652b?s=96&d=blank&r=g","contentUrl":"https:\/\/secure.gravatar.com\/avatar\/049821681b589dabc0bc20695993ccebb09f5b5d4d790cd9251b97faac7c652b?s=96&d=blank&r=g","caption":"enequipo"},"sameAs":["https:\/\/www.facebook.com\/SonoraEE"]}]}},"jetpack_featured_media_url":"https:\/\/www.sonoraenequipo.com.mx\/storage\/2023\/09\/tono-2.jpg","_links":{"self":[{"href":"https:\/\/www.sonoraenequipo.com.mx\/api\/wp\/v2\/posts\/175092","targetHints":{"allow":["GET"]}}],"collection":[{"href":"https:\/\/www.sonoraenequipo.com.mx\/api\/wp\/v2\/posts"}],"about":[{"href":"https:\/\/www.sonoraenequipo.com.mx\/api\/wp\/v2\/types\/post"}],"author":[{"embeddable":true,"href":"https:\/\/www.sonoraenequipo.com.mx\/api\/wp\/v2\/users\/1"}],"replies":[{"embeddable":true,"href":"https:\/\/www.sonoraenequipo.com.mx\/api\/wp\/v2\/comments?post=175092"}],"version-history":[{"count":1,"href":"https:\/\/www.sonoraenequipo.com.mx\/api\/wp\/v2\/posts\/175092\/revisions"}],"predecessor-version":[{"id":175094,"href":"https:\/\/www.sonoraenequipo.com.mx\/api\/wp\/v2\/posts\/175092\/revisions\/175094"}],"wp:featuredmedia":[{"embeddable":true,"href":"https:\/\/www.sonoraenequipo.com.mx\/api\/wp\/v2\/media\/175093"}],"wp:attachment":[{"href":"https:\/\/www.sonoraenequipo.com.mx\/api\/wp\/v2\/media?parent=175092"}],"wp:term":[{"taxonomy":"category","embeddable":true,"href":"https:\/\/www.sonoraenequipo.com.mx\/api\/wp\/v2\/categories?post=175092"},{"taxonomy":"post_tag","embeddable":true,"href":"https:\/\/www.sonoraenequipo.com.mx\/api\/wp\/v2\/tags?post=175092"}],"curies":[{"name":"wp","href":"https:\/\/api.w.org\/{rel}","templated":true}]}}