{"id":175112,"date":"2023-09-19T12:02:08","date_gmt":"2023-09-19T19:02:08","guid":{"rendered":"https:\/\/www.sonoraenequipo.com.mx\/?p=175112"},"modified":"2023-09-19T15:44:24","modified_gmt":"2023-09-19T22:44:24","slug":"hermosillo-realizan-primer-bypass-cerebral-en-el-noroeste-del-pais-en-paciente-pediatrico","status":"publish","type":"post","link":"https:\/\/www.sonoraenequipo.com.mx\/hermosillo-realizan-primer-bypass-cerebral-en-el-noroeste-del-pais-en-paciente-pediatrico\/","title":{"rendered":"HERMOSILLO. Realizan primer bypass cerebral en el noroeste del pa\u00eds en paciente pedi\u00e1trico"},"content":{"rendered":"<p>&nbsp;<\/p>\n<p>&nbsp;<\/p>\n<p><strong>HERMOSILLO, SONORA,MX.\u2014 <\/strong>En el Hospital San Jos\u00e9 Hermosillo se realiz\u00f3 el primer bypass cerebral del Noroeste del pa\u00eds, en Iliana, una paciente de 10 a\u00f1os de edad, dicha cirug\u00eda estuvo a cargo del Dr. Zuren Matutes, neurocirujano.<\/p>\n<p>&nbsp;<\/p>\n<p>&nbsp;<\/p>\n<p>La paciente pedi\u00e1trica sufri\u00f3 una crisis convulsiva, lo que hizo que sus padres se preocuparan y decidieran llevarla al hospital con un especialista, se descubri\u00f3 que el episodio hab\u00eda sido consecuencia de una lesi\u00f3n en el lado temporal izquierdo del cerebro. Tras realizar estudios el m\u00e9dico se percat\u00f3 que se trataba de un aneurisma, que consiste en una dilataci\u00f3n en la arteria, pudiendo provocar sangrado y originar una hemorragia cerebral, con consecuencias fatales en caso de no ser tratado.<\/p>\n<p>&nbsp;<\/p>\n<p>&nbsp;<\/p>\n<p>\u201cEl aneurisma es una dilataci\u00f3n que se forma en la arteria y origina un aumento del sangrado o compresi\u00f3n sobre la estructura cercana; en el caso de la ni\u00f1a el aneurisma era fusiforme, venia en un saquito, y toda la arteria estaba enferma, por lo que era dif\u00edcil de tratar con m\u00e9todos usuales como una grapa o clips, es por eso que optamos hacer un bypass cerebral, que consiste es unir dos arterias a trav\u00e9s del punto de sutura, con medidas de punto seis y ocho mil\u00edmetros, es todo un trabajo manual de sumo cuidado\u201d coment\u00f3 el Dr. Matutes, neurocirujano de Hospital San Jos\u00e9.<\/p>\n<p>&nbsp;<\/p>\n<p>&nbsp;<\/p>\n<p>El equipo humano a cargo de esta operaci\u00f3n fue un neurocirujano, un anestesi\u00f3logo y tres m\u00e9dicos auxiliares, con una duraci\u00f3n de 7 horas en quir\u00f3fano, realizando suturas 100 veces m\u00e1s delgadas que el cabello humano, lo que logr\u00f3 regular la circulaci\u00f3n de la paciente pedi\u00e1trica y evitarle problemas futuros.<\/p>\n<p>&nbsp;<\/p>\n<p>&nbsp;<\/p>\n<p>Hoy en d\u00eda la ni\u00f1a de 10 a\u00f1os se encuentra en recuperaci\u00f3n en casa con su familia, sin problemas de lenguaje, ni motricidad, lo que le permitir\u00e1 mantener una vida normal con pron\u00f3sticos positivos.<\/p>\n<p><strong>Fecha de publicaci\u00f3n lunes 18 de septiembre de 2023<\/strong><\/p>\n","protected":false},"excerpt":{"rendered":"<p>&nbsp; &nbsp; HERMOSILLO, SONORA,MX.\u2014 En el Hospital San Jos\u00e9 Hermosillo se realiz\u00f3 el primer bypass&#8230;<\/p>\n","protected":false},"author":1,"featured_media":175113,"comment_status":"open","ping_status":"open","sticky":false,"template":"","format":"standard","meta":{"_monsterinsights_skip_tracking":false,"_monsterinsights_sitenote_active":false,"_monsterinsights_sitenote_note":"","_monsterinsights_sitenote_category":0,"footnotes":""},"categories":[2216],"tags":[8953,8954],"class_list":["post"],"yoast_head":" \n<title>Sonora en Equipo. HERMOSILLO. Realizan primer bypass cerebral en el noroeste del pa\u00eds en paciente pedi\u00e1trico Ciencia y Tecnolog\u00eda<\/title>\n<meta name=\"description\" content=\"&nbsp; &nbsp; HERMOSILLO, SONORA,MX.\u2014 En el Hospital San Jos\u00e9 Hermosillo se realiz\u00f3 el primer bypass cerebral del Noroeste del pa\u00eds, en Iliana, una En Sonora en Equipo publicamos toda la informaci\u00f3n de Sonora, M\u00e9xico y el Mundo de manera oportuna y busca que la libertad de expresi\u00f3n sea real. Visita nuestro medio informativo publicado desde Hermosillo, Sonora. %\" \/>\n<meta name=\"robots\" content=\"index, follow, max-snippet:-1, max-image-preview:large, max-video-preview:-1\" \/>\n<link rel=\"canonical\" href=\"https:\/\/www.sonoraenequipo.com.mx\/hermosillo-realizan-primer-bypass-cerebral-en-el-noroeste-del-pais-en-paciente-pediatrico\/\" \/>\n<meta property=\"og:locale\" content=\"es_ES\" \/>\n<meta property=\"og:type\" content=\"article\" \/>\n<meta property=\"og:title\" content=\"Sonora en Equipo. HERMOSILLO. Realizan primer bypass cerebral en el noroeste del pa\u00eds en paciente pedi\u00e1trico Ciencia y Tecnolog\u00eda\" \/>\n<meta property=\"og:description\" content=\"&nbsp; &nbsp; HERMOSILLO, SONORA,MX.\u2014 En el Hospital San Jos\u00e9 Hermosillo se realiz\u00f3 el primer bypass cerebral del Noroeste del pa\u00eds, en Iliana, una En Sonora en Equipo publicamos toda la informaci\u00f3n de Sonora, M\u00e9xico y el Mundo de manera oportuna y busca que la libertad de expresi\u00f3n sea real. Visita nuestro medio informativo publicado desde Hermosillo, Sonora. %\" \/>\n<meta property=\"og:url\" content=\"https:\/\/www.sonoraenequipo.com.mx\/hermosillo-realizan-primer-bypass-cerebral-en-el-noroeste-del-pais-en-paciente-pediatrico\/\" \/>\n<meta property=\"og:site_name\" content=\"Sonora en Equipo.\" \/>\n<meta property=\"article:publisher\" content=\"https:\/\/www.facebook.com\/SonoraEE\/\" \/>\n<meta property=\"article:author\" content=\"https:\/\/www.facebook.com\/SonoraEE\" \/>\n<meta property=\"article:published_time\" content=\"2023-09-19T19:02:08+00:00\" \/>\n<meta property=\"article:modified_time\" content=\"2023-09-19T22:44:24+00:00\" \/>\n<meta property=\"og:image\" content=\"https:\/\/www.sonoraenequipo.com.mx\/storage\/2023\/09\/iliana.jpg\" \/>\n\t<meta property=\"og:image:width\" content=\"900\" \/>\n\t<meta property=\"og:image:height\" content=\"600\" \/>\n\t<meta property=\"og:image:type\" content=\"image\/jpeg\" \/>\n<meta name=\"author\" content=\"enequipo\" \/>\n<meta name=\"twitter:card\" content=\"summary_large_image\" \/>\n<meta name=\"twitter:creator\" content=\"@sonoraenequipo\" \/>\n<meta name=\"twitter:site\" content=\"@sonoraenequipo\" \/>\n<meta name=\"twitter:label1\" content=\"Escrito por\" \/>\n\t<meta name=\"twitter:data1\" content=\"enequipo\" \/>\n\t<meta name=\"twitter:label2\" content=\"Tiempo de lectura\" \/>\n\t<meta name=\"twitter:data2\" content=\"2 minutos\" \/>\n<script type=\"application\/ld+json\" class=\"yoast-schema-graph\">{\"@context\":\"https:\/\/schema.org\",\"@graph\":[{\"@type\":\"Article\",\"@id\":\"https:\/\/www.sonoraenequipo.com.mx\/hermosillo-realizan-primer-bypass-cerebral-en-el-noroeste-del-pais-en-paciente-pediatrico\/#article\",\"isPartOf\":{\"@id\":\"https:\/\/www.sonoraenequipo.com.mx\/hermosillo-realizan-primer-bypass-cerebral-en-el-noroeste-del-pais-en-paciente-pediatrico\/\"},\"author\":{\"name\":\"enequipo\",\"@id\":\"https:\/\/www.sonoraenequipo.com.mx\/#\/schema\/person\/50102df0fb23a8fa9e8effad8fa81386\"},\"headline\":\"HERMOSILLO. Realizan primer bypass cerebral en el noroeste del pa\u00eds en paciente pedi\u00e1trico\",\"datePublished\":\"2023-09-19T19:02:08+00:00\",\"dateModified\":\"2023-09-19T22:44:24+00:00\",\"mainEntityOfPage\":{\"@id\":\"https:\/\/www.sonoraenequipo.com.mx\/hermosillo-realizan-primer-bypass-cerebral-en-el-noroeste-del-pais-en-paciente-pediatrico\/\"},\"wordCount\":361,\"commentCount\":0,\"publisher\":{\"@id\":\"https:\/\/www.sonoraenequipo.com.mx\/#organization\"},\"image\":{\"@id\":\"https:\/\/www.sonoraenequipo.com.mx\/hermosillo-realizan-primer-bypass-cerebral-en-el-noroeste-del-pais-en-paciente-pediatrico\/#primaryimage\"},\"thumbnailUrl\":\"https:\/\/www.sonoraenequipo.com.mx\/storage\/2023\/09\/iliana.jpg\",\"keywords\":[\"bypass\",\"cerebral\"],\"articleSection\":[\"Ciencia y Tecnolog\u00eda\"],\"inLanguage\":\"es\",\"potentialAction\":[{\"@type\":\"CommentAction\",\"name\":\"Comment\",\"target\":[\"https:\/\/www.sonoraenequipo.com.mx\/hermosillo-realizan-primer-bypass-cerebral-en-el-noroeste-del-pais-en-paciente-pediatrico\/#respond\"]}]},{\"@type\":\"WebPage\",\"@id\":\"https:\/\/www.sonoraenequipo.com.mx\/hermosillo-realizan-primer-bypass-cerebral-en-el-noroeste-del-pais-en-paciente-pediatrico\/\",\"url\":\"https:\/\/www.sonoraenequipo.com.mx\/hermosillo-realizan-primer-bypass-cerebral-en-el-noroeste-del-pais-en-paciente-pediatrico\/\",\"name\":\"Sonora en Equipo. HERMOSILLO. Realizan primer bypass cerebral en el noroeste del pa\u00eds en paciente pedi\u00e1trico Ciencia y Tecnolog\u00eda\",\"isPartOf\":{\"@id\":\"https:\/\/www.sonoraenequipo.com.mx\/#website\"},\"primaryImageOfPage\":{\"@id\":\"https:\/\/www.sonoraenequipo.com.mx\/hermosillo-realizan-primer-bypass-cerebral-en-el-noroeste-del-pais-en-paciente-pediatrico\/#primaryimage\"},\"image\":{\"@id\":\"https:\/\/www.sonoraenequipo.com.mx\/hermosillo-realizan-primer-bypass-cerebral-en-el-noroeste-del-pais-en-paciente-pediatrico\/#primaryimage\"},\"thumbnailUrl\":\"https:\/\/www.sonoraenequipo.com.mx\/storage\/2023\/09\/iliana.jpg\",\"datePublished\":\"2023-09-19T19:02:08+00:00\",\"dateModified\":\"2023-09-19T22:44:24+00:00\",\"description\":\"&nbsp; &nbsp; HERMOSILLO, SONORA,MX.\u2014 En el Hospital San Jos\u00e9 Hermosillo se realiz\u00f3 el primer bypass cerebral del Noroeste del pa\u00eds, en Iliana, una En Sonora en Equipo publicamos toda la informaci\u00f3n de Sonora, M\u00e9xico y el Mundo de manera oportuna y busca que la libertad de expresi\u00f3n sea real. Visita nuestro medio informativo publicado desde Hermosillo, Sonora. %\",\"breadcrumb\":{\"@id\":\"https:\/\/www.sonoraenequipo.com.mx\/hermosillo-realizan-primer-bypass-cerebral-en-el-noroeste-del-pais-en-paciente-pediatrico\/#breadcrumb\"},\"inLanguage\":\"es\",\"potentialAction\":[{\"@type\":\"ReadAction\",\"target\":[\"https:\/\/www.sonoraenequipo.com.mx\/hermosillo-realizan-primer-bypass-cerebral-en-el-noroeste-del-pais-en-paciente-pediatrico\/\"]}]},{\"@type\":\"ImageObject\",\"inLanguage\":\"es\",\"@id\":\"https:\/\/www.sonoraenequipo.com.mx\/hermosillo-realizan-primer-bypass-cerebral-en-el-noroeste-del-pais-en-paciente-pediatrico\/#primaryimage\",\"url\":\"https:\/\/www.sonoraenequipo.com.mx\/storage\/2023\/09\/iliana.jpg\",\"contentUrl\":\"https:\/\/www.sonoraenequipo.com.mx\/storage\/2023\/09\/iliana.jpg\",\"width\":900,\"height\":600},{\"@type\":\"BreadcrumbList\",\"@id\":\"https:\/\/www.sonoraenequipo.com.mx\/hermosillo-realizan-primer-bypass-cerebral-en-el-noroeste-del-pais-en-paciente-pediatrico\/#breadcrumb\",\"itemListElement\":[{\"@type\":\"ListItem\",\"position\":1,\"name\":\"Portada\",\"item\":\"https:\/\/www.sonoraenequipo.com.mx\/\"},{\"@type\":\"ListItem\",\"position\":2,\"name\":\"HERMOSILLO. Realizan primer bypass cerebral en el noroeste del pa\u00eds en paciente pedi\u00e1trico\"}]},{\"@type\":\"WebSite\",\"@id\":\"https:\/\/www.sonoraenequipo.com.mx\/#website\",\"url\":\"https:\/\/www.sonoraenequipo.com.mx\/\",\"name\":\"Sonora en Equipo.\",\"description\":\"Diario en l\u00ednea con Noticias desde Hermosillo, Sonora\",\"publisher\":{\"@id\":\"https:\/\/www.sonoraenequipo.com.mx\/#organization\"},\"potentialAction\":[{\"@type\":\"SearchAction\",\"target\":{\"@type\":\"EntryPoint\",\"urlTemplate\":\"https:\/\/www.sonoraenequipo.com.mx\/?s={search_term_string}\"},\"query-input\":{\"@type\":\"PropertyValueSpecification\",\"valueRequired\":true,\"valueName\":\"search_term_string\"}}],\"inLanguage\":\"es\"},{\"@type\":\"Organization\",\"@id\":\"https:\/\/www.sonoraenequipo.com.mx\/#organization\",\"name\":\"Sonoraenequipo.com.mx\",\"url\":\"https:\/\/www.sonoraenequipo.com.mx\/\",\"logo\":{\"@type\":\"ImageObject\",\"inLanguage\":\"es\",\"@id\":\"https:\/\/www.sonoraenequipo.com.mx\/#\/schema\/logo\/image\/\",\"url\":\"https:\/\/www.sonoraenequipo.com.mx\/storage\/2019\/01\/sonoraenequipo_opt.png\",\"contentUrl\":\"https:\/\/www.sonoraenequipo.com.mx\/storage\/2019\/01\/sonoraenequipo_opt.png\",\"width\":375,\"height\":125,\"caption\":\"Sonoraenequipo.com.mx\"},\"image\":{\"@id\":\"https:\/\/www.sonoraenequipo.com.mx\/#\/schema\/logo\/image\/\"},\"sameAs\":[\"https:\/\/www.facebook.com\/SonoraEE\/\",\"https:\/\/x.com\/sonoraenequipo\",\"https:\/\/www.youtube.com\/channel\/UC338nW-lPEYmJQs4ZABQ1SQ\"]},{\"@type\":\"Person\",\"@id\":\"https:\/\/www.sonoraenequipo.com.mx\/#\/schema\/person\/50102df0fb23a8fa9e8effad8fa81386\",\"name\":\"enequipo\",\"image\":{\"@type\":\"ImageObject\",\"inLanguage\":\"es\",\"@id\":\"https:\/\/www.sonoraenequipo.com.mx\/#\/schema\/person\/image\/\",\"url\":\"https:\/\/secure.gravatar.com\/avatar\/049821681b589dabc0bc20695993ccebb09f5b5d4d790cd9251b97faac7c652b?s=96&d=blank&r=g\",\"contentUrl\":\"https:\/\/secure.gravatar.com\/avatar\/049821681b589dabc0bc20695993ccebb09f5b5d4d790cd9251b97faac7c652b?s=96&d=blank&r=g\",\"caption\":\"enequipo\"},\"sameAs\":[\"https:\/\/www.facebook.com\/SonoraEE\"]}]}<\/script>\n ","yoast_head_json":{"title":"Sonora en Equipo. HERMOSILLO. Realizan primer bypass cerebral en el noroeste del pa\u00eds en paciente pedi\u00e1trico Ciencia y Tecnolog\u00eda","description":"&nbsp; &nbsp; HERMOSILLO, SONORA,MX.\u2014 En el Hospital San Jos\u00e9 Hermosillo se realiz\u00f3 el primer bypass cerebral del Noroeste del pa\u00eds, en Iliana, una En Sonora en Equipo publicamos toda la informaci\u00f3n de Sonora, M\u00e9xico y el Mundo de manera oportuna y busca que la libertad de expresi\u00f3n sea real. Visita nuestro medio informativo publicado desde Hermosillo, Sonora. %","robots":{"index":"index","follow":"follow","max-snippet":"max-snippet:-1","max-image-preview":"max-image-preview:large","max-video-preview":"max-video-preview:-1"},"canonical":"https:\/\/www.sonoraenequipo.com.mx\/hermosillo-realizan-primer-bypass-cerebral-en-el-noroeste-del-pais-en-paciente-pediatrico\/","og_locale":"es_ES","og_type":"article","og_title":"Sonora en Equipo. HERMOSILLO. Realizan primer bypass cerebral en el noroeste del pa\u00eds en paciente pedi\u00e1trico Ciencia y Tecnolog\u00eda","og_description":"&nbsp; &nbsp; HERMOSILLO, SONORA,MX.\u2014 En el Hospital San Jos\u00e9 Hermosillo se realiz\u00f3 el primer bypass cerebral del Noroeste del pa\u00eds, en Iliana, una En Sonora en Equipo publicamos toda la informaci\u00f3n de Sonora, M\u00e9xico y el Mundo de manera oportuna y busca que la libertad de expresi\u00f3n sea real. Visita nuestro medio informativo publicado desde Hermosillo, Sonora. %","og_url":"https:\/\/www.sonoraenequipo.com.mx\/hermosillo-realizan-primer-bypass-cerebral-en-el-noroeste-del-pais-en-paciente-pediatrico\/","og_site_name":"Sonora en Equipo.","article_publisher":"https:\/\/www.facebook.com\/SonoraEE\/","article_author":"https:\/\/www.facebook.com\/SonoraEE","article_published_time":"2023-09-19T19:02:08+00:00","article_modified_time":"2023-09-19T22:44:24+00:00","og_image":[{"width":900,"height":600,"url":"https:\/\/www.sonoraenequipo.com.mx\/storage\/2023\/09\/iliana.jpg","type":"image\/jpeg"}],"author":"enequipo","twitter_card":"summary_large_image","twitter_creator":"@sonoraenequipo","twitter_site":"@sonoraenequipo","twitter_misc":{"Escrito por":"enequipo","Tiempo de lectura":"2 minutos"},"schema":{"@context":"https:\/\/schema.org","@graph":[{"@type":"Article","@id":"https:\/\/www.sonoraenequipo.com.mx\/hermosillo-realizan-primer-bypass-cerebral-en-el-noroeste-del-pais-en-paciente-pediatrico\/#article","isPartOf":{"@id":"https:\/\/www.sonoraenequipo.com.mx\/hermosillo-realizan-primer-bypass-cerebral-en-el-noroeste-del-pais-en-paciente-pediatrico\/"},"author":{"name":"enequipo","@id":"https:\/\/www.sonoraenequipo.com.mx\/#\/schema\/person\/50102df0fb23a8fa9e8effad8fa81386"},"headline":"HERMOSILLO. Realizan primer bypass cerebral en el noroeste del pa\u00eds en paciente pedi\u00e1trico","datePublished":"2023-09-19T19:02:08+00:00","dateModified":"2023-09-19T22:44:24+00:00","mainEntityOfPage":{"@id":"https:\/\/www.sonoraenequipo.com.mx\/hermosillo-realizan-primer-bypass-cerebral-en-el-noroeste-del-pais-en-paciente-pediatrico\/"},"wordCount":361,"commentCount":0,"publisher":{"@id":"https:\/\/www.sonoraenequipo.com.mx\/#organization"},"image":{"@id":"https:\/\/www.sonoraenequipo.com.mx\/hermosillo-realizan-primer-bypass-cerebral-en-el-noroeste-del-pais-en-paciente-pediatrico\/#primaryimage"},"thumbnailUrl":"https:\/\/www.sonoraenequipo.com.mx\/storage\/2023\/09\/iliana.jpg","keywords":["bypass","cerebral"],"articleSection":["Ciencia y Tecnolog\u00eda"],"inLanguage":"es","potentialAction":[{"@type":"CommentAction","name":"Comment","target":["https:\/\/www.sonoraenequipo.com.mx\/hermosillo-realizan-primer-bypass-cerebral-en-el-noroeste-del-pais-en-paciente-pediatrico\/#respond"]}]},{"@type":"WebPage","@id":"https:\/\/www.sonoraenequipo.com.mx\/hermosillo-realizan-primer-bypass-cerebral-en-el-noroeste-del-pais-en-paciente-pediatrico\/","url":"https:\/\/www.sonoraenequipo.com.mx\/hermosillo-realizan-primer-bypass-cerebral-en-el-noroeste-del-pais-en-paciente-pediatrico\/","name":"Sonora en Equipo. HERMOSILLO. Realizan primer bypass cerebral en el noroeste del pa\u00eds en paciente pedi\u00e1trico Ciencia y Tecnolog\u00eda","isPartOf":{"@id":"https:\/\/www.sonoraenequipo.com.mx\/#website"},"primaryImageOfPage":{"@id":"https:\/\/www.sonoraenequipo.com.mx\/hermosillo-realizan-primer-bypass-cerebral-en-el-noroeste-del-pais-en-paciente-pediatrico\/#primaryimage"},"image":{"@id":"https:\/\/www.sonoraenequipo.com.mx\/hermosillo-realizan-primer-bypass-cerebral-en-el-noroeste-del-pais-en-paciente-pediatrico\/#primaryimage"},"thumbnailUrl":"https:\/\/www.sonoraenequipo.com.mx\/storage\/2023\/09\/iliana.jpg","datePublished":"2023-09-19T19:02:08+00:00","dateModified":"2023-09-19T22:44:24+00:00","description":"&nbsp; &nbsp; HERMOSILLO, SONORA,MX.\u2014 En el Hospital San Jos\u00e9 Hermosillo se realiz\u00f3 el primer bypass cerebral del Noroeste del pa\u00eds, en Iliana, una En Sonora en Equipo publicamos toda la informaci\u00f3n de Sonora, M\u00e9xico y el Mundo de manera oportuna y busca que la libertad de expresi\u00f3n sea real. Visita nuestro medio informativo publicado desde Hermosillo, Sonora. %","breadcrumb":{"@id":"https:\/\/www.sonoraenequipo.com.mx\/hermosillo-realizan-primer-bypass-cerebral-en-el-noroeste-del-pais-en-paciente-pediatrico\/#breadcrumb"},"inLanguage":"es","potentialAction":[{"@type":"ReadAction","target":["https:\/\/www.sonoraenequipo.com.mx\/hermosillo-realizan-primer-bypass-cerebral-en-el-noroeste-del-pais-en-paciente-pediatrico\/"]}]},{"@type":"ImageObject","inLanguage":"es","@id":"https:\/\/www.sonoraenequipo.com.mx\/hermosillo-realizan-primer-bypass-cerebral-en-el-noroeste-del-pais-en-paciente-pediatrico\/#primaryimage","url":"https:\/\/www.sonoraenequipo.com.mx\/storage\/2023\/09\/iliana.jpg","contentUrl":"https:\/\/www.sonoraenequipo.com.mx\/storage\/2023\/09\/iliana.jpg","width":900,"height":600},{"@type":"BreadcrumbList","@id":"https:\/\/www.sonoraenequipo.com.mx\/hermosillo-realizan-primer-bypass-cerebral-en-el-noroeste-del-pais-en-paciente-pediatrico\/#breadcrumb","itemListElement":[{"@type":"ListItem","position":1,"name":"Portada","item":"https:\/\/www.sonoraenequipo.com.mx\/"},{"@type":"ListItem","position":2,"name":"HERMOSILLO. Realizan primer bypass cerebral en el noroeste del pa\u00eds en paciente pedi\u00e1trico"}]},{"@type":"WebSite","@id":"https:\/\/www.sonoraenequipo.com.mx\/#website","url":"https:\/\/www.sonoraenequipo.com.mx\/","name":"Sonora en Equipo.","description":"Diario en l\u00ednea con Noticias desde Hermosillo, Sonora","publisher":{"@id":"https:\/\/www.sonoraenequipo.com.mx\/#organization"},"potentialAction":[{"@type":"SearchAction","target":{"@type":"EntryPoint","urlTemplate":"https:\/\/www.sonoraenequipo.com.mx\/?s={search_term_string}"},"query-input":{"@type":"PropertyValueSpecification","valueRequired":true,"valueName":"search_term_string"}}],"inLanguage":"es"},{"@type":"Organization","@id":"https:\/\/www.sonoraenequipo.com.mx\/#organization","name":"Sonoraenequipo.com.mx","url":"https:\/\/www.sonoraenequipo.com.mx\/","logo":{"@type":"ImageObject","inLanguage":"es","@id":"https:\/\/www.sonoraenequipo.com.mx\/#\/schema\/logo\/image\/","url":"https:\/\/www.sonoraenequipo.com.mx\/storage\/2019\/01\/sonoraenequipo_opt.png","contentUrl":"https:\/\/www.sonoraenequipo.com.mx\/storage\/2019\/01\/sonoraenequipo_opt.png","width":375,"height":125,"caption":"Sonoraenequipo.com.mx"},"image":{"@id":"https:\/\/www.sonoraenequipo.com.mx\/#\/schema\/logo\/image\/"},"sameAs":["https:\/\/www.facebook.com\/SonoraEE\/","https:\/\/x.com\/sonoraenequipo","https:\/\/www.youtube.com\/channel\/UC338nW-lPEYmJQs4ZABQ1SQ"]},{"@type":"Person","@id":"https:\/\/www.sonoraenequipo.com.mx\/#\/schema\/person\/50102df0fb23a8fa9e8effad8fa81386","name":"enequipo","image":{"@type":"ImageObject","inLanguage":"es","@id":"https:\/\/www.sonoraenequipo.com.mx\/#\/schema\/person\/image\/","url":"https:\/\/secure.gravatar.com\/avatar\/049821681b589dabc0bc20695993ccebb09f5b5d4d790cd9251b97faac7c652b?s=96&d=blank&r=g","contentUrl":"https:\/\/secure.gravatar.com\/avatar\/049821681b589dabc0bc20695993ccebb09f5b5d4d790cd9251b97faac7c652b?s=96&d=blank&r=g","caption":"enequipo"},"sameAs":["https:\/\/www.facebook.com\/SonoraEE"]}]}},"jetpack_featured_media_url":"https:\/\/www.sonoraenequipo.com.mx\/storage\/2023\/09\/iliana.jpg","_links":{"self":[{"href":"https:\/\/www.sonoraenequipo.com.mx\/api\/wp\/v2\/posts\/175112","targetHints":{"allow":["GET"]}}],"collection":[{"href":"https:\/\/www.sonoraenequipo.com.mx\/api\/wp\/v2\/posts"}],"about":[{"href":"https:\/\/www.sonoraenequipo.com.mx\/api\/wp\/v2\/types\/post"}],"author":[{"embeddable":true,"href":"https:\/\/www.sonoraenequipo.com.mx\/api\/wp\/v2\/users\/1"}],"replies":[{"embeddable":true,"href":"https:\/\/www.sonoraenequipo.com.mx\/api\/wp\/v2\/comments?post=175112"}],"version-history":[{"count":2,"href":"https:\/\/www.sonoraenequipo.com.mx\/api\/wp\/v2\/posts\/175112\/revisions"}],"predecessor-version":[{"id":175138,"href":"https:\/\/www.sonoraenequipo.com.mx\/api\/wp\/v2\/posts\/175112\/revisions\/175138"}],"wp:featuredmedia":[{"embeddable":true,"href":"https:\/\/www.sonoraenequipo.com.mx\/api\/wp\/v2\/media\/175113"}],"wp:attachment":[{"href":"https:\/\/www.sonoraenequipo.com.mx\/api\/wp\/v2\/media?parent=175112"}],"wp:term":[{"taxonomy":"category","embeddable":true,"href":"https:\/\/www.sonoraenequipo.com.mx\/api\/wp\/v2\/categories?post=175112"},{"taxonomy":"post_tag","embeddable":true,"href":"https:\/\/www.sonoraenequipo.com.mx\/api\/wp\/v2\/tags?post=175112"}],"curies":[{"name":"wp","href":"https:\/\/api.w.org\/{rel}","templated":true}]}}