{"id":175115,"date":"2023-09-19T16:42:56","date_gmt":"2023-09-19T23:42:56","guid":{"rendered":"https:\/\/www.sonoraenequipo.com.mx\/?p=175115"},"modified":"2023-09-19T15:46:02","modified_gmt":"2023-09-19T22:46:02","slug":"tono-astiazaran-encabeza-simulacro-por-sismo-en-palacio-municipal","status":"publish","type":"post","link":"https:\/\/www.sonoraenequipo.com.mx\/tono-astiazaran-encabeza-simulacro-por-sismo-en-palacio-municipal\/","title":{"rendered":"To\u00f1o Astiazar\u00e1n encabeza simulacro por sismo en Palacio Municipal"},"content":{"rendered":"<p><strong>HERMOSILLO, SONORA,MX.\u2014 <\/strong>\u201cEs muy importante generar conciencia y la mejor manera es practicando este tipo de protocolos que nacen del sismo que tuvimos en la Ciudad de M\u00e9xico\u201d, coment\u00f3 el Presidente Municipal, Antonio Astiazar\u00e1n Guti\u00e9rrez, luego de desalojar de manera ordenada y organizada el Palacio Municipal junto a empleados municipales, funcionarios y visitantes.<\/p>\n<p>&nbsp;<\/p>\n<p>Astiazar\u00e1n Guti\u00e9rrez agradeci\u00f3 tanto a Protecci\u00f3n Civil del Estado como del Ayuntamiento y a todos los cuerpos de rescate, de Bomberos y de la Polic\u00eda de Hermosillo, por ser parte del esfuerzo en la evacuaci\u00f3n del Palacio Municipal y de otros edificios de gobierno, como parte del Simulacro Nacional 2023, en el aniversario de los terremotos registrados en 1985 y 2017.<\/p>\n<p>&nbsp;<\/p>\n<p>\u201cAunque Hermosillo quiz\u00e1s no sea una zona s\u00edsmica tan relevante en t\u00e9rminos comparativos con otras regiones del pa\u00eds, tambi\u00e9n es cierto que la protecci\u00f3n civil va mucho m\u00e1s all\u00e1 de las zonas s\u00edsmicas, por eso vale la pena el esfuerzo que se est\u00e1 haciendo\u201d, expres\u00f3.<\/p>\n<p>&nbsp;<\/p>\n<p>Inform\u00f3 que un total de 262 personas fueron evacuadas del inmueble en dos minutos 59 segundos, con m\u00e1s rapidez en comparaci\u00f3n con el a\u00f1o pasado, que se registr\u00f3 un promedio de casi 4 minutos.<\/p>\n<p>&nbsp;<\/p>\n<p>Es una se\u00f1al, dijo, de que est\u00e1n bien organizados y siempre atentos para poder atender un llamado de emergencia que pudiera presentarse.<\/p>\n<p>&nbsp;<\/p>\n<p>El director de la Coordinaci\u00f3n Municipal de Protecci\u00f3n Civil (CMPC), Sergio Orlando Flores, dijo que el simulacro se refiri\u00f3 a una hip\u00f3tesis de un sismo de 6.8 grados con epicentro en el municipio de Bavispe.<\/p>\n<p>Dijo que con estas acciones lo que se logra es reforzar el tema de la prevenci\u00f3n con el personal del Ayuntamiento, que es vital, debido a que un simulacro de evacuaci\u00f3n no s\u00f3lo ayuda en el caso de un sismo sino para cualquier tipo de contingencia dentro de un inmueble.<\/p>\n<p><strong>Fecha de publicaci\u00f3n lunes 18 de septiembre de 2023<\/strong><\/p>\n<p>&nbsp;<\/p>\n","protected":false},"excerpt":{"rendered":"<p>HERMOSILLO, SONORA,MX.\u2014 \u201cEs muy importante generar conciencia y la mejor manera es practicando este tipo&#8230;<\/p>\n","protected":false},"author":1,"featured_media":175124,"comment_status":"open","ping_status":"open","sticky":false,"template":"","format":"standard","meta":{"_monsterinsights_skip_tracking":false,"_monsterinsights_sitenote_active":false,"_monsterinsights_sitenote_note":"","_monsterinsights_sitenote_category":0,"footnotes":""},"categories":[4],"tags":[6590,572,6026],"class_list":["post"],"yoast_head":" \n<title>Sonora en Equipo. To\u00f1o Astiazar\u00e1n encabeza simulacro por sismo en Palacio Municipal<\/title>\n<meta name=\"description\" content=\"HERMOSILLO, SONORA,MX.\u2014 \u201cEs muy importante generar conciencia y la mejor manera es practicando este tipo de protocolos que nacen del sismo que tuvimos en En Sonora en Equipo publicamos toda la informaci\u00f3n de Sonora, M\u00e9xico y el Mundo de manera oportuna y busca que la libertad de expresi\u00f3n sea real. Visita nuestro medio informativo publicado desde Hermosillo, Sonora. %\" \/>\n<meta name=\"robots\" content=\"index, follow, max-snippet:-1, max-image-preview:large, max-video-preview:-1\" \/>\n<link rel=\"canonical\" href=\"https:\/\/www.sonoraenequipo.com.mx\/tono-astiazaran-encabeza-simulacro-por-sismo-en-palacio-municipal\/\" \/>\n<meta property=\"og:locale\" content=\"es_ES\" \/>\n<meta property=\"og:type\" content=\"article\" \/>\n<meta property=\"og:title\" content=\"Sonora en Equipo. To\u00f1o Astiazar\u00e1n encabeza simulacro por sismo en Palacio Municipal\" \/>\n<meta property=\"og:description\" content=\"HERMOSILLO, SONORA,MX.\u2014 \u201cEs muy importante generar conciencia y la mejor manera es practicando este tipo de protocolos que nacen del sismo que tuvimos en En Sonora en Equipo publicamos toda la informaci\u00f3n de Sonora, M\u00e9xico y el Mundo de manera oportuna y busca que la libertad de expresi\u00f3n sea real. Visita nuestro medio informativo publicado desde Hermosillo, Sonora. %\" \/>\n<meta property=\"og:url\" content=\"https:\/\/www.sonoraenequipo.com.mx\/tono-astiazaran-encabeza-simulacro-por-sismo-en-palacio-municipal\/\" \/>\n<meta property=\"og:site_name\" content=\"Sonora en Equipo.\" \/>\n<meta property=\"article:publisher\" content=\"https:\/\/www.facebook.com\/SonoraEE\/\" \/>\n<meta property=\"article:author\" content=\"https:\/\/www.facebook.com\/SonoraEE\" \/>\n<meta property=\"article:published_time\" content=\"2023-09-19T23:42:56+00:00\" \/>\n<meta property=\"og:image\" content=\"https:\/\/www.sonoraenequipo.com.mx\/storage\/2023\/09\/tono-sismo.jpg\" \/>\n\t<meta property=\"og:image:width\" content=\"900\" \/>\n\t<meta property=\"og:image:height\" content=\"708\" \/>\n\t<meta property=\"og:image:type\" content=\"image\/jpeg\" \/>\n<meta name=\"author\" content=\"enequipo\" \/>\n<meta name=\"twitter:card\" content=\"summary_large_image\" \/>\n<meta name=\"twitter:creator\" content=\"@sonoraenequipo\" \/>\n<meta name=\"twitter:site\" content=\"@sonoraenequipo\" \/>\n<meta name=\"twitter:label1\" content=\"Escrito por\" \/>\n\t<meta name=\"twitter:data1\" content=\"enequipo\" \/>\n\t<meta name=\"twitter:label2\" content=\"Tiempo de lectura\" \/>\n\t<meta name=\"twitter:data2\" content=\"2 minutos\" \/>\n<script type=\"application\/ld+json\" class=\"yoast-schema-graph\">{\"@context\":\"https:\/\/schema.org\",\"@graph\":[{\"@type\":\"Article\",\"@id\":\"https:\/\/www.sonoraenequipo.com.mx\/tono-astiazaran-encabeza-simulacro-por-sismo-en-palacio-municipal\/#article\",\"isPartOf\":{\"@id\":\"https:\/\/www.sonoraenequipo.com.mx\/tono-astiazaran-encabeza-simulacro-por-sismo-en-palacio-municipal\/\"},\"author\":{\"name\":\"enequipo\",\"@id\":\"https:\/\/www.sonoraenequipo.com.mx\/#\/schema\/person\/50102df0fb23a8fa9e8effad8fa81386\"},\"headline\":\"To\u00f1o Astiazar\u00e1n encabeza simulacro por sismo en Palacio Municipal\",\"datePublished\":\"2023-09-19T23:42:56+00:00\",\"mainEntityOfPage\":{\"@id\":\"https:\/\/www.sonoraenequipo.com.mx\/tono-astiazaran-encabeza-simulacro-por-sismo-en-palacio-municipal\/\"},\"wordCount\":346,\"commentCount\":0,\"publisher\":{\"@id\":\"https:\/\/www.sonoraenequipo.com.mx\/#organization\"},\"image\":{\"@id\":\"https:\/\/www.sonoraenequipo.com.mx\/tono-astiazaran-encabeza-simulacro-por-sismo-en-palacio-municipal\/#primaryimage\"},\"thumbnailUrl\":\"https:\/\/www.sonoraenequipo.com.mx\/storage\/2023\/09\/tono-sismo.jpg\",\"keywords\":[\"simulacro\",\"SISMO\",\"to\u00f1o astiazaran\"],\"articleSection\":[\"Municipios\"],\"inLanguage\":\"es\",\"potentialAction\":[{\"@type\":\"CommentAction\",\"name\":\"Comment\",\"target\":[\"https:\/\/www.sonoraenequipo.com.mx\/tono-astiazaran-encabeza-simulacro-por-sismo-en-palacio-municipal\/#respond\"]}]},{\"@type\":\"WebPage\",\"@id\":\"https:\/\/www.sonoraenequipo.com.mx\/tono-astiazaran-encabeza-simulacro-por-sismo-en-palacio-municipal\/\",\"url\":\"https:\/\/www.sonoraenequipo.com.mx\/tono-astiazaran-encabeza-simulacro-por-sismo-en-palacio-municipal\/\",\"name\":\"Sonora en Equipo. To\u00f1o Astiazar\u00e1n encabeza simulacro por sismo en Palacio Municipal\",\"isPartOf\":{\"@id\":\"https:\/\/www.sonoraenequipo.com.mx\/#website\"},\"primaryImageOfPage\":{\"@id\":\"https:\/\/www.sonoraenequipo.com.mx\/tono-astiazaran-encabeza-simulacro-por-sismo-en-palacio-municipal\/#primaryimage\"},\"image\":{\"@id\":\"https:\/\/www.sonoraenequipo.com.mx\/tono-astiazaran-encabeza-simulacro-por-sismo-en-palacio-municipal\/#primaryimage\"},\"thumbnailUrl\":\"https:\/\/www.sonoraenequipo.com.mx\/storage\/2023\/09\/tono-sismo.jpg\",\"datePublished\":\"2023-09-19T23:42:56+00:00\",\"description\":\"HERMOSILLO, SONORA,MX.\u2014 \u201cEs muy importante generar conciencia y la mejor manera es practicando este tipo de protocolos que nacen del sismo que tuvimos en En Sonora en Equipo publicamos toda la informaci\u00f3n de Sonora, M\u00e9xico y el Mundo de manera oportuna y busca que la libertad de expresi\u00f3n sea real. Visita nuestro medio informativo publicado desde Hermosillo, Sonora. %\",\"breadcrumb\":{\"@id\":\"https:\/\/www.sonoraenequipo.com.mx\/tono-astiazaran-encabeza-simulacro-por-sismo-en-palacio-municipal\/#breadcrumb\"},\"inLanguage\":\"es\",\"potentialAction\":[{\"@type\":\"ReadAction\",\"target\":[\"https:\/\/www.sonoraenequipo.com.mx\/tono-astiazaran-encabeza-simulacro-por-sismo-en-palacio-municipal\/\"]}]},{\"@type\":\"ImageObject\",\"inLanguage\":\"es\",\"@id\":\"https:\/\/www.sonoraenequipo.com.mx\/tono-astiazaran-encabeza-simulacro-por-sismo-en-palacio-municipal\/#primaryimage\",\"url\":\"https:\/\/www.sonoraenequipo.com.mx\/storage\/2023\/09\/tono-sismo.jpg\",\"contentUrl\":\"https:\/\/www.sonoraenequipo.com.mx\/storage\/2023\/09\/tono-sismo.jpg\",\"width\":900,\"height\":708},{\"@type\":\"BreadcrumbList\",\"@id\":\"https:\/\/www.sonoraenequipo.com.mx\/tono-astiazaran-encabeza-simulacro-por-sismo-en-palacio-municipal\/#breadcrumb\",\"itemListElement\":[{\"@type\":\"ListItem\",\"position\":1,\"name\":\"Portada\",\"item\":\"https:\/\/www.sonoraenequipo.com.mx\/\"},{\"@type\":\"ListItem\",\"position\":2,\"name\":\"To\u00f1o Astiazar\u00e1n encabeza simulacro por sismo en Palacio Municipal\"}]},{\"@type\":\"WebSite\",\"@id\":\"https:\/\/www.sonoraenequipo.com.mx\/#website\",\"url\":\"https:\/\/www.sonoraenequipo.com.mx\/\",\"name\":\"Sonora en Equipo.\",\"description\":\"Diario en l\u00ednea con Noticias desde Hermosillo, Sonora\",\"publisher\":{\"@id\":\"https:\/\/www.sonoraenequipo.com.mx\/#organization\"},\"potentialAction\":[{\"@type\":\"SearchAction\",\"target\":{\"@type\":\"EntryPoint\",\"urlTemplate\":\"https:\/\/www.sonoraenequipo.com.mx\/?s={search_term_string}\"},\"query-input\":{\"@type\":\"PropertyValueSpecification\",\"valueRequired\":true,\"valueName\":\"search_term_string\"}}],\"inLanguage\":\"es\"},{\"@type\":\"Organization\",\"@id\":\"https:\/\/www.sonoraenequipo.com.mx\/#organization\",\"name\":\"Sonoraenequipo.com.mx\",\"url\":\"https:\/\/www.sonoraenequipo.com.mx\/\",\"logo\":{\"@type\":\"ImageObject\",\"inLanguage\":\"es\",\"@id\":\"https:\/\/www.sonoraenequipo.com.mx\/#\/schema\/logo\/image\/\",\"url\":\"https:\/\/www.sonoraenequipo.com.mx\/storage\/2019\/01\/sonoraenequipo_opt.png\",\"contentUrl\":\"https:\/\/www.sonoraenequipo.com.mx\/storage\/2019\/01\/sonoraenequipo_opt.png\",\"width\":375,\"height\":125,\"caption\":\"Sonoraenequipo.com.mx\"},\"image\":{\"@id\":\"https:\/\/www.sonoraenequipo.com.mx\/#\/schema\/logo\/image\/\"},\"sameAs\":[\"https:\/\/www.facebook.com\/SonoraEE\/\",\"https:\/\/x.com\/sonoraenequipo\",\"https:\/\/www.youtube.com\/channel\/UC338nW-lPEYmJQs4ZABQ1SQ\"]},{\"@type\":\"Person\",\"@id\":\"https:\/\/www.sonoraenequipo.com.mx\/#\/schema\/person\/50102df0fb23a8fa9e8effad8fa81386\",\"name\":\"enequipo\",\"image\":{\"@type\":\"ImageObject\",\"inLanguage\":\"es\",\"@id\":\"https:\/\/www.sonoraenequipo.com.mx\/#\/schema\/person\/image\/\",\"url\":\"https:\/\/secure.gravatar.com\/avatar\/049821681b589dabc0bc20695993ccebb09f5b5d4d790cd9251b97faac7c652b?s=96&d=blank&r=g\",\"contentUrl\":\"https:\/\/secure.gravatar.com\/avatar\/049821681b589dabc0bc20695993ccebb09f5b5d4d790cd9251b97faac7c652b?s=96&d=blank&r=g\",\"caption\":\"enequipo\"},\"sameAs\":[\"https:\/\/www.facebook.com\/SonoraEE\"]}]}<\/script>\n ","yoast_head_json":{"title":"Sonora en Equipo. To\u00f1o Astiazar\u00e1n encabeza simulacro por sismo en Palacio Municipal","description":"HERMOSILLO, SONORA,MX.\u2014 \u201cEs muy importante generar conciencia y la mejor manera es practicando este tipo de protocolos que nacen del sismo que tuvimos en En Sonora en Equipo publicamos toda la informaci\u00f3n de Sonora, M\u00e9xico y el Mundo de manera oportuna y busca que la libertad de expresi\u00f3n sea real. Visita nuestro medio informativo publicado desde Hermosillo, Sonora. %","robots":{"index":"index","follow":"follow","max-snippet":"max-snippet:-1","max-image-preview":"max-image-preview:large","max-video-preview":"max-video-preview:-1"},"canonical":"https:\/\/www.sonoraenequipo.com.mx\/tono-astiazaran-encabeza-simulacro-por-sismo-en-palacio-municipal\/","og_locale":"es_ES","og_type":"article","og_title":"Sonora en Equipo. To\u00f1o Astiazar\u00e1n encabeza simulacro por sismo en Palacio Municipal","og_description":"HERMOSILLO, SONORA,MX.\u2014 \u201cEs muy importante generar conciencia y la mejor manera es practicando este tipo de protocolos que nacen del sismo que tuvimos en En Sonora en Equipo publicamos toda la informaci\u00f3n de Sonora, M\u00e9xico y el Mundo de manera oportuna y busca que la libertad de expresi\u00f3n sea real. Visita nuestro medio informativo publicado desde Hermosillo, Sonora. %","og_url":"https:\/\/www.sonoraenequipo.com.mx\/tono-astiazaran-encabeza-simulacro-por-sismo-en-palacio-municipal\/","og_site_name":"Sonora en Equipo.","article_publisher":"https:\/\/www.facebook.com\/SonoraEE\/","article_author":"https:\/\/www.facebook.com\/SonoraEE","article_published_time":"2023-09-19T23:42:56+00:00","og_image":[{"width":900,"height":708,"url":"https:\/\/www.sonoraenequipo.com.mx\/storage\/2023\/09\/tono-sismo.jpg","type":"image\/jpeg"}],"author":"enequipo","twitter_card":"summary_large_image","twitter_creator":"@sonoraenequipo","twitter_site":"@sonoraenequipo","twitter_misc":{"Escrito por":"enequipo","Tiempo de lectura":"2 minutos"},"schema":{"@context":"https:\/\/schema.org","@graph":[{"@type":"Article","@id":"https:\/\/www.sonoraenequipo.com.mx\/tono-astiazaran-encabeza-simulacro-por-sismo-en-palacio-municipal\/#article","isPartOf":{"@id":"https:\/\/www.sonoraenequipo.com.mx\/tono-astiazaran-encabeza-simulacro-por-sismo-en-palacio-municipal\/"},"author":{"name":"enequipo","@id":"https:\/\/www.sonoraenequipo.com.mx\/#\/schema\/person\/50102df0fb23a8fa9e8effad8fa81386"},"headline":"To\u00f1o Astiazar\u00e1n encabeza simulacro por sismo en Palacio Municipal","datePublished":"2023-09-19T23:42:56+00:00","mainEntityOfPage":{"@id":"https:\/\/www.sonoraenequipo.com.mx\/tono-astiazaran-encabeza-simulacro-por-sismo-en-palacio-municipal\/"},"wordCount":346,"commentCount":0,"publisher":{"@id":"https:\/\/www.sonoraenequipo.com.mx\/#organization"},"image":{"@id":"https:\/\/www.sonoraenequipo.com.mx\/tono-astiazaran-encabeza-simulacro-por-sismo-en-palacio-municipal\/#primaryimage"},"thumbnailUrl":"https:\/\/www.sonoraenequipo.com.mx\/storage\/2023\/09\/tono-sismo.jpg","keywords":["simulacro","SISMO","to\u00f1o astiazaran"],"articleSection":["Municipios"],"inLanguage":"es","potentialAction":[{"@type":"CommentAction","name":"Comment","target":["https:\/\/www.sonoraenequipo.com.mx\/tono-astiazaran-encabeza-simulacro-por-sismo-en-palacio-municipal\/#respond"]}]},{"@type":"WebPage","@id":"https:\/\/www.sonoraenequipo.com.mx\/tono-astiazaran-encabeza-simulacro-por-sismo-en-palacio-municipal\/","url":"https:\/\/www.sonoraenequipo.com.mx\/tono-astiazaran-encabeza-simulacro-por-sismo-en-palacio-municipal\/","name":"Sonora en Equipo. To\u00f1o Astiazar\u00e1n encabeza simulacro por sismo en Palacio Municipal","isPartOf":{"@id":"https:\/\/www.sonoraenequipo.com.mx\/#website"},"primaryImageOfPage":{"@id":"https:\/\/www.sonoraenequipo.com.mx\/tono-astiazaran-encabeza-simulacro-por-sismo-en-palacio-municipal\/#primaryimage"},"image":{"@id":"https:\/\/www.sonoraenequipo.com.mx\/tono-astiazaran-encabeza-simulacro-por-sismo-en-palacio-municipal\/#primaryimage"},"thumbnailUrl":"https:\/\/www.sonoraenequipo.com.mx\/storage\/2023\/09\/tono-sismo.jpg","datePublished":"2023-09-19T23:42:56+00:00","description":"HERMOSILLO, SONORA,MX.\u2014 \u201cEs muy importante generar conciencia y la mejor manera es practicando este tipo de protocolos que nacen del sismo que tuvimos en En Sonora en Equipo publicamos toda la informaci\u00f3n de Sonora, M\u00e9xico y el Mundo de manera oportuna y busca que la libertad de expresi\u00f3n sea real. Visita nuestro medio informativo publicado desde Hermosillo, Sonora. %","breadcrumb":{"@id":"https:\/\/www.sonoraenequipo.com.mx\/tono-astiazaran-encabeza-simulacro-por-sismo-en-palacio-municipal\/#breadcrumb"},"inLanguage":"es","potentialAction":[{"@type":"ReadAction","target":["https:\/\/www.sonoraenequipo.com.mx\/tono-astiazaran-encabeza-simulacro-por-sismo-en-palacio-municipal\/"]}]},{"@type":"ImageObject","inLanguage":"es","@id":"https:\/\/www.sonoraenequipo.com.mx\/tono-astiazaran-encabeza-simulacro-por-sismo-en-palacio-municipal\/#primaryimage","url":"https:\/\/www.sonoraenequipo.com.mx\/storage\/2023\/09\/tono-sismo.jpg","contentUrl":"https:\/\/www.sonoraenequipo.com.mx\/storage\/2023\/09\/tono-sismo.jpg","width":900,"height":708},{"@type":"BreadcrumbList","@id":"https:\/\/www.sonoraenequipo.com.mx\/tono-astiazaran-encabeza-simulacro-por-sismo-en-palacio-municipal\/#breadcrumb","itemListElement":[{"@type":"ListItem","position":1,"name":"Portada","item":"https:\/\/www.sonoraenequipo.com.mx\/"},{"@type":"ListItem","position":2,"name":"To\u00f1o Astiazar\u00e1n encabeza simulacro por sismo en Palacio Municipal"}]},{"@type":"WebSite","@id":"https:\/\/www.sonoraenequipo.com.mx\/#website","url":"https:\/\/www.sonoraenequipo.com.mx\/","name":"Sonora en Equipo.","description":"Diario en l\u00ednea con Noticias desde Hermosillo, Sonora","publisher":{"@id":"https:\/\/www.sonoraenequipo.com.mx\/#organization"},"potentialAction":[{"@type":"SearchAction","target":{"@type":"EntryPoint","urlTemplate":"https:\/\/www.sonoraenequipo.com.mx\/?s={search_term_string}"},"query-input":{"@type":"PropertyValueSpecification","valueRequired":true,"valueName":"search_term_string"}}],"inLanguage":"es"},{"@type":"Organization","@id":"https:\/\/www.sonoraenequipo.com.mx\/#organization","name":"Sonoraenequipo.com.mx","url":"https:\/\/www.sonoraenequipo.com.mx\/","logo":{"@type":"ImageObject","inLanguage":"es","@id":"https:\/\/www.sonoraenequipo.com.mx\/#\/schema\/logo\/image\/","url":"https:\/\/www.sonoraenequipo.com.mx\/storage\/2019\/01\/sonoraenequipo_opt.png","contentUrl":"https:\/\/www.sonoraenequipo.com.mx\/storage\/2019\/01\/sonoraenequipo_opt.png","width":375,"height":125,"caption":"Sonoraenequipo.com.mx"},"image":{"@id":"https:\/\/www.sonoraenequipo.com.mx\/#\/schema\/logo\/image\/"},"sameAs":["https:\/\/www.facebook.com\/SonoraEE\/","https:\/\/x.com\/sonoraenequipo","https:\/\/www.youtube.com\/channel\/UC338nW-lPEYmJQs4ZABQ1SQ"]},{"@type":"Person","@id":"https:\/\/www.sonoraenequipo.com.mx\/#\/schema\/person\/50102df0fb23a8fa9e8effad8fa81386","name":"enequipo","image":{"@type":"ImageObject","inLanguage":"es","@id":"https:\/\/www.sonoraenequipo.com.mx\/#\/schema\/person\/image\/","url":"https:\/\/secure.gravatar.com\/avatar\/049821681b589dabc0bc20695993ccebb09f5b5d4d790cd9251b97faac7c652b?s=96&d=blank&r=g","contentUrl":"https:\/\/secure.gravatar.com\/avatar\/049821681b589dabc0bc20695993ccebb09f5b5d4d790cd9251b97faac7c652b?s=96&d=blank&r=g","caption":"enequipo"},"sameAs":["https:\/\/www.facebook.com\/SonoraEE"]}]}},"jetpack_featured_media_url":"https:\/\/www.sonoraenequipo.com.mx\/storage\/2023\/09\/tono-sismo.jpg","_links":{"self":[{"href":"https:\/\/www.sonoraenequipo.com.mx\/api\/wp\/v2\/posts\/175115","targetHints":{"allow":["GET"]}}],"collection":[{"href":"https:\/\/www.sonoraenequipo.com.mx\/api\/wp\/v2\/posts"}],"about":[{"href":"https:\/\/www.sonoraenequipo.com.mx\/api\/wp\/v2\/types\/post"}],"author":[{"embeddable":true,"href":"https:\/\/www.sonoraenequipo.com.mx\/api\/wp\/v2\/users\/1"}],"replies":[{"embeddable":true,"href":"https:\/\/www.sonoraenequipo.com.mx\/api\/wp\/v2\/comments?post=175115"}],"version-history":[{"count":2,"href":"https:\/\/www.sonoraenequipo.com.mx\/api\/wp\/v2\/posts\/175115\/revisions"}],"predecessor-version":[{"id":175139,"href":"https:\/\/www.sonoraenequipo.com.mx\/api\/wp\/v2\/posts\/175115\/revisions\/175139"}],"wp:featuredmedia":[{"embeddable":true,"href":"https:\/\/www.sonoraenequipo.com.mx\/api\/wp\/v2\/media\/175124"}],"wp:attachment":[{"href":"https:\/\/www.sonoraenequipo.com.mx\/api\/wp\/v2\/media?parent=175115"}],"wp:term":[{"taxonomy":"category","embeddable":true,"href":"https:\/\/www.sonoraenequipo.com.mx\/api\/wp\/v2\/categories?post=175115"},{"taxonomy":"post_tag","embeddable":true,"href":"https:\/\/www.sonoraenequipo.com.mx\/api\/wp\/v2\/tags?post=175115"}],"curies":[{"name":"wp","href":"https:\/\/api.w.org\/{rel}","templated":true}]}}