{"id":175129,"date":"2023-09-19T14:19:14","date_gmt":"2023-09-19T21:19:14","guid":{"rendered":"https:\/\/www.sonoraenequipo.com.mx\/?p=175129"},"modified":"2023-09-19T15:47:28","modified_gmt":"2023-09-19T22:47:28","slug":"lideres-en-la-asamblea-general-de-la-onu-coinciden-en-que-el-mundo-se-encuentra-en-un-punto-de-inflexion-naciones-unidas-miami-eeuu-el-secretario-general-de-las-naciones","status":"publish","type":"post","link":"https:\/\/www.sonoraenequipo.com.mx\/lideres-en-la-asamblea-general-de-la-onu-coinciden-en-que-el-mundo-se-encuentra-en-un-punto-de-inflexion-naciones-unidas-miami-eeuu-el-secretario-general-de-las-naciones\/","title":{"rendered":"L\u00ecderes mundiales coinciden que el mundo se encuentra en un punto de inflexi\u00f2n"},"content":{"rendered":"<p>L\u00edderes en la Asamblea General de la ONU coinciden en que el mundo se encuentra en un \u201cpunto de inflexi\u00f3n\u201d<\/p>\n<p>NACIONES UNIDAS\/MIAMI, EEUU \u2014 \u00a0El secretario general de las Naciones Unidas, Antonio Guterres, se mostr\u00f3 tajante al se\u00f1alar que \u201cla desigualdad define nuestra \u00e9poca\u201d, un mensaje en l\u00ednea con los expresados por otros l\u00edderes, como Joe Biden o Luiz In\u00e1cio Lula da Silva, que apuntaron a la falta de liderazgo o el cambio clim\u00e1tico como amenazas que se ciernen el orden mundial.<\/p>\n<p>&nbsp;<\/p>\n<p>\u201cLa democracia est\u00e1 bajo amenaza, el autoritarismo avanza, las desigualdades aumentan y el discurso de odio cobra auge\u201d, se\u00f1al\u00f3 Guterres en tanto lamentaba la falta de consenso entre los gobiernos.<\/p>\n<p>&nbsp;<\/p>\n<p>El hombre a cargo de la ONU describi\u00f3 el escenario actual como una oportunidad que tienen los l\u00edderes mundiales de hacer frente a \u201cla desigualdad, la injusticia y la incapacidad de enfrentar los desaf\u00edos\u201d.<\/p>\n<p>&nbsp;<\/p>\n<p>\u201cLas tensiones geopol\u00edticas van en aumento, empeoran los desaf\u00edos mundiales y parece que somos incapaces de reunirnos para responder. Enfrentamos una serie de amenazas existenciales, desde la crisis clim\u00e1tica hasta tecnolog\u00edas que cambian todo\u201d, agreg\u00f3.<\/p>\n<p>Biden ratific\u00f3 el compromiso estadounidense seguir liderando los consensos mundiales ante una etapa que supone, en su opini\u00f3n, \u201cun punto de inflexi\u00f3n en la historia\u201d.<\/p>\n<p>&nbsp;<\/p>\n<p>\u201cLos ojos del mundo nos miran, como presidente de Estados Unidos entiendo el deber que tiene mi pa\u00eds de liderar en este momento cr\u00edtico, de trabajar con pa\u00edses de todas las regiones, de vincularlos y unirnos en pro de una causa com\u00fan\u201d, asever\u00f3 el mandatario.<\/p>\n<p>&nbsp;<\/p>\n<p>Desde que lleg\u00f3 a la Casa Blanca en enero de 2021, Biden ha afrontado retos como el pico de la pandemia de COVID-19, lo que llev\u00f3 a una crisis mundial sin precedentes en las \u00faltimas d\u00e9cadas, la ya mencionada guerra en Ucrania que ha llevado a la carest\u00eda de los alimentos y el auge de China posicion\u00e1ndose en \u00c1frica y Am\u00e9rica Latina, algo que ha continuado tensando las relaciones con Washington.<\/p>\n<p>&nbsp;<\/p>\n<p>Cambio clim\u00e1tico y falta de oportunidades<\/p>\n<p>El presidente brasile\u00f1o, Lula da Silva, destac\u00f3 en su alocuci\u00f3n que la comunidad internacional se halla hoy por hoy \u201cenfrascada\u201d en una serie de crisis simult\u00e1neas: la pandemia del COVID-19, la inseguridad alimentaria y energ\u00e9tica que se han visto ampliadas por el aumento de las tensiones geopol\u00edticas.<\/p>\n<p>&nbsp;<\/p>\n<p>\u201cLa intolerancia, el racismo y la xenofobia se han propagado atizadas por las tecnolog\u00edas creadas supuestamente para acercarnos. Si tuvi\u00e9ramos que resumir estos desaf\u00edos con una palabra, esa palabra ser\u00eda desigualdad\u201d, dijo.<\/p>\n<p>&nbsp;<\/p>\n<p>Para Lula Da Silva, la desigualdad es la fuente de todos los fen\u00f3menos. La acci\u00f3n m\u00e1s ambiciosa de la ONU, la agenda 2030, \u00abpodr\u00eda convertirse en su mayor fracaso\u00bb.<\/p>\n<p>&nbsp;<\/p>\n<p>\u201cEstamos muy lejos todav\u00eda de los objetivos definidos en esa agenda. La importancia pol\u00edtica y moral de erradicar la pobreza y poner fin al hambre parece ahora entumecida\u201d, a\u00f1adi\u00f3.<\/p>\n<p>&nbsp;<\/p>\n<p>Latinoam\u00e9rica por mayores opciones<\/p>\n<p>En su intervenci\u00f3n ante la Asamblea General, el presidente Cubano Miguel D\u00edaz-Canel Berm\u00fadez enfoc\u00f3 su discurso en la apertura de un mayor abanico a nivel mundial para que las naciones con menos recursos econ\u00f3micos puedan participar de un mejor intercambio a nivel global.<\/p>\n<p>&nbsp;<\/p>\n<p>La deuda externa de las naciones en v\u00edas de desarrollo y las sanciones econ\u00f3micas que Estados Unidos ha impuesto a pa\u00edses como Nicaragua, Venezuela \u2013y la propia Cuba, principalmente- fue parte de su presencia en el estrado.<\/p>\n<p>&nbsp;<\/p>\n<p>Desde su filiaci\u00f3n a la izquierda Nicaragua y Venezuela son los m\u00e1s firmes aliados de La Habana, cuyo gobierno de corte socialista tiene al Partido Comunista como organismo rector.<\/p>\n<p>&nbsp;<\/p>\n<p><strong>Fecha de publicaci\u00f3n lunes 18 de septiembre de 2023\/ VOA<\/strong><\/p>\n<p>[Con la colaboraci\u00f3n de Yeny Garc\u00eda, desde Nueva York, y Karla Ar\u00e9valo, desde El Salvador]<\/p>\n<p>NACIONES UNIDAS\/MIAMI, EEUU \u2014 \u00a0El secretario general de las Naciones Unidas, Antonio Guterres, se mostr\u00f3 tajante al se\u00f1alar que \u201cla desigualdad define nuestra \u00e9poca\u201d, un mensaje en l\u00ednea con los expresados por otros l\u00edderes, como Joe Biden o Luiz In\u00e1cio Lula da Silva, que apuntaron a la falta de liderazgo o el cambio clim\u00e1tico como amenazas que se ciernen el orden mundial.<\/p>\n<p>&nbsp;<\/p>\n<p>\u201cLa democracia est\u00e1 bajo amenaza, el autoritarismo avanza, las desigualdades aumentan y el discurso de odio cobra auge\u201d, se\u00f1al\u00f3 Guterres en tanto lamentaba la falta de consenso entre los gobiernos.<\/p>\n<p>&nbsp;<\/p>\n<p>El hombre a cargo de la ONU describi\u00f3 el escenario actual como una oportunidad que tienen los l\u00edderes mundiales de hacer frente a \u201cla desigualdad, la injusticia y la incapacidad de enfrentar los desaf\u00edos\u201d.<\/p>\n<p>&nbsp;<\/p>\n<p>\u201cLas tensiones geopol\u00edticas van en aumento, empeoran los desaf\u00edos mundiales y parece que somos incapaces de reunirnos para responder. Enfrentamos una serie de amenazas existenciales, desde la crisis clim\u00e1tica hasta tecnolog\u00edas que cambian todo\u201d, agreg\u00f3.<\/p>\n<p>Biden ratific\u00f3 el compromiso estadounidense seguir liderando los consensos mundiales ante una etapa que supone, en su opini\u00f3n, \u201cun punto de inflexi\u00f3n en la historia\u201d.<\/p>\n<p>&nbsp;<\/p>\n<p>\u201cLos ojos del mundo nos miran, como presidente de Estados Unidos entiendo el deber que tiene mi pa\u00eds de liderar en este momento cr\u00edtico, de trabajar con pa\u00edses de todas las regiones, de vincularlos y unirnos en pro de una causa com\u00fan\u201d, asever\u00f3 el mandatario.<\/p>\n<p>&nbsp;<\/p>\n<p>Desde que lleg\u00f3 a la Casa Blanca en enero de 2021, Biden ha afrontado retos como el pico de la pandemia de COVID-19, lo que llev\u00f3 a una crisis mundial sin precedentes en las \u00faltimas d\u00e9cadas, la ya mencionada guerra en Ucrania que ha llevado a la carest\u00eda de los alimentos y el auge de China posicion\u00e1ndose en \u00c1frica y Am\u00e9rica Latina, algo que ha continuado tensando las relaciones con Washington.<\/p>\n<p>&nbsp;<\/p>\n<p>Cambio clim\u00e1tico y falta de oportunidades<\/p>\n<p>El presidente brasile\u00f1o, Lula da Silva, destac\u00f3 en su alocuci\u00f3n que la comunidad internacional se halla hoy por hoy \u201cenfrascada\u201d en una serie de crisis simult\u00e1neas: la pandemia del COVID-19, la inseguridad alimentaria y energ\u00e9tica que se han visto ampliadas por el aumento de las tensiones geopol\u00edticas.<\/p>\n<p>&nbsp;<\/p>\n<p>\u201cLa intolerancia, el racismo y la xenofobia se han propagado atizadas por las tecnolog\u00edas creadas supuestamente para acercarnos. Si tuvi\u00e9ramos que resumir estos desaf\u00edos con una palabra, esa palabra ser\u00eda desigualdad\u201d, dijo.<\/p>\n<p>&nbsp;<\/p>\n<p>Para Lula Da Silva, la desigualdad es la fuente de todos los fen\u00f3menos. La acci\u00f3n m\u00e1s ambiciosa de la ONU, la agenda 2030, \u00abpodr\u00eda convertirse en su mayor fracaso\u00bb.<\/p>\n<p>&nbsp;<\/p>\n<p>\u201cEstamos muy lejos todav\u00eda de los objetivos definidos en esa agenda. La importancia pol\u00edtica y moral de erradicar la pobreza y poner fin al hambre parece ahora entumecida\u201d, a\u00f1adi\u00f3.<\/p>\n<p>&nbsp;<\/p>\n<p>Latinoam\u00e9rica por mayores opciones<\/p>\n<p>En su intervenci\u00f3n ante la Asamblea General, el presidente Cubano Miguel D\u00edaz-Canel Berm\u00fadez enfoc\u00f3 su discurso en la apertura de un mayor abanico a nivel mundial para que las naciones con menos recursos econ\u00f3micos puedan participar de un mejor intercambio a nivel global.<\/p>\n<p>&nbsp;<\/p>\n<p>La deuda externa de las naciones en v\u00edas de desarrollo y las sanciones econ\u00f3micas que Estados Unidos ha impuesto a pa\u00edses como Nicaragua, Venezuela \u2013y la propia Cuba, principalmente- fue parte de su presencia en el estrado.<\/p>\n<p>&nbsp;<\/p>\n<p>Desde su filiaci\u00f3n a la izquierda Nicaragua y Venezuela son los m\u00e1s firmes aliados de La Habana, cuyo gobierno de corte socialista tiene al Partido Comunista como organismo rector.<\/p>\n<p>&nbsp;<\/p>\n<p><strong>Fecha de publicaci\u00f3n lunes 18 de septiembre de 2023\/ VOA<\/strong><\/p>\n<p>[Con la colaboraci\u00f3n de Yeny Garc\u00eda, desde Nueva York, y Karla Ar\u00e9valo, desde El Salvador]<\/p>\n","protected":false},"excerpt":{"rendered":"<p>L\u00edderes en la Asamblea General de la ONU coinciden en que el mundo se encuentra&#8230;<\/p>\n","protected":false},"author":1,"featured_media":175130,"comment_status":"open","ping_status":"open","sticky":false,"template":"","format":"standard","meta":{"_monsterinsights_skip_tracking":false,"_monsterinsights_sitenote_active":false,"_monsterinsights_sitenote_note":"","_monsterinsights_sitenote_category":0,"footnotes":""},"categories":[3],"tags":[],"class_list":["post"],"yoast_head":" \n<title>Sonora en Equipo. L\u00ecderes mundiales coinciden que el mundo se encuentra en un punto de inflexi\u00f2n MUNDO<\/title>\n<meta name=\"description\" content=\"L\u00edderes en la Asamblea General de la ONU coinciden en que el mundo se encuentra en un \u201cpunto de inflexi\u00f3n\u201d NACIONES UNIDAS\/MIAMI, EEUU \u2014 \u00a0El secretario En Sonora en Equipo publicamos toda la informaci\u00f3n de Sonora, M\u00e9xico y el Mundo de manera oportuna y busca que la libertad de expresi\u00f3n sea real. Visita nuestro medio informativo publicado desde Hermosillo, Sonora. %\" \/>\n<meta name=\"robots\" content=\"index, follow, max-snippet:-1, max-image-preview:large, max-video-preview:-1\" \/>\n<link rel=\"canonical\" href=\"https:\/\/www.sonoraenequipo.com.mx\/lideres-en-la-asamblea-general-de-la-onu-coinciden-en-que-el-mundo-se-encuentra-en-un-punto-de-inflexion-naciones-unidas-miami-eeuu-el-secretario-general-de-las-naciones\/\" \/>\n<meta property=\"og:locale\" content=\"es_ES\" \/>\n<meta property=\"og:type\" content=\"article\" \/>\n<meta property=\"og:title\" content=\"Sonora en Equipo. L\u00ecderes mundiales coinciden que el mundo se encuentra en un punto de inflexi\u00f2n MUNDO\" \/>\n<meta property=\"og:description\" content=\"L\u00edderes en la Asamblea General de la ONU coinciden en que el mundo se encuentra en un \u201cpunto de inflexi\u00f3n\u201d NACIONES UNIDAS\/MIAMI, EEUU \u2014 \u00a0El secretario En Sonora en Equipo publicamos toda la informaci\u00f3n de Sonora, M\u00e9xico y el Mundo de manera oportuna y busca que la libertad de expresi\u00f3n sea real. Visita nuestro medio informativo publicado desde Hermosillo, Sonora. %\" \/>\n<meta property=\"og:url\" content=\"https:\/\/www.sonoraenequipo.com.mx\/lideres-en-la-asamblea-general-de-la-onu-coinciden-en-que-el-mundo-se-encuentra-en-un-punto-de-inflexion-naciones-unidas-miami-eeuu-el-secretario-general-de-las-naciones\/\" \/>\n<meta property=\"og:site_name\" content=\"Sonora en Equipo.\" \/>\n<meta property=\"article:publisher\" content=\"https:\/\/www.facebook.com\/SonoraEE\/\" \/>\n<meta property=\"article:author\" content=\"https:\/\/www.facebook.com\/SonoraEE\" \/>\n<meta property=\"article:published_time\" content=\"2023-09-19T21:19:14+00:00\" \/>\n<meta property=\"article:modified_time\" content=\"2023-09-19T22:47:28+00:00\" \/>\n<meta property=\"og:image\" content=\"https:\/\/www.sonoraenequipo.com.mx\/storage\/2023\/09\/Antonio-Guterres.jpg\" \/>\n\t<meta property=\"og:image:width\" content=\"900\" \/>\n\t<meta property=\"og:image:height\" content=\"600\" \/>\n\t<meta property=\"og:image:type\" content=\"image\/jpeg\" \/>\n<meta name=\"author\" content=\"enequipo\" \/>\n<meta name=\"twitter:card\" content=\"summary_large_image\" \/>\n<meta name=\"twitter:creator\" content=\"@sonoraenequipo\" \/>\n<meta name=\"twitter:site\" content=\"@sonoraenequipo\" \/>\n<meta name=\"twitter:label1\" content=\"Escrito por\" \/>\n\t<meta name=\"twitter:data1\" content=\"enequipo\" \/>\n\t<meta name=\"twitter:label2\" content=\"Tiempo de lectura\" \/>\n\t<meta name=\"twitter:data2\" content=\"7 minutos\" \/>\n<script type=\"application\/ld+json\" class=\"yoast-schema-graph\">{\"@context\":\"https:\/\/schema.org\",\"@graph\":[{\"@type\":\"Article\",\"@id\":\"https:\/\/www.sonoraenequipo.com.mx\/lideres-en-la-asamblea-general-de-la-onu-coinciden-en-que-el-mundo-se-encuentra-en-un-punto-de-inflexion-naciones-unidas-miami-eeuu-el-secretario-general-de-las-naciones\/#article\",\"isPartOf\":{\"@id\":\"https:\/\/www.sonoraenequipo.com.mx\/lideres-en-la-asamblea-general-de-la-onu-coinciden-en-que-el-mundo-se-encuentra-en-un-punto-de-inflexion-naciones-unidas-miami-eeuu-el-secretario-general-de-las-naciones\/\"},\"author\":{\"name\":\"enequipo\",\"@id\":\"https:\/\/www.sonoraenequipo.com.mx\/#\/schema\/person\/50102df0fb23a8fa9e8effad8fa81386\"},\"headline\":\"L\u00ecderes mundiales coinciden que el mundo se encuentra en un punto de inflexi\u00f2n\",\"datePublished\":\"2023-09-19T21:19:14+00:00\",\"dateModified\":\"2023-09-19T22:47:28+00:00\",\"mainEntityOfPage\":{\"@id\":\"https:\/\/www.sonoraenequipo.com.mx\/lideres-en-la-asamblea-general-de-la-onu-coinciden-en-que-el-mundo-se-encuentra-en-un-punto-de-inflexion-naciones-unidas-miami-eeuu-el-secretario-general-de-las-naciones\/\"},\"wordCount\":1327,\"commentCount\":0,\"publisher\":{\"@id\":\"https:\/\/www.sonoraenequipo.com.mx\/#organization\"},\"image\":{\"@id\":\"https:\/\/www.sonoraenequipo.com.mx\/lideres-en-la-asamblea-general-de-la-onu-coinciden-en-que-el-mundo-se-encuentra-en-un-punto-de-inflexion-naciones-unidas-miami-eeuu-el-secretario-general-de-las-naciones\/#primaryimage\"},\"thumbnailUrl\":\"https:\/\/www.sonoraenequipo.com.mx\/storage\/2023\/09\/Antonio-Guterres.jpg\",\"articleSection\":[\"MUNDO\"],\"inLanguage\":\"es\",\"potentialAction\":[{\"@type\":\"CommentAction\",\"name\":\"Comment\",\"target\":[\"https:\/\/www.sonoraenequipo.com.mx\/lideres-en-la-asamblea-general-de-la-onu-coinciden-en-que-el-mundo-se-encuentra-en-un-punto-de-inflexion-naciones-unidas-miami-eeuu-el-secretario-general-de-las-naciones\/#respond\"]}]},{\"@type\":\"WebPage\",\"@id\":\"https:\/\/www.sonoraenequipo.com.mx\/lideres-en-la-asamblea-general-de-la-onu-coinciden-en-que-el-mundo-se-encuentra-en-un-punto-de-inflexion-naciones-unidas-miami-eeuu-el-secretario-general-de-las-naciones\/\",\"url\":\"https:\/\/www.sonoraenequipo.com.mx\/lideres-en-la-asamblea-general-de-la-onu-coinciden-en-que-el-mundo-se-encuentra-en-un-punto-de-inflexion-naciones-unidas-miami-eeuu-el-secretario-general-de-las-naciones\/\",\"name\":\"Sonora en Equipo. L\u00ecderes mundiales coinciden que el mundo se encuentra en un punto de inflexi\u00f2n MUNDO\",\"isPartOf\":{\"@id\":\"https:\/\/www.sonoraenequipo.com.mx\/#website\"},\"primaryImageOfPage\":{\"@id\":\"https:\/\/www.sonoraenequipo.com.mx\/lideres-en-la-asamblea-general-de-la-onu-coinciden-en-que-el-mundo-se-encuentra-en-un-punto-de-inflexion-naciones-unidas-miami-eeuu-el-secretario-general-de-las-naciones\/#primaryimage\"},\"image\":{\"@id\":\"https:\/\/www.sonoraenequipo.com.mx\/lideres-en-la-asamblea-general-de-la-onu-coinciden-en-que-el-mundo-se-encuentra-en-un-punto-de-inflexion-naciones-unidas-miami-eeuu-el-secretario-general-de-las-naciones\/#primaryimage\"},\"thumbnailUrl\":\"https:\/\/www.sonoraenequipo.com.mx\/storage\/2023\/09\/Antonio-Guterres.jpg\",\"datePublished\":\"2023-09-19T21:19:14+00:00\",\"dateModified\":\"2023-09-19T22:47:28+00:00\",\"description\":\"L\u00edderes en la Asamblea General de la ONU coinciden en que el mundo se encuentra en un \u201cpunto de inflexi\u00f3n\u201d NACIONES UNIDAS\/MIAMI, EEUU \u2014 \u00a0El secretario En Sonora en Equipo publicamos toda la informaci\u00f3n de Sonora, M\u00e9xico y el Mundo de manera oportuna y busca que la libertad de expresi\u00f3n sea real. Visita nuestro medio informativo publicado desde Hermosillo, Sonora. %\",\"breadcrumb\":{\"@id\":\"https:\/\/www.sonoraenequipo.com.mx\/lideres-en-la-asamblea-general-de-la-onu-coinciden-en-que-el-mundo-se-encuentra-en-un-punto-de-inflexion-naciones-unidas-miami-eeuu-el-secretario-general-de-las-naciones\/#breadcrumb\"},\"inLanguage\":\"es\",\"potentialAction\":[{\"@type\":\"ReadAction\",\"target\":[\"https:\/\/www.sonoraenequipo.com.mx\/lideres-en-la-asamblea-general-de-la-onu-coinciden-en-que-el-mundo-se-encuentra-en-un-punto-de-inflexion-naciones-unidas-miami-eeuu-el-secretario-general-de-las-naciones\/\"]}]},{\"@type\":\"ImageObject\",\"inLanguage\":\"es\",\"@id\":\"https:\/\/www.sonoraenequipo.com.mx\/lideres-en-la-asamblea-general-de-la-onu-coinciden-en-que-el-mundo-se-encuentra-en-un-punto-de-inflexion-naciones-unidas-miami-eeuu-el-secretario-general-de-las-naciones\/#primaryimage\",\"url\":\"https:\/\/www.sonoraenequipo.com.mx\/storage\/2023\/09\/Antonio-Guterres.jpg\",\"contentUrl\":\"https:\/\/www.sonoraenequipo.com.mx\/storage\/2023\/09\/Antonio-Guterres.jpg\",\"width\":900,\"height\":600,\"caption\":\"El secretario general de la ONU, Ant\u00f3nio Guterres, durante el discurso de apertura de la 78\u00aa Asamblea General en Nueva York, el 19 de septiembre de 2023.\"},{\"@type\":\"BreadcrumbList\",\"@id\":\"https:\/\/www.sonoraenequipo.com.mx\/lideres-en-la-asamblea-general-de-la-onu-coinciden-en-que-el-mundo-se-encuentra-en-un-punto-de-inflexion-naciones-unidas-miami-eeuu-el-secretario-general-de-las-naciones\/#breadcrumb\",\"itemListElement\":[{\"@type\":\"ListItem\",\"position\":1,\"name\":\"Portada\",\"item\":\"https:\/\/www.sonoraenequipo.com.mx\/\"},{\"@type\":\"ListItem\",\"position\":2,\"name\":\"L\u00ecderes mundiales coinciden que el mundo se encuentra en un punto de inflexi\u00f2n\"}]},{\"@type\":\"WebSite\",\"@id\":\"https:\/\/www.sonoraenequipo.com.mx\/#website\",\"url\":\"https:\/\/www.sonoraenequipo.com.mx\/\",\"name\":\"Sonora en Equipo.\",\"description\":\"Diario en l\u00ednea con Noticias desde Hermosillo, Sonora\",\"publisher\":{\"@id\":\"https:\/\/www.sonoraenequipo.com.mx\/#organization\"},\"potentialAction\":[{\"@type\":\"SearchAction\",\"target\":{\"@type\":\"EntryPoint\",\"urlTemplate\":\"https:\/\/www.sonoraenequipo.com.mx\/?s={search_term_string}\"},\"query-input\":{\"@type\":\"PropertyValueSpecification\",\"valueRequired\":true,\"valueName\":\"search_term_string\"}}],\"inLanguage\":\"es\"},{\"@type\":\"Organization\",\"@id\":\"https:\/\/www.sonoraenequipo.com.mx\/#organization\",\"name\":\"Sonoraenequipo.com.mx\",\"url\":\"https:\/\/www.sonoraenequipo.com.mx\/\",\"logo\":{\"@type\":\"ImageObject\",\"inLanguage\":\"es\",\"@id\":\"https:\/\/www.sonoraenequipo.com.mx\/#\/schema\/logo\/image\/\",\"url\":\"https:\/\/www.sonoraenequipo.com.mx\/storage\/2019\/01\/sonoraenequipo_opt.png\",\"contentUrl\":\"https:\/\/www.sonoraenequipo.com.mx\/storage\/2019\/01\/sonoraenequipo_opt.png\",\"width\":375,\"height\":125,\"caption\":\"Sonoraenequipo.com.mx\"},\"image\":{\"@id\":\"https:\/\/www.sonoraenequipo.com.mx\/#\/schema\/logo\/image\/\"},\"sameAs\":[\"https:\/\/www.facebook.com\/SonoraEE\/\",\"https:\/\/x.com\/sonoraenequipo\",\"https:\/\/www.youtube.com\/channel\/UC338nW-lPEYmJQs4ZABQ1SQ\"]},{\"@type\":\"Person\",\"@id\":\"https:\/\/www.sonoraenequipo.com.mx\/#\/schema\/person\/50102df0fb23a8fa9e8effad8fa81386\",\"name\":\"enequipo\",\"image\":{\"@type\":\"ImageObject\",\"inLanguage\":\"es\",\"@id\":\"https:\/\/www.sonoraenequipo.com.mx\/#\/schema\/person\/image\/\",\"url\":\"https:\/\/secure.gravatar.com\/avatar\/049821681b589dabc0bc20695993ccebb09f5b5d4d790cd9251b97faac7c652b?s=96&d=blank&r=g\",\"contentUrl\":\"https:\/\/secure.gravatar.com\/avatar\/049821681b589dabc0bc20695993ccebb09f5b5d4d790cd9251b97faac7c652b?s=96&d=blank&r=g\",\"caption\":\"enequipo\"},\"sameAs\":[\"https:\/\/www.facebook.com\/SonoraEE\"]}]}<\/script>\n ","yoast_head_json":{"title":"Sonora en Equipo. L\u00ecderes mundiales coinciden que el mundo se encuentra en un punto de inflexi\u00f2n MUNDO","description":"L\u00edderes en la Asamblea General de la ONU coinciden en que el mundo se encuentra en un \u201cpunto de inflexi\u00f3n\u201d NACIONES UNIDAS\/MIAMI, EEUU \u2014 \u00a0El secretario En Sonora en Equipo publicamos toda la informaci\u00f3n de Sonora, M\u00e9xico y el Mundo de manera oportuna y busca que la libertad de expresi\u00f3n sea real. Visita nuestro medio informativo publicado desde Hermosillo, Sonora. %","robots":{"index":"index","follow":"follow","max-snippet":"max-snippet:-1","max-image-preview":"max-image-preview:large","max-video-preview":"max-video-preview:-1"},"canonical":"https:\/\/www.sonoraenequipo.com.mx\/lideres-en-la-asamblea-general-de-la-onu-coinciden-en-que-el-mundo-se-encuentra-en-un-punto-de-inflexion-naciones-unidas-miami-eeuu-el-secretario-general-de-las-naciones\/","og_locale":"es_ES","og_type":"article","og_title":"Sonora en Equipo. L\u00ecderes mundiales coinciden que el mundo se encuentra en un punto de inflexi\u00f2n MUNDO","og_description":"L\u00edderes en la Asamblea General de la ONU coinciden en que el mundo se encuentra en un \u201cpunto de inflexi\u00f3n\u201d NACIONES UNIDAS\/MIAMI, EEUU \u2014 \u00a0El secretario En Sonora en Equipo publicamos toda la informaci\u00f3n de Sonora, M\u00e9xico y el Mundo de manera oportuna y busca que la libertad de expresi\u00f3n sea real. Visita nuestro medio informativo publicado desde Hermosillo, Sonora. %","og_url":"https:\/\/www.sonoraenequipo.com.mx\/lideres-en-la-asamblea-general-de-la-onu-coinciden-en-que-el-mundo-se-encuentra-en-un-punto-de-inflexion-naciones-unidas-miami-eeuu-el-secretario-general-de-las-naciones\/","og_site_name":"Sonora en Equipo.","article_publisher":"https:\/\/www.facebook.com\/SonoraEE\/","article_author":"https:\/\/www.facebook.com\/SonoraEE","article_published_time":"2023-09-19T21:19:14+00:00","article_modified_time":"2023-09-19T22:47:28+00:00","og_image":[{"width":900,"height":600,"url":"https:\/\/www.sonoraenequipo.com.mx\/storage\/2023\/09\/Antonio-Guterres.jpg","type":"image\/jpeg"}],"author":"enequipo","twitter_card":"summary_large_image","twitter_creator":"@sonoraenequipo","twitter_site":"@sonoraenequipo","twitter_misc":{"Escrito por":"enequipo","Tiempo de lectura":"7 minutos"},"schema":{"@context":"https:\/\/schema.org","@graph":[{"@type":"Article","@id":"https:\/\/www.sonoraenequipo.com.mx\/lideres-en-la-asamblea-general-de-la-onu-coinciden-en-que-el-mundo-se-encuentra-en-un-punto-de-inflexion-naciones-unidas-miami-eeuu-el-secretario-general-de-las-naciones\/#article","isPartOf":{"@id":"https:\/\/www.sonoraenequipo.com.mx\/lideres-en-la-asamblea-general-de-la-onu-coinciden-en-que-el-mundo-se-encuentra-en-un-punto-de-inflexion-naciones-unidas-miami-eeuu-el-secretario-general-de-las-naciones\/"},"author":{"name":"enequipo","@id":"https:\/\/www.sonoraenequipo.com.mx\/#\/schema\/person\/50102df0fb23a8fa9e8effad8fa81386"},"headline":"L\u00ecderes mundiales coinciden que el mundo se encuentra en un punto de inflexi\u00f2n","datePublished":"2023-09-19T21:19:14+00:00","dateModified":"2023-09-19T22:47:28+00:00","mainEntityOfPage":{"@id":"https:\/\/www.sonoraenequipo.com.mx\/lideres-en-la-asamblea-general-de-la-onu-coinciden-en-que-el-mundo-se-encuentra-en-un-punto-de-inflexion-naciones-unidas-miami-eeuu-el-secretario-general-de-las-naciones\/"},"wordCount":1327,"commentCount":0,"publisher":{"@id":"https:\/\/www.sonoraenequipo.com.mx\/#organization"},"image":{"@id":"https:\/\/www.sonoraenequipo.com.mx\/lideres-en-la-asamblea-general-de-la-onu-coinciden-en-que-el-mundo-se-encuentra-en-un-punto-de-inflexion-naciones-unidas-miami-eeuu-el-secretario-general-de-las-naciones\/#primaryimage"},"thumbnailUrl":"https:\/\/www.sonoraenequipo.com.mx\/storage\/2023\/09\/Antonio-Guterres.jpg","articleSection":["MUNDO"],"inLanguage":"es","potentialAction":[{"@type":"CommentAction","name":"Comment","target":["https:\/\/www.sonoraenequipo.com.mx\/lideres-en-la-asamblea-general-de-la-onu-coinciden-en-que-el-mundo-se-encuentra-en-un-punto-de-inflexion-naciones-unidas-miami-eeuu-el-secretario-general-de-las-naciones\/#respond"]}]},{"@type":"WebPage","@id":"https:\/\/www.sonoraenequipo.com.mx\/lideres-en-la-asamblea-general-de-la-onu-coinciden-en-que-el-mundo-se-encuentra-en-un-punto-de-inflexion-naciones-unidas-miami-eeuu-el-secretario-general-de-las-naciones\/","url":"https:\/\/www.sonoraenequipo.com.mx\/lideres-en-la-asamblea-general-de-la-onu-coinciden-en-que-el-mundo-se-encuentra-en-un-punto-de-inflexion-naciones-unidas-miami-eeuu-el-secretario-general-de-las-naciones\/","name":"Sonora en Equipo. L\u00ecderes mundiales coinciden que el mundo se encuentra en un punto de inflexi\u00f2n MUNDO","isPartOf":{"@id":"https:\/\/www.sonoraenequipo.com.mx\/#website"},"primaryImageOfPage":{"@id":"https:\/\/www.sonoraenequipo.com.mx\/lideres-en-la-asamblea-general-de-la-onu-coinciden-en-que-el-mundo-se-encuentra-en-un-punto-de-inflexion-naciones-unidas-miami-eeuu-el-secretario-general-de-las-naciones\/#primaryimage"},"image":{"@id":"https:\/\/www.sonoraenequipo.com.mx\/lideres-en-la-asamblea-general-de-la-onu-coinciden-en-que-el-mundo-se-encuentra-en-un-punto-de-inflexion-naciones-unidas-miami-eeuu-el-secretario-general-de-las-naciones\/#primaryimage"},"thumbnailUrl":"https:\/\/www.sonoraenequipo.com.mx\/storage\/2023\/09\/Antonio-Guterres.jpg","datePublished":"2023-09-19T21:19:14+00:00","dateModified":"2023-09-19T22:47:28+00:00","description":"L\u00edderes en la Asamblea General de la ONU coinciden en que el mundo se encuentra en un \u201cpunto de inflexi\u00f3n\u201d NACIONES UNIDAS\/MIAMI, EEUU \u2014 \u00a0El secretario En Sonora en Equipo publicamos toda la informaci\u00f3n de Sonora, M\u00e9xico y el Mundo de manera oportuna y busca que la libertad de expresi\u00f3n sea real. Visita nuestro medio informativo publicado desde Hermosillo, Sonora. %","breadcrumb":{"@id":"https:\/\/www.sonoraenequipo.com.mx\/lideres-en-la-asamblea-general-de-la-onu-coinciden-en-que-el-mundo-se-encuentra-en-un-punto-de-inflexion-naciones-unidas-miami-eeuu-el-secretario-general-de-las-naciones\/#breadcrumb"},"inLanguage":"es","potentialAction":[{"@type":"ReadAction","target":["https:\/\/www.sonoraenequipo.com.mx\/lideres-en-la-asamblea-general-de-la-onu-coinciden-en-que-el-mundo-se-encuentra-en-un-punto-de-inflexion-naciones-unidas-miami-eeuu-el-secretario-general-de-las-naciones\/"]}]},{"@type":"ImageObject","inLanguage":"es","@id":"https:\/\/www.sonoraenequipo.com.mx\/lideres-en-la-asamblea-general-de-la-onu-coinciden-en-que-el-mundo-se-encuentra-en-un-punto-de-inflexion-naciones-unidas-miami-eeuu-el-secretario-general-de-las-naciones\/#primaryimage","url":"https:\/\/www.sonoraenequipo.com.mx\/storage\/2023\/09\/Antonio-Guterres.jpg","contentUrl":"https:\/\/www.sonoraenequipo.com.mx\/storage\/2023\/09\/Antonio-Guterres.jpg","width":900,"height":600,"caption":"El secretario general de la ONU, Ant\u00f3nio Guterres, durante el discurso de apertura de la 78\u00aa Asamblea General en Nueva York, el 19 de septiembre de 2023."},{"@type":"BreadcrumbList","@id":"https:\/\/www.sonoraenequipo.com.mx\/lideres-en-la-asamblea-general-de-la-onu-coinciden-en-que-el-mundo-se-encuentra-en-un-punto-de-inflexion-naciones-unidas-miami-eeuu-el-secretario-general-de-las-naciones\/#breadcrumb","itemListElement":[{"@type":"ListItem","position":1,"name":"Portada","item":"https:\/\/www.sonoraenequipo.com.mx\/"},{"@type":"ListItem","position":2,"name":"L\u00ecderes mundiales coinciden que el mundo se encuentra en un punto de inflexi\u00f2n"}]},{"@type":"WebSite","@id":"https:\/\/www.sonoraenequipo.com.mx\/#website","url":"https:\/\/www.sonoraenequipo.com.mx\/","name":"Sonora en Equipo.","description":"Diario en l\u00ednea con Noticias desde Hermosillo, Sonora","publisher":{"@id":"https:\/\/www.sonoraenequipo.com.mx\/#organization"},"potentialAction":[{"@type":"SearchAction","target":{"@type":"EntryPoint","urlTemplate":"https:\/\/www.sonoraenequipo.com.mx\/?s={search_term_string}"},"query-input":{"@type":"PropertyValueSpecification","valueRequired":true,"valueName":"search_term_string"}}],"inLanguage":"es"},{"@type":"Organization","@id":"https:\/\/www.sonoraenequipo.com.mx\/#organization","name":"Sonoraenequipo.com.mx","url":"https:\/\/www.sonoraenequipo.com.mx\/","logo":{"@type":"ImageObject","inLanguage":"es","@id":"https:\/\/www.sonoraenequipo.com.mx\/#\/schema\/logo\/image\/","url":"https:\/\/www.sonoraenequipo.com.mx\/storage\/2019\/01\/sonoraenequipo_opt.png","contentUrl":"https:\/\/www.sonoraenequipo.com.mx\/storage\/2019\/01\/sonoraenequipo_opt.png","width":375,"height":125,"caption":"Sonoraenequipo.com.mx"},"image":{"@id":"https:\/\/www.sonoraenequipo.com.mx\/#\/schema\/logo\/image\/"},"sameAs":["https:\/\/www.facebook.com\/SonoraEE\/","https:\/\/x.com\/sonoraenequipo","https:\/\/www.youtube.com\/channel\/UC338nW-lPEYmJQs4ZABQ1SQ"]},{"@type":"Person","@id":"https:\/\/www.sonoraenequipo.com.mx\/#\/schema\/person\/50102df0fb23a8fa9e8effad8fa81386","name":"enequipo","image":{"@type":"ImageObject","inLanguage":"es","@id":"https:\/\/www.sonoraenequipo.com.mx\/#\/schema\/person\/image\/","url":"https:\/\/secure.gravatar.com\/avatar\/049821681b589dabc0bc20695993ccebb09f5b5d4d790cd9251b97faac7c652b?s=96&d=blank&r=g","contentUrl":"https:\/\/secure.gravatar.com\/avatar\/049821681b589dabc0bc20695993ccebb09f5b5d4d790cd9251b97faac7c652b?s=96&d=blank&r=g","caption":"enequipo"},"sameAs":["https:\/\/www.facebook.com\/SonoraEE"]}]}},"jetpack_featured_media_url":"https:\/\/www.sonoraenequipo.com.mx\/storage\/2023\/09\/Antonio-Guterres.jpg","_links":{"self":[{"href":"https:\/\/www.sonoraenequipo.com.mx\/api\/wp\/v2\/posts\/175129","targetHints":{"allow":["GET"]}}],"collection":[{"href":"https:\/\/www.sonoraenequipo.com.mx\/api\/wp\/v2\/posts"}],"about":[{"href":"https:\/\/www.sonoraenequipo.com.mx\/api\/wp\/v2\/types\/post"}],"author":[{"embeddable":true,"href":"https:\/\/www.sonoraenequipo.com.mx\/api\/wp\/v2\/users\/1"}],"replies":[{"embeddable":true,"href":"https:\/\/www.sonoraenequipo.com.mx\/api\/wp\/v2\/comments?post=175129"}],"version-history":[{"count":3,"href":"https:\/\/www.sonoraenequipo.com.mx\/api\/wp\/v2\/posts\/175129\/revisions"}],"predecessor-version":[{"id":175136,"href":"https:\/\/www.sonoraenequipo.com.mx\/api\/wp\/v2\/posts\/175129\/revisions\/175136"}],"wp:featuredmedia":[{"embeddable":true,"href":"https:\/\/www.sonoraenequipo.com.mx\/api\/wp\/v2\/media\/175130"}],"wp:attachment":[{"href":"https:\/\/www.sonoraenequipo.com.mx\/api\/wp\/v2\/media?parent=175129"}],"wp:term":[{"taxonomy":"category","embeddable":true,"href":"https:\/\/www.sonoraenequipo.com.mx\/api\/wp\/v2\/categories?post=175129"},{"taxonomy":"post_tag","embeddable":true,"href":"https:\/\/www.sonoraenequipo.com.mx\/api\/wp\/v2\/tags?post=175129"}],"curies":[{"name":"wp","href":"https:\/\/api.w.org\/{rel}","templated":true}]}}