{"id":175143,"date":"2023-09-19T20:44:11","date_gmt":"2023-09-20T03:44:11","guid":{"rendered":"https:\/\/www.sonoraenequipo.com.mx\/?p=175143"},"modified":"2023-09-19T20:44:11","modified_gmt":"2023-09-20T03:44:11","slug":"hermosillo-no-subira-predial-en-2024anuncia-alcalde-tono-astiazaran","status":"publish","type":"post","link":"https:\/\/www.sonoraenequipo.com.mx\/hermosillo-no-subira-predial-en-2024anuncia-alcalde-tono-astiazaran\/","title":{"rendered":"Hermosillo. No subir\u00e1 predial en 2024,anuncia alcalde To\u00f1o Astiazar\u00e1n"},"content":{"rendered":"<p><strong>Hermosillo. No subir\u00e1 predial en 2024anuncia alcalde To\u00f1o Astiazar\u00e1n <\/strong><\/p>\n<p><strong>HERMOSILLO, SONORA,MX.\u2014 <\/strong>\u201cAunque hay costos de vida que no podemos cambiar, hay otros que s\u00ed, por eso hoy decidimos no subirle al Impuesto Predial de tu casa para el pr\u00f3ximo a\u00f1o\u201d, expres\u00f3 el Presidente Municipal Antonio Astiazar\u00e1n Guti\u00e9rrez, en un video compartido en redes sociales referente a la propuesta que hizo en Cabildo y que recibi\u00f3 el apoyo mayoritario de regidores con la abstenci\u00f3n de 8 de ellos.<\/p>\n<p>&nbsp;<\/p>\n<p>En la sesi\u00f3n extraordinaria de Cabildo de este martes se aprob\u00f3 mantener vigentes las Tablas de valores Unitarios de Suelo y Construcci\u00f3n y Depreciaci\u00f3n por Edad de la Construcci\u00f3n aprobadas en el ejercicio fiscal de 2023.<\/p>\n<p>&nbsp;<\/p>\n<p>To\u00f1o Astiazar\u00e1n dijo que en atenci\u00f3n a las expectativas econ\u00f3micas que se vislumbran para el a\u00f1o 2024 y que, adem\u00e1s, seg\u00fan indicadores econ\u00f3micos se espera una inflaci\u00f3n de alrededor 4.5 por ciento, aunado al incremento en los precios de la canasta b\u00e1sica, fue necesario tomar esa decisi\u00f3n.<\/p>\n<p>&nbsp;<\/p>\n<p>\u201cEl Ayuntamiento act\u00faa con responsabilidad beneficiando a las y los hermosillenses, garantizando que los valores catastrales y sus bandas se mantengan igual que en el presente a\u00f1o; adem\u00e1s, los beneficios que se establecen en las bases generales para el otorgamiento de est\u00edmulos fiscales\u201d, asegur\u00f3.<\/p>\n<p>&nbsp;<\/p>\n<p>En los acuerdos se encuentra no someter a la consideraci\u00f3n del Congreso del Estado de Sonora el acuerdo emitido en Sesi\u00f3n ordinaria del pasado 30 de agosto de 2023 respecto\u00a0 Planos y Tablas de Valores para el ejercicio fiscal del a\u00f1o 2024.<\/p>\n<p>&nbsp;<\/p>\n<p>Tambi\u00e9n se aprob\u00f3 por unanimidad dar de baja contable de tres m\u00e1quinas colectoras de basura, por robo; y de un veh\u00edculo pick up modelo 2018, por siniestro.<\/p>\n<p>&nbsp;<\/p>\n<p>De igual forma se aprob\u00f3 el Informe Mensual el Instituto Municipal de Cultura y Arte (IMCA), del mes de agosto; y el Informe Mensual de Agua de Hermosillo, correspondiente al mes de julio de 2023.<\/p>\n<p>&nbsp;<\/p>\n<p>Adem\u00e1s, se autoriz\u00f3 celebrar un contrato de donaci\u00f3n, as\u00ed como un tr\u00e1mite para baja contable de 25 bienes muebles, que se encuentran actualmente bajo el resguardo de la Oficial\u00eda Mayor, a favor del Sistema Integral para el Desarrollo Integral de la Familia DIF Hermosillo.<\/p>\n<p><strong>Fecha de publicaci\u00f3n martes 19 de septiembre de 2023<\/strong><\/p>\n<p>&nbsp;<\/p>\n<p>&nbsp;<\/p>\n","protected":false},"excerpt":{"rendered":"<p>Hermosillo. No subir\u00e1 predial en 2024anuncia alcalde To\u00f1o Astiazar\u00e1n HERMOSILLO, SONORA,MX.\u2014 \u201cAunque hay costos de&#8230;<\/p>\n","protected":false},"author":1,"featured_media":175144,"comment_status":"open","ping_status":"open","sticky":false,"template":"","format":"standard","meta":{"_monsterinsights_skip_tracking":false,"_monsterinsights_sitenote_active":false,"_monsterinsights_sitenote_note":"","_monsterinsights_sitenote_category":0,"footnotes":""},"categories":[4],"tags":[35,1458],"class_list":["post"],"yoast_head":" \n<title>Sonora en Equipo. Hermosillo. No subir\u00e1 predial en 2024,anuncia alcalde To\u00f1o Astiazar\u00e1n Municipios<\/title>\n<meta name=\"description\" content=\"Hermosillo. No subir\u00e1 predial en 2024anuncia alcalde To\u00f1o Astiazar\u00e1n HERMOSILLO, SONORA,MX.\u2014 \u201cAunque hay costos de vida que no podemos cambiar, hay otros En Sonora en Equipo publicamos toda la informaci\u00f3n de Sonora, M\u00e9xico y el Mundo de manera oportuna y busca que la libertad de expresi\u00f3n sea real. Visita nuestro medio informativo publicado desde Hermosillo, Sonora. %\" \/>\n<meta name=\"robots\" content=\"index, follow, max-snippet:-1, max-image-preview:large, max-video-preview:-1\" \/>\n<link rel=\"canonical\" href=\"https:\/\/www.sonoraenequipo.com.mx\/hermosillo-no-subira-predial-en-2024anuncia-alcalde-tono-astiazaran\/\" \/>\n<meta property=\"og:locale\" content=\"es_ES\" \/>\n<meta property=\"og:type\" content=\"article\" \/>\n<meta property=\"og:title\" content=\"Sonora en Equipo. Hermosillo. No subir\u00e1 predial en 2024,anuncia alcalde To\u00f1o Astiazar\u00e1n Municipios\" \/>\n<meta property=\"og:description\" content=\"Hermosillo. No subir\u00e1 predial en 2024anuncia alcalde To\u00f1o Astiazar\u00e1n HERMOSILLO, SONORA,MX.\u2014 \u201cAunque hay costos de vida que no podemos cambiar, hay otros En Sonora en Equipo publicamos toda la informaci\u00f3n de Sonora, M\u00e9xico y el Mundo de manera oportuna y busca que la libertad de expresi\u00f3n sea real. Visita nuestro medio informativo publicado desde Hermosillo, Sonora. %\" \/>\n<meta property=\"og:url\" content=\"https:\/\/www.sonoraenequipo.com.mx\/hermosillo-no-subira-predial-en-2024anuncia-alcalde-tono-astiazaran\/\" \/>\n<meta property=\"og:site_name\" content=\"Sonora en Equipo.\" \/>\n<meta property=\"article:publisher\" content=\"https:\/\/www.facebook.com\/SonoraEE\/\" \/>\n<meta property=\"article:author\" content=\"https:\/\/www.facebook.com\/SonoraEE\" \/>\n<meta property=\"article:published_time\" content=\"2023-09-20T03:44:11+00:00\" \/>\n<meta property=\"og:image\" content=\"https:\/\/www.sonoraenequipo.com.mx\/storage\/2023\/09\/sesion-cabildo-hmo.jpg\" \/>\n\t<meta property=\"og:image:width\" content=\"900\" \/>\n\t<meta property=\"og:image:height\" content=\"600\" \/>\n\t<meta property=\"og:image:type\" content=\"image\/jpeg\" \/>\n<meta name=\"author\" content=\"enequipo\" \/>\n<meta name=\"twitter:card\" content=\"summary_large_image\" \/>\n<meta name=\"twitter:creator\" content=\"@sonoraenequipo\" \/>\n<meta name=\"twitter:site\" content=\"@sonoraenequipo\" \/>\n<meta name=\"twitter:label1\" content=\"Escrito por\" \/>\n\t<meta name=\"twitter:data1\" content=\"enequipo\" \/>\n\t<meta name=\"twitter:label2\" content=\"Tiempo de lectura\" \/>\n\t<meta name=\"twitter:data2\" content=\"2 minutos\" \/>\n<script type=\"application\/ld+json\" class=\"yoast-schema-graph\">{\"@context\":\"https:\/\/schema.org\",\"@graph\":[{\"@type\":\"Article\",\"@id\":\"https:\/\/www.sonoraenequipo.com.mx\/hermosillo-no-subira-predial-en-2024anuncia-alcalde-tono-astiazaran\/#article\",\"isPartOf\":{\"@id\":\"https:\/\/www.sonoraenequipo.com.mx\/hermosillo-no-subira-predial-en-2024anuncia-alcalde-tono-astiazaran\/\"},\"author\":{\"name\":\"enequipo\",\"@id\":\"https:\/\/www.sonoraenequipo.com.mx\/#\/schema\/person\/50102df0fb23a8fa9e8effad8fa81386\"},\"headline\":\"Hermosillo. No subir\u00e1 predial en 2024,anuncia alcalde To\u00f1o Astiazar\u00e1n\",\"datePublished\":\"2023-09-20T03:44:11+00:00\",\"mainEntityOfPage\":{\"@id\":\"https:\/\/www.sonoraenequipo.com.mx\/hermosillo-no-subira-predial-en-2024anuncia-alcalde-tono-astiazaran\/\"},\"wordCount\":407,\"commentCount\":0,\"publisher\":{\"@id\":\"https:\/\/www.sonoraenequipo.com.mx\/#organization\"},\"image\":{\"@id\":\"https:\/\/www.sonoraenequipo.com.mx\/hermosillo-no-subira-predial-en-2024anuncia-alcalde-tono-astiazaran\/#primaryimage\"},\"thumbnailUrl\":\"https:\/\/www.sonoraenequipo.com.mx\/storage\/2023\/09\/sesion-cabildo-hmo.jpg\",\"keywords\":[\"hermosillo\",\"PREDIAL\"],\"articleSection\":[\"Municipios\"],\"inLanguage\":\"es\",\"potentialAction\":[{\"@type\":\"CommentAction\",\"name\":\"Comment\",\"target\":[\"https:\/\/www.sonoraenequipo.com.mx\/hermosillo-no-subira-predial-en-2024anuncia-alcalde-tono-astiazaran\/#respond\"]}]},{\"@type\":\"WebPage\",\"@id\":\"https:\/\/www.sonoraenequipo.com.mx\/hermosillo-no-subira-predial-en-2024anuncia-alcalde-tono-astiazaran\/\",\"url\":\"https:\/\/www.sonoraenequipo.com.mx\/hermosillo-no-subira-predial-en-2024anuncia-alcalde-tono-astiazaran\/\",\"name\":\"Sonora en Equipo. Hermosillo. No subir\u00e1 predial en 2024,anuncia alcalde To\u00f1o Astiazar\u00e1n Municipios\",\"isPartOf\":{\"@id\":\"https:\/\/www.sonoraenequipo.com.mx\/#website\"},\"primaryImageOfPage\":{\"@id\":\"https:\/\/www.sonoraenequipo.com.mx\/hermosillo-no-subira-predial-en-2024anuncia-alcalde-tono-astiazaran\/#primaryimage\"},\"image\":{\"@id\":\"https:\/\/www.sonoraenequipo.com.mx\/hermosillo-no-subira-predial-en-2024anuncia-alcalde-tono-astiazaran\/#primaryimage\"},\"thumbnailUrl\":\"https:\/\/www.sonoraenequipo.com.mx\/storage\/2023\/09\/sesion-cabildo-hmo.jpg\",\"datePublished\":\"2023-09-20T03:44:11+00:00\",\"description\":\"Hermosillo. No subir\u00e1 predial en 2024anuncia alcalde To\u00f1o Astiazar\u00e1n HERMOSILLO, SONORA,MX.\u2014 \u201cAunque hay costos de vida que no podemos cambiar, hay otros En Sonora en Equipo publicamos toda la informaci\u00f3n de Sonora, M\u00e9xico y el Mundo de manera oportuna y busca que la libertad de expresi\u00f3n sea real. Visita nuestro medio informativo publicado desde Hermosillo, Sonora. %\",\"breadcrumb\":{\"@id\":\"https:\/\/www.sonoraenequipo.com.mx\/hermosillo-no-subira-predial-en-2024anuncia-alcalde-tono-astiazaran\/#breadcrumb\"},\"inLanguage\":\"es\",\"potentialAction\":[{\"@type\":\"ReadAction\",\"target\":[\"https:\/\/www.sonoraenequipo.com.mx\/hermosillo-no-subira-predial-en-2024anuncia-alcalde-tono-astiazaran\/\"]}]},{\"@type\":\"ImageObject\",\"inLanguage\":\"es\",\"@id\":\"https:\/\/www.sonoraenequipo.com.mx\/hermosillo-no-subira-predial-en-2024anuncia-alcalde-tono-astiazaran\/#primaryimage\",\"url\":\"https:\/\/www.sonoraenequipo.com.mx\/storage\/2023\/09\/sesion-cabildo-hmo.jpg\",\"contentUrl\":\"https:\/\/www.sonoraenequipo.com.mx\/storage\/2023\/09\/sesion-cabildo-hmo.jpg\",\"width\":900,\"height\":600},{\"@type\":\"BreadcrumbList\",\"@id\":\"https:\/\/www.sonoraenequipo.com.mx\/hermosillo-no-subira-predial-en-2024anuncia-alcalde-tono-astiazaran\/#breadcrumb\",\"itemListElement\":[{\"@type\":\"ListItem\",\"position\":1,\"name\":\"Portada\",\"item\":\"https:\/\/www.sonoraenequipo.com.mx\/\"},{\"@type\":\"ListItem\",\"position\":2,\"name\":\"Hermosillo. No subir\u00e1 predial en 2024,anuncia alcalde To\u00f1o Astiazar\u00e1n\"}]},{\"@type\":\"WebSite\",\"@id\":\"https:\/\/www.sonoraenequipo.com.mx\/#website\",\"url\":\"https:\/\/www.sonoraenequipo.com.mx\/\",\"name\":\"Sonora en Equipo.\",\"description\":\"Diario en l\u00ednea con Noticias desde Hermosillo, Sonora\",\"publisher\":{\"@id\":\"https:\/\/www.sonoraenequipo.com.mx\/#organization\"},\"potentialAction\":[{\"@type\":\"SearchAction\",\"target\":{\"@type\":\"EntryPoint\",\"urlTemplate\":\"https:\/\/www.sonoraenequipo.com.mx\/?s={search_term_string}\"},\"query-input\":{\"@type\":\"PropertyValueSpecification\",\"valueRequired\":true,\"valueName\":\"search_term_string\"}}],\"inLanguage\":\"es\"},{\"@type\":\"Organization\",\"@id\":\"https:\/\/www.sonoraenequipo.com.mx\/#organization\",\"name\":\"Sonoraenequipo.com.mx\",\"url\":\"https:\/\/www.sonoraenequipo.com.mx\/\",\"logo\":{\"@type\":\"ImageObject\",\"inLanguage\":\"es\",\"@id\":\"https:\/\/www.sonoraenequipo.com.mx\/#\/schema\/logo\/image\/\",\"url\":\"https:\/\/www.sonoraenequipo.com.mx\/storage\/2019\/01\/sonoraenequipo_opt.png\",\"contentUrl\":\"https:\/\/www.sonoraenequipo.com.mx\/storage\/2019\/01\/sonoraenequipo_opt.png\",\"width\":375,\"height\":125,\"caption\":\"Sonoraenequipo.com.mx\"},\"image\":{\"@id\":\"https:\/\/www.sonoraenequipo.com.mx\/#\/schema\/logo\/image\/\"},\"sameAs\":[\"https:\/\/www.facebook.com\/SonoraEE\/\",\"https:\/\/x.com\/sonoraenequipo\",\"https:\/\/www.youtube.com\/channel\/UC338nW-lPEYmJQs4ZABQ1SQ\"]},{\"@type\":\"Person\",\"@id\":\"https:\/\/www.sonoraenequipo.com.mx\/#\/schema\/person\/50102df0fb23a8fa9e8effad8fa81386\",\"name\":\"enequipo\",\"image\":{\"@type\":\"ImageObject\",\"inLanguage\":\"es\",\"@id\":\"https:\/\/www.sonoraenequipo.com.mx\/#\/schema\/person\/image\/\",\"url\":\"https:\/\/secure.gravatar.com\/avatar\/049821681b589dabc0bc20695993ccebb09f5b5d4d790cd9251b97faac7c652b?s=96&d=blank&r=g\",\"contentUrl\":\"https:\/\/secure.gravatar.com\/avatar\/049821681b589dabc0bc20695993ccebb09f5b5d4d790cd9251b97faac7c652b?s=96&d=blank&r=g\",\"caption\":\"enequipo\"},\"sameAs\":[\"https:\/\/www.facebook.com\/SonoraEE\"]}]}<\/script>\n ","yoast_head_json":{"title":"Sonora en Equipo. Hermosillo. No subir\u00e1 predial en 2024,anuncia alcalde To\u00f1o Astiazar\u00e1n Municipios","description":"Hermosillo. No subir\u00e1 predial en 2024anuncia alcalde To\u00f1o Astiazar\u00e1n HERMOSILLO, SONORA,MX.\u2014 \u201cAunque hay costos de vida que no podemos cambiar, hay otros En Sonora en Equipo publicamos toda la informaci\u00f3n de Sonora, M\u00e9xico y el Mundo de manera oportuna y busca que la libertad de expresi\u00f3n sea real. Visita nuestro medio informativo publicado desde Hermosillo, Sonora. %","robots":{"index":"index","follow":"follow","max-snippet":"max-snippet:-1","max-image-preview":"max-image-preview:large","max-video-preview":"max-video-preview:-1"},"canonical":"https:\/\/www.sonoraenequipo.com.mx\/hermosillo-no-subira-predial-en-2024anuncia-alcalde-tono-astiazaran\/","og_locale":"es_ES","og_type":"article","og_title":"Sonora en Equipo. Hermosillo. No subir\u00e1 predial en 2024,anuncia alcalde To\u00f1o Astiazar\u00e1n Municipios","og_description":"Hermosillo. No subir\u00e1 predial en 2024anuncia alcalde To\u00f1o Astiazar\u00e1n HERMOSILLO, SONORA,MX.\u2014 \u201cAunque hay costos de vida que no podemos cambiar, hay otros En Sonora en Equipo publicamos toda la informaci\u00f3n de Sonora, M\u00e9xico y el Mundo de manera oportuna y busca que la libertad de expresi\u00f3n sea real. Visita nuestro medio informativo publicado desde Hermosillo, Sonora. %","og_url":"https:\/\/www.sonoraenequipo.com.mx\/hermosillo-no-subira-predial-en-2024anuncia-alcalde-tono-astiazaran\/","og_site_name":"Sonora en Equipo.","article_publisher":"https:\/\/www.facebook.com\/SonoraEE\/","article_author":"https:\/\/www.facebook.com\/SonoraEE","article_published_time":"2023-09-20T03:44:11+00:00","og_image":[{"width":900,"height":600,"url":"https:\/\/www.sonoraenequipo.com.mx\/storage\/2023\/09\/sesion-cabildo-hmo.jpg","type":"image\/jpeg"}],"author":"enequipo","twitter_card":"summary_large_image","twitter_creator":"@sonoraenequipo","twitter_site":"@sonoraenequipo","twitter_misc":{"Escrito por":"enequipo","Tiempo de lectura":"2 minutos"},"schema":{"@context":"https:\/\/schema.org","@graph":[{"@type":"Article","@id":"https:\/\/www.sonoraenequipo.com.mx\/hermosillo-no-subira-predial-en-2024anuncia-alcalde-tono-astiazaran\/#article","isPartOf":{"@id":"https:\/\/www.sonoraenequipo.com.mx\/hermosillo-no-subira-predial-en-2024anuncia-alcalde-tono-astiazaran\/"},"author":{"name":"enequipo","@id":"https:\/\/www.sonoraenequipo.com.mx\/#\/schema\/person\/50102df0fb23a8fa9e8effad8fa81386"},"headline":"Hermosillo. No subir\u00e1 predial en 2024,anuncia alcalde To\u00f1o Astiazar\u00e1n","datePublished":"2023-09-20T03:44:11+00:00","mainEntityOfPage":{"@id":"https:\/\/www.sonoraenequipo.com.mx\/hermosillo-no-subira-predial-en-2024anuncia-alcalde-tono-astiazaran\/"},"wordCount":407,"commentCount":0,"publisher":{"@id":"https:\/\/www.sonoraenequipo.com.mx\/#organization"},"image":{"@id":"https:\/\/www.sonoraenequipo.com.mx\/hermosillo-no-subira-predial-en-2024anuncia-alcalde-tono-astiazaran\/#primaryimage"},"thumbnailUrl":"https:\/\/www.sonoraenequipo.com.mx\/storage\/2023\/09\/sesion-cabildo-hmo.jpg","keywords":["hermosillo","PREDIAL"],"articleSection":["Municipios"],"inLanguage":"es","potentialAction":[{"@type":"CommentAction","name":"Comment","target":["https:\/\/www.sonoraenequipo.com.mx\/hermosillo-no-subira-predial-en-2024anuncia-alcalde-tono-astiazaran\/#respond"]}]},{"@type":"WebPage","@id":"https:\/\/www.sonoraenequipo.com.mx\/hermosillo-no-subira-predial-en-2024anuncia-alcalde-tono-astiazaran\/","url":"https:\/\/www.sonoraenequipo.com.mx\/hermosillo-no-subira-predial-en-2024anuncia-alcalde-tono-astiazaran\/","name":"Sonora en Equipo. Hermosillo. No subir\u00e1 predial en 2024,anuncia alcalde To\u00f1o Astiazar\u00e1n Municipios","isPartOf":{"@id":"https:\/\/www.sonoraenequipo.com.mx\/#website"},"primaryImageOfPage":{"@id":"https:\/\/www.sonoraenequipo.com.mx\/hermosillo-no-subira-predial-en-2024anuncia-alcalde-tono-astiazaran\/#primaryimage"},"image":{"@id":"https:\/\/www.sonoraenequipo.com.mx\/hermosillo-no-subira-predial-en-2024anuncia-alcalde-tono-astiazaran\/#primaryimage"},"thumbnailUrl":"https:\/\/www.sonoraenequipo.com.mx\/storage\/2023\/09\/sesion-cabildo-hmo.jpg","datePublished":"2023-09-20T03:44:11+00:00","description":"Hermosillo. No subir\u00e1 predial en 2024anuncia alcalde To\u00f1o Astiazar\u00e1n HERMOSILLO, SONORA,MX.\u2014 \u201cAunque hay costos de vida que no podemos cambiar, hay otros En Sonora en Equipo publicamos toda la informaci\u00f3n de Sonora, M\u00e9xico y el Mundo de manera oportuna y busca que la libertad de expresi\u00f3n sea real. Visita nuestro medio informativo publicado desde Hermosillo, Sonora. %","breadcrumb":{"@id":"https:\/\/www.sonoraenequipo.com.mx\/hermosillo-no-subira-predial-en-2024anuncia-alcalde-tono-astiazaran\/#breadcrumb"},"inLanguage":"es","potentialAction":[{"@type":"ReadAction","target":["https:\/\/www.sonoraenequipo.com.mx\/hermosillo-no-subira-predial-en-2024anuncia-alcalde-tono-astiazaran\/"]}]},{"@type":"ImageObject","inLanguage":"es","@id":"https:\/\/www.sonoraenequipo.com.mx\/hermosillo-no-subira-predial-en-2024anuncia-alcalde-tono-astiazaran\/#primaryimage","url":"https:\/\/www.sonoraenequipo.com.mx\/storage\/2023\/09\/sesion-cabildo-hmo.jpg","contentUrl":"https:\/\/www.sonoraenequipo.com.mx\/storage\/2023\/09\/sesion-cabildo-hmo.jpg","width":900,"height":600},{"@type":"BreadcrumbList","@id":"https:\/\/www.sonoraenequipo.com.mx\/hermosillo-no-subira-predial-en-2024anuncia-alcalde-tono-astiazaran\/#breadcrumb","itemListElement":[{"@type":"ListItem","position":1,"name":"Portada","item":"https:\/\/www.sonoraenequipo.com.mx\/"},{"@type":"ListItem","position":2,"name":"Hermosillo. No subir\u00e1 predial en 2024,anuncia alcalde To\u00f1o Astiazar\u00e1n"}]},{"@type":"WebSite","@id":"https:\/\/www.sonoraenequipo.com.mx\/#website","url":"https:\/\/www.sonoraenequipo.com.mx\/","name":"Sonora en Equipo.","description":"Diario en l\u00ednea con Noticias desde Hermosillo, Sonora","publisher":{"@id":"https:\/\/www.sonoraenequipo.com.mx\/#organization"},"potentialAction":[{"@type":"SearchAction","target":{"@type":"EntryPoint","urlTemplate":"https:\/\/www.sonoraenequipo.com.mx\/?s={search_term_string}"},"query-input":{"@type":"PropertyValueSpecification","valueRequired":true,"valueName":"search_term_string"}}],"inLanguage":"es"},{"@type":"Organization","@id":"https:\/\/www.sonoraenequipo.com.mx\/#organization","name":"Sonoraenequipo.com.mx","url":"https:\/\/www.sonoraenequipo.com.mx\/","logo":{"@type":"ImageObject","inLanguage":"es","@id":"https:\/\/www.sonoraenequipo.com.mx\/#\/schema\/logo\/image\/","url":"https:\/\/www.sonoraenequipo.com.mx\/storage\/2019\/01\/sonoraenequipo_opt.png","contentUrl":"https:\/\/www.sonoraenequipo.com.mx\/storage\/2019\/01\/sonoraenequipo_opt.png","width":375,"height":125,"caption":"Sonoraenequipo.com.mx"},"image":{"@id":"https:\/\/www.sonoraenequipo.com.mx\/#\/schema\/logo\/image\/"},"sameAs":["https:\/\/www.facebook.com\/SonoraEE\/","https:\/\/x.com\/sonoraenequipo","https:\/\/www.youtube.com\/channel\/UC338nW-lPEYmJQs4ZABQ1SQ"]},{"@type":"Person","@id":"https:\/\/www.sonoraenequipo.com.mx\/#\/schema\/person\/50102df0fb23a8fa9e8effad8fa81386","name":"enequipo","image":{"@type":"ImageObject","inLanguage":"es","@id":"https:\/\/www.sonoraenequipo.com.mx\/#\/schema\/person\/image\/","url":"https:\/\/secure.gravatar.com\/avatar\/049821681b589dabc0bc20695993ccebb09f5b5d4d790cd9251b97faac7c652b?s=96&d=blank&r=g","contentUrl":"https:\/\/secure.gravatar.com\/avatar\/049821681b589dabc0bc20695993ccebb09f5b5d4d790cd9251b97faac7c652b?s=96&d=blank&r=g","caption":"enequipo"},"sameAs":["https:\/\/www.facebook.com\/SonoraEE"]}]}},"jetpack_featured_media_url":"https:\/\/www.sonoraenequipo.com.mx\/storage\/2023\/09\/sesion-cabildo-hmo.jpg","_links":{"self":[{"href":"https:\/\/www.sonoraenequipo.com.mx\/api\/wp\/v2\/posts\/175143","targetHints":{"allow":["GET"]}}],"collection":[{"href":"https:\/\/www.sonoraenequipo.com.mx\/api\/wp\/v2\/posts"}],"about":[{"href":"https:\/\/www.sonoraenequipo.com.mx\/api\/wp\/v2\/types\/post"}],"author":[{"embeddable":true,"href":"https:\/\/www.sonoraenequipo.com.mx\/api\/wp\/v2\/users\/1"}],"replies":[{"embeddable":true,"href":"https:\/\/www.sonoraenequipo.com.mx\/api\/wp\/v2\/comments?post=175143"}],"version-history":[{"count":1,"href":"https:\/\/www.sonoraenequipo.com.mx\/api\/wp\/v2\/posts\/175143\/revisions"}],"predecessor-version":[{"id":175145,"href":"https:\/\/www.sonoraenequipo.com.mx\/api\/wp\/v2\/posts\/175143\/revisions\/175145"}],"wp:featuredmedia":[{"embeddable":true,"href":"https:\/\/www.sonoraenequipo.com.mx\/api\/wp\/v2\/media\/175144"}],"wp:attachment":[{"href":"https:\/\/www.sonoraenequipo.com.mx\/api\/wp\/v2\/media?parent=175143"}],"wp:term":[{"taxonomy":"category","embeddable":true,"href":"https:\/\/www.sonoraenequipo.com.mx\/api\/wp\/v2\/categories?post=175143"},{"taxonomy":"post_tag","embeddable":true,"href":"https:\/\/www.sonoraenequipo.com.mx\/api\/wp\/v2\/tags?post=175143"}],"curies":[{"name":"wp","href":"https:\/\/api.w.org\/{rel}","templated":true}]}}