{"id":175159,"date":"2023-09-20T09:24:14","date_gmt":"2023-09-20T16:24:14","guid":{"rendered":"https:\/\/www.sonoraenequipo.com.mx\/?p=175159"},"modified":"2023-09-20T10:36:52","modified_gmt":"2023-09-20T17:36:52","slug":"diez-miembros-del-consejo-de-seguridad-de-la-onu-piden-su-reforma-y-limitar-el-uso-del-veto","status":"publish","type":"post","link":"https:\/\/www.sonoraenequipo.com.mx\/diez-miembros-del-consejo-de-seguridad-de-la-onu-piden-su-reforma-y-limitar-el-uso-del-veto\/","title":{"rendered":"Diez miembros del Consejo de Seguridad de la ONU piden su reforma y limitar el uso del veto"},"content":{"rendered":"<p><strong>ESTADOS UNIDOS. \u2014<\/strong> Los diez miembros no permanentes del Consejo de Seguridad de la ONU pidieron este mi\u00e9rcoles de forma conjunta una reforma de la instituci\u00f3n para hacerla capaz de <strong><em>\u201cenfrentar las amenazas complejas y apremiantes a la paz y la seguridad\u201d.<\/em><\/strong><\/p>\n<p>&nbsp;<\/p>\n<p> <\/p>\n<p>La declaraci\u00f3n fue le\u00edda por el canciller de Ecuador, Gustavo Manrique, en nombre los diez miembros actuales y no permanentes: Brasil, Jap\u00f3n, Malta, Gab\u00f3n, Ghana, Mozambique, Albania, Suiza y Emiratos \u00c1rabes, adem\u00e1s de su pa\u00eds.<\/p>\n<p>&nbsp;<\/p>\n<p>Manrique insisti\u00f3 en <strong><em>\u201cla urgente necesidad de la reforma del Consejo\u201d,<\/em> <\/strong>que permitir\u00e1<strong><em> \u201cmejorar el trabajo colectivo como prerrequisito para un Consejo m\u00e1s efectivo\u201d.<\/em><\/strong><\/p>\n<p>&nbsp;<\/p>\n<p>La declaraci\u00f3n incluy\u00f3 un llamamiento a limitar el uso del derecho a veto, privilegio que solo tienen los miembros permanentes -EE.UU., Reino Unido, Rusia, Francia y China-, que no se sumaron a este llamamiento conjunto.<\/p>\n<p>&nbsp;<\/p>\n<p>Los firmantes de la declaraci\u00f3n aprovecharon la m\u00e1xima expectaci\u00f3n en la sede de la ONU, que est\u00e1 llena de gobernantes y ministros de todo el mundo, y el momento de hoy, minutos antes de que el Consejo de Seguridad celebre una sesi\u00f3n excepcional sobre Ucrania con la participaci\u00f3n del propio presidente de ese pa\u00eds, Volod\u00edmir Zelenski, que estar\u00e1 arropado por todos los pa\u00edses de la UE y EE.UU..<\/p>\n<p>&nbsp;<\/p>\n<p>Sin embargo, la propia estructura de la ONU y la existencia del derecho a veto hace casi imposible que se lleve a cabo esa reforma en un momento en que la divisi\u00f3n de los pa\u00edses se ha exacerbado y se pone de manifiesto casi en cada momento y sobre cada conflicto.<\/p>\n<p>&nbsp;<\/p>\n<p>PUBLICADO EL 20 SEPTIEMBRE DE 2023\/ Con informaci\u00f3n de PRENSA LIBRE)<\/p>\n","protected":false},"excerpt":{"rendered":"<p>ESTADOS UNIDOS. \u2014 Los diez miembros no permanentes del Consejo de Seguridad de la ONU&#8230;<\/p>\n","protected":false},"author":1,"featured_media":175160,"comment_status":"open","ping_status":"open","sticky":false,"template":"","format":"standard","meta":{"_monsterinsights_skip_tracking":false,"_monsterinsights_sitenote_active":false,"_monsterinsights_sitenote_note":"","_monsterinsights_sitenote_category":0,"footnotes":""},"categories":[3],"tags":[],"class_list":["post"],"yoast_head":" \n<title>Sonora en Equipo. Diez miembros del Consejo de Seguridad de la ONU piden su reforma y limitar el uso del veto MUNDO<\/title>\n<meta name=\"description\" content=\"ESTADOS UNIDOS. \u2014 Los diez miembros no permanentes del Consejo de Seguridad de la ONU pidieron este mi\u00e9rcoles de forma conjunta una reforma de la En Sonora en Equipo publicamos toda la informaci\u00f3n de Sonora, M\u00e9xico y el Mundo de manera oportuna y busca que la libertad de expresi\u00f3n sea real. Visita nuestro medio informativo publicado desde Hermosillo, Sonora. %\" \/>\n<meta name=\"robots\" content=\"index, follow, max-snippet:-1, max-image-preview:large, max-video-preview:-1\" \/>\n<link rel=\"canonical\" href=\"https:\/\/www.sonoraenequipo.com.mx\/diez-miembros-del-consejo-de-seguridad-de-la-onu-piden-su-reforma-y-limitar-el-uso-del-veto\/\" \/>\n<meta property=\"og:locale\" content=\"es_ES\" \/>\n<meta property=\"og:type\" content=\"article\" \/>\n<meta property=\"og:title\" content=\"Sonora en Equipo. Diez miembros del Consejo de Seguridad de la ONU piden su reforma y limitar el uso del veto MUNDO\" \/>\n<meta property=\"og:description\" content=\"ESTADOS UNIDOS. \u2014 Los diez miembros no permanentes del Consejo de Seguridad de la ONU pidieron este mi\u00e9rcoles de forma conjunta una reforma de la En Sonora en Equipo publicamos toda la informaci\u00f3n de Sonora, M\u00e9xico y el Mundo de manera oportuna y busca que la libertad de expresi\u00f3n sea real. Visita nuestro medio informativo publicado desde Hermosillo, Sonora. %\" \/>\n<meta property=\"og:url\" content=\"https:\/\/www.sonoraenequipo.com.mx\/diez-miembros-del-consejo-de-seguridad-de-la-onu-piden-su-reforma-y-limitar-el-uso-del-veto\/\" \/>\n<meta property=\"og:site_name\" content=\"Sonora en Equipo.\" \/>\n<meta property=\"article:publisher\" content=\"https:\/\/www.facebook.com\/SonoraEE\/\" \/>\n<meta property=\"article:author\" content=\"https:\/\/www.facebook.com\/SonoraEE\" \/>\n<meta property=\"article:published_time\" content=\"2023-09-20T16:24:14+00:00\" \/>\n<meta property=\"article:modified_time\" content=\"2023-09-20T17:36:52+00:00\" \/>\n<meta property=\"og:image\" content=\"https:\/\/www.sonoraenequipo.com.mx\/storage\/2023\/09\/el-veto-en-la-onu...-min.jpg\" \/>\n\t<meta property=\"og:image:width\" content=\"900\" \/>\n\t<meta property=\"og:image:height\" content=\"506\" \/>\n\t<meta property=\"og:image:type\" content=\"image\/jpeg\" \/>\n<meta name=\"author\" content=\"enequipo\" \/>\n<meta name=\"twitter:card\" content=\"summary_large_image\" \/>\n<meta name=\"twitter:creator\" content=\"@sonoraenequipo\" \/>\n<meta name=\"twitter:site\" content=\"@sonoraenequipo\" \/>\n<meta name=\"twitter:label1\" content=\"Escrito por\" \/>\n\t<meta name=\"twitter:data1\" content=\"enequipo\" \/>\n\t<meta name=\"twitter:label2\" content=\"Tiempo de lectura\" \/>\n\t<meta name=\"twitter:data2\" content=\"1 minuto\" \/>\n<script type=\"application\/ld+json\" class=\"yoast-schema-graph\">{\"@context\":\"https:\/\/schema.org\",\"@graph\":[{\"@type\":\"Article\",\"@id\":\"https:\/\/www.sonoraenequipo.com.mx\/diez-miembros-del-consejo-de-seguridad-de-la-onu-piden-su-reforma-y-limitar-el-uso-del-veto\/#article\",\"isPartOf\":{\"@id\":\"https:\/\/www.sonoraenequipo.com.mx\/diez-miembros-del-consejo-de-seguridad-de-la-onu-piden-su-reforma-y-limitar-el-uso-del-veto\/\"},\"author\":{\"name\":\"enequipo\",\"@id\":\"https:\/\/www.sonoraenequipo.com.mx\/#\/schema\/person\/50102df0fb23a8fa9e8effad8fa81386\"},\"headline\":\"Diez miembros del Consejo de Seguridad de la ONU piden su reforma y limitar el uso del veto\",\"datePublished\":\"2023-09-20T16:24:14+00:00\",\"dateModified\":\"2023-09-20T17:36:52+00:00\",\"mainEntityOfPage\":{\"@id\":\"https:\/\/www.sonoraenequipo.com.mx\/diez-miembros-del-consejo-de-seguridad-de-la-onu-piden-su-reforma-y-limitar-el-uso-del-veto\/\"},\"wordCount\":310,\"commentCount\":0,\"publisher\":{\"@id\":\"https:\/\/www.sonoraenequipo.com.mx\/#organization\"},\"image\":{\"@id\":\"https:\/\/www.sonoraenequipo.com.mx\/diez-miembros-del-consejo-de-seguridad-de-la-onu-piden-su-reforma-y-limitar-el-uso-del-veto\/#primaryimage\"},\"thumbnailUrl\":\"https:\/\/www.sonoraenequipo.com.mx\/storage\/2023\/09\/el-veto-en-la-onu...-min.jpg\",\"articleSection\":[\"MUNDO\"],\"inLanguage\":\"es\",\"potentialAction\":[{\"@type\":\"CommentAction\",\"name\":\"Comment\",\"target\":[\"https:\/\/www.sonoraenequipo.com.mx\/diez-miembros-del-consejo-de-seguridad-de-la-onu-piden-su-reforma-y-limitar-el-uso-del-veto\/#respond\"]}]},{\"@type\":\"WebPage\",\"@id\":\"https:\/\/www.sonoraenequipo.com.mx\/diez-miembros-del-consejo-de-seguridad-de-la-onu-piden-su-reforma-y-limitar-el-uso-del-veto\/\",\"url\":\"https:\/\/www.sonoraenequipo.com.mx\/diez-miembros-del-consejo-de-seguridad-de-la-onu-piden-su-reforma-y-limitar-el-uso-del-veto\/\",\"name\":\"Sonora en Equipo. Diez miembros del Consejo de Seguridad de la ONU piden su reforma y limitar el uso del veto MUNDO\",\"isPartOf\":{\"@id\":\"https:\/\/www.sonoraenequipo.com.mx\/#website\"},\"primaryImageOfPage\":{\"@id\":\"https:\/\/www.sonoraenequipo.com.mx\/diez-miembros-del-consejo-de-seguridad-de-la-onu-piden-su-reforma-y-limitar-el-uso-del-veto\/#primaryimage\"},\"image\":{\"@id\":\"https:\/\/www.sonoraenequipo.com.mx\/diez-miembros-del-consejo-de-seguridad-de-la-onu-piden-su-reforma-y-limitar-el-uso-del-veto\/#primaryimage\"},\"thumbnailUrl\":\"https:\/\/www.sonoraenequipo.com.mx\/storage\/2023\/09\/el-veto-en-la-onu...-min.jpg\",\"datePublished\":\"2023-09-20T16:24:14+00:00\",\"dateModified\":\"2023-09-20T17:36:52+00:00\",\"description\":\"ESTADOS UNIDOS. \u2014 Los diez miembros no permanentes del Consejo de Seguridad de la ONU pidieron este mi\u00e9rcoles de forma conjunta una reforma de la En Sonora en Equipo publicamos toda la informaci\u00f3n de Sonora, M\u00e9xico y el Mundo de manera oportuna y busca que la libertad de expresi\u00f3n sea real. Visita nuestro medio informativo publicado desde Hermosillo, Sonora. %\",\"breadcrumb\":{\"@id\":\"https:\/\/www.sonoraenequipo.com.mx\/diez-miembros-del-consejo-de-seguridad-de-la-onu-piden-su-reforma-y-limitar-el-uso-del-veto\/#breadcrumb\"},\"inLanguage\":\"es\",\"potentialAction\":[{\"@type\":\"ReadAction\",\"target\":[\"https:\/\/www.sonoraenequipo.com.mx\/diez-miembros-del-consejo-de-seguridad-de-la-onu-piden-su-reforma-y-limitar-el-uso-del-veto\/\"]}]},{\"@type\":\"ImageObject\",\"inLanguage\":\"es\",\"@id\":\"https:\/\/www.sonoraenequipo.com.mx\/diez-miembros-del-consejo-de-seguridad-de-la-onu-piden-su-reforma-y-limitar-el-uso-del-veto\/#primaryimage\",\"url\":\"https:\/\/www.sonoraenequipo.com.mx\/storage\/2023\/09\/el-veto-en-la-onu...-min.jpg\",\"contentUrl\":\"https:\/\/www.sonoraenequipo.com.mx\/storage\/2023\/09\/el-veto-en-la-onu...-min.jpg\",\"width\":900,\"height\":506},{\"@type\":\"BreadcrumbList\",\"@id\":\"https:\/\/www.sonoraenequipo.com.mx\/diez-miembros-del-consejo-de-seguridad-de-la-onu-piden-su-reforma-y-limitar-el-uso-del-veto\/#breadcrumb\",\"itemListElement\":[{\"@type\":\"ListItem\",\"position\":1,\"name\":\"Portada\",\"item\":\"https:\/\/www.sonoraenequipo.com.mx\/\"},{\"@type\":\"ListItem\",\"position\":2,\"name\":\"Diez miembros del Consejo de Seguridad de la ONU piden su reforma y limitar el uso del veto\"}]},{\"@type\":\"WebSite\",\"@id\":\"https:\/\/www.sonoraenequipo.com.mx\/#website\",\"url\":\"https:\/\/www.sonoraenequipo.com.mx\/\",\"name\":\"Sonora en Equipo.\",\"description\":\"Diario en l\u00ednea con Noticias desde Hermosillo, Sonora\",\"publisher\":{\"@id\":\"https:\/\/www.sonoraenequipo.com.mx\/#organization\"},\"potentialAction\":[{\"@type\":\"SearchAction\",\"target\":{\"@type\":\"EntryPoint\",\"urlTemplate\":\"https:\/\/www.sonoraenequipo.com.mx\/?s={search_term_string}\"},\"query-input\":{\"@type\":\"PropertyValueSpecification\",\"valueRequired\":true,\"valueName\":\"search_term_string\"}}],\"inLanguage\":\"es\"},{\"@type\":\"Organization\",\"@id\":\"https:\/\/www.sonoraenequipo.com.mx\/#organization\",\"name\":\"Sonoraenequipo.com.mx\",\"url\":\"https:\/\/www.sonoraenequipo.com.mx\/\",\"logo\":{\"@type\":\"ImageObject\",\"inLanguage\":\"es\",\"@id\":\"https:\/\/www.sonoraenequipo.com.mx\/#\/schema\/logo\/image\/\",\"url\":\"https:\/\/www.sonoraenequipo.com.mx\/storage\/2019\/01\/sonoraenequipo_opt.png\",\"contentUrl\":\"https:\/\/www.sonoraenequipo.com.mx\/storage\/2019\/01\/sonoraenequipo_opt.png\",\"width\":375,\"height\":125,\"caption\":\"Sonoraenequipo.com.mx\"},\"image\":{\"@id\":\"https:\/\/www.sonoraenequipo.com.mx\/#\/schema\/logo\/image\/\"},\"sameAs\":[\"https:\/\/www.facebook.com\/SonoraEE\/\",\"https:\/\/x.com\/sonoraenequipo\",\"https:\/\/www.youtube.com\/channel\/UC338nW-lPEYmJQs4ZABQ1SQ\"]},{\"@type\":\"Person\",\"@id\":\"https:\/\/www.sonoraenequipo.com.mx\/#\/schema\/person\/50102df0fb23a8fa9e8effad8fa81386\",\"name\":\"enequipo\",\"image\":{\"@type\":\"ImageObject\",\"inLanguage\":\"es\",\"@id\":\"https:\/\/www.sonoraenequipo.com.mx\/#\/schema\/person\/image\/\",\"url\":\"https:\/\/secure.gravatar.com\/avatar\/049821681b589dabc0bc20695993ccebb09f5b5d4d790cd9251b97faac7c652b?s=96&d=blank&r=g\",\"contentUrl\":\"https:\/\/secure.gravatar.com\/avatar\/049821681b589dabc0bc20695993ccebb09f5b5d4d790cd9251b97faac7c652b?s=96&d=blank&r=g\",\"caption\":\"enequipo\"},\"sameAs\":[\"https:\/\/www.facebook.com\/SonoraEE\"]}]}<\/script>\n ","yoast_head_json":{"title":"Sonora en Equipo. Diez miembros del Consejo de Seguridad de la ONU piden su reforma y limitar el uso del veto MUNDO","description":"ESTADOS UNIDOS. \u2014 Los diez miembros no permanentes del Consejo de Seguridad de la ONU pidieron este mi\u00e9rcoles de forma conjunta una reforma de la En Sonora en Equipo publicamos toda la informaci\u00f3n de Sonora, M\u00e9xico y el Mundo de manera oportuna y busca que la libertad de expresi\u00f3n sea real. Visita nuestro medio informativo publicado desde Hermosillo, Sonora. %","robots":{"index":"index","follow":"follow","max-snippet":"max-snippet:-1","max-image-preview":"max-image-preview:large","max-video-preview":"max-video-preview:-1"},"canonical":"https:\/\/www.sonoraenequipo.com.mx\/diez-miembros-del-consejo-de-seguridad-de-la-onu-piden-su-reforma-y-limitar-el-uso-del-veto\/","og_locale":"es_ES","og_type":"article","og_title":"Sonora en Equipo. Diez miembros del Consejo de Seguridad de la ONU piden su reforma y limitar el uso del veto MUNDO","og_description":"ESTADOS UNIDOS. \u2014 Los diez miembros no permanentes del Consejo de Seguridad de la ONU pidieron este mi\u00e9rcoles de forma conjunta una reforma de la En Sonora en Equipo publicamos toda la informaci\u00f3n de Sonora, M\u00e9xico y el Mundo de manera oportuna y busca que la libertad de expresi\u00f3n sea real. Visita nuestro medio informativo publicado desde Hermosillo, Sonora. %","og_url":"https:\/\/www.sonoraenequipo.com.mx\/diez-miembros-del-consejo-de-seguridad-de-la-onu-piden-su-reforma-y-limitar-el-uso-del-veto\/","og_site_name":"Sonora en Equipo.","article_publisher":"https:\/\/www.facebook.com\/SonoraEE\/","article_author":"https:\/\/www.facebook.com\/SonoraEE","article_published_time":"2023-09-20T16:24:14+00:00","article_modified_time":"2023-09-20T17:36:52+00:00","og_image":[{"width":900,"height":506,"url":"https:\/\/www.sonoraenequipo.com.mx\/storage\/2023\/09\/el-veto-en-la-onu...-min.jpg","type":"image\/jpeg"}],"author":"enequipo","twitter_card":"summary_large_image","twitter_creator":"@sonoraenequipo","twitter_site":"@sonoraenequipo","twitter_misc":{"Escrito por":"enequipo","Tiempo de lectura":"1 minuto"},"schema":{"@context":"https:\/\/schema.org","@graph":[{"@type":"Article","@id":"https:\/\/www.sonoraenequipo.com.mx\/diez-miembros-del-consejo-de-seguridad-de-la-onu-piden-su-reforma-y-limitar-el-uso-del-veto\/#article","isPartOf":{"@id":"https:\/\/www.sonoraenequipo.com.mx\/diez-miembros-del-consejo-de-seguridad-de-la-onu-piden-su-reforma-y-limitar-el-uso-del-veto\/"},"author":{"name":"enequipo","@id":"https:\/\/www.sonoraenequipo.com.mx\/#\/schema\/person\/50102df0fb23a8fa9e8effad8fa81386"},"headline":"Diez miembros del Consejo de Seguridad de la ONU piden su reforma y limitar el uso del veto","datePublished":"2023-09-20T16:24:14+00:00","dateModified":"2023-09-20T17:36:52+00:00","mainEntityOfPage":{"@id":"https:\/\/www.sonoraenequipo.com.mx\/diez-miembros-del-consejo-de-seguridad-de-la-onu-piden-su-reforma-y-limitar-el-uso-del-veto\/"},"wordCount":310,"commentCount":0,"publisher":{"@id":"https:\/\/www.sonoraenequipo.com.mx\/#organization"},"image":{"@id":"https:\/\/www.sonoraenequipo.com.mx\/diez-miembros-del-consejo-de-seguridad-de-la-onu-piden-su-reforma-y-limitar-el-uso-del-veto\/#primaryimage"},"thumbnailUrl":"https:\/\/www.sonoraenequipo.com.mx\/storage\/2023\/09\/el-veto-en-la-onu...-min.jpg","articleSection":["MUNDO"],"inLanguage":"es","potentialAction":[{"@type":"CommentAction","name":"Comment","target":["https:\/\/www.sonoraenequipo.com.mx\/diez-miembros-del-consejo-de-seguridad-de-la-onu-piden-su-reforma-y-limitar-el-uso-del-veto\/#respond"]}]},{"@type":"WebPage","@id":"https:\/\/www.sonoraenequipo.com.mx\/diez-miembros-del-consejo-de-seguridad-de-la-onu-piden-su-reforma-y-limitar-el-uso-del-veto\/","url":"https:\/\/www.sonoraenequipo.com.mx\/diez-miembros-del-consejo-de-seguridad-de-la-onu-piden-su-reforma-y-limitar-el-uso-del-veto\/","name":"Sonora en Equipo. Diez miembros del Consejo de Seguridad de la ONU piden su reforma y limitar el uso del veto MUNDO","isPartOf":{"@id":"https:\/\/www.sonoraenequipo.com.mx\/#website"},"primaryImageOfPage":{"@id":"https:\/\/www.sonoraenequipo.com.mx\/diez-miembros-del-consejo-de-seguridad-de-la-onu-piden-su-reforma-y-limitar-el-uso-del-veto\/#primaryimage"},"image":{"@id":"https:\/\/www.sonoraenequipo.com.mx\/diez-miembros-del-consejo-de-seguridad-de-la-onu-piden-su-reforma-y-limitar-el-uso-del-veto\/#primaryimage"},"thumbnailUrl":"https:\/\/www.sonoraenequipo.com.mx\/storage\/2023\/09\/el-veto-en-la-onu...-min.jpg","datePublished":"2023-09-20T16:24:14+00:00","dateModified":"2023-09-20T17:36:52+00:00","description":"ESTADOS UNIDOS. \u2014 Los diez miembros no permanentes del Consejo de Seguridad de la ONU pidieron este mi\u00e9rcoles de forma conjunta una reforma de la En Sonora en Equipo publicamos toda la informaci\u00f3n de Sonora, M\u00e9xico y el Mundo de manera oportuna y busca que la libertad de expresi\u00f3n sea real. Visita nuestro medio informativo publicado desde Hermosillo, Sonora. %","breadcrumb":{"@id":"https:\/\/www.sonoraenequipo.com.mx\/diez-miembros-del-consejo-de-seguridad-de-la-onu-piden-su-reforma-y-limitar-el-uso-del-veto\/#breadcrumb"},"inLanguage":"es","potentialAction":[{"@type":"ReadAction","target":["https:\/\/www.sonoraenequipo.com.mx\/diez-miembros-del-consejo-de-seguridad-de-la-onu-piden-su-reforma-y-limitar-el-uso-del-veto\/"]}]},{"@type":"ImageObject","inLanguage":"es","@id":"https:\/\/www.sonoraenequipo.com.mx\/diez-miembros-del-consejo-de-seguridad-de-la-onu-piden-su-reforma-y-limitar-el-uso-del-veto\/#primaryimage","url":"https:\/\/www.sonoraenequipo.com.mx\/storage\/2023\/09\/el-veto-en-la-onu...-min.jpg","contentUrl":"https:\/\/www.sonoraenequipo.com.mx\/storage\/2023\/09\/el-veto-en-la-onu...-min.jpg","width":900,"height":506},{"@type":"BreadcrumbList","@id":"https:\/\/www.sonoraenequipo.com.mx\/diez-miembros-del-consejo-de-seguridad-de-la-onu-piden-su-reforma-y-limitar-el-uso-del-veto\/#breadcrumb","itemListElement":[{"@type":"ListItem","position":1,"name":"Portada","item":"https:\/\/www.sonoraenequipo.com.mx\/"},{"@type":"ListItem","position":2,"name":"Diez miembros del Consejo de Seguridad de la ONU piden su reforma y limitar el uso del veto"}]},{"@type":"WebSite","@id":"https:\/\/www.sonoraenequipo.com.mx\/#website","url":"https:\/\/www.sonoraenequipo.com.mx\/","name":"Sonora en Equipo.","description":"Diario en l\u00ednea con Noticias desde Hermosillo, Sonora","publisher":{"@id":"https:\/\/www.sonoraenequipo.com.mx\/#organization"},"potentialAction":[{"@type":"SearchAction","target":{"@type":"EntryPoint","urlTemplate":"https:\/\/www.sonoraenequipo.com.mx\/?s={search_term_string}"},"query-input":{"@type":"PropertyValueSpecification","valueRequired":true,"valueName":"search_term_string"}}],"inLanguage":"es"},{"@type":"Organization","@id":"https:\/\/www.sonoraenequipo.com.mx\/#organization","name":"Sonoraenequipo.com.mx","url":"https:\/\/www.sonoraenequipo.com.mx\/","logo":{"@type":"ImageObject","inLanguage":"es","@id":"https:\/\/www.sonoraenequipo.com.mx\/#\/schema\/logo\/image\/","url":"https:\/\/www.sonoraenequipo.com.mx\/storage\/2019\/01\/sonoraenequipo_opt.png","contentUrl":"https:\/\/www.sonoraenequipo.com.mx\/storage\/2019\/01\/sonoraenequipo_opt.png","width":375,"height":125,"caption":"Sonoraenequipo.com.mx"},"image":{"@id":"https:\/\/www.sonoraenequipo.com.mx\/#\/schema\/logo\/image\/"},"sameAs":["https:\/\/www.facebook.com\/SonoraEE\/","https:\/\/x.com\/sonoraenequipo","https:\/\/www.youtube.com\/channel\/UC338nW-lPEYmJQs4ZABQ1SQ"]},{"@type":"Person","@id":"https:\/\/www.sonoraenequipo.com.mx\/#\/schema\/person\/50102df0fb23a8fa9e8effad8fa81386","name":"enequipo","image":{"@type":"ImageObject","inLanguage":"es","@id":"https:\/\/www.sonoraenequipo.com.mx\/#\/schema\/person\/image\/","url":"https:\/\/secure.gravatar.com\/avatar\/049821681b589dabc0bc20695993ccebb09f5b5d4d790cd9251b97faac7c652b?s=96&d=blank&r=g","contentUrl":"https:\/\/secure.gravatar.com\/avatar\/049821681b589dabc0bc20695993ccebb09f5b5d4d790cd9251b97faac7c652b?s=96&d=blank&r=g","caption":"enequipo"},"sameAs":["https:\/\/www.facebook.com\/SonoraEE"]}]}},"jetpack_featured_media_url":"https:\/\/www.sonoraenequipo.com.mx\/storage\/2023\/09\/el-veto-en-la-onu...-min.jpg","_links":{"self":[{"href":"https:\/\/www.sonoraenequipo.com.mx\/api\/wp\/v2\/posts\/175159","targetHints":{"allow":["GET"]}}],"collection":[{"href":"https:\/\/www.sonoraenequipo.com.mx\/api\/wp\/v2\/posts"}],"about":[{"href":"https:\/\/www.sonoraenequipo.com.mx\/api\/wp\/v2\/types\/post"}],"author":[{"embeddable":true,"href":"https:\/\/www.sonoraenequipo.com.mx\/api\/wp\/v2\/users\/1"}],"replies":[{"embeddable":true,"href":"https:\/\/www.sonoraenequipo.com.mx\/api\/wp\/v2\/comments?post=175159"}],"version-history":[{"count":1,"href":"https:\/\/www.sonoraenequipo.com.mx\/api\/wp\/v2\/posts\/175159\/revisions"}],"predecessor-version":[{"id":175162,"href":"https:\/\/www.sonoraenequipo.com.mx\/api\/wp\/v2\/posts\/175159\/revisions\/175162"}],"wp:featuredmedia":[{"embeddable":true,"href":"https:\/\/www.sonoraenequipo.com.mx\/api\/wp\/v2\/media\/175160"}],"wp:attachment":[{"href":"https:\/\/www.sonoraenequipo.com.mx\/api\/wp\/v2\/media?parent=175159"}],"wp:term":[{"taxonomy":"category","embeddable":true,"href":"https:\/\/www.sonoraenequipo.com.mx\/api\/wp\/v2\/categories?post=175159"},{"taxonomy":"post_tag","embeddable":true,"href":"https:\/\/www.sonoraenequipo.com.mx\/api\/wp\/v2\/tags?post=175159"}],"curies":[{"name":"wp","href":"https:\/\/api.w.org\/{rel}","templated":true}]}}