{"id":175161,"date":"2023-09-20T10:08:13","date_gmt":"2023-09-20T17:08:13","guid":{"rendered":"https:\/\/www.sonoraenequipo.com.mx\/?p=175161"},"modified":"2023-09-20T18:37:39","modified_gmt":"2023-09-21T01:37:39","slug":"alimentacion-economia-salud-seguridad-y-educacion-para-desarrollar-sociedades-sanas-especialistas","status":"publish","type":"post","link":"https:\/\/www.sonoraenequipo.com.mx\/alimentacion-economia-salud-seguridad-y-educacion-para-desarrollar-sociedades-sanas-especialistas\/","title":{"rendered":"Alimentaci\u00f3n, econom\u00eda, salud, seguridad y educaci\u00f3n para desarrollar sociedades sanas: especialistas"},"content":{"rendered":"<ul>\n<li>En M\u00e9xico, 1 de cada 8 ni\u00f1os y ni\u00f1as menores de 5 a\u00f1os presentan una talla baja (moderada o severa) para su edad.<\/li>\n<li>En 2015 se reportaron 127,424 casos de violencia familiar. Este \u00edndice aument\u00f3 el 83.52% de reportes de violencia familiar con respecto a 2015 (233, 978 en total).<\/li>\n<li>S\u00f3lo alrededor del 11% de las ni\u00f1as y ni\u00f1os menores de tres a\u00f1os reciben atenci\u00f3n y \u00e9sta no est\u00e1 focalizada en quienes viven en condiciones de mayor vulnerabilidad.<\/li>\n<\/ul>\n<p>&nbsp;<\/p>\n<p><strong>CIUDAD DE M\u00c8XICO.\u2014<\/strong>El Consejo Coordinador Empresarial, a trav\u00e9s de su Comisi\u00f3n de Educaci\u00f3n, llev\u00f3 a cabo el Taller \u201cEmergencia educativa, d\u00f3nde estamos despu\u00e9s de la pandemia y retos a los que los ni\u00f1os se enfrentan\u201d en donde expertas como Patricia Ganem, presidenta de la Comisi\u00f3n de Educaci\u00f3n en COPARMEX y Patricia V\u00e1zquez, presidenta ejecutiva de Mexicanos Primero participaron.<\/p>\n<p>&nbsp;<\/p>\n<p>&nbsp;<\/p>\n<p>&nbsp;<\/p>\n<p>Trabajar en la ni\u00f1ez es fundamental pues el tejido social sano depende de la calidad del cuidado de nuestras ni\u00f1as y ni\u00f1os. Y para esto es fundamental trabajar en 5 ejes: alimentaci\u00f3n, situaci\u00f3n econ\u00f3mica, salud, seguridad y educaci\u00f3n, coment\u00f3 Paty Ganem.<\/p>\n<p>&nbsp;<\/p>\n<p>&nbsp;<\/p>\n<p>&nbsp;<\/p>\n<p>Alimentaci\u00f3n. El desarrollo de h\u00e1bitos alimentarios saludables es esencial para el proceso de aprendizaje y la obtenci\u00f3n de logros acad\u00e9micos. Un consumo alimentario rico en nutrientes esenciales, y con aporte energ\u00e9tico de acuerdo con las necesidades individuales, se asocia de manera significativa con un buen rendimiento acad\u00e9mico. De igual forma, una adecuada nutrici\u00f3n mantiene la integridad estructural y funcional del tejido nervioso, mejorando la capacidad cognitiva.<\/p>\n<p>&nbsp;<\/p>\n<p>&nbsp;<\/p>\n<p>&nbsp;<\/p>\n<p>Por ejemplo, en M\u00e9xico, 1 de cada 8 ni\u00f1os y ni\u00f1as menores de 5 a\u00f1os presentan una talla baja (moderada o severa) para su edad. Sin embargo, somos el primer pa\u00eds con obesidad infantil, lo que demuestra que nuestra alimentaci\u00f3n y h\u00e1bitos alimenticios no son los \u00f3ptimos para un buen desarrollo para nuestros ni\u00f1os<\/p>\n<p>&nbsp;<\/p>\n<p>&nbsp;<\/p>\n<p>&nbsp;<\/p>\n<p>Situaci\u00f3n econ\u00f3mica. La diferencia en el rendimiento acad\u00e9mico entre los ni\u00f1os de diferentes clases o grupos (\u00e9tnicos, raciales, de ingresos) se conoce como la brecha de rendimiento. Los ni\u00f1os de estatus bajo alcanzan niveles m\u00e1s bajos que los ni\u00f1os de clase media y alta. Las causas son numerosas y est\u00e1n relacionados con el medio ambiente social en el que viven estos ni\u00f1os y la educaci\u00f3n que reciben en la escuela.<\/p>\n<p>&nbsp;<\/p>\n<p>&nbsp;<\/p>\n<p>&nbsp;<\/p>\n<p>En nuestro pa\u00eds, el 63% de la poblaci\u00f3n tiene problemas para surtir la canasta b\u00e1sica. En el primer semestre de 2022, los programas presupuestarios que atienden exclusivamente a la primera infancia gastaron 892.1 mdp menos de lo calendarizado, pues solo se ejerci\u00f3 el 42% del presupuesto aprobado para este sector.<\/p>\n<p>&nbsp;<\/p>\n<p>&nbsp;<\/p>\n<p>&nbsp;<\/p>\n<p>Seguridad. La exposici\u00f3n temprana y prolongada a la violencia puede tener efectos duraderos y adversos para los ni\u00f1os, dado que afecta a la subsiguiente cadena de desarrollo. Como resultado de la violencia, los ni\u00f1os m\u00e1s peque\u00f1os presentan niveles m\u00e1s altos de angustia psicol\u00f3gica y emocional que los dem\u00e1s ni\u00f1os. Esto sucede porque los ni\u00f1os m\u00e1s mayores tienen m\u00e1s desarrolladas las capacidades cognitivas, lo cual les permite entender la violencia y adoptar estrategias que les defiendan de sus efectos.<\/p>\n<p>&nbsp;<\/p>\n<p>&nbsp;<\/p>\n<p>&nbsp;<\/p>\n<p>En 2015 se reportaron 127,424 casos de violencia familiar. Este \u00edndice aument\u00f3 el 83.52% de reportes de violencia familiar con respecto a 2015 (233, 978 en total).<\/p>\n<p>&nbsp;<\/p>\n<p>Del 2025 al 2023, 470 ni\u00f1as, ni\u00f1os y adolescentes en M\u00e9xico han sido v\u00edctima de \u201ctr\u00e1fico de menores\u201d 48.7% de estas v\u00edctimas eran mujeres y 51.3% eran hombres. (1) Report\u00e1ndose como rescatadas en 2020 259 ni\u00f1as (entre 12 y 14 a\u00f1os).<\/p>\n<p>&nbsp;<\/p>\n<p>&nbsp;<\/p>\n<p>&nbsp;<\/p>\n<p>Salud. Los primeros a\u00f1os de la vida de un ni\u00f1o son muy importantes para su salud y desarrollo. El desarrollo saludable significa que todos los ni\u00f1os, incluidos aquellos con necesidades de atenci\u00f3n m\u00e9dica especial, puedan crecer y satisfacer sus necesidades sociales, emocionales y educativas. Los ni\u00f1os que tienen problemas de salud, retrasos en el desarrollo y enfermedades frecuentes pueden sufrir diversos resultados educativos deficientes.<\/p>\n<p>&nbsp;<\/p>\n<p>&nbsp;<\/p>\n<p>&nbsp;<\/p>\n<p>En el 2020 se registraron 33,394 decesos de personas de entre 0 y 17 a\u00f1os en M\u00e9xico, lo que significa que cada d\u00eda perdieron la vida 91 ni\u00f1as, ni\u00f1os y adolescentes en el pa\u00eds.<\/p>\n<p>&nbsp;<\/p>\n<p>&nbsp;<\/p>\n<p>&nbsp;<\/p>\n<p>Educaci\u00f3n. La educaci\u00f3n inicial busca promover el desarrollo de las ni\u00f1as y ni\u00f1os durante los primeros a\u00f1os de su vida, es decir, desde la concepci\u00f3n hasta los cuatro a\u00f1os de edad, para que \u00e9stos logren desarrollarse de manera arm\u00f3nica e integral de acuerdo a su edad, fortalezcan sus potencialidades, formen su personalidad, puedan adaptarse y formen parte activa de su entorno.<\/p>\n<p>&nbsp;<\/p>\n<p>&nbsp;<\/p>\n<p>&nbsp;<\/p>\n<p>S\u00f3lo alrededor del 11% de las ni\u00f1as y ni\u00f1os menores de tres a\u00f1os reciben atenci\u00f3n y \u00e9sta no est\u00e1 focalizada en quienes viven en condiciones de mayor vulnerabilidad.<\/p>\n<p>&nbsp;<\/p>\n<p>Por su parte, Paty V\u00e1zquez, hizo hincapi\u00e9 en la importancia de estar, aprender y participar.<\/p>\n<p>&nbsp;<\/p>\n<p>&nbsp;<\/p>\n<p>&nbsp;<\/p>\n<p>En M\u00e9xico, aproximadamente 42.5% de los ni\u00f1os y ni\u00f1as que cursan tercero de primaria no saben leer. Mientras que aproximadamente 58.3% de los menores que van en sexto de primaria, no comprenden lo que leen. Aproximadamente 45% de las y los adolescentes en tercero de secundaria no comprenden la trama principal de un texto.<\/p>\n<p>&nbsp;<\/p>\n<p>&nbsp;<\/p>\n<p>&nbsp;<\/p>\n<p>Por lo tanto, es urgente contar con lo siguiente:<\/p>\n<p>&nbsp;<\/p>\n<p>&nbsp;<\/p>\n<p>&nbsp;<\/p>\n<ul>\n<li>Todos las NNA de 3 a 17 a\u00f1os s\u00ed o s\u00ed deben tener acceso a la educaci\u00f3n<\/li>\n<\/ul>\n<p>&nbsp;<\/p>\n<ul>\n<li>Todas las aulas deben contar con un docente a tiempo y preparado, debe haber suficiente inversi\u00f3n y bien gestionada para todo el \u00e1mbito educativo<\/li>\n<\/ul>\n<p>&nbsp;<\/p>\n<ul>\n<li>Todos los ni\u00f1os y ni\u00f1as de tercero de primaria deben contar con competencias lectoras<\/li>\n<\/ul>\n<p>&nbsp;<\/p>\n<ul>\n<li>Todos los ni\u00f1os y ni\u00f1as de sexto de primaria, as\u00ed como de tercero de secundaria, deben contar con los aprendizajes fundamentales de acuerdo a su grado<\/li>\n<\/ul>\n<p>&nbsp;<\/p>\n<ul>\n<li>Impulsar la participaci\u00f3n e impulsar la participaci\u00f3n de las NNA en la toma de decisiones<\/li>\n<\/ul>\n<p>&nbsp;<\/p>\n<p>Por lo tanto, trabajar en todos estos factores es fundamental desde todos los \u00e1mbitos y en conjunto para que de esta manera podamos contar con un futuro m\u00e1s prometedor para las siguientes generaciones de nuestro pa\u00eds.<\/p>\n<p><strong>Fecha de publicaci\u00f3n mi\u00e9rcoles 20 de septiembre de 2023<\/strong><\/p>\n<p>&nbsp;<\/p>\n<p>&nbsp;<\/p>\n<p>&nbsp;<\/p>\n<p>&nbsp;<\/p>\n","protected":false},"excerpt":{"rendered":"<p>En M\u00e9xico, 1 de cada 8 ni\u00f1os y ni\u00f1as menores de 5 a\u00f1os presentan una&#8230;<\/p>\n","protected":false},"author":1,"featured_media":175165,"comment_status":"open","ping_status":"open","sticky":false,"template":"","format":"standard","meta":{"_monsterinsights_skip_tracking":false,"_monsterinsights_sitenote_active":false,"_monsterinsights_sitenote_note":"","_monsterinsights_sitenote_category":0,"footnotes":""},"categories":[6493],"tags":[726,943,93,47,74,170],"class_list":["post"],"yoast_head":" \n<title>Sonora en Equipo. Alimentaci\u00f3n, econom\u00eda, salud, seguridad y educaci\u00f3n para desarrollar sociedades sanas: especialistas PALABRAS Y N\u00daMEROS<\/title>\n<meta name=\"description\" content=\"En M\u00e9xico, 1 de cada 8 ni\u00f1os y ni\u00f1as menores de 5 a\u00f1os presentan una talla baja (moderada o severa) para su edad. En 2015 se reportaron 127,424 casos de En Sonora en Equipo publicamos toda la informaci\u00f3n de Sonora, M\u00e9xico y el Mundo de manera oportuna y busca que la libertad de expresi\u00f3n sea real. Visita nuestro medio informativo publicado desde Hermosillo, Sonora. %\" \/>\n<meta name=\"robots\" content=\"index, follow, max-snippet:-1, max-image-preview:large, max-video-preview:-1\" \/>\n<link rel=\"canonical\" href=\"https:\/\/www.sonoraenequipo.com.mx\/alimentacion-economia-salud-seguridad-y-educacion-para-desarrollar-sociedades-sanas-especialistas\/\" \/>\n<meta property=\"og:locale\" content=\"es_ES\" \/>\n<meta property=\"og:type\" content=\"article\" \/>\n<meta property=\"og:title\" content=\"Sonora en Equipo. Alimentaci\u00f3n, econom\u00eda, salud, seguridad y educaci\u00f3n para desarrollar sociedades sanas: especialistas PALABRAS Y N\u00daMEROS\" \/>\n<meta property=\"og:description\" content=\"En M\u00e9xico, 1 de cada 8 ni\u00f1os y ni\u00f1as menores de 5 a\u00f1os presentan una talla baja (moderada o severa) para su edad. En 2015 se reportaron 127,424 casos de En Sonora en Equipo publicamos toda la informaci\u00f3n de Sonora, M\u00e9xico y el Mundo de manera oportuna y busca que la libertad de expresi\u00f3n sea real. Visita nuestro medio informativo publicado desde Hermosillo, Sonora. %\" \/>\n<meta property=\"og:url\" content=\"https:\/\/www.sonoraenequipo.com.mx\/alimentacion-economia-salud-seguridad-y-educacion-para-desarrollar-sociedades-sanas-especialistas\/\" \/>\n<meta property=\"og:site_name\" content=\"Sonora en Equipo.\" \/>\n<meta property=\"article:publisher\" content=\"https:\/\/www.facebook.com\/SonoraEE\/\" \/>\n<meta property=\"article:author\" content=\"https:\/\/www.facebook.com\/SonoraEE\" \/>\n<meta property=\"article:published_time\" content=\"2023-09-20T17:08:13+00:00\" \/>\n<meta property=\"article:modified_time\" content=\"2023-09-21T01:37:39+00:00\" \/>\n<meta property=\"og:image\" content=\"https:\/\/www.sonoraenequipo.com.mx\/storage\/2023\/09\/ninos-escuela.jpg\" \/>\n\t<meta property=\"og:image:width\" content=\"900\" \/>\n\t<meta property=\"og:image:height\" content=\"600\" \/>\n\t<meta property=\"og:image:type\" content=\"image\/jpeg\" \/>\n<meta name=\"author\" content=\"enequipo\" \/>\n<meta name=\"twitter:card\" content=\"summary_large_image\" \/>\n<meta name=\"twitter:creator\" content=\"@sonoraenequipo\" \/>\n<meta name=\"twitter:site\" content=\"@sonoraenequipo\" \/>\n<meta name=\"twitter:label1\" content=\"Escrito por\" \/>\n\t<meta name=\"twitter:data1\" content=\"enequipo\" \/>\n\t<meta name=\"twitter:label2\" content=\"Tiempo de lectura\" \/>\n\t<meta name=\"twitter:data2\" content=\"5 minutos\" \/>\n<script type=\"application\/ld+json\" class=\"yoast-schema-graph\">{\"@context\":\"https:\/\/schema.org\",\"@graph\":[{\"@type\":\"Article\",\"@id\":\"https:\/\/www.sonoraenequipo.com.mx\/alimentacion-economia-salud-seguridad-y-educacion-para-desarrollar-sociedades-sanas-especialistas\/#article\",\"isPartOf\":{\"@id\":\"https:\/\/www.sonoraenequipo.com.mx\/alimentacion-economia-salud-seguridad-y-educacion-para-desarrollar-sociedades-sanas-especialistas\/\"},\"author\":{\"name\":\"enequipo\",\"@id\":\"https:\/\/www.sonoraenequipo.com.mx\/#\/schema\/person\/50102df0fb23a8fa9e8effad8fa81386\"},\"headline\":\"Alimentaci\u00f3n, econom\u00eda, salud, seguridad y educaci\u00f3n para desarrollar sociedades sanas: especialistas\",\"datePublished\":\"2023-09-20T17:08:13+00:00\",\"dateModified\":\"2023-09-21T01:37:39+00:00\",\"mainEntityOfPage\":{\"@id\":\"https:\/\/www.sonoraenequipo.com.mx\/alimentacion-economia-salud-seguridad-y-educacion-para-desarrollar-sociedades-sanas-especialistas\/\"},\"wordCount\":1108,\"commentCount\":0,\"publisher\":{\"@id\":\"https:\/\/www.sonoraenequipo.com.mx\/#organization\"},\"image\":{\"@id\":\"https:\/\/www.sonoraenequipo.com.mx\/alimentacion-economia-salud-seguridad-y-educacion-para-desarrollar-sociedades-sanas-especialistas\/#primaryimage\"},\"thumbnailUrl\":\"https:\/\/www.sonoraenequipo.com.mx\/storage\/2023\/09\/ninos-escuela.jpg\",\"keywords\":[\"CCE\",\"COPARMEX\",\"econom\u00eda\",\"educaci\u00f3n\",\"salud\",\"Seguridad\"],\"articleSection\":[\"PALABRAS Y N\u00daMEROS\"],\"inLanguage\":\"es\",\"potentialAction\":[{\"@type\":\"CommentAction\",\"name\":\"Comment\",\"target\":[\"https:\/\/www.sonoraenequipo.com.mx\/alimentacion-economia-salud-seguridad-y-educacion-para-desarrollar-sociedades-sanas-especialistas\/#respond\"]}]},{\"@type\":\"WebPage\",\"@id\":\"https:\/\/www.sonoraenequipo.com.mx\/alimentacion-economia-salud-seguridad-y-educacion-para-desarrollar-sociedades-sanas-especialistas\/\",\"url\":\"https:\/\/www.sonoraenequipo.com.mx\/alimentacion-economia-salud-seguridad-y-educacion-para-desarrollar-sociedades-sanas-especialistas\/\",\"name\":\"Sonora en Equipo. Alimentaci\u00f3n, econom\u00eda, salud, seguridad y educaci\u00f3n para desarrollar sociedades sanas: especialistas PALABRAS Y N\u00daMEROS\",\"isPartOf\":{\"@id\":\"https:\/\/www.sonoraenequipo.com.mx\/#website\"},\"primaryImageOfPage\":{\"@id\":\"https:\/\/www.sonoraenequipo.com.mx\/alimentacion-economia-salud-seguridad-y-educacion-para-desarrollar-sociedades-sanas-especialistas\/#primaryimage\"},\"image\":{\"@id\":\"https:\/\/www.sonoraenequipo.com.mx\/alimentacion-economia-salud-seguridad-y-educacion-para-desarrollar-sociedades-sanas-especialistas\/#primaryimage\"},\"thumbnailUrl\":\"https:\/\/www.sonoraenequipo.com.mx\/storage\/2023\/09\/ninos-escuela.jpg\",\"datePublished\":\"2023-09-20T17:08:13+00:00\",\"dateModified\":\"2023-09-21T01:37:39+00:00\",\"description\":\"En M\u00e9xico, 1 de cada 8 ni\u00f1os y ni\u00f1as menores de 5 a\u00f1os presentan una talla baja (moderada o severa) para su edad. En 2015 se reportaron 127,424 casos de En Sonora en Equipo publicamos toda la informaci\u00f3n de Sonora, M\u00e9xico y el Mundo de manera oportuna y busca que la libertad de expresi\u00f3n sea real. Visita nuestro medio informativo publicado desde Hermosillo, Sonora. %\",\"breadcrumb\":{\"@id\":\"https:\/\/www.sonoraenequipo.com.mx\/alimentacion-economia-salud-seguridad-y-educacion-para-desarrollar-sociedades-sanas-especialistas\/#breadcrumb\"},\"inLanguage\":\"es\",\"potentialAction\":[{\"@type\":\"ReadAction\",\"target\":[\"https:\/\/www.sonoraenequipo.com.mx\/alimentacion-economia-salud-seguridad-y-educacion-para-desarrollar-sociedades-sanas-especialistas\/\"]}]},{\"@type\":\"ImageObject\",\"inLanguage\":\"es\",\"@id\":\"https:\/\/www.sonoraenequipo.com.mx\/alimentacion-economia-salud-seguridad-y-educacion-para-desarrollar-sociedades-sanas-especialistas\/#primaryimage\",\"url\":\"https:\/\/www.sonoraenequipo.com.mx\/storage\/2023\/09\/ninos-escuela.jpg\",\"contentUrl\":\"https:\/\/www.sonoraenequipo.com.mx\/storage\/2023\/09\/ninos-escuela.jpg\",\"width\":900,\"height\":600},{\"@type\":\"BreadcrumbList\",\"@id\":\"https:\/\/www.sonoraenequipo.com.mx\/alimentacion-economia-salud-seguridad-y-educacion-para-desarrollar-sociedades-sanas-especialistas\/#breadcrumb\",\"itemListElement\":[{\"@type\":\"ListItem\",\"position\":1,\"name\":\"Portada\",\"item\":\"https:\/\/www.sonoraenequipo.com.mx\/\"},{\"@type\":\"ListItem\",\"position\":2,\"name\":\"Alimentaci\u00f3n, econom\u00eda, salud, seguridad y educaci\u00f3n para desarrollar sociedades sanas: especialistas\"}]},{\"@type\":\"WebSite\",\"@id\":\"https:\/\/www.sonoraenequipo.com.mx\/#website\",\"url\":\"https:\/\/www.sonoraenequipo.com.mx\/\",\"name\":\"Sonora en Equipo.\",\"description\":\"Diario en l\u00ednea con Noticias desde Hermosillo, Sonora\",\"publisher\":{\"@id\":\"https:\/\/www.sonoraenequipo.com.mx\/#organization\"},\"potentialAction\":[{\"@type\":\"SearchAction\",\"target\":{\"@type\":\"EntryPoint\",\"urlTemplate\":\"https:\/\/www.sonoraenequipo.com.mx\/?s={search_term_string}\"},\"query-input\":{\"@type\":\"PropertyValueSpecification\",\"valueRequired\":true,\"valueName\":\"search_term_string\"}}],\"inLanguage\":\"es\"},{\"@type\":\"Organization\",\"@id\":\"https:\/\/www.sonoraenequipo.com.mx\/#organization\",\"name\":\"Sonoraenequipo.com.mx\",\"url\":\"https:\/\/www.sonoraenequipo.com.mx\/\",\"logo\":{\"@type\":\"ImageObject\",\"inLanguage\":\"es\",\"@id\":\"https:\/\/www.sonoraenequipo.com.mx\/#\/schema\/logo\/image\/\",\"url\":\"https:\/\/www.sonoraenequipo.com.mx\/storage\/2019\/01\/sonoraenequipo_opt.png\",\"contentUrl\":\"https:\/\/www.sonoraenequipo.com.mx\/storage\/2019\/01\/sonoraenequipo_opt.png\",\"width\":375,\"height\":125,\"caption\":\"Sonoraenequipo.com.mx\"},\"image\":{\"@id\":\"https:\/\/www.sonoraenequipo.com.mx\/#\/schema\/logo\/image\/\"},\"sameAs\":[\"https:\/\/www.facebook.com\/SonoraEE\/\",\"https:\/\/x.com\/sonoraenequipo\",\"https:\/\/www.youtube.com\/channel\/UC338nW-lPEYmJQs4ZABQ1SQ\"]},{\"@type\":\"Person\",\"@id\":\"https:\/\/www.sonoraenequipo.com.mx\/#\/schema\/person\/50102df0fb23a8fa9e8effad8fa81386\",\"name\":\"enequipo\",\"image\":{\"@type\":\"ImageObject\",\"inLanguage\":\"es\",\"@id\":\"https:\/\/www.sonoraenequipo.com.mx\/#\/schema\/person\/image\/\",\"url\":\"https:\/\/secure.gravatar.com\/avatar\/049821681b589dabc0bc20695993ccebb09f5b5d4d790cd9251b97faac7c652b?s=96&d=blank&r=g\",\"contentUrl\":\"https:\/\/secure.gravatar.com\/avatar\/049821681b589dabc0bc20695993ccebb09f5b5d4d790cd9251b97faac7c652b?s=96&d=blank&r=g\",\"caption\":\"enequipo\"},\"sameAs\":[\"https:\/\/www.facebook.com\/SonoraEE\"]}]}<\/script>\n ","yoast_head_json":{"title":"Sonora en Equipo. Alimentaci\u00f3n, econom\u00eda, salud, seguridad y educaci\u00f3n para desarrollar sociedades sanas: especialistas PALABRAS Y N\u00daMEROS","description":"En M\u00e9xico, 1 de cada 8 ni\u00f1os y ni\u00f1as menores de 5 a\u00f1os presentan una talla baja (moderada o severa) para su edad. En 2015 se reportaron 127,424 casos de En Sonora en Equipo publicamos toda la informaci\u00f3n de Sonora, M\u00e9xico y el Mundo de manera oportuna y busca que la libertad de expresi\u00f3n sea real. Visita nuestro medio informativo publicado desde Hermosillo, Sonora. %","robots":{"index":"index","follow":"follow","max-snippet":"max-snippet:-1","max-image-preview":"max-image-preview:large","max-video-preview":"max-video-preview:-1"},"canonical":"https:\/\/www.sonoraenequipo.com.mx\/alimentacion-economia-salud-seguridad-y-educacion-para-desarrollar-sociedades-sanas-especialistas\/","og_locale":"es_ES","og_type":"article","og_title":"Sonora en Equipo. Alimentaci\u00f3n, econom\u00eda, salud, seguridad y educaci\u00f3n para desarrollar sociedades sanas: especialistas PALABRAS Y N\u00daMEROS","og_description":"En M\u00e9xico, 1 de cada 8 ni\u00f1os y ni\u00f1as menores de 5 a\u00f1os presentan una talla baja (moderada o severa) para su edad. En 2015 se reportaron 127,424 casos de En Sonora en Equipo publicamos toda la informaci\u00f3n de Sonora, M\u00e9xico y el Mundo de manera oportuna y busca que la libertad de expresi\u00f3n sea real. Visita nuestro medio informativo publicado desde Hermosillo, Sonora. %","og_url":"https:\/\/www.sonoraenequipo.com.mx\/alimentacion-economia-salud-seguridad-y-educacion-para-desarrollar-sociedades-sanas-especialistas\/","og_site_name":"Sonora en Equipo.","article_publisher":"https:\/\/www.facebook.com\/SonoraEE\/","article_author":"https:\/\/www.facebook.com\/SonoraEE","article_published_time":"2023-09-20T17:08:13+00:00","article_modified_time":"2023-09-21T01:37:39+00:00","og_image":[{"width":900,"height":600,"url":"https:\/\/www.sonoraenequipo.com.mx\/storage\/2023\/09\/ninos-escuela.jpg","type":"image\/jpeg"}],"author":"enequipo","twitter_card":"summary_large_image","twitter_creator":"@sonoraenequipo","twitter_site":"@sonoraenequipo","twitter_misc":{"Escrito por":"enequipo","Tiempo de lectura":"5 minutos"},"schema":{"@context":"https:\/\/schema.org","@graph":[{"@type":"Article","@id":"https:\/\/www.sonoraenequipo.com.mx\/alimentacion-economia-salud-seguridad-y-educacion-para-desarrollar-sociedades-sanas-especialistas\/#article","isPartOf":{"@id":"https:\/\/www.sonoraenequipo.com.mx\/alimentacion-economia-salud-seguridad-y-educacion-para-desarrollar-sociedades-sanas-especialistas\/"},"author":{"name":"enequipo","@id":"https:\/\/www.sonoraenequipo.com.mx\/#\/schema\/person\/50102df0fb23a8fa9e8effad8fa81386"},"headline":"Alimentaci\u00f3n, econom\u00eda, salud, seguridad y educaci\u00f3n para desarrollar sociedades sanas: especialistas","datePublished":"2023-09-20T17:08:13+00:00","dateModified":"2023-09-21T01:37:39+00:00","mainEntityOfPage":{"@id":"https:\/\/www.sonoraenequipo.com.mx\/alimentacion-economia-salud-seguridad-y-educacion-para-desarrollar-sociedades-sanas-especialistas\/"},"wordCount":1108,"commentCount":0,"publisher":{"@id":"https:\/\/www.sonoraenequipo.com.mx\/#organization"},"image":{"@id":"https:\/\/www.sonoraenequipo.com.mx\/alimentacion-economia-salud-seguridad-y-educacion-para-desarrollar-sociedades-sanas-especialistas\/#primaryimage"},"thumbnailUrl":"https:\/\/www.sonoraenequipo.com.mx\/storage\/2023\/09\/ninos-escuela.jpg","keywords":["CCE","COPARMEX","econom\u00eda","educaci\u00f3n","salud","Seguridad"],"articleSection":["PALABRAS Y N\u00daMEROS"],"inLanguage":"es","potentialAction":[{"@type":"CommentAction","name":"Comment","target":["https:\/\/www.sonoraenequipo.com.mx\/alimentacion-economia-salud-seguridad-y-educacion-para-desarrollar-sociedades-sanas-especialistas\/#respond"]}]},{"@type":"WebPage","@id":"https:\/\/www.sonoraenequipo.com.mx\/alimentacion-economia-salud-seguridad-y-educacion-para-desarrollar-sociedades-sanas-especialistas\/","url":"https:\/\/www.sonoraenequipo.com.mx\/alimentacion-economia-salud-seguridad-y-educacion-para-desarrollar-sociedades-sanas-especialistas\/","name":"Sonora en Equipo. Alimentaci\u00f3n, econom\u00eda, salud, seguridad y educaci\u00f3n para desarrollar sociedades sanas: especialistas PALABRAS Y N\u00daMEROS","isPartOf":{"@id":"https:\/\/www.sonoraenequipo.com.mx\/#website"},"primaryImageOfPage":{"@id":"https:\/\/www.sonoraenequipo.com.mx\/alimentacion-economia-salud-seguridad-y-educacion-para-desarrollar-sociedades-sanas-especialistas\/#primaryimage"},"image":{"@id":"https:\/\/www.sonoraenequipo.com.mx\/alimentacion-economia-salud-seguridad-y-educacion-para-desarrollar-sociedades-sanas-especialistas\/#primaryimage"},"thumbnailUrl":"https:\/\/www.sonoraenequipo.com.mx\/storage\/2023\/09\/ninos-escuela.jpg","datePublished":"2023-09-20T17:08:13+00:00","dateModified":"2023-09-21T01:37:39+00:00","description":"En M\u00e9xico, 1 de cada 8 ni\u00f1os y ni\u00f1as menores de 5 a\u00f1os presentan una talla baja (moderada o severa) para su edad. En 2015 se reportaron 127,424 casos de En Sonora en Equipo publicamos toda la informaci\u00f3n de Sonora, M\u00e9xico y el Mundo de manera oportuna y busca que la libertad de expresi\u00f3n sea real. Visita nuestro medio informativo publicado desde Hermosillo, Sonora. %","breadcrumb":{"@id":"https:\/\/www.sonoraenequipo.com.mx\/alimentacion-economia-salud-seguridad-y-educacion-para-desarrollar-sociedades-sanas-especialistas\/#breadcrumb"},"inLanguage":"es","potentialAction":[{"@type":"ReadAction","target":["https:\/\/www.sonoraenequipo.com.mx\/alimentacion-economia-salud-seguridad-y-educacion-para-desarrollar-sociedades-sanas-especialistas\/"]}]},{"@type":"ImageObject","inLanguage":"es","@id":"https:\/\/www.sonoraenequipo.com.mx\/alimentacion-economia-salud-seguridad-y-educacion-para-desarrollar-sociedades-sanas-especialistas\/#primaryimage","url":"https:\/\/www.sonoraenequipo.com.mx\/storage\/2023\/09\/ninos-escuela.jpg","contentUrl":"https:\/\/www.sonoraenequipo.com.mx\/storage\/2023\/09\/ninos-escuela.jpg","width":900,"height":600},{"@type":"BreadcrumbList","@id":"https:\/\/www.sonoraenequipo.com.mx\/alimentacion-economia-salud-seguridad-y-educacion-para-desarrollar-sociedades-sanas-especialistas\/#breadcrumb","itemListElement":[{"@type":"ListItem","position":1,"name":"Portada","item":"https:\/\/www.sonoraenequipo.com.mx\/"},{"@type":"ListItem","position":2,"name":"Alimentaci\u00f3n, econom\u00eda, salud, seguridad y educaci\u00f3n para desarrollar sociedades sanas: especialistas"}]},{"@type":"WebSite","@id":"https:\/\/www.sonoraenequipo.com.mx\/#website","url":"https:\/\/www.sonoraenequipo.com.mx\/","name":"Sonora en Equipo.","description":"Diario en l\u00ednea con Noticias desde Hermosillo, Sonora","publisher":{"@id":"https:\/\/www.sonoraenequipo.com.mx\/#organization"},"potentialAction":[{"@type":"SearchAction","target":{"@type":"EntryPoint","urlTemplate":"https:\/\/www.sonoraenequipo.com.mx\/?s={search_term_string}"},"query-input":{"@type":"PropertyValueSpecification","valueRequired":true,"valueName":"search_term_string"}}],"inLanguage":"es"},{"@type":"Organization","@id":"https:\/\/www.sonoraenequipo.com.mx\/#organization","name":"Sonoraenequipo.com.mx","url":"https:\/\/www.sonoraenequipo.com.mx\/","logo":{"@type":"ImageObject","inLanguage":"es","@id":"https:\/\/www.sonoraenequipo.com.mx\/#\/schema\/logo\/image\/","url":"https:\/\/www.sonoraenequipo.com.mx\/storage\/2019\/01\/sonoraenequipo_opt.png","contentUrl":"https:\/\/www.sonoraenequipo.com.mx\/storage\/2019\/01\/sonoraenequipo_opt.png","width":375,"height":125,"caption":"Sonoraenequipo.com.mx"},"image":{"@id":"https:\/\/www.sonoraenequipo.com.mx\/#\/schema\/logo\/image\/"},"sameAs":["https:\/\/www.facebook.com\/SonoraEE\/","https:\/\/x.com\/sonoraenequipo","https:\/\/www.youtube.com\/channel\/UC338nW-lPEYmJQs4ZABQ1SQ"]},{"@type":"Person","@id":"https:\/\/www.sonoraenequipo.com.mx\/#\/schema\/person\/50102df0fb23a8fa9e8effad8fa81386","name":"enequipo","image":{"@type":"ImageObject","inLanguage":"es","@id":"https:\/\/www.sonoraenequipo.com.mx\/#\/schema\/person\/image\/","url":"https:\/\/secure.gravatar.com\/avatar\/049821681b589dabc0bc20695993ccebb09f5b5d4d790cd9251b97faac7c652b?s=96&d=blank&r=g","contentUrl":"https:\/\/secure.gravatar.com\/avatar\/049821681b589dabc0bc20695993ccebb09f5b5d4d790cd9251b97faac7c652b?s=96&d=blank&r=g","caption":"enequipo"},"sameAs":["https:\/\/www.facebook.com\/SonoraEE"]}]}},"jetpack_featured_media_url":"https:\/\/www.sonoraenequipo.com.mx\/storage\/2023\/09\/ninos-escuela.jpg","_links":{"self":[{"href":"https:\/\/www.sonoraenequipo.com.mx\/api\/wp\/v2\/posts\/175161","targetHints":{"allow":["GET"]}}],"collection":[{"href":"https:\/\/www.sonoraenequipo.com.mx\/api\/wp\/v2\/posts"}],"about":[{"href":"https:\/\/www.sonoraenequipo.com.mx\/api\/wp\/v2\/types\/post"}],"author":[{"embeddable":true,"href":"https:\/\/www.sonoraenequipo.com.mx\/api\/wp\/v2\/users\/1"}],"replies":[{"embeddable":true,"href":"https:\/\/www.sonoraenequipo.com.mx\/api\/wp\/v2\/comments?post=175161"}],"version-history":[{"count":1,"href":"https:\/\/www.sonoraenequipo.com.mx\/api\/wp\/v2\/posts\/175161\/revisions"}],"predecessor-version":[{"id":175166,"href":"https:\/\/www.sonoraenequipo.com.mx\/api\/wp\/v2\/posts\/175161\/revisions\/175166"}],"wp:featuredmedia":[{"embeddable":true,"href":"https:\/\/www.sonoraenequipo.com.mx\/api\/wp\/v2\/media\/175165"}],"wp:attachment":[{"href":"https:\/\/www.sonoraenequipo.com.mx\/api\/wp\/v2\/media?parent=175161"}],"wp:term":[{"taxonomy":"category","embeddable":true,"href":"https:\/\/www.sonoraenequipo.com.mx\/api\/wp\/v2\/categories?post=175161"},{"taxonomy":"post_tag","embeddable":true,"href":"https:\/\/www.sonoraenequipo.com.mx\/api\/wp\/v2\/tags?post=175161"}],"curies":[{"name":"wp","href":"https:\/\/api.w.org\/{rel}","templated":true}]}}