{"id":175167,"date":"2023-09-20T10:21:54","date_gmt":"2023-09-20T17:21:54","guid":{"rendered":"https:\/\/www.sonoraenequipo.com.mx\/?p=175167"},"modified":"2023-09-20T18:36:58","modified_gmt":"2023-09-21T01:36:58","slug":"consejo-de-seguridad-de-la-onu-discutira-la-guerra-en-ucrania-en-presencia-de-zelenskyy","status":"publish","type":"post","link":"https:\/\/www.sonoraenequipo.com.mx\/consejo-de-seguridad-de-la-onu-discutira-la-guerra-en-ucrania-en-presencia-de-zelenskyy\/","title":{"rendered":"Consejo de Seguridad de la ONU discutir\u00e1 la guerra en Ucrania en presencia de Zelenskyy"},"content":{"rendered":"<p>NACIONES UNIDAS \u2014 El Consejo de Seguridad de las Naciones Unidas se reunir\u00e1 este mi\u00e9rcoles para discutir sobre la guerra en Ucrania en un encuentro en el marco de la 78 Asamblea General, en el que se espera participe el presidente de ese pa\u00eds, Volodymyr Zelenskyy, y que podr\u00eda ponerlo en la misma mesa junto al representante de la delegaci\u00f3n de Rusia, el canciller Sergu\u00e9i Lavrov.<\/p>\n<p>&nbsp;<\/p>\n<p>El intercambio se centrar\u00e1 en \u00abdefender los prop\u00f3sitos y principios de la Carta de las Naciones Unidas mediante un multilateralismo eficaz: mantenimiento de la paz y la seguridad de Ucrania\u00bb, de acuerdo con el programa oficial de la cita.<\/p>\n<p>&nbsp;<\/p>\n<p>Durante el segundo d\u00eda de Debate General de UNGA est\u00e1 previsto que tomen la palabra los presidentes de Chile, Gabriel Boric; de Ecuador, Guillermo Lasso; de Rep\u00fablica Dominicana, Luis Abinader, y la mandataria de Honduras, Xiomara Castro.<\/p>\n<p>&nbsp;<\/p>\n<p>La Cumbre de Ambici\u00f3n Clim\u00e1tica adem\u00e1s pondr\u00e1 el foco en la necesidad de acelerar el paso a tecnolog\u00edas limpias que faciliten el desarrollo sostenibles del planeta, cada vez m\u00e1s en peligro.<\/p>\n<p>&nbsp;<\/p>\n<p>Mientras, dentro de su \u00faltimo d\u00eda en Nueva York, el presidente de EEUU, Joe Biden, tendr\u00e1 una reuni\u00f3n bilateral con su hom\u00f3logo brasile\u00f1o, Luiz In\u00e1cio Lula da Silva, con quien asistir\u00e1 a un evento de l\u00edderes sindicales de ambos pa\u00edses.<\/p>\n<p><strong>Fecha de publicaci\u00f3n mi\u00e9rcoles 20 de septiembre de 2023<\/strong><\/p>\n","protected":false},"excerpt":{"rendered":"<p>NACIONES UNIDAS \u2014 El Consejo de Seguridad de las Naciones Unidas se reunir\u00e1 este mi\u00e9rcoles&#8230;<\/p>\n","protected":false},"author":1,"featured_media":175168,"comment_status":"open","ping_status":"open","sticky":false,"template":"","format":"standard","meta":{"_monsterinsights_skip_tracking":false,"_monsterinsights_sitenote_active":false,"_monsterinsights_sitenote_note":"","_monsterinsights_sitenote_category":0,"footnotes":""},"categories":[3],"tags":[6843],"class_list":["post"],"yoast_head":" \n<title>Sonora en Equipo. Consejo de Seguridad de la ONU discutir\u00e1 la guerra en Ucrania en presencia de Zelenskyy MUNDO<\/title>\n<meta name=\"description\" content=\"NACIONES UNIDAS \u2014 El Consejo de Seguridad de las Naciones Unidas se reunir\u00e1 este mi\u00e9rcoles para discutir sobre la guerra en Ucrania en un encuentro en el En Sonora en Equipo publicamos toda la informaci\u00f3n de Sonora, M\u00e9xico y el Mundo de manera oportuna y busca que la libertad de expresi\u00f3n sea real. Visita nuestro medio informativo publicado desde Hermosillo, Sonora. %\" \/>\n<meta name=\"robots\" content=\"index, follow, max-snippet:-1, max-image-preview:large, max-video-preview:-1\" \/>\n<link rel=\"canonical\" href=\"https:\/\/www.sonoraenequipo.com.mx\/consejo-de-seguridad-de-la-onu-discutira-la-guerra-en-ucrania-en-presencia-de-zelenskyy\/\" \/>\n<meta property=\"og:locale\" content=\"es_ES\" \/>\n<meta property=\"og:type\" content=\"article\" \/>\n<meta property=\"og:title\" content=\"Sonora en Equipo. Consejo de Seguridad de la ONU discutir\u00e1 la guerra en Ucrania en presencia de Zelenskyy MUNDO\" \/>\n<meta property=\"og:description\" content=\"NACIONES UNIDAS \u2014 El Consejo de Seguridad de las Naciones Unidas se reunir\u00e1 este mi\u00e9rcoles para discutir sobre la guerra en Ucrania en un encuentro en el En Sonora en Equipo publicamos toda la informaci\u00f3n de Sonora, M\u00e9xico y el Mundo de manera oportuna y busca que la libertad de expresi\u00f3n sea real. Visita nuestro medio informativo publicado desde Hermosillo, Sonora. %\" \/>\n<meta property=\"og:url\" content=\"https:\/\/www.sonoraenequipo.com.mx\/consejo-de-seguridad-de-la-onu-discutira-la-guerra-en-ucrania-en-presencia-de-zelenskyy\/\" \/>\n<meta property=\"og:site_name\" content=\"Sonora en Equipo.\" \/>\n<meta property=\"article:publisher\" content=\"https:\/\/www.facebook.com\/SonoraEE\/\" \/>\n<meta property=\"article:author\" content=\"https:\/\/www.facebook.com\/SonoraEE\" \/>\n<meta property=\"article:published_time\" content=\"2023-09-20T17:21:54+00:00\" \/>\n<meta property=\"article:modified_time\" content=\"2023-09-21T01:36:58+00:00\" \/>\n<meta property=\"og:image\" content=\"https:\/\/www.sonoraenequipo.com.mx\/storage\/2023\/09\/zelensky.jpg\" \/>\n\t<meta property=\"og:image:width\" content=\"900\" \/>\n\t<meta property=\"og:image:height\" content=\"506\" \/>\n\t<meta property=\"og:image:type\" content=\"image\/jpeg\" \/>\n<meta name=\"author\" content=\"enequipo\" \/>\n<meta name=\"twitter:card\" content=\"summary_large_image\" \/>\n<meta name=\"twitter:creator\" content=\"@sonoraenequipo\" \/>\n<meta name=\"twitter:site\" content=\"@sonoraenequipo\" \/>\n<meta name=\"twitter:label1\" content=\"Escrito por\" \/>\n\t<meta name=\"twitter:data1\" content=\"enequipo\" \/>\n\t<meta name=\"twitter:label2\" content=\"Tiempo de lectura\" \/>\n\t<meta name=\"twitter:data2\" content=\"1 minuto\" \/>\n<script type=\"application\/ld+json\" class=\"yoast-schema-graph\">{\"@context\":\"https:\/\/schema.org\",\"@graph\":[{\"@type\":\"Article\",\"@id\":\"https:\/\/www.sonoraenequipo.com.mx\/consejo-de-seguridad-de-la-onu-discutira-la-guerra-en-ucrania-en-presencia-de-zelenskyy\/#article\",\"isPartOf\":{\"@id\":\"https:\/\/www.sonoraenequipo.com.mx\/consejo-de-seguridad-de-la-onu-discutira-la-guerra-en-ucrania-en-presencia-de-zelenskyy\/\"},\"author\":{\"name\":\"enequipo\",\"@id\":\"https:\/\/www.sonoraenequipo.com.mx\/#\/schema\/person\/50102df0fb23a8fa9e8effad8fa81386\"},\"headline\":\"Consejo de Seguridad de la ONU discutir\u00e1 la guerra en Ucrania en presencia de Zelenskyy\",\"datePublished\":\"2023-09-20T17:21:54+00:00\",\"dateModified\":\"2023-09-21T01:36:58+00:00\",\"mainEntityOfPage\":{\"@id\":\"https:\/\/www.sonoraenequipo.com.mx\/consejo-de-seguridad-de-la-onu-discutira-la-guerra-en-ucrania-en-presencia-de-zelenskyy\/\"},\"wordCount\":259,\"commentCount\":0,\"publisher\":{\"@id\":\"https:\/\/www.sonoraenequipo.com.mx\/#organization\"},\"image\":{\"@id\":\"https:\/\/www.sonoraenequipo.com.mx\/consejo-de-seguridad-de-la-onu-discutira-la-guerra-en-ucrania-en-presencia-de-zelenskyy\/#primaryimage\"},\"thumbnailUrl\":\"https:\/\/www.sonoraenequipo.com.mx\/storage\/2023\/09\/zelensky.jpg\",\"keywords\":[\"guerra rusia ucrania\"],\"articleSection\":[\"MUNDO\"],\"inLanguage\":\"es\",\"potentialAction\":[{\"@type\":\"CommentAction\",\"name\":\"Comment\",\"target\":[\"https:\/\/www.sonoraenequipo.com.mx\/consejo-de-seguridad-de-la-onu-discutira-la-guerra-en-ucrania-en-presencia-de-zelenskyy\/#respond\"]}]},{\"@type\":\"WebPage\",\"@id\":\"https:\/\/www.sonoraenequipo.com.mx\/consejo-de-seguridad-de-la-onu-discutira-la-guerra-en-ucrania-en-presencia-de-zelenskyy\/\",\"url\":\"https:\/\/www.sonoraenequipo.com.mx\/consejo-de-seguridad-de-la-onu-discutira-la-guerra-en-ucrania-en-presencia-de-zelenskyy\/\",\"name\":\"Sonora en Equipo. Consejo de Seguridad de la ONU discutir\u00e1 la guerra en Ucrania en presencia de Zelenskyy MUNDO\",\"isPartOf\":{\"@id\":\"https:\/\/www.sonoraenequipo.com.mx\/#website\"},\"primaryImageOfPage\":{\"@id\":\"https:\/\/www.sonoraenequipo.com.mx\/consejo-de-seguridad-de-la-onu-discutira-la-guerra-en-ucrania-en-presencia-de-zelenskyy\/#primaryimage\"},\"image\":{\"@id\":\"https:\/\/www.sonoraenequipo.com.mx\/consejo-de-seguridad-de-la-onu-discutira-la-guerra-en-ucrania-en-presencia-de-zelenskyy\/#primaryimage\"},\"thumbnailUrl\":\"https:\/\/www.sonoraenequipo.com.mx\/storage\/2023\/09\/zelensky.jpg\",\"datePublished\":\"2023-09-20T17:21:54+00:00\",\"dateModified\":\"2023-09-21T01:36:58+00:00\",\"description\":\"NACIONES UNIDAS \u2014 El Consejo de Seguridad de las Naciones Unidas se reunir\u00e1 este mi\u00e9rcoles para discutir sobre la guerra en Ucrania en un encuentro en el En Sonora en Equipo publicamos toda la informaci\u00f3n de Sonora, M\u00e9xico y el Mundo de manera oportuna y busca que la libertad de expresi\u00f3n sea real. Visita nuestro medio informativo publicado desde Hermosillo, Sonora. %\",\"breadcrumb\":{\"@id\":\"https:\/\/www.sonoraenequipo.com.mx\/consejo-de-seguridad-de-la-onu-discutira-la-guerra-en-ucrania-en-presencia-de-zelenskyy\/#breadcrumb\"},\"inLanguage\":\"es\",\"potentialAction\":[{\"@type\":\"ReadAction\",\"target\":[\"https:\/\/www.sonoraenequipo.com.mx\/consejo-de-seguridad-de-la-onu-discutira-la-guerra-en-ucrania-en-presencia-de-zelenskyy\/\"]}]},{\"@type\":\"ImageObject\",\"inLanguage\":\"es\",\"@id\":\"https:\/\/www.sonoraenequipo.com.mx\/consejo-de-seguridad-de-la-onu-discutira-la-guerra-en-ucrania-en-presencia-de-zelenskyy\/#primaryimage\",\"url\":\"https:\/\/www.sonoraenequipo.com.mx\/storage\/2023\/09\/zelensky.jpg\",\"contentUrl\":\"https:\/\/www.sonoraenequipo.com.mx\/storage\/2023\/09\/zelensky.jpg\",\"width\":900,\"height\":506},{\"@type\":\"BreadcrumbList\",\"@id\":\"https:\/\/www.sonoraenequipo.com.mx\/consejo-de-seguridad-de-la-onu-discutira-la-guerra-en-ucrania-en-presencia-de-zelenskyy\/#breadcrumb\",\"itemListElement\":[{\"@type\":\"ListItem\",\"position\":1,\"name\":\"Portada\",\"item\":\"https:\/\/www.sonoraenequipo.com.mx\/\"},{\"@type\":\"ListItem\",\"position\":2,\"name\":\"Consejo de Seguridad de la ONU discutir\u00e1 la guerra en Ucrania en presencia de Zelenskyy\"}]},{\"@type\":\"WebSite\",\"@id\":\"https:\/\/www.sonoraenequipo.com.mx\/#website\",\"url\":\"https:\/\/www.sonoraenequipo.com.mx\/\",\"name\":\"Sonora en Equipo.\",\"description\":\"Diario en l\u00ednea con Noticias desde Hermosillo, Sonora\",\"publisher\":{\"@id\":\"https:\/\/www.sonoraenequipo.com.mx\/#organization\"},\"potentialAction\":[{\"@type\":\"SearchAction\",\"target\":{\"@type\":\"EntryPoint\",\"urlTemplate\":\"https:\/\/www.sonoraenequipo.com.mx\/?s={search_term_string}\"},\"query-input\":{\"@type\":\"PropertyValueSpecification\",\"valueRequired\":true,\"valueName\":\"search_term_string\"}}],\"inLanguage\":\"es\"},{\"@type\":\"Organization\",\"@id\":\"https:\/\/www.sonoraenequipo.com.mx\/#organization\",\"name\":\"Sonoraenequipo.com.mx\",\"url\":\"https:\/\/www.sonoraenequipo.com.mx\/\",\"logo\":{\"@type\":\"ImageObject\",\"inLanguage\":\"es\",\"@id\":\"https:\/\/www.sonoraenequipo.com.mx\/#\/schema\/logo\/image\/\",\"url\":\"https:\/\/www.sonoraenequipo.com.mx\/storage\/2019\/01\/sonoraenequipo_opt.png\",\"contentUrl\":\"https:\/\/www.sonoraenequipo.com.mx\/storage\/2019\/01\/sonoraenequipo_opt.png\",\"width\":375,\"height\":125,\"caption\":\"Sonoraenequipo.com.mx\"},\"image\":{\"@id\":\"https:\/\/www.sonoraenequipo.com.mx\/#\/schema\/logo\/image\/\"},\"sameAs\":[\"https:\/\/www.facebook.com\/SonoraEE\/\",\"https:\/\/x.com\/sonoraenequipo\",\"https:\/\/www.youtube.com\/channel\/UC338nW-lPEYmJQs4ZABQ1SQ\"]},{\"@type\":\"Person\",\"@id\":\"https:\/\/www.sonoraenequipo.com.mx\/#\/schema\/person\/50102df0fb23a8fa9e8effad8fa81386\",\"name\":\"enequipo\",\"image\":{\"@type\":\"ImageObject\",\"inLanguage\":\"es\",\"@id\":\"https:\/\/www.sonoraenequipo.com.mx\/#\/schema\/person\/image\/\",\"url\":\"https:\/\/secure.gravatar.com\/avatar\/049821681b589dabc0bc20695993ccebb09f5b5d4d790cd9251b97faac7c652b?s=96&d=blank&r=g\",\"contentUrl\":\"https:\/\/secure.gravatar.com\/avatar\/049821681b589dabc0bc20695993ccebb09f5b5d4d790cd9251b97faac7c652b?s=96&d=blank&r=g\",\"caption\":\"enequipo\"},\"sameAs\":[\"https:\/\/www.facebook.com\/SonoraEE\"]}]}<\/script>\n ","yoast_head_json":{"title":"Sonora en Equipo. Consejo de Seguridad de la ONU discutir\u00e1 la guerra en Ucrania en presencia de Zelenskyy MUNDO","description":"NACIONES UNIDAS \u2014 El Consejo de Seguridad de las Naciones Unidas se reunir\u00e1 este mi\u00e9rcoles para discutir sobre la guerra en Ucrania en un encuentro en el En Sonora en Equipo publicamos toda la informaci\u00f3n de Sonora, M\u00e9xico y el Mundo de manera oportuna y busca que la libertad de expresi\u00f3n sea real. Visita nuestro medio informativo publicado desde Hermosillo, Sonora. %","robots":{"index":"index","follow":"follow","max-snippet":"max-snippet:-1","max-image-preview":"max-image-preview:large","max-video-preview":"max-video-preview:-1"},"canonical":"https:\/\/www.sonoraenequipo.com.mx\/consejo-de-seguridad-de-la-onu-discutira-la-guerra-en-ucrania-en-presencia-de-zelenskyy\/","og_locale":"es_ES","og_type":"article","og_title":"Sonora en Equipo. Consejo de Seguridad de la ONU discutir\u00e1 la guerra en Ucrania en presencia de Zelenskyy MUNDO","og_description":"NACIONES UNIDAS \u2014 El Consejo de Seguridad de las Naciones Unidas se reunir\u00e1 este mi\u00e9rcoles para discutir sobre la guerra en Ucrania en un encuentro en el En Sonora en Equipo publicamos toda la informaci\u00f3n de Sonora, M\u00e9xico y el Mundo de manera oportuna y busca que la libertad de expresi\u00f3n sea real. Visita nuestro medio informativo publicado desde Hermosillo, Sonora. %","og_url":"https:\/\/www.sonoraenequipo.com.mx\/consejo-de-seguridad-de-la-onu-discutira-la-guerra-en-ucrania-en-presencia-de-zelenskyy\/","og_site_name":"Sonora en Equipo.","article_publisher":"https:\/\/www.facebook.com\/SonoraEE\/","article_author":"https:\/\/www.facebook.com\/SonoraEE","article_published_time":"2023-09-20T17:21:54+00:00","article_modified_time":"2023-09-21T01:36:58+00:00","og_image":[{"width":900,"height":506,"url":"https:\/\/www.sonoraenequipo.com.mx\/storage\/2023\/09\/zelensky.jpg","type":"image\/jpeg"}],"author":"enequipo","twitter_card":"summary_large_image","twitter_creator":"@sonoraenequipo","twitter_site":"@sonoraenequipo","twitter_misc":{"Escrito por":"enequipo","Tiempo de lectura":"1 minuto"},"schema":{"@context":"https:\/\/schema.org","@graph":[{"@type":"Article","@id":"https:\/\/www.sonoraenequipo.com.mx\/consejo-de-seguridad-de-la-onu-discutira-la-guerra-en-ucrania-en-presencia-de-zelenskyy\/#article","isPartOf":{"@id":"https:\/\/www.sonoraenequipo.com.mx\/consejo-de-seguridad-de-la-onu-discutira-la-guerra-en-ucrania-en-presencia-de-zelenskyy\/"},"author":{"name":"enequipo","@id":"https:\/\/www.sonoraenequipo.com.mx\/#\/schema\/person\/50102df0fb23a8fa9e8effad8fa81386"},"headline":"Consejo de Seguridad de la ONU discutir\u00e1 la guerra en Ucrania en presencia de Zelenskyy","datePublished":"2023-09-20T17:21:54+00:00","dateModified":"2023-09-21T01:36:58+00:00","mainEntityOfPage":{"@id":"https:\/\/www.sonoraenequipo.com.mx\/consejo-de-seguridad-de-la-onu-discutira-la-guerra-en-ucrania-en-presencia-de-zelenskyy\/"},"wordCount":259,"commentCount":0,"publisher":{"@id":"https:\/\/www.sonoraenequipo.com.mx\/#organization"},"image":{"@id":"https:\/\/www.sonoraenequipo.com.mx\/consejo-de-seguridad-de-la-onu-discutira-la-guerra-en-ucrania-en-presencia-de-zelenskyy\/#primaryimage"},"thumbnailUrl":"https:\/\/www.sonoraenequipo.com.mx\/storage\/2023\/09\/zelensky.jpg","keywords":["guerra rusia ucrania"],"articleSection":["MUNDO"],"inLanguage":"es","potentialAction":[{"@type":"CommentAction","name":"Comment","target":["https:\/\/www.sonoraenequipo.com.mx\/consejo-de-seguridad-de-la-onu-discutira-la-guerra-en-ucrania-en-presencia-de-zelenskyy\/#respond"]}]},{"@type":"WebPage","@id":"https:\/\/www.sonoraenequipo.com.mx\/consejo-de-seguridad-de-la-onu-discutira-la-guerra-en-ucrania-en-presencia-de-zelenskyy\/","url":"https:\/\/www.sonoraenequipo.com.mx\/consejo-de-seguridad-de-la-onu-discutira-la-guerra-en-ucrania-en-presencia-de-zelenskyy\/","name":"Sonora en Equipo. Consejo de Seguridad de la ONU discutir\u00e1 la guerra en Ucrania en presencia de Zelenskyy MUNDO","isPartOf":{"@id":"https:\/\/www.sonoraenequipo.com.mx\/#website"},"primaryImageOfPage":{"@id":"https:\/\/www.sonoraenequipo.com.mx\/consejo-de-seguridad-de-la-onu-discutira-la-guerra-en-ucrania-en-presencia-de-zelenskyy\/#primaryimage"},"image":{"@id":"https:\/\/www.sonoraenequipo.com.mx\/consejo-de-seguridad-de-la-onu-discutira-la-guerra-en-ucrania-en-presencia-de-zelenskyy\/#primaryimage"},"thumbnailUrl":"https:\/\/www.sonoraenequipo.com.mx\/storage\/2023\/09\/zelensky.jpg","datePublished":"2023-09-20T17:21:54+00:00","dateModified":"2023-09-21T01:36:58+00:00","description":"NACIONES UNIDAS \u2014 El Consejo de Seguridad de las Naciones Unidas se reunir\u00e1 este mi\u00e9rcoles para discutir sobre la guerra en Ucrania en un encuentro en el En Sonora en Equipo publicamos toda la informaci\u00f3n de Sonora, M\u00e9xico y el Mundo de manera oportuna y busca que la libertad de expresi\u00f3n sea real. Visita nuestro medio informativo publicado desde Hermosillo, Sonora. %","breadcrumb":{"@id":"https:\/\/www.sonoraenequipo.com.mx\/consejo-de-seguridad-de-la-onu-discutira-la-guerra-en-ucrania-en-presencia-de-zelenskyy\/#breadcrumb"},"inLanguage":"es","potentialAction":[{"@type":"ReadAction","target":["https:\/\/www.sonoraenequipo.com.mx\/consejo-de-seguridad-de-la-onu-discutira-la-guerra-en-ucrania-en-presencia-de-zelenskyy\/"]}]},{"@type":"ImageObject","inLanguage":"es","@id":"https:\/\/www.sonoraenequipo.com.mx\/consejo-de-seguridad-de-la-onu-discutira-la-guerra-en-ucrania-en-presencia-de-zelenskyy\/#primaryimage","url":"https:\/\/www.sonoraenequipo.com.mx\/storage\/2023\/09\/zelensky.jpg","contentUrl":"https:\/\/www.sonoraenequipo.com.mx\/storage\/2023\/09\/zelensky.jpg","width":900,"height":506},{"@type":"BreadcrumbList","@id":"https:\/\/www.sonoraenequipo.com.mx\/consejo-de-seguridad-de-la-onu-discutira-la-guerra-en-ucrania-en-presencia-de-zelenskyy\/#breadcrumb","itemListElement":[{"@type":"ListItem","position":1,"name":"Portada","item":"https:\/\/www.sonoraenequipo.com.mx\/"},{"@type":"ListItem","position":2,"name":"Consejo de Seguridad de la ONU discutir\u00e1 la guerra en Ucrania en presencia de Zelenskyy"}]},{"@type":"WebSite","@id":"https:\/\/www.sonoraenequipo.com.mx\/#website","url":"https:\/\/www.sonoraenequipo.com.mx\/","name":"Sonora en Equipo.","description":"Diario en l\u00ednea con Noticias desde Hermosillo, Sonora","publisher":{"@id":"https:\/\/www.sonoraenequipo.com.mx\/#organization"},"potentialAction":[{"@type":"SearchAction","target":{"@type":"EntryPoint","urlTemplate":"https:\/\/www.sonoraenequipo.com.mx\/?s={search_term_string}"},"query-input":{"@type":"PropertyValueSpecification","valueRequired":true,"valueName":"search_term_string"}}],"inLanguage":"es"},{"@type":"Organization","@id":"https:\/\/www.sonoraenequipo.com.mx\/#organization","name":"Sonoraenequipo.com.mx","url":"https:\/\/www.sonoraenequipo.com.mx\/","logo":{"@type":"ImageObject","inLanguage":"es","@id":"https:\/\/www.sonoraenequipo.com.mx\/#\/schema\/logo\/image\/","url":"https:\/\/www.sonoraenequipo.com.mx\/storage\/2019\/01\/sonoraenequipo_opt.png","contentUrl":"https:\/\/www.sonoraenequipo.com.mx\/storage\/2019\/01\/sonoraenequipo_opt.png","width":375,"height":125,"caption":"Sonoraenequipo.com.mx"},"image":{"@id":"https:\/\/www.sonoraenequipo.com.mx\/#\/schema\/logo\/image\/"},"sameAs":["https:\/\/www.facebook.com\/SonoraEE\/","https:\/\/x.com\/sonoraenequipo","https:\/\/www.youtube.com\/channel\/UC338nW-lPEYmJQs4ZABQ1SQ"]},{"@type":"Person","@id":"https:\/\/www.sonoraenequipo.com.mx\/#\/schema\/person\/50102df0fb23a8fa9e8effad8fa81386","name":"enequipo","image":{"@type":"ImageObject","inLanguage":"es","@id":"https:\/\/www.sonoraenequipo.com.mx\/#\/schema\/person\/image\/","url":"https:\/\/secure.gravatar.com\/avatar\/049821681b589dabc0bc20695993ccebb09f5b5d4d790cd9251b97faac7c652b?s=96&d=blank&r=g","contentUrl":"https:\/\/secure.gravatar.com\/avatar\/049821681b589dabc0bc20695993ccebb09f5b5d4d790cd9251b97faac7c652b?s=96&d=blank&r=g","caption":"enequipo"},"sameAs":["https:\/\/www.facebook.com\/SonoraEE"]}]}},"jetpack_featured_media_url":"https:\/\/www.sonoraenequipo.com.mx\/storage\/2023\/09\/zelensky.jpg","_links":{"self":[{"href":"https:\/\/www.sonoraenequipo.com.mx\/api\/wp\/v2\/posts\/175167","targetHints":{"allow":["GET"]}}],"collection":[{"href":"https:\/\/www.sonoraenequipo.com.mx\/api\/wp\/v2\/posts"}],"about":[{"href":"https:\/\/www.sonoraenequipo.com.mx\/api\/wp\/v2\/types\/post"}],"author":[{"embeddable":true,"href":"https:\/\/www.sonoraenequipo.com.mx\/api\/wp\/v2\/users\/1"}],"replies":[{"embeddable":true,"href":"https:\/\/www.sonoraenequipo.com.mx\/api\/wp\/v2\/comments?post=175167"}],"version-history":[{"count":1,"href":"https:\/\/www.sonoraenequipo.com.mx\/api\/wp\/v2\/posts\/175167\/revisions"}],"predecessor-version":[{"id":175169,"href":"https:\/\/www.sonoraenequipo.com.mx\/api\/wp\/v2\/posts\/175167\/revisions\/175169"}],"wp:featuredmedia":[{"embeddable":true,"href":"https:\/\/www.sonoraenequipo.com.mx\/api\/wp\/v2\/media\/175168"}],"wp:attachment":[{"href":"https:\/\/www.sonoraenequipo.com.mx\/api\/wp\/v2\/media?parent=175167"}],"wp:term":[{"taxonomy":"category","embeddable":true,"href":"https:\/\/www.sonoraenequipo.com.mx\/api\/wp\/v2\/categories?post=175167"},{"taxonomy":"post_tag","embeddable":true,"href":"https:\/\/www.sonoraenequipo.com.mx\/api\/wp\/v2\/tags?post=175167"}],"curies":[{"name":"wp","href":"https:\/\/api.w.org\/{rel}","templated":true}]}}