{"id":175412,"date":"2023-09-23T17:16:26","date_gmt":"2023-09-24T00:16:26","guid":{"rendered":"https:\/\/www.sonoraenequipo.com.mx\/?p=175412"},"modified":"2023-09-23T21:28:09","modified_gmt":"2023-09-24T04:28:09","slug":"arranca-sonora-participacion-en-tianguis-internacional-de-pueblos-magicos-en-los-angeles","status":"publish","type":"post","link":"https:\/\/www.sonoraenequipo.com.mx\/arranca-sonora-participacion-en-tianguis-internacional-de-pueblos-magicos-en-los-angeles\/","title":{"rendered":"Arranca Sonora participaci\u00f3n en Tianguis Internacional de Pueblos M\u00e1gicos en Los \u00c1ngeles"},"content":{"rendered":"<h3><strong>\u00a0Con la participaci\u00f3n de los 177 pueblos m\u00e1gicos de todo el pa\u00eds, Sonora presenta a \u00c1lamos, Magdalena de Kino, San Carlos y Ures<\/strong><\/h3>\n<p>&nbsp;<\/p>\n<p><strong>LOS \u00c1NGELES, CALIFORNIA. ESTADOS UNIDOS. \u2014<\/strong> El Gobierno del Estado de Sonora, a trav\u00e9s de la Secretar\u00eda de Turismo, inicia su participaci\u00f3n en la segunda edici\u00f3n del Tianguis Internacional de Pueblos M\u00e1gicos 2023, llevado a cabo en Los \u00c1ngeles, California.<\/p>\n<p>&nbsp;<\/p>\n<p> Del 22 al 24 de septiembre, Sonora enaltecer\u00e1 los nombres de sus cuatro pueblos m\u00e1gicos, \u00c1lamos, Magdalena de Kino, San Carlos y Ures con la finalidad de atraer un mayor flujo de turismo del estado de California.<\/p>\n<p>&nbsp;<\/p>\n<p>El secretario de Turismo Federal, Miguel Torruco Marqu\u00e9s, expres\u00f3 que el objetivo es que la derrama econ\u00f3mica del turismo llegue hasta lo m\u00e1s profundo de las comunidades de M\u00e9xico, para que se conozca su cultura, sabores e historia a nivel internacional.<\/p>\n<p>&nbsp;<\/p>\n<p><em><strong>\u201cQueremos transcender en la promoci\u00f3n de M\u00e9xico hac\u00eda otros pa\u00edses, en la Ciudad de los \u00c1ngeles California viven 4.2 millones de mexicanos, y es un estado transportador de turismo en el pa\u00eds, vamos por buen camino\u201d<\/strong> <\/em>coment\u00f3 Torruco Marqu\u00e9s.<\/p>\n<p>&nbsp;<\/p>\n<p>Por su parte, Roberto Gradillas Pineda, Secretario de Turismo del estado de Sonora, comparti\u00f3 su entusiasmo de presentar ante la comunidad californiana las maravillas que los pueblos m\u00e1gicos de Sonora tienen por ofrecer.<\/p>\n<p>&nbsp;<\/p>\n<p><em><strong>\u201cSonora se presenta en este tianguis con sus 4 pueblos m\u00e1gicos, los cuales los van a enamorar y maravillar con su gran historia y excelente gastronom\u00eda pero sobre todo la calidad y calidez de su gente que siempre recibe a todos con los brazos abiertos\u201d<\/strong> <\/em>expres\u00f3 Gradillas Pineda<\/p>\n<p>&nbsp;<\/p>\n<p>Esta es la segunda edici\u00f3n del Tianguis internacional de Pueblos M\u00e1gicos donde participan 177 y se espera una asistencia miles de visitantes latinos que viven en el \u00e1rea de Los \u00c1ngeles y condados que lo rodean.<\/p>\n<p>&nbsp;<\/p>\n<p>PUBLICADO EL 23 SEPTIEMBRE DE 2023\/ Con informaci\u00f3n de GOBSON . 0923-082)<\/p>\n","protected":false},"excerpt":{"rendered":"<p>\u00a0Con la participaci\u00f3n de los 177 pueblos m\u00e1gicos de todo el pa\u00eds, Sonora presenta a&#8230;<\/p>\n","protected":false},"author":1,"featured_media":175413,"comment_status":"open","ping_status":"open","sticky":false,"template":"","format":"standard","meta":{"_monsterinsights_skip_tracking":false,"_monsterinsights_sitenote_active":false,"_monsterinsights_sitenote_note":"","_monsterinsights_sitenote_category":0,"footnotes":""},"categories":[3],"tags":[],"class_list":["post"],"yoast_head":" \n<title>Sonora en Equipo. Arranca Sonora participaci\u00f3n en Tianguis Internacional de Pueblos M\u00e1gicos en Los \u00c1ngeles MUNDO<\/title>\n<meta name=\"description\" content=\"\u00a0Con la participaci\u00f3n de los 177 pueblos m\u00e1gicos de todo el pa\u00eds, Sonora presenta a \u00c1lamos, Magdalena de Kino, San Carlos y Ures &nbsp; LOS \u00c1NGELES, En Sonora en Equipo publicamos toda la informaci\u00f3n de Sonora, M\u00e9xico y el Mundo de manera oportuna y busca que la libertad de expresi\u00f3n sea real. Visita nuestro medio informativo publicado desde Hermosillo, Sonora. %\" \/>\n<meta name=\"robots\" content=\"index, follow, max-snippet:-1, max-image-preview:large, max-video-preview:-1\" \/>\n<link rel=\"canonical\" href=\"https:\/\/www.sonoraenequipo.com.mx\/arranca-sonora-participacion-en-tianguis-internacional-de-pueblos-magicos-en-los-angeles\/\" \/>\n<meta property=\"og:locale\" content=\"es_ES\" \/>\n<meta property=\"og:type\" content=\"article\" \/>\n<meta property=\"og:title\" content=\"Sonora en Equipo. Arranca Sonora participaci\u00f3n en Tianguis Internacional de Pueblos M\u00e1gicos en Los \u00c1ngeles MUNDO\" \/>\n<meta property=\"og:description\" content=\"\u00a0Con la participaci\u00f3n de los 177 pueblos m\u00e1gicos de todo el pa\u00eds, Sonora presenta a \u00c1lamos, Magdalena de Kino, San Carlos y Ures &nbsp; LOS \u00c1NGELES, En Sonora en Equipo publicamos toda la informaci\u00f3n de Sonora, M\u00e9xico y el Mundo de manera oportuna y busca que la libertad de expresi\u00f3n sea real. Visita nuestro medio informativo publicado desde Hermosillo, Sonora. %\" \/>\n<meta property=\"og:url\" content=\"https:\/\/www.sonoraenequipo.com.mx\/arranca-sonora-participacion-en-tianguis-internacional-de-pueblos-magicos-en-los-angeles\/\" \/>\n<meta property=\"og:site_name\" content=\"Sonora en Equipo.\" \/>\n<meta property=\"article:publisher\" content=\"https:\/\/www.facebook.com\/SonoraEE\/\" \/>\n<meta property=\"article:author\" content=\"https:\/\/www.facebook.com\/SonoraEE\" \/>\n<meta property=\"article:published_time\" content=\"2023-09-24T00:16:26+00:00\" \/>\n<meta property=\"article:modified_time\" content=\"2023-09-24T04:28:09+00:00\" \/>\n<meta property=\"og:image\" content=\"https:\/\/www.sonoraenequipo.com.mx\/storage\/2023\/09\/Tianguis-Internacional-de-Pueblos-Magicos-en-Los-Angeles5-min.jpeg\" \/>\n\t<meta property=\"og:image:width\" content=\"1200\" \/>\n\t<meta property=\"og:image:height\" content=\"800\" \/>\n\t<meta property=\"og:image:type\" content=\"image\/jpeg\" \/>\n<meta name=\"author\" content=\"enequipo\" \/>\n<meta name=\"twitter:card\" content=\"summary_large_image\" \/>\n<meta name=\"twitter:creator\" content=\"@sonoraenequipo\" \/>\n<meta name=\"twitter:site\" content=\"@sonoraenequipo\" \/>\n<meta name=\"twitter:label1\" content=\"Escrito por\" \/>\n\t<meta name=\"twitter:data1\" content=\"enequipo\" \/>\n\t<meta name=\"twitter:label2\" content=\"Tiempo de lectura\" \/>\n\t<meta name=\"twitter:data2\" content=\"2 minutos\" \/>\n<script type=\"application\/ld+json\" class=\"yoast-schema-graph\">{\"@context\":\"https:\/\/schema.org\",\"@graph\":[{\"@type\":\"Article\",\"@id\":\"https:\/\/www.sonoraenequipo.com.mx\/arranca-sonora-participacion-en-tianguis-internacional-de-pueblos-magicos-en-los-angeles\/#article\",\"isPartOf\":{\"@id\":\"https:\/\/www.sonoraenequipo.com.mx\/arranca-sonora-participacion-en-tianguis-internacional-de-pueblos-magicos-en-los-angeles\/\"},\"author\":{\"name\":\"enequipo\",\"@id\":\"https:\/\/www.sonoraenequipo.com.mx\/#\/schema\/person\/50102df0fb23a8fa9e8effad8fa81386\"},\"headline\":\"Arranca Sonora participaci\u00f3n en Tianguis Internacional de Pueblos M\u00e1gicos en Los \u00c1ngeles\",\"datePublished\":\"2023-09-24T00:16:26+00:00\",\"dateModified\":\"2023-09-24T04:28:09+00:00\",\"mainEntityOfPage\":{\"@id\":\"https:\/\/www.sonoraenequipo.com.mx\/arranca-sonora-participacion-en-tianguis-internacional-de-pueblos-magicos-en-los-angeles\/\"},\"wordCount\":345,\"commentCount\":0,\"publisher\":{\"@id\":\"https:\/\/www.sonoraenequipo.com.mx\/#organization\"},\"image\":{\"@id\":\"https:\/\/www.sonoraenequipo.com.mx\/arranca-sonora-participacion-en-tianguis-internacional-de-pueblos-magicos-en-los-angeles\/#primaryimage\"},\"thumbnailUrl\":\"https:\/\/www.sonoraenequipo.com.mx\/storage\/2023\/09\/Tianguis-Internacional-de-Pueblos-Magicos-en-Los-Angeles5-min.jpeg\",\"articleSection\":[\"MUNDO\"],\"inLanguage\":\"es\",\"potentialAction\":[{\"@type\":\"CommentAction\",\"name\":\"Comment\",\"target\":[\"https:\/\/www.sonoraenequipo.com.mx\/arranca-sonora-participacion-en-tianguis-internacional-de-pueblos-magicos-en-los-angeles\/#respond\"]}]},{\"@type\":\"WebPage\",\"@id\":\"https:\/\/www.sonoraenequipo.com.mx\/arranca-sonora-participacion-en-tianguis-internacional-de-pueblos-magicos-en-los-angeles\/\",\"url\":\"https:\/\/www.sonoraenequipo.com.mx\/arranca-sonora-participacion-en-tianguis-internacional-de-pueblos-magicos-en-los-angeles\/\",\"name\":\"Sonora en Equipo. Arranca Sonora participaci\u00f3n en Tianguis Internacional de Pueblos M\u00e1gicos en Los \u00c1ngeles MUNDO\",\"isPartOf\":{\"@id\":\"https:\/\/www.sonoraenequipo.com.mx\/#website\"},\"primaryImageOfPage\":{\"@id\":\"https:\/\/www.sonoraenequipo.com.mx\/arranca-sonora-participacion-en-tianguis-internacional-de-pueblos-magicos-en-los-angeles\/#primaryimage\"},\"image\":{\"@id\":\"https:\/\/www.sonoraenequipo.com.mx\/arranca-sonora-participacion-en-tianguis-internacional-de-pueblos-magicos-en-los-angeles\/#primaryimage\"},\"thumbnailUrl\":\"https:\/\/www.sonoraenequipo.com.mx\/storage\/2023\/09\/Tianguis-Internacional-de-Pueblos-Magicos-en-Los-Angeles5-min.jpeg\",\"datePublished\":\"2023-09-24T00:16:26+00:00\",\"dateModified\":\"2023-09-24T04:28:09+00:00\",\"description\":\"\u00a0Con la participaci\u00f3n de los 177 pueblos m\u00e1gicos de todo el pa\u00eds, Sonora presenta a \u00c1lamos, Magdalena de Kino, San Carlos y Ures &nbsp; LOS \u00c1NGELES, En Sonora en Equipo publicamos toda la informaci\u00f3n de Sonora, M\u00e9xico y el Mundo de manera oportuna y busca que la libertad de expresi\u00f3n sea real. Visita nuestro medio informativo publicado desde Hermosillo, Sonora. %\",\"breadcrumb\":{\"@id\":\"https:\/\/www.sonoraenequipo.com.mx\/arranca-sonora-participacion-en-tianguis-internacional-de-pueblos-magicos-en-los-angeles\/#breadcrumb\"},\"inLanguage\":\"es\",\"potentialAction\":[{\"@type\":\"ReadAction\",\"target\":[\"https:\/\/www.sonoraenequipo.com.mx\/arranca-sonora-participacion-en-tianguis-internacional-de-pueblos-magicos-en-los-angeles\/\"]}]},{\"@type\":\"ImageObject\",\"inLanguage\":\"es\",\"@id\":\"https:\/\/www.sonoraenequipo.com.mx\/arranca-sonora-participacion-en-tianguis-internacional-de-pueblos-magicos-en-los-angeles\/#primaryimage\",\"url\":\"https:\/\/www.sonoraenequipo.com.mx\/storage\/2023\/09\/Tianguis-Internacional-de-Pueblos-Magicos-en-Los-Angeles5-min.jpeg\",\"contentUrl\":\"https:\/\/www.sonoraenequipo.com.mx\/storage\/2023\/09\/Tianguis-Internacional-de-Pueblos-Magicos-en-Los-Angeles5-min.jpeg\",\"width\":1200,\"height\":800},{\"@type\":\"BreadcrumbList\",\"@id\":\"https:\/\/www.sonoraenequipo.com.mx\/arranca-sonora-participacion-en-tianguis-internacional-de-pueblos-magicos-en-los-angeles\/#breadcrumb\",\"itemListElement\":[{\"@type\":\"ListItem\",\"position\":1,\"name\":\"Portada\",\"item\":\"https:\/\/www.sonoraenequipo.com.mx\/\"},{\"@type\":\"ListItem\",\"position\":2,\"name\":\"Arranca Sonora participaci\u00f3n en Tianguis Internacional de Pueblos M\u00e1gicos en Los \u00c1ngeles\"}]},{\"@type\":\"WebSite\",\"@id\":\"https:\/\/www.sonoraenequipo.com.mx\/#website\",\"url\":\"https:\/\/www.sonoraenequipo.com.mx\/\",\"name\":\"Sonora en Equipo.\",\"description\":\"Diario en l\u00ednea con Noticias desde Hermosillo, Sonora\",\"publisher\":{\"@id\":\"https:\/\/www.sonoraenequipo.com.mx\/#organization\"},\"potentialAction\":[{\"@type\":\"SearchAction\",\"target\":{\"@type\":\"EntryPoint\",\"urlTemplate\":\"https:\/\/www.sonoraenequipo.com.mx\/?s={search_term_string}\"},\"query-input\":{\"@type\":\"PropertyValueSpecification\",\"valueRequired\":true,\"valueName\":\"search_term_string\"}}],\"inLanguage\":\"es\"},{\"@type\":\"Organization\",\"@id\":\"https:\/\/www.sonoraenequipo.com.mx\/#organization\",\"name\":\"Sonoraenequipo.com.mx\",\"url\":\"https:\/\/www.sonoraenequipo.com.mx\/\",\"logo\":{\"@type\":\"ImageObject\",\"inLanguage\":\"es\",\"@id\":\"https:\/\/www.sonoraenequipo.com.mx\/#\/schema\/logo\/image\/\",\"url\":\"https:\/\/www.sonoraenequipo.com.mx\/storage\/2019\/01\/sonoraenequipo_opt.png\",\"contentUrl\":\"https:\/\/www.sonoraenequipo.com.mx\/storage\/2019\/01\/sonoraenequipo_opt.png\",\"width\":375,\"height\":125,\"caption\":\"Sonoraenequipo.com.mx\"},\"image\":{\"@id\":\"https:\/\/www.sonoraenequipo.com.mx\/#\/schema\/logo\/image\/\"},\"sameAs\":[\"https:\/\/www.facebook.com\/SonoraEE\/\",\"https:\/\/x.com\/sonoraenequipo\",\"https:\/\/www.youtube.com\/channel\/UC338nW-lPEYmJQs4ZABQ1SQ\"]},{\"@type\":\"Person\",\"@id\":\"https:\/\/www.sonoraenequipo.com.mx\/#\/schema\/person\/50102df0fb23a8fa9e8effad8fa81386\",\"name\":\"enequipo\",\"image\":{\"@type\":\"ImageObject\",\"inLanguage\":\"es\",\"@id\":\"https:\/\/www.sonoraenequipo.com.mx\/#\/schema\/person\/image\/\",\"url\":\"https:\/\/secure.gravatar.com\/avatar\/049821681b589dabc0bc20695993ccebb09f5b5d4d790cd9251b97faac7c652b?s=96&d=blank&r=g\",\"contentUrl\":\"https:\/\/secure.gravatar.com\/avatar\/049821681b589dabc0bc20695993ccebb09f5b5d4d790cd9251b97faac7c652b?s=96&d=blank&r=g\",\"caption\":\"enequipo\"},\"sameAs\":[\"https:\/\/www.facebook.com\/SonoraEE\"]}]}<\/script>\n ","yoast_head_json":{"title":"Sonora en Equipo. Arranca Sonora participaci\u00f3n en Tianguis Internacional de Pueblos M\u00e1gicos en Los \u00c1ngeles MUNDO","description":"\u00a0Con la participaci\u00f3n de los 177 pueblos m\u00e1gicos de todo el pa\u00eds, Sonora presenta a \u00c1lamos, Magdalena de Kino, San Carlos y Ures &nbsp; LOS \u00c1NGELES, En Sonora en Equipo publicamos toda la informaci\u00f3n de Sonora, M\u00e9xico y el Mundo de manera oportuna y busca que la libertad de expresi\u00f3n sea real. Visita nuestro medio informativo publicado desde Hermosillo, Sonora. %","robots":{"index":"index","follow":"follow","max-snippet":"max-snippet:-1","max-image-preview":"max-image-preview:large","max-video-preview":"max-video-preview:-1"},"canonical":"https:\/\/www.sonoraenequipo.com.mx\/arranca-sonora-participacion-en-tianguis-internacional-de-pueblos-magicos-en-los-angeles\/","og_locale":"es_ES","og_type":"article","og_title":"Sonora en Equipo. Arranca Sonora participaci\u00f3n en Tianguis Internacional de Pueblos M\u00e1gicos en Los \u00c1ngeles MUNDO","og_description":"\u00a0Con la participaci\u00f3n de los 177 pueblos m\u00e1gicos de todo el pa\u00eds, Sonora presenta a \u00c1lamos, Magdalena de Kino, San Carlos y Ures &nbsp; LOS \u00c1NGELES, En Sonora en Equipo publicamos toda la informaci\u00f3n de Sonora, M\u00e9xico y el Mundo de manera oportuna y busca que la libertad de expresi\u00f3n sea real. Visita nuestro medio informativo publicado desde Hermosillo, Sonora. %","og_url":"https:\/\/www.sonoraenequipo.com.mx\/arranca-sonora-participacion-en-tianguis-internacional-de-pueblos-magicos-en-los-angeles\/","og_site_name":"Sonora en Equipo.","article_publisher":"https:\/\/www.facebook.com\/SonoraEE\/","article_author":"https:\/\/www.facebook.com\/SonoraEE","article_published_time":"2023-09-24T00:16:26+00:00","article_modified_time":"2023-09-24T04:28:09+00:00","og_image":[{"width":1200,"height":800,"url":"https:\/\/www.sonoraenequipo.com.mx\/storage\/2023\/09\/Tianguis-Internacional-de-Pueblos-Magicos-en-Los-Angeles5-min.jpeg","type":"image\/jpeg"}],"author":"enequipo","twitter_card":"summary_large_image","twitter_creator":"@sonoraenequipo","twitter_site":"@sonoraenequipo","twitter_misc":{"Escrito por":"enequipo","Tiempo de lectura":"2 minutos"},"schema":{"@context":"https:\/\/schema.org","@graph":[{"@type":"Article","@id":"https:\/\/www.sonoraenequipo.com.mx\/arranca-sonora-participacion-en-tianguis-internacional-de-pueblos-magicos-en-los-angeles\/#article","isPartOf":{"@id":"https:\/\/www.sonoraenequipo.com.mx\/arranca-sonora-participacion-en-tianguis-internacional-de-pueblos-magicos-en-los-angeles\/"},"author":{"name":"enequipo","@id":"https:\/\/www.sonoraenequipo.com.mx\/#\/schema\/person\/50102df0fb23a8fa9e8effad8fa81386"},"headline":"Arranca Sonora participaci\u00f3n en Tianguis Internacional de Pueblos M\u00e1gicos en Los \u00c1ngeles","datePublished":"2023-09-24T00:16:26+00:00","dateModified":"2023-09-24T04:28:09+00:00","mainEntityOfPage":{"@id":"https:\/\/www.sonoraenequipo.com.mx\/arranca-sonora-participacion-en-tianguis-internacional-de-pueblos-magicos-en-los-angeles\/"},"wordCount":345,"commentCount":0,"publisher":{"@id":"https:\/\/www.sonoraenequipo.com.mx\/#organization"},"image":{"@id":"https:\/\/www.sonoraenequipo.com.mx\/arranca-sonora-participacion-en-tianguis-internacional-de-pueblos-magicos-en-los-angeles\/#primaryimage"},"thumbnailUrl":"https:\/\/www.sonoraenequipo.com.mx\/storage\/2023\/09\/Tianguis-Internacional-de-Pueblos-Magicos-en-Los-Angeles5-min.jpeg","articleSection":["MUNDO"],"inLanguage":"es","potentialAction":[{"@type":"CommentAction","name":"Comment","target":["https:\/\/www.sonoraenequipo.com.mx\/arranca-sonora-participacion-en-tianguis-internacional-de-pueblos-magicos-en-los-angeles\/#respond"]}]},{"@type":"WebPage","@id":"https:\/\/www.sonoraenequipo.com.mx\/arranca-sonora-participacion-en-tianguis-internacional-de-pueblos-magicos-en-los-angeles\/","url":"https:\/\/www.sonoraenequipo.com.mx\/arranca-sonora-participacion-en-tianguis-internacional-de-pueblos-magicos-en-los-angeles\/","name":"Sonora en Equipo. Arranca Sonora participaci\u00f3n en Tianguis Internacional de Pueblos M\u00e1gicos en Los \u00c1ngeles MUNDO","isPartOf":{"@id":"https:\/\/www.sonoraenequipo.com.mx\/#website"},"primaryImageOfPage":{"@id":"https:\/\/www.sonoraenequipo.com.mx\/arranca-sonora-participacion-en-tianguis-internacional-de-pueblos-magicos-en-los-angeles\/#primaryimage"},"image":{"@id":"https:\/\/www.sonoraenequipo.com.mx\/arranca-sonora-participacion-en-tianguis-internacional-de-pueblos-magicos-en-los-angeles\/#primaryimage"},"thumbnailUrl":"https:\/\/www.sonoraenequipo.com.mx\/storage\/2023\/09\/Tianguis-Internacional-de-Pueblos-Magicos-en-Los-Angeles5-min.jpeg","datePublished":"2023-09-24T00:16:26+00:00","dateModified":"2023-09-24T04:28:09+00:00","description":"\u00a0Con la participaci\u00f3n de los 177 pueblos m\u00e1gicos de todo el pa\u00eds, Sonora presenta a \u00c1lamos, Magdalena de Kino, San Carlos y Ures &nbsp; LOS \u00c1NGELES, En Sonora en Equipo publicamos toda la informaci\u00f3n de Sonora, M\u00e9xico y el Mundo de manera oportuna y busca que la libertad de expresi\u00f3n sea real. Visita nuestro medio informativo publicado desde Hermosillo, Sonora. %","breadcrumb":{"@id":"https:\/\/www.sonoraenequipo.com.mx\/arranca-sonora-participacion-en-tianguis-internacional-de-pueblos-magicos-en-los-angeles\/#breadcrumb"},"inLanguage":"es","potentialAction":[{"@type":"ReadAction","target":["https:\/\/www.sonoraenequipo.com.mx\/arranca-sonora-participacion-en-tianguis-internacional-de-pueblos-magicos-en-los-angeles\/"]}]},{"@type":"ImageObject","inLanguage":"es","@id":"https:\/\/www.sonoraenequipo.com.mx\/arranca-sonora-participacion-en-tianguis-internacional-de-pueblos-magicos-en-los-angeles\/#primaryimage","url":"https:\/\/www.sonoraenequipo.com.mx\/storage\/2023\/09\/Tianguis-Internacional-de-Pueblos-Magicos-en-Los-Angeles5-min.jpeg","contentUrl":"https:\/\/www.sonoraenequipo.com.mx\/storage\/2023\/09\/Tianguis-Internacional-de-Pueblos-Magicos-en-Los-Angeles5-min.jpeg","width":1200,"height":800},{"@type":"BreadcrumbList","@id":"https:\/\/www.sonoraenequipo.com.mx\/arranca-sonora-participacion-en-tianguis-internacional-de-pueblos-magicos-en-los-angeles\/#breadcrumb","itemListElement":[{"@type":"ListItem","position":1,"name":"Portada","item":"https:\/\/www.sonoraenequipo.com.mx\/"},{"@type":"ListItem","position":2,"name":"Arranca Sonora participaci\u00f3n en Tianguis Internacional de Pueblos M\u00e1gicos en Los \u00c1ngeles"}]},{"@type":"WebSite","@id":"https:\/\/www.sonoraenequipo.com.mx\/#website","url":"https:\/\/www.sonoraenequipo.com.mx\/","name":"Sonora en Equipo.","description":"Diario en l\u00ednea con Noticias desde Hermosillo, Sonora","publisher":{"@id":"https:\/\/www.sonoraenequipo.com.mx\/#organization"},"potentialAction":[{"@type":"SearchAction","target":{"@type":"EntryPoint","urlTemplate":"https:\/\/www.sonoraenequipo.com.mx\/?s={search_term_string}"},"query-input":{"@type":"PropertyValueSpecification","valueRequired":true,"valueName":"search_term_string"}}],"inLanguage":"es"},{"@type":"Organization","@id":"https:\/\/www.sonoraenequipo.com.mx\/#organization","name":"Sonoraenequipo.com.mx","url":"https:\/\/www.sonoraenequipo.com.mx\/","logo":{"@type":"ImageObject","inLanguage":"es","@id":"https:\/\/www.sonoraenequipo.com.mx\/#\/schema\/logo\/image\/","url":"https:\/\/www.sonoraenequipo.com.mx\/storage\/2019\/01\/sonoraenequipo_opt.png","contentUrl":"https:\/\/www.sonoraenequipo.com.mx\/storage\/2019\/01\/sonoraenequipo_opt.png","width":375,"height":125,"caption":"Sonoraenequipo.com.mx"},"image":{"@id":"https:\/\/www.sonoraenequipo.com.mx\/#\/schema\/logo\/image\/"},"sameAs":["https:\/\/www.facebook.com\/SonoraEE\/","https:\/\/x.com\/sonoraenequipo","https:\/\/www.youtube.com\/channel\/UC338nW-lPEYmJQs4ZABQ1SQ"]},{"@type":"Person","@id":"https:\/\/www.sonoraenequipo.com.mx\/#\/schema\/person\/50102df0fb23a8fa9e8effad8fa81386","name":"enequipo","image":{"@type":"ImageObject","inLanguage":"es","@id":"https:\/\/www.sonoraenequipo.com.mx\/#\/schema\/person\/image\/","url":"https:\/\/secure.gravatar.com\/avatar\/049821681b589dabc0bc20695993ccebb09f5b5d4d790cd9251b97faac7c652b?s=96&d=blank&r=g","contentUrl":"https:\/\/secure.gravatar.com\/avatar\/049821681b589dabc0bc20695993ccebb09f5b5d4d790cd9251b97faac7c652b?s=96&d=blank&r=g","caption":"enequipo"},"sameAs":["https:\/\/www.facebook.com\/SonoraEE"]}]}},"jetpack_featured_media_url":"https:\/\/www.sonoraenequipo.com.mx\/storage\/2023\/09\/Tianguis-Internacional-de-Pueblos-Magicos-en-Los-Angeles5-min.jpeg","_links":{"self":[{"href":"https:\/\/www.sonoraenequipo.com.mx\/api\/wp\/v2\/posts\/175412","targetHints":{"allow":["GET"]}}],"collection":[{"href":"https:\/\/www.sonoraenequipo.com.mx\/api\/wp\/v2\/posts"}],"about":[{"href":"https:\/\/www.sonoraenequipo.com.mx\/api\/wp\/v2\/types\/post"}],"author":[{"embeddable":true,"href":"https:\/\/www.sonoraenequipo.com.mx\/api\/wp\/v2\/users\/1"}],"replies":[{"embeddable":true,"href":"https:\/\/www.sonoraenequipo.com.mx\/api\/wp\/v2\/comments?post=175412"}],"version-history":[{"count":2,"href":"https:\/\/www.sonoraenequipo.com.mx\/api\/wp\/v2\/posts\/175412\/revisions"}],"predecessor-version":[{"id":175418,"href":"https:\/\/www.sonoraenequipo.com.mx\/api\/wp\/v2\/posts\/175412\/revisions\/175418"}],"wp:featuredmedia":[{"embeddable":true,"href":"https:\/\/www.sonoraenequipo.com.mx\/api\/wp\/v2\/media\/175413"}],"wp:attachment":[{"href":"https:\/\/www.sonoraenequipo.com.mx\/api\/wp\/v2\/media?parent=175412"}],"wp:term":[{"taxonomy":"category","embeddable":true,"href":"https:\/\/www.sonoraenequipo.com.mx\/api\/wp\/v2\/categories?post=175412"},{"taxonomy":"post_tag","embeddable":true,"href":"https:\/\/www.sonoraenequipo.com.mx\/api\/wp\/v2\/tags?post=175412"}],"curies":[{"name":"wp","href":"https:\/\/api.w.org\/{rel}","templated":true}]}}