{"id":175420,"date":"2023-09-23T16:58:55","date_gmt":"2023-09-23T23:58:55","guid":{"rendered":"https:\/\/www.sonoraenequipo.com.mx\/?p=175420"},"modified":"2023-09-23T21:28:47","modified_gmt":"2023-09-24T04:28:47","slug":"atiende-cobach-sonora-con-educacion-de-calidad-a-jovenes-con-discapacidad-auditiva","status":"publish","type":"post","link":"https:\/\/www.sonoraenequipo.com.mx\/atiende-cobach-sonora-con-educacion-de-calidad-a-jovenes-con-discapacidad-auditiva\/","title":{"rendered":"Atiende Cobach Sonora con educaci\u00f3n de calidad a j\u00f3venes con discapacidad auditiva"},"content":{"rendered":"<p><strong>HERMOSILLO, SONORA. MX. \u2014\u00a0<\/strong> Cualquier joven con discapacidad auditiva que desee continuar sus estudios de educaci\u00f3n media superior, encontrar\u00e1 en el Colegio de Bachilleres del Estado de Sonora (Cobach), acceso en igualdad de condiciones y con pleno respeto a los derechos humanos, como resultado del Programa Institucional de Inclusi\u00f3n Educativa.<\/p>\n<p>&nbsp;<\/p>\n<p> <\/p>\n<p>Al conmemorarse el D\u00eda Mundial de las Lenguas de Se\u00f1as este 23 de septiembre, Rodrigo Arturo Rosas Burgos, director general del subsistema, mencion\u00f3 que actualmente se atiende a estudiantes con dicha condici\u00f3n en 16 planteles en el estado.<\/p>\n<p>&nbsp;<\/p>\n<p>Asimismo, refrend\u00f3 el compromiso de impulsar una cultura educativa inclusiva para impartir una formaci\u00f3n de calidad, acad\u00e9mica y humana, a los j\u00f3venes con alguna discapacidad.<\/p>\n<p>&nbsp;<\/p>\n<p>Al respecto, destac\u00f3 que en el plantel Pueblo Yaqui ingres\u00f3 una alumna con discapacidad auditiva y para crearle un ambiente de estudios propicio sus compa\u00f1eros tomaron un curso de Lenguaje de Se\u00f1as Mexicano impartido por la maestra Patricia Miller, encargada del programa para estudiantes con Barreras para el Aprendizaje y la Participaci\u00f3n (BAP).<\/p>\n<p>&nbsp;<\/p>\n<p>Al inicio de este ciclo escolar 2023\u20132024, Cobach tiene un padr\u00f3n estatal con 14 estudiantes sordos, algunos se comunican a trav\u00e9s de la Lengua de Se\u00f1as Mexicana (LSM) y son 16 planteles que reportan casos de discapacidad auditiva, ya sea hipoacusia o sordera. Se tienen 22 estudiantes con hipoacusia, es decir, con diferentes niveles de audici\u00f3n inferiores al esperado para su edad.<\/p>\n<p>&nbsp;<\/p>\n<p>La atenci\u00f3n brindada por el Colegio se enfoca a la detecci\u00f3n inicial, entrevista con los alumnos y sus familias, enlace con las secundarias de d\u00f3nde vienen para adoptar estrategias de trabajo efectivas, realizaci\u00f3n de ajustes para que puedan acceder a la informaci\u00f3n y asesor\u00edas acad\u00e9micas para profundizar en temas que no quedan claros en clase, entre otras acciones.<\/p>\n<p>&nbsp;<\/p>\n<p>A la vez, se ofrecen cursos de LSM por parte de docentes capacitados, dirigidos a las y los estudiantes de los grupos donde toman clases quienes tienen la discapacidad auditiva. Adem\u00e1s, existen docentes que se han capacitado en LSM como apoyo acad\u00e9mico y social para estudiantes sordos.<\/p>\n<p>&nbsp;<\/p>\n<p>&nbsp;<\/p>\n<p>PUBLICADO EL 23 SEPTIEMBRE DE 2023\/ Con informaci\u00f3n de GOBSON 0923-081)<\/p>\n","protected":false},"excerpt":{"rendered":"<p>HERMOSILLO, SONORA. MX. \u2014\u00a0 Cualquier joven con discapacidad auditiva que desee continuar sus estudios de&#8230;<\/p>\n","protected":false},"author":1,"featured_media":175415,"comment_status":"open","ping_status":"open","sticky":false,"template":"","format":"standard","meta":{"_monsterinsights_skip_tracking":false,"_monsterinsights_sitenote_active":false,"_monsterinsights_sitenote_note":"","_monsterinsights_sitenote_category":0,"footnotes":""},"categories":[22],"tags":[],"class_list":["post"],"yoast_head":" \n<title>Sonora en Equipo. Atiende Cobach Sonora con educaci\u00f3n de calidad a j\u00f3venes con discapacidad auditiva Sonora<\/title>\n<meta name=\"description\" content=\"HERMOSILLO, SONORA. MX. \u2014\u00a0 Cualquier joven con discapacidad auditiva que desee continuar sus estudios de educaci\u00f3n media superior, encontrar\u00e1 en el En Sonora en Equipo publicamos toda la informaci\u00f3n de Sonora, M\u00e9xico y el Mundo de manera oportuna y busca que la libertad de expresi\u00f3n sea real. Visita nuestro medio informativo publicado desde Hermosillo, Sonora. %\" \/>\n<meta name=\"robots\" content=\"index, follow, max-snippet:-1, max-image-preview:large, max-video-preview:-1\" \/>\n<link rel=\"canonical\" href=\"https:\/\/www.sonoraenequipo.com.mx\/atiende-cobach-sonora-con-educacion-de-calidad-a-jovenes-con-discapacidad-auditiva\/\" \/>\n<meta property=\"og:locale\" content=\"es_ES\" \/>\n<meta property=\"og:type\" content=\"article\" \/>\n<meta property=\"og:title\" content=\"Sonora en Equipo. Atiende Cobach Sonora con educaci\u00f3n de calidad a j\u00f3venes con discapacidad auditiva Sonora\" \/>\n<meta property=\"og:description\" content=\"HERMOSILLO, SONORA. MX. \u2014\u00a0 Cualquier joven con discapacidad auditiva que desee continuar sus estudios de educaci\u00f3n media superior, encontrar\u00e1 en el En Sonora en Equipo publicamos toda la informaci\u00f3n de Sonora, M\u00e9xico y el Mundo de manera oportuna y busca que la libertad de expresi\u00f3n sea real. Visita nuestro medio informativo publicado desde Hermosillo, Sonora. %\" \/>\n<meta property=\"og:url\" content=\"https:\/\/www.sonoraenequipo.com.mx\/atiende-cobach-sonora-con-educacion-de-calidad-a-jovenes-con-discapacidad-auditiva\/\" \/>\n<meta property=\"og:site_name\" content=\"Sonora en Equipo.\" \/>\n<meta property=\"article:publisher\" content=\"https:\/\/www.facebook.com\/SonoraEE\/\" \/>\n<meta property=\"article:author\" content=\"https:\/\/www.facebook.com\/SonoraEE\" \/>\n<meta property=\"article:published_time\" content=\"2023-09-23T23:58:55+00:00\" \/>\n<meta property=\"article:modified_time\" content=\"2023-09-24T04:28:47+00:00\" \/>\n<meta property=\"og:image\" content=\"https:\/\/www.sonoraenequipo.com.mx\/storage\/2023\/09\/ovenes-con-discapacidad-auditiva3-min.jpeg\" \/>\n\t<meta property=\"og:image:width\" content=\"1200\" \/>\n\t<meta property=\"og:image:height\" content=\"900\" \/>\n\t<meta property=\"og:image:type\" content=\"image\/jpeg\" \/>\n<meta name=\"author\" content=\"enequipo\" \/>\n<meta name=\"twitter:card\" content=\"summary_large_image\" \/>\n<meta name=\"twitter:creator\" content=\"@sonoraenequipo\" \/>\n<meta name=\"twitter:site\" content=\"@sonoraenequipo\" \/>\n<meta name=\"twitter:label1\" content=\"Escrito por\" \/>\n\t<meta name=\"twitter:data1\" content=\"enequipo\" \/>\n\t<meta name=\"twitter:label2\" content=\"Tiempo de lectura\" \/>\n\t<meta name=\"twitter:data2\" content=\"2 minutos\" \/>\n<script type=\"application\/ld+json\" class=\"yoast-schema-graph\">{\"@context\":\"https:\/\/schema.org\",\"@graph\":[{\"@type\":\"Article\",\"@id\":\"https:\/\/www.sonoraenequipo.com.mx\/atiende-cobach-sonora-con-educacion-de-calidad-a-jovenes-con-discapacidad-auditiva\/#article\",\"isPartOf\":{\"@id\":\"https:\/\/www.sonoraenequipo.com.mx\/atiende-cobach-sonora-con-educacion-de-calidad-a-jovenes-con-discapacidad-auditiva\/\"},\"author\":{\"name\":\"enequipo\",\"@id\":\"https:\/\/www.sonoraenequipo.com.mx\/#\/schema\/person\/50102df0fb23a8fa9e8effad8fa81386\"},\"headline\":\"Atiende Cobach Sonora con educaci\u00f3n de calidad a j\u00f3venes con discapacidad auditiva\",\"datePublished\":\"2023-09-23T23:58:55+00:00\",\"dateModified\":\"2023-09-24T04:28:47+00:00\",\"mainEntityOfPage\":{\"@id\":\"https:\/\/www.sonoraenequipo.com.mx\/atiende-cobach-sonora-con-educacion-de-calidad-a-jovenes-con-discapacidad-auditiva\/\"},\"wordCount\":382,\"commentCount\":0,\"publisher\":{\"@id\":\"https:\/\/www.sonoraenequipo.com.mx\/#organization\"},\"image\":{\"@id\":\"https:\/\/www.sonoraenequipo.com.mx\/atiende-cobach-sonora-con-educacion-de-calidad-a-jovenes-con-discapacidad-auditiva\/#primaryimage\"},\"thumbnailUrl\":\"https:\/\/www.sonoraenequipo.com.mx\/storage\/2023\/09\/ovenes-con-discapacidad-auditiva3-min.jpeg\",\"articleSection\":[\"Sonora\"],\"inLanguage\":\"es\",\"potentialAction\":[{\"@type\":\"CommentAction\",\"name\":\"Comment\",\"target\":[\"https:\/\/www.sonoraenequipo.com.mx\/atiende-cobach-sonora-con-educacion-de-calidad-a-jovenes-con-discapacidad-auditiva\/#respond\"]}]},{\"@type\":\"WebPage\",\"@id\":\"https:\/\/www.sonoraenequipo.com.mx\/atiende-cobach-sonora-con-educacion-de-calidad-a-jovenes-con-discapacidad-auditiva\/\",\"url\":\"https:\/\/www.sonoraenequipo.com.mx\/atiende-cobach-sonora-con-educacion-de-calidad-a-jovenes-con-discapacidad-auditiva\/\",\"name\":\"Sonora en Equipo. Atiende Cobach Sonora con educaci\u00f3n de calidad a j\u00f3venes con discapacidad auditiva Sonora\",\"isPartOf\":{\"@id\":\"https:\/\/www.sonoraenequipo.com.mx\/#website\"},\"primaryImageOfPage\":{\"@id\":\"https:\/\/www.sonoraenequipo.com.mx\/atiende-cobach-sonora-con-educacion-de-calidad-a-jovenes-con-discapacidad-auditiva\/#primaryimage\"},\"image\":{\"@id\":\"https:\/\/www.sonoraenequipo.com.mx\/atiende-cobach-sonora-con-educacion-de-calidad-a-jovenes-con-discapacidad-auditiva\/#primaryimage\"},\"thumbnailUrl\":\"https:\/\/www.sonoraenequipo.com.mx\/storage\/2023\/09\/ovenes-con-discapacidad-auditiva3-min.jpeg\",\"datePublished\":\"2023-09-23T23:58:55+00:00\",\"dateModified\":\"2023-09-24T04:28:47+00:00\",\"description\":\"HERMOSILLO, SONORA. MX. \u2014\u00a0 Cualquier joven con discapacidad auditiva que desee continuar sus estudios de educaci\u00f3n media superior, encontrar\u00e1 en el En Sonora en Equipo publicamos toda la informaci\u00f3n de Sonora, M\u00e9xico y el Mundo de manera oportuna y busca que la libertad de expresi\u00f3n sea real. Visita nuestro medio informativo publicado desde Hermosillo, Sonora. %\",\"breadcrumb\":{\"@id\":\"https:\/\/www.sonoraenequipo.com.mx\/atiende-cobach-sonora-con-educacion-de-calidad-a-jovenes-con-discapacidad-auditiva\/#breadcrumb\"},\"inLanguage\":\"es\",\"potentialAction\":[{\"@type\":\"ReadAction\",\"target\":[\"https:\/\/www.sonoraenequipo.com.mx\/atiende-cobach-sonora-con-educacion-de-calidad-a-jovenes-con-discapacidad-auditiva\/\"]}]},{\"@type\":\"ImageObject\",\"inLanguage\":\"es\",\"@id\":\"https:\/\/www.sonoraenequipo.com.mx\/atiende-cobach-sonora-con-educacion-de-calidad-a-jovenes-con-discapacidad-auditiva\/#primaryimage\",\"url\":\"https:\/\/www.sonoraenequipo.com.mx\/storage\/2023\/09\/ovenes-con-discapacidad-auditiva3-min.jpeg\",\"contentUrl\":\"https:\/\/www.sonoraenequipo.com.mx\/storage\/2023\/09\/ovenes-con-discapacidad-auditiva3-min.jpeg\",\"width\":1200,\"height\":900},{\"@type\":\"BreadcrumbList\",\"@id\":\"https:\/\/www.sonoraenequipo.com.mx\/atiende-cobach-sonora-con-educacion-de-calidad-a-jovenes-con-discapacidad-auditiva\/#breadcrumb\",\"itemListElement\":[{\"@type\":\"ListItem\",\"position\":1,\"name\":\"Portada\",\"item\":\"https:\/\/www.sonoraenequipo.com.mx\/\"},{\"@type\":\"ListItem\",\"position\":2,\"name\":\"Atiende Cobach Sonora con educaci\u00f3n de calidad a j\u00f3venes con discapacidad auditiva\"}]},{\"@type\":\"WebSite\",\"@id\":\"https:\/\/www.sonoraenequipo.com.mx\/#website\",\"url\":\"https:\/\/www.sonoraenequipo.com.mx\/\",\"name\":\"Sonora en Equipo.\",\"description\":\"Diario en l\u00ednea con Noticias desde Hermosillo, Sonora\",\"publisher\":{\"@id\":\"https:\/\/www.sonoraenequipo.com.mx\/#organization\"},\"potentialAction\":[{\"@type\":\"SearchAction\",\"target\":{\"@type\":\"EntryPoint\",\"urlTemplate\":\"https:\/\/www.sonoraenequipo.com.mx\/?s={search_term_string}\"},\"query-input\":{\"@type\":\"PropertyValueSpecification\",\"valueRequired\":true,\"valueName\":\"search_term_string\"}}],\"inLanguage\":\"es\"},{\"@type\":\"Organization\",\"@id\":\"https:\/\/www.sonoraenequipo.com.mx\/#organization\",\"name\":\"Sonoraenequipo.com.mx\",\"url\":\"https:\/\/www.sonoraenequipo.com.mx\/\",\"logo\":{\"@type\":\"ImageObject\",\"inLanguage\":\"es\",\"@id\":\"https:\/\/www.sonoraenequipo.com.mx\/#\/schema\/logo\/image\/\",\"url\":\"https:\/\/www.sonoraenequipo.com.mx\/storage\/2019\/01\/sonoraenequipo_opt.png\",\"contentUrl\":\"https:\/\/www.sonoraenequipo.com.mx\/storage\/2019\/01\/sonoraenequipo_opt.png\",\"width\":375,\"height\":125,\"caption\":\"Sonoraenequipo.com.mx\"},\"image\":{\"@id\":\"https:\/\/www.sonoraenequipo.com.mx\/#\/schema\/logo\/image\/\"},\"sameAs\":[\"https:\/\/www.facebook.com\/SonoraEE\/\",\"https:\/\/x.com\/sonoraenequipo\",\"https:\/\/www.youtube.com\/channel\/UC338nW-lPEYmJQs4ZABQ1SQ\"]},{\"@type\":\"Person\",\"@id\":\"https:\/\/www.sonoraenequipo.com.mx\/#\/schema\/person\/50102df0fb23a8fa9e8effad8fa81386\",\"name\":\"enequipo\",\"image\":{\"@type\":\"ImageObject\",\"inLanguage\":\"es\",\"@id\":\"https:\/\/www.sonoraenequipo.com.mx\/#\/schema\/person\/image\/\",\"url\":\"https:\/\/secure.gravatar.com\/avatar\/049821681b589dabc0bc20695993ccebb09f5b5d4d790cd9251b97faac7c652b?s=96&d=blank&r=g\",\"contentUrl\":\"https:\/\/secure.gravatar.com\/avatar\/049821681b589dabc0bc20695993ccebb09f5b5d4d790cd9251b97faac7c652b?s=96&d=blank&r=g\",\"caption\":\"enequipo\"},\"sameAs\":[\"https:\/\/www.facebook.com\/SonoraEE\"]}]}<\/script>\n ","yoast_head_json":{"title":"Sonora en Equipo. Atiende Cobach Sonora con educaci\u00f3n de calidad a j\u00f3venes con discapacidad auditiva Sonora","description":"HERMOSILLO, SONORA. MX. \u2014\u00a0 Cualquier joven con discapacidad auditiva que desee continuar sus estudios de educaci\u00f3n media superior, encontrar\u00e1 en el En Sonora en Equipo publicamos toda la informaci\u00f3n de Sonora, M\u00e9xico y el Mundo de manera oportuna y busca que la libertad de expresi\u00f3n sea real. Visita nuestro medio informativo publicado desde Hermosillo, Sonora. %","robots":{"index":"index","follow":"follow","max-snippet":"max-snippet:-1","max-image-preview":"max-image-preview:large","max-video-preview":"max-video-preview:-1"},"canonical":"https:\/\/www.sonoraenequipo.com.mx\/atiende-cobach-sonora-con-educacion-de-calidad-a-jovenes-con-discapacidad-auditiva\/","og_locale":"es_ES","og_type":"article","og_title":"Sonora en Equipo. Atiende Cobach Sonora con educaci\u00f3n de calidad a j\u00f3venes con discapacidad auditiva Sonora","og_description":"HERMOSILLO, SONORA. MX. \u2014\u00a0 Cualquier joven con discapacidad auditiva que desee continuar sus estudios de educaci\u00f3n media superior, encontrar\u00e1 en el En Sonora en Equipo publicamos toda la informaci\u00f3n de Sonora, M\u00e9xico y el Mundo de manera oportuna y busca que la libertad de expresi\u00f3n sea real. Visita nuestro medio informativo publicado desde Hermosillo, Sonora. %","og_url":"https:\/\/www.sonoraenequipo.com.mx\/atiende-cobach-sonora-con-educacion-de-calidad-a-jovenes-con-discapacidad-auditiva\/","og_site_name":"Sonora en Equipo.","article_publisher":"https:\/\/www.facebook.com\/SonoraEE\/","article_author":"https:\/\/www.facebook.com\/SonoraEE","article_published_time":"2023-09-23T23:58:55+00:00","article_modified_time":"2023-09-24T04:28:47+00:00","og_image":[{"width":1200,"height":900,"url":"https:\/\/www.sonoraenequipo.com.mx\/storage\/2023\/09\/ovenes-con-discapacidad-auditiva3-min.jpeg","type":"image\/jpeg"}],"author":"enequipo","twitter_card":"summary_large_image","twitter_creator":"@sonoraenequipo","twitter_site":"@sonoraenequipo","twitter_misc":{"Escrito por":"enequipo","Tiempo de lectura":"2 minutos"},"schema":{"@context":"https:\/\/schema.org","@graph":[{"@type":"Article","@id":"https:\/\/www.sonoraenequipo.com.mx\/atiende-cobach-sonora-con-educacion-de-calidad-a-jovenes-con-discapacidad-auditiva\/#article","isPartOf":{"@id":"https:\/\/www.sonoraenequipo.com.mx\/atiende-cobach-sonora-con-educacion-de-calidad-a-jovenes-con-discapacidad-auditiva\/"},"author":{"name":"enequipo","@id":"https:\/\/www.sonoraenequipo.com.mx\/#\/schema\/person\/50102df0fb23a8fa9e8effad8fa81386"},"headline":"Atiende Cobach Sonora con educaci\u00f3n de calidad a j\u00f3venes con discapacidad auditiva","datePublished":"2023-09-23T23:58:55+00:00","dateModified":"2023-09-24T04:28:47+00:00","mainEntityOfPage":{"@id":"https:\/\/www.sonoraenequipo.com.mx\/atiende-cobach-sonora-con-educacion-de-calidad-a-jovenes-con-discapacidad-auditiva\/"},"wordCount":382,"commentCount":0,"publisher":{"@id":"https:\/\/www.sonoraenequipo.com.mx\/#organization"},"image":{"@id":"https:\/\/www.sonoraenequipo.com.mx\/atiende-cobach-sonora-con-educacion-de-calidad-a-jovenes-con-discapacidad-auditiva\/#primaryimage"},"thumbnailUrl":"https:\/\/www.sonoraenequipo.com.mx\/storage\/2023\/09\/ovenes-con-discapacidad-auditiva3-min.jpeg","articleSection":["Sonora"],"inLanguage":"es","potentialAction":[{"@type":"CommentAction","name":"Comment","target":["https:\/\/www.sonoraenequipo.com.mx\/atiende-cobach-sonora-con-educacion-de-calidad-a-jovenes-con-discapacidad-auditiva\/#respond"]}]},{"@type":"WebPage","@id":"https:\/\/www.sonoraenequipo.com.mx\/atiende-cobach-sonora-con-educacion-de-calidad-a-jovenes-con-discapacidad-auditiva\/","url":"https:\/\/www.sonoraenequipo.com.mx\/atiende-cobach-sonora-con-educacion-de-calidad-a-jovenes-con-discapacidad-auditiva\/","name":"Sonora en Equipo. Atiende Cobach Sonora con educaci\u00f3n de calidad a j\u00f3venes con discapacidad auditiva Sonora","isPartOf":{"@id":"https:\/\/www.sonoraenequipo.com.mx\/#website"},"primaryImageOfPage":{"@id":"https:\/\/www.sonoraenequipo.com.mx\/atiende-cobach-sonora-con-educacion-de-calidad-a-jovenes-con-discapacidad-auditiva\/#primaryimage"},"image":{"@id":"https:\/\/www.sonoraenequipo.com.mx\/atiende-cobach-sonora-con-educacion-de-calidad-a-jovenes-con-discapacidad-auditiva\/#primaryimage"},"thumbnailUrl":"https:\/\/www.sonoraenequipo.com.mx\/storage\/2023\/09\/ovenes-con-discapacidad-auditiva3-min.jpeg","datePublished":"2023-09-23T23:58:55+00:00","dateModified":"2023-09-24T04:28:47+00:00","description":"HERMOSILLO, SONORA. MX. \u2014\u00a0 Cualquier joven con discapacidad auditiva que desee continuar sus estudios de educaci\u00f3n media superior, encontrar\u00e1 en el En Sonora en Equipo publicamos toda la informaci\u00f3n de Sonora, M\u00e9xico y el Mundo de manera oportuna y busca que la libertad de expresi\u00f3n sea real. Visita nuestro medio informativo publicado desde Hermosillo, Sonora. %","breadcrumb":{"@id":"https:\/\/www.sonoraenequipo.com.mx\/atiende-cobach-sonora-con-educacion-de-calidad-a-jovenes-con-discapacidad-auditiva\/#breadcrumb"},"inLanguage":"es","potentialAction":[{"@type":"ReadAction","target":["https:\/\/www.sonoraenequipo.com.mx\/atiende-cobach-sonora-con-educacion-de-calidad-a-jovenes-con-discapacidad-auditiva\/"]}]},{"@type":"ImageObject","inLanguage":"es","@id":"https:\/\/www.sonoraenequipo.com.mx\/atiende-cobach-sonora-con-educacion-de-calidad-a-jovenes-con-discapacidad-auditiva\/#primaryimage","url":"https:\/\/www.sonoraenequipo.com.mx\/storage\/2023\/09\/ovenes-con-discapacidad-auditiva3-min.jpeg","contentUrl":"https:\/\/www.sonoraenequipo.com.mx\/storage\/2023\/09\/ovenes-con-discapacidad-auditiva3-min.jpeg","width":1200,"height":900},{"@type":"BreadcrumbList","@id":"https:\/\/www.sonoraenequipo.com.mx\/atiende-cobach-sonora-con-educacion-de-calidad-a-jovenes-con-discapacidad-auditiva\/#breadcrumb","itemListElement":[{"@type":"ListItem","position":1,"name":"Portada","item":"https:\/\/www.sonoraenequipo.com.mx\/"},{"@type":"ListItem","position":2,"name":"Atiende Cobach Sonora con educaci\u00f3n de calidad a j\u00f3venes con discapacidad auditiva"}]},{"@type":"WebSite","@id":"https:\/\/www.sonoraenequipo.com.mx\/#website","url":"https:\/\/www.sonoraenequipo.com.mx\/","name":"Sonora en Equipo.","description":"Diario en l\u00ednea con Noticias desde Hermosillo, Sonora","publisher":{"@id":"https:\/\/www.sonoraenequipo.com.mx\/#organization"},"potentialAction":[{"@type":"SearchAction","target":{"@type":"EntryPoint","urlTemplate":"https:\/\/www.sonoraenequipo.com.mx\/?s={search_term_string}"},"query-input":{"@type":"PropertyValueSpecification","valueRequired":true,"valueName":"search_term_string"}}],"inLanguage":"es"},{"@type":"Organization","@id":"https:\/\/www.sonoraenequipo.com.mx\/#organization","name":"Sonoraenequipo.com.mx","url":"https:\/\/www.sonoraenequipo.com.mx\/","logo":{"@type":"ImageObject","inLanguage":"es","@id":"https:\/\/www.sonoraenequipo.com.mx\/#\/schema\/logo\/image\/","url":"https:\/\/www.sonoraenequipo.com.mx\/storage\/2019\/01\/sonoraenequipo_opt.png","contentUrl":"https:\/\/www.sonoraenequipo.com.mx\/storage\/2019\/01\/sonoraenequipo_opt.png","width":375,"height":125,"caption":"Sonoraenequipo.com.mx"},"image":{"@id":"https:\/\/www.sonoraenequipo.com.mx\/#\/schema\/logo\/image\/"},"sameAs":["https:\/\/www.facebook.com\/SonoraEE\/","https:\/\/x.com\/sonoraenequipo","https:\/\/www.youtube.com\/channel\/UC338nW-lPEYmJQs4ZABQ1SQ"]},{"@type":"Person","@id":"https:\/\/www.sonoraenequipo.com.mx\/#\/schema\/person\/50102df0fb23a8fa9e8effad8fa81386","name":"enequipo","image":{"@type":"ImageObject","inLanguage":"es","@id":"https:\/\/www.sonoraenequipo.com.mx\/#\/schema\/person\/image\/","url":"https:\/\/secure.gravatar.com\/avatar\/049821681b589dabc0bc20695993ccebb09f5b5d4d790cd9251b97faac7c652b?s=96&d=blank&r=g","contentUrl":"https:\/\/secure.gravatar.com\/avatar\/049821681b589dabc0bc20695993ccebb09f5b5d4d790cd9251b97faac7c652b?s=96&d=blank&r=g","caption":"enequipo"},"sameAs":["https:\/\/www.facebook.com\/SonoraEE"]}]}},"jetpack_featured_media_url":"https:\/\/www.sonoraenequipo.com.mx\/storage\/2023\/09\/ovenes-con-discapacidad-auditiva3-min.jpeg","_links":{"self":[{"href":"https:\/\/www.sonoraenequipo.com.mx\/api\/wp\/v2\/posts\/175420","targetHints":{"allow":["GET"]}}],"collection":[{"href":"https:\/\/www.sonoraenequipo.com.mx\/api\/wp\/v2\/posts"}],"about":[{"href":"https:\/\/www.sonoraenequipo.com.mx\/api\/wp\/v2\/types\/post"}],"author":[{"embeddable":true,"href":"https:\/\/www.sonoraenequipo.com.mx\/api\/wp\/v2\/users\/1"}],"replies":[{"embeddable":true,"href":"https:\/\/www.sonoraenequipo.com.mx\/api\/wp\/v2\/comments?post=175420"}],"version-history":[{"count":1,"href":"https:\/\/www.sonoraenequipo.com.mx\/api\/wp\/v2\/posts\/175420\/revisions"}],"predecessor-version":[{"id":175421,"href":"https:\/\/www.sonoraenequipo.com.mx\/api\/wp\/v2\/posts\/175420\/revisions\/175421"}],"wp:featuredmedia":[{"embeddable":true,"href":"https:\/\/www.sonoraenequipo.com.mx\/api\/wp\/v2\/media\/175415"}],"wp:attachment":[{"href":"https:\/\/www.sonoraenequipo.com.mx\/api\/wp\/v2\/media?parent=175420"}],"wp:term":[{"taxonomy":"category","embeddable":true,"href":"https:\/\/www.sonoraenequipo.com.mx\/api\/wp\/v2\/categories?post=175420"},{"taxonomy":"post_tag","embeddable":true,"href":"https:\/\/www.sonoraenequipo.com.mx\/api\/wp\/v2\/tags?post=175420"}],"curies":[{"name":"wp","href":"https:\/\/api.w.org\/{rel}","templated":true}]}}