{"id":175426,"date":"2023-09-23T19:10:36","date_gmt":"2023-09-24T02:10:36","guid":{"rendered":"https:\/\/www.sonoraenequipo.com.mx\/?p=175426"},"modified":"2023-09-23T19:10:36","modified_gmt":"2023-09-24T02:10:36","slug":"en-mexico-hay-unas-100-mil-personas-que-se-comunican-con-senas","status":"publish","type":"post","link":"https:\/\/www.sonoraenequipo.com.mx\/en-mexico-hay-unas-100-mil-personas-que-se-comunican-con-senas\/","title":{"rendered":"En M\u00e9xico hay unas 100 mil personas que se comunican con se\u00f1as"},"content":{"rendered":"<p>En M\u00e9xico hay unas 100 mil personas que se comunican con se\u00f1as<\/p>\n<p>&nbsp;<\/p>\n<p><strong>CIUDAD DE M\u00c8XICO.\u2014 <\/strong>La inclusi\u00f3n es reconocida como una herramienta de gesti\u00f3n importante para aumentar la eficacia y la productividad dentro de las empresas. Gracias a \u00e9sta, el clima laboral se ve beneficiado de forma positiva, pues disminuye la rotaci\u00f3n de personal, fomenta el trabajo en equipo y permite atraer a un mercado m\u00e1s diverso.<\/p>\n<p>&nbsp;<\/p>\n<p>&nbsp;<\/p>\n<p>&nbsp;<\/p>\n<p>En M\u00e9xico cada vez son m\u00e1s las empresas que adoptan pol\u00edticas para garantizar mayor n\u00famero y mejores oportunidades de trabajo para diferentes grupos, volvi\u00e9ndose ejemplos para que m\u00e1s empresas generen inter\u00e9s en temas relacionados con diversidad, equidad e inclusi\u00f3n.<\/p>\n<p>&nbsp;<\/p>\n<p>&nbsp;<\/p>\n<p>&nbsp;<\/p>\n<p>De acuerdo con el Consejo Nacional Para Prevenir la Discriminaci\u00f3n (CONAPRED) en M\u00e9xico hay alrededor de 7.1 millones de personas con alguna discapacidad, lo que representa aproximadamente al 6% de la poblaci\u00f3n total.<\/p>\n<p>&nbsp;<\/p>\n<p>&nbsp;<\/p>\n<p>&nbsp;<\/p>\n<p>Incluir a estos grupos ha significado establecer pol\u00edticas y regulaciones que permitan crear espacios de trabajo seguros e incluyentes, en donde todas las personas puedan desarrollarse de forma personal y profesional. El Programa Nacional de Trabajo y Empleo para las Personas con Discapacidad 2021-2024 de la Secretar\u00eda del Trabajo y Previsi\u00f3n Social menciona que actualmente el 18.3% de las mujeres con discapacidad participa en el mercado laboral, frente al 42.3% de hombres con discapacidad.<\/p>\n<p>&nbsp;<\/p>\n<p>&nbsp;<\/p>\n<p>&nbsp;<\/p>\n<p>En este contexto, la sociedad, empresas y gobierno buscan impulsar, prepararse y mejorar en temas de inclusi\u00f3n, apoyando a las personas a ejercer sus derechos, por ello es que son m\u00e1s las que crean programas y transforman sus procesos para adaptarse a un nuevo entorno. Prueba de ello es la Ley Federal del Trabajo, aprobada por el Senado de la Rep\u00fablica, que menciona que los centros de trabajo con m\u00e1s de 20 colaboradores, deber\u00e1n ofrecer m\u00e1s de 5% de sus empleos a personas con discapacidad, y los centros de trabajo deber\u00e1n contar con instalaciones adecuadas para el acceso y desarrollo de las actividades de las personas de este grupo social.<\/p>\n<p>&nbsp;<\/p>\n<p>&nbsp;<\/p>\n<p>&nbsp;<\/p>\n<p>Otro ejemplo de los esfuerzos realizados son las 150 empresas que participaron este a\u00f1o en el Distintivo Empresa Comprometida con la Inclusi\u00f3n Laboral de Personas con Discapacidad 2023 que otorga el Consejo Mexicano de Negocios (CMN) y la Fundaci\u00f3n \u00c9ntrale, que se encarga de fomentar ambientes accesibles e inclusivos en las empresas, de las cuales 48 lograron obtenerlo por su trabajo.<\/p>\n<p>&nbsp;<\/p>\n<p>&nbsp;<\/p>\n<p>&nbsp;<\/p>\n<p>El 23 de septiembre fue proclamado como D\u00eda Internacional de las Lenguas de Se\u00f1as por la Asamblea General de las Naciones Unidas, el cual tiene la finalidad de promover la conciencia sobre la importancia de la lengua de se\u00f1as para la plena realizaci\u00f3n de los derechos humanos de las personas sordomudas.<\/p>\n<p>&nbsp;<\/p>\n<p>Tan s\u00f3lo en M\u00e9xico hay entre 87,000 y 100,000 se\u00f1antes, que son quienes se comunican con lengua de se\u00f1as, la dominan y la utilizan como v\u00eda de comunicaci\u00f3n, se han adaptado y contribuyen a la sociedad, apoyando en diferentes sectores y participando en diferentes actividades del \u00e1mbito laboral y empresarial.<\/p>\n<p>&nbsp;<\/p>\n<p>&nbsp;<\/p>\n<p>&nbsp;<\/p>\n<p>Cabe reconocer que las empresas comprometidas, que establecen pr\u00e1cticas profesionales de apoyo a las personas con discapacidad logran mayores beneficios y aportaciones a su entorno. Como ejemplo de empresas que han manifestado este apoyo, se encuentran, entre otras:<\/p>\n<p>&nbsp;<\/p>\n<p>&nbsp;<\/p>\n<p>&nbsp;<\/p>\n<ul>\n<li>Samsung Electronics M\u00e9xico impuls\u00f3 \u201cSe\u00f1as que nos unen\u201d. Se trata de un servicio de Atenci\u00f3n al Cliente en Lengua de Se\u00f1as Mexicana (LSM), el cual facilita la comunicaci\u00f3n con personas con discapacidad auditiva. Se desarroll\u00f3 tras extensas pruebas de videollamadas con int\u00e9rpretes certificados, personas de la comunidad sorda y con el apoyo del Instituto de las Personas con Discapacidad de la Ciudad de M\u00e9xico, que colaboraron con Samsung.<\/li>\n<\/ul>\n<p>&nbsp;<\/p>\n<ul>\n<li>CINIA es la empresa que fabrica los peluches del Doctor Simi. Est\u00e1 ubicada en Cholula, Puebla, y cuenta con una plantilla de 400 colaboradores, de los cuales, el 90% son personas con alguna discapacidad.<\/li>\n<\/ul>\n<p>&nbsp;<\/p>\n<ul>\n<li>GNP cuenta con m\u00e1s de 170 personas con discapacidad laborando en 16 ciudades como CDMX, Guadalajara, Monterrey, Puebla, M\u00e9rida, Mexicali y Le\u00f3n; 56% de sus colaboradores con discapacidad son hombres y el 44% mujeres.<\/li>\n<\/ul>\n<p>&nbsp;<\/p>\n<p>&nbsp;<\/p>\n<p>&nbsp;<\/p>\n<p>Lograr un cambio y sentido de pertenencia e inclusi\u00f3n en las empresas es un trabajo que requiere de adaptar toda la cultura organizacional, que beneficiar\u00e1 en todo sentido a los colaboradores, clientes y empresarios, generando un ciclo de valor satisfactorio y promoviendo m\u00e1s espacios de trabajo incluyentes.<\/p>\n<p><strong>Fecha de publicaci\u00f3n s\u00e1bado 23 de septiembre de 2023<\/strong><\/p>\n<p>&nbsp;<\/p>\n","protected":false},"excerpt":{"rendered":"<p>En M\u00e9xico hay unas 100 mil personas que se comunican con se\u00f1as &nbsp; CIUDAD DE&#8230;<\/p>\n","protected":false},"author":1,"featured_media":175427,"comment_status":"open","ping_status":"open","sticky":false,"template":"","format":"standard","meta":{"_monsterinsights_skip_tracking":false,"_monsterinsights_sitenote_active":false,"_monsterinsights_sitenote_note":"","_monsterinsights_sitenote_category":0,"footnotes":""},"categories":[5],"tags":[],"class_list":["post"],"yoast_head":" \n<title>Sonora en Equipo. En M\u00e9xico hay unas 100 mil personas que se comunican con se\u00f1as Rep\u00fablica<\/title>\n<meta name=\"description\" content=\"En M\u00e9xico hay unas 100 mil personas que se comunican con se\u00f1as &nbsp; CIUDAD DE M\u00c8XICO.\u2014 La inclusi\u00f3n es reconocida como una herramienta de gesti\u00f3n En Sonora en Equipo publicamos toda la informaci\u00f3n de Sonora, M\u00e9xico y el Mundo de manera oportuna y busca que la libertad de expresi\u00f3n sea real. Visita nuestro medio informativo publicado desde Hermosillo, Sonora. %\" \/>\n<meta name=\"robots\" content=\"index, follow, max-snippet:-1, max-image-preview:large, max-video-preview:-1\" \/>\n<link rel=\"canonical\" href=\"https:\/\/www.sonoraenequipo.com.mx\/en-mexico-hay-unas-100-mil-personas-que-se-comunican-con-senas\/\" \/>\n<meta property=\"og:locale\" content=\"es_ES\" \/>\n<meta property=\"og:type\" content=\"article\" \/>\n<meta property=\"og:title\" content=\"Sonora en Equipo. En M\u00e9xico hay unas 100 mil personas que se comunican con se\u00f1as Rep\u00fablica\" \/>\n<meta property=\"og:description\" content=\"En M\u00e9xico hay unas 100 mil personas que se comunican con se\u00f1as &nbsp; CIUDAD DE M\u00c8XICO.\u2014 La inclusi\u00f3n es reconocida como una herramienta de gesti\u00f3n En Sonora en Equipo publicamos toda la informaci\u00f3n de Sonora, M\u00e9xico y el Mundo de manera oportuna y busca que la libertad de expresi\u00f3n sea real. Visita nuestro medio informativo publicado desde Hermosillo, Sonora. %\" \/>\n<meta property=\"og:url\" content=\"https:\/\/www.sonoraenequipo.com.mx\/en-mexico-hay-unas-100-mil-personas-que-se-comunican-con-senas\/\" \/>\n<meta property=\"og:site_name\" content=\"Sonora en Equipo.\" \/>\n<meta property=\"article:publisher\" content=\"https:\/\/www.facebook.com\/SonoraEE\/\" \/>\n<meta property=\"article:author\" content=\"https:\/\/www.facebook.com\/SonoraEE\" \/>\n<meta property=\"article:published_time\" content=\"2023-09-24T02:10:36+00:00\" \/>\n<meta property=\"og:image\" content=\"https:\/\/www.sonoraenequipo.com.mx\/storage\/2023\/09\/senas.jpg\" \/>\n\t<meta property=\"og:image:width\" content=\"900\" \/>\n\t<meta property=\"og:image:height\" content=\"600\" \/>\n\t<meta property=\"og:image:type\" content=\"image\/jpeg\" \/>\n<meta name=\"author\" content=\"enequipo\" \/>\n<meta name=\"twitter:card\" content=\"summary_large_image\" \/>\n<meta name=\"twitter:creator\" content=\"@sonoraenequipo\" \/>\n<meta name=\"twitter:site\" content=\"@sonoraenequipo\" \/>\n<meta name=\"twitter:label1\" content=\"Escrito por\" \/>\n\t<meta name=\"twitter:data1\" content=\"enequipo\" \/>\n\t<meta name=\"twitter:label2\" content=\"Tiempo de lectura\" \/>\n\t<meta name=\"twitter:data2\" content=\"4 minutos\" \/>\n<script type=\"application\/ld+json\" class=\"yoast-schema-graph\">{\"@context\":\"https:\/\/schema.org\",\"@graph\":[{\"@type\":\"Article\",\"@id\":\"https:\/\/www.sonoraenequipo.com.mx\/en-mexico-hay-unas-100-mil-personas-que-se-comunican-con-senas\/#article\",\"isPartOf\":{\"@id\":\"https:\/\/www.sonoraenequipo.com.mx\/en-mexico-hay-unas-100-mil-personas-que-se-comunican-con-senas\/\"},\"author\":{\"name\":\"enequipo\",\"@id\":\"https:\/\/www.sonoraenequipo.com.mx\/#\/schema\/person\/50102df0fb23a8fa9e8effad8fa81386\"},\"headline\":\"En M\u00e9xico hay unas 100 mil personas que se comunican con se\u00f1as\",\"datePublished\":\"2023-09-24T02:10:36+00:00\",\"mainEntityOfPage\":{\"@id\":\"https:\/\/www.sonoraenequipo.com.mx\/en-mexico-hay-unas-100-mil-personas-que-se-comunican-con-senas\/\"},\"wordCount\":795,\"commentCount\":0,\"publisher\":{\"@id\":\"https:\/\/www.sonoraenequipo.com.mx\/#organization\"},\"image\":{\"@id\":\"https:\/\/www.sonoraenequipo.com.mx\/en-mexico-hay-unas-100-mil-personas-que-se-comunican-con-senas\/#primaryimage\"},\"thumbnailUrl\":\"https:\/\/www.sonoraenequipo.com.mx\/storage\/2023\/09\/senas.jpg\",\"articleSection\":[\"Rep\u00fablica\"],\"inLanguage\":\"es\",\"potentialAction\":[{\"@type\":\"CommentAction\",\"name\":\"Comment\",\"target\":[\"https:\/\/www.sonoraenequipo.com.mx\/en-mexico-hay-unas-100-mil-personas-que-se-comunican-con-senas\/#respond\"]}]},{\"@type\":\"WebPage\",\"@id\":\"https:\/\/www.sonoraenequipo.com.mx\/en-mexico-hay-unas-100-mil-personas-que-se-comunican-con-senas\/\",\"url\":\"https:\/\/www.sonoraenequipo.com.mx\/en-mexico-hay-unas-100-mil-personas-que-se-comunican-con-senas\/\",\"name\":\"Sonora en Equipo. En M\u00e9xico hay unas 100 mil personas que se comunican con se\u00f1as Rep\u00fablica\",\"isPartOf\":{\"@id\":\"https:\/\/www.sonoraenequipo.com.mx\/#website\"},\"primaryImageOfPage\":{\"@id\":\"https:\/\/www.sonoraenequipo.com.mx\/en-mexico-hay-unas-100-mil-personas-que-se-comunican-con-senas\/#primaryimage\"},\"image\":{\"@id\":\"https:\/\/www.sonoraenequipo.com.mx\/en-mexico-hay-unas-100-mil-personas-que-se-comunican-con-senas\/#primaryimage\"},\"thumbnailUrl\":\"https:\/\/www.sonoraenequipo.com.mx\/storage\/2023\/09\/senas.jpg\",\"datePublished\":\"2023-09-24T02:10:36+00:00\",\"description\":\"En M\u00e9xico hay unas 100 mil personas que se comunican con se\u00f1as &nbsp; CIUDAD DE M\u00c8XICO.\u2014 La inclusi\u00f3n es reconocida como una herramienta de gesti\u00f3n En Sonora en Equipo publicamos toda la informaci\u00f3n de Sonora, M\u00e9xico y el Mundo de manera oportuna y busca que la libertad de expresi\u00f3n sea real. Visita nuestro medio informativo publicado desde Hermosillo, Sonora. %\",\"breadcrumb\":{\"@id\":\"https:\/\/www.sonoraenequipo.com.mx\/en-mexico-hay-unas-100-mil-personas-que-se-comunican-con-senas\/#breadcrumb\"},\"inLanguage\":\"es\",\"potentialAction\":[{\"@type\":\"ReadAction\",\"target\":[\"https:\/\/www.sonoraenequipo.com.mx\/en-mexico-hay-unas-100-mil-personas-que-se-comunican-con-senas\/\"]}]},{\"@type\":\"ImageObject\",\"inLanguage\":\"es\",\"@id\":\"https:\/\/www.sonoraenequipo.com.mx\/en-mexico-hay-unas-100-mil-personas-que-se-comunican-con-senas\/#primaryimage\",\"url\":\"https:\/\/www.sonoraenequipo.com.mx\/storage\/2023\/09\/senas.jpg\",\"contentUrl\":\"https:\/\/www.sonoraenequipo.com.mx\/storage\/2023\/09\/senas.jpg\",\"width\":900,\"height\":600,\"caption\":\"Lenguaje de se\u00f1as,Imagen ilustrativa.Cr\u00e9dito: Istock\"},{\"@type\":\"BreadcrumbList\",\"@id\":\"https:\/\/www.sonoraenequipo.com.mx\/en-mexico-hay-unas-100-mil-personas-que-se-comunican-con-senas\/#breadcrumb\",\"itemListElement\":[{\"@type\":\"ListItem\",\"position\":1,\"name\":\"Portada\",\"item\":\"https:\/\/www.sonoraenequipo.com.mx\/\"},{\"@type\":\"ListItem\",\"position\":2,\"name\":\"En M\u00e9xico hay unas 100 mil personas que se comunican con se\u00f1as\"}]},{\"@type\":\"WebSite\",\"@id\":\"https:\/\/www.sonoraenequipo.com.mx\/#website\",\"url\":\"https:\/\/www.sonoraenequipo.com.mx\/\",\"name\":\"Sonora en Equipo.\",\"description\":\"Diario en l\u00ednea con Noticias desde Hermosillo, Sonora\",\"publisher\":{\"@id\":\"https:\/\/www.sonoraenequipo.com.mx\/#organization\"},\"potentialAction\":[{\"@type\":\"SearchAction\",\"target\":{\"@type\":\"EntryPoint\",\"urlTemplate\":\"https:\/\/www.sonoraenequipo.com.mx\/?s={search_term_string}\"},\"query-input\":{\"@type\":\"PropertyValueSpecification\",\"valueRequired\":true,\"valueName\":\"search_term_string\"}}],\"inLanguage\":\"es\"},{\"@type\":\"Organization\",\"@id\":\"https:\/\/www.sonoraenequipo.com.mx\/#organization\",\"name\":\"Sonoraenequipo.com.mx\",\"url\":\"https:\/\/www.sonoraenequipo.com.mx\/\",\"logo\":{\"@type\":\"ImageObject\",\"inLanguage\":\"es\",\"@id\":\"https:\/\/www.sonoraenequipo.com.mx\/#\/schema\/logo\/image\/\",\"url\":\"https:\/\/www.sonoraenequipo.com.mx\/storage\/2019\/01\/sonoraenequipo_opt.png\",\"contentUrl\":\"https:\/\/www.sonoraenequipo.com.mx\/storage\/2019\/01\/sonoraenequipo_opt.png\",\"width\":375,\"height\":125,\"caption\":\"Sonoraenequipo.com.mx\"},\"image\":{\"@id\":\"https:\/\/www.sonoraenequipo.com.mx\/#\/schema\/logo\/image\/\"},\"sameAs\":[\"https:\/\/www.facebook.com\/SonoraEE\/\",\"https:\/\/x.com\/sonoraenequipo\",\"https:\/\/www.youtube.com\/channel\/UC338nW-lPEYmJQs4ZABQ1SQ\"]},{\"@type\":\"Person\",\"@id\":\"https:\/\/www.sonoraenequipo.com.mx\/#\/schema\/person\/50102df0fb23a8fa9e8effad8fa81386\",\"name\":\"enequipo\",\"image\":{\"@type\":\"ImageObject\",\"inLanguage\":\"es\",\"@id\":\"https:\/\/www.sonoraenequipo.com.mx\/#\/schema\/person\/image\/\",\"url\":\"https:\/\/secure.gravatar.com\/avatar\/049821681b589dabc0bc20695993ccebb09f5b5d4d790cd9251b97faac7c652b?s=96&d=blank&r=g\",\"contentUrl\":\"https:\/\/secure.gravatar.com\/avatar\/049821681b589dabc0bc20695993ccebb09f5b5d4d790cd9251b97faac7c652b?s=96&d=blank&r=g\",\"caption\":\"enequipo\"},\"sameAs\":[\"https:\/\/www.facebook.com\/SonoraEE\"]}]}<\/script>\n ","yoast_head_json":{"title":"Sonora en Equipo. En M\u00e9xico hay unas 100 mil personas que se comunican con se\u00f1as Rep\u00fablica","description":"En M\u00e9xico hay unas 100 mil personas que se comunican con se\u00f1as &nbsp; CIUDAD DE M\u00c8XICO.\u2014 La inclusi\u00f3n es reconocida como una herramienta de gesti\u00f3n En Sonora en Equipo publicamos toda la informaci\u00f3n de Sonora, M\u00e9xico y el Mundo de manera oportuna y busca que la libertad de expresi\u00f3n sea real. Visita nuestro medio informativo publicado desde Hermosillo, Sonora. %","robots":{"index":"index","follow":"follow","max-snippet":"max-snippet:-1","max-image-preview":"max-image-preview:large","max-video-preview":"max-video-preview:-1"},"canonical":"https:\/\/www.sonoraenequipo.com.mx\/en-mexico-hay-unas-100-mil-personas-que-se-comunican-con-senas\/","og_locale":"es_ES","og_type":"article","og_title":"Sonora en Equipo. En M\u00e9xico hay unas 100 mil personas que se comunican con se\u00f1as Rep\u00fablica","og_description":"En M\u00e9xico hay unas 100 mil personas que se comunican con se\u00f1as &nbsp; CIUDAD DE M\u00c8XICO.\u2014 La inclusi\u00f3n es reconocida como una herramienta de gesti\u00f3n En Sonora en Equipo publicamos toda la informaci\u00f3n de Sonora, M\u00e9xico y el Mundo de manera oportuna y busca que la libertad de expresi\u00f3n sea real. Visita nuestro medio informativo publicado desde Hermosillo, Sonora. %","og_url":"https:\/\/www.sonoraenequipo.com.mx\/en-mexico-hay-unas-100-mil-personas-que-se-comunican-con-senas\/","og_site_name":"Sonora en Equipo.","article_publisher":"https:\/\/www.facebook.com\/SonoraEE\/","article_author":"https:\/\/www.facebook.com\/SonoraEE","article_published_time":"2023-09-24T02:10:36+00:00","og_image":[{"width":900,"height":600,"url":"https:\/\/www.sonoraenequipo.com.mx\/storage\/2023\/09\/senas.jpg","type":"image\/jpeg"}],"author":"enequipo","twitter_card":"summary_large_image","twitter_creator":"@sonoraenequipo","twitter_site":"@sonoraenequipo","twitter_misc":{"Escrito por":"enequipo","Tiempo de lectura":"4 minutos"},"schema":{"@context":"https:\/\/schema.org","@graph":[{"@type":"Article","@id":"https:\/\/www.sonoraenequipo.com.mx\/en-mexico-hay-unas-100-mil-personas-que-se-comunican-con-senas\/#article","isPartOf":{"@id":"https:\/\/www.sonoraenequipo.com.mx\/en-mexico-hay-unas-100-mil-personas-que-se-comunican-con-senas\/"},"author":{"name":"enequipo","@id":"https:\/\/www.sonoraenequipo.com.mx\/#\/schema\/person\/50102df0fb23a8fa9e8effad8fa81386"},"headline":"En M\u00e9xico hay unas 100 mil personas que se comunican con se\u00f1as","datePublished":"2023-09-24T02:10:36+00:00","mainEntityOfPage":{"@id":"https:\/\/www.sonoraenequipo.com.mx\/en-mexico-hay-unas-100-mil-personas-que-se-comunican-con-senas\/"},"wordCount":795,"commentCount":0,"publisher":{"@id":"https:\/\/www.sonoraenequipo.com.mx\/#organization"},"image":{"@id":"https:\/\/www.sonoraenequipo.com.mx\/en-mexico-hay-unas-100-mil-personas-que-se-comunican-con-senas\/#primaryimage"},"thumbnailUrl":"https:\/\/www.sonoraenequipo.com.mx\/storage\/2023\/09\/senas.jpg","articleSection":["Rep\u00fablica"],"inLanguage":"es","potentialAction":[{"@type":"CommentAction","name":"Comment","target":["https:\/\/www.sonoraenequipo.com.mx\/en-mexico-hay-unas-100-mil-personas-que-se-comunican-con-senas\/#respond"]}]},{"@type":"WebPage","@id":"https:\/\/www.sonoraenequipo.com.mx\/en-mexico-hay-unas-100-mil-personas-que-se-comunican-con-senas\/","url":"https:\/\/www.sonoraenequipo.com.mx\/en-mexico-hay-unas-100-mil-personas-que-se-comunican-con-senas\/","name":"Sonora en Equipo. En M\u00e9xico hay unas 100 mil personas que se comunican con se\u00f1as Rep\u00fablica","isPartOf":{"@id":"https:\/\/www.sonoraenequipo.com.mx\/#website"},"primaryImageOfPage":{"@id":"https:\/\/www.sonoraenequipo.com.mx\/en-mexico-hay-unas-100-mil-personas-que-se-comunican-con-senas\/#primaryimage"},"image":{"@id":"https:\/\/www.sonoraenequipo.com.mx\/en-mexico-hay-unas-100-mil-personas-que-se-comunican-con-senas\/#primaryimage"},"thumbnailUrl":"https:\/\/www.sonoraenequipo.com.mx\/storage\/2023\/09\/senas.jpg","datePublished":"2023-09-24T02:10:36+00:00","description":"En M\u00e9xico hay unas 100 mil personas que se comunican con se\u00f1as &nbsp; CIUDAD DE M\u00c8XICO.\u2014 La inclusi\u00f3n es reconocida como una herramienta de gesti\u00f3n En Sonora en Equipo publicamos toda la informaci\u00f3n de Sonora, M\u00e9xico y el Mundo de manera oportuna y busca que la libertad de expresi\u00f3n sea real. Visita nuestro medio informativo publicado desde Hermosillo, Sonora. %","breadcrumb":{"@id":"https:\/\/www.sonoraenequipo.com.mx\/en-mexico-hay-unas-100-mil-personas-que-se-comunican-con-senas\/#breadcrumb"},"inLanguage":"es","potentialAction":[{"@type":"ReadAction","target":["https:\/\/www.sonoraenequipo.com.mx\/en-mexico-hay-unas-100-mil-personas-que-se-comunican-con-senas\/"]}]},{"@type":"ImageObject","inLanguage":"es","@id":"https:\/\/www.sonoraenequipo.com.mx\/en-mexico-hay-unas-100-mil-personas-que-se-comunican-con-senas\/#primaryimage","url":"https:\/\/www.sonoraenequipo.com.mx\/storage\/2023\/09\/senas.jpg","contentUrl":"https:\/\/www.sonoraenequipo.com.mx\/storage\/2023\/09\/senas.jpg","width":900,"height":600,"caption":"Lenguaje de se\u00f1as,Imagen ilustrativa.Cr\u00e9dito: Istock"},{"@type":"BreadcrumbList","@id":"https:\/\/www.sonoraenequipo.com.mx\/en-mexico-hay-unas-100-mil-personas-que-se-comunican-con-senas\/#breadcrumb","itemListElement":[{"@type":"ListItem","position":1,"name":"Portada","item":"https:\/\/www.sonoraenequipo.com.mx\/"},{"@type":"ListItem","position":2,"name":"En M\u00e9xico hay unas 100 mil personas que se comunican con se\u00f1as"}]},{"@type":"WebSite","@id":"https:\/\/www.sonoraenequipo.com.mx\/#website","url":"https:\/\/www.sonoraenequipo.com.mx\/","name":"Sonora en Equipo.","description":"Diario en l\u00ednea con Noticias desde Hermosillo, Sonora","publisher":{"@id":"https:\/\/www.sonoraenequipo.com.mx\/#organization"},"potentialAction":[{"@type":"SearchAction","target":{"@type":"EntryPoint","urlTemplate":"https:\/\/www.sonoraenequipo.com.mx\/?s={search_term_string}"},"query-input":{"@type":"PropertyValueSpecification","valueRequired":true,"valueName":"search_term_string"}}],"inLanguage":"es"},{"@type":"Organization","@id":"https:\/\/www.sonoraenequipo.com.mx\/#organization","name":"Sonoraenequipo.com.mx","url":"https:\/\/www.sonoraenequipo.com.mx\/","logo":{"@type":"ImageObject","inLanguage":"es","@id":"https:\/\/www.sonoraenequipo.com.mx\/#\/schema\/logo\/image\/","url":"https:\/\/www.sonoraenequipo.com.mx\/storage\/2019\/01\/sonoraenequipo_opt.png","contentUrl":"https:\/\/www.sonoraenequipo.com.mx\/storage\/2019\/01\/sonoraenequipo_opt.png","width":375,"height":125,"caption":"Sonoraenequipo.com.mx"},"image":{"@id":"https:\/\/www.sonoraenequipo.com.mx\/#\/schema\/logo\/image\/"},"sameAs":["https:\/\/www.facebook.com\/SonoraEE\/","https:\/\/x.com\/sonoraenequipo","https:\/\/www.youtube.com\/channel\/UC338nW-lPEYmJQs4ZABQ1SQ"]},{"@type":"Person","@id":"https:\/\/www.sonoraenequipo.com.mx\/#\/schema\/person\/50102df0fb23a8fa9e8effad8fa81386","name":"enequipo","image":{"@type":"ImageObject","inLanguage":"es","@id":"https:\/\/www.sonoraenequipo.com.mx\/#\/schema\/person\/image\/","url":"https:\/\/secure.gravatar.com\/avatar\/049821681b589dabc0bc20695993ccebb09f5b5d4d790cd9251b97faac7c652b?s=96&d=blank&r=g","contentUrl":"https:\/\/secure.gravatar.com\/avatar\/049821681b589dabc0bc20695993ccebb09f5b5d4d790cd9251b97faac7c652b?s=96&d=blank&r=g","caption":"enequipo"},"sameAs":["https:\/\/www.facebook.com\/SonoraEE"]}]}},"jetpack_featured_media_url":"https:\/\/www.sonoraenequipo.com.mx\/storage\/2023\/09\/senas.jpg","_links":{"self":[{"href":"https:\/\/www.sonoraenequipo.com.mx\/api\/wp\/v2\/posts\/175426","targetHints":{"allow":["GET"]}}],"collection":[{"href":"https:\/\/www.sonoraenequipo.com.mx\/api\/wp\/v2\/posts"}],"about":[{"href":"https:\/\/www.sonoraenequipo.com.mx\/api\/wp\/v2\/types\/post"}],"author":[{"embeddable":true,"href":"https:\/\/www.sonoraenequipo.com.mx\/api\/wp\/v2\/users\/1"}],"replies":[{"embeddable":true,"href":"https:\/\/www.sonoraenequipo.com.mx\/api\/wp\/v2\/comments?post=175426"}],"version-history":[{"count":1,"href":"https:\/\/www.sonoraenequipo.com.mx\/api\/wp\/v2\/posts\/175426\/revisions"}],"predecessor-version":[{"id":175428,"href":"https:\/\/www.sonoraenequipo.com.mx\/api\/wp\/v2\/posts\/175426\/revisions\/175428"}],"wp:featuredmedia":[{"embeddable":true,"href":"https:\/\/www.sonoraenequipo.com.mx\/api\/wp\/v2\/media\/175427"}],"wp:attachment":[{"href":"https:\/\/www.sonoraenequipo.com.mx\/api\/wp\/v2\/media?parent=175426"}],"wp:term":[{"taxonomy":"category","embeddable":true,"href":"https:\/\/www.sonoraenequipo.com.mx\/api\/wp\/v2\/categories?post=175426"},{"taxonomy":"post_tag","embeddable":true,"href":"https:\/\/www.sonoraenequipo.com.mx\/api\/wp\/v2\/tags?post=175426"}],"curies":[{"name":"wp","href":"https:\/\/api.w.org\/{rel}","templated":true}]}}