{"id":175463,"date":"2023-09-24T11:22:48","date_gmt":"2023-09-24T18:22:48","guid":{"rendered":"https:\/\/www.sonoraenequipo.com.mx\/?p=175463"},"modified":"2023-09-24T11:22:48","modified_gmt":"2023-09-24T18:22:48","slug":"cifra-historica-de-migrantes-abordan-trenes-en-mexico-para-llegar-a-eeuu","status":"publish","type":"post","link":"https:\/\/www.sonoraenequipo.com.mx\/cifra-historica-de-migrantes-abordan-trenes-en-mexico-para-llegar-a-eeuu\/","title":{"rendered":"Cifra hist\u00f3rica de migrantes abordan trenes en M\u00e9xico para llegar a EEUU"},"content":{"rendered":"<p>\u00abEn el Departamento de Recursos Humanos estamos siempre dispuestos a dar la mejor atenci\u00f3n y soluci\u00f3n de sus inquietudes porque nuestra vocaci\u00f3n es servir para que ellos brinden un mejor servicio al ciudadano \u00ab. expres\u00f3.<\/p>\n<p>Pese a la violencia de carteles de la droga y a los peligros asociados a subirse a los vagones, hace mucho que los migrantes utilizan esas caravanas de mercanc\u00edas, conocidos de forma gen\u00e9rica como \u201cLa Bestia\u201d, para viajar al norte.<\/p>\n<p>&nbsp;<\/p>\n<p>La interrupci\u00f3n del servicio cort\u00f3 temporalmente una de las rutas migratorias m\u00e1s transitadas del pa\u00eds coincidiendo con un pico de migraciones, y dej\u00f3 en el limbo a familias como la de Mayela Villegas.<\/p>\n<p>&nbsp;<\/p>\n<p>Villegas, su pareja y sus seis hijos durmieron durante tres d\u00edas en el suelo de concreto rodeados por muchos otros migrantes. Antes de abordar al tren, la familia venezolana dijo que apenas hab\u00eda empacado comida para unos pocos d\u00edas de viajes en tren y que estaba teniendo problemas para alimentar a los ni\u00f1os. Por fortuna, dijeron, les hab\u00edan regalado pan. No pod\u00edan permitirse un hotel o una habitaci\u00f3n.<\/p>\n<p>&nbsp;<\/p>\n<p>El corte de los servicios de tren tambi\u00e9n refleja las cifras hist\u00f3ricas de personas que se dirigen al norte en busca de una nueva vida en Estados Unidos, y el dilema que plantean para los pa\u00edses del continente que tratan de lidiar con una enorme cantidad de migrantes que atraviesan sus territorios.<\/p>\n<p>&nbsp;<\/p>\n<p>Cuando miles de migrantes cruzaron a Eagle Pass, Texas, en unos pocos d\u00edas, la localidad fronteriza declar\u00f3 un estado de emergencia.<\/p>\n<p>&nbsp;<\/p>\n<p>La Patrulla Fronteriza de Estados Unidos hizo en agosto 181.509 detenciones en la frontera con M\u00e9xico, un 37 % m\u00e1s que en julio pero casi lo mismo que en agosto de 2022, pero muy por debajo de las de 220.000 personas de diciembre, seg\u00fan cifras publicadas el viernes.<\/p>\n<p>Las llegadas han acabado con un descenso en las cifras desde que se introdujeron nuevas restricciones de asilo en mayo. Se producen tras a\u00f1os de incrementos continuados en la migraci\u00f3n debido a la crisis econ\u00f3mica y la inestabilidad pol\u00edtica y social en muchos de los pa\u00edses de los que huyen los migrantes.<\/p>\n<p>&nbsp;<\/p>\n<p>En el pasado, apenas docenas de migrantes de pa\u00edses centroamericanos pasaban cada d\u00eda en tren por Irapuato, indic\u00f3 Marta Ponce, de 73 a\u00f1os y que lleva m\u00e1s de una d\u00e9cada prestando ayuda a los que viajan por las v\u00edas que atraviesan su ciudad.<\/p>\n<p>&nbsp;<\/p>\n<p>Ahora esa cifra a menudo llega a miles. Ver a 50 o 60 personas les parec\u00eda mucho antes, pero ahora es lo normal, explic\u00f3.<\/p>\n<p>&nbsp;<\/p>\n<p>Y los migrantes llegan de muchos lugares. Ponce se\u00f1al\u00f3 que los migrantes venezolanos que huyen de la crisis econ\u00f3mica en su pa\u00eds son la abrumadora mayor\u00eda, pero ha visto gente de todo el mundo, incluidas naciones africanas, Rusia y Ucrania.<\/p>\n<p>&nbsp;<\/p>\n<p>La mayor\u00eda pasa por la selva del Dari\u00e9n, un viaje de varios d\u00edas a trav\u00e9s de la accidentada frontera entre Colombia y Panam\u00e1. Antes el cruce estaba considerado como demasiado peligroso y pocos lo intentaban, pero ahora hay tantos migrantes que atraviesan las densas junglas que se ha convertido en una importante ruta migratoria, de forma similar a los trenes que recorren M\u00e9xico.<\/p>\n<p>&nbsp;<\/p>\n<p>Los cruces de la selva del Dari\u00e9n han crecido tanto que podr\u00edan rondar las 500.000 personas s\u00f3lo este a\u00f1o.<\/p>\n<p>&nbsp;<\/p>\n<p>Villegas, cuya familia pas\u00f3 tres d\u00edas en Irapuato esperando al tren, estaba entre los muchos que vieron el Dari\u00e9n como una oportunidad. La familia estaba entre los 7,7 millones de personas que han dejado Venezuela en los \u00faltimos a\u00f1os, y pas\u00f3 tres a\u00f1os en la vecina Colombia.<\/p>\n<p>&nbsp;<\/p>\n<p>La familia pudo abrir una peque\u00f1a barber\u00eda a las afueras de la capital colombiana, pero la creciente xenofobia y la escasa paga hac\u00eda dif\u00edcil mantener a la familia de ocho miembros.<\/p>\n<p>&nbsp;<\/p>\n<p>Este verano, cuando una pandilla les amenaz\u00f3 por no pagar dinero de extorsi\u00f3n, Villegas y su pareja, Yorder Liendo, de 32 a\u00f1os, decidieron que era hora de ir a Estados Unidos. Para ellos, los riesgos merecen la pena si permiten un cambio para sus hijos, que tomaban yogur de botellas de pl\u00e1stico y se acurrucaban juntos en el suelo.<\/p>\n<p>&nbsp;<\/p>\n<p>All\u00ed esperaban encontrar oportunidades, se\u00f1al\u00f3 Liendo, as\u00ed como educaci\u00f3n y una mejor calidad de vida para sus hijos al menos mientras fueran peque\u00f1os.<\/p>\n<p>Pero Ferromex no es la \u00fanica que se ha visto abrumada por el aluvi\u00f3n de personas. Los gobiernos de la regi\u00f3n tambi\u00e9n tienen problemas.<\/p>\n<p>&nbsp;<\/p>\n<p>Colombia, que ha recibido a la mayor parte del \u00e9xodo de Venezuela, lleva tiempo pidiendo ayuda a la comunidad internacional. Panam\u00e1 y Costa Rica, por su parte, han aumentado sus restricciones a la inmigraci\u00f3n y reclamado que se haga algo sobre los cientos de miles de personas que pasan por la selva del Dari\u00e9n.<\/p>\n<p>&nbsp;<\/p>\n<p>Panam\u00e1 incluso lanz\u00f3 una campa\u00f1a llamada \u201cDari\u00e9n es una selva, no una carretera\u201d.<\/p>\n<p>&nbsp;<\/p>\n<p>Entre tanto, el gobierno de Estados Unidos ha presionado a M\u00e9xico y a pa\u00edses centroamericanos para que controlen los flujos migratorios y ahora exige que los solicitantes de asilo se registren a trav\u00e9s de una aplicaci\u00f3n llamada CBP One.<\/p>\n<p>&nbsp;<\/p>\n<p>El gobierno de Joe Biden anunci\u00f3 el jueves que conceder\u00eda estatus temporal protegido a casi medio mill\u00f3n de venezolanos que ya est\u00e1n en el pa\u00eds.<\/p>\n<p>&nbsp;<\/p>\n<p>Entre tanto, activistas como Ponce dicen esperar que la migraci\u00f3n en las l\u00edneas ferroviarias aumente.<\/p>\n<p>&nbsp;<\/p>\n<p>El s\u00e1bado por la ma\u00f1ana, migrantes cansados subieron al tren y estallaron en v\u00edtores cuando el ferrocarril aceler\u00f3 en su serpenteante ruta hacia al norte.<\/p>\n<p><strong>Fecha de publicaci\u00f3n\u00a0 domingo 24 de septiembre de 2023\/ VOA<\/strong><\/p>\n<p>&nbsp;<\/p>\n","protected":false},"excerpt":{"rendered":"<p>\u00abEn el Departamento de Recursos Humanos estamos siempre dispuestos a dar la mejor atenci\u00f3n y&#8230;<\/p>\n","protected":false},"author":1,"featured_media":175464,"comment_status":"open","ping_status":"open","sticky":false,"template":"","format":"standard","meta":{"_monsterinsights_skip_tracking":false,"_monsterinsights_sitenote_active":false,"_monsterinsights_sitenote_note":"","_monsterinsights_sitenote_category":0,"footnotes":""},"categories":[3],"tags":[1555,767],"class_list":["post"],"yoast_head":" \n<title>Sonora en Equipo. Cifra hist\u00f3rica de migrantes abordan trenes en M\u00e9xico para llegar a EEUU MUNDO<\/title>\n<meta name=\"description\" content=\"&quot;En el Departamento de Recursos Humanos estamos siempre dispuestos a dar la mejor atenci\u00f3n y soluci\u00f3n de sus inquietudes porque nuestra vocaci\u00f3n es servir En Sonora en Equipo publicamos toda la informaci\u00f3n de Sonora, M\u00e9xico y el Mundo de manera oportuna y busca que la libertad de expresi\u00f3n sea real. Visita nuestro medio informativo publicado desde Hermosillo, Sonora. %\" \/>\n<meta name=\"robots\" content=\"index, follow, max-snippet:-1, max-image-preview:large, max-video-preview:-1\" \/>\n<link rel=\"canonical\" href=\"https:\/\/www.sonoraenequipo.com.mx\/cifra-historica-de-migrantes-abordan-trenes-en-mexico-para-llegar-a-eeuu\/\" \/>\n<meta property=\"og:locale\" content=\"es_ES\" \/>\n<meta property=\"og:type\" content=\"article\" \/>\n<meta property=\"og:title\" content=\"Sonora en Equipo. Cifra hist\u00f3rica de migrantes abordan trenes en M\u00e9xico para llegar a EEUU MUNDO\" \/>\n<meta property=\"og:description\" content=\"&quot;En el Departamento de Recursos Humanos estamos siempre dispuestos a dar la mejor atenci\u00f3n y soluci\u00f3n de sus inquietudes porque nuestra vocaci\u00f3n es servir En Sonora en Equipo publicamos toda la informaci\u00f3n de Sonora, M\u00e9xico y el Mundo de manera oportuna y busca que la libertad de expresi\u00f3n sea real. Visita nuestro medio informativo publicado desde Hermosillo, Sonora. %\" \/>\n<meta property=\"og:url\" content=\"https:\/\/www.sonoraenequipo.com.mx\/cifra-historica-de-migrantes-abordan-trenes-en-mexico-para-llegar-a-eeuu\/\" \/>\n<meta property=\"og:site_name\" content=\"Sonora en Equipo.\" \/>\n<meta property=\"article:publisher\" content=\"https:\/\/www.facebook.com\/SonoraEE\/\" \/>\n<meta property=\"article:author\" content=\"https:\/\/www.facebook.com\/SonoraEE\" \/>\n<meta property=\"article:published_time\" content=\"2023-09-24T18:22:48+00:00\" \/>\n<meta property=\"og:image\" content=\"https:\/\/www.sonoraenequipo.com.mx\/storage\/2023\/09\/migrantes.jpg\" \/>\n\t<meta property=\"og:image:width\" content=\"900\" \/>\n\t<meta property=\"og:image:height\" content=\"506\" \/>\n\t<meta property=\"og:image:type\" content=\"image\/jpeg\" \/>\n<meta name=\"author\" content=\"enequipo\" \/>\n<meta name=\"twitter:card\" content=\"summary_large_image\" \/>\n<meta name=\"twitter:creator\" content=\"@sonoraenequipo\" \/>\n<meta name=\"twitter:site\" content=\"@sonoraenequipo\" \/>\n<meta name=\"twitter:label1\" content=\"Escrito por\" \/>\n\t<meta name=\"twitter:data1\" content=\"enequipo\" \/>\n\t<meta name=\"twitter:label2\" content=\"Tiempo de lectura\" \/>\n\t<meta name=\"twitter:data2\" content=\"5 minutos\" \/>\n<script type=\"application\/ld+json\" class=\"yoast-schema-graph\">{\"@context\":\"https:\/\/schema.org\",\"@graph\":[{\"@type\":\"Article\",\"@id\":\"https:\/\/www.sonoraenequipo.com.mx\/cifra-historica-de-migrantes-abordan-trenes-en-mexico-para-llegar-a-eeuu\/#article\",\"isPartOf\":{\"@id\":\"https:\/\/www.sonoraenequipo.com.mx\/cifra-historica-de-migrantes-abordan-trenes-en-mexico-para-llegar-a-eeuu\/\"},\"author\":{\"name\":\"enequipo\",\"@id\":\"https:\/\/www.sonoraenequipo.com.mx\/#\/schema\/person\/50102df0fb23a8fa9e8effad8fa81386\"},\"headline\":\"Cifra hist\u00f3rica de migrantes abordan trenes en M\u00e9xico para llegar a EEUU\",\"datePublished\":\"2023-09-24T18:22:48+00:00\",\"mainEntityOfPage\":{\"@id\":\"https:\/\/www.sonoraenequipo.com.mx\/cifra-historica-de-migrantes-abordan-trenes-en-mexico-para-llegar-a-eeuu\/\"},\"wordCount\":1006,\"commentCount\":0,\"publisher\":{\"@id\":\"https:\/\/www.sonoraenequipo.com.mx\/#organization\"},\"image\":{\"@id\":\"https:\/\/www.sonoraenequipo.com.mx\/cifra-historica-de-migrantes-abordan-trenes-en-mexico-para-llegar-a-eeuu\/#primaryimage\"},\"thumbnailUrl\":\"https:\/\/www.sonoraenequipo.com.mx\/storage\/2023\/09\/migrantes.jpg\",\"keywords\":[\"EEUU\",\"Migraci\u00f3n\"],\"articleSection\":[\"MUNDO\"],\"inLanguage\":\"es\",\"potentialAction\":[{\"@type\":\"CommentAction\",\"name\":\"Comment\",\"target\":[\"https:\/\/www.sonoraenequipo.com.mx\/cifra-historica-de-migrantes-abordan-trenes-en-mexico-para-llegar-a-eeuu\/#respond\"]}]},{\"@type\":\"WebPage\",\"@id\":\"https:\/\/www.sonoraenequipo.com.mx\/cifra-historica-de-migrantes-abordan-trenes-en-mexico-para-llegar-a-eeuu\/\",\"url\":\"https:\/\/www.sonoraenequipo.com.mx\/cifra-historica-de-migrantes-abordan-trenes-en-mexico-para-llegar-a-eeuu\/\",\"name\":\"Sonora en Equipo. Cifra hist\u00f3rica de migrantes abordan trenes en M\u00e9xico para llegar a EEUU MUNDO\",\"isPartOf\":{\"@id\":\"https:\/\/www.sonoraenequipo.com.mx\/#website\"},\"primaryImageOfPage\":{\"@id\":\"https:\/\/www.sonoraenequipo.com.mx\/cifra-historica-de-migrantes-abordan-trenes-en-mexico-para-llegar-a-eeuu\/#primaryimage\"},\"image\":{\"@id\":\"https:\/\/www.sonoraenequipo.com.mx\/cifra-historica-de-migrantes-abordan-trenes-en-mexico-para-llegar-a-eeuu\/#primaryimage\"},\"thumbnailUrl\":\"https:\/\/www.sonoraenequipo.com.mx\/storage\/2023\/09\/migrantes.jpg\",\"datePublished\":\"2023-09-24T18:22:48+00:00\",\"description\":\"\\\"En el Departamento de Recursos Humanos estamos siempre dispuestos a dar la mejor atenci\u00f3n y soluci\u00f3n de sus inquietudes porque nuestra vocaci\u00f3n es servir En Sonora en Equipo publicamos toda la informaci\u00f3n de Sonora, M\u00e9xico y el Mundo de manera oportuna y busca que la libertad de expresi\u00f3n sea real. Visita nuestro medio informativo publicado desde Hermosillo, Sonora. %\",\"breadcrumb\":{\"@id\":\"https:\/\/www.sonoraenequipo.com.mx\/cifra-historica-de-migrantes-abordan-trenes-en-mexico-para-llegar-a-eeuu\/#breadcrumb\"},\"inLanguage\":\"es\",\"potentialAction\":[{\"@type\":\"ReadAction\",\"target\":[\"https:\/\/www.sonoraenequipo.com.mx\/cifra-historica-de-migrantes-abordan-trenes-en-mexico-para-llegar-a-eeuu\/\"]}]},{\"@type\":\"ImageObject\",\"inLanguage\":\"es\",\"@id\":\"https:\/\/www.sonoraenequipo.com.mx\/cifra-historica-de-migrantes-abordan-trenes-en-mexico-para-llegar-a-eeuu\/#primaryimage\",\"url\":\"https:\/\/www.sonoraenequipo.com.mx\/storage\/2023\/09\/migrantes.jpg\",\"contentUrl\":\"https:\/\/www.sonoraenequipo.com.mx\/storage\/2023\/09\/migrantes.jpg\",\"width\":900,\"height\":506,\"caption\":\"Migrantes observan el paso de un tren mientras esperan por otro tren hacia el norte para abordarlo en Irapuato, M\u00e9xico, el 23 de septiembre de 2023. AP\"},{\"@type\":\"BreadcrumbList\",\"@id\":\"https:\/\/www.sonoraenequipo.com.mx\/cifra-historica-de-migrantes-abordan-trenes-en-mexico-para-llegar-a-eeuu\/#breadcrumb\",\"itemListElement\":[{\"@type\":\"ListItem\",\"position\":1,\"name\":\"Portada\",\"item\":\"https:\/\/www.sonoraenequipo.com.mx\/\"},{\"@type\":\"ListItem\",\"position\":2,\"name\":\"Cifra hist\u00f3rica de migrantes abordan trenes en M\u00e9xico para llegar a EEUU\"}]},{\"@type\":\"WebSite\",\"@id\":\"https:\/\/www.sonoraenequipo.com.mx\/#website\",\"url\":\"https:\/\/www.sonoraenequipo.com.mx\/\",\"name\":\"Sonora en Equipo.\",\"description\":\"Diario en l\u00ednea con Noticias desde Hermosillo, Sonora\",\"publisher\":{\"@id\":\"https:\/\/www.sonoraenequipo.com.mx\/#organization\"},\"potentialAction\":[{\"@type\":\"SearchAction\",\"target\":{\"@type\":\"EntryPoint\",\"urlTemplate\":\"https:\/\/www.sonoraenequipo.com.mx\/?s={search_term_string}\"},\"query-input\":{\"@type\":\"PropertyValueSpecification\",\"valueRequired\":true,\"valueName\":\"search_term_string\"}}],\"inLanguage\":\"es\"},{\"@type\":\"Organization\",\"@id\":\"https:\/\/www.sonoraenequipo.com.mx\/#organization\",\"name\":\"Sonoraenequipo.com.mx\",\"url\":\"https:\/\/www.sonoraenequipo.com.mx\/\",\"logo\":{\"@type\":\"ImageObject\",\"inLanguage\":\"es\",\"@id\":\"https:\/\/www.sonoraenequipo.com.mx\/#\/schema\/logo\/image\/\",\"url\":\"https:\/\/www.sonoraenequipo.com.mx\/storage\/2019\/01\/sonoraenequipo_opt.png\",\"contentUrl\":\"https:\/\/www.sonoraenequipo.com.mx\/storage\/2019\/01\/sonoraenequipo_opt.png\",\"width\":375,\"height\":125,\"caption\":\"Sonoraenequipo.com.mx\"},\"image\":{\"@id\":\"https:\/\/www.sonoraenequipo.com.mx\/#\/schema\/logo\/image\/\"},\"sameAs\":[\"https:\/\/www.facebook.com\/SonoraEE\/\",\"https:\/\/x.com\/sonoraenequipo\",\"https:\/\/www.youtube.com\/channel\/UC338nW-lPEYmJQs4ZABQ1SQ\"]},{\"@type\":\"Person\",\"@id\":\"https:\/\/www.sonoraenequipo.com.mx\/#\/schema\/person\/50102df0fb23a8fa9e8effad8fa81386\",\"name\":\"enequipo\",\"image\":{\"@type\":\"ImageObject\",\"inLanguage\":\"es\",\"@id\":\"https:\/\/www.sonoraenequipo.com.mx\/#\/schema\/person\/image\/\",\"url\":\"https:\/\/secure.gravatar.com\/avatar\/049821681b589dabc0bc20695993ccebb09f5b5d4d790cd9251b97faac7c652b?s=96&d=blank&r=g\",\"contentUrl\":\"https:\/\/secure.gravatar.com\/avatar\/049821681b589dabc0bc20695993ccebb09f5b5d4d790cd9251b97faac7c652b?s=96&d=blank&r=g\",\"caption\":\"enequipo\"},\"sameAs\":[\"https:\/\/www.facebook.com\/SonoraEE\"]}]}<\/script>\n ","yoast_head_json":{"title":"Sonora en Equipo. Cifra hist\u00f3rica de migrantes abordan trenes en M\u00e9xico para llegar a EEUU MUNDO","description":"\"En el Departamento de Recursos Humanos estamos siempre dispuestos a dar la mejor atenci\u00f3n y soluci\u00f3n de sus inquietudes porque nuestra vocaci\u00f3n es servir En Sonora en Equipo publicamos toda la informaci\u00f3n de Sonora, M\u00e9xico y el Mundo de manera oportuna y busca que la libertad de expresi\u00f3n sea real. Visita nuestro medio informativo publicado desde Hermosillo, Sonora. %","robots":{"index":"index","follow":"follow","max-snippet":"max-snippet:-1","max-image-preview":"max-image-preview:large","max-video-preview":"max-video-preview:-1"},"canonical":"https:\/\/www.sonoraenequipo.com.mx\/cifra-historica-de-migrantes-abordan-trenes-en-mexico-para-llegar-a-eeuu\/","og_locale":"es_ES","og_type":"article","og_title":"Sonora en Equipo. Cifra hist\u00f3rica de migrantes abordan trenes en M\u00e9xico para llegar a EEUU MUNDO","og_description":"\"En el Departamento de Recursos Humanos estamos siempre dispuestos a dar la mejor atenci\u00f3n y soluci\u00f3n de sus inquietudes porque nuestra vocaci\u00f3n es servir En Sonora en Equipo publicamos toda la informaci\u00f3n de Sonora, M\u00e9xico y el Mundo de manera oportuna y busca que la libertad de expresi\u00f3n sea real. Visita nuestro medio informativo publicado desde Hermosillo, Sonora. %","og_url":"https:\/\/www.sonoraenequipo.com.mx\/cifra-historica-de-migrantes-abordan-trenes-en-mexico-para-llegar-a-eeuu\/","og_site_name":"Sonora en Equipo.","article_publisher":"https:\/\/www.facebook.com\/SonoraEE\/","article_author":"https:\/\/www.facebook.com\/SonoraEE","article_published_time":"2023-09-24T18:22:48+00:00","og_image":[{"width":900,"height":506,"url":"https:\/\/www.sonoraenequipo.com.mx\/storage\/2023\/09\/migrantes.jpg","type":"image\/jpeg"}],"author":"enequipo","twitter_card":"summary_large_image","twitter_creator":"@sonoraenequipo","twitter_site":"@sonoraenequipo","twitter_misc":{"Escrito por":"enequipo","Tiempo de lectura":"5 minutos"},"schema":{"@context":"https:\/\/schema.org","@graph":[{"@type":"Article","@id":"https:\/\/www.sonoraenequipo.com.mx\/cifra-historica-de-migrantes-abordan-trenes-en-mexico-para-llegar-a-eeuu\/#article","isPartOf":{"@id":"https:\/\/www.sonoraenequipo.com.mx\/cifra-historica-de-migrantes-abordan-trenes-en-mexico-para-llegar-a-eeuu\/"},"author":{"name":"enequipo","@id":"https:\/\/www.sonoraenequipo.com.mx\/#\/schema\/person\/50102df0fb23a8fa9e8effad8fa81386"},"headline":"Cifra hist\u00f3rica de migrantes abordan trenes en M\u00e9xico para llegar a EEUU","datePublished":"2023-09-24T18:22:48+00:00","mainEntityOfPage":{"@id":"https:\/\/www.sonoraenequipo.com.mx\/cifra-historica-de-migrantes-abordan-trenes-en-mexico-para-llegar-a-eeuu\/"},"wordCount":1006,"commentCount":0,"publisher":{"@id":"https:\/\/www.sonoraenequipo.com.mx\/#organization"},"image":{"@id":"https:\/\/www.sonoraenequipo.com.mx\/cifra-historica-de-migrantes-abordan-trenes-en-mexico-para-llegar-a-eeuu\/#primaryimage"},"thumbnailUrl":"https:\/\/www.sonoraenequipo.com.mx\/storage\/2023\/09\/migrantes.jpg","keywords":["EEUU","Migraci\u00f3n"],"articleSection":["MUNDO"],"inLanguage":"es","potentialAction":[{"@type":"CommentAction","name":"Comment","target":["https:\/\/www.sonoraenequipo.com.mx\/cifra-historica-de-migrantes-abordan-trenes-en-mexico-para-llegar-a-eeuu\/#respond"]}]},{"@type":"WebPage","@id":"https:\/\/www.sonoraenequipo.com.mx\/cifra-historica-de-migrantes-abordan-trenes-en-mexico-para-llegar-a-eeuu\/","url":"https:\/\/www.sonoraenequipo.com.mx\/cifra-historica-de-migrantes-abordan-trenes-en-mexico-para-llegar-a-eeuu\/","name":"Sonora en Equipo. Cifra hist\u00f3rica de migrantes abordan trenes en M\u00e9xico para llegar a EEUU MUNDO","isPartOf":{"@id":"https:\/\/www.sonoraenequipo.com.mx\/#website"},"primaryImageOfPage":{"@id":"https:\/\/www.sonoraenequipo.com.mx\/cifra-historica-de-migrantes-abordan-trenes-en-mexico-para-llegar-a-eeuu\/#primaryimage"},"image":{"@id":"https:\/\/www.sonoraenequipo.com.mx\/cifra-historica-de-migrantes-abordan-trenes-en-mexico-para-llegar-a-eeuu\/#primaryimage"},"thumbnailUrl":"https:\/\/www.sonoraenequipo.com.mx\/storage\/2023\/09\/migrantes.jpg","datePublished":"2023-09-24T18:22:48+00:00","description":"\"En el Departamento de Recursos Humanos estamos siempre dispuestos a dar la mejor atenci\u00f3n y soluci\u00f3n de sus inquietudes porque nuestra vocaci\u00f3n es servir En Sonora en Equipo publicamos toda la informaci\u00f3n de Sonora, M\u00e9xico y el Mundo de manera oportuna y busca que la libertad de expresi\u00f3n sea real. Visita nuestro medio informativo publicado desde Hermosillo, Sonora. %","breadcrumb":{"@id":"https:\/\/www.sonoraenequipo.com.mx\/cifra-historica-de-migrantes-abordan-trenes-en-mexico-para-llegar-a-eeuu\/#breadcrumb"},"inLanguage":"es","potentialAction":[{"@type":"ReadAction","target":["https:\/\/www.sonoraenequipo.com.mx\/cifra-historica-de-migrantes-abordan-trenes-en-mexico-para-llegar-a-eeuu\/"]}]},{"@type":"ImageObject","inLanguage":"es","@id":"https:\/\/www.sonoraenequipo.com.mx\/cifra-historica-de-migrantes-abordan-trenes-en-mexico-para-llegar-a-eeuu\/#primaryimage","url":"https:\/\/www.sonoraenequipo.com.mx\/storage\/2023\/09\/migrantes.jpg","contentUrl":"https:\/\/www.sonoraenequipo.com.mx\/storage\/2023\/09\/migrantes.jpg","width":900,"height":506,"caption":"Migrantes observan el paso de un tren mientras esperan por otro tren hacia el norte para abordarlo en Irapuato, M\u00e9xico, el 23 de septiembre de 2023. AP"},{"@type":"BreadcrumbList","@id":"https:\/\/www.sonoraenequipo.com.mx\/cifra-historica-de-migrantes-abordan-trenes-en-mexico-para-llegar-a-eeuu\/#breadcrumb","itemListElement":[{"@type":"ListItem","position":1,"name":"Portada","item":"https:\/\/www.sonoraenequipo.com.mx\/"},{"@type":"ListItem","position":2,"name":"Cifra hist\u00f3rica de migrantes abordan trenes en M\u00e9xico para llegar a EEUU"}]},{"@type":"WebSite","@id":"https:\/\/www.sonoraenequipo.com.mx\/#website","url":"https:\/\/www.sonoraenequipo.com.mx\/","name":"Sonora en Equipo.","description":"Diario en l\u00ednea con Noticias desde Hermosillo, Sonora","publisher":{"@id":"https:\/\/www.sonoraenequipo.com.mx\/#organization"},"potentialAction":[{"@type":"SearchAction","target":{"@type":"EntryPoint","urlTemplate":"https:\/\/www.sonoraenequipo.com.mx\/?s={search_term_string}"},"query-input":{"@type":"PropertyValueSpecification","valueRequired":true,"valueName":"search_term_string"}}],"inLanguage":"es"},{"@type":"Organization","@id":"https:\/\/www.sonoraenequipo.com.mx\/#organization","name":"Sonoraenequipo.com.mx","url":"https:\/\/www.sonoraenequipo.com.mx\/","logo":{"@type":"ImageObject","inLanguage":"es","@id":"https:\/\/www.sonoraenequipo.com.mx\/#\/schema\/logo\/image\/","url":"https:\/\/www.sonoraenequipo.com.mx\/storage\/2019\/01\/sonoraenequipo_opt.png","contentUrl":"https:\/\/www.sonoraenequipo.com.mx\/storage\/2019\/01\/sonoraenequipo_opt.png","width":375,"height":125,"caption":"Sonoraenequipo.com.mx"},"image":{"@id":"https:\/\/www.sonoraenequipo.com.mx\/#\/schema\/logo\/image\/"},"sameAs":["https:\/\/www.facebook.com\/SonoraEE\/","https:\/\/x.com\/sonoraenequipo","https:\/\/www.youtube.com\/channel\/UC338nW-lPEYmJQs4ZABQ1SQ"]},{"@type":"Person","@id":"https:\/\/www.sonoraenequipo.com.mx\/#\/schema\/person\/50102df0fb23a8fa9e8effad8fa81386","name":"enequipo","image":{"@type":"ImageObject","inLanguage":"es","@id":"https:\/\/www.sonoraenequipo.com.mx\/#\/schema\/person\/image\/","url":"https:\/\/secure.gravatar.com\/avatar\/049821681b589dabc0bc20695993ccebb09f5b5d4d790cd9251b97faac7c652b?s=96&d=blank&r=g","contentUrl":"https:\/\/secure.gravatar.com\/avatar\/049821681b589dabc0bc20695993ccebb09f5b5d4d790cd9251b97faac7c652b?s=96&d=blank&r=g","caption":"enequipo"},"sameAs":["https:\/\/www.facebook.com\/SonoraEE"]}]}},"jetpack_featured_media_url":"https:\/\/www.sonoraenequipo.com.mx\/storage\/2023\/09\/migrantes.jpg","_links":{"self":[{"href":"https:\/\/www.sonoraenequipo.com.mx\/api\/wp\/v2\/posts\/175463","targetHints":{"allow":["GET"]}}],"collection":[{"href":"https:\/\/www.sonoraenequipo.com.mx\/api\/wp\/v2\/posts"}],"about":[{"href":"https:\/\/www.sonoraenequipo.com.mx\/api\/wp\/v2\/types\/post"}],"author":[{"embeddable":true,"href":"https:\/\/www.sonoraenequipo.com.mx\/api\/wp\/v2\/users\/1"}],"replies":[{"embeddable":true,"href":"https:\/\/www.sonoraenequipo.com.mx\/api\/wp\/v2\/comments?post=175463"}],"version-history":[{"count":1,"href":"https:\/\/www.sonoraenequipo.com.mx\/api\/wp\/v2\/posts\/175463\/revisions"}],"predecessor-version":[{"id":175465,"href":"https:\/\/www.sonoraenequipo.com.mx\/api\/wp\/v2\/posts\/175463\/revisions\/175465"}],"wp:featuredmedia":[{"embeddable":true,"href":"https:\/\/www.sonoraenequipo.com.mx\/api\/wp\/v2\/media\/175464"}],"wp:attachment":[{"href":"https:\/\/www.sonoraenequipo.com.mx\/api\/wp\/v2\/media?parent=175463"}],"wp:term":[{"taxonomy":"category","embeddable":true,"href":"https:\/\/www.sonoraenequipo.com.mx\/api\/wp\/v2\/categories?post=175463"},{"taxonomy":"post_tag","embeddable":true,"href":"https:\/\/www.sonoraenequipo.com.mx\/api\/wp\/v2\/tags?post=175463"}],"curies":[{"name":"wp","href":"https:\/\/api.w.org\/{rel}","templated":true}]}}