{"id":175530,"date":"2023-09-25T07:20:56","date_gmt":"2023-09-25T14:20:56","guid":{"rendered":"https:\/\/www.sonoraenequipo.com.mx\/?p=175530"},"modified":"2023-09-25T13:20:43","modified_gmt":"2023-09-25T20:20:43","slug":"alcalde-de-ny-limita-permanencia-de-inmigrantes-en-albergues-a-30-dias","status":"publish","type":"post","link":"https:\/\/www.sonoraenequipo.com.mx\/alcalde-de-ny-limita-permanencia-de-inmigrantes-en-albergues-a-30-dias\/","title":{"rendered":"Alcalde de NY limita permanencia de inmigrantes en albergues a 30 d\u00edas"},"content":{"rendered":"<p><strong>NUEVA YORK \u2014<\/strong> Acosado por el flujo constante de solicitantes de asilo, el alcalde de Nueva York, Eric Adams, ha impuesto un l\u00edmite de 30 d\u00edas a la permanencia de inmigrantes adultos en albergues administrados por la ciudad para aliviar las presiones sobre el sistema maltrecho y acaso disuadir a otros migrantes que quieran acudir.<\/p>\n<p>&nbsp;<\/p>\n<p>&nbsp;<\/p>\n<p> <\/p>\n<p>&nbsp;<\/p>\n<p>Los defensores de migrantes e indigentes no tardaron en calificar la medida de innecesaria y cruel.<\/p>\n<p>&nbsp;<\/p>\n<p>Pero el alcalde dijo que se trata de \u201cun paso m\u00e1s en nuestros esfuerzos para ayudar a los solicitantes de asilo a dar el paso siguiente en sus traves\u00edas\u201d.<\/p>\n<p>&nbsp;<\/p>\n<p>Adams anunci\u00f3 las nuevas normas el viernes, despu\u00e9s que el gobierno de Joe Biden dijo la semana pasada que otorgar\u00e1 el estatus de protecci\u00f3n temporaria a cientos de miles de venezolanos que arribaron antes del 31 de julio. Esto les permitir\u00e1 obtener m\u00e1s r\u00e1pidamente la autorizaci\u00f3n para trabajar en el pa\u00eds.<\/p>\n<p>&nbsp;<\/p>\n<p>La decisi\u00f3n del gobierno federal era deseada desde hace tiempo por Adams y los alcaldes de otras grandes ciudades cuyos sistemas de albergues ceden bajo la tensi\u00f3n del n\u00famero de inmigrantes de los que deben ocuparse y que crece a diario.<\/p>\n<p>&nbsp;<\/p>\n<p><em><strong>\u201cAgradecemos el apoyo que hemos recibido hasta ahora de nuestros socios estatales y federales, pero tenemos m\u00e1s de 60.000 solicitantes de asilo a nuestro cargo, y sin ayuda adicional nos veremos obligados a seguir tomando decisiones dif\u00edciles\u201d<\/strong><\/em>, dijo Adams en su anuncio.<\/p>\n<p>&nbsp;<\/p>\n<p>De los m\u00e1s de 60.000 migrantes a cargo de la ciudad, la cuarta parte es de origen venezolano. Desde abril-mayo del a\u00f1o pasado han llegado m\u00e1s de 116.000 migrantes de la frontera con M\u00e9xico.<\/p>\n<p>&nbsp;<\/p>\n<p>&nbsp;<\/p>\n<p>En julio, Adams hab\u00eda puesto un l\u00edmite de 60 d\u00edas a la permanencia en los albergues, lo que seg\u00fan sus detractores viola un fallo judicial que obliga a la ciudad a brindar refugio a quien lo pida.<\/p>\n<p>&nbsp;<\/p>\n<p>En mayo, Adams por decreto mitig\u00f3 las normas municipales del derecho al refugio, lo que es ahora objeto de una pugna legal. La gobernadora Kathy Hochul, dem\u00f3crata como Adams, respald\u00f3 al alcalde, al decir en una entrevista con CNN que el derecho al refugio nunca fue concebido como \u201cun derecho universal ilimitado ni una obligaci\u00f3n de la ciudad de alojar literalmente al mundo entero\u201d.<\/p>\n<p>&nbsp;<\/p>\n<p><em><strong>\u201cEsto s\u00f3lo sigue poniendo a personas que literalmente tratan de establecer su nueva vida y que deben atravesar por problemas y complicaciones adicionales\u201d<\/strong><\/em>, dijo Murad Awawdeh, director ejecutivo de la Coalici\u00f3n de Inmigraci\u00f3n de Nueva York, en un comunicado. .<\/p>\n<p>&nbsp;<\/p>\n<p>Los defensores de migrantes han presionado durante mucho tiempo a las autoridades de la ciudad para que proporcionen vales de vivienda para los inmigrantes y financie esfuerzos para establecer soluciones m\u00e1s duraderas y permanentes, como ampliar el n\u00famero de viviendas asequibles de la ciudad \u2014algo especialmente dif\u00edcil dado que los precios inmobiliarios de antemano hacen que vivir en la ciudad de Nueva York sea un desaf\u00edo para muchos.<\/p>\n<p>&nbsp;<\/p>\n<p><strong><em>\u201cNo creo que nadie quiera estar en un albergue. No es como vivir en el Ritz\u201d<\/em><\/strong>, dijo. <em><strong>\u201cEn realidad, en su mayor parte, nuestros neoyorquinos m\u00e1s nuevos han sido colocados en tiendas de campa\u00f1a y en espacios realmente desafiantes\u201d.<\/strong><\/em><\/p>\n<p>&nbsp;<\/p>\n<p>Los detractores cuestionaron la necesidad de establecer un l\u00edmite de tiempo cuando el alcalde obtuvo una concesi\u00f3n del gobierno federal que permite a los venezolanos un camino m\u00e1s r\u00e1pido para conseguir empleos y volverse m\u00e1s autosuficientes en materia de vivienda.<\/p>\n<p>&nbsp;<\/p>\n<p>La oficina del alcalde afirm\u00f3 que la vivienda y otros servicios podr\u00edan consumir alrededor de 12.000 millones de d\u00f3lares en tres a\u00f1os, lo que lo obligar\u00e1 a buscar recortes presupuestarios considerables que obstaculizar\u00e1n la capacidad de su ciudad para brindar servicios urbanos adecuados.<\/p>\n<p>&nbsp;<\/p>\n<p>&nbsp;<\/p>\n<p>PUBLICADO EL 24 SEPTIEMBRE DE 2023\/ Con informaci\u00f3n de AGENCIAS)<\/p>\n","protected":false},"excerpt":{"rendered":"<p>NUEVA YORK \u2014 Acosado por el flujo constante de solicitantes de asilo, el alcalde de&#8230;<\/p>\n","protected":false},"author":1,"featured_media":175501,"comment_status":"open","ping_status":"open","sticky":false,"template":"","format":"standard","meta":{"_monsterinsights_skip_tracking":false,"_monsterinsights_sitenote_active":false,"_monsterinsights_sitenote_note":"","_monsterinsights_sitenote_category":0,"footnotes":""},"categories":[3],"tags":[],"class_list":["post"],"yoast_head":" \n<title>Sonora en Equipo. Alcalde de NY limita permanencia de inmigrantes en albergues a 30 d\u00edas MUNDO<\/title>\n<meta name=\"description\" content=\"NUEVA YORK \u2014 Acosado por el flujo constante de solicitantes de asilo, el alcalde de Nueva York, Eric Adams, ha impuesto un l\u00edmite de 30 d\u00edas a la En Sonora en Equipo publicamos toda la informaci\u00f3n de Sonora, M\u00e9xico y el Mundo de manera oportuna y busca que la libertad de expresi\u00f3n sea real. Visita nuestro medio informativo publicado desde Hermosillo, Sonora. %\" \/>\n<meta name=\"robots\" content=\"index, follow, max-snippet:-1, max-image-preview:large, max-video-preview:-1\" \/>\n<link rel=\"canonical\" href=\"https:\/\/www.sonoraenequipo.com.mx\/alcalde-de-ny-limita-permanencia-de-inmigrantes-en-albergues-a-30-dias\/\" \/>\n<meta property=\"og:locale\" content=\"es_ES\" \/>\n<meta property=\"og:type\" content=\"article\" \/>\n<meta property=\"og:title\" content=\"Sonora en Equipo. Alcalde de NY limita permanencia de inmigrantes en albergues a 30 d\u00edas MUNDO\" \/>\n<meta property=\"og:description\" content=\"NUEVA YORK \u2014 Acosado por el flujo constante de solicitantes de asilo, el alcalde de Nueva York, Eric Adams, ha impuesto un l\u00edmite de 30 d\u00edas a la En Sonora en Equipo publicamos toda la informaci\u00f3n de Sonora, M\u00e9xico y el Mundo de manera oportuna y busca que la libertad de expresi\u00f3n sea real. Visita nuestro medio informativo publicado desde Hermosillo, Sonora. %\" \/>\n<meta property=\"og:url\" content=\"https:\/\/www.sonoraenequipo.com.mx\/alcalde-de-ny-limita-permanencia-de-inmigrantes-en-albergues-a-30-dias\/\" \/>\n<meta property=\"og:site_name\" content=\"Sonora en Equipo.\" \/>\n<meta property=\"article:publisher\" content=\"https:\/\/www.facebook.com\/SonoraEE\/\" \/>\n<meta property=\"article:author\" content=\"https:\/\/www.facebook.com\/SonoraEE\" \/>\n<meta property=\"article:published_time\" content=\"2023-09-25T14:20:56+00:00\" \/>\n<meta property=\"article:modified_time\" content=\"2023-09-25T20:20:43+00:00\" \/>\n<meta property=\"og:image\" content=\"https:\/\/www.sonoraenequipo.com.mx\/storage\/2023\/09\/Nueva-York-migrantes...-min.jpg\" \/>\n\t<meta property=\"og:image:width\" content=\"900\" \/>\n\t<meta property=\"og:image:height\" content=\"600\" \/>\n\t<meta property=\"og:image:type\" content=\"image\/jpeg\" \/>\n<meta name=\"author\" content=\"enequipo\" \/>\n<meta name=\"twitter:card\" content=\"summary_large_image\" \/>\n<meta name=\"twitter:creator\" content=\"@sonoraenequipo\" \/>\n<meta name=\"twitter:site\" content=\"@sonoraenequipo\" \/>\n<meta name=\"twitter:label1\" content=\"Escrito por\" \/>\n\t<meta name=\"twitter:data1\" content=\"enequipo\" \/>\n\t<meta name=\"twitter:label2\" content=\"Tiempo de lectura\" \/>\n\t<meta name=\"twitter:data2\" content=\"3 minutos\" \/>\n<script type=\"application\/ld+json\" class=\"yoast-schema-graph\">{\"@context\":\"https:\/\/schema.org\",\"@graph\":[{\"@type\":\"Article\",\"@id\":\"https:\/\/www.sonoraenequipo.com.mx\/alcalde-de-ny-limita-permanencia-de-inmigrantes-en-albergues-a-30-dias\/#article\",\"isPartOf\":{\"@id\":\"https:\/\/www.sonoraenequipo.com.mx\/alcalde-de-ny-limita-permanencia-de-inmigrantes-en-albergues-a-30-dias\/\"},\"author\":{\"name\":\"enequipo\",\"@id\":\"https:\/\/www.sonoraenequipo.com.mx\/#\/schema\/person\/50102df0fb23a8fa9e8effad8fa81386\"},\"headline\":\"Alcalde de NY limita permanencia de inmigrantes en albergues a 30 d\u00edas\",\"datePublished\":\"2023-09-25T14:20:56+00:00\",\"dateModified\":\"2023-09-25T20:20:43+00:00\",\"mainEntityOfPage\":{\"@id\":\"https:\/\/www.sonoraenequipo.com.mx\/alcalde-de-ny-limita-permanencia-de-inmigrantes-en-albergues-a-30-dias\/\"},\"wordCount\":672,\"commentCount\":0,\"publisher\":{\"@id\":\"https:\/\/www.sonoraenequipo.com.mx\/#organization\"},\"image\":{\"@id\":\"https:\/\/www.sonoraenequipo.com.mx\/alcalde-de-ny-limita-permanencia-de-inmigrantes-en-albergues-a-30-dias\/#primaryimage\"},\"thumbnailUrl\":\"https:\/\/www.sonoraenequipo.com.mx\/storage\/2023\/09\/Nueva-York-migrantes...-min.jpg\",\"articleSection\":[\"MUNDO\"],\"inLanguage\":\"es\",\"potentialAction\":[{\"@type\":\"CommentAction\",\"name\":\"Comment\",\"target\":[\"https:\/\/www.sonoraenequipo.com.mx\/alcalde-de-ny-limita-permanencia-de-inmigrantes-en-albergues-a-30-dias\/#respond\"]}]},{\"@type\":\"WebPage\",\"@id\":\"https:\/\/www.sonoraenequipo.com.mx\/alcalde-de-ny-limita-permanencia-de-inmigrantes-en-albergues-a-30-dias\/\",\"url\":\"https:\/\/www.sonoraenequipo.com.mx\/alcalde-de-ny-limita-permanencia-de-inmigrantes-en-albergues-a-30-dias\/\",\"name\":\"Sonora en Equipo. Alcalde de NY limita permanencia de inmigrantes en albergues a 30 d\u00edas MUNDO\",\"isPartOf\":{\"@id\":\"https:\/\/www.sonoraenequipo.com.mx\/#website\"},\"primaryImageOfPage\":{\"@id\":\"https:\/\/www.sonoraenequipo.com.mx\/alcalde-de-ny-limita-permanencia-de-inmigrantes-en-albergues-a-30-dias\/#primaryimage\"},\"image\":{\"@id\":\"https:\/\/www.sonoraenequipo.com.mx\/alcalde-de-ny-limita-permanencia-de-inmigrantes-en-albergues-a-30-dias\/#primaryimage\"},\"thumbnailUrl\":\"https:\/\/www.sonoraenequipo.com.mx\/storage\/2023\/09\/Nueva-York-migrantes...-min.jpg\",\"datePublished\":\"2023-09-25T14:20:56+00:00\",\"dateModified\":\"2023-09-25T20:20:43+00:00\",\"description\":\"NUEVA YORK \u2014 Acosado por el flujo constante de solicitantes de asilo, el alcalde de Nueva York, Eric Adams, ha impuesto un l\u00edmite de 30 d\u00edas a la En Sonora en Equipo publicamos toda la informaci\u00f3n de Sonora, M\u00e9xico y el Mundo de manera oportuna y busca que la libertad de expresi\u00f3n sea real. Visita nuestro medio informativo publicado desde Hermosillo, Sonora. %\",\"breadcrumb\":{\"@id\":\"https:\/\/www.sonoraenequipo.com.mx\/alcalde-de-ny-limita-permanencia-de-inmigrantes-en-albergues-a-30-dias\/#breadcrumb\"},\"inLanguage\":\"es\",\"potentialAction\":[{\"@type\":\"ReadAction\",\"target\":[\"https:\/\/www.sonoraenequipo.com.mx\/alcalde-de-ny-limita-permanencia-de-inmigrantes-en-albergues-a-30-dias\/\"]}]},{\"@type\":\"ImageObject\",\"inLanguage\":\"es\",\"@id\":\"https:\/\/www.sonoraenequipo.com.mx\/alcalde-de-ny-limita-permanencia-de-inmigrantes-en-albergues-a-30-dias\/#primaryimage\",\"url\":\"https:\/\/www.sonoraenequipo.com.mx\/storage\/2023\/09\/Nueva-York-migrantes...-min.jpg\",\"contentUrl\":\"https:\/\/www.sonoraenequipo.com.mx\/storage\/2023\/09\/Nueva-York-migrantes...-min.jpg\",\"width\":900,\"height\":600},{\"@type\":\"BreadcrumbList\",\"@id\":\"https:\/\/www.sonoraenequipo.com.mx\/alcalde-de-ny-limita-permanencia-de-inmigrantes-en-albergues-a-30-dias\/#breadcrumb\",\"itemListElement\":[{\"@type\":\"ListItem\",\"position\":1,\"name\":\"Portada\",\"item\":\"https:\/\/www.sonoraenequipo.com.mx\/\"},{\"@type\":\"ListItem\",\"position\":2,\"name\":\"Alcalde de NY limita permanencia de inmigrantes en albergues a 30 d\u00edas\"}]},{\"@type\":\"WebSite\",\"@id\":\"https:\/\/www.sonoraenequipo.com.mx\/#website\",\"url\":\"https:\/\/www.sonoraenequipo.com.mx\/\",\"name\":\"Sonora en Equipo.\",\"description\":\"Diario en l\u00ednea con Noticias desde Hermosillo, Sonora\",\"publisher\":{\"@id\":\"https:\/\/www.sonoraenequipo.com.mx\/#organization\"},\"potentialAction\":[{\"@type\":\"SearchAction\",\"target\":{\"@type\":\"EntryPoint\",\"urlTemplate\":\"https:\/\/www.sonoraenequipo.com.mx\/?s={search_term_string}\"},\"query-input\":{\"@type\":\"PropertyValueSpecification\",\"valueRequired\":true,\"valueName\":\"search_term_string\"}}],\"inLanguage\":\"es\"},{\"@type\":\"Organization\",\"@id\":\"https:\/\/www.sonoraenequipo.com.mx\/#organization\",\"name\":\"Sonoraenequipo.com.mx\",\"url\":\"https:\/\/www.sonoraenequipo.com.mx\/\",\"logo\":{\"@type\":\"ImageObject\",\"inLanguage\":\"es\",\"@id\":\"https:\/\/www.sonoraenequipo.com.mx\/#\/schema\/logo\/image\/\",\"url\":\"https:\/\/www.sonoraenequipo.com.mx\/storage\/2019\/01\/sonoraenequipo_opt.png\",\"contentUrl\":\"https:\/\/www.sonoraenequipo.com.mx\/storage\/2019\/01\/sonoraenequipo_opt.png\",\"width\":375,\"height\":125,\"caption\":\"Sonoraenequipo.com.mx\"},\"image\":{\"@id\":\"https:\/\/www.sonoraenequipo.com.mx\/#\/schema\/logo\/image\/\"},\"sameAs\":[\"https:\/\/www.facebook.com\/SonoraEE\/\",\"https:\/\/x.com\/sonoraenequipo\",\"https:\/\/www.youtube.com\/channel\/UC338nW-lPEYmJQs4ZABQ1SQ\"]},{\"@type\":\"Person\",\"@id\":\"https:\/\/www.sonoraenequipo.com.mx\/#\/schema\/person\/50102df0fb23a8fa9e8effad8fa81386\",\"name\":\"enequipo\",\"image\":{\"@type\":\"ImageObject\",\"inLanguage\":\"es\",\"@id\":\"https:\/\/www.sonoraenequipo.com.mx\/#\/schema\/person\/image\/\",\"url\":\"https:\/\/secure.gravatar.com\/avatar\/049821681b589dabc0bc20695993ccebb09f5b5d4d790cd9251b97faac7c652b?s=96&d=blank&r=g\",\"contentUrl\":\"https:\/\/secure.gravatar.com\/avatar\/049821681b589dabc0bc20695993ccebb09f5b5d4d790cd9251b97faac7c652b?s=96&d=blank&r=g\",\"caption\":\"enequipo\"},\"sameAs\":[\"https:\/\/www.facebook.com\/SonoraEE\"]}]}<\/script>\n ","yoast_head_json":{"title":"Sonora en Equipo. Alcalde de NY limita permanencia de inmigrantes en albergues a 30 d\u00edas MUNDO","description":"NUEVA YORK \u2014 Acosado por el flujo constante de solicitantes de asilo, el alcalde de Nueva York, Eric Adams, ha impuesto un l\u00edmite de 30 d\u00edas a la En Sonora en Equipo publicamos toda la informaci\u00f3n de Sonora, M\u00e9xico y el Mundo de manera oportuna y busca que la libertad de expresi\u00f3n sea real. Visita nuestro medio informativo publicado desde Hermosillo, Sonora. %","robots":{"index":"index","follow":"follow","max-snippet":"max-snippet:-1","max-image-preview":"max-image-preview:large","max-video-preview":"max-video-preview:-1"},"canonical":"https:\/\/www.sonoraenequipo.com.mx\/alcalde-de-ny-limita-permanencia-de-inmigrantes-en-albergues-a-30-dias\/","og_locale":"es_ES","og_type":"article","og_title":"Sonora en Equipo. Alcalde de NY limita permanencia de inmigrantes en albergues a 30 d\u00edas MUNDO","og_description":"NUEVA YORK \u2014 Acosado por el flujo constante de solicitantes de asilo, el alcalde de Nueva York, Eric Adams, ha impuesto un l\u00edmite de 30 d\u00edas a la En Sonora en Equipo publicamos toda la informaci\u00f3n de Sonora, M\u00e9xico y el Mundo de manera oportuna y busca que la libertad de expresi\u00f3n sea real. Visita nuestro medio informativo publicado desde Hermosillo, Sonora. %","og_url":"https:\/\/www.sonoraenequipo.com.mx\/alcalde-de-ny-limita-permanencia-de-inmigrantes-en-albergues-a-30-dias\/","og_site_name":"Sonora en Equipo.","article_publisher":"https:\/\/www.facebook.com\/SonoraEE\/","article_author":"https:\/\/www.facebook.com\/SonoraEE","article_published_time":"2023-09-25T14:20:56+00:00","article_modified_time":"2023-09-25T20:20:43+00:00","og_image":[{"width":900,"height":600,"url":"https:\/\/www.sonoraenequipo.com.mx\/storage\/2023\/09\/Nueva-York-migrantes...-min.jpg","type":"image\/jpeg"}],"author":"enequipo","twitter_card":"summary_large_image","twitter_creator":"@sonoraenequipo","twitter_site":"@sonoraenequipo","twitter_misc":{"Escrito por":"enequipo","Tiempo de lectura":"3 minutos"},"schema":{"@context":"https:\/\/schema.org","@graph":[{"@type":"Article","@id":"https:\/\/www.sonoraenequipo.com.mx\/alcalde-de-ny-limita-permanencia-de-inmigrantes-en-albergues-a-30-dias\/#article","isPartOf":{"@id":"https:\/\/www.sonoraenequipo.com.mx\/alcalde-de-ny-limita-permanencia-de-inmigrantes-en-albergues-a-30-dias\/"},"author":{"name":"enequipo","@id":"https:\/\/www.sonoraenequipo.com.mx\/#\/schema\/person\/50102df0fb23a8fa9e8effad8fa81386"},"headline":"Alcalde de NY limita permanencia de inmigrantes en albergues a 30 d\u00edas","datePublished":"2023-09-25T14:20:56+00:00","dateModified":"2023-09-25T20:20:43+00:00","mainEntityOfPage":{"@id":"https:\/\/www.sonoraenequipo.com.mx\/alcalde-de-ny-limita-permanencia-de-inmigrantes-en-albergues-a-30-dias\/"},"wordCount":672,"commentCount":0,"publisher":{"@id":"https:\/\/www.sonoraenequipo.com.mx\/#organization"},"image":{"@id":"https:\/\/www.sonoraenequipo.com.mx\/alcalde-de-ny-limita-permanencia-de-inmigrantes-en-albergues-a-30-dias\/#primaryimage"},"thumbnailUrl":"https:\/\/www.sonoraenequipo.com.mx\/storage\/2023\/09\/Nueva-York-migrantes...-min.jpg","articleSection":["MUNDO"],"inLanguage":"es","potentialAction":[{"@type":"CommentAction","name":"Comment","target":["https:\/\/www.sonoraenequipo.com.mx\/alcalde-de-ny-limita-permanencia-de-inmigrantes-en-albergues-a-30-dias\/#respond"]}]},{"@type":"WebPage","@id":"https:\/\/www.sonoraenequipo.com.mx\/alcalde-de-ny-limita-permanencia-de-inmigrantes-en-albergues-a-30-dias\/","url":"https:\/\/www.sonoraenequipo.com.mx\/alcalde-de-ny-limita-permanencia-de-inmigrantes-en-albergues-a-30-dias\/","name":"Sonora en Equipo. Alcalde de NY limita permanencia de inmigrantes en albergues a 30 d\u00edas MUNDO","isPartOf":{"@id":"https:\/\/www.sonoraenequipo.com.mx\/#website"},"primaryImageOfPage":{"@id":"https:\/\/www.sonoraenequipo.com.mx\/alcalde-de-ny-limita-permanencia-de-inmigrantes-en-albergues-a-30-dias\/#primaryimage"},"image":{"@id":"https:\/\/www.sonoraenequipo.com.mx\/alcalde-de-ny-limita-permanencia-de-inmigrantes-en-albergues-a-30-dias\/#primaryimage"},"thumbnailUrl":"https:\/\/www.sonoraenequipo.com.mx\/storage\/2023\/09\/Nueva-York-migrantes...-min.jpg","datePublished":"2023-09-25T14:20:56+00:00","dateModified":"2023-09-25T20:20:43+00:00","description":"NUEVA YORK \u2014 Acosado por el flujo constante de solicitantes de asilo, el alcalde de Nueva York, Eric Adams, ha impuesto un l\u00edmite de 30 d\u00edas a la En Sonora en Equipo publicamos toda la informaci\u00f3n de Sonora, M\u00e9xico y el Mundo de manera oportuna y busca que la libertad de expresi\u00f3n sea real. Visita nuestro medio informativo publicado desde Hermosillo, Sonora. %","breadcrumb":{"@id":"https:\/\/www.sonoraenequipo.com.mx\/alcalde-de-ny-limita-permanencia-de-inmigrantes-en-albergues-a-30-dias\/#breadcrumb"},"inLanguage":"es","potentialAction":[{"@type":"ReadAction","target":["https:\/\/www.sonoraenequipo.com.mx\/alcalde-de-ny-limita-permanencia-de-inmigrantes-en-albergues-a-30-dias\/"]}]},{"@type":"ImageObject","inLanguage":"es","@id":"https:\/\/www.sonoraenequipo.com.mx\/alcalde-de-ny-limita-permanencia-de-inmigrantes-en-albergues-a-30-dias\/#primaryimage","url":"https:\/\/www.sonoraenequipo.com.mx\/storage\/2023\/09\/Nueva-York-migrantes...-min.jpg","contentUrl":"https:\/\/www.sonoraenequipo.com.mx\/storage\/2023\/09\/Nueva-York-migrantes...-min.jpg","width":900,"height":600},{"@type":"BreadcrumbList","@id":"https:\/\/www.sonoraenequipo.com.mx\/alcalde-de-ny-limita-permanencia-de-inmigrantes-en-albergues-a-30-dias\/#breadcrumb","itemListElement":[{"@type":"ListItem","position":1,"name":"Portada","item":"https:\/\/www.sonoraenequipo.com.mx\/"},{"@type":"ListItem","position":2,"name":"Alcalde de NY limita permanencia de inmigrantes en albergues a 30 d\u00edas"}]},{"@type":"WebSite","@id":"https:\/\/www.sonoraenequipo.com.mx\/#website","url":"https:\/\/www.sonoraenequipo.com.mx\/","name":"Sonora en Equipo.","description":"Diario en l\u00ednea con Noticias desde Hermosillo, Sonora","publisher":{"@id":"https:\/\/www.sonoraenequipo.com.mx\/#organization"},"potentialAction":[{"@type":"SearchAction","target":{"@type":"EntryPoint","urlTemplate":"https:\/\/www.sonoraenequipo.com.mx\/?s={search_term_string}"},"query-input":{"@type":"PropertyValueSpecification","valueRequired":true,"valueName":"search_term_string"}}],"inLanguage":"es"},{"@type":"Organization","@id":"https:\/\/www.sonoraenequipo.com.mx\/#organization","name":"Sonoraenequipo.com.mx","url":"https:\/\/www.sonoraenequipo.com.mx\/","logo":{"@type":"ImageObject","inLanguage":"es","@id":"https:\/\/www.sonoraenequipo.com.mx\/#\/schema\/logo\/image\/","url":"https:\/\/www.sonoraenequipo.com.mx\/storage\/2019\/01\/sonoraenequipo_opt.png","contentUrl":"https:\/\/www.sonoraenequipo.com.mx\/storage\/2019\/01\/sonoraenequipo_opt.png","width":375,"height":125,"caption":"Sonoraenequipo.com.mx"},"image":{"@id":"https:\/\/www.sonoraenequipo.com.mx\/#\/schema\/logo\/image\/"},"sameAs":["https:\/\/www.facebook.com\/SonoraEE\/","https:\/\/x.com\/sonoraenequipo","https:\/\/www.youtube.com\/channel\/UC338nW-lPEYmJQs4ZABQ1SQ"]},{"@type":"Person","@id":"https:\/\/www.sonoraenequipo.com.mx\/#\/schema\/person\/50102df0fb23a8fa9e8effad8fa81386","name":"enequipo","image":{"@type":"ImageObject","inLanguage":"es","@id":"https:\/\/www.sonoraenequipo.com.mx\/#\/schema\/person\/image\/","url":"https:\/\/secure.gravatar.com\/avatar\/049821681b589dabc0bc20695993ccebb09f5b5d4d790cd9251b97faac7c652b?s=96&d=blank&r=g","contentUrl":"https:\/\/secure.gravatar.com\/avatar\/049821681b589dabc0bc20695993ccebb09f5b5d4d790cd9251b97faac7c652b?s=96&d=blank&r=g","caption":"enequipo"},"sameAs":["https:\/\/www.facebook.com\/SonoraEE"]}]}},"jetpack_featured_media_url":"https:\/\/www.sonoraenequipo.com.mx\/storage\/2023\/09\/Nueva-York-migrantes...-min.jpg","_links":{"self":[{"href":"https:\/\/www.sonoraenequipo.com.mx\/api\/wp\/v2\/posts\/175530","targetHints":{"allow":["GET"]}}],"collection":[{"href":"https:\/\/www.sonoraenequipo.com.mx\/api\/wp\/v2\/posts"}],"about":[{"href":"https:\/\/www.sonoraenequipo.com.mx\/api\/wp\/v2\/types\/post"}],"author":[{"embeddable":true,"href":"https:\/\/www.sonoraenequipo.com.mx\/api\/wp\/v2\/users\/1"}],"replies":[{"embeddable":true,"href":"https:\/\/www.sonoraenequipo.com.mx\/api\/wp\/v2\/comments?post=175530"}],"version-history":[{"count":1,"href":"https:\/\/www.sonoraenequipo.com.mx\/api\/wp\/v2\/posts\/175530\/revisions"}],"predecessor-version":[{"id":175536,"href":"https:\/\/www.sonoraenequipo.com.mx\/api\/wp\/v2\/posts\/175530\/revisions\/175536"}],"wp:featuredmedia":[{"embeddable":true,"href":"https:\/\/www.sonoraenequipo.com.mx\/api\/wp\/v2\/media\/175501"}],"wp:attachment":[{"href":"https:\/\/www.sonoraenequipo.com.mx\/api\/wp\/v2\/media?parent=175530"}],"wp:term":[{"taxonomy":"category","embeddable":true,"href":"https:\/\/www.sonoraenequipo.com.mx\/api\/wp\/v2\/categories?post=175530"},{"taxonomy":"post_tag","embeddable":true,"href":"https:\/\/www.sonoraenequipo.com.mx\/api\/wp\/v2\/tags?post=175530"}],"curies":[{"name":"wp","href":"https:\/\/api.w.org\/{rel}","templated":true}]}}