{"id":175537,"date":"2023-09-25T08:21:07","date_gmt":"2023-09-25T15:21:07","guid":{"rendered":"https:\/\/www.sonoraenequipo.com.mx\/?p=175537"},"modified":"2023-09-25T13:28:57","modified_gmt":"2023-09-25T20:28:57","slug":"kiko-de-el-chavo-del-ocho-vuelve-con-un-consejo-para-los-migrantes-que-quieren-venir-a-eeuu","status":"publish","type":"post","link":"https:\/\/www.sonoraenequipo.com.mx\/kiko-de-el-chavo-del-ocho-vuelve-con-un-consejo-para-los-migrantes-que-quieren-venir-a-eeuu\/","title":{"rendered":"\u201cKiko\u201d, de \u201cEl Chavo del Ocho\u201d, vuelve con un consejo para los migrantes que quieren venir a EEUU"},"content":{"rendered":"<p><b>CIUDAD DE M\u00c9XICO.MX. \u2014 <\/b>\u00a0\u00abK<strong>i<\/strong>ko\u00bb, el personaje de la serie televisiva mexicana \u00abEl Chavo del Ocho\u00bb, apareci\u00f3 este viernes en un videodelaembajada de Estados Unidos en M\u00e9xico para prevenir a los migrantes sobre los denominados \u201ccoyotes\u201d, traficantes que cruzan de forma ilegal a personas en busca del llamado \u201csue\u00f1o americano\u201d.<\/p>\n<p>&nbsp;<\/p>\n<p><em><strong>\u201cLa chusma de los coyotes siempre te dejan tirado, es mejor decirles que se larguen, que se vayan\u201d<\/strong><\/em>, dice en un mensaje el personaje, interpretado por el actor mexicano<\/p>\n<p>&nbsp;<\/p>\n<p>En el video publicado en redes sociales, \u00abKiko\u00bb tambi\u00e9n incentiv\u00f3 el cruce legal de migrantes a EEUU y el uso de la aplicaci\u00f3n de la Oficina de Aduanas y Protecci\u00f3n Fronteriza CBP One, que agenda citas con autoridades migratorias a fin de impulsar el ingreso ordenado y seguro.<\/p>\n<p>&nbsp;<\/p>\n<p><em><strong>\u201cL\u00e1rgate, l\u00e1rgate, l\u00e1rgate que me desesperas (dice a traficantes) y despu\u00e9s, cruza legal a los Estados Unidos<\/strong><\/em>\u201d, agreg\u00f3.<\/p>\n<p>&nbsp;<\/p>\n<p>Al inicio del video, se observa a \u00abKiko\u00bb jugar con un cami\u00f3n a escala, el cual tiene un accidente y termina sobre un veh\u00edculo, dejando a \u201ctodos destrozados\u201d.<\/p>\n<p>&nbsp;<\/p>\n<p>Posteriormente, en su juego llega una ambulancia, tambi\u00e9n de juguete y confirma que \u201ctodo qued\u00f3 destrozado\u201d, en referencia a los m\u00faltiples acontecimientos en M\u00e9xico en el que camiones sufren accidentes mientras transportan clandestinamente migrantes hacia la frontera con EEUU.<\/p>\n<p>&nbsp;<\/p>\n<p>As\u00ed como a los m\u00faltiples sucesos en los que remolques de camiones han sido abandonados con migrantes, quienes en su mayor\u00eda mueren por asfixia y golpes de calor.<\/p>\n<p>&nbsp;<\/p>\n<p>&nbsp;<\/p>\n<p>Tan solo en agosto pasado se registr\u00f3 una estrepitosa colisi\u00f3n de autob\u00fas que transportaba a migrantes, en su mayor\u00eda de nacionalidad venezolana, que dej\u00f3 16 fallecidos y 36 heridos.<\/p>\n<p>&nbsp;<\/p>\n<p>En tanto, en julio pasado, autoridades mexicanas encontraron a 303 migrantes en cajas de camiones de carga tipo Torton y un tractocami\u00f3n, situaci\u00f3n que se repite constantemente en las distintas carreteras y vialidades en el pa\u00eds.<\/p>\n<p>&nbsp;<\/p>\n<p>Seg\u00fan expertos, a este tipo de accidentes est\u00e1n expuestos aquellos migrantes indocumentados que recorren las carreteras de M\u00e9xico en busca de llegar a la frontera con Estados Unidos.<\/p>\n<p>&nbsp;<\/p>\n<p>Frecuentemente, quienes integran el \u00e9xodo venezolano viajan a diario ocultos en camiones de carga, en condiciones de hacinamiento y sometidos a maltratos por cuenta de los denominados \u201ccoyotes\u201d.<\/p>\n<p>&nbsp;<\/p>\n<p>De acuerdo con la Organizaci\u00f3n Internacional para las Migraciones (OIM), la inseguridad alimentaria y el tr\u00e1fico de personas se posicionan como los riesgos m\u00e1s comunes que enfrenta la migraci\u00f3n que transita el pa\u00eds.<\/p>\n<p><iframe loading=\"lazy\" title=\"Cruza Legal \/ Kiko\" width=\"640\" height=\"360\" src=\"https:\/\/www.youtube.com\/embed\/epjhrb7P3VA?start=49&#038;feature=oembed\" frameborder=\"0\" allow=\"accelerometer; autoplay; clipboard-write; encrypted-media; gyroscope; picture-in-picture; web-share\" referrerpolicy=\"strict-origin-when-cross-origin\" allowfullscreen><\/iframe><\/p>\n<p>&nbsp;<\/p>\n<p>&nbsp;<\/p>\n<p>PUBLICADO EL 24 SEPTIEMBRE DE 2023\/ Con informaci\u00f3n de TELEMUNDO\/EFE)<\/p>\n<p>&nbsp;<\/p>\n","protected":false},"excerpt":{"rendered":"<p>CIUDAD DE M\u00c9XICO.MX. \u2014 \u00a0\u00abKiko\u00bb, el personaje de la serie televisiva mexicana \u00abEl Chavo del&#8230;<\/p>\n","protected":false},"author":1,"featured_media":175503,"comment_status":"open","ping_status":"open","sticky":false,"template":"","format":"standard","meta":{"_monsterinsights_skip_tracking":false,"_monsterinsights_sitenote_active":false,"_monsterinsights_sitenote_note":"","_monsterinsights_sitenote_category":0,"footnotes":""},"categories":[3],"tags":[],"class_list":["post"],"yoast_head":" \n<title>Sonora en Equipo. \u201cKiko\u201d, de \u201cEl Chavo del Ocho\u201d, vuelve con un consejo para los migrantes que quieren venir a EEUU MUNDO<\/title>\n<meta name=\"description\" content=\"CIUDAD DE M\u00c9XICO.MX. \u2014 \u00a0&quot;Kiko&quot;, el personaje de la serie televisiva mexicana &quot;El Chavo del Ocho&quot;, apareci\u00f3 este viernes en un videodelaembajada de Estados En Sonora en Equipo publicamos toda la informaci\u00f3n de Sonora, M\u00e9xico y el Mundo de manera oportuna y busca que la libertad de expresi\u00f3n sea real. Visita nuestro medio informativo publicado desde Hermosillo, Sonora. %\" \/>\n<meta name=\"robots\" content=\"index, follow, max-snippet:-1, max-image-preview:large, max-video-preview:-1\" \/>\n<link rel=\"canonical\" href=\"https:\/\/www.sonoraenequipo.com.mx\/kiko-de-el-chavo-del-ocho-vuelve-con-un-consejo-para-los-migrantes-que-quieren-venir-a-eeuu\/\" \/>\n<meta property=\"og:locale\" content=\"es_ES\" \/>\n<meta property=\"og:type\" content=\"article\" \/>\n<meta property=\"og:title\" content=\"Sonora en Equipo. \u201cKiko\u201d, de \u201cEl Chavo del Ocho\u201d, vuelve con un consejo para los migrantes que quieren venir a EEUU MUNDO\" \/>\n<meta property=\"og:description\" content=\"CIUDAD DE M\u00c9XICO.MX. \u2014 \u00a0&quot;Kiko&quot;, el personaje de la serie televisiva mexicana &quot;El Chavo del Ocho&quot;, apareci\u00f3 este viernes en un videodelaembajada de Estados En Sonora en Equipo publicamos toda la informaci\u00f3n de Sonora, M\u00e9xico y el Mundo de manera oportuna y busca que la libertad de expresi\u00f3n sea real. Visita nuestro medio informativo publicado desde Hermosillo, Sonora. %\" \/>\n<meta property=\"og:url\" content=\"https:\/\/www.sonoraenequipo.com.mx\/kiko-de-el-chavo-del-ocho-vuelve-con-un-consejo-para-los-migrantes-que-quieren-venir-a-eeuu\/\" \/>\n<meta property=\"og:site_name\" content=\"Sonora en Equipo.\" \/>\n<meta property=\"article:publisher\" content=\"https:\/\/www.facebook.com\/SonoraEE\/\" \/>\n<meta property=\"article:author\" content=\"https:\/\/www.facebook.com\/SonoraEE\" \/>\n<meta property=\"article:published_time\" content=\"2023-09-25T15:21:07+00:00\" \/>\n<meta property=\"article:modified_time\" content=\"2023-09-25T20:28:57+00:00\" \/>\n<meta property=\"og:image\" content=\"https:\/\/www.sonoraenequipo.com.mx\/storage\/2023\/09\/KIKO....-min.jpg\" \/>\n\t<meta property=\"og:image:width\" content=\"1002\" \/>\n\t<meta property=\"og:image:height\" content=\"541\" \/>\n\t<meta property=\"og:image:type\" content=\"image\/jpeg\" \/>\n<meta name=\"author\" content=\"enequipo\" \/>\n<meta name=\"twitter:card\" content=\"summary_large_image\" \/>\n<meta name=\"twitter:creator\" content=\"@sonoraenequipo\" \/>\n<meta name=\"twitter:site\" content=\"@sonoraenequipo\" \/>\n<meta name=\"twitter:label1\" content=\"Escrito por\" \/>\n\t<meta name=\"twitter:data1\" content=\"enequipo\" \/>\n\t<meta name=\"twitter:label2\" content=\"Tiempo de lectura\" \/>\n\t<meta name=\"twitter:data2\" content=\"2 minutos\" \/>\n<script type=\"application\/ld+json\" class=\"yoast-schema-graph\">{\"@context\":\"https:\/\/schema.org\",\"@graph\":[{\"@type\":\"Article\",\"@id\":\"https:\/\/www.sonoraenequipo.com.mx\/kiko-de-el-chavo-del-ocho-vuelve-con-un-consejo-para-los-migrantes-que-quieren-venir-a-eeuu\/#article\",\"isPartOf\":{\"@id\":\"https:\/\/www.sonoraenequipo.com.mx\/kiko-de-el-chavo-del-ocho-vuelve-con-un-consejo-para-los-migrantes-que-quieren-venir-a-eeuu\/\"},\"author\":{\"name\":\"enequipo\",\"@id\":\"https:\/\/www.sonoraenequipo.com.mx\/#\/schema\/person\/50102df0fb23a8fa9e8effad8fa81386\"},\"headline\":\"\u201cKiko\u201d, de \u201cEl Chavo del Ocho\u201d, vuelve con un consejo para los migrantes que quieren venir a EEUU\",\"datePublished\":\"2023-09-25T15:21:07+00:00\",\"dateModified\":\"2023-09-25T20:28:57+00:00\",\"mainEntityOfPage\":{\"@id\":\"https:\/\/www.sonoraenequipo.com.mx\/kiko-de-el-chavo-del-ocho-vuelve-con-un-consejo-para-los-migrantes-que-quieren-venir-a-eeuu\/\"},\"wordCount\":477,\"commentCount\":0,\"publisher\":{\"@id\":\"https:\/\/www.sonoraenequipo.com.mx\/#organization\"},\"image\":{\"@id\":\"https:\/\/www.sonoraenequipo.com.mx\/kiko-de-el-chavo-del-ocho-vuelve-con-un-consejo-para-los-migrantes-que-quieren-venir-a-eeuu\/#primaryimage\"},\"thumbnailUrl\":\"https:\/\/www.sonoraenequipo.com.mx\/storage\/2023\/09\/KIKO....-min.jpg\",\"articleSection\":[\"MUNDO\"],\"inLanguage\":\"es\",\"potentialAction\":[{\"@type\":\"CommentAction\",\"name\":\"Comment\",\"target\":[\"https:\/\/www.sonoraenequipo.com.mx\/kiko-de-el-chavo-del-ocho-vuelve-con-un-consejo-para-los-migrantes-que-quieren-venir-a-eeuu\/#respond\"]}]},{\"@type\":\"WebPage\",\"@id\":\"https:\/\/www.sonoraenequipo.com.mx\/kiko-de-el-chavo-del-ocho-vuelve-con-un-consejo-para-los-migrantes-que-quieren-venir-a-eeuu\/\",\"url\":\"https:\/\/www.sonoraenequipo.com.mx\/kiko-de-el-chavo-del-ocho-vuelve-con-un-consejo-para-los-migrantes-que-quieren-venir-a-eeuu\/\",\"name\":\"Sonora en Equipo. \u201cKiko\u201d, de \u201cEl Chavo del Ocho\u201d, vuelve con un consejo para los migrantes que quieren venir a EEUU MUNDO\",\"isPartOf\":{\"@id\":\"https:\/\/www.sonoraenequipo.com.mx\/#website\"},\"primaryImageOfPage\":{\"@id\":\"https:\/\/www.sonoraenequipo.com.mx\/kiko-de-el-chavo-del-ocho-vuelve-con-un-consejo-para-los-migrantes-que-quieren-venir-a-eeuu\/#primaryimage\"},\"image\":{\"@id\":\"https:\/\/www.sonoraenequipo.com.mx\/kiko-de-el-chavo-del-ocho-vuelve-con-un-consejo-para-los-migrantes-que-quieren-venir-a-eeuu\/#primaryimage\"},\"thumbnailUrl\":\"https:\/\/www.sonoraenequipo.com.mx\/storage\/2023\/09\/KIKO....-min.jpg\",\"datePublished\":\"2023-09-25T15:21:07+00:00\",\"dateModified\":\"2023-09-25T20:28:57+00:00\",\"description\":\"CIUDAD DE M\u00c9XICO.MX. \u2014 \u00a0\\\"Kiko\\\", el personaje de la serie televisiva mexicana \\\"El Chavo del Ocho\\\", apareci\u00f3 este viernes en un videodelaembajada de Estados En Sonora en Equipo publicamos toda la informaci\u00f3n de Sonora, M\u00e9xico y el Mundo de manera oportuna y busca que la libertad de expresi\u00f3n sea real. Visita nuestro medio informativo publicado desde Hermosillo, Sonora. %\",\"breadcrumb\":{\"@id\":\"https:\/\/www.sonoraenequipo.com.mx\/kiko-de-el-chavo-del-ocho-vuelve-con-un-consejo-para-los-migrantes-que-quieren-venir-a-eeuu\/#breadcrumb\"},\"inLanguage\":\"es\",\"potentialAction\":[{\"@type\":\"ReadAction\",\"target\":[\"https:\/\/www.sonoraenequipo.com.mx\/kiko-de-el-chavo-del-ocho-vuelve-con-un-consejo-para-los-migrantes-que-quieren-venir-a-eeuu\/\"]}]},{\"@type\":\"ImageObject\",\"inLanguage\":\"es\",\"@id\":\"https:\/\/www.sonoraenequipo.com.mx\/kiko-de-el-chavo-del-ocho-vuelve-con-un-consejo-para-los-migrantes-que-quieren-venir-a-eeuu\/#primaryimage\",\"url\":\"https:\/\/www.sonoraenequipo.com.mx\/storage\/2023\/09\/KIKO....-min.jpg\",\"contentUrl\":\"https:\/\/www.sonoraenequipo.com.mx\/storage\/2023\/09\/KIKO....-min.jpg\",\"width\":1002,\"height\":541},{\"@type\":\"BreadcrumbList\",\"@id\":\"https:\/\/www.sonoraenequipo.com.mx\/kiko-de-el-chavo-del-ocho-vuelve-con-un-consejo-para-los-migrantes-que-quieren-venir-a-eeuu\/#breadcrumb\",\"itemListElement\":[{\"@type\":\"ListItem\",\"position\":1,\"name\":\"Portada\",\"item\":\"https:\/\/www.sonoraenequipo.com.mx\/\"},{\"@type\":\"ListItem\",\"position\":2,\"name\":\"\u201cKiko\u201d, de \u201cEl Chavo del Ocho\u201d, vuelve con un consejo para los migrantes que quieren venir a EEUU\"}]},{\"@type\":\"WebSite\",\"@id\":\"https:\/\/www.sonoraenequipo.com.mx\/#website\",\"url\":\"https:\/\/www.sonoraenequipo.com.mx\/\",\"name\":\"Sonora en Equipo.\",\"description\":\"Diario en l\u00ednea con Noticias desde Hermosillo, Sonora\",\"publisher\":{\"@id\":\"https:\/\/www.sonoraenequipo.com.mx\/#organization\"},\"potentialAction\":[{\"@type\":\"SearchAction\",\"target\":{\"@type\":\"EntryPoint\",\"urlTemplate\":\"https:\/\/www.sonoraenequipo.com.mx\/?s={search_term_string}\"},\"query-input\":{\"@type\":\"PropertyValueSpecification\",\"valueRequired\":true,\"valueName\":\"search_term_string\"}}],\"inLanguage\":\"es\"},{\"@type\":\"Organization\",\"@id\":\"https:\/\/www.sonoraenequipo.com.mx\/#organization\",\"name\":\"Sonoraenequipo.com.mx\",\"url\":\"https:\/\/www.sonoraenequipo.com.mx\/\",\"logo\":{\"@type\":\"ImageObject\",\"inLanguage\":\"es\",\"@id\":\"https:\/\/www.sonoraenequipo.com.mx\/#\/schema\/logo\/image\/\",\"url\":\"https:\/\/www.sonoraenequipo.com.mx\/storage\/2019\/01\/sonoraenequipo_opt.png\",\"contentUrl\":\"https:\/\/www.sonoraenequipo.com.mx\/storage\/2019\/01\/sonoraenequipo_opt.png\",\"width\":375,\"height\":125,\"caption\":\"Sonoraenequipo.com.mx\"},\"image\":{\"@id\":\"https:\/\/www.sonoraenequipo.com.mx\/#\/schema\/logo\/image\/\"},\"sameAs\":[\"https:\/\/www.facebook.com\/SonoraEE\/\",\"https:\/\/x.com\/sonoraenequipo\",\"https:\/\/www.youtube.com\/channel\/UC338nW-lPEYmJQs4ZABQ1SQ\"]},{\"@type\":\"Person\",\"@id\":\"https:\/\/www.sonoraenequipo.com.mx\/#\/schema\/person\/50102df0fb23a8fa9e8effad8fa81386\",\"name\":\"enequipo\",\"image\":{\"@type\":\"ImageObject\",\"inLanguage\":\"es\",\"@id\":\"https:\/\/www.sonoraenequipo.com.mx\/#\/schema\/person\/image\/\",\"url\":\"https:\/\/secure.gravatar.com\/avatar\/049821681b589dabc0bc20695993ccebb09f5b5d4d790cd9251b97faac7c652b?s=96&d=blank&r=g\",\"contentUrl\":\"https:\/\/secure.gravatar.com\/avatar\/049821681b589dabc0bc20695993ccebb09f5b5d4d790cd9251b97faac7c652b?s=96&d=blank&r=g\",\"caption\":\"enequipo\"},\"sameAs\":[\"https:\/\/www.facebook.com\/SonoraEE\"]}]}<\/script>\n ","yoast_head_json":{"title":"Sonora en Equipo. \u201cKiko\u201d, de \u201cEl Chavo del Ocho\u201d, vuelve con un consejo para los migrantes que quieren venir a EEUU MUNDO","description":"CIUDAD DE M\u00c9XICO.MX. \u2014 \u00a0\"Kiko\", el personaje de la serie televisiva mexicana \"El Chavo del Ocho\", apareci\u00f3 este viernes en un videodelaembajada de Estados En Sonora en Equipo publicamos toda la informaci\u00f3n de Sonora, M\u00e9xico y el Mundo de manera oportuna y busca que la libertad de expresi\u00f3n sea real. Visita nuestro medio informativo publicado desde Hermosillo, Sonora. %","robots":{"index":"index","follow":"follow","max-snippet":"max-snippet:-1","max-image-preview":"max-image-preview:large","max-video-preview":"max-video-preview:-1"},"canonical":"https:\/\/www.sonoraenequipo.com.mx\/kiko-de-el-chavo-del-ocho-vuelve-con-un-consejo-para-los-migrantes-que-quieren-venir-a-eeuu\/","og_locale":"es_ES","og_type":"article","og_title":"Sonora en Equipo. \u201cKiko\u201d, de \u201cEl Chavo del Ocho\u201d, vuelve con un consejo para los migrantes que quieren venir a EEUU MUNDO","og_description":"CIUDAD DE M\u00c9XICO.MX. \u2014 \u00a0\"Kiko\", el personaje de la serie televisiva mexicana \"El Chavo del Ocho\", apareci\u00f3 este viernes en un videodelaembajada de Estados En Sonora en Equipo publicamos toda la informaci\u00f3n de Sonora, M\u00e9xico y el Mundo de manera oportuna y busca que la libertad de expresi\u00f3n sea real. Visita nuestro medio informativo publicado desde Hermosillo, Sonora. %","og_url":"https:\/\/www.sonoraenequipo.com.mx\/kiko-de-el-chavo-del-ocho-vuelve-con-un-consejo-para-los-migrantes-que-quieren-venir-a-eeuu\/","og_site_name":"Sonora en Equipo.","article_publisher":"https:\/\/www.facebook.com\/SonoraEE\/","article_author":"https:\/\/www.facebook.com\/SonoraEE","article_published_time":"2023-09-25T15:21:07+00:00","article_modified_time":"2023-09-25T20:28:57+00:00","og_image":[{"width":1002,"height":541,"url":"https:\/\/www.sonoraenequipo.com.mx\/storage\/2023\/09\/KIKO....-min.jpg","type":"image\/jpeg"}],"author":"enequipo","twitter_card":"summary_large_image","twitter_creator":"@sonoraenequipo","twitter_site":"@sonoraenequipo","twitter_misc":{"Escrito por":"enequipo","Tiempo de lectura":"2 minutos"},"schema":{"@context":"https:\/\/schema.org","@graph":[{"@type":"Article","@id":"https:\/\/www.sonoraenequipo.com.mx\/kiko-de-el-chavo-del-ocho-vuelve-con-un-consejo-para-los-migrantes-que-quieren-venir-a-eeuu\/#article","isPartOf":{"@id":"https:\/\/www.sonoraenequipo.com.mx\/kiko-de-el-chavo-del-ocho-vuelve-con-un-consejo-para-los-migrantes-que-quieren-venir-a-eeuu\/"},"author":{"name":"enequipo","@id":"https:\/\/www.sonoraenequipo.com.mx\/#\/schema\/person\/50102df0fb23a8fa9e8effad8fa81386"},"headline":"\u201cKiko\u201d, de \u201cEl Chavo del Ocho\u201d, vuelve con un consejo para los migrantes que quieren venir a EEUU","datePublished":"2023-09-25T15:21:07+00:00","dateModified":"2023-09-25T20:28:57+00:00","mainEntityOfPage":{"@id":"https:\/\/www.sonoraenequipo.com.mx\/kiko-de-el-chavo-del-ocho-vuelve-con-un-consejo-para-los-migrantes-que-quieren-venir-a-eeuu\/"},"wordCount":477,"commentCount":0,"publisher":{"@id":"https:\/\/www.sonoraenequipo.com.mx\/#organization"},"image":{"@id":"https:\/\/www.sonoraenequipo.com.mx\/kiko-de-el-chavo-del-ocho-vuelve-con-un-consejo-para-los-migrantes-que-quieren-venir-a-eeuu\/#primaryimage"},"thumbnailUrl":"https:\/\/www.sonoraenequipo.com.mx\/storage\/2023\/09\/KIKO....-min.jpg","articleSection":["MUNDO"],"inLanguage":"es","potentialAction":[{"@type":"CommentAction","name":"Comment","target":["https:\/\/www.sonoraenequipo.com.mx\/kiko-de-el-chavo-del-ocho-vuelve-con-un-consejo-para-los-migrantes-que-quieren-venir-a-eeuu\/#respond"]}]},{"@type":"WebPage","@id":"https:\/\/www.sonoraenequipo.com.mx\/kiko-de-el-chavo-del-ocho-vuelve-con-un-consejo-para-los-migrantes-que-quieren-venir-a-eeuu\/","url":"https:\/\/www.sonoraenequipo.com.mx\/kiko-de-el-chavo-del-ocho-vuelve-con-un-consejo-para-los-migrantes-que-quieren-venir-a-eeuu\/","name":"Sonora en Equipo. \u201cKiko\u201d, de \u201cEl Chavo del Ocho\u201d, vuelve con un consejo para los migrantes que quieren venir a EEUU MUNDO","isPartOf":{"@id":"https:\/\/www.sonoraenequipo.com.mx\/#website"},"primaryImageOfPage":{"@id":"https:\/\/www.sonoraenequipo.com.mx\/kiko-de-el-chavo-del-ocho-vuelve-con-un-consejo-para-los-migrantes-que-quieren-venir-a-eeuu\/#primaryimage"},"image":{"@id":"https:\/\/www.sonoraenequipo.com.mx\/kiko-de-el-chavo-del-ocho-vuelve-con-un-consejo-para-los-migrantes-que-quieren-venir-a-eeuu\/#primaryimage"},"thumbnailUrl":"https:\/\/www.sonoraenequipo.com.mx\/storage\/2023\/09\/KIKO....-min.jpg","datePublished":"2023-09-25T15:21:07+00:00","dateModified":"2023-09-25T20:28:57+00:00","description":"CIUDAD DE M\u00c9XICO.MX. \u2014 \u00a0\"Kiko\", el personaje de la serie televisiva mexicana \"El Chavo del Ocho\", apareci\u00f3 este viernes en un videodelaembajada de Estados En Sonora en Equipo publicamos toda la informaci\u00f3n de Sonora, M\u00e9xico y el Mundo de manera oportuna y busca que la libertad de expresi\u00f3n sea real. Visita nuestro medio informativo publicado desde Hermosillo, Sonora. %","breadcrumb":{"@id":"https:\/\/www.sonoraenequipo.com.mx\/kiko-de-el-chavo-del-ocho-vuelve-con-un-consejo-para-los-migrantes-que-quieren-venir-a-eeuu\/#breadcrumb"},"inLanguage":"es","potentialAction":[{"@type":"ReadAction","target":["https:\/\/www.sonoraenequipo.com.mx\/kiko-de-el-chavo-del-ocho-vuelve-con-un-consejo-para-los-migrantes-que-quieren-venir-a-eeuu\/"]}]},{"@type":"ImageObject","inLanguage":"es","@id":"https:\/\/www.sonoraenequipo.com.mx\/kiko-de-el-chavo-del-ocho-vuelve-con-un-consejo-para-los-migrantes-que-quieren-venir-a-eeuu\/#primaryimage","url":"https:\/\/www.sonoraenequipo.com.mx\/storage\/2023\/09\/KIKO....-min.jpg","contentUrl":"https:\/\/www.sonoraenequipo.com.mx\/storage\/2023\/09\/KIKO....-min.jpg","width":1002,"height":541},{"@type":"BreadcrumbList","@id":"https:\/\/www.sonoraenequipo.com.mx\/kiko-de-el-chavo-del-ocho-vuelve-con-un-consejo-para-los-migrantes-que-quieren-venir-a-eeuu\/#breadcrumb","itemListElement":[{"@type":"ListItem","position":1,"name":"Portada","item":"https:\/\/www.sonoraenequipo.com.mx\/"},{"@type":"ListItem","position":2,"name":"\u201cKiko\u201d, de \u201cEl Chavo del Ocho\u201d, vuelve con un consejo para los migrantes que quieren venir a EEUU"}]},{"@type":"WebSite","@id":"https:\/\/www.sonoraenequipo.com.mx\/#website","url":"https:\/\/www.sonoraenequipo.com.mx\/","name":"Sonora en Equipo.","description":"Diario en l\u00ednea con Noticias desde Hermosillo, Sonora","publisher":{"@id":"https:\/\/www.sonoraenequipo.com.mx\/#organization"},"potentialAction":[{"@type":"SearchAction","target":{"@type":"EntryPoint","urlTemplate":"https:\/\/www.sonoraenequipo.com.mx\/?s={search_term_string}"},"query-input":{"@type":"PropertyValueSpecification","valueRequired":true,"valueName":"search_term_string"}}],"inLanguage":"es"},{"@type":"Organization","@id":"https:\/\/www.sonoraenequipo.com.mx\/#organization","name":"Sonoraenequipo.com.mx","url":"https:\/\/www.sonoraenequipo.com.mx\/","logo":{"@type":"ImageObject","inLanguage":"es","@id":"https:\/\/www.sonoraenequipo.com.mx\/#\/schema\/logo\/image\/","url":"https:\/\/www.sonoraenequipo.com.mx\/storage\/2019\/01\/sonoraenequipo_opt.png","contentUrl":"https:\/\/www.sonoraenequipo.com.mx\/storage\/2019\/01\/sonoraenequipo_opt.png","width":375,"height":125,"caption":"Sonoraenequipo.com.mx"},"image":{"@id":"https:\/\/www.sonoraenequipo.com.mx\/#\/schema\/logo\/image\/"},"sameAs":["https:\/\/www.facebook.com\/SonoraEE\/","https:\/\/x.com\/sonoraenequipo","https:\/\/www.youtube.com\/channel\/UC338nW-lPEYmJQs4ZABQ1SQ"]},{"@type":"Person","@id":"https:\/\/www.sonoraenequipo.com.mx\/#\/schema\/person\/50102df0fb23a8fa9e8effad8fa81386","name":"enequipo","image":{"@type":"ImageObject","inLanguage":"es","@id":"https:\/\/www.sonoraenequipo.com.mx\/#\/schema\/person\/image\/","url":"https:\/\/secure.gravatar.com\/avatar\/049821681b589dabc0bc20695993ccebb09f5b5d4d790cd9251b97faac7c652b?s=96&d=blank&r=g","contentUrl":"https:\/\/secure.gravatar.com\/avatar\/049821681b589dabc0bc20695993ccebb09f5b5d4d790cd9251b97faac7c652b?s=96&d=blank&r=g","caption":"enequipo"},"sameAs":["https:\/\/www.facebook.com\/SonoraEE"]}]}},"jetpack_featured_media_url":"https:\/\/www.sonoraenequipo.com.mx\/storage\/2023\/09\/KIKO....-min.jpg","_links":{"self":[{"href":"https:\/\/www.sonoraenequipo.com.mx\/api\/wp\/v2\/posts\/175537","targetHints":{"allow":["GET"]}}],"collection":[{"href":"https:\/\/www.sonoraenequipo.com.mx\/api\/wp\/v2\/posts"}],"about":[{"href":"https:\/\/www.sonoraenequipo.com.mx\/api\/wp\/v2\/types\/post"}],"author":[{"embeddable":true,"href":"https:\/\/www.sonoraenequipo.com.mx\/api\/wp\/v2\/users\/1"}],"replies":[{"embeddable":true,"href":"https:\/\/www.sonoraenequipo.com.mx\/api\/wp\/v2\/comments?post=175537"}],"version-history":[{"count":1,"href":"https:\/\/www.sonoraenequipo.com.mx\/api\/wp\/v2\/posts\/175537\/revisions"}],"predecessor-version":[{"id":175538,"href":"https:\/\/www.sonoraenequipo.com.mx\/api\/wp\/v2\/posts\/175537\/revisions\/175538"}],"wp:featuredmedia":[{"embeddable":true,"href":"https:\/\/www.sonoraenequipo.com.mx\/api\/wp\/v2\/media\/175503"}],"wp:attachment":[{"href":"https:\/\/www.sonoraenequipo.com.mx\/api\/wp\/v2\/media?parent=175537"}],"wp:term":[{"taxonomy":"category","embeddable":true,"href":"https:\/\/www.sonoraenequipo.com.mx\/api\/wp\/v2\/categories?post=175537"},{"taxonomy":"post_tag","embeddable":true,"href":"https:\/\/www.sonoraenequipo.com.mx\/api\/wp\/v2\/tags?post=175537"}],"curies":[{"name":"wp","href":"https:\/\/api.w.org\/{rel}","templated":true}]}}