{"id":175539,"date":"2023-09-25T10:29:13","date_gmt":"2023-09-25T17:29:13","guid":{"rendered":"https:\/\/www.sonoraenequipo.com.mx\/?p=175539"},"modified":"2023-09-25T16:04:49","modified_gmt":"2023-09-25T23:04:49","slug":"aumentara-presencia-de-la-guardia-nacional-en-frontera-comalapa-chiapas","status":"publish","type":"post","link":"https:\/\/www.sonoraenequipo.com.mx\/aumentara-presencia-de-la-guardia-nacional-en-frontera-comalapa-chiapas\/","title":{"rendered":"Aumentar\u00e1 presencia de la Guardia Nacional en Frontera Comalapa, Chiapas"},"content":{"rendered":"<p><strong>CIUDAD DE M\u00c9XICO. MX. \u2014<\/strong> El presidente Andr\u00e9s Manuel L\u00f3pez Obrador instruy\u00f3 aumentar la presencia de elementos de la Guardia Nacional en los municipios de Frontera Comalapa y Motozintla en Chiapas, a fin de garantizar la seguridad y tranquilidad de la poblaci\u00f3n.<\/p>\n<p>&nbsp;<\/p>\n<p> <br \/>\nEn conferencia de prensa matutina puntualiz\u00f3 que los hechos registrados el fin de semana corresponden a un asunto focalizado en los l\u00edmites de la entidad con Guatemala, situaci\u00f3n que ya es atendida por el Gobierno de M\u00e9xico.<\/p>\n<p>&nbsp;<\/p>\n<p>El mandatario refiri\u00f3 que esa regi\u00f3n es una de las que registran m\u00e1s beneficiarios de los Programas para el Bienestar. Al mismo tiempo, llam\u00f3 a la poblaci\u00f3n a no ceder a invitaciones a participar en actividades convocadas por grupos de la delincuencia organizada.<\/p>\n<p>&nbsp;<\/p>\n<p><em><strong>\u201cEstamos trabajando en beneficio de la gente. (\u2026) Por eso les env\u00edo un saludo y, al mismo tiempo, el llamado para que no caigan en actos ilegales, que no se dejen someter, que no los enganchen, sobre todo a los j\u00f3venes\u201d,<\/strong> <\/em>apunt\u00f3.<\/p>\n<p>&nbsp;<\/p>\n<p>La Comisi\u00f3n Federal de Electricidad (CFE) trabaja en el restablecimiento de la energ\u00eda el\u00e9ctrica en comunidades de Chiapas afectadas por los sucesos, a\u00f1adi\u00f3 el jefe del Ejecutivo.<\/p>\n<p>&nbsp;<\/p>\n<p><strong><em>\u201cEstos delincuentes, que son muy buenos para la propaganda, cortaron la luz en algunas comunidades y no han permitido que entren los trabajadores de la Comisi\u00f3n Federal de Electricidad a restablecer el servicio, entonces vamos a comenzar con eso: darle seguridad a los trabajadores para que se reinstale la luz en beneficio de la gente\u201d<\/em><\/strong>, acot\u00f3.<\/p>\n<p>&nbsp;<\/p>\n<p>El presidente record\u00f3 que ha recorrido todas las comunidades de la regi\u00f3n, por lo que est\u00e1 familiarizado con las necesidades del pueblo y las escucha.<\/p>\n<p>&nbsp;<\/p>\n<p><strong><em>\u201cYa se est\u00e1 atendiendo este asunto; hacer un llamado a la gente que siempre ha estado respaldando nuestro movimiento de transformaci\u00f3n. Yo he ido a esa regi\u00f3n, he recorrido esa regi\u00f3n desde la frontera, entrando por Trinitaria, por Comit\u00e1n, Frontera Comalapa hasta bajar a Huixtla; al menos he hecho ese recorrido diez veces, pueblo por pueblo, conozco todos los municipios de la sierra de Chiapas con l\u00edmite a Guatemala\u201d<\/em><\/strong>, enfatiz\u00f3.<\/p>\n<p>&nbsp;<\/p>\n<p>PUBLICADO EL 10 SEPTIEMBRE DE 2023\/ Con informaci\u00f3n de GOBM\u00c9XICO)<\/p>\n","protected":false},"excerpt":{"rendered":"<p>CIUDAD DE M\u00c9XICO. MX. \u2014 El presidente Andr\u00e9s Manuel L\u00f3pez Obrador instruy\u00f3 aumentar la presencia&#8230;<\/p>\n","protected":false},"author":1,"featured_media":175540,"comment_status":"open","ping_status":"open","sticky":false,"template":"","format":"standard","meta":{"_monsterinsights_skip_tracking":false,"_monsterinsights_sitenote_active":false,"_monsterinsights_sitenote_note":"","_monsterinsights_sitenote_category":0,"footnotes":""},"categories":[5],"tags":[],"class_list":["post"],"yoast_head":" \n<title>Sonora en Equipo. Aumentar\u00e1 presencia de la Guardia Nacional en Frontera Comalapa, Chiapas Rep\u00fablica<\/title>\n<meta name=\"description\" content=\"CIUDAD DE M\u00c9XICO. MX. \u2014 El presidente Andr\u00e9s Manuel L\u00f3pez Obrador instruy\u00f3 aumentar la presencia de elementos de la Guardia Nacional en los municipios de En Sonora en Equipo publicamos toda la informaci\u00f3n de Sonora, M\u00e9xico y el Mundo de manera oportuna y busca que la libertad de expresi\u00f3n sea real. Visita nuestro medio informativo publicado desde Hermosillo, Sonora. %\" \/>\n<meta name=\"robots\" content=\"index, follow, max-snippet:-1, max-image-preview:large, max-video-preview:-1\" \/>\n<link rel=\"canonical\" href=\"https:\/\/www.sonoraenequipo.com.mx\/aumentara-presencia-de-la-guardia-nacional-en-frontera-comalapa-chiapas\/\" \/>\n<meta property=\"og:locale\" content=\"es_ES\" \/>\n<meta property=\"og:type\" content=\"article\" \/>\n<meta property=\"og:title\" content=\"Sonora en Equipo. Aumentar\u00e1 presencia de la Guardia Nacional en Frontera Comalapa, Chiapas Rep\u00fablica\" \/>\n<meta property=\"og:description\" content=\"CIUDAD DE M\u00c9XICO. MX. \u2014 El presidente Andr\u00e9s Manuel L\u00f3pez Obrador instruy\u00f3 aumentar la presencia de elementos de la Guardia Nacional en los municipios de En Sonora en Equipo publicamos toda la informaci\u00f3n de Sonora, M\u00e9xico y el Mundo de manera oportuna y busca que la libertad de expresi\u00f3n sea real. Visita nuestro medio informativo publicado desde Hermosillo, Sonora. %\" \/>\n<meta property=\"og:url\" content=\"https:\/\/www.sonoraenequipo.com.mx\/aumentara-presencia-de-la-guardia-nacional-en-frontera-comalapa-chiapas\/\" \/>\n<meta property=\"og:site_name\" content=\"Sonora en Equipo.\" \/>\n<meta property=\"article:publisher\" content=\"https:\/\/www.facebook.com\/SonoraEE\/\" \/>\n<meta property=\"article:author\" content=\"https:\/\/www.facebook.com\/SonoraEE\" \/>\n<meta property=\"article:published_time\" content=\"2023-09-25T17:29:13+00:00\" \/>\n<meta property=\"article:modified_time\" content=\"2023-09-25T23:04:49+00:00\" \/>\n<meta property=\"og:image\" content=\"https:\/\/www.sonoraenequipo.com.mx\/storage\/2023\/09\/2023-09-25-Conferencia-de-prensa-matutina-Palacio-Nacional-Foto-01-min.jpg\" \/>\n\t<meta property=\"og:image:width\" content=\"1502\" \/>\n\t<meta property=\"og:image:height\" content=\"1000\" \/>\n\t<meta property=\"og:image:type\" content=\"image\/jpeg\" \/>\n<meta name=\"author\" content=\"enequipo\" \/>\n<meta name=\"twitter:card\" content=\"summary_large_image\" \/>\n<meta name=\"twitter:creator\" content=\"@sonoraenequipo\" \/>\n<meta name=\"twitter:site\" content=\"@sonoraenequipo\" \/>\n<meta name=\"twitter:label1\" content=\"Escrito por\" \/>\n\t<meta name=\"twitter:data1\" content=\"enequipo\" \/>\n\t<meta name=\"twitter:label2\" content=\"Tiempo de lectura\" \/>\n\t<meta name=\"twitter:data2\" content=\"2 minutos\" \/>\n<script type=\"application\/ld+json\" class=\"yoast-schema-graph\">{\"@context\":\"https:\/\/schema.org\",\"@graph\":[{\"@type\":\"Article\",\"@id\":\"https:\/\/www.sonoraenequipo.com.mx\/aumentara-presencia-de-la-guardia-nacional-en-frontera-comalapa-chiapas\/#article\",\"isPartOf\":{\"@id\":\"https:\/\/www.sonoraenequipo.com.mx\/aumentara-presencia-de-la-guardia-nacional-en-frontera-comalapa-chiapas\/\"},\"author\":{\"name\":\"enequipo\",\"@id\":\"https:\/\/www.sonoraenequipo.com.mx\/#\/schema\/person\/50102df0fb23a8fa9e8effad8fa81386\"},\"headline\":\"Aumentar\u00e1 presencia de la Guardia Nacional en Frontera Comalapa, Chiapas\",\"datePublished\":\"2023-09-25T17:29:13+00:00\",\"dateModified\":\"2023-09-25T23:04:49+00:00\",\"mainEntityOfPage\":{\"@id\":\"https:\/\/www.sonoraenequipo.com.mx\/aumentara-presencia-de-la-guardia-nacional-en-frontera-comalapa-chiapas\/\"},\"wordCount\":391,\"commentCount\":0,\"publisher\":{\"@id\":\"https:\/\/www.sonoraenequipo.com.mx\/#organization\"},\"image\":{\"@id\":\"https:\/\/www.sonoraenequipo.com.mx\/aumentara-presencia-de-la-guardia-nacional-en-frontera-comalapa-chiapas\/#primaryimage\"},\"thumbnailUrl\":\"https:\/\/www.sonoraenequipo.com.mx\/storage\/2023\/09\/2023-09-25-Conferencia-de-prensa-matutina-Palacio-Nacional-Foto-01-min.jpg\",\"articleSection\":[\"Rep\u00fablica\"],\"inLanguage\":\"es\",\"potentialAction\":[{\"@type\":\"CommentAction\",\"name\":\"Comment\",\"target\":[\"https:\/\/www.sonoraenequipo.com.mx\/aumentara-presencia-de-la-guardia-nacional-en-frontera-comalapa-chiapas\/#respond\"]}]},{\"@type\":\"WebPage\",\"@id\":\"https:\/\/www.sonoraenequipo.com.mx\/aumentara-presencia-de-la-guardia-nacional-en-frontera-comalapa-chiapas\/\",\"url\":\"https:\/\/www.sonoraenequipo.com.mx\/aumentara-presencia-de-la-guardia-nacional-en-frontera-comalapa-chiapas\/\",\"name\":\"Sonora en Equipo. Aumentar\u00e1 presencia de la Guardia Nacional en Frontera Comalapa, Chiapas Rep\u00fablica\",\"isPartOf\":{\"@id\":\"https:\/\/www.sonoraenequipo.com.mx\/#website\"},\"primaryImageOfPage\":{\"@id\":\"https:\/\/www.sonoraenequipo.com.mx\/aumentara-presencia-de-la-guardia-nacional-en-frontera-comalapa-chiapas\/#primaryimage\"},\"image\":{\"@id\":\"https:\/\/www.sonoraenequipo.com.mx\/aumentara-presencia-de-la-guardia-nacional-en-frontera-comalapa-chiapas\/#primaryimage\"},\"thumbnailUrl\":\"https:\/\/www.sonoraenequipo.com.mx\/storage\/2023\/09\/2023-09-25-Conferencia-de-prensa-matutina-Palacio-Nacional-Foto-01-min.jpg\",\"datePublished\":\"2023-09-25T17:29:13+00:00\",\"dateModified\":\"2023-09-25T23:04:49+00:00\",\"description\":\"CIUDAD DE M\u00c9XICO. MX. \u2014 El presidente Andr\u00e9s Manuel L\u00f3pez Obrador instruy\u00f3 aumentar la presencia de elementos de la Guardia Nacional en los municipios de En Sonora en Equipo publicamos toda la informaci\u00f3n de Sonora, M\u00e9xico y el Mundo de manera oportuna y busca que la libertad de expresi\u00f3n sea real. Visita nuestro medio informativo publicado desde Hermosillo, Sonora. %\",\"breadcrumb\":{\"@id\":\"https:\/\/www.sonoraenequipo.com.mx\/aumentara-presencia-de-la-guardia-nacional-en-frontera-comalapa-chiapas\/#breadcrumb\"},\"inLanguage\":\"es\",\"potentialAction\":[{\"@type\":\"ReadAction\",\"target\":[\"https:\/\/www.sonoraenequipo.com.mx\/aumentara-presencia-de-la-guardia-nacional-en-frontera-comalapa-chiapas\/\"]}]},{\"@type\":\"ImageObject\",\"inLanguage\":\"es\",\"@id\":\"https:\/\/www.sonoraenequipo.com.mx\/aumentara-presencia-de-la-guardia-nacional-en-frontera-comalapa-chiapas\/#primaryimage\",\"url\":\"https:\/\/www.sonoraenequipo.com.mx\/storage\/2023\/09\/2023-09-25-Conferencia-de-prensa-matutina-Palacio-Nacional-Foto-01-min.jpg\",\"contentUrl\":\"https:\/\/www.sonoraenequipo.com.mx\/storage\/2023\/09\/2023-09-25-Conferencia-de-prensa-matutina-Palacio-Nacional-Foto-01-min.jpg\",\"width\":1502,\"height\":1000},{\"@type\":\"BreadcrumbList\",\"@id\":\"https:\/\/www.sonoraenequipo.com.mx\/aumentara-presencia-de-la-guardia-nacional-en-frontera-comalapa-chiapas\/#breadcrumb\",\"itemListElement\":[{\"@type\":\"ListItem\",\"position\":1,\"name\":\"Portada\",\"item\":\"https:\/\/www.sonoraenequipo.com.mx\/\"},{\"@type\":\"ListItem\",\"position\":2,\"name\":\"Aumentar\u00e1 presencia de la Guardia Nacional en Frontera Comalapa, Chiapas\"}]},{\"@type\":\"WebSite\",\"@id\":\"https:\/\/www.sonoraenequipo.com.mx\/#website\",\"url\":\"https:\/\/www.sonoraenequipo.com.mx\/\",\"name\":\"Sonora en Equipo.\",\"description\":\"Diario en l\u00ednea con Noticias desde Hermosillo, Sonora\",\"publisher\":{\"@id\":\"https:\/\/www.sonoraenequipo.com.mx\/#organization\"},\"potentialAction\":[{\"@type\":\"SearchAction\",\"target\":{\"@type\":\"EntryPoint\",\"urlTemplate\":\"https:\/\/www.sonoraenequipo.com.mx\/?s={search_term_string}\"},\"query-input\":{\"@type\":\"PropertyValueSpecification\",\"valueRequired\":true,\"valueName\":\"search_term_string\"}}],\"inLanguage\":\"es\"},{\"@type\":\"Organization\",\"@id\":\"https:\/\/www.sonoraenequipo.com.mx\/#organization\",\"name\":\"Sonoraenequipo.com.mx\",\"url\":\"https:\/\/www.sonoraenequipo.com.mx\/\",\"logo\":{\"@type\":\"ImageObject\",\"inLanguage\":\"es\",\"@id\":\"https:\/\/www.sonoraenequipo.com.mx\/#\/schema\/logo\/image\/\",\"url\":\"https:\/\/www.sonoraenequipo.com.mx\/storage\/2019\/01\/sonoraenequipo_opt.png\",\"contentUrl\":\"https:\/\/www.sonoraenequipo.com.mx\/storage\/2019\/01\/sonoraenequipo_opt.png\",\"width\":375,\"height\":125,\"caption\":\"Sonoraenequipo.com.mx\"},\"image\":{\"@id\":\"https:\/\/www.sonoraenequipo.com.mx\/#\/schema\/logo\/image\/\"},\"sameAs\":[\"https:\/\/www.facebook.com\/SonoraEE\/\",\"https:\/\/x.com\/sonoraenequipo\",\"https:\/\/www.youtube.com\/channel\/UC338nW-lPEYmJQs4ZABQ1SQ\"]},{\"@type\":\"Person\",\"@id\":\"https:\/\/www.sonoraenequipo.com.mx\/#\/schema\/person\/50102df0fb23a8fa9e8effad8fa81386\",\"name\":\"enequipo\",\"image\":{\"@type\":\"ImageObject\",\"inLanguage\":\"es\",\"@id\":\"https:\/\/www.sonoraenequipo.com.mx\/#\/schema\/person\/image\/\",\"url\":\"https:\/\/secure.gravatar.com\/avatar\/049821681b589dabc0bc20695993ccebb09f5b5d4d790cd9251b97faac7c652b?s=96&d=blank&r=g\",\"contentUrl\":\"https:\/\/secure.gravatar.com\/avatar\/049821681b589dabc0bc20695993ccebb09f5b5d4d790cd9251b97faac7c652b?s=96&d=blank&r=g\",\"caption\":\"enequipo\"},\"sameAs\":[\"https:\/\/www.facebook.com\/SonoraEE\"]}]}<\/script>\n ","yoast_head_json":{"title":"Sonora en Equipo. Aumentar\u00e1 presencia de la Guardia Nacional en Frontera Comalapa, Chiapas Rep\u00fablica","description":"CIUDAD DE M\u00c9XICO. MX. \u2014 El presidente Andr\u00e9s Manuel L\u00f3pez Obrador instruy\u00f3 aumentar la presencia de elementos de la Guardia Nacional en los municipios de En Sonora en Equipo publicamos toda la informaci\u00f3n de Sonora, M\u00e9xico y el Mundo de manera oportuna y busca que la libertad de expresi\u00f3n sea real. Visita nuestro medio informativo publicado desde Hermosillo, Sonora. %","robots":{"index":"index","follow":"follow","max-snippet":"max-snippet:-1","max-image-preview":"max-image-preview:large","max-video-preview":"max-video-preview:-1"},"canonical":"https:\/\/www.sonoraenequipo.com.mx\/aumentara-presencia-de-la-guardia-nacional-en-frontera-comalapa-chiapas\/","og_locale":"es_ES","og_type":"article","og_title":"Sonora en Equipo. Aumentar\u00e1 presencia de la Guardia Nacional en Frontera Comalapa, Chiapas Rep\u00fablica","og_description":"CIUDAD DE M\u00c9XICO. MX. \u2014 El presidente Andr\u00e9s Manuel L\u00f3pez Obrador instruy\u00f3 aumentar la presencia de elementos de la Guardia Nacional en los municipios de En Sonora en Equipo publicamos toda la informaci\u00f3n de Sonora, M\u00e9xico y el Mundo de manera oportuna y busca que la libertad de expresi\u00f3n sea real. Visita nuestro medio informativo publicado desde Hermosillo, Sonora. %","og_url":"https:\/\/www.sonoraenequipo.com.mx\/aumentara-presencia-de-la-guardia-nacional-en-frontera-comalapa-chiapas\/","og_site_name":"Sonora en Equipo.","article_publisher":"https:\/\/www.facebook.com\/SonoraEE\/","article_author":"https:\/\/www.facebook.com\/SonoraEE","article_published_time":"2023-09-25T17:29:13+00:00","article_modified_time":"2023-09-25T23:04:49+00:00","og_image":[{"width":1502,"height":1000,"url":"https:\/\/www.sonoraenequipo.com.mx\/storage\/2023\/09\/2023-09-25-Conferencia-de-prensa-matutina-Palacio-Nacional-Foto-01-min.jpg","type":"image\/jpeg"}],"author":"enequipo","twitter_card":"summary_large_image","twitter_creator":"@sonoraenequipo","twitter_site":"@sonoraenequipo","twitter_misc":{"Escrito por":"enequipo","Tiempo de lectura":"2 minutos"},"schema":{"@context":"https:\/\/schema.org","@graph":[{"@type":"Article","@id":"https:\/\/www.sonoraenequipo.com.mx\/aumentara-presencia-de-la-guardia-nacional-en-frontera-comalapa-chiapas\/#article","isPartOf":{"@id":"https:\/\/www.sonoraenequipo.com.mx\/aumentara-presencia-de-la-guardia-nacional-en-frontera-comalapa-chiapas\/"},"author":{"name":"enequipo","@id":"https:\/\/www.sonoraenequipo.com.mx\/#\/schema\/person\/50102df0fb23a8fa9e8effad8fa81386"},"headline":"Aumentar\u00e1 presencia de la Guardia Nacional en Frontera Comalapa, Chiapas","datePublished":"2023-09-25T17:29:13+00:00","dateModified":"2023-09-25T23:04:49+00:00","mainEntityOfPage":{"@id":"https:\/\/www.sonoraenequipo.com.mx\/aumentara-presencia-de-la-guardia-nacional-en-frontera-comalapa-chiapas\/"},"wordCount":391,"commentCount":0,"publisher":{"@id":"https:\/\/www.sonoraenequipo.com.mx\/#organization"},"image":{"@id":"https:\/\/www.sonoraenequipo.com.mx\/aumentara-presencia-de-la-guardia-nacional-en-frontera-comalapa-chiapas\/#primaryimage"},"thumbnailUrl":"https:\/\/www.sonoraenequipo.com.mx\/storage\/2023\/09\/2023-09-25-Conferencia-de-prensa-matutina-Palacio-Nacional-Foto-01-min.jpg","articleSection":["Rep\u00fablica"],"inLanguage":"es","potentialAction":[{"@type":"CommentAction","name":"Comment","target":["https:\/\/www.sonoraenequipo.com.mx\/aumentara-presencia-de-la-guardia-nacional-en-frontera-comalapa-chiapas\/#respond"]}]},{"@type":"WebPage","@id":"https:\/\/www.sonoraenequipo.com.mx\/aumentara-presencia-de-la-guardia-nacional-en-frontera-comalapa-chiapas\/","url":"https:\/\/www.sonoraenequipo.com.mx\/aumentara-presencia-de-la-guardia-nacional-en-frontera-comalapa-chiapas\/","name":"Sonora en Equipo. Aumentar\u00e1 presencia de la Guardia Nacional en Frontera Comalapa, Chiapas Rep\u00fablica","isPartOf":{"@id":"https:\/\/www.sonoraenequipo.com.mx\/#website"},"primaryImageOfPage":{"@id":"https:\/\/www.sonoraenequipo.com.mx\/aumentara-presencia-de-la-guardia-nacional-en-frontera-comalapa-chiapas\/#primaryimage"},"image":{"@id":"https:\/\/www.sonoraenequipo.com.mx\/aumentara-presencia-de-la-guardia-nacional-en-frontera-comalapa-chiapas\/#primaryimage"},"thumbnailUrl":"https:\/\/www.sonoraenequipo.com.mx\/storage\/2023\/09\/2023-09-25-Conferencia-de-prensa-matutina-Palacio-Nacional-Foto-01-min.jpg","datePublished":"2023-09-25T17:29:13+00:00","dateModified":"2023-09-25T23:04:49+00:00","description":"CIUDAD DE M\u00c9XICO. MX. \u2014 El presidente Andr\u00e9s Manuel L\u00f3pez Obrador instruy\u00f3 aumentar la presencia de elementos de la Guardia Nacional en los municipios de En Sonora en Equipo publicamos toda la informaci\u00f3n de Sonora, M\u00e9xico y el Mundo de manera oportuna y busca que la libertad de expresi\u00f3n sea real. Visita nuestro medio informativo publicado desde Hermosillo, Sonora. %","breadcrumb":{"@id":"https:\/\/www.sonoraenequipo.com.mx\/aumentara-presencia-de-la-guardia-nacional-en-frontera-comalapa-chiapas\/#breadcrumb"},"inLanguage":"es","potentialAction":[{"@type":"ReadAction","target":["https:\/\/www.sonoraenequipo.com.mx\/aumentara-presencia-de-la-guardia-nacional-en-frontera-comalapa-chiapas\/"]}]},{"@type":"ImageObject","inLanguage":"es","@id":"https:\/\/www.sonoraenequipo.com.mx\/aumentara-presencia-de-la-guardia-nacional-en-frontera-comalapa-chiapas\/#primaryimage","url":"https:\/\/www.sonoraenequipo.com.mx\/storage\/2023\/09\/2023-09-25-Conferencia-de-prensa-matutina-Palacio-Nacional-Foto-01-min.jpg","contentUrl":"https:\/\/www.sonoraenequipo.com.mx\/storage\/2023\/09\/2023-09-25-Conferencia-de-prensa-matutina-Palacio-Nacional-Foto-01-min.jpg","width":1502,"height":1000},{"@type":"BreadcrumbList","@id":"https:\/\/www.sonoraenequipo.com.mx\/aumentara-presencia-de-la-guardia-nacional-en-frontera-comalapa-chiapas\/#breadcrumb","itemListElement":[{"@type":"ListItem","position":1,"name":"Portada","item":"https:\/\/www.sonoraenequipo.com.mx\/"},{"@type":"ListItem","position":2,"name":"Aumentar\u00e1 presencia de la Guardia Nacional en Frontera Comalapa, Chiapas"}]},{"@type":"WebSite","@id":"https:\/\/www.sonoraenequipo.com.mx\/#website","url":"https:\/\/www.sonoraenequipo.com.mx\/","name":"Sonora en Equipo.","description":"Diario en l\u00ednea con Noticias desde Hermosillo, Sonora","publisher":{"@id":"https:\/\/www.sonoraenequipo.com.mx\/#organization"},"potentialAction":[{"@type":"SearchAction","target":{"@type":"EntryPoint","urlTemplate":"https:\/\/www.sonoraenequipo.com.mx\/?s={search_term_string}"},"query-input":{"@type":"PropertyValueSpecification","valueRequired":true,"valueName":"search_term_string"}}],"inLanguage":"es"},{"@type":"Organization","@id":"https:\/\/www.sonoraenequipo.com.mx\/#organization","name":"Sonoraenequipo.com.mx","url":"https:\/\/www.sonoraenequipo.com.mx\/","logo":{"@type":"ImageObject","inLanguage":"es","@id":"https:\/\/www.sonoraenequipo.com.mx\/#\/schema\/logo\/image\/","url":"https:\/\/www.sonoraenequipo.com.mx\/storage\/2019\/01\/sonoraenequipo_opt.png","contentUrl":"https:\/\/www.sonoraenequipo.com.mx\/storage\/2019\/01\/sonoraenequipo_opt.png","width":375,"height":125,"caption":"Sonoraenequipo.com.mx"},"image":{"@id":"https:\/\/www.sonoraenequipo.com.mx\/#\/schema\/logo\/image\/"},"sameAs":["https:\/\/www.facebook.com\/SonoraEE\/","https:\/\/x.com\/sonoraenequipo","https:\/\/www.youtube.com\/channel\/UC338nW-lPEYmJQs4ZABQ1SQ"]},{"@type":"Person","@id":"https:\/\/www.sonoraenequipo.com.mx\/#\/schema\/person\/50102df0fb23a8fa9e8effad8fa81386","name":"enequipo","image":{"@type":"ImageObject","inLanguage":"es","@id":"https:\/\/www.sonoraenequipo.com.mx\/#\/schema\/person\/image\/","url":"https:\/\/secure.gravatar.com\/avatar\/049821681b589dabc0bc20695993ccebb09f5b5d4d790cd9251b97faac7c652b?s=96&d=blank&r=g","contentUrl":"https:\/\/secure.gravatar.com\/avatar\/049821681b589dabc0bc20695993ccebb09f5b5d4d790cd9251b97faac7c652b?s=96&d=blank&r=g","caption":"enequipo"},"sameAs":["https:\/\/www.facebook.com\/SonoraEE"]}]}},"jetpack_featured_media_url":"https:\/\/www.sonoraenequipo.com.mx\/storage\/2023\/09\/2023-09-25-Conferencia-de-prensa-matutina-Palacio-Nacional-Foto-01-min.jpg","_links":{"self":[{"href":"https:\/\/www.sonoraenequipo.com.mx\/api\/wp\/v2\/posts\/175539","targetHints":{"allow":["GET"]}}],"collection":[{"href":"https:\/\/www.sonoraenequipo.com.mx\/api\/wp\/v2\/posts"}],"about":[{"href":"https:\/\/www.sonoraenequipo.com.mx\/api\/wp\/v2\/types\/post"}],"author":[{"embeddable":true,"href":"https:\/\/www.sonoraenequipo.com.mx\/api\/wp\/v2\/users\/1"}],"replies":[{"embeddable":true,"href":"https:\/\/www.sonoraenequipo.com.mx\/api\/wp\/v2\/comments?post=175539"}],"version-history":[{"count":1,"href":"https:\/\/www.sonoraenequipo.com.mx\/api\/wp\/v2\/posts\/175539\/revisions"}],"predecessor-version":[{"id":175541,"href":"https:\/\/www.sonoraenequipo.com.mx\/api\/wp\/v2\/posts\/175539\/revisions\/175541"}],"wp:featuredmedia":[{"embeddable":true,"href":"https:\/\/www.sonoraenequipo.com.mx\/api\/wp\/v2\/media\/175540"}],"wp:attachment":[{"href":"https:\/\/www.sonoraenequipo.com.mx\/api\/wp\/v2\/media?parent=175539"}],"wp:term":[{"taxonomy":"category","embeddable":true,"href":"https:\/\/www.sonoraenequipo.com.mx\/api\/wp\/v2\/categories?post=175539"},{"taxonomy":"post_tag","embeddable":true,"href":"https:\/\/www.sonoraenequipo.com.mx\/api\/wp\/v2\/tags?post=175539"}],"curies":[{"name":"wp","href":"https:\/\/api.w.org\/{rel}","templated":true}]}}