{"id":175555,"date":"2023-09-25T18:01:45","date_gmt":"2023-09-26T01:01:45","guid":{"rendered":"https:\/\/www.sonoraenequipo.com.mx\/?p=175555"},"modified":"2023-09-25T19:05:06","modified_gmt":"2023-09-26T02:05:06","slug":"hermosillo-iniciara-kino-fest-con-nado-nocturno-de-mil-metros-2","status":"publish","type":"post","link":"https:\/\/www.sonoraenequipo.com.mx\/hermosillo-iniciara-kino-fest-con-nado-nocturno-de-mil-metros-2\/","title":{"rendered":"HERMOSILLO. Iniciar\u00e1 Kino Fest con Nado Nocturno de mil metros"},"content":{"rendered":"<p>Iniciar\u00e1 Kino Fest con Nado Nocturno de mil metros<\/p>\n<p>&nbsp;<\/p>\n<p><strong>HERMOSILLO, SONORA,MX.\u2014 <\/strong>Fernanda Cisneros Rodr\u00edguez, directora de Desarrollo Tur\u00edstico de Hermosillo, anunci\u00f3 que este s\u00e1bado 30 de septiembre inicia el Kino Fest 2023 con el Nado Nocturno de mil metros, que se realizar\u00e1 a las 8 de la noche desde Kino M\u00e1gico.<\/p>\n<p>&nbsp;<\/p>\n<p>\u201cVamos a arrancar el Kino Fest con un evento de lujo porque va a ser uno que se hace por primera ocasi\u00f3n que es un cruce de bah\u00eda ne\u00f3n; y es una experiencia que podemos vivir todos ya que no es una competencia y todos los participantes van a poder obtener su medalla, reconocimiento, gorra y jersey\u201d, coment\u00f3.<\/p>\n<p>&nbsp;<\/p>\n<p>Cisneros Rodr\u00edguez inform\u00f3 que la inscripci\u00f3n para los nadadores es de 300 pesos y el dinero recaudado ser\u00e1 en beneficio de la Cruz Roja.<\/p>\n<p>&nbsp;<\/p>\n<p>\u201cCon esto damos el arranque oficial de lo que es la temporada de eventos de Kino Fest, porque nuestro presidente Antonio Astiazaran nos pidi\u00f3 que se convierta una temporalidad de eventos para fortalecer la temporada baja de la playa del municipio\u00bb, a\u00f1adi\u00f3.<\/p>\n<p>&nbsp;<\/p>\n<p>El coordinador del evento, Miguel Cuevas Lozano, coment\u00f3 que es una actividad organizada por Master Sonora, que es un equipo de adultos que fomentan la actividad f\u00edsica entre personas de todas las edades.<\/p>\n<p>&nbsp;<\/p>\n<p>Cuevas Lozano explic\u00f3 que todos los nadadores van a llevar en la gorra y en la cintura una l\u00e1mpara ne\u00f3n para identificar, que se convertir\u00e1 en un bonito espect\u00e1culo por la noche.<\/p>\n<p>&nbsp;<\/p>\n<p>El domingo primero de octubre tendr\u00e1n una convivencia deportiva en Kino M\u00e1gico, en la que se ir\u00e1n a la isla de Alcatraz nadando y otros en Kayak; y los novatos se ir\u00e1n en una lancha y a los mil 500 metros se regresar\u00e1n nadando a la playa.<\/p>\n<p>&nbsp;<\/p>\n<p>Denisse Parra, coordinadora administrativa de la organizaci\u00f3n Kino Limpio y Seguro, felicit\u00f3 a las personas involucradas en la organizaci\u00f3n del nado en el que tienen mucho gusto de participar, ya que es muy importante fomentar este tipo de actividades familiares y que tienen.<\/p>\n<p>&nbsp;<\/p>\n<p>La cartelera de eventos se encuentra en las redes sociales de Turismo Hmo o Visit Hermosillo; en el n\u00famero 6623810927 podr\u00e1n obtener informaci\u00f3n sobre venta de boletos e inscripciones de todo el festival; y para las inscripciones del nado nocturno se pueden comunicar al 6621480196.<\/p>\n<p><strong>Fecha de publicaci\u00f3n lunes 25 de septiembre de 2023<\/strong><\/p>\n<p>&nbsp;<\/p>\n","protected":false},"excerpt":{"rendered":"<p>Iniciar\u00e1 Kino Fest con Nado Nocturno de mil metros &nbsp; HERMOSILLO, SONORA,MX.\u2014 Fernanda Cisneros Rodr\u00edguez,&#8230;<\/p>\n","protected":false},"author":1,"featured_media":175553,"comment_status":"open","ping_status":"open","sticky":false,"template":"","format":"standard","meta":{"_monsterinsights_skip_tracking":false,"_monsterinsights_sitenote_active":false,"_monsterinsights_sitenote_note":"","_monsterinsights_sitenote_category":0,"footnotes":""},"categories":[4],"tags":[],"class_list":["post"],"yoast_head":" \n<title>Sonora en Equipo. HERMOSILLO. Iniciar\u00e1 Kino Fest con Nado Nocturno de mil metros Municipios<\/title>\n<meta name=\"description\" content=\"Iniciar\u00e1 Kino Fest con Nado Nocturno de mil metros &nbsp; HERMOSILLO, SONORA,MX.\u2014 Fernanda Cisneros Rodr\u00edguez, directora de Desarrollo Tur\u00edstico de En Sonora en Equipo publicamos toda la informaci\u00f3n de Sonora, M\u00e9xico y el Mundo de manera oportuna y busca que la libertad de expresi\u00f3n sea real. Visita nuestro medio informativo publicado desde Hermosillo, Sonora. %\" \/>\n<meta name=\"robots\" content=\"index, follow, max-snippet:-1, max-image-preview:large, max-video-preview:-1\" \/>\n<link rel=\"canonical\" href=\"https:\/\/www.sonoraenequipo.com.mx\/hermosillo-iniciara-kino-fest-con-nado-nocturno-de-mil-metros-2\/\" \/>\n<meta property=\"og:locale\" content=\"es_ES\" \/>\n<meta property=\"og:type\" content=\"article\" \/>\n<meta property=\"og:title\" content=\"Sonora en Equipo. HERMOSILLO. Iniciar\u00e1 Kino Fest con Nado Nocturno de mil metros Municipios\" \/>\n<meta property=\"og:description\" content=\"Iniciar\u00e1 Kino Fest con Nado Nocturno de mil metros &nbsp; HERMOSILLO, SONORA,MX.\u2014 Fernanda Cisneros Rodr\u00edguez, directora de Desarrollo Tur\u00edstico de En Sonora en Equipo publicamos toda la informaci\u00f3n de Sonora, M\u00e9xico y el Mundo de manera oportuna y busca que la libertad de expresi\u00f3n sea real. Visita nuestro medio informativo publicado desde Hermosillo, Sonora. %\" \/>\n<meta property=\"og:url\" content=\"https:\/\/www.sonoraenequipo.com.mx\/hermosillo-iniciara-kino-fest-con-nado-nocturno-de-mil-metros-2\/\" \/>\n<meta property=\"og:site_name\" content=\"Sonora en Equipo.\" \/>\n<meta property=\"article:publisher\" content=\"https:\/\/www.facebook.com\/SonoraEE\/\" \/>\n<meta property=\"article:author\" content=\"https:\/\/www.facebook.com\/SonoraEE\" \/>\n<meta property=\"article:published_time\" content=\"2023-09-26T01:01:45+00:00\" \/>\n<meta property=\"article:modified_time\" content=\"2023-09-26T02:05:06+00:00\" \/>\n<meta property=\"og:image\" content=\"https:\/\/www.sonoraenequipo.com.mx\/storage\/2023\/09\/kino-fest.jpg\" \/>\n\t<meta property=\"og:image:width\" content=\"900\" \/>\n\t<meta property=\"og:image:height\" content=\"643\" \/>\n\t<meta property=\"og:image:type\" content=\"image\/jpeg\" \/>\n<meta name=\"author\" content=\"enequipo\" \/>\n<meta name=\"twitter:card\" content=\"summary_large_image\" \/>\n<meta name=\"twitter:creator\" content=\"@sonoraenequipo\" \/>\n<meta name=\"twitter:site\" content=\"@sonoraenequipo\" \/>\n<meta name=\"twitter:label1\" content=\"Escrito por\" \/>\n\t<meta name=\"twitter:data1\" content=\"enequipo\" \/>\n\t<meta name=\"twitter:label2\" content=\"Tiempo de lectura\" \/>\n\t<meta name=\"twitter:data2\" content=\"2 minutos\" \/>\n<script type=\"application\/ld+json\" class=\"yoast-schema-graph\">{\"@context\":\"https:\/\/schema.org\",\"@graph\":[{\"@type\":\"Article\",\"@id\":\"https:\/\/www.sonoraenequipo.com.mx\/hermosillo-iniciara-kino-fest-con-nado-nocturno-de-mil-metros-2\/#article\",\"isPartOf\":{\"@id\":\"https:\/\/www.sonoraenequipo.com.mx\/hermosillo-iniciara-kino-fest-con-nado-nocturno-de-mil-metros-2\/\"},\"author\":{\"name\":\"enequipo\",\"@id\":\"https:\/\/www.sonoraenequipo.com.mx\/#\/schema\/person\/50102df0fb23a8fa9e8effad8fa81386\"},\"headline\":\"HERMOSILLO. Iniciar\u00e1 Kino Fest con Nado Nocturno de mil metros\",\"datePublished\":\"2023-09-26T01:01:45+00:00\",\"dateModified\":\"2023-09-26T02:05:06+00:00\",\"mainEntityOfPage\":{\"@id\":\"https:\/\/www.sonoraenequipo.com.mx\/hermosillo-iniciara-kino-fest-con-nado-nocturno-de-mil-metros-2\/\"},\"wordCount\":421,\"commentCount\":0,\"publisher\":{\"@id\":\"https:\/\/www.sonoraenequipo.com.mx\/#organization\"},\"image\":{\"@id\":\"https:\/\/www.sonoraenequipo.com.mx\/hermosillo-iniciara-kino-fest-con-nado-nocturno-de-mil-metros-2\/#primaryimage\"},\"thumbnailUrl\":\"https:\/\/www.sonoraenequipo.com.mx\/storage\/2023\/09\/kino-fest.jpg\",\"articleSection\":[\"Municipios\"],\"inLanguage\":\"es\",\"potentialAction\":[{\"@type\":\"CommentAction\",\"name\":\"Comment\",\"target\":[\"https:\/\/www.sonoraenequipo.com.mx\/hermosillo-iniciara-kino-fest-con-nado-nocturno-de-mil-metros-2\/#respond\"]}]},{\"@type\":\"WebPage\",\"@id\":\"https:\/\/www.sonoraenequipo.com.mx\/hermosillo-iniciara-kino-fest-con-nado-nocturno-de-mil-metros-2\/\",\"url\":\"https:\/\/www.sonoraenequipo.com.mx\/hermosillo-iniciara-kino-fest-con-nado-nocturno-de-mil-metros-2\/\",\"name\":\"Sonora en Equipo. HERMOSILLO. Iniciar\u00e1 Kino Fest con Nado Nocturno de mil metros Municipios\",\"isPartOf\":{\"@id\":\"https:\/\/www.sonoraenequipo.com.mx\/#website\"},\"primaryImageOfPage\":{\"@id\":\"https:\/\/www.sonoraenequipo.com.mx\/hermosillo-iniciara-kino-fest-con-nado-nocturno-de-mil-metros-2\/#primaryimage\"},\"image\":{\"@id\":\"https:\/\/www.sonoraenequipo.com.mx\/hermosillo-iniciara-kino-fest-con-nado-nocturno-de-mil-metros-2\/#primaryimage\"},\"thumbnailUrl\":\"https:\/\/www.sonoraenequipo.com.mx\/storage\/2023\/09\/kino-fest.jpg\",\"datePublished\":\"2023-09-26T01:01:45+00:00\",\"dateModified\":\"2023-09-26T02:05:06+00:00\",\"description\":\"Iniciar\u00e1 Kino Fest con Nado Nocturno de mil metros &nbsp; HERMOSILLO, SONORA,MX.\u2014 Fernanda Cisneros Rodr\u00edguez, directora de Desarrollo Tur\u00edstico de En Sonora en Equipo publicamos toda la informaci\u00f3n de Sonora, M\u00e9xico y el Mundo de manera oportuna y busca que la libertad de expresi\u00f3n sea real. Visita nuestro medio informativo publicado desde Hermosillo, Sonora. %\",\"breadcrumb\":{\"@id\":\"https:\/\/www.sonoraenequipo.com.mx\/hermosillo-iniciara-kino-fest-con-nado-nocturno-de-mil-metros-2\/#breadcrumb\"},\"inLanguage\":\"es\",\"potentialAction\":[{\"@type\":\"ReadAction\",\"target\":[\"https:\/\/www.sonoraenequipo.com.mx\/hermosillo-iniciara-kino-fest-con-nado-nocturno-de-mil-metros-2\/\"]}]},{\"@type\":\"ImageObject\",\"inLanguage\":\"es\",\"@id\":\"https:\/\/www.sonoraenequipo.com.mx\/hermosillo-iniciara-kino-fest-con-nado-nocturno-de-mil-metros-2\/#primaryimage\",\"url\":\"https:\/\/www.sonoraenequipo.com.mx\/storage\/2023\/09\/kino-fest.jpg\",\"contentUrl\":\"https:\/\/www.sonoraenequipo.com.mx\/storage\/2023\/09\/kino-fest.jpg\",\"width\":900,\"height\":643},{\"@type\":\"BreadcrumbList\",\"@id\":\"https:\/\/www.sonoraenequipo.com.mx\/hermosillo-iniciara-kino-fest-con-nado-nocturno-de-mil-metros-2\/#breadcrumb\",\"itemListElement\":[{\"@type\":\"ListItem\",\"position\":1,\"name\":\"Portada\",\"item\":\"https:\/\/www.sonoraenequipo.com.mx\/\"},{\"@type\":\"ListItem\",\"position\":2,\"name\":\"HERMOSILLO. Iniciar\u00e1 Kino Fest con Nado Nocturno de mil metros\"}]},{\"@type\":\"WebSite\",\"@id\":\"https:\/\/www.sonoraenequipo.com.mx\/#website\",\"url\":\"https:\/\/www.sonoraenequipo.com.mx\/\",\"name\":\"Sonora en Equipo.\",\"description\":\"Diario en l\u00ednea con Noticias desde Hermosillo, Sonora\",\"publisher\":{\"@id\":\"https:\/\/www.sonoraenequipo.com.mx\/#organization\"},\"potentialAction\":[{\"@type\":\"SearchAction\",\"target\":{\"@type\":\"EntryPoint\",\"urlTemplate\":\"https:\/\/www.sonoraenequipo.com.mx\/?s={search_term_string}\"},\"query-input\":{\"@type\":\"PropertyValueSpecification\",\"valueRequired\":true,\"valueName\":\"search_term_string\"}}],\"inLanguage\":\"es\"},{\"@type\":\"Organization\",\"@id\":\"https:\/\/www.sonoraenequipo.com.mx\/#organization\",\"name\":\"Sonoraenequipo.com.mx\",\"url\":\"https:\/\/www.sonoraenequipo.com.mx\/\",\"logo\":{\"@type\":\"ImageObject\",\"inLanguage\":\"es\",\"@id\":\"https:\/\/www.sonoraenequipo.com.mx\/#\/schema\/logo\/image\/\",\"url\":\"https:\/\/www.sonoraenequipo.com.mx\/storage\/2019\/01\/sonoraenequipo_opt.png\",\"contentUrl\":\"https:\/\/www.sonoraenequipo.com.mx\/storage\/2019\/01\/sonoraenequipo_opt.png\",\"width\":375,\"height\":125,\"caption\":\"Sonoraenequipo.com.mx\"},\"image\":{\"@id\":\"https:\/\/www.sonoraenequipo.com.mx\/#\/schema\/logo\/image\/\"},\"sameAs\":[\"https:\/\/www.facebook.com\/SonoraEE\/\",\"https:\/\/x.com\/sonoraenequipo\",\"https:\/\/www.youtube.com\/channel\/UC338nW-lPEYmJQs4ZABQ1SQ\"]},{\"@type\":\"Person\",\"@id\":\"https:\/\/www.sonoraenequipo.com.mx\/#\/schema\/person\/50102df0fb23a8fa9e8effad8fa81386\",\"name\":\"enequipo\",\"image\":{\"@type\":\"ImageObject\",\"inLanguage\":\"es\",\"@id\":\"https:\/\/www.sonoraenequipo.com.mx\/#\/schema\/person\/image\/\",\"url\":\"https:\/\/secure.gravatar.com\/avatar\/049821681b589dabc0bc20695993ccebb09f5b5d4d790cd9251b97faac7c652b?s=96&d=blank&r=g\",\"contentUrl\":\"https:\/\/secure.gravatar.com\/avatar\/049821681b589dabc0bc20695993ccebb09f5b5d4d790cd9251b97faac7c652b?s=96&d=blank&r=g\",\"caption\":\"enequipo\"},\"sameAs\":[\"https:\/\/www.facebook.com\/SonoraEE\"]}]}<\/script>\n ","yoast_head_json":{"title":"Sonora en Equipo. HERMOSILLO. Iniciar\u00e1 Kino Fest con Nado Nocturno de mil metros Municipios","description":"Iniciar\u00e1 Kino Fest con Nado Nocturno de mil metros &nbsp; HERMOSILLO, SONORA,MX.\u2014 Fernanda Cisneros Rodr\u00edguez, directora de Desarrollo Tur\u00edstico de En Sonora en Equipo publicamos toda la informaci\u00f3n de Sonora, M\u00e9xico y el Mundo de manera oportuna y busca que la libertad de expresi\u00f3n sea real. Visita nuestro medio informativo publicado desde Hermosillo, Sonora. %","robots":{"index":"index","follow":"follow","max-snippet":"max-snippet:-1","max-image-preview":"max-image-preview:large","max-video-preview":"max-video-preview:-1"},"canonical":"https:\/\/www.sonoraenequipo.com.mx\/hermosillo-iniciara-kino-fest-con-nado-nocturno-de-mil-metros-2\/","og_locale":"es_ES","og_type":"article","og_title":"Sonora en Equipo. HERMOSILLO. Iniciar\u00e1 Kino Fest con Nado Nocturno de mil metros Municipios","og_description":"Iniciar\u00e1 Kino Fest con Nado Nocturno de mil metros &nbsp; HERMOSILLO, SONORA,MX.\u2014 Fernanda Cisneros Rodr\u00edguez, directora de Desarrollo Tur\u00edstico de En Sonora en Equipo publicamos toda la informaci\u00f3n de Sonora, M\u00e9xico y el Mundo de manera oportuna y busca que la libertad de expresi\u00f3n sea real. Visita nuestro medio informativo publicado desde Hermosillo, Sonora. %","og_url":"https:\/\/www.sonoraenequipo.com.mx\/hermosillo-iniciara-kino-fest-con-nado-nocturno-de-mil-metros-2\/","og_site_name":"Sonora en Equipo.","article_publisher":"https:\/\/www.facebook.com\/SonoraEE\/","article_author":"https:\/\/www.facebook.com\/SonoraEE","article_published_time":"2023-09-26T01:01:45+00:00","article_modified_time":"2023-09-26T02:05:06+00:00","og_image":[{"width":900,"height":643,"url":"https:\/\/www.sonoraenequipo.com.mx\/storage\/2023\/09\/kino-fest.jpg","type":"image\/jpeg"}],"author":"enequipo","twitter_card":"summary_large_image","twitter_creator":"@sonoraenequipo","twitter_site":"@sonoraenequipo","twitter_misc":{"Escrito por":"enequipo","Tiempo de lectura":"2 minutos"},"schema":{"@context":"https:\/\/schema.org","@graph":[{"@type":"Article","@id":"https:\/\/www.sonoraenequipo.com.mx\/hermosillo-iniciara-kino-fest-con-nado-nocturno-de-mil-metros-2\/#article","isPartOf":{"@id":"https:\/\/www.sonoraenequipo.com.mx\/hermosillo-iniciara-kino-fest-con-nado-nocturno-de-mil-metros-2\/"},"author":{"name":"enequipo","@id":"https:\/\/www.sonoraenequipo.com.mx\/#\/schema\/person\/50102df0fb23a8fa9e8effad8fa81386"},"headline":"HERMOSILLO. Iniciar\u00e1 Kino Fest con Nado Nocturno de mil metros","datePublished":"2023-09-26T01:01:45+00:00","dateModified":"2023-09-26T02:05:06+00:00","mainEntityOfPage":{"@id":"https:\/\/www.sonoraenequipo.com.mx\/hermosillo-iniciara-kino-fest-con-nado-nocturno-de-mil-metros-2\/"},"wordCount":421,"commentCount":0,"publisher":{"@id":"https:\/\/www.sonoraenequipo.com.mx\/#organization"},"image":{"@id":"https:\/\/www.sonoraenequipo.com.mx\/hermosillo-iniciara-kino-fest-con-nado-nocturno-de-mil-metros-2\/#primaryimage"},"thumbnailUrl":"https:\/\/www.sonoraenequipo.com.mx\/storage\/2023\/09\/kino-fest.jpg","articleSection":["Municipios"],"inLanguage":"es","potentialAction":[{"@type":"CommentAction","name":"Comment","target":["https:\/\/www.sonoraenequipo.com.mx\/hermosillo-iniciara-kino-fest-con-nado-nocturno-de-mil-metros-2\/#respond"]}]},{"@type":"WebPage","@id":"https:\/\/www.sonoraenequipo.com.mx\/hermosillo-iniciara-kino-fest-con-nado-nocturno-de-mil-metros-2\/","url":"https:\/\/www.sonoraenequipo.com.mx\/hermosillo-iniciara-kino-fest-con-nado-nocturno-de-mil-metros-2\/","name":"Sonora en Equipo. HERMOSILLO. Iniciar\u00e1 Kino Fest con Nado Nocturno de mil metros Municipios","isPartOf":{"@id":"https:\/\/www.sonoraenequipo.com.mx\/#website"},"primaryImageOfPage":{"@id":"https:\/\/www.sonoraenequipo.com.mx\/hermosillo-iniciara-kino-fest-con-nado-nocturno-de-mil-metros-2\/#primaryimage"},"image":{"@id":"https:\/\/www.sonoraenequipo.com.mx\/hermosillo-iniciara-kino-fest-con-nado-nocturno-de-mil-metros-2\/#primaryimage"},"thumbnailUrl":"https:\/\/www.sonoraenequipo.com.mx\/storage\/2023\/09\/kino-fest.jpg","datePublished":"2023-09-26T01:01:45+00:00","dateModified":"2023-09-26T02:05:06+00:00","description":"Iniciar\u00e1 Kino Fest con Nado Nocturno de mil metros &nbsp; HERMOSILLO, SONORA,MX.\u2014 Fernanda Cisneros Rodr\u00edguez, directora de Desarrollo Tur\u00edstico de En Sonora en Equipo publicamos toda la informaci\u00f3n de Sonora, M\u00e9xico y el Mundo de manera oportuna y busca que la libertad de expresi\u00f3n sea real. Visita nuestro medio informativo publicado desde Hermosillo, Sonora. %","breadcrumb":{"@id":"https:\/\/www.sonoraenequipo.com.mx\/hermosillo-iniciara-kino-fest-con-nado-nocturno-de-mil-metros-2\/#breadcrumb"},"inLanguage":"es","potentialAction":[{"@type":"ReadAction","target":["https:\/\/www.sonoraenequipo.com.mx\/hermosillo-iniciara-kino-fest-con-nado-nocturno-de-mil-metros-2\/"]}]},{"@type":"ImageObject","inLanguage":"es","@id":"https:\/\/www.sonoraenequipo.com.mx\/hermosillo-iniciara-kino-fest-con-nado-nocturno-de-mil-metros-2\/#primaryimage","url":"https:\/\/www.sonoraenequipo.com.mx\/storage\/2023\/09\/kino-fest.jpg","contentUrl":"https:\/\/www.sonoraenequipo.com.mx\/storage\/2023\/09\/kino-fest.jpg","width":900,"height":643},{"@type":"BreadcrumbList","@id":"https:\/\/www.sonoraenequipo.com.mx\/hermosillo-iniciara-kino-fest-con-nado-nocturno-de-mil-metros-2\/#breadcrumb","itemListElement":[{"@type":"ListItem","position":1,"name":"Portada","item":"https:\/\/www.sonoraenequipo.com.mx\/"},{"@type":"ListItem","position":2,"name":"HERMOSILLO. Iniciar\u00e1 Kino Fest con Nado Nocturno de mil metros"}]},{"@type":"WebSite","@id":"https:\/\/www.sonoraenequipo.com.mx\/#website","url":"https:\/\/www.sonoraenequipo.com.mx\/","name":"Sonora en Equipo.","description":"Diario en l\u00ednea con Noticias desde Hermosillo, Sonora","publisher":{"@id":"https:\/\/www.sonoraenequipo.com.mx\/#organization"},"potentialAction":[{"@type":"SearchAction","target":{"@type":"EntryPoint","urlTemplate":"https:\/\/www.sonoraenequipo.com.mx\/?s={search_term_string}"},"query-input":{"@type":"PropertyValueSpecification","valueRequired":true,"valueName":"search_term_string"}}],"inLanguage":"es"},{"@type":"Organization","@id":"https:\/\/www.sonoraenequipo.com.mx\/#organization","name":"Sonoraenequipo.com.mx","url":"https:\/\/www.sonoraenequipo.com.mx\/","logo":{"@type":"ImageObject","inLanguage":"es","@id":"https:\/\/www.sonoraenequipo.com.mx\/#\/schema\/logo\/image\/","url":"https:\/\/www.sonoraenequipo.com.mx\/storage\/2019\/01\/sonoraenequipo_opt.png","contentUrl":"https:\/\/www.sonoraenequipo.com.mx\/storage\/2019\/01\/sonoraenequipo_opt.png","width":375,"height":125,"caption":"Sonoraenequipo.com.mx"},"image":{"@id":"https:\/\/www.sonoraenequipo.com.mx\/#\/schema\/logo\/image\/"},"sameAs":["https:\/\/www.facebook.com\/SonoraEE\/","https:\/\/x.com\/sonoraenequipo","https:\/\/www.youtube.com\/channel\/UC338nW-lPEYmJQs4ZABQ1SQ"]},{"@type":"Person","@id":"https:\/\/www.sonoraenequipo.com.mx\/#\/schema\/person\/50102df0fb23a8fa9e8effad8fa81386","name":"enequipo","image":{"@type":"ImageObject","inLanguage":"es","@id":"https:\/\/www.sonoraenequipo.com.mx\/#\/schema\/person\/image\/","url":"https:\/\/secure.gravatar.com\/avatar\/049821681b589dabc0bc20695993ccebb09f5b5d4d790cd9251b97faac7c652b?s=96&d=blank&r=g","contentUrl":"https:\/\/secure.gravatar.com\/avatar\/049821681b589dabc0bc20695993ccebb09f5b5d4d790cd9251b97faac7c652b?s=96&d=blank&r=g","caption":"enequipo"},"sameAs":["https:\/\/www.facebook.com\/SonoraEE"]}]}},"jetpack_featured_media_url":"https:\/\/www.sonoraenequipo.com.mx\/storage\/2023\/09\/kino-fest.jpg","_links":{"self":[{"href":"https:\/\/www.sonoraenequipo.com.mx\/api\/wp\/v2\/posts\/175555","targetHints":{"allow":["GET"]}}],"collection":[{"href":"https:\/\/www.sonoraenequipo.com.mx\/api\/wp\/v2\/posts"}],"about":[{"href":"https:\/\/www.sonoraenequipo.com.mx\/api\/wp\/v2\/types\/post"}],"author":[{"embeddable":true,"href":"https:\/\/www.sonoraenequipo.com.mx\/api\/wp\/v2\/users\/1"}],"replies":[{"embeddable":true,"href":"https:\/\/www.sonoraenequipo.com.mx\/api\/wp\/v2\/comments?post=175555"}],"version-history":[{"count":2,"href":"https:\/\/www.sonoraenequipo.com.mx\/api\/wp\/v2\/posts\/175555\/revisions"}],"predecessor-version":[{"id":175566,"href":"https:\/\/www.sonoraenequipo.com.mx\/api\/wp\/v2\/posts\/175555\/revisions\/175566"}],"wp:featuredmedia":[{"embeddable":true,"href":"https:\/\/www.sonoraenequipo.com.mx\/api\/wp\/v2\/media\/175553"}],"wp:attachment":[{"href":"https:\/\/www.sonoraenequipo.com.mx\/api\/wp\/v2\/media?parent=175555"}],"wp:term":[{"taxonomy":"category","embeddable":true,"href":"https:\/\/www.sonoraenequipo.com.mx\/api\/wp\/v2\/categories?post=175555"},{"taxonomy":"post_tag","embeddable":true,"href":"https:\/\/www.sonoraenequipo.com.mx\/api\/wp\/v2\/tags?post=175555"}],"curies":[{"name":"wp","href":"https:\/\/api.w.org\/{rel}","templated":true}]}}