{"id":175557,"date":"2023-09-25T18:21:29","date_gmt":"2023-09-26T01:21:29","guid":{"rendered":"https:\/\/www.sonoraenequipo.com.mx\/?p=175557"},"modified":"2023-09-25T18:21:29","modified_gmt":"2023-09-26T01:21:29","slug":"gobernador-alfonso-durazo-inicia-gira-de-atraccion-economica-por-taiwan","status":"publish","type":"post","link":"https:\/\/www.sonoraenequipo.com.mx\/gobernador-alfonso-durazo-inicia-gira-de-atraccion-economica-por-taiwan\/","title":{"rendered":"\u00a0Gobernador Alfonso Durazo inicia \u00a0gira de atracci\u00f3n econ\u00f3mica por Taiw\u00e1n"},"content":{"rendered":"<p>&nbsp;<\/p>\n<p><strong>YUNLINE,TAIWAN,MX.\u2014 <\/strong>A trav\u00e9s de la exposici\u00f3n de las vertientes que conforman el Plan Sonora de Energ\u00eda Sostenible se concretar\u00e1 la atracci\u00f3n de la industria de los semiconductores a la entidad, permitiendo la generaci\u00f3n de m\u00e1s empleos en beneficio de las y los sonorenses, asever\u00f3 el gobernador Alfonso Durazo Monta\u00f1o, durante su primer d\u00eda de promoci\u00f3n econ\u00f3mica en el continente asi\u00e1tico.<\/p>\n<p>&nbsp;<\/p>\n<p>&nbsp;<\/p>\n<p>&nbsp;<\/p>\n<p>En el inicio de una extensa gira de trabajo por Taiw\u00e1n para sostener reuniones de promoci\u00f3n con las m\u00e1s importantes empresas a nivel global en la industria de los semiconductores, el mandatario estatal mencion\u00f3 que estas compa\u00f1\u00edas est\u00e1n en un proceso de relocalizaci\u00f3n para acercarse al mercado de mayor poder adquisitivo, Estados Unidos, por lo que ven en Sonora ventajas competitivas para establecerse.<\/p>\n<p>&nbsp;<\/p>\n<p>&nbsp;<\/p>\n<p>&nbsp;<\/p>\n<p>\u201cTenemos reuniones con empresas de talla mundial, las m\u00e1s renombradas en fabricaci\u00f3n de autos el\u00e9ctricos, en fabricaci\u00f3n de semiconductores, en fabricaci\u00f3n de bater\u00edas, toda la l\u00ednea de electromovilidad. Vamos precisamente a presentar el Plan Sonora de Energ\u00eda Sostenible que ha resultado afortunadamente de un gran inter\u00e9s para estas empresas\u201d, indic\u00f3.<\/p>\n<p>&nbsp;<\/p>\n<p>&nbsp;<\/p>\n<p>&nbsp;<\/p>\n<p>El titular del Ejecutivo estatal a\u00f1adi\u00f3 que Taiw\u00e1n es una de las econom\u00edas m\u00e1s innovadoras y vanguardistas que ha logrado salir del subdesarrollo gracias a la inversi\u00f3n en tecnolog\u00eda y capital humano, ante lo cual Sonora busca alianzas estrat\u00e9gicas con las compa\u00f1\u00edas de electromovilidad, energ\u00edas limpias y tecnolog\u00eda de esa regi\u00f3n.<\/p>\n<p>&nbsp;<\/p>\n<p>&nbsp;<\/p>\n<p>&nbsp;<\/p>\n<p>En el primer d\u00eda de la jornada de promoci\u00f3n, el gobernador Alfonso Durazo se reuni\u00f3 con representantes de la empresa Shih Hsiang Auto Parts, quienes al conocer el potencial de Sonora mostraron un gran inter\u00e9s para instalarse e iniciar operaciones en la entidad.<\/p>\n<p><strong>Fecha de publicaci\u00f3n lunes 25 de septiembre de 2023<\/strong><\/p>\n","protected":false},"excerpt":{"rendered":"<p>&nbsp; YUNLINE,TAIWAN,MX.\u2014 A trav\u00e9s de la exposici\u00f3n de las vertientes que conforman el Plan Sonora&#8230;<\/p>\n","protected":false},"author":1,"featured_media":175558,"comment_status":"open","ping_status":"open","sticky":false,"template":"","format":"standard","meta":{"_monsterinsights_skip_tracking":false,"_monsterinsights_sitenote_active":false,"_monsterinsights_sitenote_note":"","_monsterinsights_sitenote_category":0,"footnotes":""},"categories":[22],"tags":[],"class_list":["post"],"yoast_head":" \n<title>Sonora en Equipo. \u00a0Gobernador Alfonso Durazo inicia \u00a0gira de atracci\u00f3n econ\u00f3mica por Taiw\u00e1n Sonora<\/title>\n<meta name=\"description\" content=\"&nbsp; YUNLINE,TAIWAN,MX.\u2014 A trav\u00e9s de la exposici\u00f3n de las vertientes que conforman el Plan Sonora de Energ\u00eda Sostenible se concretar\u00e1 la atracci\u00f3n de la En Sonora en Equipo publicamos toda la informaci\u00f3n de Sonora, M\u00e9xico y el Mundo de manera oportuna y busca que la libertad de expresi\u00f3n sea real. Visita nuestro medio informativo publicado desde Hermosillo, Sonora. %\" \/>\n<meta name=\"robots\" content=\"index, follow, max-snippet:-1, max-image-preview:large, max-video-preview:-1\" \/>\n<link rel=\"canonical\" href=\"https:\/\/www.sonoraenequipo.com.mx\/gobernador-alfonso-durazo-inicia-gira-de-atraccion-economica-por-taiwan\/\" \/>\n<meta property=\"og:locale\" content=\"es_ES\" \/>\n<meta property=\"og:type\" content=\"article\" \/>\n<meta property=\"og:title\" content=\"Sonora en Equipo. \u00a0Gobernador Alfonso Durazo inicia \u00a0gira de atracci\u00f3n econ\u00f3mica por Taiw\u00e1n Sonora\" \/>\n<meta property=\"og:description\" content=\"&nbsp; YUNLINE,TAIWAN,MX.\u2014 A trav\u00e9s de la exposici\u00f3n de las vertientes que conforman el Plan Sonora de Energ\u00eda Sostenible se concretar\u00e1 la atracci\u00f3n de la En Sonora en Equipo publicamos toda la informaci\u00f3n de Sonora, M\u00e9xico y el Mundo de manera oportuna y busca que la libertad de expresi\u00f3n sea real. Visita nuestro medio informativo publicado desde Hermosillo, Sonora. %\" \/>\n<meta property=\"og:url\" content=\"https:\/\/www.sonoraenequipo.com.mx\/gobernador-alfonso-durazo-inicia-gira-de-atraccion-economica-por-taiwan\/\" \/>\n<meta property=\"og:site_name\" content=\"Sonora en Equipo.\" \/>\n<meta property=\"article:publisher\" content=\"https:\/\/www.facebook.com\/SonoraEE\/\" \/>\n<meta property=\"article:author\" content=\"https:\/\/www.facebook.com\/SonoraEE\" \/>\n<meta property=\"article:published_time\" content=\"2023-09-26T01:21:29+00:00\" \/>\n<meta property=\"og:image\" content=\"https:\/\/www.sonoraenequipo.com.mx\/storage\/2023\/09\/adm-taiwan.jpg\" \/>\n\t<meta property=\"og:image:width\" content=\"900\" \/>\n\t<meta property=\"og:image:height\" content=\"600\" \/>\n\t<meta property=\"og:image:type\" content=\"image\/jpeg\" \/>\n<meta name=\"author\" content=\"enequipo\" \/>\n<meta name=\"twitter:card\" content=\"summary_large_image\" \/>\n<meta name=\"twitter:creator\" content=\"@sonoraenequipo\" \/>\n<meta name=\"twitter:site\" content=\"@sonoraenequipo\" \/>\n<meta name=\"twitter:label1\" content=\"Escrito por\" \/>\n\t<meta name=\"twitter:data1\" content=\"enequipo\" \/>\n\t<meta name=\"twitter:label2\" content=\"Tiempo de lectura\" \/>\n\t<meta name=\"twitter:data2\" content=\"2 minutos\" \/>\n<script type=\"application\/ld+json\" class=\"yoast-schema-graph\">{\"@context\":\"https:\/\/schema.org\",\"@graph\":[{\"@type\":\"Article\",\"@id\":\"https:\/\/www.sonoraenequipo.com.mx\/gobernador-alfonso-durazo-inicia-gira-de-atraccion-economica-por-taiwan\/#article\",\"isPartOf\":{\"@id\":\"https:\/\/www.sonoraenequipo.com.mx\/gobernador-alfonso-durazo-inicia-gira-de-atraccion-economica-por-taiwan\/\"},\"author\":{\"name\":\"enequipo\",\"@id\":\"https:\/\/www.sonoraenequipo.com.mx\/#\/schema\/person\/50102df0fb23a8fa9e8effad8fa81386\"},\"headline\":\"\u00a0Gobernador Alfonso Durazo inicia \u00a0gira de atracci\u00f3n econ\u00f3mica por Taiw\u00e1n\",\"datePublished\":\"2023-09-26T01:21:29+00:00\",\"mainEntityOfPage\":{\"@id\":\"https:\/\/www.sonoraenequipo.com.mx\/gobernador-alfonso-durazo-inicia-gira-de-atraccion-economica-por-taiwan\/\"},\"wordCount\":343,\"commentCount\":0,\"publisher\":{\"@id\":\"https:\/\/www.sonoraenequipo.com.mx\/#organization\"},\"image\":{\"@id\":\"https:\/\/www.sonoraenequipo.com.mx\/gobernador-alfonso-durazo-inicia-gira-de-atraccion-economica-por-taiwan\/#primaryimage\"},\"thumbnailUrl\":\"https:\/\/www.sonoraenequipo.com.mx\/storage\/2023\/09\/adm-taiwan.jpg\",\"articleSection\":[\"Sonora\"],\"inLanguage\":\"es\",\"potentialAction\":[{\"@type\":\"CommentAction\",\"name\":\"Comment\",\"target\":[\"https:\/\/www.sonoraenequipo.com.mx\/gobernador-alfonso-durazo-inicia-gira-de-atraccion-economica-por-taiwan\/#respond\"]}]},{\"@type\":\"WebPage\",\"@id\":\"https:\/\/www.sonoraenequipo.com.mx\/gobernador-alfonso-durazo-inicia-gira-de-atraccion-economica-por-taiwan\/\",\"url\":\"https:\/\/www.sonoraenequipo.com.mx\/gobernador-alfonso-durazo-inicia-gira-de-atraccion-economica-por-taiwan\/\",\"name\":\"Sonora en Equipo. \u00a0Gobernador Alfonso Durazo inicia \u00a0gira de atracci\u00f3n econ\u00f3mica por Taiw\u00e1n Sonora\",\"isPartOf\":{\"@id\":\"https:\/\/www.sonoraenequipo.com.mx\/#website\"},\"primaryImageOfPage\":{\"@id\":\"https:\/\/www.sonoraenequipo.com.mx\/gobernador-alfonso-durazo-inicia-gira-de-atraccion-economica-por-taiwan\/#primaryimage\"},\"image\":{\"@id\":\"https:\/\/www.sonoraenequipo.com.mx\/gobernador-alfonso-durazo-inicia-gira-de-atraccion-economica-por-taiwan\/#primaryimage\"},\"thumbnailUrl\":\"https:\/\/www.sonoraenequipo.com.mx\/storage\/2023\/09\/adm-taiwan.jpg\",\"datePublished\":\"2023-09-26T01:21:29+00:00\",\"description\":\"&nbsp; YUNLINE,TAIWAN,MX.\u2014 A trav\u00e9s de la exposici\u00f3n de las vertientes que conforman el Plan Sonora de Energ\u00eda Sostenible se concretar\u00e1 la atracci\u00f3n de la En Sonora en Equipo publicamos toda la informaci\u00f3n de Sonora, M\u00e9xico y el Mundo de manera oportuna y busca que la libertad de expresi\u00f3n sea real. Visita nuestro medio informativo publicado desde Hermosillo, Sonora. %\",\"breadcrumb\":{\"@id\":\"https:\/\/www.sonoraenequipo.com.mx\/gobernador-alfonso-durazo-inicia-gira-de-atraccion-economica-por-taiwan\/#breadcrumb\"},\"inLanguage\":\"es\",\"potentialAction\":[{\"@type\":\"ReadAction\",\"target\":[\"https:\/\/www.sonoraenequipo.com.mx\/gobernador-alfonso-durazo-inicia-gira-de-atraccion-economica-por-taiwan\/\"]}]},{\"@type\":\"ImageObject\",\"inLanguage\":\"es\",\"@id\":\"https:\/\/www.sonoraenequipo.com.mx\/gobernador-alfonso-durazo-inicia-gira-de-atraccion-economica-por-taiwan\/#primaryimage\",\"url\":\"https:\/\/www.sonoraenequipo.com.mx\/storage\/2023\/09\/adm-taiwan.jpg\",\"contentUrl\":\"https:\/\/www.sonoraenequipo.com.mx\/storage\/2023\/09\/adm-taiwan.jpg\",\"width\":900,\"height\":600},{\"@type\":\"BreadcrumbList\",\"@id\":\"https:\/\/www.sonoraenequipo.com.mx\/gobernador-alfonso-durazo-inicia-gira-de-atraccion-economica-por-taiwan\/#breadcrumb\",\"itemListElement\":[{\"@type\":\"ListItem\",\"position\":1,\"name\":\"Portada\",\"item\":\"https:\/\/www.sonoraenequipo.com.mx\/\"},{\"@type\":\"ListItem\",\"position\":2,\"name\":\"\u00a0Gobernador Alfonso Durazo inicia \u00a0gira de atracci\u00f3n econ\u00f3mica por Taiw\u00e1n\"}]},{\"@type\":\"WebSite\",\"@id\":\"https:\/\/www.sonoraenequipo.com.mx\/#website\",\"url\":\"https:\/\/www.sonoraenequipo.com.mx\/\",\"name\":\"Sonora en Equipo.\",\"description\":\"Diario en l\u00ednea con Noticias desde Hermosillo, Sonora\",\"publisher\":{\"@id\":\"https:\/\/www.sonoraenequipo.com.mx\/#organization\"},\"potentialAction\":[{\"@type\":\"SearchAction\",\"target\":{\"@type\":\"EntryPoint\",\"urlTemplate\":\"https:\/\/www.sonoraenequipo.com.mx\/?s={search_term_string}\"},\"query-input\":{\"@type\":\"PropertyValueSpecification\",\"valueRequired\":true,\"valueName\":\"search_term_string\"}}],\"inLanguage\":\"es\"},{\"@type\":\"Organization\",\"@id\":\"https:\/\/www.sonoraenequipo.com.mx\/#organization\",\"name\":\"Sonoraenequipo.com.mx\",\"url\":\"https:\/\/www.sonoraenequipo.com.mx\/\",\"logo\":{\"@type\":\"ImageObject\",\"inLanguage\":\"es\",\"@id\":\"https:\/\/www.sonoraenequipo.com.mx\/#\/schema\/logo\/image\/\",\"url\":\"https:\/\/www.sonoraenequipo.com.mx\/storage\/2019\/01\/sonoraenequipo_opt.png\",\"contentUrl\":\"https:\/\/www.sonoraenequipo.com.mx\/storage\/2019\/01\/sonoraenequipo_opt.png\",\"width\":375,\"height\":125,\"caption\":\"Sonoraenequipo.com.mx\"},\"image\":{\"@id\":\"https:\/\/www.sonoraenequipo.com.mx\/#\/schema\/logo\/image\/\"},\"sameAs\":[\"https:\/\/www.facebook.com\/SonoraEE\/\",\"https:\/\/x.com\/sonoraenequipo\",\"https:\/\/www.youtube.com\/channel\/UC338nW-lPEYmJQs4ZABQ1SQ\"]},{\"@type\":\"Person\",\"@id\":\"https:\/\/www.sonoraenequipo.com.mx\/#\/schema\/person\/50102df0fb23a8fa9e8effad8fa81386\",\"name\":\"enequipo\",\"image\":{\"@type\":\"ImageObject\",\"inLanguage\":\"es\",\"@id\":\"https:\/\/www.sonoraenequipo.com.mx\/#\/schema\/person\/image\/\",\"url\":\"https:\/\/secure.gravatar.com\/avatar\/049821681b589dabc0bc20695993ccebb09f5b5d4d790cd9251b97faac7c652b?s=96&d=blank&r=g\",\"contentUrl\":\"https:\/\/secure.gravatar.com\/avatar\/049821681b589dabc0bc20695993ccebb09f5b5d4d790cd9251b97faac7c652b?s=96&d=blank&r=g\",\"caption\":\"enequipo\"},\"sameAs\":[\"https:\/\/www.facebook.com\/SonoraEE\"]}]}<\/script>\n ","yoast_head_json":{"title":"Sonora en Equipo. \u00a0Gobernador Alfonso Durazo inicia \u00a0gira de atracci\u00f3n econ\u00f3mica por Taiw\u00e1n Sonora","description":"&nbsp; YUNLINE,TAIWAN,MX.\u2014 A trav\u00e9s de la exposici\u00f3n de las vertientes que conforman el Plan Sonora de Energ\u00eda Sostenible se concretar\u00e1 la atracci\u00f3n de la En Sonora en Equipo publicamos toda la informaci\u00f3n de Sonora, M\u00e9xico y el Mundo de manera oportuna y busca que la libertad de expresi\u00f3n sea real. Visita nuestro medio informativo publicado desde Hermosillo, Sonora. %","robots":{"index":"index","follow":"follow","max-snippet":"max-snippet:-1","max-image-preview":"max-image-preview:large","max-video-preview":"max-video-preview:-1"},"canonical":"https:\/\/www.sonoraenequipo.com.mx\/gobernador-alfonso-durazo-inicia-gira-de-atraccion-economica-por-taiwan\/","og_locale":"es_ES","og_type":"article","og_title":"Sonora en Equipo. \u00a0Gobernador Alfonso Durazo inicia \u00a0gira de atracci\u00f3n econ\u00f3mica por Taiw\u00e1n Sonora","og_description":"&nbsp; YUNLINE,TAIWAN,MX.\u2014 A trav\u00e9s de la exposici\u00f3n de las vertientes que conforman el Plan Sonora de Energ\u00eda Sostenible se concretar\u00e1 la atracci\u00f3n de la En Sonora en Equipo publicamos toda la informaci\u00f3n de Sonora, M\u00e9xico y el Mundo de manera oportuna y busca que la libertad de expresi\u00f3n sea real. Visita nuestro medio informativo publicado desde Hermosillo, Sonora. %","og_url":"https:\/\/www.sonoraenequipo.com.mx\/gobernador-alfonso-durazo-inicia-gira-de-atraccion-economica-por-taiwan\/","og_site_name":"Sonora en Equipo.","article_publisher":"https:\/\/www.facebook.com\/SonoraEE\/","article_author":"https:\/\/www.facebook.com\/SonoraEE","article_published_time":"2023-09-26T01:21:29+00:00","og_image":[{"width":900,"height":600,"url":"https:\/\/www.sonoraenequipo.com.mx\/storage\/2023\/09\/adm-taiwan.jpg","type":"image\/jpeg"}],"author":"enequipo","twitter_card":"summary_large_image","twitter_creator":"@sonoraenequipo","twitter_site":"@sonoraenequipo","twitter_misc":{"Escrito por":"enequipo","Tiempo de lectura":"2 minutos"},"schema":{"@context":"https:\/\/schema.org","@graph":[{"@type":"Article","@id":"https:\/\/www.sonoraenequipo.com.mx\/gobernador-alfonso-durazo-inicia-gira-de-atraccion-economica-por-taiwan\/#article","isPartOf":{"@id":"https:\/\/www.sonoraenequipo.com.mx\/gobernador-alfonso-durazo-inicia-gira-de-atraccion-economica-por-taiwan\/"},"author":{"name":"enequipo","@id":"https:\/\/www.sonoraenequipo.com.mx\/#\/schema\/person\/50102df0fb23a8fa9e8effad8fa81386"},"headline":"\u00a0Gobernador Alfonso Durazo inicia \u00a0gira de atracci\u00f3n econ\u00f3mica por Taiw\u00e1n","datePublished":"2023-09-26T01:21:29+00:00","mainEntityOfPage":{"@id":"https:\/\/www.sonoraenequipo.com.mx\/gobernador-alfonso-durazo-inicia-gira-de-atraccion-economica-por-taiwan\/"},"wordCount":343,"commentCount":0,"publisher":{"@id":"https:\/\/www.sonoraenequipo.com.mx\/#organization"},"image":{"@id":"https:\/\/www.sonoraenequipo.com.mx\/gobernador-alfonso-durazo-inicia-gira-de-atraccion-economica-por-taiwan\/#primaryimage"},"thumbnailUrl":"https:\/\/www.sonoraenequipo.com.mx\/storage\/2023\/09\/adm-taiwan.jpg","articleSection":["Sonora"],"inLanguage":"es","potentialAction":[{"@type":"CommentAction","name":"Comment","target":["https:\/\/www.sonoraenequipo.com.mx\/gobernador-alfonso-durazo-inicia-gira-de-atraccion-economica-por-taiwan\/#respond"]}]},{"@type":"WebPage","@id":"https:\/\/www.sonoraenequipo.com.mx\/gobernador-alfonso-durazo-inicia-gira-de-atraccion-economica-por-taiwan\/","url":"https:\/\/www.sonoraenequipo.com.mx\/gobernador-alfonso-durazo-inicia-gira-de-atraccion-economica-por-taiwan\/","name":"Sonora en Equipo. \u00a0Gobernador Alfonso Durazo inicia \u00a0gira de atracci\u00f3n econ\u00f3mica por Taiw\u00e1n Sonora","isPartOf":{"@id":"https:\/\/www.sonoraenequipo.com.mx\/#website"},"primaryImageOfPage":{"@id":"https:\/\/www.sonoraenequipo.com.mx\/gobernador-alfonso-durazo-inicia-gira-de-atraccion-economica-por-taiwan\/#primaryimage"},"image":{"@id":"https:\/\/www.sonoraenequipo.com.mx\/gobernador-alfonso-durazo-inicia-gira-de-atraccion-economica-por-taiwan\/#primaryimage"},"thumbnailUrl":"https:\/\/www.sonoraenequipo.com.mx\/storage\/2023\/09\/adm-taiwan.jpg","datePublished":"2023-09-26T01:21:29+00:00","description":"&nbsp; YUNLINE,TAIWAN,MX.\u2014 A trav\u00e9s de la exposici\u00f3n de las vertientes que conforman el Plan Sonora de Energ\u00eda Sostenible se concretar\u00e1 la atracci\u00f3n de la En Sonora en Equipo publicamos toda la informaci\u00f3n de Sonora, M\u00e9xico y el Mundo de manera oportuna y busca que la libertad de expresi\u00f3n sea real. Visita nuestro medio informativo publicado desde Hermosillo, Sonora. %","breadcrumb":{"@id":"https:\/\/www.sonoraenequipo.com.mx\/gobernador-alfonso-durazo-inicia-gira-de-atraccion-economica-por-taiwan\/#breadcrumb"},"inLanguage":"es","potentialAction":[{"@type":"ReadAction","target":["https:\/\/www.sonoraenequipo.com.mx\/gobernador-alfonso-durazo-inicia-gira-de-atraccion-economica-por-taiwan\/"]}]},{"@type":"ImageObject","inLanguage":"es","@id":"https:\/\/www.sonoraenequipo.com.mx\/gobernador-alfonso-durazo-inicia-gira-de-atraccion-economica-por-taiwan\/#primaryimage","url":"https:\/\/www.sonoraenequipo.com.mx\/storage\/2023\/09\/adm-taiwan.jpg","contentUrl":"https:\/\/www.sonoraenequipo.com.mx\/storage\/2023\/09\/adm-taiwan.jpg","width":900,"height":600},{"@type":"BreadcrumbList","@id":"https:\/\/www.sonoraenequipo.com.mx\/gobernador-alfonso-durazo-inicia-gira-de-atraccion-economica-por-taiwan\/#breadcrumb","itemListElement":[{"@type":"ListItem","position":1,"name":"Portada","item":"https:\/\/www.sonoraenequipo.com.mx\/"},{"@type":"ListItem","position":2,"name":"\u00a0Gobernador Alfonso Durazo inicia \u00a0gira de atracci\u00f3n econ\u00f3mica por Taiw\u00e1n"}]},{"@type":"WebSite","@id":"https:\/\/www.sonoraenequipo.com.mx\/#website","url":"https:\/\/www.sonoraenequipo.com.mx\/","name":"Sonora en Equipo.","description":"Diario en l\u00ednea con Noticias desde Hermosillo, Sonora","publisher":{"@id":"https:\/\/www.sonoraenequipo.com.mx\/#organization"},"potentialAction":[{"@type":"SearchAction","target":{"@type":"EntryPoint","urlTemplate":"https:\/\/www.sonoraenequipo.com.mx\/?s={search_term_string}"},"query-input":{"@type":"PropertyValueSpecification","valueRequired":true,"valueName":"search_term_string"}}],"inLanguage":"es"},{"@type":"Organization","@id":"https:\/\/www.sonoraenequipo.com.mx\/#organization","name":"Sonoraenequipo.com.mx","url":"https:\/\/www.sonoraenequipo.com.mx\/","logo":{"@type":"ImageObject","inLanguage":"es","@id":"https:\/\/www.sonoraenequipo.com.mx\/#\/schema\/logo\/image\/","url":"https:\/\/www.sonoraenequipo.com.mx\/storage\/2019\/01\/sonoraenequipo_opt.png","contentUrl":"https:\/\/www.sonoraenequipo.com.mx\/storage\/2019\/01\/sonoraenequipo_opt.png","width":375,"height":125,"caption":"Sonoraenequipo.com.mx"},"image":{"@id":"https:\/\/www.sonoraenequipo.com.mx\/#\/schema\/logo\/image\/"},"sameAs":["https:\/\/www.facebook.com\/SonoraEE\/","https:\/\/x.com\/sonoraenequipo","https:\/\/www.youtube.com\/channel\/UC338nW-lPEYmJQs4ZABQ1SQ"]},{"@type":"Person","@id":"https:\/\/www.sonoraenequipo.com.mx\/#\/schema\/person\/50102df0fb23a8fa9e8effad8fa81386","name":"enequipo","image":{"@type":"ImageObject","inLanguage":"es","@id":"https:\/\/www.sonoraenequipo.com.mx\/#\/schema\/person\/image\/","url":"https:\/\/secure.gravatar.com\/avatar\/049821681b589dabc0bc20695993ccebb09f5b5d4d790cd9251b97faac7c652b?s=96&d=blank&r=g","contentUrl":"https:\/\/secure.gravatar.com\/avatar\/049821681b589dabc0bc20695993ccebb09f5b5d4d790cd9251b97faac7c652b?s=96&d=blank&r=g","caption":"enequipo"},"sameAs":["https:\/\/www.facebook.com\/SonoraEE"]}]}},"jetpack_featured_media_url":"https:\/\/www.sonoraenequipo.com.mx\/storage\/2023\/09\/adm-taiwan.jpg","_links":{"self":[{"href":"https:\/\/www.sonoraenequipo.com.mx\/api\/wp\/v2\/posts\/175557","targetHints":{"allow":["GET"]}}],"collection":[{"href":"https:\/\/www.sonoraenequipo.com.mx\/api\/wp\/v2\/posts"}],"about":[{"href":"https:\/\/www.sonoraenequipo.com.mx\/api\/wp\/v2\/types\/post"}],"author":[{"embeddable":true,"href":"https:\/\/www.sonoraenequipo.com.mx\/api\/wp\/v2\/users\/1"}],"replies":[{"embeddable":true,"href":"https:\/\/www.sonoraenequipo.com.mx\/api\/wp\/v2\/comments?post=175557"}],"version-history":[{"count":1,"href":"https:\/\/www.sonoraenequipo.com.mx\/api\/wp\/v2\/posts\/175557\/revisions"}],"predecessor-version":[{"id":175559,"href":"https:\/\/www.sonoraenequipo.com.mx\/api\/wp\/v2\/posts\/175557\/revisions\/175559"}],"wp:featuredmedia":[{"embeddable":true,"href":"https:\/\/www.sonoraenequipo.com.mx\/api\/wp\/v2\/media\/175558"}],"wp:attachment":[{"href":"https:\/\/www.sonoraenequipo.com.mx\/api\/wp\/v2\/media?parent=175557"}],"wp:term":[{"taxonomy":"category","embeddable":true,"href":"https:\/\/www.sonoraenequipo.com.mx\/api\/wp\/v2\/categories?post=175557"},{"taxonomy":"post_tag","embeddable":true,"href":"https:\/\/www.sonoraenequipo.com.mx\/api\/wp\/v2\/tags?post=175557"}],"curies":[{"name":"wp","href":"https:\/\/api.w.org\/{rel}","templated":true}]}}