{"id":175578,"date":"2023-09-25T15:23:10","date_gmt":"2023-09-25T22:23:10","guid":{"rendered":"https:\/\/www.sonoraenequipo.com.mx\/?p=175578"},"modified":"2023-09-25T20:08:58","modified_gmt":"2023-09-26T03:08:58","slug":"capacita-ayuntamiento-de-hermosillo-a-finalistas-de-hermosillo-47-desafio-empresarial","status":"publish","type":"post","link":"https:\/\/www.sonoraenequipo.com.mx\/capacita-ayuntamiento-de-hermosillo-a-finalistas-de-hermosillo-47-desafio-empresarial\/","title":{"rendered":"Capacita Ayuntamiento de Hermosillo a finalistas de Hermosillo 47, Desaf\u00edo Empresarial"},"content":{"rendered":"<p><b>HERMOSILLO, SONORA.MX. \u2014<\/b>El Ayuntamiento de Hermosillo a trav\u00e9s de la Agencia Municipal de Desarrollo Econ\u00f3mico (AMDE) organiz\u00f3 una capacitaci\u00f3n de pitch para once finalistas<\/p>\n<p>&nbsp;<\/p>\n<p> <\/p>\n<p>&nbsp;<\/p>\n<p>que competir\u00e1n en la gran final de Hermosillo 47, Desaf\u00edo Empresarial el pr\u00f3ximo 28 de septiembre en el Tecnol\u00f3gico de Monterrey.<\/p>\n<p>&nbsp;<\/p>\n<p>&nbsp;<\/p>\n<p>En el taller impartido por Manuel d\u2019Argence en las instalaciones de la AMDE, mujeres y hombres finalistas recibieron habilidades para vender su proyecto ante el jurado y competir para acceder a una bolsa de un mill\u00f3n de pesos.<\/p>\n<p>&nbsp;<\/p>\n<p>&nbsp;<\/p>\n<p><em><strong>\u201cEl objetivo del pitch es que se convierta en una habilidad para poder venderle su proyecto, emprendimiento a cualquier persona como inversionista, jurado, posible alianza para su negocio. Ense\u00f1amos c\u00f3mo crear una narrativa sobre su empresa y que sean capaces de presentar este pitch a cualquier persona en cualquier momento<\/strong><\/em>\u201d, puntualiz\u00f3 D\u2019Argence.<\/p>\n<p>&nbsp;<\/p>\n<p>&nbsp;<\/p>\n<p>Omar Guti\u00e9rrez, director del Centro Municipal del Emprendedor detall\u00f3 que en esta segunda edici\u00f3n de Hermosillo 47 fueron m\u00e1s de 150 empresas las que atendieron la convocatoria y cumplieron con requisitos como estar legalmente constituidos como negocios y tener un a\u00f1o operando, de las cuales once resultaron finalistas.<\/p>\n<p>&nbsp;<\/p>\n<p><em><strong>\u201cEs una capacitaci\u00f3n de pitch que durar\u00e1 cuatro horas y consiste en presentar su proyecto en tres minutos. La capacitaci\u00f3n la est\u00e1 impartiendo Manuel D\u00b4Argence quien organiza los Tedx speakers en Hermosillo\u201d<\/strong><\/em>, agreg\u00f3.<\/p>\n<p>&nbsp;<\/p>\n<p>La gran final de Hermosillo 47, Desaf\u00edo Empresarial es este 28 de septiembre en el Tec de Monterrey y contar\u00e1 con la presencia de Moris Dieck, reconocido asesor financiero y consultor en estrategias de negocios quien ofrecer\u00e1 una conferencia magistral para quienes asistan al evento.<\/p>\n<p>&nbsp;<\/p>\n<p>Hermosillo 47 es un desaf\u00edo empresarial que el Ayuntamiento de Hermosillo y la iniciativa privada organizan con el objetivo de impulsar a las micro, peque\u00f1as y medianas empresas, as\u00ed como aquellas de reciente creaci\u00f3n.<\/p>\n<p>&nbsp;<\/p>\n<p>&nbsp;<\/p>\n<p>PUBLICADO EL 25 SEPTIEMBRE DE 2023\/ Con informaci\u00f3n de HMO 651\/2023)<\/p>\n","protected":false},"excerpt":{"rendered":"<p>HERMOSILLO, SONORA.MX. \u2014El Ayuntamiento de Hermosillo a trav\u00e9s de la Agencia Municipal de Desarrollo Econ\u00f3mico&#8230;<\/p>\n","protected":false},"author":1,"featured_media":175581,"comment_status":"open","ping_status":"open","sticky":false,"template":"","format":"standard","meta":{"_monsterinsights_skip_tracking":false,"_monsterinsights_sitenote_active":false,"_monsterinsights_sitenote_note":"","_monsterinsights_sitenote_category":0,"footnotes":""},"categories":[22],"tags":[],"class_list":["post"],"yoast_head":" \n<title>Sonora en Equipo. Capacita Ayuntamiento de Hermosillo a finalistas de Hermosillo 47, Desaf\u00edo Empresarial Sonora<\/title>\n<meta name=\"description\" content=\"HERMOSILLO, SONORA.MX. \u2014El Ayuntamiento de Hermosillo a trav\u00e9s de la Agencia Municipal de Desarrollo Econ\u00f3mico (AMDE) organiz\u00f3 una capacitaci\u00f3n de pitch En Sonora en Equipo publicamos toda la informaci\u00f3n de Sonora, M\u00e9xico y el Mundo de manera oportuna y busca que la libertad de expresi\u00f3n sea real. Visita nuestro medio informativo publicado desde Hermosillo, Sonora. %\" \/>\n<meta name=\"robots\" content=\"index, follow, max-snippet:-1, max-image-preview:large, max-video-preview:-1\" \/>\n<link rel=\"canonical\" href=\"https:\/\/www.sonoraenequipo.com.mx\/capacita-ayuntamiento-de-hermosillo-a-finalistas-de-hermosillo-47-desafio-empresarial\/\" \/>\n<meta property=\"og:locale\" content=\"es_ES\" \/>\n<meta property=\"og:type\" content=\"article\" \/>\n<meta property=\"og:title\" content=\"Sonora en Equipo. Capacita Ayuntamiento de Hermosillo a finalistas de Hermosillo 47, Desaf\u00edo Empresarial Sonora\" \/>\n<meta property=\"og:description\" content=\"HERMOSILLO, SONORA.MX. \u2014El Ayuntamiento de Hermosillo a trav\u00e9s de la Agencia Municipal de Desarrollo Econ\u00f3mico (AMDE) organiz\u00f3 una capacitaci\u00f3n de pitch En Sonora en Equipo publicamos toda la informaci\u00f3n de Sonora, M\u00e9xico y el Mundo de manera oportuna y busca que la libertad de expresi\u00f3n sea real. Visita nuestro medio informativo publicado desde Hermosillo, Sonora. %\" \/>\n<meta property=\"og:url\" content=\"https:\/\/www.sonoraenequipo.com.mx\/capacita-ayuntamiento-de-hermosillo-a-finalistas-de-hermosillo-47-desafio-empresarial\/\" \/>\n<meta property=\"og:site_name\" content=\"Sonora en Equipo.\" \/>\n<meta property=\"article:publisher\" content=\"https:\/\/www.facebook.com\/SonoraEE\/\" \/>\n<meta property=\"article:author\" content=\"https:\/\/www.facebook.com\/SonoraEE\" \/>\n<meta property=\"article:published_time\" content=\"2023-09-25T22:23:10+00:00\" \/>\n<meta property=\"article:modified_time\" content=\"2023-09-26T03:08:58+00:00\" \/>\n<meta property=\"og:image\" content=\"https:\/\/www.sonoraenequipo.com.mx\/storage\/2023\/09\/Desafio-Empresarial-min.jpeg\" \/>\n\t<meta property=\"og:image:width\" content=\"1448\" \/>\n\t<meta property=\"og:image:height\" content=\"918\" \/>\n\t<meta property=\"og:image:type\" content=\"image\/jpeg\" \/>\n<meta name=\"author\" content=\"enequipo\" \/>\n<meta name=\"twitter:card\" content=\"summary_large_image\" \/>\n<meta name=\"twitter:creator\" content=\"@sonoraenequipo\" \/>\n<meta name=\"twitter:site\" content=\"@sonoraenequipo\" \/>\n<meta name=\"twitter:label1\" content=\"Escrito por\" \/>\n\t<meta name=\"twitter:data1\" content=\"enequipo\" \/>\n\t<meta name=\"twitter:label2\" content=\"Tiempo de lectura\" \/>\n\t<meta name=\"twitter:data2\" content=\"2 minutos\" \/>\n<script type=\"application\/ld+json\" class=\"yoast-schema-graph\">{\"@context\":\"https:\/\/schema.org\",\"@graph\":[{\"@type\":\"Article\",\"@id\":\"https:\/\/www.sonoraenequipo.com.mx\/capacita-ayuntamiento-de-hermosillo-a-finalistas-de-hermosillo-47-desafio-empresarial\/#article\",\"isPartOf\":{\"@id\":\"https:\/\/www.sonoraenequipo.com.mx\/capacita-ayuntamiento-de-hermosillo-a-finalistas-de-hermosillo-47-desafio-empresarial\/\"},\"author\":{\"name\":\"enequipo\",\"@id\":\"https:\/\/www.sonoraenequipo.com.mx\/#\/schema\/person\/50102df0fb23a8fa9e8effad8fa81386\"},\"headline\":\"Capacita Ayuntamiento de Hermosillo a finalistas de Hermosillo 47, Desaf\u00edo Empresarial\",\"datePublished\":\"2023-09-25T22:23:10+00:00\",\"dateModified\":\"2023-09-26T03:08:58+00:00\",\"mainEntityOfPage\":{\"@id\":\"https:\/\/www.sonoraenequipo.com.mx\/capacita-ayuntamiento-de-hermosillo-a-finalistas-de-hermosillo-47-desafio-empresarial\/\"},\"wordCount\":345,\"commentCount\":0,\"publisher\":{\"@id\":\"https:\/\/www.sonoraenequipo.com.mx\/#organization\"},\"image\":{\"@id\":\"https:\/\/www.sonoraenequipo.com.mx\/capacita-ayuntamiento-de-hermosillo-a-finalistas-de-hermosillo-47-desafio-empresarial\/#primaryimage\"},\"thumbnailUrl\":\"https:\/\/www.sonoraenequipo.com.mx\/storage\/2023\/09\/Desafio-Empresarial-min.jpeg\",\"articleSection\":[\"Sonora\"],\"inLanguage\":\"es\",\"potentialAction\":[{\"@type\":\"CommentAction\",\"name\":\"Comment\",\"target\":[\"https:\/\/www.sonoraenequipo.com.mx\/capacita-ayuntamiento-de-hermosillo-a-finalistas-de-hermosillo-47-desafio-empresarial\/#respond\"]}]},{\"@type\":\"WebPage\",\"@id\":\"https:\/\/www.sonoraenequipo.com.mx\/capacita-ayuntamiento-de-hermosillo-a-finalistas-de-hermosillo-47-desafio-empresarial\/\",\"url\":\"https:\/\/www.sonoraenequipo.com.mx\/capacita-ayuntamiento-de-hermosillo-a-finalistas-de-hermosillo-47-desafio-empresarial\/\",\"name\":\"Sonora en Equipo. Capacita Ayuntamiento de Hermosillo a finalistas de Hermosillo 47, Desaf\u00edo Empresarial Sonora\",\"isPartOf\":{\"@id\":\"https:\/\/www.sonoraenequipo.com.mx\/#website\"},\"primaryImageOfPage\":{\"@id\":\"https:\/\/www.sonoraenequipo.com.mx\/capacita-ayuntamiento-de-hermosillo-a-finalistas-de-hermosillo-47-desafio-empresarial\/#primaryimage\"},\"image\":{\"@id\":\"https:\/\/www.sonoraenequipo.com.mx\/capacita-ayuntamiento-de-hermosillo-a-finalistas-de-hermosillo-47-desafio-empresarial\/#primaryimage\"},\"thumbnailUrl\":\"https:\/\/www.sonoraenequipo.com.mx\/storage\/2023\/09\/Desafio-Empresarial-min.jpeg\",\"datePublished\":\"2023-09-25T22:23:10+00:00\",\"dateModified\":\"2023-09-26T03:08:58+00:00\",\"description\":\"HERMOSILLO, SONORA.MX. \u2014El Ayuntamiento de Hermosillo a trav\u00e9s de la Agencia Municipal de Desarrollo Econ\u00f3mico (AMDE) organiz\u00f3 una capacitaci\u00f3n de pitch En Sonora en Equipo publicamos toda la informaci\u00f3n de Sonora, M\u00e9xico y el Mundo de manera oportuna y busca que la libertad de expresi\u00f3n sea real. Visita nuestro medio informativo publicado desde Hermosillo, Sonora. %\",\"breadcrumb\":{\"@id\":\"https:\/\/www.sonoraenequipo.com.mx\/capacita-ayuntamiento-de-hermosillo-a-finalistas-de-hermosillo-47-desafio-empresarial\/#breadcrumb\"},\"inLanguage\":\"es\",\"potentialAction\":[{\"@type\":\"ReadAction\",\"target\":[\"https:\/\/www.sonoraenequipo.com.mx\/capacita-ayuntamiento-de-hermosillo-a-finalistas-de-hermosillo-47-desafio-empresarial\/\"]}]},{\"@type\":\"ImageObject\",\"inLanguage\":\"es\",\"@id\":\"https:\/\/www.sonoraenequipo.com.mx\/capacita-ayuntamiento-de-hermosillo-a-finalistas-de-hermosillo-47-desafio-empresarial\/#primaryimage\",\"url\":\"https:\/\/www.sonoraenequipo.com.mx\/storage\/2023\/09\/Desafio-Empresarial-min.jpeg\",\"contentUrl\":\"https:\/\/www.sonoraenequipo.com.mx\/storage\/2023\/09\/Desafio-Empresarial-min.jpeg\",\"width\":1448,\"height\":918},{\"@type\":\"BreadcrumbList\",\"@id\":\"https:\/\/www.sonoraenequipo.com.mx\/capacita-ayuntamiento-de-hermosillo-a-finalistas-de-hermosillo-47-desafio-empresarial\/#breadcrumb\",\"itemListElement\":[{\"@type\":\"ListItem\",\"position\":1,\"name\":\"Portada\",\"item\":\"https:\/\/www.sonoraenequipo.com.mx\/\"},{\"@type\":\"ListItem\",\"position\":2,\"name\":\"Capacita Ayuntamiento de Hermosillo a finalistas de Hermosillo 47, Desaf\u00edo Empresarial\"}]},{\"@type\":\"WebSite\",\"@id\":\"https:\/\/www.sonoraenequipo.com.mx\/#website\",\"url\":\"https:\/\/www.sonoraenequipo.com.mx\/\",\"name\":\"Sonora en Equipo.\",\"description\":\"Diario en l\u00ednea con Noticias desde Hermosillo, Sonora\",\"publisher\":{\"@id\":\"https:\/\/www.sonoraenequipo.com.mx\/#organization\"},\"potentialAction\":[{\"@type\":\"SearchAction\",\"target\":{\"@type\":\"EntryPoint\",\"urlTemplate\":\"https:\/\/www.sonoraenequipo.com.mx\/?s={search_term_string}\"},\"query-input\":{\"@type\":\"PropertyValueSpecification\",\"valueRequired\":true,\"valueName\":\"search_term_string\"}}],\"inLanguage\":\"es\"},{\"@type\":\"Organization\",\"@id\":\"https:\/\/www.sonoraenequipo.com.mx\/#organization\",\"name\":\"Sonoraenequipo.com.mx\",\"url\":\"https:\/\/www.sonoraenequipo.com.mx\/\",\"logo\":{\"@type\":\"ImageObject\",\"inLanguage\":\"es\",\"@id\":\"https:\/\/www.sonoraenequipo.com.mx\/#\/schema\/logo\/image\/\",\"url\":\"https:\/\/www.sonoraenequipo.com.mx\/storage\/2019\/01\/sonoraenequipo_opt.png\",\"contentUrl\":\"https:\/\/www.sonoraenequipo.com.mx\/storage\/2019\/01\/sonoraenequipo_opt.png\",\"width\":375,\"height\":125,\"caption\":\"Sonoraenequipo.com.mx\"},\"image\":{\"@id\":\"https:\/\/www.sonoraenequipo.com.mx\/#\/schema\/logo\/image\/\"},\"sameAs\":[\"https:\/\/www.facebook.com\/SonoraEE\/\",\"https:\/\/x.com\/sonoraenequipo\",\"https:\/\/www.youtube.com\/channel\/UC338nW-lPEYmJQs4ZABQ1SQ\"]},{\"@type\":\"Person\",\"@id\":\"https:\/\/www.sonoraenequipo.com.mx\/#\/schema\/person\/50102df0fb23a8fa9e8effad8fa81386\",\"name\":\"enequipo\",\"image\":{\"@type\":\"ImageObject\",\"inLanguage\":\"es\",\"@id\":\"https:\/\/www.sonoraenequipo.com.mx\/#\/schema\/person\/image\/\",\"url\":\"https:\/\/secure.gravatar.com\/avatar\/049821681b589dabc0bc20695993ccebb09f5b5d4d790cd9251b97faac7c652b?s=96&d=blank&r=g\",\"contentUrl\":\"https:\/\/secure.gravatar.com\/avatar\/049821681b589dabc0bc20695993ccebb09f5b5d4d790cd9251b97faac7c652b?s=96&d=blank&r=g\",\"caption\":\"enequipo\"},\"sameAs\":[\"https:\/\/www.facebook.com\/SonoraEE\"]}]}<\/script>\n ","yoast_head_json":{"title":"Sonora en Equipo. Capacita Ayuntamiento de Hermosillo a finalistas de Hermosillo 47, Desaf\u00edo Empresarial Sonora","description":"HERMOSILLO, SONORA.MX. \u2014El Ayuntamiento de Hermosillo a trav\u00e9s de la Agencia Municipal de Desarrollo Econ\u00f3mico (AMDE) organiz\u00f3 una capacitaci\u00f3n de pitch En Sonora en Equipo publicamos toda la informaci\u00f3n de Sonora, M\u00e9xico y el Mundo de manera oportuna y busca que la libertad de expresi\u00f3n sea real. Visita nuestro medio informativo publicado desde Hermosillo, Sonora. %","robots":{"index":"index","follow":"follow","max-snippet":"max-snippet:-1","max-image-preview":"max-image-preview:large","max-video-preview":"max-video-preview:-1"},"canonical":"https:\/\/www.sonoraenequipo.com.mx\/capacita-ayuntamiento-de-hermosillo-a-finalistas-de-hermosillo-47-desafio-empresarial\/","og_locale":"es_ES","og_type":"article","og_title":"Sonora en Equipo. Capacita Ayuntamiento de Hermosillo a finalistas de Hermosillo 47, Desaf\u00edo Empresarial Sonora","og_description":"HERMOSILLO, SONORA.MX. \u2014El Ayuntamiento de Hermosillo a trav\u00e9s de la Agencia Municipal de Desarrollo Econ\u00f3mico (AMDE) organiz\u00f3 una capacitaci\u00f3n de pitch En Sonora en Equipo publicamos toda la informaci\u00f3n de Sonora, M\u00e9xico y el Mundo de manera oportuna y busca que la libertad de expresi\u00f3n sea real. Visita nuestro medio informativo publicado desde Hermosillo, Sonora. %","og_url":"https:\/\/www.sonoraenequipo.com.mx\/capacita-ayuntamiento-de-hermosillo-a-finalistas-de-hermosillo-47-desafio-empresarial\/","og_site_name":"Sonora en Equipo.","article_publisher":"https:\/\/www.facebook.com\/SonoraEE\/","article_author":"https:\/\/www.facebook.com\/SonoraEE","article_published_time":"2023-09-25T22:23:10+00:00","article_modified_time":"2023-09-26T03:08:58+00:00","og_image":[{"width":1448,"height":918,"url":"https:\/\/www.sonoraenequipo.com.mx\/storage\/2023\/09\/Desafio-Empresarial-min.jpeg","type":"image\/jpeg"}],"author":"enequipo","twitter_card":"summary_large_image","twitter_creator":"@sonoraenequipo","twitter_site":"@sonoraenequipo","twitter_misc":{"Escrito por":"enequipo","Tiempo de lectura":"2 minutos"},"schema":{"@context":"https:\/\/schema.org","@graph":[{"@type":"Article","@id":"https:\/\/www.sonoraenequipo.com.mx\/capacita-ayuntamiento-de-hermosillo-a-finalistas-de-hermosillo-47-desafio-empresarial\/#article","isPartOf":{"@id":"https:\/\/www.sonoraenequipo.com.mx\/capacita-ayuntamiento-de-hermosillo-a-finalistas-de-hermosillo-47-desafio-empresarial\/"},"author":{"name":"enequipo","@id":"https:\/\/www.sonoraenequipo.com.mx\/#\/schema\/person\/50102df0fb23a8fa9e8effad8fa81386"},"headline":"Capacita Ayuntamiento de Hermosillo a finalistas de Hermosillo 47, Desaf\u00edo Empresarial","datePublished":"2023-09-25T22:23:10+00:00","dateModified":"2023-09-26T03:08:58+00:00","mainEntityOfPage":{"@id":"https:\/\/www.sonoraenequipo.com.mx\/capacita-ayuntamiento-de-hermosillo-a-finalistas-de-hermosillo-47-desafio-empresarial\/"},"wordCount":345,"commentCount":0,"publisher":{"@id":"https:\/\/www.sonoraenequipo.com.mx\/#organization"},"image":{"@id":"https:\/\/www.sonoraenequipo.com.mx\/capacita-ayuntamiento-de-hermosillo-a-finalistas-de-hermosillo-47-desafio-empresarial\/#primaryimage"},"thumbnailUrl":"https:\/\/www.sonoraenequipo.com.mx\/storage\/2023\/09\/Desafio-Empresarial-min.jpeg","articleSection":["Sonora"],"inLanguage":"es","potentialAction":[{"@type":"CommentAction","name":"Comment","target":["https:\/\/www.sonoraenequipo.com.mx\/capacita-ayuntamiento-de-hermosillo-a-finalistas-de-hermosillo-47-desafio-empresarial\/#respond"]}]},{"@type":"WebPage","@id":"https:\/\/www.sonoraenequipo.com.mx\/capacita-ayuntamiento-de-hermosillo-a-finalistas-de-hermosillo-47-desafio-empresarial\/","url":"https:\/\/www.sonoraenequipo.com.mx\/capacita-ayuntamiento-de-hermosillo-a-finalistas-de-hermosillo-47-desafio-empresarial\/","name":"Sonora en Equipo. Capacita Ayuntamiento de Hermosillo a finalistas de Hermosillo 47, Desaf\u00edo Empresarial Sonora","isPartOf":{"@id":"https:\/\/www.sonoraenequipo.com.mx\/#website"},"primaryImageOfPage":{"@id":"https:\/\/www.sonoraenequipo.com.mx\/capacita-ayuntamiento-de-hermosillo-a-finalistas-de-hermosillo-47-desafio-empresarial\/#primaryimage"},"image":{"@id":"https:\/\/www.sonoraenequipo.com.mx\/capacita-ayuntamiento-de-hermosillo-a-finalistas-de-hermosillo-47-desafio-empresarial\/#primaryimage"},"thumbnailUrl":"https:\/\/www.sonoraenequipo.com.mx\/storage\/2023\/09\/Desafio-Empresarial-min.jpeg","datePublished":"2023-09-25T22:23:10+00:00","dateModified":"2023-09-26T03:08:58+00:00","description":"HERMOSILLO, SONORA.MX. \u2014El Ayuntamiento de Hermosillo a trav\u00e9s de la Agencia Municipal de Desarrollo Econ\u00f3mico (AMDE) organiz\u00f3 una capacitaci\u00f3n de pitch En Sonora en Equipo publicamos toda la informaci\u00f3n de Sonora, M\u00e9xico y el Mundo de manera oportuna y busca que la libertad de expresi\u00f3n sea real. Visita nuestro medio informativo publicado desde Hermosillo, Sonora. %","breadcrumb":{"@id":"https:\/\/www.sonoraenequipo.com.mx\/capacita-ayuntamiento-de-hermosillo-a-finalistas-de-hermosillo-47-desafio-empresarial\/#breadcrumb"},"inLanguage":"es","potentialAction":[{"@type":"ReadAction","target":["https:\/\/www.sonoraenequipo.com.mx\/capacita-ayuntamiento-de-hermosillo-a-finalistas-de-hermosillo-47-desafio-empresarial\/"]}]},{"@type":"ImageObject","inLanguage":"es","@id":"https:\/\/www.sonoraenequipo.com.mx\/capacita-ayuntamiento-de-hermosillo-a-finalistas-de-hermosillo-47-desafio-empresarial\/#primaryimage","url":"https:\/\/www.sonoraenequipo.com.mx\/storage\/2023\/09\/Desafio-Empresarial-min.jpeg","contentUrl":"https:\/\/www.sonoraenequipo.com.mx\/storage\/2023\/09\/Desafio-Empresarial-min.jpeg","width":1448,"height":918},{"@type":"BreadcrumbList","@id":"https:\/\/www.sonoraenequipo.com.mx\/capacita-ayuntamiento-de-hermosillo-a-finalistas-de-hermosillo-47-desafio-empresarial\/#breadcrumb","itemListElement":[{"@type":"ListItem","position":1,"name":"Portada","item":"https:\/\/www.sonoraenequipo.com.mx\/"},{"@type":"ListItem","position":2,"name":"Capacita Ayuntamiento de Hermosillo a finalistas de Hermosillo 47, Desaf\u00edo Empresarial"}]},{"@type":"WebSite","@id":"https:\/\/www.sonoraenequipo.com.mx\/#website","url":"https:\/\/www.sonoraenequipo.com.mx\/","name":"Sonora en Equipo.","description":"Diario en l\u00ednea con Noticias desde Hermosillo, Sonora","publisher":{"@id":"https:\/\/www.sonoraenequipo.com.mx\/#organization"},"potentialAction":[{"@type":"SearchAction","target":{"@type":"EntryPoint","urlTemplate":"https:\/\/www.sonoraenequipo.com.mx\/?s={search_term_string}"},"query-input":{"@type":"PropertyValueSpecification","valueRequired":true,"valueName":"search_term_string"}}],"inLanguage":"es"},{"@type":"Organization","@id":"https:\/\/www.sonoraenequipo.com.mx\/#organization","name":"Sonoraenequipo.com.mx","url":"https:\/\/www.sonoraenequipo.com.mx\/","logo":{"@type":"ImageObject","inLanguage":"es","@id":"https:\/\/www.sonoraenequipo.com.mx\/#\/schema\/logo\/image\/","url":"https:\/\/www.sonoraenequipo.com.mx\/storage\/2019\/01\/sonoraenequipo_opt.png","contentUrl":"https:\/\/www.sonoraenequipo.com.mx\/storage\/2019\/01\/sonoraenequipo_opt.png","width":375,"height":125,"caption":"Sonoraenequipo.com.mx"},"image":{"@id":"https:\/\/www.sonoraenequipo.com.mx\/#\/schema\/logo\/image\/"},"sameAs":["https:\/\/www.facebook.com\/SonoraEE\/","https:\/\/x.com\/sonoraenequipo","https:\/\/www.youtube.com\/channel\/UC338nW-lPEYmJQs4ZABQ1SQ"]},{"@type":"Person","@id":"https:\/\/www.sonoraenequipo.com.mx\/#\/schema\/person\/50102df0fb23a8fa9e8effad8fa81386","name":"enequipo","image":{"@type":"ImageObject","inLanguage":"es","@id":"https:\/\/www.sonoraenequipo.com.mx\/#\/schema\/person\/image\/","url":"https:\/\/secure.gravatar.com\/avatar\/049821681b589dabc0bc20695993ccebb09f5b5d4d790cd9251b97faac7c652b?s=96&d=blank&r=g","contentUrl":"https:\/\/secure.gravatar.com\/avatar\/049821681b589dabc0bc20695993ccebb09f5b5d4d790cd9251b97faac7c652b?s=96&d=blank&r=g","caption":"enequipo"},"sameAs":["https:\/\/www.facebook.com\/SonoraEE"]}]}},"jetpack_featured_media_url":"https:\/\/www.sonoraenequipo.com.mx\/storage\/2023\/09\/Desafio-Empresarial-min.jpeg","_links":{"self":[{"href":"https:\/\/www.sonoraenequipo.com.mx\/api\/wp\/v2\/posts\/175578","targetHints":{"allow":["GET"]}}],"collection":[{"href":"https:\/\/www.sonoraenequipo.com.mx\/api\/wp\/v2\/posts"}],"about":[{"href":"https:\/\/www.sonoraenequipo.com.mx\/api\/wp\/v2\/types\/post"}],"author":[{"embeddable":true,"href":"https:\/\/www.sonoraenequipo.com.mx\/api\/wp\/v2\/users\/1"}],"replies":[{"embeddable":true,"href":"https:\/\/www.sonoraenequipo.com.mx\/api\/wp\/v2\/comments?post=175578"}],"version-history":[{"count":1,"href":"https:\/\/www.sonoraenequipo.com.mx\/api\/wp\/v2\/posts\/175578\/revisions"}],"predecessor-version":[{"id":175582,"href":"https:\/\/www.sonoraenequipo.com.mx\/api\/wp\/v2\/posts\/175578\/revisions\/175582"}],"wp:featuredmedia":[{"embeddable":true,"href":"https:\/\/www.sonoraenequipo.com.mx\/api\/wp\/v2\/media\/175581"}],"wp:attachment":[{"href":"https:\/\/www.sonoraenequipo.com.mx\/api\/wp\/v2\/media?parent=175578"}],"wp:term":[{"taxonomy":"category","embeddable":true,"href":"https:\/\/www.sonoraenequipo.com.mx\/api\/wp\/v2\/categories?post=175578"},{"taxonomy":"post_tag","embeddable":true,"href":"https:\/\/www.sonoraenequipo.com.mx\/api\/wp\/v2\/tags?post=175578"}],"curies":[{"name":"wp","href":"https:\/\/api.w.org\/{rel}","templated":true}]}}