{"id":175603,"date":"2023-09-25T13:15:32","date_gmt":"2023-09-25T20:15:32","guid":{"rendered":"https:\/\/www.sonoraenequipo.com.mx\/?p=175603"},"modified":"2023-09-26T15:24:13","modified_gmt":"2023-09-26T22:24:13","slug":"detencion-de-florentino-n-esta-debidamente-acreditada-fgje","status":"publish","type":"post","link":"https:\/\/www.sonoraenequipo.com.mx\/detencion-de-florentino-n-esta-debidamente-acreditada-fgje\/","title":{"rendered":"Detenci\u00f3n de Florentino \u201cN\u201d est\u00e1 debidamente acreditada: FGJE"},"content":{"rendered":"<p><strong>HERMOSILLO,\u00a0<\/strong><b>SONORA.MX. \u2014<\/b>\u00a0La detenci\u00f3n de Florentino \u201cN\u201d se realiz\u00f3 con el procedimiento que establece la Ley y existen elementos para as\u00ed acreditarlo expres\u00f3 el titular de la FGJE, Gustavo R\u00f3mulo Salas Ch\u00e1vez.<\/p>\n<p>&nbsp;<\/p>\n<p> <\/p>\n<p>Tras la difusi\u00f3n de videos en los cuales se afirmaba que existieron irregularidades en la detenci\u00f3n ocurrida el pasado s\u00e1bado 23 de septiembre, la Fiscal\u00eda General de Justicia del Estado de Sonora aclar\u00f3 que la captura fue en cumplimiento de dos mandatos judiciales, por lo cual se ejecutaron sendas \u00f3rdenes de aprehensi\u00f3n en contra de Florentino \u201cN\u201d.<\/p>\n<p>&nbsp;<\/p>\n<p>&nbsp;<\/p>\n<p><em><strong>\u201cTenemos los elementos videogr\u00e1ficos que demuestran que no es as\u00ed (alguna irregularidad) y que en su momento ser\u00edan puestos a consideraci\u00f3n del Juez de la causa, en donde se establece claramente que no es as\u00ed y que fue consignado por delitos del fuero com\u00fan\u201d,<\/strong><\/em> indic\u00f3 Salas Ch\u00e1vez.<\/p>\n<p>&nbsp;<\/p>\n<p>&nbsp;<\/p>\n<p>Los delitos por los cuales est\u00e1 siendo procesado son despojo, amenazas y extorsi\u00f3n por los cuales un Juez de Control resolvi\u00f3 que el imputado quedar\u00e1 en el Centro de Readaptaci\u00f3n Social (CERESO).<\/p>\n<p>&nbsp;<\/p>\n<p>&nbsp;<\/p>\n<p>PUBLICADO EL 25 SEPTIEMBRE DE 2023\/ Con informaci\u00f3n de AMIC )<\/p>\n","protected":false},"excerpt":{"rendered":"<p>HERMOSILLO,\u00a0SONORA.MX. \u2014\u00a0La detenci\u00f3n de Florentino \u201cN\u201d se realiz\u00f3 con el procedimiento que establece la Ley&#8230;<\/p>\n","protected":false},"author":1,"featured_media":175604,"comment_status":"open","ping_status":"open","sticky":false,"template":"","format":"standard","meta":{"_monsterinsights_skip_tracking":false,"_monsterinsights_sitenote_active":false,"_monsterinsights_sitenote_note":"","_monsterinsights_sitenote_category":0,"footnotes":""},"categories":[3144],"tags":[],"class_list":["post"],"yoast_head":" \n<title>Sonora en Equipo. Detenci\u00f3n de Florentino \u201cN\u201d est\u00e1 debidamente acreditada: FGJE Polic\u00edaca<\/title>\n<meta name=\"description\" content=\"HERMOSILLO,\u00a0SONORA.MX. \u2014\u00a0La detenci\u00f3n de Florentino \u201cN\u201d se realiz\u00f3 con el procedimiento que establece la Ley y existen elementos para as\u00ed acreditarlo En Sonora en Equipo publicamos toda la informaci\u00f3n de Sonora, M\u00e9xico y el Mundo de manera oportuna y busca que la libertad de expresi\u00f3n sea real. Visita nuestro medio informativo publicado desde Hermosillo, Sonora. %\" \/>\n<meta name=\"robots\" content=\"index, follow, max-snippet:-1, max-image-preview:large, max-video-preview:-1\" \/>\n<link rel=\"canonical\" href=\"https:\/\/www.sonoraenequipo.com.mx\/detencion-de-florentino-n-esta-debidamente-acreditada-fgje\/\" \/>\n<meta property=\"og:locale\" content=\"es_ES\" \/>\n<meta property=\"og:type\" content=\"article\" \/>\n<meta property=\"og:title\" content=\"Sonora en Equipo. Detenci\u00f3n de Florentino \u201cN\u201d est\u00e1 debidamente acreditada: FGJE Polic\u00edaca\" \/>\n<meta property=\"og:description\" content=\"HERMOSILLO,\u00a0SONORA.MX. \u2014\u00a0La detenci\u00f3n de Florentino \u201cN\u201d se realiz\u00f3 con el procedimiento que establece la Ley y existen elementos para as\u00ed acreditarlo En Sonora en Equipo publicamos toda la informaci\u00f3n de Sonora, M\u00e9xico y el Mundo de manera oportuna y busca que la libertad de expresi\u00f3n sea real. Visita nuestro medio informativo publicado desde Hermosillo, Sonora. %\" \/>\n<meta property=\"og:url\" content=\"https:\/\/www.sonoraenequipo.com.mx\/detencion-de-florentino-n-esta-debidamente-acreditada-fgje\/\" \/>\n<meta property=\"og:site_name\" content=\"Sonora en Equipo.\" \/>\n<meta property=\"article:publisher\" content=\"https:\/\/www.facebook.com\/SonoraEE\/\" \/>\n<meta property=\"article:author\" content=\"https:\/\/www.facebook.com\/SonoraEE\" \/>\n<meta property=\"article:published_time\" content=\"2023-09-25T20:15:32+00:00\" \/>\n<meta property=\"article:modified_time\" content=\"2023-09-26T22:24:13+00:00\" \/>\n<meta property=\"og:image\" content=\"https:\/\/www.sonoraenequipo.com.mx\/storage\/2023\/09\/detenido-..-min.jpg\" \/>\n\t<meta property=\"og:image:width\" content=\"900\" \/>\n\t<meta property=\"og:image:height\" content=\"450\" \/>\n\t<meta property=\"og:image:type\" content=\"image\/jpeg\" \/>\n<meta name=\"author\" content=\"enequipo\" \/>\n<meta name=\"twitter:card\" content=\"summary_large_image\" \/>\n<meta name=\"twitter:creator\" content=\"@sonoraenequipo\" \/>\n<meta name=\"twitter:site\" content=\"@sonoraenequipo\" \/>\n<meta name=\"twitter:label1\" content=\"Escrito por\" \/>\n\t<meta name=\"twitter:data1\" content=\"enequipo\" \/>\n\t<meta name=\"twitter:label2\" content=\"Tiempo de lectura\" \/>\n\t<meta name=\"twitter:data2\" content=\"1 minuto\" \/>\n<script type=\"application\/ld+json\" class=\"yoast-schema-graph\">{\"@context\":\"https:\/\/schema.org\",\"@graph\":[{\"@type\":\"Article\",\"@id\":\"https:\/\/www.sonoraenequipo.com.mx\/detencion-de-florentino-n-esta-debidamente-acreditada-fgje\/#article\",\"isPartOf\":{\"@id\":\"https:\/\/www.sonoraenequipo.com.mx\/detencion-de-florentino-n-esta-debidamente-acreditada-fgje\/\"},\"author\":{\"name\":\"enequipo\",\"@id\":\"https:\/\/www.sonoraenequipo.com.mx\/#\/schema\/person\/50102df0fb23a8fa9e8effad8fa81386\"},\"headline\":\"Detenci\u00f3n de Florentino \u201cN\u201d est\u00e1 debidamente acreditada: FGJE\",\"datePublished\":\"2023-09-25T20:15:32+00:00\",\"dateModified\":\"2023-09-26T22:24:13+00:00\",\"mainEntityOfPage\":{\"@id\":\"https:\/\/www.sonoraenequipo.com.mx\/detencion-de-florentino-n-esta-debidamente-acreditada-fgje\/\"},\"wordCount\":208,\"commentCount\":0,\"publisher\":{\"@id\":\"https:\/\/www.sonoraenequipo.com.mx\/#organization\"},\"image\":{\"@id\":\"https:\/\/www.sonoraenequipo.com.mx\/detencion-de-florentino-n-esta-debidamente-acreditada-fgje\/#primaryimage\"},\"thumbnailUrl\":\"https:\/\/www.sonoraenequipo.com.mx\/storage\/2023\/09\/detenido-..-min.jpg\",\"articleSection\":[\"Polic\u00edaca\"],\"inLanguage\":\"es\",\"potentialAction\":[{\"@type\":\"CommentAction\",\"name\":\"Comment\",\"target\":[\"https:\/\/www.sonoraenequipo.com.mx\/detencion-de-florentino-n-esta-debidamente-acreditada-fgje\/#respond\"]}]},{\"@type\":\"WebPage\",\"@id\":\"https:\/\/www.sonoraenequipo.com.mx\/detencion-de-florentino-n-esta-debidamente-acreditada-fgje\/\",\"url\":\"https:\/\/www.sonoraenequipo.com.mx\/detencion-de-florentino-n-esta-debidamente-acreditada-fgje\/\",\"name\":\"Sonora en Equipo. Detenci\u00f3n de Florentino \u201cN\u201d est\u00e1 debidamente acreditada: FGJE Polic\u00edaca\",\"isPartOf\":{\"@id\":\"https:\/\/www.sonoraenequipo.com.mx\/#website\"},\"primaryImageOfPage\":{\"@id\":\"https:\/\/www.sonoraenequipo.com.mx\/detencion-de-florentino-n-esta-debidamente-acreditada-fgje\/#primaryimage\"},\"image\":{\"@id\":\"https:\/\/www.sonoraenequipo.com.mx\/detencion-de-florentino-n-esta-debidamente-acreditada-fgje\/#primaryimage\"},\"thumbnailUrl\":\"https:\/\/www.sonoraenequipo.com.mx\/storage\/2023\/09\/detenido-..-min.jpg\",\"datePublished\":\"2023-09-25T20:15:32+00:00\",\"dateModified\":\"2023-09-26T22:24:13+00:00\",\"description\":\"HERMOSILLO,\u00a0SONORA.MX. \u2014\u00a0La detenci\u00f3n de Florentino \u201cN\u201d se realiz\u00f3 con el procedimiento que establece la Ley y existen elementos para as\u00ed acreditarlo En Sonora en Equipo publicamos toda la informaci\u00f3n de Sonora, M\u00e9xico y el Mundo de manera oportuna y busca que la libertad de expresi\u00f3n sea real. Visita nuestro medio informativo publicado desde Hermosillo, Sonora. %\",\"breadcrumb\":{\"@id\":\"https:\/\/www.sonoraenequipo.com.mx\/detencion-de-florentino-n-esta-debidamente-acreditada-fgje\/#breadcrumb\"},\"inLanguage\":\"es\",\"potentialAction\":[{\"@type\":\"ReadAction\",\"target\":[\"https:\/\/www.sonoraenequipo.com.mx\/detencion-de-florentino-n-esta-debidamente-acreditada-fgje\/\"]}]},{\"@type\":\"ImageObject\",\"inLanguage\":\"es\",\"@id\":\"https:\/\/www.sonoraenequipo.com.mx\/detencion-de-florentino-n-esta-debidamente-acreditada-fgje\/#primaryimage\",\"url\":\"https:\/\/www.sonoraenequipo.com.mx\/storage\/2023\/09\/detenido-..-min.jpg\",\"contentUrl\":\"https:\/\/www.sonoraenequipo.com.mx\/storage\/2023\/09\/detenido-..-min.jpg\",\"width\":900,\"height\":450},{\"@type\":\"BreadcrumbList\",\"@id\":\"https:\/\/www.sonoraenequipo.com.mx\/detencion-de-florentino-n-esta-debidamente-acreditada-fgje\/#breadcrumb\",\"itemListElement\":[{\"@type\":\"ListItem\",\"position\":1,\"name\":\"Portada\",\"item\":\"https:\/\/www.sonoraenequipo.com.mx\/\"},{\"@type\":\"ListItem\",\"position\":2,\"name\":\"Detenci\u00f3n de Florentino \u201cN\u201d est\u00e1 debidamente acreditada: FGJE\"}]},{\"@type\":\"WebSite\",\"@id\":\"https:\/\/www.sonoraenequipo.com.mx\/#website\",\"url\":\"https:\/\/www.sonoraenequipo.com.mx\/\",\"name\":\"Sonora en Equipo.\",\"description\":\"Diario en l\u00ednea con Noticias desde Hermosillo, Sonora\",\"publisher\":{\"@id\":\"https:\/\/www.sonoraenequipo.com.mx\/#organization\"},\"potentialAction\":[{\"@type\":\"SearchAction\",\"target\":{\"@type\":\"EntryPoint\",\"urlTemplate\":\"https:\/\/www.sonoraenequipo.com.mx\/?s={search_term_string}\"},\"query-input\":{\"@type\":\"PropertyValueSpecification\",\"valueRequired\":true,\"valueName\":\"search_term_string\"}}],\"inLanguage\":\"es\"},{\"@type\":\"Organization\",\"@id\":\"https:\/\/www.sonoraenequipo.com.mx\/#organization\",\"name\":\"Sonoraenequipo.com.mx\",\"url\":\"https:\/\/www.sonoraenequipo.com.mx\/\",\"logo\":{\"@type\":\"ImageObject\",\"inLanguage\":\"es\",\"@id\":\"https:\/\/www.sonoraenequipo.com.mx\/#\/schema\/logo\/image\/\",\"url\":\"https:\/\/www.sonoraenequipo.com.mx\/storage\/2019\/01\/sonoraenequipo_opt.png\",\"contentUrl\":\"https:\/\/www.sonoraenequipo.com.mx\/storage\/2019\/01\/sonoraenequipo_opt.png\",\"width\":375,\"height\":125,\"caption\":\"Sonoraenequipo.com.mx\"},\"image\":{\"@id\":\"https:\/\/www.sonoraenequipo.com.mx\/#\/schema\/logo\/image\/\"},\"sameAs\":[\"https:\/\/www.facebook.com\/SonoraEE\/\",\"https:\/\/x.com\/sonoraenequipo\",\"https:\/\/www.youtube.com\/channel\/UC338nW-lPEYmJQs4ZABQ1SQ\"]},{\"@type\":\"Person\",\"@id\":\"https:\/\/www.sonoraenequipo.com.mx\/#\/schema\/person\/50102df0fb23a8fa9e8effad8fa81386\",\"name\":\"enequipo\",\"image\":{\"@type\":\"ImageObject\",\"inLanguage\":\"es\",\"@id\":\"https:\/\/www.sonoraenequipo.com.mx\/#\/schema\/person\/image\/\",\"url\":\"https:\/\/secure.gravatar.com\/avatar\/049821681b589dabc0bc20695993ccebb09f5b5d4d790cd9251b97faac7c652b?s=96&d=blank&r=g\",\"contentUrl\":\"https:\/\/secure.gravatar.com\/avatar\/049821681b589dabc0bc20695993ccebb09f5b5d4d790cd9251b97faac7c652b?s=96&d=blank&r=g\",\"caption\":\"enequipo\"},\"sameAs\":[\"https:\/\/www.facebook.com\/SonoraEE\"]}]}<\/script>\n ","yoast_head_json":{"title":"Sonora en Equipo. Detenci\u00f3n de Florentino \u201cN\u201d est\u00e1 debidamente acreditada: FGJE Polic\u00edaca","description":"HERMOSILLO,\u00a0SONORA.MX. \u2014\u00a0La detenci\u00f3n de Florentino \u201cN\u201d se realiz\u00f3 con el procedimiento que establece la Ley y existen elementos para as\u00ed acreditarlo En Sonora en Equipo publicamos toda la informaci\u00f3n de Sonora, M\u00e9xico y el Mundo de manera oportuna y busca que la libertad de expresi\u00f3n sea real. Visita nuestro medio informativo publicado desde Hermosillo, Sonora. %","robots":{"index":"index","follow":"follow","max-snippet":"max-snippet:-1","max-image-preview":"max-image-preview:large","max-video-preview":"max-video-preview:-1"},"canonical":"https:\/\/www.sonoraenequipo.com.mx\/detencion-de-florentino-n-esta-debidamente-acreditada-fgje\/","og_locale":"es_ES","og_type":"article","og_title":"Sonora en Equipo. Detenci\u00f3n de Florentino \u201cN\u201d est\u00e1 debidamente acreditada: FGJE Polic\u00edaca","og_description":"HERMOSILLO,\u00a0SONORA.MX. \u2014\u00a0La detenci\u00f3n de Florentino \u201cN\u201d se realiz\u00f3 con el procedimiento que establece la Ley y existen elementos para as\u00ed acreditarlo En Sonora en Equipo publicamos toda la informaci\u00f3n de Sonora, M\u00e9xico y el Mundo de manera oportuna y busca que la libertad de expresi\u00f3n sea real. Visita nuestro medio informativo publicado desde Hermosillo, Sonora. %","og_url":"https:\/\/www.sonoraenequipo.com.mx\/detencion-de-florentino-n-esta-debidamente-acreditada-fgje\/","og_site_name":"Sonora en Equipo.","article_publisher":"https:\/\/www.facebook.com\/SonoraEE\/","article_author":"https:\/\/www.facebook.com\/SonoraEE","article_published_time":"2023-09-25T20:15:32+00:00","article_modified_time":"2023-09-26T22:24:13+00:00","og_image":[{"width":900,"height":450,"url":"https:\/\/www.sonoraenequipo.com.mx\/storage\/2023\/09\/detenido-..-min.jpg","type":"image\/jpeg"}],"author":"enequipo","twitter_card":"summary_large_image","twitter_creator":"@sonoraenequipo","twitter_site":"@sonoraenequipo","twitter_misc":{"Escrito por":"enequipo","Tiempo de lectura":"1 minuto"},"schema":{"@context":"https:\/\/schema.org","@graph":[{"@type":"Article","@id":"https:\/\/www.sonoraenequipo.com.mx\/detencion-de-florentino-n-esta-debidamente-acreditada-fgje\/#article","isPartOf":{"@id":"https:\/\/www.sonoraenequipo.com.mx\/detencion-de-florentino-n-esta-debidamente-acreditada-fgje\/"},"author":{"name":"enequipo","@id":"https:\/\/www.sonoraenequipo.com.mx\/#\/schema\/person\/50102df0fb23a8fa9e8effad8fa81386"},"headline":"Detenci\u00f3n de Florentino \u201cN\u201d est\u00e1 debidamente acreditada: FGJE","datePublished":"2023-09-25T20:15:32+00:00","dateModified":"2023-09-26T22:24:13+00:00","mainEntityOfPage":{"@id":"https:\/\/www.sonoraenequipo.com.mx\/detencion-de-florentino-n-esta-debidamente-acreditada-fgje\/"},"wordCount":208,"commentCount":0,"publisher":{"@id":"https:\/\/www.sonoraenequipo.com.mx\/#organization"},"image":{"@id":"https:\/\/www.sonoraenequipo.com.mx\/detencion-de-florentino-n-esta-debidamente-acreditada-fgje\/#primaryimage"},"thumbnailUrl":"https:\/\/www.sonoraenequipo.com.mx\/storage\/2023\/09\/detenido-..-min.jpg","articleSection":["Polic\u00edaca"],"inLanguage":"es","potentialAction":[{"@type":"CommentAction","name":"Comment","target":["https:\/\/www.sonoraenequipo.com.mx\/detencion-de-florentino-n-esta-debidamente-acreditada-fgje\/#respond"]}]},{"@type":"WebPage","@id":"https:\/\/www.sonoraenequipo.com.mx\/detencion-de-florentino-n-esta-debidamente-acreditada-fgje\/","url":"https:\/\/www.sonoraenequipo.com.mx\/detencion-de-florentino-n-esta-debidamente-acreditada-fgje\/","name":"Sonora en Equipo. Detenci\u00f3n de Florentino \u201cN\u201d est\u00e1 debidamente acreditada: FGJE Polic\u00edaca","isPartOf":{"@id":"https:\/\/www.sonoraenequipo.com.mx\/#website"},"primaryImageOfPage":{"@id":"https:\/\/www.sonoraenequipo.com.mx\/detencion-de-florentino-n-esta-debidamente-acreditada-fgje\/#primaryimage"},"image":{"@id":"https:\/\/www.sonoraenequipo.com.mx\/detencion-de-florentino-n-esta-debidamente-acreditada-fgje\/#primaryimage"},"thumbnailUrl":"https:\/\/www.sonoraenequipo.com.mx\/storage\/2023\/09\/detenido-..-min.jpg","datePublished":"2023-09-25T20:15:32+00:00","dateModified":"2023-09-26T22:24:13+00:00","description":"HERMOSILLO,\u00a0SONORA.MX. \u2014\u00a0La detenci\u00f3n de Florentino \u201cN\u201d se realiz\u00f3 con el procedimiento que establece la Ley y existen elementos para as\u00ed acreditarlo En Sonora en Equipo publicamos toda la informaci\u00f3n de Sonora, M\u00e9xico y el Mundo de manera oportuna y busca que la libertad de expresi\u00f3n sea real. Visita nuestro medio informativo publicado desde Hermosillo, Sonora. %","breadcrumb":{"@id":"https:\/\/www.sonoraenequipo.com.mx\/detencion-de-florentino-n-esta-debidamente-acreditada-fgje\/#breadcrumb"},"inLanguage":"es","potentialAction":[{"@type":"ReadAction","target":["https:\/\/www.sonoraenequipo.com.mx\/detencion-de-florentino-n-esta-debidamente-acreditada-fgje\/"]}]},{"@type":"ImageObject","inLanguage":"es","@id":"https:\/\/www.sonoraenequipo.com.mx\/detencion-de-florentino-n-esta-debidamente-acreditada-fgje\/#primaryimage","url":"https:\/\/www.sonoraenequipo.com.mx\/storage\/2023\/09\/detenido-..-min.jpg","contentUrl":"https:\/\/www.sonoraenequipo.com.mx\/storage\/2023\/09\/detenido-..-min.jpg","width":900,"height":450},{"@type":"BreadcrumbList","@id":"https:\/\/www.sonoraenequipo.com.mx\/detencion-de-florentino-n-esta-debidamente-acreditada-fgje\/#breadcrumb","itemListElement":[{"@type":"ListItem","position":1,"name":"Portada","item":"https:\/\/www.sonoraenequipo.com.mx\/"},{"@type":"ListItem","position":2,"name":"Detenci\u00f3n de Florentino \u201cN\u201d est\u00e1 debidamente acreditada: FGJE"}]},{"@type":"WebSite","@id":"https:\/\/www.sonoraenequipo.com.mx\/#website","url":"https:\/\/www.sonoraenequipo.com.mx\/","name":"Sonora en Equipo.","description":"Diario en l\u00ednea con Noticias desde Hermosillo, Sonora","publisher":{"@id":"https:\/\/www.sonoraenequipo.com.mx\/#organization"},"potentialAction":[{"@type":"SearchAction","target":{"@type":"EntryPoint","urlTemplate":"https:\/\/www.sonoraenequipo.com.mx\/?s={search_term_string}"},"query-input":{"@type":"PropertyValueSpecification","valueRequired":true,"valueName":"search_term_string"}}],"inLanguage":"es"},{"@type":"Organization","@id":"https:\/\/www.sonoraenequipo.com.mx\/#organization","name":"Sonoraenequipo.com.mx","url":"https:\/\/www.sonoraenequipo.com.mx\/","logo":{"@type":"ImageObject","inLanguage":"es","@id":"https:\/\/www.sonoraenequipo.com.mx\/#\/schema\/logo\/image\/","url":"https:\/\/www.sonoraenequipo.com.mx\/storage\/2019\/01\/sonoraenequipo_opt.png","contentUrl":"https:\/\/www.sonoraenequipo.com.mx\/storage\/2019\/01\/sonoraenequipo_opt.png","width":375,"height":125,"caption":"Sonoraenequipo.com.mx"},"image":{"@id":"https:\/\/www.sonoraenequipo.com.mx\/#\/schema\/logo\/image\/"},"sameAs":["https:\/\/www.facebook.com\/SonoraEE\/","https:\/\/x.com\/sonoraenequipo","https:\/\/www.youtube.com\/channel\/UC338nW-lPEYmJQs4ZABQ1SQ"]},{"@type":"Person","@id":"https:\/\/www.sonoraenequipo.com.mx\/#\/schema\/person\/50102df0fb23a8fa9e8effad8fa81386","name":"enequipo","image":{"@type":"ImageObject","inLanguage":"es","@id":"https:\/\/www.sonoraenequipo.com.mx\/#\/schema\/person\/image\/","url":"https:\/\/secure.gravatar.com\/avatar\/049821681b589dabc0bc20695993ccebb09f5b5d4d790cd9251b97faac7c652b?s=96&d=blank&r=g","contentUrl":"https:\/\/secure.gravatar.com\/avatar\/049821681b589dabc0bc20695993ccebb09f5b5d4d790cd9251b97faac7c652b?s=96&d=blank&r=g","caption":"enequipo"},"sameAs":["https:\/\/www.facebook.com\/SonoraEE"]}]}},"jetpack_featured_media_url":"https:\/\/www.sonoraenequipo.com.mx\/storage\/2023\/09\/detenido-..-min.jpg","_links":{"self":[{"href":"https:\/\/www.sonoraenequipo.com.mx\/api\/wp\/v2\/posts\/175603","targetHints":{"allow":["GET"]}}],"collection":[{"href":"https:\/\/www.sonoraenequipo.com.mx\/api\/wp\/v2\/posts"}],"about":[{"href":"https:\/\/www.sonoraenequipo.com.mx\/api\/wp\/v2\/types\/post"}],"author":[{"embeddable":true,"href":"https:\/\/www.sonoraenequipo.com.mx\/api\/wp\/v2\/users\/1"}],"replies":[{"embeddable":true,"href":"https:\/\/www.sonoraenequipo.com.mx\/api\/wp\/v2\/comments?post=175603"}],"version-history":[{"count":2,"href":"https:\/\/www.sonoraenequipo.com.mx\/api\/wp\/v2\/posts\/175603\/revisions"}],"predecessor-version":[{"id":175606,"href":"https:\/\/www.sonoraenequipo.com.mx\/api\/wp\/v2\/posts\/175603\/revisions\/175606"}],"wp:featuredmedia":[{"embeddable":true,"href":"https:\/\/www.sonoraenequipo.com.mx\/api\/wp\/v2\/media\/175604"}],"wp:attachment":[{"href":"https:\/\/www.sonoraenequipo.com.mx\/api\/wp\/v2\/media?parent=175603"}],"wp:term":[{"taxonomy":"category","embeddable":true,"href":"https:\/\/www.sonoraenequipo.com.mx\/api\/wp\/v2\/categories?post=175603"},{"taxonomy":"post_tag","embeddable":true,"href":"https:\/\/www.sonoraenequipo.com.mx\/api\/wp\/v2\/tags?post=175603"}],"curies":[{"name":"wp","href":"https:\/\/api.w.org\/{rel}","templated":true}]}}