{"id":175680,"date":"2023-09-25T17:33:51","date_gmt":"2023-09-26T00:33:51","guid":{"rendered":"https:\/\/www.sonoraenequipo.com.mx\/?p=175680"},"modified":"2023-09-27T09:46:54","modified_gmt":"2023-09-27T16:46:54","slug":"muere-el-actor-david-mccallum-de-el-agente-de-cipol-y-ncis","status":"publish","type":"post","link":"https:\/\/www.sonoraenequipo.com.mx\/muere-el-actor-david-mccallum-de-el-agente-de-cipol-y-ncis\/","title":{"rendered":"Muere el actor David McCallum de \u2018El agente de CIPOL\u00bb y \u2018NCIS\u2019"},"content":{"rendered":"<p><strong>LOS ANGELES CALIFORNIA. ESTADOS UNIDOS. \u2014<\/strong> El actor David McCallum, que se convirti\u00f3 en un rompecorazones adolescente en la exitosa serie \u201cThe Man From U.N.C.L.E.\u201d (\u201cEl agente de C.I.P.O.L.\u201d) en la d\u00e9cada de 1960 y 40 a\u00f1os despu\u00e9s fue el exc\u00e9ntrico m\u00e9dico forense de la popular \u201cNCIS\u201d ha muerto. Ten\u00eda 90 a\u00f1os.<\/p>\n<p>&nbsp;<\/p>\n<p> <br \/>\nMcCallum falleci\u00f3 el lunes por causas naturales rodeado de su familia en el Hospital Presbiteriano de Nueva York, dijo CBS en un comunicado.<\/p>\n<p><strong><em>\u201cDavid era un actor y autor talentoso, muy querido por muchas personas en todo el mundo.<\/em> <em>\u201cLlev\u00f3 una vida incre\u00edble y su legado vivir\u00e1 para siempre a trav\u00e9s de su familia y de innumerables horas en cine y televisi\u00f3n que nunca desaparecer\u00e1n\u201d,<\/em><\/strong> dijo CBS.<\/p>\n<p>&nbsp;<\/p>\n<p><img loading=\"lazy\" decoding=\"async\" class=\"size-medium  x-left\" src=\"https:\/\/www.sonoraenequipo.com.mx\/storage\/2023\/09\/David-McCallum..-min-626x365.jpg\" alt=\"\" width=\"626\" height=\"365\" \/>McCallum, naci\u00f3 en Escocia y tuvo papeles destacados en pel\u00edculas como \u201cA Night to Remember\u201d (\u201cLa \u00faltima noche del Titanic\u201d), \u201cThe Great Escape\u201d (\u201cLa gran evasi\u00f3n\u201d) y \u201cThe Greatest Story Ever Told\u201d (\u201cLa historia m\u00e1s grande jam\u00e1s contada\u201d), esta \u00faltima en el papel de Judas. Pero fue la serie \u201cThe Man From U.N.C.L.E.\u201d que convirti\u00f3 al actor rubio con un corte similar al de los Beatles en un nombre conocido a mediados de la d\u00e9cada de los 60.<\/p>\n<p>&nbsp;<\/p>\n<p>El \u00e9xito de los libros y las pel\u00edculas de James Bond hab\u00eda llevado a una reacci\u00f3n en cadena, con agentes secretos proliferando tanto en la pantalla grande como en la peque\u00f1a. De hecho, el creador de Bond, Ian Fleming, aport\u00f3 algunas ideas cuando \u201cThe Man From U.N.C.L.E.\u201d estaba en desarrollo, seg\u00fan el libro \u201cThe Man From U.N.C.L.E. Book\u201d de Jon Heitland.<\/p>\n<p>&nbsp;<\/p>\n<p>&nbsp;<\/p>\n<p>PUBLICADO EL 27 SEPTIEMBRE DE 2023\/ Con informaci\u00f3n de LOS \u00c1NGELES TIMES )<\/p>\n","protected":false},"excerpt":{"rendered":"<p>LOS ANGELES CALIFORNIA. ESTADOS UNIDOS. \u2014 El actor David McCallum, que se convirti\u00f3 en un&#8230;<\/p>\n","protected":false},"author":1,"featured_media":175682,"comment_status":"open","ping_status":"open","sticky":false,"template":"","format":"standard","meta":{"_monsterinsights_skip_tracking":false,"_monsterinsights_sitenote_active":false,"_monsterinsights_sitenote_note":"","_monsterinsights_sitenote_category":0,"footnotes":""},"categories":[2987],"tags":[],"class_list":["post"],"yoast_head":" \n<title>Sonora en Equipo. Muere el actor David McCallum de \u2018El agente de CIPOL&quot; y \u2018NCIS\u2019 Showbiz<\/title>\n<meta name=\"description\" content=\"LOS ANGELES CALIFORNIA. ESTADOS UNIDOS. \u2014 El actor David McCallum, que se convirti\u00f3 en un rompecorazones adolescente en la exitosa serie \u201cThe Man From En Sonora en Equipo publicamos toda la informaci\u00f3n de Sonora, M\u00e9xico y el Mundo de manera oportuna y busca que la libertad de expresi\u00f3n sea real. Visita nuestro medio informativo publicado desde Hermosillo, Sonora. %\" \/>\n<meta name=\"robots\" content=\"index, follow, max-snippet:-1, max-image-preview:large, max-video-preview:-1\" \/>\n<link rel=\"canonical\" href=\"https:\/\/www.sonoraenequipo.com.mx\/muere-el-actor-david-mccallum-de-el-agente-de-cipol-y-ncis\/\" \/>\n<meta property=\"og:locale\" content=\"es_ES\" \/>\n<meta property=\"og:type\" content=\"article\" \/>\n<meta property=\"og:title\" content=\"Sonora en Equipo. Muere el actor David McCallum de \u2018El agente de CIPOL&quot; y \u2018NCIS\u2019 Showbiz\" \/>\n<meta property=\"og:description\" content=\"LOS ANGELES CALIFORNIA. ESTADOS UNIDOS. \u2014 El actor David McCallum, que se convirti\u00f3 en un rompecorazones adolescente en la exitosa serie \u201cThe Man From En Sonora en Equipo publicamos toda la informaci\u00f3n de Sonora, M\u00e9xico y el Mundo de manera oportuna y busca que la libertad de expresi\u00f3n sea real. Visita nuestro medio informativo publicado desde Hermosillo, Sonora. %\" \/>\n<meta property=\"og:url\" content=\"https:\/\/www.sonoraenequipo.com.mx\/muere-el-actor-david-mccallum-de-el-agente-de-cipol-y-ncis\/\" \/>\n<meta property=\"og:site_name\" content=\"Sonora en Equipo.\" \/>\n<meta property=\"article:publisher\" content=\"https:\/\/www.facebook.com\/SonoraEE\/\" \/>\n<meta property=\"article:author\" content=\"https:\/\/www.facebook.com\/SonoraEE\" \/>\n<meta property=\"article:published_time\" content=\"2023-09-26T00:33:51+00:00\" \/>\n<meta property=\"article:modified_time\" content=\"2023-09-27T16:46:54+00:00\" \/>\n<meta property=\"og:image\" content=\"https:\/\/www.sonoraenequipo.com.mx\/storage\/2023\/09\/david-mccallum.....-min.jpg\" \/>\n\t<meta property=\"og:image:width\" content=\"900\" \/>\n\t<meta property=\"og:image:height\" content=\"506\" \/>\n\t<meta property=\"og:image:type\" content=\"image\/jpeg\" \/>\n<meta name=\"author\" content=\"enequipo\" \/>\n<meta name=\"twitter:card\" content=\"summary_large_image\" \/>\n<meta name=\"twitter:creator\" content=\"@sonoraenequipo\" \/>\n<meta name=\"twitter:site\" content=\"@sonoraenequipo\" \/>\n<meta name=\"twitter:label1\" content=\"Escrito por\" \/>\n\t<meta name=\"twitter:data1\" content=\"enequipo\" \/>\n\t<meta name=\"twitter:label2\" content=\"Tiempo de lectura\" \/>\n\t<meta name=\"twitter:data2\" content=\"2 minutos\" \/>\n<script type=\"application\/ld+json\" class=\"yoast-schema-graph\">{\"@context\":\"https:\/\/schema.org\",\"@graph\":[{\"@type\":\"Article\",\"@id\":\"https:\/\/www.sonoraenequipo.com.mx\/muere-el-actor-david-mccallum-de-el-agente-de-cipol-y-ncis\/#article\",\"isPartOf\":{\"@id\":\"https:\/\/www.sonoraenequipo.com.mx\/muere-el-actor-david-mccallum-de-el-agente-de-cipol-y-ncis\/\"},\"author\":{\"name\":\"enequipo\",\"@id\":\"https:\/\/www.sonoraenequipo.com.mx\/#\/schema\/person\/50102df0fb23a8fa9e8effad8fa81386\"},\"headline\":\"Muere el actor David McCallum de \u2018El agente de CIPOL\u00bb y \u2018NCIS\u2019\",\"datePublished\":\"2023-09-26T00:33:51+00:00\",\"dateModified\":\"2023-09-27T16:46:54+00:00\",\"mainEntityOfPage\":{\"@id\":\"https:\/\/www.sonoraenequipo.com.mx\/muere-el-actor-david-mccallum-de-el-agente-de-cipol-y-ncis\/\"},\"wordCount\":322,\"commentCount\":0,\"publisher\":{\"@id\":\"https:\/\/www.sonoraenequipo.com.mx\/#organization\"},\"image\":{\"@id\":\"https:\/\/www.sonoraenequipo.com.mx\/muere-el-actor-david-mccallum-de-el-agente-de-cipol-y-ncis\/#primaryimage\"},\"thumbnailUrl\":\"https:\/\/www.sonoraenequipo.com.mx\/storage\/2023\/09\/david-mccallum.....-min.jpg\",\"articleSection\":[\"Showbiz\"],\"inLanguage\":\"es\",\"potentialAction\":[{\"@type\":\"CommentAction\",\"name\":\"Comment\",\"target\":[\"https:\/\/www.sonoraenequipo.com.mx\/muere-el-actor-david-mccallum-de-el-agente-de-cipol-y-ncis\/#respond\"]}]},{\"@type\":\"WebPage\",\"@id\":\"https:\/\/www.sonoraenequipo.com.mx\/muere-el-actor-david-mccallum-de-el-agente-de-cipol-y-ncis\/\",\"url\":\"https:\/\/www.sonoraenequipo.com.mx\/muere-el-actor-david-mccallum-de-el-agente-de-cipol-y-ncis\/\",\"name\":\"Sonora en Equipo. Muere el actor David McCallum de \u2018El agente de CIPOL\\\" y \u2018NCIS\u2019 Showbiz\",\"isPartOf\":{\"@id\":\"https:\/\/www.sonoraenequipo.com.mx\/#website\"},\"primaryImageOfPage\":{\"@id\":\"https:\/\/www.sonoraenequipo.com.mx\/muere-el-actor-david-mccallum-de-el-agente-de-cipol-y-ncis\/#primaryimage\"},\"image\":{\"@id\":\"https:\/\/www.sonoraenequipo.com.mx\/muere-el-actor-david-mccallum-de-el-agente-de-cipol-y-ncis\/#primaryimage\"},\"thumbnailUrl\":\"https:\/\/www.sonoraenequipo.com.mx\/storage\/2023\/09\/david-mccallum.....-min.jpg\",\"datePublished\":\"2023-09-26T00:33:51+00:00\",\"dateModified\":\"2023-09-27T16:46:54+00:00\",\"description\":\"LOS ANGELES CALIFORNIA. ESTADOS UNIDOS. \u2014 El actor David McCallum, que se convirti\u00f3 en un rompecorazones adolescente en la exitosa serie \u201cThe Man From En Sonora en Equipo publicamos toda la informaci\u00f3n de Sonora, M\u00e9xico y el Mundo de manera oportuna y busca que la libertad de expresi\u00f3n sea real. Visita nuestro medio informativo publicado desde Hermosillo, Sonora. %\",\"breadcrumb\":{\"@id\":\"https:\/\/www.sonoraenequipo.com.mx\/muere-el-actor-david-mccallum-de-el-agente-de-cipol-y-ncis\/#breadcrumb\"},\"inLanguage\":\"es\",\"potentialAction\":[{\"@type\":\"ReadAction\",\"target\":[\"https:\/\/www.sonoraenequipo.com.mx\/muere-el-actor-david-mccallum-de-el-agente-de-cipol-y-ncis\/\"]}]},{\"@type\":\"ImageObject\",\"inLanguage\":\"es\",\"@id\":\"https:\/\/www.sonoraenequipo.com.mx\/muere-el-actor-david-mccallum-de-el-agente-de-cipol-y-ncis\/#primaryimage\",\"url\":\"https:\/\/www.sonoraenequipo.com.mx\/storage\/2023\/09\/david-mccallum.....-min.jpg\",\"contentUrl\":\"https:\/\/www.sonoraenequipo.com.mx\/storage\/2023\/09\/david-mccallum.....-min.jpg\",\"width\":900,\"height\":506},{\"@type\":\"BreadcrumbList\",\"@id\":\"https:\/\/www.sonoraenequipo.com.mx\/muere-el-actor-david-mccallum-de-el-agente-de-cipol-y-ncis\/#breadcrumb\",\"itemListElement\":[{\"@type\":\"ListItem\",\"position\":1,\"name\":\"Portada\",\"item\":\"https:\/\/www.sonoraenequipo.com.mx\/\"},{\"@type\":\"ListItem\",\"position\":2,\"name\":\"Muere el actor David McCallum de \u2018El agente de CIPOL\u00bb y \u2018NCIS\u2019\"}]},{\"@type\":\"WebSite\",\"@id\":\"https:\/\/www.sonoraenequipo.com.mx\/#website\",\"url\":\"https:\/\/www.sonoraenequipo.com.mx\/\",\"name\":\"Sonora en Equipo.\",\"description\":\"Diario en l\u00ednea con Noticias desde Hermosillo, Sonora\",\"publisher\":{\"@id\":\"https:\/\/www.sonoraenequipo.com.mx\/#organization\"},\"potentialAction\":[{\"@type\":\"SearchAction\",\"target\":{\"@type\":\"EntryPoint\",\"urlTemplate\":\"https:\/\/www.sonoraenequipo.com.mx\/?s={search_term_string}\"},\"query-input\":{\"@type\":\"PropertyValueSpecification\",\"valueRequired\":true,\"valueName\":\"search_term_string\"}}],\"inLanguage\":\"es\"},{\"@type\":\"Organization\",\"@id\":\"https:\/\/www.sonoraenequipo.com.mx\/#organization\",\"name\":\"Sonoraenequipo.com.mx\",\"url\":\"https:\/\/www.sonoraenequipo.com.mx\/\",\"logo\":{\"@type\":\"ImageObject\",\"inLanguage\":\"es\",\"@id\":\"https:\/\/www.sonoraenequipo.com.mx\/#\/schema\/logo\/image\/\",\"url\":\"https:\/\/www.sonoraenequipo.com.mx\/storage\/2019\/01\/sonoraenequipo_opt.png\",\"contentUrl\":\"https:\/\/www.sonoraenequipo.com.mx\/storage\/2019\/01\/sonoraenequipo_opt.png\",\"width\":375,\"height\":125,\"caption\":\"Sonoraenequipo.com.mx\"},\"image\":{\"@id\":\"https:\/\/www.sonoraenequipo.com.mx\/#\/schema\/logo\/image\/\"},\"sameAs\":[\"https:\/\/www.facebook.com\/SonoraEE\/\",\"https:\/\/x.com\/sonoraenequipo\",\"https:\/\/www.youtube.com\/channel\/UC338nW-lPEYmJQs4ZABQ1SQ\"]},{\"@type\":\"Person\",\"@id\":\"https:\/\/www.sonoraenequipo.com.mx\/#\/schema\/person\/50102df0fb23a8fa9e8effad8fa81386\",\"name\":\"enequipo\",\"image\":{\"@type\":\"ImageObject\",\"inLanguage\":\"es\",\"@id\":\"https:\/\/www.sonoraenequipo.com.mx\/#\/schema\/person\/image\/\",\"url\":\"https:\/\/secure.gravatar.com\/avatar\/049821681b589dabc0bc20695993ccebb09f5b5d4d790cd9251b97faac7c652b?s=96&d=blank&r=g\",\"contentUrl\":\"https:\/\/secure.gravatar.com\/avatar\/049821681b589dabc0bc20695993ccebb09f5b5d4d790cd9251b97faac7c652b?s=96&d=blank&r=g\",\"caption\":\"enequipo\"},\"sameAs\":[\"https:\/\/www.facebook.com\/SonoraEE\"]}]}<\/script>\n ","yoast_head_json":{"title":"Sonora en Equipo. Muere el actor David McCallum de \u2018El agente de CIPOL\" y \u2018NCIS\u2019 Showbiz","description":"LOS ANGELES CALIFORNIA. ESTADOS UNIDOS. \u2014 El actor David McCallum, que se convirti\u00f3 en un rompecorazones adolescente en la exitosa serie \u201cThe Man From En Sonora en Equipo publicamos toda la informaci\u00f3n de Sonora, M\u00e9xico y el Mundo de manera oportuna y busca que la libertad de expresi\u00f3n sea real. Visita nuestro medio informativo publicado desde Hermosillo, Sonora. %","robots":{"index":"index","follow":"follow","max-snippet":"max-snippet:-1","max-image-preview":"max-image-preview:large","max-video-preview":"max-video-preview:-1"},"canonical":"https:\/\/www.sonoraenequipo.com.mx\/muere-el-actor-david-mccallum-de-el-agente-de-cipol-y-ncis\/","og_locale":"es_ES","og_type":"article","og_title":"Sonora en Equipo. Muere el actor David McCallum de \u2018El agente de CIPOL\" y \u2018NCIS\u2019 Showbiz","og_description":"LOS ANGELES CALIFORNIA. ESTADOS UNIDOS. \u2014 El actor David McCallum, que se convirti\u00f3 en un rompecorazones adolescente en la exitosa serie \u201cThe Man From En Sonora en Equipo publicamos toda la informaci\u00f3n de Sonora, M\u00e9xico y el Mundo de manera oportuna y busca que la libertad de expresi\u00f3n sea real. Visita nuestro medio informativo publicado desde Hermosillo, Sonora. %","og_url":"https:\/\/www.sonoraenequipo.com.mx\/muere-el-actor-david-mccallum-de-el-agente-de-cipol-y-ncis\/","og_site_name":"Sonora en Equipo.","article_publisher":"https:\/\/www.facebook.com\/SonoraEE\/","article_author":"https:\/\/www.facebook.com\/SonoraEE","article_published_time":"2023-09-26T00:33:51+00:00","article_modified_time":"2023-09-27T16:46:54+00:00","og_image":[{"width":900,"height":506,"url":"https:\/\/www.sonoraenequipo.com.mx\/storage\/2023\/09\/david-mccallum.....-min.jpg","type":"image\/jpeg"}],"author":"enequipo","twitter_card":"summary_large_image","twitter_creator":"@sonoraenequipo","twitter_site":"@sonoraenequipo","twitter_misc":{"Escrito por":"enequipo","Tiempo de lectura":"2 minutos"},"schema":{"@context":"https:\/\/schema.org","@graph":[{"@type":"Article","@id":"https:\/\/www.sonoraenequipo.com.mx\/muere-el-actor-david-mccallum-de-el-agente-de-cipol-y-ncis\/#article","isPartOf":{"@id":"https:\/\/www.sonoraenequipo.com.mx\/muere-el-actor-david-mccallum-de-el-agente-de-cipol-y-ncis\/"},"author":{"name":"enequipo","@id":"https:\/\/www.sonoraenequipo.com.mx\/#\/schema\/person\/50102df0fb23a8fa9e8effad8fa81386"},"headline":"Muere el actor David McCallum de \u2018El agente de CIPOL\u00bb y \u2018NCIS\u2019","datePublished":"2023-09-26T00:33:51+00:00","dateModified":"2023-09-27T16:46:54+00:00","mainEntityOfPage":{"@id":"https:\/\/www.sonoraenequipo.com.mx\/muere-el-actor-david-mccallum-de-el-agente-de-cipol-y-ncis\/"},"wordCount":322,"commentCount":0,"publisher":{"@id":"https:\/\/www.sonoraenequipo.com.mx\/#organization"},"image":{"@id":"https:\/\/www.sonoraenequipo.com.mx\/muere-el-actor-david-mccallum-de-el-agente-de-cipol-y-ncis\/#primaryimage"},"thumbnailUrl":"https:\/\/www.sonoraenequipo.com.mx\/storage\/2023\/09\/david-mccallum.....-min.jpg","articleSection":["Showbiz"],"inLanguage":"es","potentialAction":[{"@type":"CommentAction","name":"Comment","target":["https:\/\/www.sonoraenequipo.com.mx\/muere-el-actor-david-mccallum-de-el-agente-de-cipol-y-ncis\/#respond"]}]},{"@type":"WebPage","@id":"https:\/\/www.sonoraenequipo.com.mx\/muere-el-actor-david-mccallum-de-el-agente-de-cipol-y-ncis\/","url":"https:\/\/www.sonoraenequipo.com.mx\/muere-el-actor-david-mccallum-de-el-agente-de-cipol-y-ncis\/","name":"Sonora en Equipo. Muere el actor David McCallum de \u2018El agente de CIPOL\" y \u2018NCIS\u2019 Showbiz","isPartOf":{"@id":"https:\/\/www.sonoraenequipo.com.mx\/#website"},"primaryImageOfPage":{"@id":"https:\/\/www.sonoraenequipo.com.mx\/muere-el-actor-david-mccallum-de-el-agente-de-cipol-y-ncis\/#primaryimage"},"image":{"@id":"https:\/\/www.sonoraenequipo.com.mx\/muere-el-actor-david-mccallum-de-el-agente-de-cipol-y-ncis\/#primaryimage"},"thumbnailUrl":"https:\/\/www.sonoraenequipo.com.mx\/storage\/2023\/09\/david-mccallum.....-min.jpg","datePublished":"2023-09-26T00:33:51+00:00","dateModified":"2023-09-27T16:46:54+00:00","description":"LOS ANGELES CALIFORNIA. ESTADOS UNIDOS. \u2014 El actor David McCallum, que se convirti\u00f3 en un rompecorazones adolescente en la exitosa serie \u201cThe Man From En Sonora en Equipo publicamos toda la informaci\u00f3n de Sonora, M\u00e9xico y el Mundo de manera oportuna y busca que la libertad de expresi\u00f3n sea real. Visita nuestro medio informativo publicado desde Hermosillo, Sonora. %","breadcrumb":{"@id":"https:\/\/www.sonoraenequipo.com.mx\/muere-el-actor-david-mccallum-de-el-agente-de-cipol-y-ncis\/#breadcrumb"},"inLanguage":"es","potentialAction":[{"@type":"ReadAction","target":["https:\/\/www.sonoraenequipo.com.mx\/muere-el-actor-david-mccallum-de-el-agente-de-cipol-y-ncis\/"]}]},{"@type":"ImageObject","inLanguage":"es","@id":"https:\/\/www.sonoraenequipo.com.mx\/muere-el-actor-david-mccallum-de-el-agente-de-cipol-y-ncis\/#primaryimage","url":"https:\/\/www.sonoraenequipo.com.mx\/storage\/2023\/09\/david-mccallum.....-min.jpg","contentUrl":"https:\/\/www.sonoraenequipo.com.mx\/storage\/2023\/09\/david-mccallum.....-min.jpg","width":900,"height":506},{"@type":"BreadcrumbList","@id":"https:\/\/www.sonoraenequipo.com.mx\/muere-el-actor-david-mccallum-de-el-agente-de-cipol-y-ncis\/#breadcrumb","itemListElement":[{"@type":"ListItem","position":1,"name":"Portada","item":"https:\/\/www.sonoraenequipo.com.mx\/"},{"@type":"ListItem","position":2,"name":"Muere el actor David McCallum de \u2018El agente de CIPOL\u00bb y \u2018NCIS\u2019"}]},{"@type":"WebSite","@id":"https:\/\/www.sonoraenequipo.com.mx\/#website","url":"https:\/\/www.sonoraenequipo.com.mx\/","name":"Sonora en Equipo.","description":"Diario en l\u00ednea con Noticias desde Hermosillo, Sonora","publisher":{"@id":"https:\/\/www.sonoraenequipo.com.mx\/#organization"},"potentialAction":[{"@type":"SearchAction","target":{"@type":"EntryPoint","urlTemplate":"https:\/\/www.sonoraenequipo.com.mx\/?s={search_term_string}"},"query-input":{"@type":"PropertyValueSpecification","valueRequired":true,"valueName":"search_term_string"}}],"inLanguage":"es"},{"@type":"Organization","@id":"https:\/\/www.sonoraenequipo.com.mx\/#organization","name":"Sonoraenequipo.com.mx","url":"https:\/\/www.sonoraenequipo.com.mx\/","logo":{"@type":"ImageObject","inLanguage":"es","@id":"https:\/\/www.sonoraenequipo.com.mx\/#\/schema\/logo\/image\/","url":"https:\/\/www.sonoraenequipo.com.mx\/storage\/2019\/01\/sonoraenequipo_opt.png","contentUrl":"https:\/\/www.sonoraenequipo.com.mx\/storage\/2019\/01\/sonoraenequipo_opt.png","width":375,"height":125,"caption":"Sonoraenequipo.com.mx"},"image":{"@id":"https:\/\/www.sonoraenequipo.com.mx\/#\/schema\/logo\/image\/"},"sameAs":["https:\/\/www.facebook.com\/SonoraEE\/","https:\/\/x.com\/sonoraenequipo","https:\/\/www.youtube.com\/channel\/UC338nW-lPEYmJQs4ZABQ1SQ"]},{"@type":"Person","@id":"https:\/\/www.sonoraenequipo.com.mx\/#\/schema\/person\/50102df0fb23a8fa9e8effad8fa81386","name":"enequipo","image":{"@type":"ImageObject","inLanguage":"es","@id":"https:\/\/www.sonoraenequipo.com.mx\/#\/schema\/person\/image\/","url":"https:\/\/secure.gravatar.com\/avatar\/049821681b589dabc0bc20695993ccebb09f5b5d4d790cd9251b97faac7c652b?s=96&d=blank&r=g","contentUrl":"https:\/\/secure.gravatar.com\/avatar\/049821681b589dabc0bc20695993ccebb09f5b5d4d790cd9251b97faac7c652b?s=96&d=blank&r=g","caption":"enequipo"},"sameAs":["https:\/\/www.facebook.com\/SonoraEE"]}]}},"jetpack_featured_media_url":"https:\/\/www.sonoraenequipo.com.mx\/storage\/2023\/09\/david-mccallum.....-min.jpg","_links":{"self":[{"href":"https:\/\/www.sonoraenequipo.com.mx\/api\/wp\/v2\/posts\/175680","targetHints":{"allow":["GET"]}}],"collection":[{"href":"https:\/\/www.sonoraenequipo.com.mx\/api\/wp\/v2\/posts"}],"about":[{"href":"https:\/\/www.sonoraenequipo.com.mx\/api\/wp\/v2\/types\/post"}],"author":[{"embeddable":true,"href":"https:\/\/www.sonoraenequipo.com.mx\/api\/wp\/v2\/users\/1"}],"replies":[{"embeddable":true,"href":"https:\/\/www.sonoraenequipo.com.mx\/api\/wp\/v2\/comments?post=175680"}],"version-history":[{"count":1,"href":"https:\/\/www.sonoraenequipo.com.mx\/api\/wp\/v2\/posts\/175680\/revisions"}],"predecessor-version":[{"id":175683,"href":"https:\/\/www.sonoraenequipo.com.mx\/api\/wp\/v2\/posts\/175680\/revisions\/175683"}],"wp:featuredmedia":[{"embeddable":true,"href":"https:\/\/www.sonoraenequipo.com.mx\/api\/wp\/v2\/media\/175682"}],"wp:attachment":[{"href":"https:\/\/www.sonoraenequipo.com.mx\/api\/wp\/v2\/media?parent=175680"}],"wp:term":[{"taxonomy":"category","embeddable":true,"href":"https:\/\/www.sonoraenequipo.com.mx\/api\/wp\/v2\/categories?post=175680"},{"taxonomy":"post_tag","embeddable":true,"href":"https:\/\/www.sonoraenequipo.com.mx\/api\/wp\/v2\/tags?post=175680"}],"curies":[{"name":"wp","href":"https:\/\/api.w.org\/{rel}","templated":true}]}}