{"id":175773,"date":"2023-09-28T14:22:15","date_gmt":"2023-09-28T21:22:15","guid":{"rendered":"https:\/\/www.sonoraenequipo.com.mx\/?p=175773"},"modified":"2023-09-28T14:23:59","modified_gmt":"2023-09-28T21:23:59","slug":"preve-ine-realizar-tres-debates-presidenciales-en-2024","status":"publish","type":"post","link":"https:\/\/www.sonoraenequipo.com.mx\/preve-ine-realizar-tres-debates-presidenciales-en-2024\/","title":{"rendered":"Prev\u00e9 INE realizar tres debates presidenciales en 2024"},"content":{"rendered":"<p><strong>CIUDAD DE M\u00c8XICO.\u2014 <\/strong>El Consejo General del Instituto Nacional Electoral (INE) aprob\u00f3 por unanimidad el Plan de Trabajo, as\u00ed como el cronograma de actividades de la Comisi\u00f3n Temporal de Debates (CTD), el cual prev\u00e9 la organizaci\u00f3n de tres debates presidenciales, uno m\u00e1s de los que se contemplan en la ley.<\/p>\n<p>&nbsp;<\/p>\n<p>En sesi\u00f3n extraordinaria, la Consejera Carla Humphrey Jordan, presidenta de la Comisi\u00f3n Temporal de Debates, destac\u00f3 el enfoque ciudadano que tendr\u00e1n estos ejercicios.<\/p>\n<p>&nbsp;<\/p>\n<p>\u201cEl objetivo ser\u00e1 garantizar que las y los mexicanos tengan la mayor y mejor informaci\u00f3n posible de las candidatas y los candidatos para el ejercicio de su voto. Buscaremos formatos m\u00e1s \u00e1giles y moderaciones imparciales que incentiven la confrontaci\u00f3n de ideas, as\u00ed como la mayor difusi\u00f3n posible\u201d, garantiz\u00f3.<\/p>\n<p>&nbsp;<\/p>\n<p>Los debates son per se \u201cuna valiosa fuente de informaci\u00f3n que nutre y habilita la decisi\u00f3n del electorado frente a qui\u00e9n deber\u00eda ocupar un cargo de elecci\u00f3n popular. Desde otra perspectiva democr\u00e1tica, los debates son afirmaciones de libertad y deliberaci\u00f3n que nutren a la democracia en s\u00ed misma\u201d, a\u00f1adi\u00f3.<\/p>\n<p>&nbsp;<\/p>\n<p>Las y los Consejeros Electorales, coincidieron en la necesidad de que, desde la Comisi\u00f3n Temporal de Debates, se vigile el correcto uso de los recursos, as\u00ed como la rendici\u00f3n de cuentas.<\/p>\n<p>&nbsp;<\/p>\n<p>El Plan de Trabajo tiene la finalidad de presentar las actividades que se realizar\u00e1n de cara a la organizaci\u00f3n de los debates presidenciales. Adem\u00e1s, contempla las directrices esenciales para la realizaci\u00f3n de estos ejercicios de confrontaci\u00f3n de ideas y proyectos para senadur\u00edas y diputaciones.<\/p>\n<p>&nbsp;<\/p>\n<p>Con su aprobaci\u00f3n, se marca el inicio oficial de los trabajos y las actividades que el INE tendr\u00e1 que realizar, a lo largo de los pr\u00f3ximos ocho meses, para brindar a la ciudadan\u00eda un mecanismo que le permita conocer m\u00e1s a las candidaturas y contrastar sus propuestas.<\/p>\n<p>&nbsp;<\/p>\n<p>El Plan de Trabajo aprobado establece la celebraci\u00f3n de tres debates para la Presidencia, el primero en marzo, el segundo en abril y el tercero en mayo de 2024.<\/p>\n<p>&nbsp;<\/p>\n<p>Adicionalmente, que el Instituto -a trav\u00e9s de la Comisi\u00f3n- promover\u00e1 y, en su caso, coadyuvar\u00e1 en la organizaci\u00f3n de los debates a otros cargos de elecci\u00f3n popular, conforme lo se\u00f1ala el art\u00edculo 310 del Reglamento de Elecciones.<\/p>\n<p><strong>Fecha de publicaci\u00f3n mi\u00e9rcoles <\/strong><strong>27 de septiembre de 2023<\/strong><\/p>\n","protected":false},"excerpt":{"rendered":"<p>CIUDAD DE M\u00c8XICO.\u2014 El Consejo General del Instituto Nacional Electoral (INE) aprob\u00f3 por unanimidad el&#8230;<\/p>\n","protected":false},"author":1,"featured_media":175775,"comment_status":"open","ping_status":"open","sticky":false,"template":"","format":"standard","meta":{"_monsterinsights_skip_tracking":false,"_monsterinsights_sitenote_active":false,"_monsterinsights_sitenote_note":"","_monsterinsights_sitenote_category":0,"footnotes":""},"categories":[5],"tags":[8988,8900],"class_list":["post"],"yoast_head":" \n<title>Sonora en Equipo. Prev\u00e9 INE realizar tres debates presidenciales en 2024 Rep\u00fablica<\/title>\n<meta name=\"description\" content=\"CIUDAD DE M\u00c8XICO.\u2014 El Consejo General del Instituto Nacional Electoral (INE) aprob\u00f3 por unanimidad el Plan de Trabajo, as\u00ed como el cronograma de En Sonora en Equipo publicamos toda la informaci\u00f3n de Sonora, M\u00e9xico y el Mundo de manera oportuna y busca que la libertad de expresi\u00f3n sea real. Visita nuestro medio informativo publicado desde Hermosillo, Sonora. %\" \/>\n<meta name=\"robots\" content=\"index, follow, max-snippet:-1, max-image-preview:large, max-video-preview:-1\" \/>\n<link rel=\"canonical\" href=\"https:\/\/www.sonoraenequipo.com.mx\/preve-ine-realizar-tres-debates-presidenciales-en-2024\/\" \/>\n<meta property=\"og:locale\" content=\"es_ES\" \/>\n<meta property=\"og:type\" content=\"article\" \/>\n<meta property=\"og:title\" content=\"Sonora en Equipo. Prev\u00e9 INE realizar tres debates presidenciales en 2024 Rep\u00fablica\" \/>\n<meta property=\"og:description\" content=\"CIUDAD DE M\u00c8XICO.\u2014 El Consejo General del Instituto Nacional Electoral (INE) aprob\u00f3 por unanimidad el Plan de Trabajo, as\u00ed como el cronograma de En Sonora en Equipo publicamos toda la informaci\u00f3n de Sonora, M\u00e9xico y el Mundo de manera oportuna y busca que la libertad de expresi\u00f3n sea real. Visita nuestro medio informativo publicado desde Hermosillo, Sonora. %\" \/>\n<meta property=\"og:url\" content=\"https:\/\/www.sonoraenequipo.com.mx\/preve-ine-realizar-tres-debates-presidenciales-en-2024\/\" \/>\n<meta property=\"og:site_name\" content=\"Sonora en Equipo.\" \/>\n<meta property=\"article:publisher\" content=\"https:\/\/www.facebook.com\/SonoraEE\/\" \/>\n<meta property=\"article:author\" content=\"https:\/\/www.facebook.com\/SonoraEE\" \/>\n<meta property=\"article:published_time\" content=\"2023-09-28T21:22:15+00:00\" \/>\n<meta property=\"article:modified_time\" content=\"2023-09-28T21:23:59+00:00\" \/>\n<meta property=\"og:image\" content=\"https:\/\/www.sonoraenequipo.com.mx\/storage\/2023\/09\/debate.jpg\" \/>\n\t<meta property=\"og:image:width\" content=\"900\" \/>\n\t<meta property=\"og:image:height\" content=\"571\" \/>\n\t<meta property=\"og:image:type\" content=\"image\/jpeg\" \/>\n<meta name=\"author\" content=\"enequipo\" \/>\n<meta name=\"twitter:card\" content=\"summary_large_image\" \/>\n<meta name=\"twitter:creator\" content=\"@sonoraenequipo\" \/>\n<meta name=\"twitter:site\" content=\"@sonoraenequipo\" \/>\n<meta name=\"twitter:label1\" content=\"Escrito por\" \/>\n\t<meta name=\"twitter:data1\" content=\"enequipo\" \/>\n\t<meta name=\"twitter:label2\" content=\"Tiempo de lectura\" \/>\n\t<meta name=\"twitter:data2\" content=\"2 minutos\" \/>\n<script type=\"application\/ld+json\" class=\"yoast-schema-graph\">{\"@context\":\"https:\/\/schema.org\",\"@graph\":[{\"@type\":\"Article\",\"@id\":\"https:\/\/www.sonoraenequipo.com.mx\/preve-ine-realizar-tres-debates-presidenciales-en-2024\/#article\",\"isPartOf\":{\"@id\":\"https:\/\/www.sonoraenequipo.com.mx\/preve-ine-realizar-tres-debates-presidenciales-en-2024\/\"},\"author\":{\"name\":\"enequipo\",\"@id\":\"https:\/\/www.sonoraenequipo.com.mx\/#\/schema\/person\/50102df0fb23a8fa9e8effad8fa81386\"},\"headline\":\"Prev\u00e9 INE realizar tres debates presidenciales en 2024\",\"datePublished\":\"2023-09-28T21:22:15+00:00\",\"dateModified\":\"2023-09-28T21:23:59+00:00\",\"mainEntityOfPage\":{\"@id\":\"https:\/\/www.sonoraenequipo.com.mx\/preve-ine-realizar-tres-debates-presidenciales-en-2024\/\"},\"wordCount\":418,\"commentCount\":0,\"publisher\":{\"@id\":\"https:\/\/www.sonoraenequipo.com.mx\/#organization\"},\"image\":{\"@id\":\"https:\/\/www.sonoraenequipo.com.mx\/preve-ine-realizar-tres-debates-presidenciales-en-2024\/#primaryimage\"},\"thumbnailUrl\":\"https:\/\/www.sonoraenequipo.com.mx\/storage\/2023\/09\/debate.jpg\",\"keywords\":[\"DEBATES PRESIDENCIALES\",\"pef.2024\"],\"articleSection\":[\"Rep\u00fablica\"],\"inLanguage\":\"es\",\"potentialAction\":[{\"@type\":\"CommentAction\",\"name\":\"Comment\",\"target\":[\"https:\/\/www.sonoraenequipo.com.mx\/preve-ine-realizar-tres-debates-presidenciales-en-2024\/#respond\"]}]},{\"@type\":\"WebPage\",\"@id\":\"https:\/\/www.sonoraenequipo.com.mx\/preve-ine-realizar-tres-debates-presidenciales-en-2024\/\",\"url\":\"https:\/\/www.sonoraenequipo.com.mx\/preve-ine-realizar-tres-debates-presidenciales-en-2024\/\",\"name\":\"Sonora en Equipo. Prev\u00e9 INE realizar tres debates presidenciales en 2024 Rep\u00fablica\",\"isPartOf\":{\"@id\":\"https:\/\/www.sonoraenequipo.com.mx\/#website\"},\"primaryImageOfPage\":{\"@id\":\"https:\/\/www.sonoraenequipo.com.mx\/preve-ine-realizar-tres-debates-presidenciales-en-2024\/#primaryimage\"},\"image\":{\"@id\":\"https:\/\/www.sonoraenequipo.com.mx\/preve-ine-realizar-tres-debates-presidenciales-en-2024\/#primaryimage\"},\"thumbnailUrl\":\"https:\/\/www.sonoraenequipo.com.mx\/storage\/2023\/09\/debate.jpg\",\"datePublished\":\"2023-09-28T21:22:15+00:00\",\"dateModified\":\"2023-09-28T21:23:59+00:00\",\"description\":\"CIUDAD DE M\u00c8XICO.\u2014 El Consejo General del Instituto Nacional Electoral (INE) aprob\u00f3 por unanimidad el Plan de Trabajo, as\u00ed como el cronograma de En Sonora en Equipo publicamos toda la informaci\u00f3n de Sonora, M\u00e9xico y el Mundo de manera oportuna y busca que la libertad de expresi\u00f3n sea real. Visita nuestro medio informativo publicado desde Hermosillo, Sonora. %\",\"breadcrumb\":{\"@id\":\"https:\/\/www.sonoraenequipo.com.mx\/preve-ine-realizar-tres-debates-presidenciales-en-2024\/#breadcrumb\"},\"inLanguage\":\"es\",\"potentialAction\":[{\"@type\":\"ReadAction\",\"target\":[\"https:\/\/www.sonoraenequipo.com.mx\/preve-ine-realizar-tres-debates-presidenciales-en-2024\/\"]}]},{\"@type\":\"ImageObject\",\"inLanguage\":\"es\",\"@id\":\"https:\/\/www.sonoraenequipo.com.mx\/preve-ine-realizar-tres-debates-presidenciales-en-2024\/#primaryimage\",\"url\":\"https:\/\/www.sonoraenequipo.com.mx\/storage\/2023\/09\/debate.jpg\",\"contentUrl\":\"https:\/\/www.sonoraenequipo.com.mx\/storage\/2023\/09\/debate.jpg\",\"width\":900,\"height\":571},{\"@type\":\"BreadcrumbList\",\"@id\":\"https:\/\/www.sonoraenequipo.com.mx\/preve-ine-realizar-tres-debates-presidenciales-en-2024\/#breadcrumb\",\"itemListElement\":[{\"@type\":\"ListItem\",\"position\":1,\"name\":\"Portada\",\"item\":\"https:\/\/www.sonoraenequipo.com.mx\/\"},{\"@type\":\"ListItem\",\"position\":2,\"name\":\"Prev\u00e9 INE realizar tres debates presidenciales en 2024\"}]},{\"@type\":\"WebSite\",\"@id\":\"https:\/\/www.sonoraenequipo.com.mx\/#website\",\"url\":\"https:\/\/www.sonoraenequipo.com.mx\/\",\"name\":\"Sonora en Equipo.\",\"description\":\"Diario en l\u00ednea con Noticias desde Hermosillo, Sonora\",\"publisher\":{\"@id\":\"https:\/\/www.sonoraenequipo.com.mx\/#organization\"},\"potentialAction\":[{\"@type\":\"SearchAction\",\"target\":{\"@type\":\"EntryPoint\",\"urlTemplate\":\"https:\/\/www.sonoraenequipo.com.mx\/?s={search_term_string}\"},\"query-input\":{\"@type\":\"PropertyValueSpecification\",\"valueRequired\":true,\"valueName\":\"search_term_string\"}}],\"inLanguage\":\"es\"},{\"@type\":\"Organization\",\"@id\":\"https:\/\/www.sonoraenequipo.com.mx\/#organization\",\"name\":\"Sonoraenequipo.com.mx\",\"url\":\"https:\/\/www.sonoraenequipo.com.mx\/\",\"logo\":{\"@type\":\"ImageObject\",\"inLanguage\":\"es\",\"@id\":\"https:\/\/www.sonoraenequipo.com.mx\/#\/schema\/logo\/image\/\",\"url\":\"https:\/\/www.sonoraenequipo.com.mx\/storage\/2019\/01\/sonoraenequipo_opt.png\",\"contentUrl\":\"https:\/\/www.sonoraenequipo.com.mx\/storage\/2019\/01\/sonoraenequipo_opt.png\",\"width\":375,\"height\":125,\"caption\":\"Sonoraenequipo.com.mx\"},\"image\":{\"@id\":\"https:\/\/www.sonoraenequipo.com.mx\/#\/schema\/logo\/image\/\"},\"sameAs\":[\"https:\/\/www.facebook.com\/SonoraEE\/\",\"https:\/\/x.com\/sonoraenequipo\",\"https:\/\/www.youtube.com\/channel\/UC338nW-lPEYmJQs4ZABQ1SQ\"]},{\"@type\":\"Person\",\"@id\":\"https:\/\/www.sonoraenequipo.com.mx\/#\/schema\/person\/50102df0fb23a8fa9e8effad8fa81386\",\"name\":\"enequipo\",\"image\":{\"@type\":\"ImageObject\",\"inLanguage\":\"es\",\"@id\":\"https:\/\/www.sonoraenequipo.com.mx\/#\/schema\/person\/image\/\",\"url\":\"https:\/\/secure.gravatar.com\/avatar\/049821681b589dabc0bc20695993ccebb09f5b5d4d790cd9251b97faac7c652b?s=96&d=blank&r=g\",\"contentUrl\":\"https:\/\/secure.gravatar.com\/avatar\/049821681b589dabc0bc20695993ccebb09f5b5d4d790cd9251b97faac7c652b?s=96&d=blank&r=g\",\"caption\":\"enequipo\"},\"sameAs\":[\"https:\/\/www.facebook.com\/SonoraEE\"]}]}<\/script>\n ","yoast_head_json":{"title":"Sonora en Equipo. Prev\u00e9 INE realizar tres debates presidenciales en 2024 Rep\u00fablica","description":"CIUDAD DE M\u00c8XICO.\u2014 El Consejo General del Instituto Nacional Electoral (INE) aprob\u00f3 por unanimidad el Plan de Trabajo, as\u00ed como el cronograma de En Sonora en Equipo publicamos toda la informaci\u00f3n de Sonora, M\u00e9xico y el Mundo de manera oportuna y busca que la libertad de expresi\u00f3n sea real. Visita nuestro medio informativo publicado desde Hermosillo, Sonora. %","robots":{"index":"index","follow":"follow","max-snippet":"max-snippet:-1","max-image-preview":"max-image-preview:large","max-video-preview":"max-video-preview:-1"},"canonical":"https:\/\/www.sonoraenequipo.com.mx\/preve-ine-realizar-tres-debates-presidenciales-en-2024\/","og_locale":"es_ES","og_type":"article","og_title":"Sonora en Equipo. Prev\u00e9 INE realizar tres debates presidenciales en 2024 Rep\u00fablica","og_description":"CIUDAD DE M\u00c8XICO.\u2014 El Consejo General del Instituto Nacional Electoral (INE) aprob\u00f3 por unanimidad el Plan de Trabajo, as\u00ed como el cronograma de En Sonora en Equipo publicamos toda la informaci\u00f3n de Sonora, M\u00e9xico y el Mundo de manera oportuna y busca que la libertad de expresi\u00f3n sea real. Visita nuestro medio informativo publicado desde Hermosillo, Sonora. %","og_url":"https:\/\/www.sonoraenequipo.com.mx\/preve-ine-realizar-tres-debates-presidenciales-en-2024\/","og_site_name":"Sonora en Equipo.","article_publisher":"https:\/\/www.facebook.com\/SonoraEE\/","article_author":"https:\/\/www.facebook.com\/SonoraEE","article_published_time":"2023-09-28T21:22:15+00:00","article_modified_time":"2023-09-28T21:23:59+00:00","og_image":[{"width":900,"height":571,"url":"https:\/\/www.sonoraenequipo.com.mx\/storage\/2023\/09\/debate.jpg","type":"image\/jpeg"}],"author":"enequipo","twitter_card":"summary_large_image","twitter_creator":"@sonoraenequipo","twitter_site":"@sonoraenequipo","twitter_misc":{"Escrito por":"enequipo","Tiempo de lectura":"2 minutos"},"schema":{"@context":"https:\/\/schema.org","@graph":[{"@type":"Article","@id":"https:\/\/www.sonoraenequipo.com.mx\/preve-ine-realizar-tres-debates-presidenciales-en-2024\/#article","isPartOf":{"@id":"https:\/\/www.sonoraenequipo.com.mx\/preve-ine-realizar-tres-debates-presidenciales-en-2024\/"},"author":{"name":"enequipo","@id":"https:\/\/www.sonoraenequipo.com.mx\/#\/schema\/person\/50102df0fb23a8fa9e8effad8fa81386"},"headline":"Prev\u00e9 INE realizar tres debates presidenciales en 2024","datePublished":"2023-09-28T21:22:15+00:00","dateModified":"2023-09-28T21:23:59+00:00","mainEntityOfPage":{"@id":"https:\/\/www.sonoraenequipo.com.mx\/preve-ine-realizar-tres-debates-presidenciales-en-2024\/"},"wordCount":418,"commentCount":0,"publisher":{"@id":"https:\/\/www.sonoraenequipo.com.mx\/#organization"},"image":{"@id":"https:\/\/www.sonoraenequipo.com.mx\/preve-ine-realizar-tres-debates-presidenciales-en-2024\/#primaryimage"},"thumbnailUrl":"https:\/\/www.sonoraenequipo.com.mx\/storage\/2023\/09\/debate.jpg","keywords":["DEBATES PRESIDENCIALES","pef.2024"],"articleSection":["Rep\u00fablica"],"inLanguage":"es","potentialAction":[{"@type":"CommentAction","name":"Comment","target":["https:\/\/www.sonoraenequipo.com.mx\/preve-ine-realizar-tres-debates-presidenciales-en-2024\/#respond"]}]},{"@type":"WebPage","@id":"https:\/\/www.sonoraenequipo.com.mx\/preve-ine-realizar-tres-debates-presidenciales-en-2024\/","url":"https:\/\/www.sonoraenequipo.com.mx\/preve-ine-realizar-tres-debates-presidenciales-en-2024\/","name":"Sonora en Equipo. Prev\u00e9 INE realizar tres debates presidenciales en 2024 Rep\u00fablica","isPartOf":{"@id":"https:\/\/www.sonoraenequipo.com.mx\/#website"},"primaryImageOfPage":{"@id":"https:\/\/www.sonoraenequipo.com.mx\/preve-ine-realizar-tres-debates-presidenciales-en-2024\/#primaryimage"},"image":{"@id":"https:\/\/www.sonoraenequipo.com.mx\/preve-ine-realizar-tres-debates-presidenciales-en-2024\/#primaryimage"},"thumbnailUrl":"https:\/\/www.sonoraenequipo.com.mx\/storage\/2023\/09\/debate.jpg","datePublished":"2023-09-28T21:22:15+00:00","dateModified":"2023-09-28T21:23:59+00:00","description":"CIUDAD DE M\u00c8XICO.\u2014 El Consejo General del Instituto Nacional Electoral (INE) aprob\u00f3 por unanimidad el Plan de Trabajo, as\u00ed como el cronograma de En Sonora en Equipo publicamos toda la informaci\u00f3n de Sonora, M\u00e9xico y el Mundo de manera oportuna y busca que la libertad de expresi\u00f3n sea real. Visita nuestro medio informativo publicado desde Hermosillo, Sonora. %","breadcrumb":{"@id":"https:\/\/www.sonoraenequipo.com.mx\/preve-ine-realizar-tres-debates-presidenciales-en-2024\/#breadcrumb"},"inLanguage":"es","potentialAction":[{"@type":"ReadAction","target":["https:\/\/www.sonoraenequipo.com.mx\/preve-ine-realizar-tres-debates-presidenciales-en-2024\/"]}]},{"@type":"ImageObject","inLanguage":"es","@id":"https:\/\/www.sonoraenequipo.com.mx\/preve-ine-realizar-tres-debates-presidenciales-en-2024\/#primaryimage","url":"https:\/\/www.sonoraenequipo.com.mx\/storage\/2023\/09\/debate.jpg","contentUrl":"https:\/\/www.sonoraenequipo.com.mx\/storage\/2023\/09\/debate.jpg","width":900,"height":571},{"@type":"BreadcrumbList","@id":"https:\/\/www.sonoraenequipo.com.mx\/preve-ine-realizar-tres-debates-presidenciales-en-2024\/#breadcrumb","itemListElement":[{"@type":"ListItem","position":1,"name":"Portada","item":"https:\/\/www.sonoraenequipo.com.mx\/"},{"@type":"ListItem","position":2,"name":"Prev\u00e9 INE realizar tres debates presidenciales en 2024"}]},{"@type":"WebSite","@id":"https:\/\/www.sonoraenequipo.com.mx\/#website","url":"https:\/\/www.sonoraenequipo.com.mx\/","name":"Sonora en Equipo.","description":"Diario en l\u00ednea con Noticias desde Hermosillo, Sonora","publisher":{"@id":"https:\/\/www.sonoraenequipo.com.mx\/#organization"},"potentialAction":[{"@type":"SearchAction","target":{"@type":"EntryPoint","urlTemplate":"https:\/\/www.sonoraenequipo.com.mx\/?s={search_term_string}"},"query-input":{"@type":"PropertyValueSpecification","valueRequired":true,"valueName":"search_term_string"}}],"inLanguage":"es"},{"@type":"Organization","@id":"https:\/\/www.sonoraenequipo.com.mx\/#organization","name":"Sonoraenequipo.com.mx","url":"https:\/\/www.sonoraenequipo.com.mx\/","logo":{"@type":"ImageObject","inLanguage":"es","@id":"https:\/\/www.sonoraenequipo.com.mx\/#\/schema\/logo\/image\/","url":"https:\/\/www.sonoraenequipo.com.mx\/storage\/2019\/01\/sonoraenequipo_opt.png","contentUrl":"https:\/\/www.sonoraenequipo.com.mx\/storage\/2019\/01\/sonoraenequipo_opt.png","width":375,"height":125,"caption":"Sonoraenequipo.com.mx"},"image":{"@id":"https:\/\/www.sonoraenequipo.com.mx\/#\/schema\/logo\/image\/"},"sameAs":["https:\/\/www.facebook.com\/SonoraEE\/","https:\/\/x.com\/sonoraenequipo","https:\/\/www.youtube.com\/channel\/UC338nW-lPEYmJQs4ZABQ1SQ"]},{"@type":"Person","@id":"https:\/\/www.sonoraenequipo.com.mx\/#\/schema\/person\/50102df0fb23a8fa9e8effad8fa81386","name":"enequipo","image":{"@type":"ImageObject","inLanguage":"es","@id":"https:\/\/www.sonoraenequipo.com.mx\/#\/schema\/person\/image\/","url":"https:\/\/secure.gravatar.com\/avatar\/049821681b589dabc0bc20695993ccebb09f5b5d4d790cd9251b97faac7c652b?s=96&d=blank&r=g","contentUrl":"https:\/\/secure.gravatar.com\/avatar\/049821681b589dabc0bc20695993ccebb09f5b5d4d790cd9251b97faac7c652b?s=96&d=blank&r=g","caption":"enequipo"},"sameAs":["https:\/\/www.facebook.com\/SonoraEE"]}]}},"jetpack_featured_media_url":"https:\/\/www.sonoraenequipo.com.mx\/storage\/2023\/09\/debate.jpg","_links":{"self":[{"href":"https:\/\/www.sonoraenequipo.com.mx\/api\/wp\/v2\/posts\/175773","targetHints":{"allow":["GET"]}}],"collection":[{"href":"https:\/\/www.sonoraenequipo.com.mx\/api\/wp\/v2\/posts"}],"about":[{"href":"https:\/\/www.sonoraenequipo.com.mx\/api\/wp\/v2\/types\/post"}],"author":[{"embeddable":true,"href":"https:\/\/www.sonoraenequipo.com.mx\/api\/wp\/v2\/users\/1"}],"replies":[{"embeddable":true,"href":"https:\/\/www.sonoraenequipo.com.mx\/api\/wp\/v2\/comments?post=175773"}],"version-history":[{"count":1,"href":"https:\/\/www.sonoraenequipo.com.mx\/api\/wp\/v2\/posts\/175773\/revisions"}],"predecessor-version":[{"id":175774,"href":"https:\/\/www.sonoraenequipo.com.mx\/api\/wp\/v2\/posts\/175773\/revisions\/175774"}],"wp:featuredmedia":[{"embeddable":true,"href":"https:\/\/www.sonoraenequipo.com.mx\/api\/wp\/v2\/media\/175775"}],"wp:attachment":[{"href":"https:\/\/www.sonoraenequipo.com.mx\/api\/wp\/v2\/media?parent=175773"}],"wp:term":[{"taxonomy":"category","embeddable":true,"href":"https:\/\/www.sonoraenequipo.com.mx\/api\/wp\/v2\/categories?post=175773"},{"taxonomy":"post_tag","embeddable":true,"href":"https:\/\/www.sonoraenequipo.com.mx\/api\/wp\/v2\/tags?post=175773"}],"curies":[{"name":"wp","href":"https:\/\/api.w.org\/{rel}","templated":true}]}}