{"id":175798,"date":"2023-09-28T15:44:22","date_gmt":"2023-09-28T22:44:22","guid":{"rendered":"https:\/\/www.sonoraenequipo.com.mx\/?p=175798"},"modified":"2023-09-28T15:45:13","modified_gmt":"2023-09-28T22:45:13","slug":"antuan-tiene-4-anos-y-pinta-monstruos-de-colores-los-peligros-de-la-ruta-migrante-para-los-ninos-y-las-mujeres","status":"publish","type":"post","link":"https:\/\/www.sonoraenequipo.com.mx\/antuan-tiene-4-anos-y-pinta-monstruos-de-colores-los-peligros-de-la-ruta-migrante-para-los-ninos-y-las-mujeres\/","title":{"rendered":"Antu\u00e1n tiene 4 a\u00f1os y pinta monstruos de colores: los peligros de la ruta migrante para los ni\u00f1os y las mujeres"},"content":{"rendered":"<p>&nbsp;<\/p>\n<p><strong>ESQUIPULAS, GUATEMALA \u2014 <\/strong>Antu\u00e1n tiene 4 a\u00f1os. Acaba de colorear un monstruo con un crey\u00f3n verde. No fue el primero que colore\u00f3. Cuando Antu\u00e1n lleg\u00f3 al Centro de Atenci\u00f3n para Personas Migrantes y Refugiadas (CAPMIR) \u2014a unos pasos de la frontera Aguas Calientes, entre Honduras y Guatemala\u2014 le dio vida a un monstruo color naranja, cuyo emocion\u00f3metro lo ubica como un monstruo frustrado. El verde representa la calma.<\/p>\n<p>&nbsp;<\/p>\n<p>Mientras sus padres reciben asesor\u00eda para obtener refugio migratorio en Guatemala o informaci\u00f3n sobre el resto de la ruta migrante, Antu\u00e1n y otros ni\u00f1os se divierten en una sala de juegos donde el mundo les es diferente: hay rompecabezas, colores, hojas de papel y frases que repiten \u201ctodos los sentimientos est\u00e1n bien\u201d.<\/p>\n<p>&nbsp;<\/p>\n<p>Lo primero que Antu\u00e1n hizo al llegar al sal\u00f3n para ni\u00f1os fue hablar sobre sus emociones a trav\u00e9s de los monstruos de colores. Luego se abri\u00f3 a otras realidades y comenz\u00f3 a dibujar la casa de sus sue\u00f1os donde \u00e9l es m\u00e1s grande que la casa y donde levitan corazones en el cielo.<\/p>\n<p>El ni\u00f1o venezolano reci\u00e9n ha cruzado la selva del Dari\u00e9n \u2014entre Colombia y Panam\u00e1\u2014 una ruta por la que pasan miles de migrantes desde el sur de Am\u00e9rica hacia Centroam\u00e9rica. En los primeros seis meses de 2023, m\u00e1s de 40.000 ni\u00f1os y adolescentes cruzaron la selva, seg\u00fan el Fondo de las Naciones Unidas para la Infancia (UNICEF).<\/p>\n<p>&nbsp;<\/p>\n<p>Para Daniela Guti\u00e9rrez, coordinadora regional adjunta del programa de protecci\u00f3n a personas migrantes y desplazadas internas del Comit\u00e9 Internacional de la Cruz Roja (CICR) en M\u00e9xico y Am\u00e9rica Central, los flujos migratorios se han complejizado y cambiado en los \u00faltimos a\u00f1os.<\/p>\n<p>\u201cAntes, los flujos migratorios que atravesaban la regi\u00f3n estaban compuestos principalmente por hombres adultos. Ahora vemos que los flujos migratorios est\u00e1n compuestos por un sinf\u00edn de perfiles como mujeres, mujeres embarazadas, personas adultas mayores, ni\u00f1os, ni\u00f1as y adolescentes, algunos de ellos no acompa\u00f1ados\u201d, dijo Guti\u00e9rrez en una entrevista con la Voz de Am\u00e9rica.<\/p>\n<p>&nbsp;<\/p>\n<p>Antu\u00e1n lleg\u00f3 a Guatemala con sus padres tras abandonar la escuela, sus amigos y la comunidad en la que viv\u00eda en Venezuela, pa\u00eds del que procede la mayor\u00eda de migrantes localizados en Guatemala. Entre enero y el 17 de septiembre de 2023, 15.170 migrantes fueron localizados en el pa\u00eds centroamericano, de estos 10.127 eran venezolanos.<\/p>\n<p>&nbsp;<\/p>\n<p>Seg\u00fan UNICEF, los ni\u00f1os y adolescentes refugiados y migrantes, as\u00ed\u0301 como sus familias, se encuentran entre los grupos migrantes m\u00e1s vulnerables. En todo el mundo, este grupo representa el 15 % de la poblaci\u00f3n migrante, pero en Am\u00e9rica Latina y el Caribe representa el 25 %.<\/p>\n<p>&nbsp;<\/p>\n<p>Algunos de los principales peligros a los que se enfrentan las ni\u00f1as, los ni\u00f1os y adolescentes migrantes son las enfermedades infecciosas, la inseguridad, la violencia sexual y de g\u00e9nero, la xenofobia y la discriminaci\u00f3n. Tras el poco o nulo acceso a agua potable o alimentos en buen estado, el grupo sufre de m\u00faltiples enfermedades.<\/p>\n<p>&nbsp;<\/p>\n<p>Mujeres violentadas<\/p>\n<p>A unos 10 kil\u00f3metros del refugio donde Antu\u00e1n toma un respiro tras lo vivido en el tr\u00e1nsito por seis pa\u00edses, Mayeisy, de origen venezolano, toma un descanso frente a la bas\u00edlica de Esquipulas, el primer pueblo de Guatemala que se encuentra cercano a la frontera con Honduras, y cuyo templo alberga la imagen del Cristo Negro, venerado en la mayor parte de Centroam\u00e9rica y el sur de M\u00e9xico.<\/p>\n<p>&nbsp;<\/p>\n<p>La mujer viaja hacia Estados Unidos con sus dos hijos, una adolescente de 16 a\u00f1os y un menor de 3. La adolescente va, adem\u00e1s, con un beb\u00e9 de siete meses. Al igual que los ni\u00f1os, las mujeres son otro de los perfiles migrantes con sus propias vulnerabilidades.<\/p>\n<p>&nbsp;<\/p>\n<p>\u201cLas mujeres inmigrantes que atraviesan la selva del Dari\u00e9n se ven expuestas a m\u00faltiples formas de violencia, incluida la violencia sexual. Lastimosamente en esta regi\u00f3n en particular operan grupos dedicados a la criminalidad organizada que extorsionan a las personas inmigrantes y cometen actos inclusive de violencia sexual\u00bb, explic\u00f3 a la VOA Edwin Viales, representante del programa Missing Migrants Project de la Organizaci\u00f3n Internacional de las Migraciones (OIM) para Norteam\u00e9rica, Centroam\u00e9rica y el Caribe.<\/p>\n<p>&nbsp;<\/p>\n<p>Seg\u00fan datos de la OIM, un n\u00famero cada vez mayor de mujeres est\u00e1 migrando de manera independiente en Centroam\u00e9rica y el Caribe. Las mujeres representan el 58,9 % de las personas migrantes desde los pa\u00edses del Caribe y el 50,3 % desde Centroam\u00e9rica.<\/p>\n<p>&nbsp;<\/p>\n<p>La violencia, desde luego, no es algo a lo que las mujeres se enfrentan \u00fanicamente durante la ruta migrante. A las causas de la migraci\u00f3n hay que sumarle la violencia y la persecuci\u00f3n que sufren en sus pa\u00edses de origen, seg\u00fan un monitoreo de Movimientos Mixtos en Guatemala elaborado por la Agencia de la ONU para los Refugiados (ACNUR).<\/p>\n<p>&nbsp;<\/p>\n<p>&nbsp;<\/p>\n<p>Mayeisy lleg\u00f3 a Guatemala desde Ecuador, pa\u00eds en el que vivi\u00f3 algunos a\u00f1os. \u201cA los venezolanos no nos quieren ah\u00ed. Era demasiado lo que nos discriminaban. Mataron al alcalde de Manta y dijeron que fueron venezolanos los que lo hicieron. Desde ese d\u00eda decid\u00ed salir\u201d, relata.<\/p>\n<p>&nbsp;<\/p>\n<p>El 23 de julio, Agust\u00edn Intriago, alcalde de Manta, una ciudad de la costa ecuatoriana, fue asesinado en un ataque armado. Esta fue la causa por la que Mayeisy huy\u00f3 de Ecuador.<\/p>\n<p>&nbsp;<\/p>\n<p>Migrantes nicaragu\u0308enses en territorio de Costa Rica esperando transporte p\u00fablico para trasladarse a San Jose\u0301. [Foto: \u00d3scar Navarrete, La Prensa \/ VOA]<\/p>\n<p>Otras mujeres son sometidas a violencia intrafamiliar en su tr\u00e1nsito hacia Estados Unidos. Byron Z\u00fa\u00f1iga, psic\u00f3logo de M\u00e9dicos del Mundo, quien se halla en el CAPMIR atendiendo migrantes que se acercan al refugio, le explic\u00f3 a la VOA que durante el viaje hay mujeres migrantes que sufren violencia por parte de la pareja que va en la ruta con ellas.<\/p>\n<p>&nbsp;<\/p>\n<p>\u00abAqu\u00ed en el refugio hemos recibido esos casos. Hubo un caso reciente en que le brindamos asesor\u00eda, pero la persona dijo que pedir\u00eda protecci\u00f3n en M\u00e9xico y continu\u00f3 la ruta con su agresor\u201d, explic\u00f3.<\/p>\n<p>&nbsp;<\/p>\n<p>La violencia f\u00edsica y sexual, sumada a la violencia intrafamiliar, son los casos m\u00e1s comunes de mujeres migrantes que llegan a estos refugios. En agosto, el CAPMIR conoci\u00f3 de dos casos de abuso los cuales fueron atendidos en coordinaci\u00f3n con las autoridades de Guatemala. Algunos casos logran ser atendidos, pero en otros las v\u00edctimas prefieren continuar pese al riesgo.<\/p>\n<p><strong>Fecha de publicaci\u00f3n mi\u00e9rcoles <\/strong><strong>27 de septiembre de 2023 \/ VOA<\/strong><\/p>\n<p>&nbsp;<\/p>\n<p>&nbsp;<\/p>\n<p>&nbsp;<\/p>\n","protected":false},"excerpt":{"rendered":"<p>&nbsp; ESQUIPULAS, GUATEMALA \u2014 Antu\u00e1n tiene 4 a\u00f1os. Acaba de colorear un monstruo con un&#8230;<\/p>\n","protected":false},"author":1,"featured_media":175805,"comment_status":"open","ping_status":"open","sticky":false,"template":"","format":"standard","meta":{"_monsterinsights_skip_tracking":false,"_monsterinsights_sitenote_active":false,"_monsterinsights_sitenote_note":"","_monsterinsights_sitenote_category":0,"footnotes":""},"categories":[1],"tags":[767,455],"class_list":["post"],"yoast_head":" \n<title>Sonora en Equipo. Antu\u00e1n tiene 4 a\u00f1os y pinta monstruos de colores: los peligros de la ruta migrante para los ni\u00f1os y las mujeres<\/title>\n<meta name=\"description\" content=\"&nbsp; ESQUIPULAS, GUATEMALA \u2014 Antu\u00e1n tiene 4 a\u00f1os. Acaba de colorear un monstruo con un crey\u00f3n verde. No fue el primero que colore\u00f3. Cuando Antu\u00e1n lleg\u00f3 En Sonora en Equipo publicamos toda la informaci\u00f3n de Sonora, M\u00e9xico y el Mundo de manera oportuna y busca que la libertad de expresi\u00f3n sea real. Visita nuestro medio informativo publicado desde Hermosillo, Sonora. %\" \/>\n<meta name=\"robots\" content=\"index, follow, max-snippet:-1, max-image-preview:large, max-video-preview:-1\" \/>\n<link rel=\"canonical\" href=\"https:\/\/www.sonoraenequipo.com.mx\/antuan-tiene-4-anos-y-pinta-monstruos-de-colores-los-peligros-de-la-ruta-migrante-para-los-ninos-y-las-mujeres\/\" \/>\n<meta property=\"og:locale\" content=\"es_ES\" \/>\n<meta property=\"og:type\" content=\"article\" \/>\n<meta property=\"og:title\" content=\"Sonora en Equipo. Antu\u00e1n tiene 4 a\u00f1os y pinta monstruos de colores: los peligros de la ruta migrante para los ni\u00f1os y las mujeres\" \/>\n<meta property=\"og:description\" content=\"&nbsp; ESQUIPULAS, GUATEMALA \u2014 Antu\u00e1n tiene 4 a\u00f1os. Acaba de colorear un monstruo con un crey\u00f3n verde. No fue el primero que colore\u00f3. Cuando Antu\u00e1n lleg\u00f3 En Sonora en Equipo publicamos toda la informaci\u00f3n de Sonora, M\u00e9xico y el Mundo de manera oportuna y busca que la libertad de expresi\u00f3n sea real. Visita nuestro medio informativo publicado desde Hermosillo, Sonora. %\" \/>\n<meta property=\"og:url\" content=\"https:\/\/www.sonoraenequipo.com.mx\/antuan-tiene-4-anos-y-pinta-monstruos-de-colores-los-peligros-de-la-ruta-migrante-para-los-ninos-y-las-mujeres\/\" \/>\n<meta property=\"og:site_name\" content=\"Sonora en Equipo.\" \/>\n<meta property=\"article:publisher\" content=\"https:\/\/www.facebook.com\/SonoraEE\/\" \/>\n<meta property=\"article:author\" content=\"https:\/\/www.facebook.com\/SonoraEE\" \/>\n<meta property=\"article:published_time\" content=\"2023-09-28T22:44:22+00:00\" \/>\n<meta property=\"article:modified_time\" content=\"2023-09-28T22:45:13+00:00\" \/>\n<meta property=\"og:image\" content=\"https:\/\/www.sonoraenequipo.com.mx\/storage\/2023\/09\/antuan.jpg\" \/>\n\t<meta property=\"og:image:width\" content=\"900\" \/>\n\t<meta property=\"og:image:height\" content=\"506\" \/>\n\t<meta property=\"og:image:type\" content=\"image\/jpeg\" \/>\n<meta name=\"author\" content=\"enequipo\" \/>\n<meta name=\"twitter:card\" content=\"summary_large_image\" \/>\n<meta name=\"twitter:creator\" content=\"@sonoraenequipo\" \/>\n<meta name=\"twitter:site\" content=\"@sonoraenequipo\" \/>\n<meta name=\"twitter:label1\" content=\"Escrito por\" \/>\n\t<meta name=\"twitter:data1\" content=\"enequipo\" \/>\n\t<meta name=\"twitter:label2\" content=\"Tiempo de lectura\" \/>\n\t<meta name=\"twitter:data2\" content=\"6 minutos\" \/>\n<script type=\"application\/ld+json\" class=\"yoast-schema-graph\">{\"@context\":\"https:\/\/schema.org\",\"@graph\":[{\"@type\":\"Article\",\"@id\":\"https:\/\/www.sonoraenequipo.com.mx\/antuan-tiene-4-anos-y-pinta-monstruos-de-colores-los-peligros-de-la-ruta-migrante-para-los-ninos-y-las-mujeres\/#article\",\"isPartOf\":{\"@id\":\"https:\/\/www.sonoraenequipo.com.mx\/antuan-tiene-4-anos-y-pinta-monstruos-de-colores-los-peligros-de-la-ruta-migrante-para-los-ninos-y-las-mujeres\/\"},\"author\":{\"name\":\"enequipo\",\"@id\":\"https:\/\/www.sonoraenequipo.com.mx\/#\/schema\/person\/50102df0fb23a8fa9e8effad8fa81386\"},\"headline\":\"Antu\u00e1n tiene 4 a\u00f1os y pinta monstruos de colores: los peligros de la ruta migrante para los ni\u00f1os y las mujeres\",\"datePublished\":\"2023-09-28T22:44:22+00:00\",\"dateModified\":\"2023-09-28T22:45:13+00:00\",\"mainEntityOfPage\":{\"@id\":\"https:\/\/www.sonoraenequipo.com.mx\/antuan-tiene-4-anos-y-pinta-monstruos-de-colores-los-peligros-de-la-ruta-migrante-para-los-ninos-y-las-mujeres\/\"},\"wordCount\":1153,\"commentCount\":0,\"publisher\":{\"@id\":\"https:\/\/www.sonoraenequipo.com.mx\/#organization\"},\"image\":{\"@id\":\"https:\/\/www.sonoraenequipo.com.mx\/antuan-tiene-4-anos-y-pinta-monstruos-de-colores-los-peligros-de-la-ruta-migrante-para-los-ninos-y-las-mujeres\/#primaryimage\"},\"thumbnailUrl\":\"https:\/\/www.sonoraenequipo.com.mx\/storage\/2023\/09\/antuan.jpg\",\"keywords\":[\"Migraci\u00f3n\",\"ni\u00f1os\"],\"articleSection\":[\"Sin categorizar\"],\"inLanguage\":\"es\",\"potentialAction\":[{\"@type\":\"CommentAction\",\"name\":\"Comment\",\"target\":[\"https:\/\/www.sonoraenequipo.com.mx\/antuan-tiene-4-anos-y-pinta-monstruos-de-colores-los-peligros-de-la-ruta-migrante-para-los-ninos-y-las-mujeres\/#respond\"]}]},{\"@type\":\"WebPage\",\"@id\":\"https:\/\/www.sonoraenequipo.com.mx\/antuan-tiene-4-anos-y-pinta-monstruos-de-colores-los-peligros-de-la-ruta-migrante-para-los-ninos-y-las-mujeres\/\",\"url\":\"https:\/\/www.sonoraenequipo.com.mx\/antuan-tiene-4-anos-y-pinta-monstruos-de-colores-los-peligros-de-la-ruta-migrante-para-los-ninos-y-las-mujeres\/\",\"name\":\"Sonora en Equipo. Antu\u00e1n tiene 4 a\u00f1os y pinta monstruos de colores: los peligros de la ruta migrante para los ni\u00f1os y las mujeres\",\"isPartOf\":{\"@id\":\"https:\/\/www.sonoraenequipo.com.mx\/#website\"},\"primaryImageOfPage\":{\"@id\":\"https:\/\/www.sonoraenequipo.com.mx\/antuan-tiene-4-anos-y-pinta-monstruos-de-colores-los-peligros-de-la-ruta-migrante-para-los-ninos-y-las-mujeres\/#primaryimage\"},\"image\":{\"@id\":\"https:\/\/www.sonoraenequipo.com.mx\/antuan-tiene-4-anos-y-pinta-monstruos-de-colores-los-peligros-de-la-ruta-migrante-para-los-ninos-y-las-mujeres\/#primaryimage\"},\"thumbnailUrl\":\"https:\/\/www.sonoraenequipo.com.mx\/storage\/2023\/09\/antuan.jpg\",\"datePublished\":\"2023-09-28T22:44:22+00:00\",\"dateModified\":\"2023-09-28T22:45:13+00:00\",\"description\":\"&nbsp; ESQUIPULAS, GUATEMALA \u2014 Antu\u00e1n tiene 4 a\u00f1os. Acaba de colorear un monstruo con un crey\u00f3n verde. No fue el primero que colore\u00f3. Cuando Antu\u00e1n lleg\u00f3 En Sonora en Equipo publicamos toda la informaci\u00f3n de Sonora, M\u00e9xico y el Mundo de manera oportuna y busca que la libertad de expresi\u00f3n sea real. Visita nuestro medio informativo publicado desde Hermosillo, Sonora. %\",\"breadcrumb\":{\"@id\":\"https:\/\/www.sonoraenequipo.com.mx\/antuan-tiene-4-anos-y-pinta-monstruos-de-colores-los-peligros-de-la-ruta-migrante-para-los-ninos-y-las-mujeres\/#breadcrumb\"},\"inLanguage\":\"es\",\"potentialAction\":[{\"@type\":\"ReadAction\",\"target\":[\"https:\/\/www.sonoraenequipo.com.mx\/antuan-tiene-4-anos-y-pinta-monstruos-de-colores-los-peligros-de-la-ruta-migrante-para-los-ninos-y-las-mujeres\/\"]}]},{\"@type\":\"ImageObject\",\"inLanguage\":\"es\",\"@id\":\"https:\/\/www.sonoraenequipo.com.mx\/antuan-tiene-4-anos-y-pinta-monstruos-de-colores-los-peligros-de-la-ruta-migrante-para-los-ninos-y-las-mujeres\/#primaryimage\",\"url\":\"https:\/\/www.sonoraenequipo.com.mx\/storage\/2023\/09\/antuan.jpg\",\"contentUrl\":\"https:\/\/www.sonoraenequipo.com.mx\/storage\/2023\/09\/antuan.jpg\",\"width\":900,\"height\":506},{\"@type\":\"BreadcrumbList\",\"@id\":\"https:\/\/www.sonoraenequipo.com.mx\/antuan-tiene-4-anos-y-pinta-monstruos-de-colores-los-peligros-de-la-ruta-migrante-para-los-ninos-y-las-mujeres\/#breadcrumb\",\"itemListElement\":[{\"@type\":\"ListItem\",\"position\":1,\"name\":\"Portada\",\"item\":\"https:\/\/www.sonoraenequipo.com.mx\/\"},{\"@type\":\"ListItem\",\"position\":2,\"name\":\"Antu\u00e1n tiene 4 a\u00f1os y pinta monstruos de colores: los peligros de la ruta migrante para los ni\u00f1os y las mujeres\"}]},{\"@type\":\"WebSite\",\"@id\":\"https:\/\/www.sonoraenequipo.com.mx\/#website\",\"url\":\"https:\/\/www.sonoraenequipo.com.mx\/\",\"name\":\"Sonora en Equipo.\",\"description\":\"Diario en l\u00ednea con Noticias desde Hermosillo, Sonora\",\"publisher\":{\"@id\":\"https:\/\/www.sonoraenequipo.com.mx\/#organization\"},\"potentialAction\":[{\"@type\":\"SearchAction\",\"target\":{\"@type\":\"EntryPoint\",\"urlTemplate\":\"https:\/\/www.sonoraenequipo.com.mx\/?s={search_term_string}\"},\"query-input\":{\"@type\":\"PropertyValueSpecification\",\"valueRequired\":true,\"valueName\":\"search_term_string\"}}],\"inLanguage\":\"es\"},{\"@type\":\"Organization\",\"@id\":\"https:\/\/www.sonoraenequipo.com.mx\/#organization\",\"name\":\"Sonoraenequipo.com.mx\",\"url\":\"https:\/\/www.sonoraenequipo.com.mx\/\",\"logo\":{\"@type\":\"ImageObject\",\"inLanguage\":\"es\",\"@id\":\"https:\/\/www.sonoraenequipo.com.mx\/#\/schema\/logo\/image\/\",\"url\":\"https:\/\/www.sonoraenequipo.com.mx\/storage\/2019\/01\/sonoraenequipo_opt.png\",\"contentUrl\":\"https:\/\/www.sonoraenequipo.com.mx\/storage\/2019\/01\/sonoraenequipo_opt.png\",\"width\":375,\"height\":125,\"caption\":\"Sonoraenequipo.com.mx\"},\"image\":{\"@id\":\"https:\/\/www.sonoraenequipo.com.mx\/#\/schema\/logo\/image\/\"},\"sameAs\":[\"https:\/\/www.facebook.com\/SonoraEE\/\",\"https:\/\/x.com\/sonoraenequipo\",\"https:\/\/www.youtube.com\/channel\/UC338nW-lPEYmJQs4ZABQ1SQ\"]},{\"@type\":\"Person\",\"@id\":\"https:\/\/www.sonoraenequipo.com.mx\/#\/schema\/person\/50102df0fb23a8fa9e8effad8fa81386\",\"name\":\"enequipo\",\"image\":{\"@type\":\"ImageObject\",\"inLanguage\":\"es\",\"@id\":\"https:\/\/www.sonoraenequipo.com.mx\/#\/schema\/person\/image\/\",\"url\":\"https:\/\/secure.gravatar.com\/avatar\/049821681b589dabc0bc20695993ccebb09f5b5d4d790cd9251b97faac7c652b?s=96&d=blank&r=g\",\"contentUrl\":\"https:\/\/secure.gravatar.com\/avatar\/049821681b589dabc0bc20695993ccebb09f5b5d4d790cd9251b97faac7c652b?s=96&d=blank&r=g\",\"caption\":\"enequipo\"},\"sameAs\":[\"https:\/\/www.facebook.com\/SonoraEE\"]}]}<\/script>\n ","yoast_head_json":{"title":"Sonora en Equipo. Antu\u00e1n tiene 4 a\u00f1os y pinta monstruos de colores: los peligros de la ruta migrante para los ni\u00f1os y las mujeres","description":"&nbsp; ESQUIPULAS, GUATEMALA \u2014 Antu\u00e1n tiene 4 a\u00f1os. Acaba de colorear un monstruo con un crey\u00f3n verde. No fue el primero que colore\u00f3. Cuando Antu\u00e1n lleg\u00f3 En Sonora en Equipo publicamos toda la informaci\u00f3n de Sonora, M\u00e9xico y el Mundo de manera oportuna y busca que la libertad de expresi\u00f3n sea real. Visita nuestro medio informativo publicado desde Hermosillo, Sonora. %","robots":{"index":"index","follow":"follow","max-snippet":"max-snippet:-1","max-image-preview":"max-image-preview:large","max-video-preview":"max-video-preview:-1"},"canonical":"https:\/\/www.sonoraenequipo.com.mx\/antuan-tiene-4-anos-y-pinta-monstruos-de-colores-los-peligros-de-la-ruta-migrante-para-los-ninos-y-las-mujeres\/","og_locale":"es_ES","og_type":"article","og_title":"Sonora en Equipo. Antu\u00e1n tiene 4 a\u00f1os y pinta monstruos de colores: los peligros de la ruta migrante para los ni\u00f1os y las mujeres","og_description":"&nbsp; ESQUIPULAS, GUATEMALA \u2014 Antu\u00e1n tiene 4 a\u00f1os. Acaba de colorear un monstruo con un crey\u00f3n verde. No fue el primero que colore\u00f3. Cuando Antu\u00e1n lleg\u00f3 En Sonora en Equipo publicamos toda la informaci\u00f3n de Sonora, M\u00e9xico y el Mundo de manera oportuna y busca que la libertad de expresi\u00f3n sea real. Visita nuestro medio informativo publicado desde Hermosillo, Sonora. %","og_url":"https:\/\/www.sonoraenequipo.com.mx\/antuan-tiene-4-anos-y-pinta-monstruos-de-colores-los-peligros-de-la-ruta-migrante-para-los-ninos-y-las-mujeres\/","og_site_name":"Sonora en Equipo.","article_publisher":"https:\/\/www.facebook.com\/SonoraEE\/","article_author":"https:\/\/www.facebook.com\/SonoraEE","article_published_time":"2023-09-28T22:44:22+00:00","article_modified_time":"2023-09-28T22:45:13+00:00","og_image":[{"width":900,"height":506,"url":"https:\/\/www.sonoraenequipo.com.mx\/storage\/2023\/09\/antuan.jpg","type":"image\/jpeg"}],"author":"enequipo","twitter_card":"summary_large_image","twitter_creator":"@sonoraenequipo","twitter_site":"@sonoraenequipo","twitter_misc":{"Escrito por":"enequipo","Tiempo de lectura":"6 minutos"},"schema":{"@context":"https:\/\/schema.org","@graph":[{"@type":"Article","@id":"https:\/\/www.sonoraenequipo.com.mx\/antuan-tiene-4-anos-y-pinta-monstruos-de-colores-los-peligros-de-la-ruta-migrante-para-los-ninos-y-las-mujeres\/#article","isPartOf":{"@id":"https:\/\/www.sonoraenequipo.com.mx\/antuan-tiene-4-anos-y-pinta-monstruos-de-colores-los-peligros-de-la-ruta-migrante-para-los-ninos-y-las-mujeres\/"},"author":{"name":"enequipo","@id":"https:\/\/www.sonoraenequipo.com.mx\/#\/schema\/person\/50102df0fb23a8fa9e8effad8fa81386"},"headline":"Antu\u00e1n tiene 4 a\u00f1os y pinta monstruos de colores: los peligros de la ruta migrante para los ni\u00f1os y las mujeres","datePublished":"2023-09-28T22:44:22+00:00","dateModified":"2023-09-28T22:45:13+00:00","mainEntityOfPage":{"@id":"https:\/\/www.sonoraenequipo.com.mx\/antuan-tiene-4-anos-y-pinta-monstruos-de-colores-los-peligros-de-la-ruta-migrante-para-los-ninos-y-las-mujeres\/"},"wordCount":1153,"commentCount":0,"publisher":{"@id":"https:\/\/www.sonoraenequipo.com.mx\/#organization"},"image":{"@id":"https:\/\/www.sonoraenequipo.com.mx\/antuan-tiene-4-anos-y-pinta-monstruos-de-colores-los-peligros-de-la-ruta-migrante-para-los-ninos-y-las-mujeres\/#primaryimage"},"thumbnailUrl":"https:\/\/www.sonoraenequipo.com.mx\/storage\/2023\/09\/antuan.jpg","keywords":["Migraci\u00f3n","ni\u00f1os"],"articleSection":["Sin categorizar"],"inLanguage":"es","potentialAction":[{"@type":"CommentAction","name":"Comment","target":["https:\/\/www.sonoraenequipo.com.mx\/antuan-tiene-4-anos-y-pinta-monstruos-de-colores-los-peligros-de-la-ruta-migrante-para-los-ninos-y-las-mujeres\/#respond"]}]},{"@type":"WebPage","@id":"https:\/\/www.sonoraenequipo.com.mx\/antuan-tiene-4-anos-y-pinta-monstruos-de-colores-los-peligros-de-la-ruta-migrante-para-los-ninos-y-las-mujeres\/","url":"https:\/\/www.sonoraenequipo.com.mx\/antuan-tiene-4-anos-y-pinta-monstruos-de-colores-los-peligros-de-la-ruta-migrante-para-los-ninos-y-las-mujeres\/","name":"Sonora en Equipo. Antu\u00e1n tiene 4 a\u00f1os y pinta monstruos de colores: los peligros de la ruta migrante para los ni\u00f1os y las mujeres","isPartOf":{"@id":"https:\/\/www.sonoraenequipo.com.mx\/#website"},"primaryImageOfPage":{"@id":"https:\/\/www.sonoraenequipo.com.mx\/antuan-tiene-4-anos-y-pinta-monstruos-de-colores-los-peligros-de-la-ruta-migrante-para-los-ninos-y-las-mujeres\/#primaryimage"},"image":{"@id":"https:\/\/www.sonoraenequipo.com.mx\/antuan-tiene-4-anos-y-pinta-monstruos-de-colores-los-peligros-de-la-ruta-migrante-para-los-ninos-y-las-mujeres\/#primaryimage"},"thumbnailUrl":"https:\/\/www.sonoraenequipo.com.mx\/storage\/2023\/09\/antuan.jpg","datePublished":"2023-09-28T22:44:22+00:00","dateModified":"2023-09-28T22:45:13+00:00","description":"&nbsp; ESQUIPULAS, GUATEMALA \u2014 Antu\u00e1n tiene 4 a\u00f1os. Acaba de colorear un monstruo con un crey\u00f3n verde. No fue el primero que colore\u00f3. Cuando Antu\u00e1n lleg\u00f3 En Sonora en Equipo publicamos toda la informaci\u00f3n de Sonora, M\u00e9xico y el Mundo de manera oportuna y busca que la libertad de expresi\u00f3n sea real. Visita nuestro medio informativo publicado desde Hermosillo, Sonora. %","breadcrumb":{"@id":"https:\/\/www.sonoraenequipo.com.mx\/antuan-tiene-4-anos-y-pinta-monstruos-de-colores-los-peligros-de-la-ruta-migrante-para-los-ninos-y-las-mujeres\/#breadcrumb"},"inLanguage":"es","potentialAction":[{"@type":"ReadAction","target":["https:\/\/www.sonoraenequipo.com.mx\/antuan-tiene-4-anos-y-pinta-monstruos-de-colores-los-peligros-de-la-ruta-migrante-para-los-ninos-y-las-mujeres\/"]}]},{"@type":"ImageObject","inLanguage":"es","@id":"https:\/\/www.sonoraenequipo.com.mx\/antuan-tiene-4-anos-y-pinta-monstruos-de-colores-los-peligros-de-la-ruta-migrante-para-los-ninos-y-las-mujeres\/#primaryimage","url":"https:\/\/www.sonoraenequipo.com.mx\/storage\/2023\/09\/antuan.jpg","contentUrl":"https:\/\/www.sonoraenequipo.com.mx\/storage\/2023\/09\/antuan.jpg","width":900,"height":506},{"@type":"BreadcrumbList","@id":"https:\/\/www.sonoraenequipo.com.mx\/antuan-tiene-4-anos-y-pinta-monstruos-de-colores-los-peligros-de-la-ruta-migrante-para-los-ninos-y-las-mujeres\/#breadcrumb","itemListElement":[{"@type":"ListItem","position":1,"name":"Portada","item":"https:\/\/www.sonoraenequipo.com.mx\/"},{"@type":"ListItem","position":2,"name":"Antu\u00e1n tiene 4 a\u00f1os y pinta monstruos de colores: los peligros de la ruta migrante para los ni\u00f1os y las mujeres"}]},{"@type":"WebSite","@id":"https:\/\/www.sonoraenequipo.com.mx\/#website","url":"https:\/\/www.sonoraenequipo.com.mx\/","name":"Sonora en Equipo.","description":"Diario en l\u00ednea con Noticias desde Hermosillo, Sonora","publisher":{"@id":"https:\/\/www.sonoraenequipo.com.mx\/#organization"},"potentialAction":[{"@type":"SearchAction","target":{"@type":"EntryPoint","urlTemplate":"https:\/\/www.sonoraenequipo.com.mx\/?s={search_term_string}"},"query-input":{"@type":"PropertyValueSpecification","valueRequired":true,"valueName":"search_term_string"}}],"inLanguage":"es"},{"@type":"Organization","@id":"https:\/\/www.sonoraenequipo.com.mx\/#organization","name":"Sonoraenequipo.com.mx","url":"https:\/\/www.sonoraenequipo.com.mx\/","logo":{"@type":"ImageObject","inLanguage":"es","@id":"https:\/\/www.sonoraenequipo.com.mx\/#\/schema\/logo\/image\/","url":"https:\/\/www.sonoraenequipo.com.mx\/storage\/2019\/01\/sonoraenequipo_opt.png","contentUrl":"https:\/\/www.sonoraenequipo.com.mx\/storage\/2019\/01\/sonoraenequipo_opt.png","width":375,"height":125,"caption":"Sonoraenequipo.com.mx"},"image":{"@id":"https:\/\/www.sonoraenequipo.com.mx\/#\/schema\/logo\/image\/"},"sameAs":["https:\/\/www.facebook.com\/SonoraEE\/","https:\/\/x.com\/sonoraenequipo","https:\/\/www.youtube.com\/channel\/UC338nW-lPEYmJQs4ZABQ1SQ"]},{"@type":"Person","@id":"https:\/\/www.sonoraenequipo.com.mx\/#\/schema\/person\/50102df0fb23a8fa9e8effad8fa81386","name":"enequipo","image":{"@type":"ImageObject","inLanguage":"es","@id":"https:\/\/www.sonoraenequipo.com.mx\/#\/schema\/person\/image\/","url":"https:\/\/secure.gravatar.com\/avatar\/049821681b589dabc0bc20695993ccebb09f5b5d4d790cd9251b97faac7c652b?s=96&d=blank&r=g","contentUrl":"https:\/\/secure.gravatar.com\/avatar\/049821681b589dabc0bc20695993ccebb09f5b5d4d790cd9251b97faac7c652b?s=96&d=blank&r=g","caption":"enequipo"},"sameAs":["https:\/\/www.facebook.com\/SonoraEE"]}]}},"jetpack_featured_media_url":"https:\/\/www.sonoraenequipo.com.mx\/storage\/2023\/09\/antuan.jpg","_links":{"self":[{"href":"https:\/\/www.sonoraenequipo.com.mx\/api\/wp\/v2\/posts\/175798","targetHints":{"allow":["GET"]}}],"collection":[{"href":"https:\/\/www.sonoraenequipo.com.mx\/api\/wp\/v2\/posts"}],"about":[{"href":"https:\/\/www.sonoraenequipo.com.mx\/api\/wp\/v2\/types\/post"}],"author":[{"embeddable":true,"href":"https:\/\/www.sonoraenequipo.com.mx\/api\/wp\/v2\/users\/1"}],"replies":[{"embeddable":true,"href":"https:\/\/www.sonoraenequipo.com.mx\/api\/wp\/v2\/comments?post=175798"}],"version-history":[{"count":2,"href":"https:\/\/www.sonoraenequipo.com.mx\/api\/wp\/v2\/posts\/175798\/revisions"}],"predecessor-version":[{"id":175807,"href":"https:\/\/www.sonoraenequipo.com.mx\/api\/wp\/v2\/posts\/175798\/revisions\/175807"}],"wp:featuredmedia":[{"embeddable":true,"href":"https:\/\/www.sonoraenequipo.com.mx\/api\/wp\/v2\/media\/175805"}],"wp:attachment":[{"href":"https:\/\/www.sonoraenequipo.com.mx\/api\/wp\/v2\/media?parent=175798"}],"wp:term":[{"taxonomy":"category","embeddable":true,"href":"https:\/\/www.sonoraenequipo.com.mx\/api\/wp\/v2\/categories?post=175798"},{"taxonomy":"post_tag","embeddable":true,"href":"https:\/\/www.sonoraenequipo.com.mx\/api\/wp\/v2\/tags?post=175798"}],"curies":[{"name":"wp","href":"https:\/\/api.w.org\/{rel}","templated":true}]}}