{"id":175812,"date":"2023-09-28T16:53:07","date_gmt":"2023-09-28T23:53:07","guid":{"rendered":"https:\/\/www.sonoraenequipo.com.mx\/?p=175812"},"modified":"2023-09-28T16:53:07","modified_gmt":"2023-09-28T23:53:07","slug":"se-han-detectado-300-casos-de-lepra-en-mexico-este-ano","status":"publish","type":"post","link":"https:\/\/www.sonoraenequipo.com.mx\/se-han-detectado-300-casos-de-lepra-en-mexico-este-ano\/","title":{"rendered":"Se han detectado 300 casos de lepra en M\u00e9xico este a\u00f1o"},"content":{"rendered":"<p><strong>CIUIDAD DE M\u00c9XICO.\u2014 <\/strong>Durante estos \u00faltimos meses nos hemos enfrentado a casos de enfermedades que previamente se encontraban \u00abeliminadas\u00bb (criterio definido por la Organizaci\u00f3n Mundial de la Salud [OMS]) como una tasa de prevalencia inferior a un caso por cada 10.000 habitantes). Algunos ejemplos de estas enfermedades son poliomielitis, c\u00f3lera y lepra, esta \u00faltima considerada eliminada a nivel mundial desde el a\u00f1o 2000. Sin embargo, en M\u00e9xico es una enfermedad tropical desatendida y sigue afectando a comunidades empobrecidas.<\/p>\n<p>&nbsp;<\/p>\n<p>Recuerdo que durante mi etapa como estudiante de medicina ve\u00edamos estas enfermedades como anecd\u00f3ticas creyendo que nunca nos enfrentar\u00edamos a ellas. No obstante, hasta el 7 de agosto del presente a\u00f1o se han documentado 300 casos de lepra en nuestro pa\u00eds, principalmente en Jalisco, Michoac\u00e1n, Morelos, Nuevo Le\u00f3n, Oaxaca, Sinaloa y Yucat\u00e1n. Por ello la Secretar\u00eda de Salud emiti\u00f3 una alerta y puso en vigilancia a 12 municipios.<\/p>\n<p>&nbsp;<\/p>\n<p>La lepra o enfermedad de Hansen es una afecci\u00f3n antigua ocasionada por una infecci\u00f3n cr\u00f3nica secundaria a Mycobacterium leprae y Mycobacterium lepromatosis. Esta enfermedad se puede presentar como forma tuberculoide, lepromatosa o intermedia.<\/p>\n<p>&nbsp;<\/p>\n<p>La transmisi\u00f3n de este pat\u00f3geno se da por la v\u00eda a\u00e9rea. Si bien no se ha aclarado el mecanismo exacto, se sabe que para su contagio debe haber un contacto estrecho entre las personas. El periodo de incubaci\u00f3n suele ser entre 3 y 5 a\u00f1os, por lo que es poco probable que su propagaci\u00f3n sea r\u00e1pida y nos enfrentemos ante una epidemia por esta enfermedad.<\/p>\n<p>&nbsp;<\/p>\n<p>La lepra afecta principalmente piel, nervios perif\u00e9ricos, sistema respiratorio superior y ojos. En la piel causa lesiones nodulares, parches hipopigmentados y eritematosos; en estas zonas los nervios perif\u00e9ricos presentan p\u00e9rdida de la sensibilidad y parestesias. Las zonas m\u00e1s afectadas suelen ser cara (mejilla, nariz, cejas), pabellones auriculares, mu\u00f1ecas, codos, gl\u00fateos y rodillas.<\/p>\n<p>&nbsp;<\/p>\n<p>La afecci\u00f3n de cara y pabellones auriculares puede ocasionar la caracter\u00edstica facies leonina en la cual se pierden las partes externas de las cejas y la piel de cara y frente presenta engrosamiento. Ello deriva en deformaciones f\u00edsicas y discapacidad, acompa\u00f1adas de discriminaci\u00f3n y estigmas sociales.<\/p>\n<p>&nbsp;<\/p>\n<p>En el sistema respiratorio los s\u00edntomas m\u00e1s comunes son congesti\u00f3n nasal, epistaxis y dificultad respiratoria. En ocasiones tambi\u00e9n se presentan laringitis y ronquera. Por otra parte, la perforaci\u00f3n del tabique y la deformidad nasal causan la denominada nariz en silla de montar.<\/p>\n<p>&nbsp;<\/p>\n<p>Adem\u00e1s en los ojos puede haber lesiones, como queratitis e iridociclitis.<\/p>\n<p>&nbsp;<\/p>\n<p>El diagn\u00f3stico se establece cuando se detectan hallazgos f\u00edsicos compatibles con la enfermedad y se confirma con la presencia de bacilos acidorresistentes en la biopsia o cuando se detecta por ADN de M. leprae o M. lepromatosis por reacci\u00f3n en cadena de la polimerasa.<\/p>\n<p>&nbsp;<\/p>\n<p>Es de gran importancia realizar un diagn\u00f3stico correcto y temprano, ya que en caso de ser positivo se requiere vigilancia epidemiol\u00f3gica del paciente y sus contactos cercanos.<\/p>\n<p>&nbsp;<\/p>\n<p>Al igual que otras micobacterias, esta enfermedad requiere cursos prolongados con m\u00faltiples antibi\u00f3ticos para su tratamiento y cura. Asimismo, los contactos cercanos definidos por la OMS como personas que han estado expuestas a un paciente con lepra durante 20 horas o m\u00e1s a la semana, al menos 3 meses al a\u00f1o, requieren profilaxis. Estas medidas de prevenci\u00f3n pueden ayudarnos a controlar la aparici\u00f3n de nuevos casos.[5]<\/p>\n<p>&nbsp;<\/p>\n<p>Bajo la estrategia denominada Hacia cero lepra, el combate a esta enfermedad es uno de los objetivos de desarrollo sostenible de Naciones Unidas, aunque ante el aumento de casos, los expertos dudan de la posibilidad de llevar a cabo dicha meta.[8] No obstante, es propicio que los esfuerzos se centren en crear mecanismos que coadyuven a avanzar en el largo camino que supondr\u00e1 llegar a erradicar la lepra.<\/p>\n<p>&nbsp;<\/p>\n<p>La Dra. Jesica Naanous Rayek es especialista en medicina interna, egresada como m\u00e9dica cirujana de la Universidad An\u00e1huac M\u00e9xico Norte y actualmente forma parte del grupo m\u00e9dico del Centro M\u00e9dico ABC en la Ciudad de M\u00e9xico, M\u00e9xico. Es apasionada por la ense\u00f1anza y poder transmitir sus conocimientos, lo que ha logrado con ayuda de su Instagram. La puede seguir tambi\u00e9n en Facebook y TikTok.<\/p>\n<p><strong>Fecha de publicaci\u00f3n mi\u00e9rcoles <\/strong><strong>27 de septiembre de 2023 \/ Medscape<\/strong><\/p>\n","protected":false},"excerpt":{"rendered":"<p>CIUIDAD DE M\u00c9XICO.\u2014 Durante estos \u00faltimos meses nos hemos enfrentado a casos de enfermedades que&#8230;<\/p>\n","protected":false},"author":1,"featured_media":175813,"comment_status":"open","ping_status":"open","sticky":false,"template":"","format":"standard","meta":{"_monsterinsights_skip_tracking":false,"_monsterinsights_sitenote_active":false,"_monsterinsights_sitenote_note":"","_monsterinsights_sitenote_category":0,"footnotes":""},"categories":[2216],"tags":[8992,53],"class_list":["post"],"yoast_head":" \n<title>Sonora en Equipo. Se han detectado 300 casos de lepra en M\u00e9xico este a\u00f1o Ciencia y Tecnolog\u00eda<\/title>\n<meta name=\"description\" content=\"CIUIDAD DE M\u00c9XICO.\u2014 Durante estos \u00faltimos meses nos hemos enfrentado a casos de enfermedades que previamente se encontraban &quot;eliminadas&quot; (criterio En Sonora en Equipo publicamos toda la informaci\u00f3n de Sonora, M\u00e9xico y el Mundo de manera oportuna y busca que la libertad de expresi\u00f3n sea real. Visita nuestro medio informativo publicado desde Hermosillo, Sonora. %\" \/>\n<meta name=\"robots\" content=\"index, follow, max-snippet:-1, max-image-preview:large, max-video-preview:-1\" \/>\n<link rel=\"canonical\" href=\"https:\/\/www.sonoraenequipo.com.mx\/se-han-detectado-300-casos-de-lepra-en-mexico-este-ano\/\" \/>\n<meta property=\"og:locale\" content=\"es_ES\" \/>\n<meta property=\"og:type\" content=\"article\" \/>\n<meta property=\"og:title\" content=\"Sonora en Equipo. Se han detectado 300 casos de lepra en M\u00e9xico este a\u00f1o Ciencia y Tecnolog\u00eda\" \/>\n<meta property=\"og:description\" content=\"CIUIDAD DE M\u00c9XICO.\u2014 Durante estos \u00faltimos meses nos hemos enfrentado a casos de enfermedades que previamente se encontraban &quot;eliminadas&quot; (criterio En Sonora en Equipo publicamos toda la informaci\u00f3n de Sonora, M\u00e9xico y el Mundo de manera oportuna y busca que la libertad de expresi\u00f3n sea real. Visita nuestro medio informativo publicado desde Hermosillo, Sonora. %\" \/>\n<meta property=\"og:url\" content=\"https:\/\/www.sonoraenequipo.com.mx\/se-han-detectado-300-casos-de-lepra-en-mexico-este-ano\/\" \/>\n<meta property=\"og:site_name\" content=\"Sonora en Equipo.\" \/>\n<meta property=\"article:publisher\" content=\"https:\/\/www.facebook.com\/SonoraEE\/\" \/>\n<meta property=\"article:author\" content=\"https:\/\/www.facebook.com\/SonoraEE\" \/>\n<meta property=\"article:published_time\" content=\"2023-09-28T23:53:07+00:00\" \/>\n<meta property=\"og:image\" content=\"https:\/\/www.sonoraenequipo.com.mx\/storage\/2023\/09\/lepra.jpg\" \/>\n\t<meta property=\"og:image:width\" content=\"900\" \/>\n\t<meta property=\"og:image:height\" content=\"506\" \/>\n\t<meta property=\"og:image:type\" content=\"image\/jpeg\" \/>\n<meta name=\"author\" content=\"enequipo\" \/>\n<meta name=\"twitter:card\" content=\"summary_large_image\" \/>\n<meta name=\"twitter:creator\" content=\"@sonoraenequipo\" \/>\n<meta name=\"twitter:site\" content=\"@sonoraenequipo\" \/>\n<meta name=\"twitter:label1\" content=\"Escrito por\" \/>\n\t<meta name=\"twitter:data1\" content=\"enequipo\" \/>\n\t<meta name=\"twitter:label2\" content=\"Tiempo de lectura\" \/>\n\t<meta name=\"twitter:data2\" content=\"4 minutos\" \/>\n<script type=\"application\/ld+json\" class=\"yoast-schema-graph\">{\"@context\":\"https:\/\/schema.org\",\"@graph\":[{\"@type\":\"Article\",\"@id\":\"https:\/\/www.sonoraenequipo.com.mx\/se-han-detectado-300-casos-de-lepra-en-mexico-este-ano\/#article\",\"isPartOf\":{\"@id\":\"https:\/\/www.sonoraenequipo.com.mx\/se-han-detectado-300-casos-de-lepra-en-mexico-este-ano\/\"},\"author\":{\"name\":\"enequipo\",\"@id\":\"https:\/\/www.sonoraenequipo.com.mx\/#\/schema\/person\/50102df0fb23a8fa9e8effad8fa81386\"},\"headline\":\"Se han detectado 300 casos de lepra en M\u00e9xico este a\u00f1o\",\"datePublished\":\"2023-09-28T23:53:07+00:00\",\"mainEntityOfPage\":{\"@id\":\"https:\/\/www.sonoraenequipo.com.mx\/se-han-detectado-300-casos-de-lepra-en-mexico-este-ano\/\"},\"wordCount\":751,\"commentCount\":0,\"publisher\":{\"@id\":\"https:\/\/www.sonoraenequipo.com.mx\/#organization\"},\"image\":{\"@id\":\"https:\/\/www.sonoraenequipo.com.mx\/se-han-detectado-300-casos-de-lepra-en-mexico-este-ano\/#primaryimage\"},\"thumbnailUrl\":\"https:\/\/www.sonoraenequipo.com.mx\/storage\/2023\/09\/lepra.jpg\",\"keywords\":[\"lepra\",\"mexico\"],\"articleSection\":[\"Ciencia y Tecnolog\u00eda\"],\"inLanguage\":\"es\",\"potentialAction\":[{\"@type\":\"CommentAction\",\"name\":\"Comment\",\"target\":[\"https:\/\/www.sonoraenequipo.com.mx\/se-han-detectado-300-casos-de-lepra-en-mexico-este-ano\/#respond\"]}]},{\"@type\":\"WebPage\",\"@id\":\"https:\/\/www.sonoraenequipo.com.mx\/se-han-detectado-300-casos-de-lepra-en-mexico-este-ano\/\",\"url\":\"https:\/\/www.sonoraenequipo.com.mx\/se-han-detectado-300-casos-de-lepra-en-mexico-este-ano\/\",\"name\":\"Sonora en Equipo. Se han detectado 300 casos de lepra en M\u00e9xico este a\u00f1o Ciencia y Tecnolog\u00eda\",\"isPartOf\":{\"@id\":\"https:\/\/www.sonoraenequipo.com.mx\/#website\"},\"primaryImageOfPage\":{\"@id\":\"https:\/\/www.sonoraenequipo.com.mx\/se-han-detectado-300-casos-de-lepra-en-mexico-este-ano\/#primaryimage\"},\"image\":{\"@id\":\"https:\/\/www.sonoraenequipo.com.mx\/se-han-detectado-300-casos-de-lepra-en-mexico-este-ano\/#primaryimage\"},\"thumbnailUrl\":\"https:\/\/www.sonoraenequipo.com.mx\/storage\/2023\/09\/lepra.jpg\",\"datePublished\":\"2023-09-28T23:53:07+00:00\",\"description\":\"CIUIDAD DE M\u00c9XICO.\u2014 Durante estos \u00faltimos meses nos hemos enfrentado a casos de enfermedades que previamente se encontraban \\\"eliminadas\\\" (criterio En Sonora en Equipo publicamos toda la informaci\u00f3n de Sonora, M\u00e9xico y el Mundo de manera oportuna y busca que la libertad de expresi\u00f3n sea real. Visita nuestro medio informativo publicado desde Hermosillo, Sonora. %\",\"breadcrumb\":{\"@id\":\"https:\/\/www.sonoraenequipo.com.mx\/se-han-detectado-300-casos-de-lepra-en-mexico-este-ano\/#breadcrumb\"},\"inLanguage\":\"es\",\"potentialAction\":[{\"@type\":\"ReadAction\",\"target\":[\"https:\/\/www.sonoraenequipo.com.mx\/se-han-detectado-300-casos-de-lepra-en-mexico-este-ano\/\"]}]},{\"@type\":\"ImageObject\",\"inLanguage\":\"es\",\"@id\":\"https:\/\/www.sonoraenequipo.com.mx\/se-han-detectado-300-casos-de-lepra-en-mexico-este-ano\/#primaryimage\",\"url\":\"https:\/\/www.sonoraenequipo.com.mx\/storage\/2023\/09\/lepra.jpg\",\"contentUrl\":\"https:\/\/www.sonoraenequipo.com.mx\/storage\/2023\/09\/lepra.jpg\",\"width\":900,\"height\":506},{\"@type\":\"BreadcrumbList\",\"@id\":\"https:\/\/www.sonoraenequipo.com.mx\/se-han-detectado-300-casos-de-lepra-en-mexico-este-ano\/#breadcrumb\",\"itemListElement\":[{\"@type\":\"ListItem\",\"position\":1,\"name\":\"Portada\",\"item\":\"https:\/\/www.sonoraenequipo.com.mx\/\"},{\"@type\":\"ListItem\",\"position\":2,\"name\":\"Se han detectado 300 casos de lepra en M\u00e9xico este a\u00f1o\"}]},{\"@type\":\"WebSite\",\"@id\":\"https:\/\/www.sonoraenequipo.com.mx\/#website\",\"url\":\"https:\/\/www.sonoraenequipo.com.mx\/\",\"name\":\"Sonora en Equipo.\",\"description\":\"Diario en l\u00ednea con Noticias desde Hermosillo, Sonora\",\"publisher\":{\"@id\":\"https:\/\/www.sonoraenequipo.com.mx\/#organization\"},\"potentialAction\":[{\"@type\":\"SearchAction\",\"target\":{\"@type\":\"EntryPoint\",\"urlTemplate\":\"https:\/\/www.sonoraenequipo.com.mx\/?s={search_term_string}\"},\"query-input\":{\"@type\":\"PropertyValueSpecification\",\"valueRequired\":true,\"valueName\":\"search_term_string\"}}],\"inLanguage\":\"es\"},{\"@type\":\"Organization\",\"@id\":\"https:\/\/www.sonoraenequipo.com.mx\/#organization\",\"name\":\"Sonoraenequipo.com.mx\",\"url\":\"https:\/\/www.sonoraenequipo.com.mx\/\",\"logo\":{\"@type\":\"ImageObject\",\"inLanguage\":\"es\",\"@id\":\"https:\/\/www.sonoraenequipo.com.mx\/#\/schema\/logo\/image\/\",\"url\":\"https:\/\/www.sonoraenequipo.com.mx\/storage\/2019\/01\/sonoraenequipo_opt.png\",\"contentUrl\":\"https:\/\/www.sonoraenequipo.com.mx\/storage\/2019\/01\/sonoraenequipo_opt.png\",\"width\":375,\"height\":125,\"caption\":\"Sonoraenequipo.com.mx\"},\"image\":{\"@id\":\"https:\/\/www.sonoraenequipo.com.mx\/#\/schema\/logo\/image\/\"},\"sameAs\":[\"https:\/\/www.facebook.com\/SonoraEE\/\",\"https:\/\/x.com\/sonoraenequipo\",\"https:\/\/www.youtube.com\/channel\/UC338nW-lPEYmJQs4ZABQ1SQ\"]},{\"@type\":\"Person\",\"@id\":\"https:\/\/www.sonoraenequipo.com.mx\/#\/schema\/person\/50102df0fb23a8fa9e8effad8fa81386\",\"name\":\"enequipo\",\"image\":{\"@type\":\"ImageObject\",\"inLanguage\":\"es\",\"@id\":\"https:\/\/www.sonoraenequipo.com.mx\/#\/schema\/person\/image\/\",\"url\":\"https:\/\/secure.gravatar.com\/avatar\/049821681b589dabc0bc20695993ccebb09f5b5d4d790cd9251b97faac7c652b?s=96&d=blank&r=g\",\"contentUrl\":\"https:\/\/secure.gravatar.com\/avatar\/049821681b589dabc0bc20695993ccebb09f5b5d4d790cd9251b97faac7c652b?s=96&d=blank&r=g\",\"caption\":\"enequipo\"},\"sameAs\":[\"https:\/\/www.facebook.com\/SonoraEE\"]}]}<\/script>\n ","yoast_head_json":{"title":"Sonora en Equipo. Se han detectado 300 casos de lepra en M\u00e9xico este a\u00f1o Ciencia y Tecnolog\u00eda","description":"CIUIDAD DE M\u00c9XICO.\u2014 Durante estos \u00faltimos meses nos hemos enfrentado a casos de enfermedades que previamente se encontraban \"eliminadas\" (criterio En Sonora en Equipo publicamos toda la informaci\u00f3n de Sonora, M\u00e9xico y el Mundo de manera oportuna y busca que la libertad de expresi\u00f3n sea real. Visita nuestro medio informativo publicado desde Hermosillo, Sonora. %","robots":{"index":"index","follow":"follow","max-snippet":"max-snippet:-1","max-image-preview":"max-image-preview:large","max-video-preview":"max-video-preview:-1"},"canonical":"https:\/\/www.sonoraenequipo.com.mx\/se-han-detectado-300-casos-de-lepra-en-mexico-este-ano\/","og_locale":"es_ES","og_type":"article","og_title":"Sonora en Equipo. Se han detectado 300 casos de lepra en M\u00e9xico este a\u00f1o Ciencia y Tecnolog\u00eda","og_description":"CIUIDAD DE M\u00c9XICO.\u2014 Durante estos \u00faltimos meses nos hemos enfrentado a casos de enfermedades que previamente se encontraban \"eliminadas\" (criterio En Sonora en Equipo publicamos toda la informaci\u00f3n de Sonora, M\u00e9xico y el Mundo de manera oportuna y busca que la libertad de expresi\u00f3n sea real. Visita nuestro medio informativo publicado desde Hermosillo, Sonora. %","og_url":"https:\/\/www.sonoraenequipo.com.mx\/se-han-detectado-300-casos-de-lepra-en-mexico-este-ano\/","og_site_name":"Sonora en Equipo.","article_publisher":"https:\/\/www.facebook.com\/SonoraEE\/","article_author":"https:\/\/www.facebook.com\/SonoraEE","article_published_time":"2023-09-28T23:53:07+00:00","og_image":[{"width":900,"height":506,"url":"https:\/\/www.sonoraenequipo.com.mx\/storage\/2023\/09\/lepra.jpg","type":"image\/jpeg"}],"author":"enequipo","twitter_card":"summary_large_image","twitter_creator":"@sonoraenequipo","twitter_site":"@sonoraenequipo","twitter_misc":{"Escrito por":"enequipo","Tiempo de lectura":"4 minutos"},"schema":{"@context":"https:\/\/schema.org","@graph":[{"@type":"Article","@id":"https:\/\/www.sonoraenequipo.com.mx\/se-han-detectado-300-casos-de-lepra-en-mexico-este-ano\/#article","isPartOf":{"@id":"https:\/\/www.sonoraenequipo.com.mx\/se-han-detectado-300-casos-de-lepra-en-mexico-este-ano\/"},"author":{"name":"enequipo","@id":"https:\/\/www.sonoraenequipo.com.mx\/#\/schema\/person\/50102df0fb23a8fa9e8effad8fa81386"},"headline":"Se han detectado 300 casos de lepra en M\u00e9xico este a\u00f1o","datePublished":"2023-09-28T23:53:07+00:00","mainEntityOfPage":{"@id":"https:\/\/www.sonoraenequipo.com.mx\/se-han-detectado-300-casos-de-lepra-en-mexico-este-ano\/"},"wordCount":751,"commentCount":0,"publisher":{"@id":"https:\/\/www.sonoraenequipo.com.mx\/#organization"},"image":{"@id":"https:\/\/www.sonoraenequipo.com.mx\/se-han-detectado-300-casos-de-lepra-en-mexico-este-ano\/#primaryimage"},"thumbnailUrl":"https:\/\/www.sonoraenequipo.com.mx\/storage\/2023\/09\/lepra.jpg","keywords":["lepra","mexico"],"articleSection":["Ciencia y Tecnolog\u00eda"],"inLanguage":"es","potentialAction":[{"@type":"CommentAction","name":"Comment","target":["https:\/\/www.sonoraenequipo.com.mx\/se-han-detectado-300-casos-de-lepra-en-mexico-este-ano\/#respond"]}]},{"@type":"WebPage","@id":"https:\/\/www.sonoraenequipo.com.mx\/se-han-detectado-300-casos-de-lepra-en-mexico-este-ano\/","url":"https:\/\/www.sonoraenequipo.com.mx\/se-han-detectado-300-casos-de-lepra-en-mexico-este-ano\/","name":"Sonora en Equipo. Se han detectado 300 casos de lepra en M\u00e9xico este a\u00f1o Ciencia y Tecnolog\u00eda","isPartOf":{"@id":"https:\/\/www.sonoraenequipo.com.mx\/#website"},"primaryImageOfPage":{"@id":"https:\/\/www.sonoraenequipo.com.mx\/se-han-detectado-300-casos-de-lepra-en-mexico-este-ano\/#primaryimage"},"image":{"@id":"https:\/\/www.sonoraenequipo.com.mx\/se-han-detectado-300-casos-de-lepra-en-mexico-este-ano\/#primaryimage"},"thumbnailUrl":"https:\/\/www.sonoraenequipo.com.mx\/storage\/2023\/09\/lepra.jpg","datePublished":"2023-09-28T23:53:07+00:00","description":"CIUIDAD DE M\u00c9XICO.\u2014 Durante estos \u00faltimos meses nos hemos enfrentado a casos de enfermedades que previamente se encontraban \"eliminadas\" (criterio En Sonora en Equipo publicamos toda la informaci\u00f3n de Sonora, M\u00e9xico y el Mundo de manera oportuna y busca que la libertad de expresi\u00f3n sea real. Visita nuestro medio informativo publicado desde Hermosillo, Sonora. %","breadcrumb":{"@id":"https:\/\/www.sonoraenequipo.com.mx\/se-han-detectado-300-casos-de-lepra-en-mexico-este-ano\/#breadcrumb"},"inLanguage":"es","potentialAction":[{"@type":"ReadAction","target":["https:\/\/www.sonoraenequipo.com.mx\/se-han-detectado-300-casos-de-lepra-en-mexico-este-ano\/"]}]},{"@type":"ImageObject","inLanguage":"es","@id":"https:\/\/www.sonoraenequipo.com.mx\/se-han-detectado-300-casos-de-lepra-en-mexico-este-ano\/#primaryimage","url":"https:\/\/www.sonoraenequipo.com.mx\/storage\/2023\/09\/lepra.jpg","contentUrl":"https:\/\/www.sonoraenequipo.com.mx\/storage\/2023\/09\/lepra.jpg","width":900,"height":506},{"@type":"BreadcrumbList","@id":"https:\/\/www.sonoraenequipo.com.mx\/se-han-detectado-300-casos-de-lepra-en-mexico-este-ano\/#breadcrumb","itemListElement":[{"@type":"ListItem","position":1,"name":"Portada","item":"https:\/\/www.sonoraenequipo.com.mx\/"},{"@type":"ListItem","position":2,"name":"Se han detectado 300 casos de lepra en M\u00e9xico este a\u00f1o"}]},{"@type":"WebSite","@id":"https:\/\/www.sonoraenequipo.com.mx\/#website","url":"https:\/\/www.sonoraenequipo.com.mx\/","name":"Sonora en Equipo.","description":"Diario en l\u00ednea con Noticias desde Hermosillo, Sonora","publisher":{"@id":"https:\/\/www.sonoraenequipo.com.mx\/#organization"},"potentialAction":[{"@type":"SearchAction","target":{"@type":"EntryPoint","urlTemplate":"https:\/\/www.sonoraenequipo.com.mx\/?s={search_term_string}"},"query-input":{"@type":"PropertyValueSpecification","valueRequired":true,"valueName":"search_term_string"}}],"inLanguage":"es"},{"@type":"Organization","@id":"https:\/\/www.sonoraenequipo.com.mx\/#organization","name":"Sonoraenequipo.com.mx","url":"https:\/\/www.sonoraenequipo.com.mx\/","logo":{"@type":"ImageObject","inLanguage":"es","@id":"https:\/\/www.sonoraenequipo.com.mx\/#\/schema\/logo\/image\/","url":"https:\/\/www.sonoraenequipo.com.mx\/storage\/2019\/01\/sonoraenequipo_opt.png","contentUrl":"https:\/\/www.sonoraenequipo.com.mx\/storage\/2019\/01\/sonoraenequipo_opt.png","width":375,"height":125,"caption":"Sonoraenequipo.com.mx"},"image":{"@id":"https:\/\/www.sonoraenequipo.com.mx\/#\/schema\/logo\/image\/"},"sameAs":["https:\/\/www.facebook.com\/SonoraEE\/","https:\/\/x.com\/sonoraenequipo","https:\/\/www.youtube.com\/channel\/UC338nW-lPEYmJQs4ZABQ1SQ"]},{"@type":"Person","@id":"https:\/\/www.sonoraenequipo.com.mx\/#\/schema\/person\/50102df0fb23a8fa9e8effad8fa81386","name":"enequipo","image":{"@type":"ImageObject","inLanguage":"es","@id":"https:\/\/www.sonoraenequipo.com.mx\/#\/schema\/person\/image\/","url":"https:\/\/secure.gravatar.com\/avatar\/049821681b589dabc0bc20695993ccebb09f5b5d4d790cd9251b97faac7c652b?s=96&d=blank&r=g","contentUrl":"https:\/\/secure.gravatar.com\/avatar\/049821681b589dabc0bc20695993ccebb09f5b5d4d790cd9251b97faac7c652b?s=96&d=blank&r=g","caption":"enequipo"},"sameAs":["https:\/\/www.facebook.com\/SonoraEE"]}]}},"jetpack_featured_media_url":"https:\/\/www.sonoraenequipo.com.mx\/storage\/2023\/09\/lepra.jpg","_links":{"self":[{"href":"https:\/\/www.sonoraenequipo.com.mx\/api\/wp\/v2\/posts\/175812","targetHints":{"allow":["GET"]}}],"collection":[{"href":"https:\/\/www.sonoraenequipo.com.mx\/api\/wp\/v2\/posts"}],"about":[{"href":"https:\/\/www.sonoraenequipo.com.mx\/api\/wp\/v2\/types\/post"}],"author":[{"embeddable":true,"href":"https:\/\/www.sonoraenequipo.com.mx\/api\/wp\/v2\/users\/1"}],"replies":[{"embeddable":true,"href":"https:\/\/www.sonoraenequipo.com.mx\/api\/wp\/v2\/comments?post=175812"}],"version-history":[{"count":1,"href":"https:\/\/www.sonoraenequipo.com.mx\/api\/wp\/v2\/posts\/175812\/revisions"}],"predecessor-version":[{"id":175814,"href":"https:\/\/www.sonoraenequipo.com.mx\/api\/wp\/v2\/posts\/175812\/revisions\/175814"}],"wp:featuredmedia":[{"embeddable":true,"href":"https:\/\/www.sonoraenequipo.com.mx\/api\/wp\/v2\/media\/175813"}],"wp:attachment":[{"href":"https:\/\/www.sonoraenequipo.com.mx\/api\/wp\/v2\/media?parent=175812"}],"wp:term":[{"taxonomy":"category","embeddable":true,"href":"https:\/\/www.sonoraenequipo.com.mx\/api\/wp\/v2\/categories?post=175812"},{"taxonomy":"post_tag","embeddable":true,"href":"https:\/\/www.sonoraenequipo.com.mx\/api\/wp\/v2\/tags?post=175812"}],"curies":[{"name":"wp","href":"https:\/\/api.w.org\/{rel}","templated":true}]}}