{"id":176075,"date":"2023-10-02T12:59:10","date_gmt":"2023-10-02T19:59:10","guid":{"rendered":"https:\/\/www.sonoraenequipo.com.mx\/?p=176075"},"modified":"2023-10-02T12:59:10","modified_gmt":"2023-10-02T19:59:10","slug":"gobierno-de-sonora-realiza-la-sexta-feria-de-servicios-por-la-transformacion-en-la-colonia-insurgentes","status":"publish","type":"post","link":"https:\/\/www.sonoraenequipo.com.mx\/gobierno-de-sonora-realiza-la-sexta-feria-de-servicios-por-la-transformacion-en-la-colonia-insurgentes\/","title":{"rendered":"Gobierno de Sonora realiza la sexta Feria de Servicios por la Transformaci\u00f3n en la Colonia Insurgentes"},"content":{"rendered":"<p><strong>HERMOSILLO, SONORA,MX.\u2014 <\/strong>Fueron m\u00e1s de 2 mil 500 tr\u00e1mites y atenciones los que el Gobierno de Sonora brind\u00f3 en beneficio de las familias de la Colonia Insurgentes durante la sexta Feria de Servicios por la Transformaci\u00f3n, en la escuela primaria Luis Donaldo Colosio.<\/p>\n<p>&nbsp;<\/p>\n<p>&nbsp;<\/p>\n<p>&nbsp;<\/p>\n<p>Algunos de los servicios que se brindaron durante la jornada fueron los de Registro Civil, credencializaci\u00f3n de transporte p\u00fablico, m\u00e9dicos, optometr\u00eda, rehabilitaci\u00f3n f\u00edsica, bienestar animal, Procuradur\u00eda Ambiental, entrega de paquetes alimentarios, aparatos ortop\u00e9dicos, bazar de art\u00edculos nuevos y seminuevos, entre otros.<\/p>\n<p>&nbsp;<\/p>\n<p>&nbsp;<\/p>\n<p>&nbsp;<\/p>\n<p>Durante la Feria de Servicios por la Transformaci\u00f3n, Lorenia Valles Sampedro, directora general de DIF Sonora, coment\u00f3 que, por indicaciones del gobernador del estado, Alfonso Durazo, trabajan a ras de suelo, donde 27 dependencias de gobierno sumaron esfuerzos para atender a todas la familias de la colonia Insurgentes, incluyendo a las mascotas, en aras de mejorar los niveles de bienestar en las comunidades.<\/p>\n<p>&nbsp;<\/p>\n<p>&nbsp;<\/p>\n<p>&nbsp;<\/p>\n<p>Finalmente, el sistema DIF Sonora realiz\u00f3 din\u00e1micas con las ni\u00f1as y ni\u00f1os asistentes, donde ganaron bicicletas, dulces y pulseras para el parque infantil, as\u00ed como balones y art\u00edculos deportivos por parte de la Comisi\u00f3n del Deporte en la entidad (Codeson), aprendieron del cuidado de los \u00e1rboles con la Comisi\u00f3n Ambiental y presenciaron a los binomios caninos por parte de la Secretar\u00eda de Seguridad P\u00fablica.<\/p>\n<p><strong>Fecha de publicaci\u00f3n lunes 2 \u00a0de octubre de 2023<\/strong><\/p>\n","protected":false},"excerpt":{"rendered":"<p>HERMOSILLO, SONORA,MX.\u2014 Fueron m\u00e1s de 2 mil 500 tr\u00e1mites y atenciones los que el Gobierno&#8230;<\/p>\n","protected":false},"author":1,"featured_media":176076,"comment_status":"open","ping_status":"open","sticky":false,"template":"","format":"standard","meta":{"_monsterinsights_skip_tracking":false,"_monsterinsights_sitenote_active":false,"_monsterinsights_sitenote_note":"","_monsterinsights_sitenote_category":0,"footnotes":""},"categories":[4],"tags":[8997],"class_list":["post"],"yoast_head":" \n<title>Sonora en Equipo. Gobierno de Sonora realiza la sexta Feria de Servicios por la Transformaci\u00f3n en la Colonia Insurgentes Municipios<\/title>\n<meta name=\"description\" content=\"HERMOSILLO, SONORA,MX.\u2014 Fueron m\u00e1s de 2 mil 500 tr\u00e1mites y atenciones los que el Gobierno de Sonora brind\u00f3 en beneficio de las familias de la Colonia En Sonora en Equipo publicamos toda la informaci\u00f3n de Sonora, M\u00e9xico y el Mundo de manera oportuna y busca que la libertad de expresi\u00f3n sea real. Visita nuestro medio informativo publicado desde Hermosillo, Sonora. %\" \/>\n<meta name=\"robots\" content=\"index, follow, max-snippet:-1, max-image-preview:large, max-video-preview:-1\" \/>\n<link rel=\"canonical\" href=\"https:\/\/www.sonoraenequipo.com.mx\/gobierno-de-sonora-realiza-la-sexta-feria-de-servicios-por-la-transformacion-en-la-colonia-insurgentes\/\" \/>\n<meta property=\"og:locale\" content=\"es_ES\" \/>\n<meta property=\"og:type\" content=\"article\" \/>\n<meta property=\"og:title\" content=\"Sonora en Equipo. Gobierno de Sonora realiza la sexta Feria de Servicios por la Transformaci\u00f3n en la Colonia Insurgentes Municipios\" \/>\n<meta property=\"og:description\" content=\"HERMOSILLO, SONORA,MX.\u2014 Fueron m\u00e1s de 2 mil 500 tr\u00e1mites y atenciones los que el Gobierno de Sonora brind\u00f3 en beneficio de las familias de la Colonia En Sonora en Equipo publicamos toda la informaci\u00f3n de Sonora, M\u00e9xico y el Mundo de manera oportuna y busca que la libertad de expresi\u00f3n sea real. Visita nuestro medio informativo publicado desde Hermosillo, Sonora. %\" \/>\n<meta property=\"og:url\" content=\"https:\/\/www.sonoraenequipo.com.mx\/gobierno-de-sonora-realiza-la-sexta-feria-de-servicios-por-la-transformacion-en-la-colonia-insurgentes\/\" \/>\n<meta property=\"og:site_name\" content=\"Sonora en Equipo.\" \/>\n<meta property=\"article:publisher\" content=\"https:\/\/www.facebook.com\/SonoraEE\/\" \/>\n<meta property=\"article:author\" content=\"https:\/\/www.facebook.com\/SonoraEE\" \/>\n<meta property=\"article:published_time\" content=\"2023-10-02T19:59:10+00:00\" \/>\n<meta property=\"og:image\" content=\"https:\/\/www.sonoraenequipo.com.mx\/storage\/2023\/10\/feria.jpg\" \/>\n\t<meta property=\"og:image:width\" content=\"800\" \/>\n\t<meta property=\"og:image:height\" content=\"534\" \/>\n\t<meta property=\"og:image:type\" content=\"image\/jpeg\" \/>\n<meta name=\"author\" content=\"enequipo\" \/>\n<meta name=\"twitter:card\" content=\"summary_large_image\" \/>\n<meta name=\"twitter:creator\" content=\"@sonoraenequipo\" \/>\n<meta name=\"twitter:site\" content=\"@sonoraenequipo\" \/>\n<meta name=\"twitter:label1\" content=\"Escrito por\" \/>\n\t<meta name=\"twitter:data1\" content=\"enequipo\" \/>\n\t<meta name=\"twitter:label2\" content=\"Tiempo de lectura\" \/>\n\t<meta name=\"twitter:data2\" content=\"1 minuto\" \/>\n<script type=\"application\/ld+json\" class=\"yoast-schema-graph\">{\"@context\":\"https:\/\/schema.org\",\"@graph\":[{\"@type\":\"Article\",\"@id\":\"https:\/\/www.sonoraenequipo.com.mx\/gobierno-de-sonora-realiza-la-sexta-feria-de-servicios-por-la-transformacion-en-la-colonia-insurgentes\/#article\",\"isPartOf\":{\"@id\":\"https:\/\/www.sonoraenequipo.com.mx\/gobierno-de-sonora-realiza-la-sexta-feria-de-servicios-por-la-transformacion-en-la-colonia-insurgentes\/\"},\"author\":{\"name\":\"enequipo\",\"@id\":\"https:\/\/www.sonoraenequipo.com.mx\/#\/schema\/person\/50102df0fb23a8fa9e8effad8fa81386\"},\"headline\":\"Gobierno de Sonora realiza la sexta Feria de Servicios por la Transformaci\u00f3n en la Colonia Insurgentes\",\"datePublished\":\"2023-10-02T19:59:10+00:00\",\"mainEntityOfPage\":{\"@id\":\"https:\/\/www.sonoraenequipo.com.mx\/gobierno-de-sonora-realiza-la-sexta-feria-de-servicios-por-la-transformacion-en-la-colonia-insurgentes\/\"},\"wordCount\":264,\"commentCount\":0,\"publisher\":{\"@id\":\"https:\/\/www.sonoraenequipo.com.mx\/#organization\"},\"image\":{\"@id\":\"https:\/\/www.sonoraenequipo.com.mx\/gobierno-de-sonora-realiza-la-sexta-feria-de-servicios-por-la-transformacion-en-la-colonia-insurgentes\/#primaryimage\"},\"thumbnailUrl\":\"https:\/\/www.sonoraenequipo.com.mx\/storage\/2023\/10\/feria.jpg\",\"keywords\":[\"servicios ciudadania\"],\"articleSection\":[\"Municipios\"],\"inLanguage\":\"es\",\"potentialAction\":[{\"@type\":\"CommentAction\",\"name\":\"Comment\",\"target\":[\"https:\/\/www.sonoraenequipo.com.mx\/gobierno-de-sonora-realiza-la-sexta-feria-de-servicios-por-la-transformacion-en-la-colonia-insurgentes\/#respond\"]}]},{\"@type\":\"WebPage\",\"@id\":\"https:\/\/www.sonoraenequipo.com.mx\/gobierno-de-sonora-realiza-la-sexta-feria-de-servicios-por-la-transformacion-en-la-colonia-insurgentes\/\",\"url\":\"https:\/\/www.sonoraenequipo.com.mx\/gobierno-de-sonora-realiza-la-sexta-feria-de-servicios-por-la-transformacion-en-la-colonia-insurgentes\/\",\"name\":\"Sonora en Equipo. Gobierno de Sonora realiza la sexta Feria de Servicios por la Transformaci\u00f3n en la Colonia Insurgentes Municipios\",\"isPartOf\":{\"@id\":\"https:\/\/www.sonoraenequipo.com.mx\/#website\"},\"primaryImageOfPage\":{\"@id\":\"https:\/\/www.sonoraenequipo.com.mx\/gobierno-de-sonora-realiza-la-sexta-feria-de-servicios-por-la-transformacion-en-la-colonia-insurgentes\/#primaryimage\"},\"image\":{\"@id\":\"https:\/\/www.sonoraenequipo.com.mx\/gobierno-de-sonora-realiza-la-sexta-feria-de-servicios-por-la-transformacion-en-la-colonia-insurgentes\/#primaryimage\"},\"thumbnailUrl\":\"https:\/\/www.sonoraenequipo.com.mx\/storage\/2023\/10\/feria.jpg\",\"datePublished\":\"2023-10-02T19:59:10+00:00\",\"description\":\"HERMOSILLO, SONORA,MX.\u2014 Fueron m\u00e1s de 2 mil 500 tr\u00e1mites y atenciones los que el Gobierno de Sonora brind\u00f3 en beneficio de las familias de la Colonia En Sonora en Equipo publicamos toda la informaci\u00f3n de Sonora, M\u00e9xico y el Mundo de manera oportuna y busca que la libertad de expresi\u00f3n sea real. Visita nuestro medio informativo publicado desde Hermosillo, Sonora. %\",\"breadcrumb\":{\"@id\":\"https:\/\/www.sonoraenequipo.com.mx\/gobierno-de-sonora-realiza-la-sexta-feria-de-servicios-por-la-transformacion-en-la-colonia-insurgentes\/#breadcrumb\"},\"inLanguage\":\"es\",\"potentialAction\":[{\"@type\":\"ReadAction\",\"target\":[\"https:\/\/www.sonoraenequipo.com.mx\/gobierno-de-sonora-realiza-la-sexta-feria-de-servicios-por-la-transformacion-en-la-colonia-insurgentes\/\"]}]},{\"@type\":\"ImageObject\",\"inLanguage\":\"es\",\"@id\":\"https:\/\/www.sonoraenequipo.com.mx\/gobierno-de-sonora-realiza-la-sexta-feria-de-servicios-por-la-transformacion-en-la-colonia-insurgentes\/#primaryimage\",\"url\":\"https:\/\/www.sonoraenequipo.com.mx\/storage\/2023\/10\/feria.jpg\",\"contentUrl\":\"https:\/\/www.sonoraenequipo.com.mx\/storage\/2023\/10\/feria.jpg\",\"width\":800,\"height\":534},{\"@type\":\"BreadcrumbList\",\"@id\":\"https:\/\/www.sonoraenequipo.com.mx\/gobierno-de-sonora-realiza-la-sexta-feria-de-servicios-por-la-transformacion-en-la-colonia-insurgentes\/#breadcrumb\",\"itemListElement\":[{\"@type\":\"ListItem\",\"position\":1,\"name\":\"Portada\",\"item\":\"https:\/\/www.sonoraenequipo.com.mx\/\"},{\"@type\":\"ListItem\",\"position\":2,\"name\":\"Gobierno de Sonora realiza la sexta Feria de Servicios por la Transformaci\u00f3n en la Colonia Insurgentes\"}]},{\"@type\":\"WebSite\",\"@id\":\"https:\/\/www.sonoraenequipo.com.mx\/#website\",\"url\":\"https:\/\/www.sonoraenequipo.com.mx\/\",\"name\":\"Sonora en Equipo.\",\"description\":\"Diario en l\u00ednea con Noticias desde Hermosillo, Sonora\",\"publisher\":{\"@id\":\"https:\/\/www.sonoraenequipo.com.mx\/#organization\"},\"potentialAction\":[{\"@type\":\"SearchAction\",\"target\":{\"@type\":\"EntryPoint\",\"urlTemplate\":\"https:\/\/www.sonoraenequipo.com.mx\/?s={search_term_string}\"},\"query-input\":{\"@type\":\"PropertyValueSpecification\",\"valueRequired\":true,\"valueName\":\"search_term_string\"}}],\"inLanguage\":\"es\"},{\"@type\":\"Organization\",\"@id\":\"https:\/\/www.sonoraenequipo.com.mx\/#organization\",\"name\":\"Sonoraenequipo.com.mx\",\"url\":\"https:\/\/www.sonoraenequipo.com.mx\/\",\"logo\":{\"@type\":\"ImageObject\",\"inLanguage\":\"es\",\"@id\":\"https:\/\/www.sonoraenequipo.com.mx\/#\/schema\/logo\/image\/\",\"url\":\"https:\/\/www.sonoraenequipo.com.mx\/storage\/2019\/01\/sonoraenequipo_opt.png\",\"contentUrl\":\"https:\/\/www.sonoraenequipo.com.mx\/storage\/2019\/01\/sonoraenequipo_opt.png\",\"width\":375,\"height\":125,\"caption\":\"Sonoraenequipo.com.mx\"},\"image\":{\"@id\":\"https:\/\/www.sonoraenequipo.com.mx\/#\/schema\/logo\/image\/\"},\"sameAs\":[\"https:\/\/www.facebook.com\/SonoraEE\/\",\"https:\/\/x.com\/sonoraenequipo\",\"https:\/\/www.youtube.com\/channel\/UC338nW-lPEYmJQs4ZABQ1SQ\"]},{\"@type\":\"Person\",\"@id\":\"https:\/\/www.sonoraenequipo.com.mx\/#\/schema\/person\/50102df0fb23a8fa9e8effad8fa81386\",\"name\":\"enequipo\",\"image\":{\"@type\":\"ImageObject\",\"inLanguage\":\"es\",\"@id\":\"https:\/\/www.sonoraenequipo.com.mx\/#\/schema\/person\/image\/\",\"url\":\"https:\/\/secure.gravatar.com\/avatar\/049821681b589dabc0bc20695993ccebb09f5b5d4d790cd9251b97faac7c652b?s=96&d=blank&r=g\",\"contentUrl\":\"https:\/\/secure.gravatar.com\/avatar\/049821681b589dabc0bc20695993ccebb09f5b5d4d790cd9251b97faac7c652b?s=96&d=blank&r=g\",\"caption\":\"enequipo\"},\"sameAs\":[\"https:\/\/www.facebook.com\/SonoraEE\"]}]}<\/script>\n ","yoast_head_json":{"title":"Sonora en Equipo. Gobierno de Sonora realiza la sexta Feria de Servicios por la Transformaci\u00f3n en la Colonia Insurgentes Municipios","description":"HERMOSILLO, SONORA,MX.\u2014 Fueron m\u00e1s de 2 mil 500 tr\u00e1mites y atenciones los que el Gobierno de Sonora brind\u00f3 en beneficio de las familias de la Colonia En Sonora en Equipo publicamos toda la informaci\u00f3n de Sonora, M\u00e9xico y el Mundo de manera oportuna y busca que la libertad de expresi\u00f3n sea real. Visita nuestro medio informativo publicado desde Hermosillo, Sonora. %","robots":{"index":"index","follow":"follow","max-snippet":"max-snippet:-1","max-image-preview":"max-image-preview:large","max-video-preview":"max-video-preview:-1"},"canonical":"https:\/\/www.sonoraenequipo.com.mx\/gobierno-de-sonora-realiza-la-sexta-feria-de-servicios-por-la-transformacion-en-la-colonia-insurgentes\/","og_locale":"es_ES","og_type":"article","og_title":"Sonora en Equipo. Gobierno de Sonora realiza la sexta Feria de Servicios por la Transformaci\u00f3n en la Colonia Insurgentes Municipios","og_description":"HERMOSILLO, SONORA,MX.\u2014 Fueron m\u00e1s de 2 mil 500 tr\u00e1mites y atenciones los que el Gobierno de Sonora brind\u00f3 en beneficio de las familias de la Colonia En Sonora en Equipo publicamos toda la informaci\u00f3n de Sonora, M\u00e9xico y el Mundo de manera oportuna y busca que la libertad de expresi\u00f3n sea real. Visita nuestro medio informativo publicado desde Hermosillo, Sonora. %","og_url":"https:\/\/www.sonoraenequipo.com.mx\/gobierno-de-sonora-realiza-la-sexta-feria-de-servicios-por-la-transformacion-en-la-colonia-insurgentes\/","og_site_name":"Sonora en Equipo.","article_publisher":"https:\/\/www.facebook.com\/SonoraEE\/","article_author":"https:\/\/www.facebook.com\/SonoraEE","article_published_time":"2023-10-02T19:59:10+00:00","og_image":[{"width":800,"height":534,"url":"https:\/\/www.sonoraenequipo.com.mx\/storage\/2023\/10\/feria.jpg","type":"image\/jpeg"}],"author":"enequipo","twitter_card":"summary_large_image","twitter_creator":"@sonoraenequipo","twitter_site":"@sonoraenequipo","twitter_misc":{"Escrito por":"enequipo","Tiempo de lectura":"1 minuto"},"schema":{"@context":"https:\/\/schema.org","@graph":[{"@type":"Article","@id":"https:\/\/www.sonoraenequipo.com.mx\/gobierno-de-sonora-realiza-la-sexta-feria-de-servicios-por-la-transformacion-en-la-colonia-insurgentes\/#article","isPartOf":{"@id":"https:\/\/www.sonoraenequipo.com.mx\/gobierno-de-sonora-realiza-la-sexta-feria-de-servicios-por-la-transformacion-en-la-colonia-insurgentes\/"},"author":{"name":"enequipo","@id":"https:\/\/www.sonoraenequipo.com.mx\/#\/schema\/person\/50102df0fb23a8fa9e8effad8fa81386"},"headline":"Gobierno de Sonora realiza la sexta Feria de Servicios por la Transformaci\u00f3n en la Colonia Insurgentes","datePublished":"2023-10-02T19:59:10+00:00","mainEntityOfPage":{"@id":"https:\/\/www.sonoraenequipo.com.mx\/gobierno-de-sonora-realiza-la-sexta-feria-de-servicios-por-la-transformacion-en-la-colonia-insurgentes\/"},"wordCount":264,"commentCount":0,"publisher":{"@id":"https:\/\/www.sonoraenequipo.com.mx\/#organization"},"image":{"@id":"https:\/\/www.sonoraenequipo.com.mx\/gobierno-de-sonora-realiza-la-sexta-feria-de-servicios-por-la-transformacion-en-la-colonia-insurgentes\/#primaryimage"},"thumbnailUrl":"https:\/\/www.sonoraenequipo.com.mx\/storage\/2023\/10\/feria.jpg","keywords":["servicios ciudadania"],"articleSection":["Municipios"],"inLanguage":"es","potentialAction":[{"@type":"CommentAction","name":"Comment","target":["https:\/\/www.sonoraenequipo.com.mx\/gobierno-de-sonora-realiza-la-sexta-feria-de-servicios-por-la-transformacion-en-la-colonia-insurgentes\/#respond"]}]},{"@type":"WebPage","@id":"https:\/\/www.sonoraenequipo.com.mx\/gobierno-de-sonora-realiza-la-sexta-feria-de-servicios-por-la-transformacion-en-la-colonia-insurgentes\/","url":"https:\/\/www.sonoraenequipo.com.mx\/gobierno-de-sonora-realiza-la-sexta-feria-de-servicios-por-la-transformacion-en-la-colonia-insurgentes\/","name":"Sonora en Equipo. Gobierno de Sonora realiza la sexta Feria de Servicios por la Transformaci\u00f3n en la Colonia Insurgentes Municipios","isPartOf":{"@id":"https:\/\/www.sonoraenequipo.com.mx\/#website"},"primaryImageOfPage":{"@id":"https:\/\/www.sonoraenequipo.com.mx\/gobierno-de-sonora-realiza-la-sexta-feria-de-servicios-por-la-transformacion-en-la-colonia-insurgentes\/#primaryimage"},"image":{"@id":"https:\/\/www.sonoraenequipo.com.mx\/gobierno-de-sonora-realiza-la-sexta-feria-de-servicios-por-la-transformacion-en-la-colonia-insurgentes\/#primaryimage"},"thumbnailUrl":"https:\/\/www.sonoraenequipo.com.mx\/storage\/2023\/10\/feria.jpg","datePublished":"2023-10-02T19:59:10+00:00","description":"HERMOSILLO, SONORA,MX.\u2014 Fueron m\u00e1s de 2 mil 500 tr\u00e1mites y atenciones los que el Gobierno de Sonora brind\u00f3 en beneficio de las familias de la Colonia En Sonora en Equipo publicamos toda la informaci\u00f3n de Sonora, M\u00e9xico y el Mundo de manera oportuna y busca que la libertad de expresi\u00f3n sea real. Visita nuestro medio informativo publicado desde Hermosillo, Sonora. %","breadcrumb":{"@id":"https:\/\/www.sonoraenequipo.com.mx\/gobierno-de-sonora-realiza-la-sexta-feria-de-servicios-por-la-transformacion-en-la-colonia-insurgentes\/#breadcrumb"},"inLanguage":"es","potentialAction":[{"@type":"ReadAction","target":["https:\/\/www.sonoraenequipo.com.mx\/gobierno-de-sonora-realiza-la-sexta-feria-de-servicios-por-la-transformacion-en-la-colonia-insurgentes\/"]}]},{"@type":"ImageObject","inLanguage":"es","@id":"https:\/\/www.sonoraenequipo.com.mx\/gobierno-de-sonora-realiza-la-sexta-feria-de-servicios-por-la-transformacion-en-la-colonia-insurgentes\/#primaryimage","url":"https:\/\/www.sonoraenequipo.com.mx\/storage\/2023\/10\/feria.jpg","contentUrl":"https:\/\/www.sonoraenequipo.com.mx\/storage\/2023\/10\/feria.jpg","width":800,"height":534},{"@type":"BreadcrumbList","@id":"https:\/\/www.sonoraenequipo.com.mx\/gobierno-de-sonora-realiza-la-sexta-feria-de-servicios-por-la-transformacion-en-la-colonia-insurgentes\/#breadcrumb","itemListElement":[{"@type":"ListItem","position":1,"name":"Portada","item":"https:\/\/www.sonoraenequipo.com.mx\/"},{"@type":"ListItem","position":2,"name":"Gobierno de Sonora realiza la sexta Feria de Servicios por la Transformaci\u00f3n en la Colonia Insurgentes"}]},{"@type":"WebSite","@id":"https:\/\/www.sonoraenequipo.com.mx\/#website","url":"https:\/\/www.sonoraenequipo.com.mx\/","name":"Sonora en Equipo.","description":"Diario en l\u00ednea con Noticias desde Hermosillo, Sonora","publisher":{"@id":"https:\/\/www.sonoraenequipo.com.mx\/#organization"},"potentialAction":[{"@type":"SearchAction","target":{"@type":"EntryPoint","urlTemplate":"https:\/\/www.sonoraenequipo.com.mx\/?s={search_term_string}"},"query-input":{"@type":"PropertyValueSpecification","valueRequired":true,"valueName":"search_term_string"}}],"inLanguage":"es"},{"@type":"Organization","@id":"https:\/\/www.sonoraenequipo.com.mx\/#organization","name":"Sonoraenequipo.com.mx","url":"https:\/\/www.sonoraenequipo.com.mx\/","logo":{"@type":"ImageObject","inLanguage":"es","@id":"https:\/\/www.sonoraenequipo.com.mx\/#\/schema\/logo\/image\/","url":"https:\/\/www.sonoraenequipo.com.mx\/storage\/2019\/01\/sonoraenequipo_opt.png","contentUrl":"https:\/\/www.sonoraenequipo.com.mx\/storage\/2019\/01\/sonoraenequipo_opt.png","width":375,"height":125,"caption":"Sonoraenequipo.com.mx"},"image":{"@id":"https:\/\/www.sonoraenequipo.com.mx\/#\/schema\/logo\/image\/"},"sameAs":["https:\/\/www.facebook.com\/SonoraEE\/","https:\/\/x.com\/sonoraenequipo","https:\/\/www.youtube.com\/channel\/UC338nW-lPEYmJQs4ZABQ1SQ"]},{"@type":"Person","@id":"https:\/\/www.sonoraenequipo.com.mx\/#\/schema\/person\/50102df0fb23a8fa9e8effad8fa81386","name":"enequipo","image":{"@type":"ImageObject","inLanguage":"es","@id":"https:\/\/www.sonoraenequipo.com.mx\/#\/schema\/person\/image\/","url":"https:\/\/secure.gravatar.com\/avatar\/049821681b589dabc0bc20695993ccebb09f5b5d4d790cd9251b97faac7c652b?s=96&d=blank&r=g","contentUrl":"https:\/\/secure.gravatar.com\/avatar\/049821681b589dabc0bc20695993ccebb09f5b5d4d790cd9251b97faac7c652b?s=96&d=blank&r=g","caption":"enequipo"},"sameAs":["https:\/\/www.facebook.com\/SonoraEE"]}]}},"jetpack_featured_media_url":"https:\/\/www.sonoraenequipo.com.mx\/storage\/2023\/10\/feria.jpg","_links":{"self":[{"href":"https:\/\/www.sonoraenequipo.com.mx\/api\/wp\/v2\/posts\/176075","targetHints":{"allow":["GET"]}}],"collection":[{"href":"https:\/\/www.sonoraenequipo.com.mx\/api\/wp\/v2\/posts"}],"about":[{"href":"https:\/\/www.sonoraenequipo.com.mx\/api\/wp\/v2\/types\/post"}],"author":[{"embeddable":true,"href":"https:\/\/www.sonoraenequipo.com.mx\/api\/wp\/v2\/users\/1"}],"replies":[{"embeddable":true,"href":"https:\/\/www.sonoraenequipo.com.mx\/api\/wp\/v2\/comments?post=176075"}],"version-history":[{"count":1,"href":"https:\/\/www.sonoraenequipo.com.mx\/api\/wp\/v2\/posts\/176075\/revisions"}],"predecessor-version":[{"id":176077,"href":"https:\/\/www.sonoraenequipo.com.mx\/api\/wp\/v2\/posts\/176075\/revisions\/176077"}],"wp:featuredmedia":[{"embeddable":true,"href":"https:\/\/www.sonoraenequipo.com.mx\/api\/wp\/v2\/media\/176076"}],"wp:attachment":[{"href":"https:\/\/www.sonoraenequipo.com.mx\/api\/wp\/v2\/media?parent=176075"}],"wp:term":[{"taxonomy":"category","embeddable":true,"href":"https:\/\/www.sonoraenequipo.com.mx\/api\/wp\/v2\/categories?post=176075"},{"taxonomy":"post_tag","embeddable":true,"href":"https:\/\/www.sonoraenequipo.com.mx\/api\/wp\/v2\/tags?post=176075"}],"curies":[{"name":"wp","href":"https:\/\/api.w.org\/{rel}","templated":true}]}}