{"id":176143,"date":"2023-10-03T13:47:39","date_gmt":"2023-10-03T20:47:39","guid":{"rendered":"https:\/\/www.sonoraenequipo.com.mx\/?p=176143"},"modified":"2023-10-03T19:26:28","modified_gmt":"2023-10-04T02:26:28","slug":"ocupan-de-cuidados-en-mexico-mas-de-58-millones-de-personas-en-hogares","status":"publish","type":"post","link":"https:\/\/www.sonoraenequipo.com.mx\/ocupan-de-cuidados-en-mexico-mas-de-58-millones-de-personas-en-hogares\/","title":{"rendered":"Ocupan de cuidados en M\u00e9xico\u00a0 m\u00e1s de 58 millones de personas en hogares"},"content":{"rendered":"<p>El Instituto Nacional de Estad\u00edstica y Geograf\u00eda (INEGI) presenta los resultados de la primera edici\u00f3n de la Encuesta Nacional para el Sistema de Cuidados (ENASIC) 2022 que brinda informaci\u00f3n estad\u00edstica, principalmente, sobre la demanda de cuidados en los hogares, las caracter\u00edsticas de las personas cuidadoras y las percepciones sobre tipos de cuidados.<\/p>\n<p>En M\u00e9xico se estiman 58.3 millones de personas susceptibles de recibir cuidados en los hogares, cifra que se conforma por personas con discapacidad o dependientes ; poblaci\u00f3n infantil (0 a 5 a\u00f1os); ni\u00f1as, ni\u00f1os y adolescentes (5-17 a\u00f1os); personas adultas mayores (60 a\u00f1os y m\u00e1s). Del total de estas personas, 64.5 % los recibe por parte de una persona de su hogar o de otro hogar.<\/p>\n<p>El grupo con la mayor cobertura de cuidados fueron las y los infantes de hasta 5 a\u00f1os, con 99.0 por ciento. El segundo lugar lo ocupan las y los menores de 6 a 11 a\u00f1os (93.0 %), seguidos por las y los adolescentes de 12 a 17 a\u00f1os (65.9 %), las personas con discapacidad o dependencia (61.5 %) y las personas adultas mayores (22.4 %).<\/p>\n<p>En 2022, 31.7 millones de personas de 15 a\u00f1os y m\u00e1s brindaron cuidados a integrantes de su hogar o de otros hogares. De esta poblaci\u00f3n, 75.1 % correspondi\u00f3 a mujeres y 24.9 %, a hombres.<\/p>\n<p>Las mujeres que son cuidadoras principales dedicaron, en promedio, 38.9 horas a la semana a la labor de cuidados. En el caso de los hombres cuidadores principales, el promedio fue de 30.6 horas.<\/p>\n<p><strong>PRINCIPALES RESULTADOS<\/strong><\/p>\n<p>&nbsp;<\/p>\n<p><em><strong>PERSONAS SUSCEPTIBLES DE RECIBIR CUIDADOS<\/strong><\/em><\/p>\n<p>En esta secci\u00f3n se presentan los resultados de las personas susceptibles de recibir cuidados en su hogar o fuera de este. En 2022, del total de los hogares en el pa\u00eds, 77.8 % (30.2 millones) ten\u00eda al menos una o un integrante en esta situaci\u00f3n. Este porcentaje incluye a la poblaci\u00f3n con discapacidad o dependencia; poblaci\u00f3n infantil (0-5 a\u00f1os); ni\u00f1as, ni\u00f1os y adolescentes (6-17 a\u00f1os); y personas adultas mayores (60 a\u00f1os y m\u00e1s).<\/p>\n<p><strong>Fecha de publicaci\u00f3n\u00a0 martes 3\u00a0 de octubre de 2023<\/strong><\/p>\n","protected":false},"excerpt":{"rendered":"<p>El Instituto Nacional de Estad\u00edstica y Geograf\u00eda (INEGI) presenta los resultados de la primera edici\u00f3n&#8230;<\/p>\n","protected":false},"author":1,"featured_media":176144,"comment_status":"open","ping_status":"open","sticky":false,"template":"","format":"standard","meta":{"_monsterinsights_skip_tracking":false,"_monsterinsights_sitenote_active":false,"_monsterinsights_sitenote_note":"","_monsterinsights_sitenote_category":0,"footnotes":""},"categories":[6493],"tags":[8374,3329,53],"class_list":["post"],"yoast_head":" \n<title>Sonora en Equipo. Ocupan de cuidados en M\u00e9xico\u00a0 m\u00e1s de 58 millones de personas en hogares PALABRAS Y N\u00daMEROS<\/title>\n<meta name=\"description\" content=\"El Instituto Nacional de Estad\u00edstica y Geograf\u00eda (INEGI) presenta los resultados de la primera edici\u00f3n de la Encuesta Nacional para el Sistema de Cuidados En Sonora en Equipo publicamos toda la informaci\u00f3n de Sonora, M\u00e9xico y el Mundo de manera oportuna y busca que la libertad de expresi\u00f3n sea real. Visita nuestro medio informativo publicado desde Hermosillo, Sonora. %\" \/>\n<meta name=\"robots\" content=\"index, follow, max-snippet:-1, max-image-preview:large, max-video-preview:-1\" \/>\n<link rel=\"canonical\" href=\"https:\/\/www.sonoraenequipo.com.mx\/ocupan-de-cuidados-en-mexico-mas-de-58-millones-de-personas-en-hogares\/\" \/>\n<meta property=\"og:locale\" content=\"es_ES\" \/>\n<meta property=\"og:type\" content=\"article\" \/>\n<meta property=\"og:title\" content=\"Sonora en Equipo. Ocupan de cuidados en M\u00e9xico\u00a0 m\u00e1s de 58 millones de personas en hogares PALABRAS Y N\u00daMEROS\" \/>\n<meta property=\"og:description\" content=\"El Instituto Nacional de Estad\u00edstica y Geograf\u00eda (INEGI) presenta los resultados de la primera edici\u00f3n de la Encuesta Nacional para el Sistema de Cuidados En Sonora en Equipo publicamos toda la informaci\u00f3n de Sonora, M\u00e9xico y el Mundo de manera oportuna y busca que la libertad de expresi\u00f3n sea real. Visita nuestro medio informativo publicado desde Hermosillo, Sonora. %\" \/>\n<meta property=\"og:url\" content=\"https:\/\/www.sonoraenequipo.com.mx\/ocupan-de-cuidados-en-mexico-mas-de-58-millones-de-personas-en-hogares\/\" \/>\n<meta property=\"og:site_name\" content=\"Sonora en Equipo.\" \/>\n<meta property=\"article:publisher\" content=\"https:\/\/www.facebook.com\/SonoraEE\/\" \/>\n<meta property=\"article:author\" content=\"https:\/\/www.facebook.com\/SonoraEE\" \/>\n<meta property=\"article:published_time\" content=\"2023-10-03T20:47:39+00:00\" \/>\n<meta property=\"article:modified_time\" content=\"2023-10-04T02:26:28+00:00\" \/>\n<meta property=\"og:image\" content=\"https:\/\/www.sonoraenequipo.com.mx\/storage\/2023\/10\/discapacidad.jpg\" \/>\n\t<meta property=\"og:image:width\" content=\"900\" \/>\n\t<meta property=\"og:image:height\" content=\"600\" \/>\n\t<meta property=\"og:image:type\" content=\"image\/jpeg\" \/>\n<meta name=\"author\" content=\"enequipo\" \/>\n<meta name=\"twitter:card\" content=\"summary_large_image\" \/>\n<meta name=\"twitter:creator\" content=\"@sonoraenequipo\" \/>\n<meta name=\"twitter:site\" content=\"@sonoraenequipo\" \/>\n<meta name=\"twitter:label1\" content=\"Escrito por\" \/>\n\t<meta name=\"twitter:data1\" content=\"enequipo\" \/>\n\t<meta name=\"twitter:label2\" content=\"Tiempo de lectura\" \/>\n\t<meta name=\"twitter:data2\" content=\"2 minutos\" \/>\n<script type=\"application\/ld+json\" class=\"yoast-schema-graph\">{\"@context\":\"https:\/\/schema.org\",\"@graph\":[{\"@type\":\"Article\",\"@id\":\"https:\/\/www.sonoraenequipo.com.mx\/ocupan-de-cuidados-en-mexico-mas-de-58-millones-de-personas-en-hogares\/#article\",\"isPartOf\":{\"@id\":\"https:\/\/www.sonoraenequipo.com.mx\/ocupan-de-cuidados-en-mexico-mas-de-58-millones-de-personas-en-hogares\/\"},\"author\":{\"name\":\"enequipo\",\"@id\":\"https:\/\/www.sonoraenequipo.com.mx\/#\/schema\/person\/50102df0fb23a8fa9e8effad8fa81386\"},\"headline\":\"Ocupan de cuidados en M\u00e9xico\u00a0 m\u00e1s de 58 millones de personas en hogares\",\"datePublished\":\"2023-10-03T20:47:39+00:00\",\"dateModified\":\"2023-10-04T02:26:28+00:00\",\"mainEntityOfPage\":{\"@id\":\"https:\/\/www.sonoraenequipo.com.mx\/ocupan-de-cuidados-en-mexico-mas-de-58-millones-de-personas-en-hogares\/\"},\"wordCount\":350,\"commentCount\":0,\"publisher\":{\"@id\":\"https:\/\/www.sonoraenequipo.com.mx\/#organization\"},\"image\":{\"@id\":\"https:\/\/www.sonoraenequipo.com.mx\/ocupan-de-cuidados-en-mexico-mas-de-58-millones-de-personas-en-hogares\/#primaryimage\"},\"thumbnailUrl\":\"https:\/\/www.sonoraenequipo.com.mx\/storage\/2023\/10\/discapacidad.jpg\",\"keywords\":[\"cuidados\",\"hogares\",\"mexico\"],\"articleSection\":[\"PALABRAS Y N\u00daMEROS\"],\"inLanguage\":\"es\",\"potentialAction\":[{\"@type\":\"CommentAction\",\"name\":\"Comment\",\"target\":[\"https:\/\/www.sonoraenequipo.com.mx\/ocupan-de-cuidados-en-mexico-mas-de-58-millones-de-personas-en-hogares\/#respond\"]}]},{\"@type\":\"WebPage\",\"@id\":\"https:\/\/www.sonoraenequipo.com.mx\/ocupan-de-cuidados-en-mexico-mas-de-58-millones-de-personas-en-hogares\/\",\"url\":\"https:\/\/www.sonoraenequipo.com.mx\/ocupan-de-cuidados-en-mexico-mas-de-58-millones-de-personas-en-hogares\/\",\"name\":\"Sonora en Equipo. Ocupan de cuidados en M\u00e9xico\u00a0 m\u00e1s de 58 millones de personas en hogares PALABRAS Y N\u00daMEROS\",\"isPartOf\":{\"@id\":\"https:\/\/www.sonoraenequipo.com.mx\/#website\"},\"primaryImageOfPage\":{\"@id\":\"https:\/\/www.sonoraenequipo.com.mx\/ocupan-de-cuidados-en-mexico-mas-de-58-millones-de-personas-en-hogares\/#primaryimage\"},\"image\":{\"@id\":\"https:\/\/www.sonoraenequipo.com.mx\/ocupan-de-cuidados-en-mexico-mas-de-58-millones-de-personas-en-hogares\/#primaryimage\"},\"thumbnailUrl\":\"https:\/\/www.sonoraenequipo.com.mx\/storage\/2023\/10\/discapacidad.jpg\",\"datePublished\":\"2023-10-03T20:47:39+00:00\",\"dateModified\":\"2023-10-04T02:26:28+00:00\",\"description\":\"El Instituto Nacional de Estad\u00edstica y Geograf\u00eda (INEGI) presenta los resultados de la primera edici\u00f3n de la Encuesta Nacional para el Sistema de Cuidados En Sonora en Equipo publicamos toda la informaci\u00f3n de Sonora, M\u00e9xico y el Mundo de manera oportuna y busca que la libertad de expresi\u00f3n sea real. Visita nuestro medio informativo publicado desde Hermosillo, Sonora. %\",\"breadcrumb\":{\"@id\":\"https:\/\/www.sonoraenequipo.com.mx\/ocupan-de-cuidados-en-mexico-mas-de-58-millones-de-personas-en-hogares\/#breadcrumb\"},\"inLanguage\":\"es\",\"potentialAction\":[{\"@type\":\"ReadAction\",\"target\":[\"https:\/\/www.sonoraenequipo.com.mx\/ocupan-de-cuidados-en-mexico-mas-de-58-millones-de-personas-en-hogares\/\"]}]},{\"@type\":\"ImageObject\",\"inLanguage\":\"es\",\"@id\":\"https:\/\/www.sonoraenequipo.com.mx\/ocupan-de-cuidados-en-mexico-mas-de-58-millones-de-personas-en-hogares\/#primaryimage\",\"url\":\"https:\/\/www.sonoraenequipo.com.mx\/storage\/2023\/10\/discapacidad.jpg\",\"contentUrl\":\"https:\/\/www.sonoraenequipo.com.mx\/storage\/2023\/10\/discapacidad.jpg\",\"width\":900,\"height\":600},{\"@type\":\"BreadcrumbList\",\"@id\":\"https:\/\/www.sonoraenequipo.com.mx\/ocupan-de-cuidados-en-mexico-mas-de-58-millones-de-personas-en-hogares\/#breadcrumb\",\"itemListElement\":[{\"@type\":\"ListItem\",\"position\":1,\"name\":\"Portada\",\"item\":\"https:\/\/www.sonoraenequipo.com.mx\/\"},{\"@type\":\"ListItem\",\"position\":2,\"name\":\"Ocupan de cuidados en M\u00e9xico\u00a0 m\u00e1s de 58 millones de personas en hogares\"}]},{\"@type\":\"WebSite\",\"@id\":\"https:\/\/www.sonoraenequipo.com.mx\/#website\",\"url\":\"https:\/\/www.sonoraenequipo.com.mx\/\",\"name\":\"Sonora en Equipo.\",\"description\":\"Diario en l\u00ednea con Noticias desde Hermosillo, Sonora\",\"publisher\":{\"@id\":\"https:\/\/www.sonoraenequipo.com.mx\/#organization\"},\"potentialAction\":[{\"@type\":\"SearchAction\",\"target\":{\"@type\":\"EntryPoint\",\"urlTemplate\":\"https:\/\/www.sonoraenequipo.com.mx\/?s={search_term_string}\"},\"query-input\":{\"@type\":\"PropertyValueSpecification\",\"valueRequired\":true,\"valueName\":\"search_term_string\"}}],\"inLanguage\":\"es\"},{\"@type\":\"Organization\",\"@id\":\"https:\/\/www.sonoraenequipo.com.mx\/#organization\",\"name\":\"Sonoraenequipo.com.mx\",\"url\":\"https:\/\/www.sonoraenequipo.com.mx\/\",\"logo\":{\"@type\":\"ImageObject\",\"inLanguage\":\"es\",\"@id\":\"https:\/\/www.sonoraenequipo.com.mx\/#\/schema\/logo\/image\/\",\"url\":\"https:\/\/www.sonoraenequipo.com.mx\/storage\/2019\/01\/sonoraenequipo_opt.png\",\"contentUrl\":\"https:\/\/www.sonoraenequipo.com.mx\/storage\/2019\/01\/sonoraenequipo_opt.png\",\"width\":375,\"height\":125,\"caption\":\"Sonoraenequipo.com.mx\"},\"image\":{\"@id\":\"https:\/\/www.sonoraenequipo.com.mx\/#\/schema\/logo\/image\/\"},\"sameAs\":[\"https:\/\/www.facebook.com\/SonoraEE\/\",\"https:\/\/x.com\/sonoraenequipo\",\"https:\/\/www.youtube.com\/channel\/UC338nW-lPEYmJQs4ZABQ1SQ\"]},{\"@type\":\"Person\",\"@id\":\"https:\/\/www.sonoraenequipo.com.mx\/#\/schema\/person\/50102df0fb23a8fa9e8effad8fa81386\",\"name\":\"enequipo\",\"image\":{\"@type\":\"ImageObject\",\"inLanguage\":\"es\",\"@id\":\"https:\/\/www.sonoraenequipo.com.mx\/#\/schema\/person\/image\/\",\"url\":\"https:\/\/secure.gravatar.com\/avatar\/049821681b589dabc0bc20695993ccebb09f5b5d4d790cd9251b97faac7c652b?s=96&d=blank&r=g\",\"contentUrl\":\"https:\/\/secure.gravatar.com\/avatar\/049821681b589dabc0bc20695993ccebb09f5b5d4d790cd9251b97faac7c652b?s=96&d=blank&r=g\",\"caption\":\"enequipo\"},\"sameAs\":[\"https:\/\/www.facebook.com\/SonoraEE\"]}]}<\/script>\n ","yoast_head_json":{"title":"Sonora en Equipo. Ocupan de cuidados en M\u00e9xico\u00a0 m\u00e1s de 58 millones de personas en hogares PALABRAS Y N\u00daMEROS","description":"El Instituto Nacional de Estad\u00edstica y Geograf\u00eda (INEGI) presenta los resultados de la primera edici\u00f3n de la Encuesta Nacional para el Sistema de Cuidados En Sonora en Equipo publicamos toda la informaci\u00f3n de Sonora, M\u00e9xico y el Mundo de manera oportuna y busca que la libertad de expresi\u00f3n sea real. Visita nuestro medio informativo publicado desde Hermosillo, Sonora. %","robots":{"index":"index","follow":"follow","max-snippet":"max-snippet:-1","max-image-preview":"max-image-preview:large","max-video-preview":"max-video-preview:-1"},"canonical":"https:\/\/www.sonoraenequipo.com.mx\/ocupan-de-cuidados-en-mexico-mas-de-58-millones-de-personas-en-hogares\/","og_locale":"es_ES","og_type":"article","og_title":"Sonora en Equipo. Ocupan de cuidados en M\u00e9xico\u00a0 m\u00e1s de 58 millones de personas en hogares PALABRAS Y N\u00daMEROS","og_description":"El Instituto Nacional de Estad\u00edstica y Geograf\u00eda (INEGI) presenta los resultados de la primera edici\u00f3n de la Encuesta Nacional para el Sistema de Cuidados En Sonora en Equipo publicamos toda la informaci\u00f3n de Sonora, M\u00e9xico y el Mundo de manera oportuna y busca que la libertad de expresi\u00f3n sea real. Visita nuestro medio informativo publicado desde Hermosillo, Sonora. %","og_url":"https:\/\/www.sonoraenequipo.com.mx\/ocupan-de-cuidados-en-mexico-mas-de-58-millones-de-personas-en-hogares\/","og_site_name":"Sonora en Equipo.","article_publisher":"https:\/\/www.facebook.com\/SonoraEE\/","article_author":"https:\/\/www.facebook.com\/SonoraEE","article_published_time":"2023-10-03T20:47:39+00:00","article_modified_time":"2023-10-04T02:26:28+00:00","og_image":[{"width":900,"height":600,"url":"https:\/\/www.sonoraenequipo.com.mx\/storage\/2023\/10\/discapacidad.jpg","type":"image\/jpeg"}],"author":"enequipo","twitter_card":"summary_large_image","twitter_creator":"@sonoraenequipo","twitter_site":"@sonoraenequipo","twitter_misc":{"Escrito por":"enequipo","Tiempo de lectura":"2 minutos"},"schema":{"@context":"https:\/\/schema.org","@graph":[{"@type":"Article","@id":"https:\/\/www.sonoraenequipo.com.mx\/ocupan-de-cuidados-en-mexico-mas-de-58-millones-de-personas-en-hogares\/#article","isPartOf":{"@id":"https:\/\/www.sonoraenequipo.com.mx\/ocupan-de-cuidados-en-mexico-mas-de-58-millones-de-personas-en-hogares\/"},"author":{"name":"enequipo","@id":"https:\/\/www.sonoraenequipo.com.mx\/#\/schema\/person\/50102df0fb23a8fa9e8effad8fa81386"},"headline":"Ocupan de cuidados en M\u00e9xico\u00a0 m\u00e1s de 58 millones de personas en hogares","datePublished":"2023-10-03T20:47:39+00:00","dateModified":"2023-10-04T02:26:28+00:00","mainEntityOfPage":{"@id":"https:\/\/www.sonoraenequipo.com.mx\/ocupan-de-cuidados-en-mexico-mas-de-58-millones-de-personas-en-hogares\/"},"wordCount":350,"commentCount":0,"publisher":{"@id":"https:\/\/www.sonoraenequipo.com.mx\/#organization"},"image":{"@id":"https:\/\/www.sonoraenequipo.com.mx\/ocupan-de-cuidados-en-mexico-mas-de-58-millones-de-personas-en-hogares\/#primaryimage"},"thumbnailUrl":"https:\/\/www.sonoraenequipo.com.mx\/storage\/2023\/10\/discapacidad.jpg","keywords":["cuidados","hogares","mexico"],"articleSection":["PALABRAS Y N\u00daMEROS"],"inLanguage":"es","potentialAction":[{"@type":"CommentAction","name":"Comment","target":["https:\/\/www.sonoraenequipo.com.mx\/ocupan-de-cuidados-en-mexico-mas-de-58-millones-de-personas-en-hogares\/#respond"]}]},{"@type":"WebPage","@id":"https:\/\/www.sonoraenequipo.com.mx\/ocupan-de-cuidados-en-mexico-mas-de-58-millones-de-personas-en-hogares\/","url":"https:\/\/www.sonoraenequipo.com.mx\/ocupan-de-cuidados-en-mexico-mas-de-58-millones-de-personas-en-hogares\/","name":"Sonora en Equipo. Ocupan de cuidados en M\u00e9xico\u00a0 m\u00e1s de 58 millones de personas en hogares PALABRAS Y N\u00daMEROS","isPartOf":{"@id":"https:\/\/www.sonoraenequipo.com.mx\/#website"},"primaryImageOfPage":{"@id":"https:\/\/www.sonoraenequipo.com.mx\/ocupan-de-cuidados-en-mexico-mas-de-58-millones-de-personas-en-hogares\/#primaryimage"},"image":{"@id":"https:\/\/www.sonoraenequipo.com.mx\/ocupan-de-cuidados-en-mexico-mas-de-58-millones-de-personas-en-hogares\/#primaryimage"},"thumbnailUrl":"https:\/\/www.sonoraenequipo.com.mx\/storage\/2023\/10\/discapacidad.jpg","datePublished":"2023-10-03T20:47:39+00:00","dateModified":"2023-10-04T02:26:28+00:00","description":"El Instituto Nacional de Estad\u00edstica y Geograf\u00eda (INEGI) presenta los resultados de la primera edici\u00f3n de la Encuesta Nacional para el Sistema de Cuidados En Sonora en Equipo publicamos toda la informaci\u00f3n de Sonora, M\u00e9xico y el Mundo de manera oportuna y busca que la libertad de expresi\u00f3n sea real. Visita nuestro medio informativo publicado desde Hermosillo, Sonora. %","breadcrumb":{"@id":"https:\/\/www.sonoraenequipo.com.mx\/ocupan-de-cuidados-en-mexico-mas-de-58-millones-de-personas-en-hogares\/#breadcrumb"},"inLanguage":"es","potentialAction":[{"@type":"ReadAction","target":["https:\/\/www.sonoraenequipo.com.mx\/ocupan-de-cuidados-en-mexico-mas-de-58-millones-de-personas-en-hogares\/"]}]},{"@type":"ImageObject","inLanguage":"es","@id":"https:\/\/www.sonoraenequipo.com.mx\/ocupan-de-cuidados-en-mexico-mas-de-58-millones-de-personas-en-hogares\/#primaryimage","url":"https:\/\/www.sonoraenequipo.com.mx\/storage\/2023\/10\/discapacidad.jpg","contentUrl":"https:\/\/www.sonoraenequipo.com.mx\/storage\/2023\/10\/discapacidad.jpg","width":900,"height":600},{"@type":"BreadcrumbList","@id":"https:\/\/www.sonoraenequipo.com.mx\/ocupan-de-cuidados-en-mexico-mas-de-58-millones-de-personas-en-hogares\/#breadcrumb","itemListElement":[{"@type":"ListItem","position":1,"name":"Portada","item":"https:\/\/www.sonoraenequipo.com.mx\/"},{"@type":"ListItem","position":2,"name":"Ocupan de cuidados en M\u00e9xico\u00a0 m\u00e1s de 58 millones de personas en hogares"}]},{"@type":"WebSite","@id":"https:\/\/www.sonoraenequipo.com.mx\/#website","url":"https:\/\/www.sonoraenequipo.com.mx\/","name":"Sonora en Equipo.","description":"Diario en l\u00ednea con Noticias desde Hermosillo, Sonora","publisher":{"@id":"https:\/\/www.sonoraenequipo.com.mx\/#organization"},"potentialAction":[{"@type":"SearchAction","target":{"@type":"EntryPoint","urlTemplate":"https:\/\/www.sonoraenequipo.com.mx\/?s={search_term_string}"},"query-input":{"@type":"PropertyValueSpecification","valueRequired":true,"valueName":"search_term_string"}}],"inLanguage":"es"},{"@type":"Organization","@id":"https:\/\/www.sonoraenequipo.com.mx\/#organization","name":"Sonoraenequipo.com.mx","url":"https:\/\/www.sonoraenequipo.com.mx\/","logo":{"@type":"ImageObject","inLanguage":"es","@id":"https:\/\/www.sonoraenequipo.com.mx\/#\/schema\/logo\/image\/","url":"https:\/\/www.sonoraenequipo.com.mx\/storage\/2019\/01\/sonoraenequipo_opt.png","contentUrl":"https:\/\/www.sonoraenequipo.com.mx\/storage\/2019\/01\/sonoraenequipo_opt.png","width":375,"height":125,"caption":"Sonoraenequipo.com.mx"},"image":{"@id":"https:\/\/www.sonoraenequipo.com.mx\/#\/schema\/logo\/image\/"},"sameAs":["https:\/\/www.facebook.com\/SonoraEE\/","https:\/\/x.com\/sonoraenequipo","https:\/\/www.youtube.com\/channel\/UC338nW-lPEYmJQs4ZABQ1SQ"]},{"@type":"Person","@id":"https:\/\/www.sonoraenequipo.com.mx\/#\/schema\/person\/50102df0fb23a8fa9e8effad8fa81386","name":"enequipo","image":{"@type":"ImageObject","inLanguage":"es","@id":"https:\/\/www.sonoraenequipo.com.mx\/#\/schema\/person\/image\/","url":"https:\/\/secure.gravatar.com\/avatar\/049821681b589dabc0bc20695993ccebb09f5b5d4d790cd9251b97faac7c652b?s=96&d=blank&r=g","contentUrl":"https:\/\/secure.gravatar.com\/avatar\/049821681b589dabc0bc20695993ccebb09f5b5d4d790cd9251b97faac7c652b?s=96&d=blank&r=g","caption":"enequipo"},"sameAs":["https:\/\/www.facebook.com\/SonoraEE"]}]}},"jetpack_featured_media_url":"https:\/\/www.sonoraenequipo.com.mx\/storage\/2023\/10\/discapacidad.jpg","_links":{"self":[{"href":"https:\/\/www.sonoraenequipo.com.mx\/api\/wp\/v2\/posts\/176143","targetHints":{"allow":["GET"]}}],"collection":[{"href":"https:\/\/www.sonoraenequipo.com.mx\/api\/wp\/v2\/posts"}],"about":[{"href":"https:\/\/www.sonoraenequipo.com.mx\/api\/wp\/v2\/types\/post"}],"author":[{"embeddable":true,"href":"https:\/\/www.sonoraenequipo.com.mx\/api\/wp\/v2\/users\/1"}],"replies":[{"embeddable":true,"href":"https:\/\/www.sonoraenequipo.com.mx\/api\/wp\/v2\/comments?post=176143"}],"version-history":[{"count":1,"href":"https:\/\/www.sonoraenequipo.com.mx\/api\/wp\/v2\/posts\/176143\/revisions"}],"predecessor-version":[{"id":176145,"href":"https:\/\/www.sonoraenequipo.com.mx\/api\/wp\/v2\/posts\/176143\/revisions\/176145"}],"wp:featuredmedia":[{"embeddable":true,"href":"https:\/\/www.sonoraenequipo.com.mx\/api\/wp\/v2\/media\/176144"}],"wp:attachment":[{"href":"https:\/\/www.sonoraenequipo.com.mx\/api\/wp\/v2\/media?parent=176143"}],"wp:term":[{"taxonomy":"category","embeddable":true,"href":"https:\/\/www.sonoraenequipo.com.mx\/api\/wp\/v2\/categories?post=176143"},{"taxonomy":"post_tag","embeddable":true,"href":"https:\/\/www.sonoraenequipo.com.mx\/api\/wp\/v2\/tags?post=176143"}],"curies":[{"name":"wp","href":"https:\/\/api.w.org\/{rel}","templated":true}]}}