{"id":176157,"date":"2023-10-03T14:54:58","date_gmt":"2023-10-03T21:54:58","guid":{"rendered":"https:\/\/www.sonoraenequipo.com.mx\/?p=176157"},"modified":"2023-10-03T18:39:18","modified_gmt":"2023-10-04T01:39:18","slug":"inician-actividades-del-xvi-congreso-estudiantil-de-medicina-de-la-universidad-de-sonora","status":"publish","type":"post","link":"https:\/\/www.sonoraenequipo.com.mx\/inician-actividades-del-xvi-congreso-estudiantil-de-medicina-de-la-universidad-de-sonora\/","title":{"rendered":"Inician actividades del XVI Congreso Estudiantil de Medicina de la Universidad de Sonora"},"content":{"rendered":"<p><strong>HERMOSILLO, SONORA. MX.\u2014 <\/strong>Con una gran asistencia, este martes, 3 de octubre, iniciaron los trabajos del XVI Congreso Estudiantil de Medicina de la Universidad de Sonora (CEMUS) en el que se abordar\u00e1n temas de gran inter\u00e9s relacionados con la urolog\u00eda, la ginecolog\u00eda y la obstetricia.<\/p>\n<p>&nbsp;<\/p>\n<p> El evento fue inaugurado por la rectora Mar\u00eda Rita Plancarte Mart\u00ednez, quien, acompa\u00f1ada por directivos del \u00e1rea de Ciencias de la Salud, resalt\u00f3 la importancia del evento organizado por estudiantes y para estudiantes, con una alta calidad en su programa, contenidos y, sobre todo, invitados.<\/p>\n<p>&nbsp;<\/p>\n<p><em><strong>\u201cQue sea el estudiantado quien organiza un congreso cient\u00edfico es algo que, sin duda, se debe resaltar y, si un encuentro como este llega a su d\u00e9cima sexta edici\u00f3n, es digno de elogio, pues se requiere de mucho tiempo, esfuerzo y voluntad para sacar adelante un evento que convoca no s\u00f3lo a las y los mejores especialistas locales y regionales, sino tambi\u00e9n a una enorme cantidad de asistentes a quienes hay que atender puntualmente\u201d<\/strong><\/em>, expres\u00f3.<\/p>\n<p>&nbsp;<\/p>\n<p>Plancarte Mart\u00ednez hizo \u00e9nfasis en la relevancia de que sea el propio alumnado el que se vuelva part\u00edcipe de su formaci\u00f3n profesional porque se compromete con el aprendizaje constante y con un estilo de vida acad\u00e9mico que los impulsa a mantenerse a la vanguardia del conocimiento.<\/p>\n<p>&nbsp;<\/p>\n<p><strong><em>\u201cA nombre de la Universidad de Sonora, les extiendo mi m\u00e1s c\u00e1lido reconocimiento. Tocar en este congreso temas actuales y de gran importancia para la sociedad desde la primera edici\u00f3n, cumpliendo uno de los prop\u00f3sitos de este encuentro de crear un espacio formativo de debate, reflexi\u00f3n e intercambio de experiencias para ir ampliando el bagaje de conocimientos tanto de estudiantes como de docentes, es de aplaudirse\u201d<\/em><\/strong>, agreg\u00f3.<\/p>\n<h3>\nDe excelencia<\/h3>\n<p>Mar\u00eda Rita Plancarte Mart\u00ednez fue la encargada de inaugurar el evento al alentar al gremio de m\u00e9dicos que se mantiene en una constante actualizaci\u00f3n y, por ello, dijo que la instituci\u00f3n y la comunidad universitaria, debemos aspirar a mantenernos siempre a la vanguardia.<\/p>\n<p>&nbsp;<\/p>\n<p><em><strong>\u201cEn el caso de Medicina, una preparaci\u00f3n del estudiantado debe ser de excelencia porque los avances cient\u00edficos y tecnol\u00f3gicos aplicados a esta disciplina, son herramientas te\u00f3rico pr\u00e1cticas que utilizar\u00e1n en el corto plazo cuando egresen del programa acad\u00e9mico\u201d<\/strong><\/em>, consider\u00f3.<\/p>\n<p>&nbsp;<\/p>\n<p><em><strong>\u201cLa Universidad de Sonora no puede estar m\u00e1s orgullosa de su Departamento de Medicina, de sus maestras y maestros, de su estudiantado, pues es reflejo fiel de esa exigencia y una de las mejores pruebas de ello es la realizaci\u00f3n de este evento\u201d,<\/strong><\/em> apunt\u00f3.<\/p>\n<p>&nbsp;<\/p>\n<p>Por su parte, la presidenta de la Sociedad de Estudiantes de Medicina (SEMUS), Mar\u00eda Guadalupe Hinojosa \u00c1lvarez, fue la encargada de dar la bienvenida a los asistentes que llenaron el Sal\u00f3n del Convenciones del Centro de las Artes, recinto en el que se llevar\u00e1 a cabo el evento durante esta semana.<\/p>\n<p>&nbsp;<\/p>\n<p>Agradeci\u00f3 a los invitados especiales, a los m\u00e9dicos y profesores que coadyuvaron en la realizaci\u00f3n del evento, as\u00ed como a los estudiantes como asistentes y colaboradores en la realizaci\u00f3n del CEMUS.<\/p>\n<p>&nbsp;<\/p>\n<p>Se\u00f1al\u00f3 que en esta edici\u00f3n del congreso la tem\u00e1tica est\u00e1 centrada en las especialidades de urolog\u00eda, ginecolog\u00eda y obstetricia, abarcando la sub especialidad de uroginecolog\u00eda.<\/p>\n<p>&nbsp;<\/p>\n<p>A\u00f1adi\u00f3 que en esta ocasi\u00f3n, el CEMUS se desarrollar\u00e1 a lo largo de cuatro d\u00edas con 14 ponencias que incluyen foros y paneles de discusi\u00f3n con la presencia de 18 ponentes de reconocimiento nacional e internacional.<\/p>\n<p>&nbsp;<\/p>\n<p>Asimismo, se desarrollar\u00e1n 12 talleres de gran inter\u00e9s y provecho para los estudiantes, que se calcula sean m\u00e1s de 600 los alumnos asistentes de las cuatro universidades del Estado en las que se imparte la carrera de Medicina.<\/p>\n<p>&nbsp;<\/p>\n<p><em>\u201cHasta el d\u00eda de hoy, esta edici\u00f3n ha sido la m\u00e1s grande y con mejor respuesta en la historia\u201d,<\/em> dijo al reiterar su agradecimiento a los colaboradores directos e indirectos de la realizaci\u00f3n de este evento ya tradicional no s\u00f3lo en la regi\u00f3n, sino tambi\u00e9n de reconocimiento nacional e internacional.<\/p>\n<p>&nbsp;<\/p>\n<p>Durante el arranque de actividades de la XVI edici\u00f3n del CEMUS tambi\u00e9n participaron la directora Administrativa del campus Hermosillo, Luz Mar\u00eda Dur\u00e1n Moreno; Eduardo Ruiz Bustos, en representaci\u00f3n de la Coordinaci\u00f3n General de la Facultad Interdisciplinaria de Ciencias Biol\u00f3gicas y de Salud, as\u00ed como el jefe del Departamento de Medicina y Ciencias de la Salud, Sergio Trujillo L\u00f3pez, y el coordinador del programa de Medicina, Guillermo Hern\u00e1ndez Ch\u00e1vez, adem\u00e1s de docentes y personal administrativo y de servicio del \u00e1rea docente.<\/p>\n<p>&nbsp;<\/p>\n<p>PUBLICADO EL 03 OCTUBRE DE 2023\/ Con informaci\u00f3n de UNISON)<\/p>\n","protected":false},"excerpt":{"rendered":"<p>HERMOSILLO, SONORA. MX.\u2014 Con una gran asistencia, este martes, 3 de octubre, iniciaron los trabajos&#8230;<\/p>\n","protected":false},"author":1,"featured_media":176166,"comment_status":"open","ping_status":"open","sticky":false,"template":"","format":"standard","meta":{"_monsterinsights_skip_tracking":false,"_monsterinsights_sitenote_active":false,"_monsterinsights_sitenote_note":"","_monsterinsights_sitenote_category":0,"footnotes":""},"categories":[22],"tags":[],"class_list":["post"],"yoast_head":" \n<title>Sonora en Equipo. Inician actividades del XVI Congreso Estudiantil de Medicina de la Universidad de Sonora Sonora<\/title>\n<meta name=\"description\" content=\"HERMOSILLO, SONORA. MX.\u2014 Con una gran asistencia, este martes, 3 de octubre, iniciaron los trabajos del XVI Congreso Estudiantil de Medicina de la En Sonora en Equipo publicamos toda la informaci\u00f3n de Sonora, M\u00e9xico y el Mundo de manera oportuna y busca que la libertad de expresi\u00f3n sea real. Visita nuestro medio informativo publicado desde Hermosillo, Sonora. %\" \/>\n<meta name=\"robots\" content=\"index, follow, max-snippet:-1, max-image-preview:large, max-video-preview:-1\" \/>\n<link rel=\"canonical\" href=\"https:\/\/www.sonoraenequipo.com.mx\/inician-actividades-del-xvi-congreso-estudiantil-de-medicina-de-la-universidad-de-sonora\/\" \/>\n<meta property=\"og:locale\" content=\"es_ES\" \/>\n<meta property=\"og:type\" content=\"article\" \/>\n<meta property=\"og:title\" content=\"Sonora en Equipo. Inician actividades del XVI Congreso Estudiantil de Medicina de la Universidad de Sonora Sonora\" \/>\n<meta property=\"og:description\" content=\"HERMOSILLO, SONORA. MX.\u2014 Con una gran asistencia, este martes, 3 de octubre, iniciaron los trabajos del XVI Congreso Estudiantil de Medicina de la En Sonora en Equipo publicamos toda la informaci\u00f3n de Sonora, M\u00e9xico y el Mundo de manera oportuna y busca que la libertad de expresi\u00f3n sea real. Visita nuestro medio informativo publicado desde Hermosillo, Sonora. %\" \/>\n<meta property=\"og:url\" content=\"https:\/\/www.sonoraenequipo.com.mx\/inician-actividades-del-xvi-congreso-estudiantil-de-medicina-de-la-universidad-de-sonora\/\" \/>\n<meta property=\"og:site_name\" content=\"Sonora en Equipo.\" \/>\n<meta property=\"article:publisher\" content=\"https:\/\/www.facebook.com\/SonoraEE\/\" \/>\n<meta property=\"article:author\" content=\"https:\/\/www.facebook.com\/SonoraEE\" \/>\n<meta property=\"article:published_time\" content=\"2023-10-03T21:54:58+00:00\" \/>\n<meta property=\"article:modified_time\" content=\"2023-10-04T01:39:18+00:00\" \/>\n<meta property=\"og:image\" content=\"https:\/\/www.sonoraenequipo.com.mx\/storage\/2023\/10\/cemus-min-6.jpg\" \/>\n\t<meta property=\"og:image:width\" content=\"895\" \/>\n\t<meta property=\"og:image:height\" content=\"460\" \/>\n\t<meta property=\"og:image:type\" content=\"image\/jpeg\" \/>\n<meta name=\"author\" content=\"enequipo\" \/>\n<meta name=\"twitter:card\" content=\"summary_large_image\" \/>\n<meta name=\"twitter:creator\" content=\"@sonoraenequipo\" \/>\n<meta name=\"twitter:site\" content=\"@sonoraenequipo\" \/>\n<meta name=\"twitter:label1\" content=\"Escrito por\" \/>\n\t<meta name=\"twitter:data1\" content=\"enequipo\" \/>\n\t<meta name=\"twitter:label2\" content=\"Tiempo de lectura\" \/>\n\t<meta name=\"twitter:data2\" content=\"4 minutos\" \/>\n<script type=\"application\/ld+json\" class=\"yoast-schema-graph\">{\"@context\":\"https:\/\/schema.org\",\"@graph\":[{\"@type\":\"Article\",\"@id\":\"https:\/\/www.sonoraenequipo.com.mx\/inician-actividades-del-xvi-congreso-estudiantil-de-medicina-de-la-universidad-de-sonora\/#article\",\"isPartOf\":{\"@id\":\"https:\/\/www.sonoraenequipo.com.mx\/inician-actividades-del-xvi-congreso-estudiantil-de-medicina-de-la-universidad-de-sonora\/\"},\"author\":{\"name\":\"enequipo\",\"@id\":\"https:\/\/www.sonoraenequipo.com.mx\/#\/schema\/person\/50102df0fb23a8fa9e8effad8fa81386\"},\"headline\":\"Inician actividades del XVI Congreso Estudiantil de Medicina de la Universidad de Sonora\",\"datePublished\":\"2023-10-03T21:54:58+00:00\",\"dateModified\":\"2023-10-04T01:39:18+00:00\",\"mainEntityOfPage\":{\"@id\":\"https:\/\/www.sonoraenequipo.com.mx\/inician-actividades-del-xvi-congreso-estudiantil-de-medicina-de-la-universidad-de-sonora\/\"},\"wordCount\":819,\"commentCount\":0,\"publisher\":{\"@id\":\"https:\/\/www.sonoraenequipo.com.mx\/#organization\"},\"image\":{\"@id\":\"https:\/\/www.sonoraenequipo.com.mx\/inician-actividades-del-xvi-congreso-estudiantil-de-medicina-de-la-universidad-de-sonora\/#primaryimage\"},\"thumbnailUrl\":\"https:\/\/www.sonoraenequipo.com.mx\/storage\/2023\/10\/cemus-min-6.jpg\",\"articleSection\":[\"Sonora\"],\"inLanguage\":\"es\",\"potentialAction\":[{\"@type\":\"CommentAction\",\"name\":\"Comment\",\"target\":[\"https:\/\/www.sonoraenequipo.com.mx\/inician-actividades-del-xvi-congreso-estudiantil-de-medicina-de-la-universidad-de-sonora\/#respond\"]}]},{\"@type\":\"WebPage\",\"@id\":\"https:\/\/www.sonoraenequipo.com.mx\/inician-actividades-del-xvi-congreso-estudiantil-de-medicina-de-la-universidad-de-sonora\/\",\"url\":\"https:\/\/www.sonoraenequipo.com.mx\/inician-actividades-del-xvi-congreso-estudiantil-de-medicina-de-la-universidad-de-sonora\/\",\"name\":\"Sonora en Equipo. Inician actividades del XVI Congreso Estudiantil de Medicina de la Universidad de Sonora Sonora\",\"isPartOf\":{\"@id\":\"https:\/\/www.sonoraenequipo.com.mx\/#website\"},\"primaryImageOfPage\":{\"@id\":\"https:\/\/www.sonoraenequipo.com.mx\/inician-actividades-del-xvi-congreso-estudiantil-de-medicina-de-la-universidad-de-sonora\/#primaryimage\"},\"image\":{\"@id\":\"https:\/\/www.sonoraenequipo.com.mx\/inician-actividades-del-xvi-congreso-estudiantil-de-medicina-de-la-universidad-de-sonora\/#primaryimage\"},\"thumbnailUrl\":\"https:\/\/www.sonoraenequipo.com.mx\/storage\/2023\/10\/cemus-min-6.jpg\",\"datePublished\":\"2023-10-03T21:54:58+00:00\",\"dateModified\":\"2023-10-04T01:39:18+00:00\",\"description\":\"HERMOSILLO, SONORA. MX.\u2014 Con una gran asistencia, este martes, 3 de octubre, iniciaron los trabajos del XVI Congreso Estudiantil de Medicina de la En Sonora en Equipo publicamos toda la informaci\u00f3n de Sonora, M\u00e9xico y el Mundo de manera oportuna y busca que la libertad de expresi\u00f3n sea real. Visita nuestro medio informativo publicado desde Hermosillo, Sonora. %\",\"breadcrumb\":{\"@id\":\"https:\/\/www.sonoraenequipo.com.mx\/inician-actividades-del-xvi-congreso-estudiantil-de-medicina-de-la-universidad-de-sonora\/#breadcrumb\"},\"inLanguage\":\"es\",\"potentialAction\":[{\"@type\":\"ReadAction\",\"target\":[\"https:\/\/www.sonoraenequipo.com.mx\/inician-actividades-del-xvi-congreso-estudiantil-de-medicina-de-la-universidad-de-sonora\/\"]}]},{\"@type\":\"ImageObject\",\"inLanguage\":\"es\",\"@id\":\"https:\/\/www.sonoraenequipo.com.mx\/inician-actividades-del-xvi-congreso-estudiantil-de-medicina-de-la-universidad-de-sonora\/#primaryimage\",\"url\":\"https:\/\/www.sonoraenequipo.com.mx\/storage\/2023\/10\/cemus-min-6.jpg\",\"contentUrl\":\"https:\/\/www.sonoraenequipo.com.mx\/storage\/2023\/10\/cemus-min-6.jpg\",\"width\":895,\"height\":460},{\"@type\":\"BreadcrumbList\",\"@id\":\"https:\/\/www.sonoraenequipo.com.mx\/inician-actividades-del-xvi-congreso-estudiantil-de-medicina-de-la-universidad-de-sonora\/#breadcrumb\",\"itemListElement\":[{\"@type\":\"ListItem\",\"position\":1,\"name\":\"Portada\",\"item\":\"https:\/\/www.sonoraenequipo.com.mx\/\"},{\"@type\":\"ListItem\",\"position\":2,\"name\":\"Inician actividades del XVI Congreso Estudiantil de Medicina de la Universidad de Sonora\"}]},{\"@type\":\"WebSite\",\"@id\":\"https:\/\/www.sonoraenequipo.com.mx\/#website\",\"url\":\"https:\/\/www.sonoraenequipo.com.mx\/\",\"name\":\"Sonora en Equipo.\",\"description\":\"Diario en l\u00ednea con Noticias desde Hermosillo, Sonora\",\"publisher\":{\"@id\":\"https:\/\/www.sonoraenequipo.com.mx\/#organization\"},\"potentialAction\":[{\"@type\":\"SearchAction\",\"target\":{\"@type\":\"EntryPoint\",\"urlTemplate\":\"https:\/\/www.sonoraenequipo.com.mx\/?s={search_term_string}\"},\"query-input\":{\"@type\":\"PropertyValueSpecification\",\"valueRequired\":true,\"valueName\":\"search_term_string\"}}],\"inLanguage\":\"es\"},{\"@type\":\"Organization\",\"@id\":\"https:\/\/www.sonoraenequipo.com.mx\/#organization\",\"name\":\"Sonoraenequipo.com.mx\",\"url\":\"https:\/\/www.sonoraenequipo.com.mx\/\",\"logo\":{\"@type\":\"ImageObject\",\"inLanguage\":\"es\",\"@id\":\"https:\/\/www.sonoraenequipo.com.mx\/#\/schema\/logo\/image\/\",\"url\":\"https:\/\/www.sonoraenequipo.com.mx\/storage\/2019\/01\/sonoraenequipo_opt.png\",\"contentUrl\":\"https:\/\/www.sonoraenequipo.com.mx\/storage\/2019\/01\/sonoraenequipo_opt.png\",\"width\":375,\"height\":125,\"caption\":\"Sonoraenequipo.com.mx\"},\"image\":{\"@id\":\"https:\/\/www.sonoraenequipo.com.mx\/#\/schema\/logo\/image\/\"},\"sameAs\":[\"https:\/\/www.facebook.com\/SonoraEE\/\",\"https:\/\/x.com\/sonoraenequipo\",\"https:\/\/www.youtube.com\/channel\/UC338nW-lPEYmJQs4ZABQ1SQ\"]},{\"@type\":\"Person\",\"@id\":\"https:\/\/www.sonoraenequipo.com.mx\/#\/schema\/person\/50102df0fb23a8fa9e8effad8fa81386\",\"name\":\"enequipo\",\"image\":{\"@type\":\"ImageObject\",\"inLanguage\":\"es\",\"@id\":\"https:\/\/www.sonoraenequipo.com.mx\/#\/schema\/person\/image\/\",\"url\":\"https:\/\/secure.gravatar.com\/avatar\/049821681b589dabc0bc20695993ccebb09f5b5d4d790cd9251b97faac7c652b?s=96&d=blank&r=g\",\"contentUrl\":\"https:\/\/secure.gravatar.com\/avatar\/049821681b589dabc0bc20695993ccebb09f5b5d4d790cd9251b97faac7c652b?s=96&d=blank&r=g\",\"caption\":\"enequipo\"},\"sameAs\":[\"https:\/\/www.facebook.com\/SonoraEE\"]}]}<\/script>\n ","yoast_head_json":{"title":"Sonora en Equipo. Inician actividades del XVI Congreso Estudiantil de Medicina de la Universidad de Sonora Sonora","description":"HERMOSILLO, SONORA. MX.\u2014 Con una gran asistencia, este martes, 3 de octubre, iniciaron los trabajos del XVI Congreso Estudiantil de Medicina de la En Sonora en Equipo publicamos toda la informaci\u00f3n de Sonora, M\u00e9xico y el Mundo de manera oportuna y busca que la libertad de expresi\u00f3n sea real. Visita nuestro medio informativo publicado desde Hermosillo, Sonora. %","robots":{"index":"index","follow":"follow","max-snippet":"max-snippet:-1","max-image-preview":"max-image-preview:large","max-video-preview":"max-video-preview:-1"},"canonical":"https:\/\/www.sonoraenequipo.com.mx\/inician-actividades-del-xvi-congreso-estudiantil-de-medicina-de-la-universidad-de-sonora\/","og_locale":"es_ES","og_type":"article","og_title":"Sonora en Equipo. Inician actividades del XVI Congreso Estudiantil de Medicina de la Universidad de Sonora Sonora","og_description":"HERMOSILLO, SONORA. MX.\u2014 Con una gran asistencia, este martes, 3 de octubre, iniciaron los trabajos del XVI Congreso Estudiantil de Medicina de la En Sonora en Equipo publicamos toda la informaci\u00f3n de Sonora, M\u00e9xico y el Mundo de manera oportuna y busca que la libertad de expresi\u00f3n sea real. Visita nuestro medio informativo publicado desde Hermosillo, Sonora. %","og_url":"https:\/\/www.sonoraenequipo.com.mx\/inician-actividades-del-xvi-congreso-estudiantil-de-medicina-de-la-universidad-de-sonora\/","og_site_name":"Sonora en Equipo.","article_publisher":"https:\/\/www.facebook.com\/SonoraEE\/","article_author":"https:\/\/www.facebook.com\/SonoraEE","article_published_time":"2023-10-03T21:54:58+00:00","article_modified_time":"2023-10-04T01:39:18+00:00","og_image":[{"width":895,"height":460,"url":"https:\/\/www.sonoraenequipo.com.mx\/storage\/2023\/10\/cemus-min-6.jpg","type":"image\/jpeg"}],"author":"enequipo","twitter_card":"summary_large_image","twitter_creator":"@sonoraenequipo","twitter_site":"@sonoraenequipo","twitter_misc":{"Escrito por":"enequipo","Tiempo de lectura":"4 minutos"},"schema":{"@context":"https:\/\/schema.org","@graph":[{"@type":"Article","@id":"https:\/\/www.sonoraenequipo.com.mx\/inician-actividades-del-xvi-congreso-estudiantil-de-medicina-de-la-universidad-de-sonora\/#article","isPartOf":{"@id":"https:\/\/www.sonoraenequipo.com.mx\/inician-actividades-del-xvi-congreso-estudiantil-de-medicina-de-la-universidad-de-sonora\/"},"author":{"name":"enequipo","@id":"https:\/\/www.sonoraenequipo.com.mx\/#\/schema\/person\/50102df0fb23a8fa9e8effad8fa81386"},"headline":"Inician actividades del XVI Congreso Estudiantil de Medicina de la Universidad de Sonora","datePublished":"2023-10-03T21:54:58+00:00","dateModified":"2023-10-04T01:39:18+00:00","mainEntityOfPage":{"@id":"https:\/\/www.sonoraenequipo.com.mx\/inician-actividades-del-xvi-congreso-estudiantil-de-medicina-de-la-universidad-de-sonora\/"},"wordCount":819,"commentCount":0,"publisher":{"@id":"https:\/\/www.sonoraenequipo.com.mx\/#organization"},"image":{"@id":"https:\/\/www.sonoraenequipo.com.mx\/inician-actividades-del-xvi-congreso-estudiantil-de-medicina-de-la-universidad-de-sonora\/#primaryimage"},"thumbnailUrl":"https:\/\/www.sonoraenequipo.com.mx\/storage\/2023\/10\/cemus-min-6.jpg","articleSection":["Sonora"],"inLanguage":"es","potentialAction":[{"@type":"CommentAction","name":"Comment","target":["https:\/\/www.sonoraenequipo.com.mx\/inician-actividades-del-xvi-congreso-estudiantil-de-medicina-de-la-universidad-de-sonora\/#respond"]}]},{"@type":"WebPage","@id":"https:\/\/www.sonoraenequipo.com.mx\/inician-actividades-del-xvi-congreso-estudiantil-de-medicina-de-la-universidad-de-sonora\/","url":"https:\/\/www.sonoraenequipo.com.mx\/inician-actividades-del-xvi-congreso-estudiantil-de-medicina-de-la-universidad-de-sonora\/","name":"Sonora en Equipo. Inician actividades del XVI Congreso Estudiantil de Medicina de la Universidad de Sonora Sonora","isPartOf":{"@id":"https:\/\/www.sonoraenequipo.com.mx\/#website"},"primaryImageOfPage":{"@id":"https:\/\/www.sonoraenequipo.com.mx\/inician-actividades-del-xvi-congreso-estudiantil-de-medicina-de-la-universidad-de-sonora\/#primaryimage"},"image":{"@id":"https:\/\/www.sonoraenequipo.com.mx\/inician-actividades-del-xvi-congreso-estudiantil-de-medicina-de-la-universidad-de-sonora\/#primaryimage"},"thumbnailUrl":"https:\/\/www.sonoraenequipo.com.mx\/storage\/2023\/10\/cemus-min-6.jpg","datePublished":"2023-10-03T21:54:58+00:00","dateModified":"2023-10-04T01:39:18+00:00","description":"HERMOSILLO, SONORA. MX.\u2014 Con una gran asistencia, este martes, 3 de octubre, iniciaron los trabajos del XVI Congreso Estudiantil de Medicina de la En Sonora en Equipo publicamos toda la informaci\u00f3n de Sonora, M\u00e9xico y el Mundo de manera oportuna y busca que la libertad de expresi\u00f3n sea real. Visita nuestro medio informativo publicado desde Hermosillo, Sonora. %","breadcrumb":{"@id":"https:\/\/www.sonoraenequipo.com.mx\/inician-actividades-del-xvi-congreso-estudiantil-de-medicina-de-la-universidad-de-sonora\/#breadcrumb"},"inLanguage":"es","potentialAction":[{"@type":"ReadAction","target":["https:\/\/www.sonoraenequipo.com.mx\/inician-actividades-del-xvi-congreso-estudiantil-de-medicina-de-la-universidad-de-sonora\/"]}]},{"@type":"ImageObject","inLanguage":"es","@id":"https:\/\/www.sonoraenequipo.com.mx\/inician-actividades-del-xvi-congreso-estudiantil-de-medicina-de-la-universidad-de-sonora\/#primaryimage","url":"https:\/\/www.sonoraenequipo.com.mx\/storage\/2023\/10\/cemus-min-6.jpg","contentUrl":"https:\/\/www.sonoraenequipo.com.mx\/storage\/2023\/10\/cemus-min-6.jpg","width":895,"height":460},{"@type":"BreadcrumbList","@id":"https:\/\/www.sonoraenequipo.com.mx\/inician-actividades-del-xvi-congreso-estudiantil-de-medicina-de-la-universidad-de-sonora\/#breadcrumb","itemListElement":[{"@type":"ListItem","position":1,"name":"Portada","item":"https:\/\/www.sonoraenequipo.com.mx\/"},{"@type":"ListItem","position":2,"name":"Inician actividades del XVI Congreso Estudiantil de Medicina de la Universidad de Sonora"}]},{"@type":"WebSite","@id":"https:\/\/www.sonoraenequipo.com.mx\/#website","url":"https:\/\/www.sonoraenequipo.com.mx\/","name":"Sonora en Equipo.","description":"Diario en l\u00ednea con Noticias desde Hermosillo, Sonora","publisher":{"@id":"https:\/\/www.sonoraenequipo.com.mx\/#organization"},"potentialAction":[{"@type":"SearchAction","target":{"@type":"EntryPoint","urlTemplate":"https:\/\/www.sonoraenequipo.com.mx\/?s={search_term_string}"},"query-input":{"@type":"PropertyValueSpecification","valueRequired":true,"valueName":"search_term_string"}}],"inLanguage":"es"},{"@type":"Organization","@id":"https:\/\/www.sonoraenequipo.com.mx\/#organization","name":"Sonoraenequipo.com.mx","url":"https:\/\/www.sonoraenequipo.com.mx\/","logo":{"@type":"ImageObject","inLanguage":"es","@id":"https:\/\/www.sonoraenequipo.com.mx\/#\/schema\/logo\/image\/","url":"https:\/\/www.sonoraenequipo.com.mx\/storage\/2019\/01\/sonoraenequipo_opt.png","contentUrl":"https:\/\/www.sonoraenequipo.com.mx\/storage\/2019\/01\/sonoraenequipo_opt.png","width":375,"height":125,"caption":"Sonoraenequipo.com.mx"},"image":{"@id":"https:\/\/www.sonoraenequipo.com.mx\/#\/schema\/logo\/image\/"},"sameAs":["https:\/\/www.facebook.com\/SonoraEE\/","https:\/\/x.com\/sonoraenequipo","https:\/\/www.youtube.com\/channel\/UC338nW-lPEYmJQs4ZABQ1SQ"]},{"@type":"Person","@id":"https:\/\/www.sonoraenequipo.com.mx\/#\/schema\/person\/50102df0fb23a8fa9e8effad8fa81386","name":"enequipo","image":{"@type":"ImageObject","inLanguage":"es","@id":"https:\/\/www.sonoraenequipo.com.mx\/#\/schema\/person\/image\/","url":"https:\/\/secure.gravatar.com\/avatar\/049821681b589dabc0bc20695993ccebb09f5b5d4d790cd9251b97faac7c652b?s=96&d=blank&r=g","contentUrl":"https:\/\/secure.gravatar.com\/avatar\/049821681b589dabc0bc20695993ccebb09f5b5d4d790cd9251b97faac7c652b?s=96&d=blank&r=g","caption":"enequipo"},"sameAs":["https:\/\/www.facebook.com\/SonoraEE"]}]}},"jetpack_featured_media_url":"https:\/\/www.sonoraenequipo.com.mx\/storage\/2023\/10\/cemus-min-6.jpg","_links":{"self":[{"href":"https:\/\/www.sonoraenequipo.com.mx\/api\/wp\/v2\/posts\/176157","targetHints":{"allow":["GET"]}}],"collection":[{"href":"https:\/\/www.sonoraenequipo.com.mx\/api\/wp\/v2\/posts"}],"about":[{"href":"https:\/\/www.sonoraenequipo.com.mx\/api\/wp\/v2\/types\/post"}],"author":[{"embeddable":true,"href":"https:\/\/www.sonoraenequipo.com.mx\/api\/wp\/v2\/users\/1"}],"replies":[{"embeddable":true,"href":"https:\/\/www.sonoraenequipo.com.mx\/api\/wp\/v2\/comments?post=176157"}],"version-history":[{"count":1,"href":"https:\/\/www.sonoraenequipo.com.mx\/api\/wp\/v2\/posts\/176157\/revisions"}],"predecessor-version":[{"id":176169,"href":"https:\/\/www.sonoraenequipo.com.mx\/api\/wp\/v2\/posts\/176157\/revisions\/176169"}],"wp:featuredmedia":[{"embeddable":true,"href":"https:\/\/www.sonoraenequipo.com.mx\/api\/wp\/v2\/media\/176166"}],"wp:attachment":[{"href":"https:\/\/www.sonoraenequipo.com.mx\/api\/wp\/v2\/media?parent=176157"}],"wp:term":[{"taxonomy":"category","embeddable":true,"href":"https:\/\/www.sonoraenequipo.com.mx\/api\/wp\/v2\/categories?post=176157"},{"taxonomy":"post_tag","embeddable":true,"href":"https:\/\/www.sonoraenequipo.com.mx\/api\/wp\/v2\/tags?post=176157"}],"curies":[{"name":"wp","href":"https:\/\/api.w.org\/{rel}","templated":true}]}}