{"id":176307,"date":"2023-10-04T16:23:51","date_gmt":"2023-10-04T23:23:51","guid":{"rendered":"https:\/\/www.sonoraenequipo.com.mx\/?p=176307"},"modified":"2023-10-04T16:23:51","modified_gmt":"2023-10-04T23:23:51","slug":"economia-delatam-y-caribe-crecera-un-2-en-2023-pero-continuara-rezagada-pronostica-el-banco-mundial","status":"publish","type":"post","link":"https:\/\/www.sonoraenequipo.com.mx\/economia-delatam-y-caribe-crecera-un-2-en-2023-pero-continuara-rezagada-pronostica-el-banco-mundial\/","title":{"rendered":"Econom\u00eda deLATAM Y Caribe crecer\u00e1 un 2 % en 2023 pero continuar\u00e1 rezagada, pronostica el Banco Mundial"},"content":{"rendered":"<p><strong>WASHINGTON \u2014<\/strong> La econom\u00eda de Latinoam\u00e9rica y el Caribe crecer\u00e1 este a\u00f1o un 2 % frente al 1,4 % proyectado, incremento que a\u00fan no es suficiente para poner a la regi\u00f3n al nivel del resto, inform\u00f3 el Banco Mundial en un reporte publicado este mi\u00e9rcoles, que recomend\u00f3 inversiones en conectividad digital para estimular el desarrollo.<\/p>\n<p>&nbsp;<\/p>\n<p>Con este nuevo pron\u00f3stico, el organismo multinacional revis\u00f3 al alza la previsi\u00f3n inicial del 1,7 % hecha a principios de 2023, que luego rebaj\u00f3 al 1,4 % en abril pasado. Las estimaciones actuales tambi\u00e9n sobrepasan el 1,7 % previsto para la regi\u00f3n por la Comisi\u00f3n Econ\u00f3mica para Am\u00e9rica Latina y el Caribe, el mes pasado.<\/p>\n<p>&nbsp;<\/p>\n<p>Aunque el \u00e1rea logr\u00f3 \u00abimportantes avances en resiliencia macroecon\u00f3mica\u00bb y \u00abatraves\u00f3 las m\u00faltiples crisis de la post pandemia con relativo \u00e9xito\u00bb, el crecimiento pronosticado para este a\u00f1o contin\u00faa \u00absiendo insuficiente para reducir la pobreza y crear empleos\u00bb, indic\u00f3 el informe del Banco Mundial al que tuvo acceso la Voz de Am\u00e9rica.<\/p>\n<p>&nbsp;<\/p>\n<p>La pobreza y el empleo en la regi\u00f3n \u00abvolvieron a sus niveles previos a la crisis, y la inflaci\u00f3n, excluyendo a Argentina y Venezuela, ha ca\u00eddo a un promedio regional del 4,4 %\u00bb.<\/p>\n<p>&nbsp;<\/p>\n<p>El Banco Mundial tambi\u00e9n prev\u00e9 tasas del 2,3 y 2,6 % para 2024 y 2025, similares a las de la d\u00e9cada de 2010, pero a\u00fan \u00abinsuficientes para lograr los avances tan necesarios en materia de inclusi\u00f3n y reducci\u00f3n de la pobreza\u00bb.<\/p>\n<p>&nbsp;<\/p>\n<p>La organizaci\u00f3n multinacional insisti\u00f3 en que el contexto global contin\u00faa siendo \u00abadverso\u00bb debido a las altas tasas de inter\u00e9s y las \u00abperspectivas inciertas para China\u00bb, y afirma que si bien la relaci\u00f3n deuda con el PIB regional se estima en un 64 %, un decrecimiento con respecto al 67 % del 2022, est\u00e1 todav\u00eda por encima del 57 % de 2019.<\/p>\n<p>&nbsp;<\/p>\n<p>\u201cLa regi\u00f3n ha demostrado ser en gran medida resiliente a los diversos shocks externos posteriores a la pandemia, pero lamentablemente el crecimiento sigue siendo an\u00e9mico\u201d, advirti\u00f3 el vicepresidente del Banco Mundial para Am\u00e9rica Latina y el Caribe, Carlos Felipe Jaramillo.<\/p>\n<p>&nbsp;<\/p>\n<p>De acuerdo con Jaramillo, los \u00abpa\u00edses deben encontrar urgentemente formas de impulsar la inclusi\u00f3n y el crecimiento\u00bb, soluciones que podr\u00edan recaer en parte en soluciones digitales.<\/p>\n<p>&nbsp;<\/p>\n<p>\u00abLa inversi\u00f3n p\u00fablica y privada en conectividad digital puede estimular nuevos sectores y empleos, ofrecer nuevas \u00e1reas de comercio y aumentar la eficiencia, la calidad y la inclusi\u00f3n de los programas gubernamentales que van desde la educaci\u00f3n hasta la extensi\u00f3n agr\u00edcola en zonas rurales remotas\u00bb, afirm\u00f3 por su parte el economista jefe para Am\u00e9rica Latina y el Caribe del Banco Mundial, William Maloney.<\/p>\n<p>&nbsp;<\/p>\n<p>Maloney subray\u00f3 que el Banco Mundial ve aqu\u00ed \u00abuna gran oportunidad para la regi\u00f3n\u201d, aunque matiz\u00f3 que esta no es \u00abuna f\u00f3rmula m\u00e1gica para el crecimiento\u00bb pues podr\u00eda sacar a la luz desigualdades sociales existentes \u00absi no se hacen inversiones complementarias en habilidades, finanzas y sistemas regulatorios para hacer realidad la promesa de las tecnolog\u00edas digitales para todos\u201d.<\/p>\n<p>El organismo reconoci\u00f3 que existen a\u00fan brechas por salvar en este sentido, entre ellas la todav\u00eda insuficiente infraestructura, la falta de cobertura de internet en zonas rurales, y el alto costo de conexi\u00f3n, que afecta el acceso de sectores vulnerables.<\/p>\n<p>&nbsp;<\/p>\n<p>El organismo econ\u00f3mico recomend\u00f3 aprovechar oportunidades existentes en la regi\u00f3n que pueden ser utilizadas para mejorar la gobernanza, entre ellas el desarrollo y mejor uso de herramientas digitales que faciliten transacciones y mejoren la eficiencia de prestaciones de servicios.<\/p>\n<p><strong>Fecha de publicaci\u00f3n mi\u00e9rcoles 4 de octubre de 2023 \/ VOA<\/strong><\/p>\n","protected":false},"excerpt":{"rendered":"<p>WASHINGTON \u2014 La econom\u00eda de Latinoam\u00e9rica y el Caribe crecer\u00e1 este a\u00f1o un 2 %&#8230;<\/p>\n","protected":false},"author":1,"featured_media":176308,"comment_status":"open","ping_status":"open","sticky":false,"template":"","format":"standard","meta":{"_monsterinsights_skip_tracking":false,"_monsterinsights_sitenote_active":false,"_monsterinsights_sitenote_note":"","_monsterinsights_sitenote_category":0,"footnotes":""},"categories":[6493],"tags":[2383,9002],"class_list":["post"],"yoast_head":" \n<title>Sonora en Equipo. Econom\u00eda deLATAM Y Caribe crecer\u00e1 un 2 % en 2023 pero continuar\u00e1 rezagada, pronostica el Banco Mundial PALABRAS Y N\u00daMEROS<\/title>\n<meta name=\"description\" content=\"WASHINGTON \u2014 La econom\u00eda de Latinoam\u00e9rica y el Caribe crecer\u00e1 este a\u00f1o un 2 % frente al 1,4 % proyectado, incremento que a\u00fan no es suficiente para poner a En Sonora en Equipo publicamos toda la informaci\u00f3n de Sonora, M\u00e9xico y el Mundo de manera oportuna y busca que la libertad de expresi\u00f3n sea real. Visita nuestro medio informativo publicado desde Hermosillo, Sonora. %\" \/>\n<meta name=\"robots\" content=\"index, follow, max-snippet:-1, max-image-preview:large, max-video-preview:-1\" \/>\n<link rel=\"canonical\" href=\"https:\/\/www.sonoraenequipo.com.mx\/economia-delatam-y-caribe-crecera-un-2-en-2023-pero-continuara-rezagada-pronostica-el-banco-mundial\/\" \/>\n<meta property=\"og:locale\" content=\"es_ES\" \/>\n<meta property=\"og:type\" content=\"article\" \/>\n<meta property=\"og:title\" content=\"Sonora en Equipo. Econom\u00eda deLATAM Y Caribe crecer\u00e1 un 2 % en 2023 pero continuar\u00e1 rezagada, pronostica el Banco Mundial PALABRAS Y N\u00daMEROS\" \/>\n<meta property=\"og:description\" content=\"WASHINGTON \u2014 La econom\u00eda de Latinoam\u00e9rica y el Caribe crecer\u00e1 este a\u00f1o un 2 % frente al 1,4 % proyectado, incremento que a\u00fan no es suficiente para poner a En Sonora en Equipo publicamos toda la informaci\u00f3n de Sonora, M\u00e9xico y el Mundo de manera oportuna y busca que la libertad de expresi\u00f3n sea real. Visita nuestro medio informativo publicado desde Hermosillo, Sonora. %\" \/>\n<meta property=\"og:url\" content=\"https:\/\/www.sonoraenequipo.com.mx\/economia-delatam-y-caribe-crecera-un-2-en-2023-pero-continuara-rezagada-pronostica-el-banco-mundial\/\" \/>\n<meta property=\"og:site_name\" content=\"Sonora en Equipo.\" \/>\n<meta property=\"article:publisher\" content=\"https:\/\/www.facebook.com\/SonoraEE\/\" \/>\n<meta property=\"article:author\" content=\"https:\/\/www.facebook.com\/SonoraEE\" \/>\n<meta property=\"article:published_time\" content=\"2023-10-04T23:23:51+00:00\" \/>\n<meta property=\"og:image\" content=\"https:\/\/www.sonoraenequipo.com.mx\/storage\/2023\/10\/banco-mundial.jpg\" \/>\n\t<meta property=\"og:image:width\" content=\"900\" \/>\n\t<meta property=\"og:image:height\" content=\"506\" \/>\n\t<meta property=\"og:image:type\" content=\"image\/jpeg\" \/>\n<meta name=\"author\" content=\"enequipo\" \/>\n<meta name=\"twitter:card\" content=\"summary_large_image\" \/>\n<meta name=\"twitter:creator\" content=\"@sonoraenequipo\" \/>\n<meta name=\"twitter:site\" content=\"@sonoraenequipo\" \/>\n<meta name=\"twitter:label1\" content=\"Escrito por\" \/>\n\t<meta name=\"twitter:data1\" content=\"enequipo\" \/>\n\t<meta name=\"twitter:label2\" content=\"Tiempo de lectura\" \/>\n\t<meta name=\"twitter:data2\" content=\"3 minutos\" \/>\n<script type=\"application\/ld+json\" class=\"yoast-schema-graph\">{\"@context\":\"https:\/\/schema.org\",\"@graph\":[{\"@type\":\"Article\",\"@id\":\"https:\/\/www.sonoraenequipo.com.mx\/economia-delatam-y-caribe-crecera-un-2-en-2023-pero-continuara-rezagada-pronostica-el-banco-mundial\/#article\",\"isPartOf\":{\"@id\":\"https:\/\/www.sonoraenequipo.com.mx\/economia-delatam-y-caribe-crecera-un-2-en-2023-pero-continuara-rezagada-pronostica-el-banco-mundial\/\"},\"author\":{\"name\":\"enequipo\",\"@id\":\"https:\/\/www.sonoraenequipo.com.mx\/#\/schema\/person\/50102df0fb23a8fa9e8effad8fa81386\"},\"headline\":\"Econom\u00eda deLATAM Y Caribe crecer\u00e1 un 2 % en 2023 pero continuar\u00e1 rezagada, pronostica el Banco Mundial\",\"datePublished\":\"2023-10-04T23:23:51+00:00\",\"mainEntityOfPage\":{\"@id\":\"https:\/\/www.sonoraenequipo.com.mx\/economia-delatam-y-caribe-crecera-un-2-en-2023-pero-continuara-rezagada-pronostica-el-banco-mundial\/\"},\"wordCount\":623,\"commentCount\":0,\"publisher\":{\"@id\":\"https:\/\/www.sonoraenequipo.com.mx\/#organization\"},\"image\":{\"@id\":\"https:\/\/www.sonoraenequipo.com.mx\/economia-delatam-y-caribe-crecera-un-2-en-2023-pero-continuara-rezagada-pronostica-el-banco-mundial\/#primaryimage\"},\"thumbnailUrl\":\"https:\/\/www.sonoraenequipo.com.mx\/storage\/2023\/10\/banco-mundial.jpg\",\"keywords\":[\"Caribe\",\"economia latam\"],\"articleSection\":[\"PALABRAS Y N\u00daMEROS\"],\"inLanguage\":\"es\",\"potentialAction\":[{\"@type\":\"CommentAction\",\"name\":\"Comment\",\"target\":[\"https:\/\/www.sonoraenequipo.com.mx\/economia-delatam-y-caribe-crecera-un-2-en-2023-pero-continuara-rezagada-pronostica-el-banco-mundial\/#respond\"]}]},{\"@type\":\"WebPage\",\"@id\":\"https:\/\/www.sonoraenequipo.com.mx\/economia-delatam-y-caribe-crecera-un-2-en-2023-pero-continuara-rezagada-pronostica-el-banco-mundial\/\",\"url\":\"https:\/\/www.sonoraenequipo.com.mx\/economia-delatam-y-caribe-crecera-un-2-en-2023-pero-continuara-rezagada-pronostica-el-banco-mundial\/\",\"name\":\"Sonora en Equipo. Econom\u00eda deLATAM Y Caribe crecer\u00e1 un 2 % en 2023 pero continuar\u00e1 rezagada, pronostica el Banco Mundial PALABRAS Y N\u00daMEROS\",\"isPartOf\":{\"@id\":\"https:\/\/www.sonoraenequipo.com.mx\/#website\"},\"primaryImageOfPage\":{\"@id\":\"https:\/\/www.sonoraenequipo.com.mx\/economia-delatam-y-caribe-crecera-un-2-en-2023-pero-continuara-rezagada-pronostica-el-banco-mundial\/#primaryimage\"},\"image\":{\"@id\":\"https:\/\/www.sonoraenequipo.com.mx\/economia-delatam-y-caribe-crecera-un-2-en-2023-pero-continuara-rezagada-pronostica-el-banco-mundial\/#primaryimage\"},\"thumbnailUrl\":\"https:\/\/www.sonoraenequipo.com.mx\/storage\/2023\/10\/banco-mundial.jpg\",\"datePublished\":\"2023-10-04T23:23:51+00:00\",\"description\":\"WASHINGTON \u2014 La econom\u00eda de Latinoam\u00e9rica y el Caribe crecer\u00e1 este a\u00f1o un 2 % frente al 1,4 % proyectado, incremento que a\u00fan no es suficiente para poner a En Sonora en Equipo publicamos toda la informaci\u00f3n de Sonora, M\u00e9xico y el Mundo de manera oportuna y busca que la libertad de expresi\u00f3n sea real. Visita nuestro medio informativo publicado desde Hermosillo, Sonora. %\",\"breadcrumb\":{\"@id\":\"https:\/\/www.sonoraenequipo.com.mx\/economia-delatam-y-caribe-crecera-un-2-en-2023-pero-continuara-rezagada-pronostica-el-banco-mundial\/#breadcrumb\"},\"inLanguage\":\"es\",\"potentialAction\":[{\"@type\":\"ReadAction\",\"target\":[\"https:\/\/www.sonoraenequipo.com.mx\/economia-delatam-y-caribe-crecera-un-2-en-2023-pero-continuara-rezagada-pronostica-el-banco-mundial\/\"]}]},{\"@type\":\"ImageObject\",\"inLanguage\":\"es\",\"@id\":\"https:\/\/www.sonoraenequipo.com.mx\/economia-delatam-y-caribe-crecera-un-2-en-2023-pero-continuara-rezagada-pronostica-el-banco-mundial\/#primaryimage\",\"url\":\"https:\/\/www.sonoraenequipo.com.mx\/storage\/2023\/10\/banco-mundial.jpg\",\"contentUrl\":\"https:\/\/www.sonoraenequipo.com.mx\/storage\/2023\/10\/banco-mundial.jpg\",\"width\":900,\"height\":506},{\"@type\":\"BreadcrumbList\",\"@id\":\"https:\/\/www.sonoraenequipo.com.mx\/economia-delatam-y-caribe-crecera-un-2-en-2023-pero-continuara-rezagada-pronostica-el-banco-mundial\/#breadcrumb\",\"itemListElement\":[{\"@type\":\"ListItem\",\"position\":1,\"name\":\"Portada\",\"item\":\"https:\/\/www.sonoraenequipo.com.mx\/\"},{\"@type\":\"ListItem\",\"position\":2,\"name\":\"Econom\u00eda deLATAM Y Caribe crecer\u00e1 un 2 % en 2023 pero continuar\u00e1 rezagada, pronostica el Banco Mundial\"}]},{\"@type\":\"WebSite\",\"@id\":\"https:\/\/www.sonoraenequipo.com.mx\/#website\",\"url\":\"https:\/\/www.sonoraenequipo.com.mx\/\",\"name\":\"Sonora en Equipo.\",\"description\":\"Diario en l\u00ednea con Noticias desde Hermosillo, Sonora\",\"publisher\":{\"@id\":\"https:\/\/www.sonoraenequipo.com.mx\/#organization\"},\"potentialAction\":[{\"@type\":\"SearchAction\",\"target\":{\"@type\":\"EntryPoint\",\"urlTemplate\":\"https:\/\/www.sonoraenequipo.com.mx\/?s={search_term_string}\"},\"query-input\":{\"@type\":\"PropertyValueSpecification\",\"valueRequired\":true,\"valueName\":\"search_term_string\"}}],\"inLanguage\":\"es\"},{\"@type\":\"Organization\",\"@id\":\"https:\/\/www.sonoraenequipo.com.mx\/#organization\",\"name\":\"Sonoraenequipo.com.mx\",\"url\":\"https:\/\/www.sonoraenequipo.com.mx\/\",\"logo\":{\"@type\":\"ImageObject\",\"inLanguage\":\"es\",\"@id\":\"https:\/\/www.sonoraenequipo.com.mx\/#\/schema\/logo\/image\/\",\"url\":\"https:\/\/www.sonoraenequipo.com.mx\/storage\/2019\/01\/sonoraenequipo_opt.png\",\"contentUrl\":\"https:\/\/www.sonoraenequipo.com.mx\/storage\/2019\/01\/sonoraenequipo_opt.png\",\"width\":375,\"height\":125,\"caption\":\"Sonoraenequipo.com.mx\"},\"image\":{\"@id\":\"https:\/\/www.sonoraenequipo.com.mx\/#\/schema\/logo\/image\/\"},\"sameAs\":[\"https:\/\/www.facebook.com\/SonoraEE\/\",\"https:\/\/x.com\/sonoraenequipo\",\"https:\/\/www.youtube.com\/channel\/UC338nW-lPEYmJQs4ZABQ1SQ\"]},{\"@type\":\"Person\",\"@id\":\"https:\/\/www.sonoraenequipo.com.mx\/#\/schema\/person\/50102df0fb23a8fa9e8effad8fa81386\",\"name\":\"enequipo\",\"image\":{\"@type\":\"ImageObject\",\"inLanguage\":\"es\",\"@id\":\"https:\/\/www.sonoraenequipo.com.mx\/#\/schema\/person\/image\/\",\"url\":\"https:\/\/secure.gravatar.com\/avatar\/049821681b589dabc0bc20695993ccebb09f5b5d4d790cd9251b97faac7c652b?s=96&d=blank&r=g\",\"contentUrl\":\"https:\/\/secure.gravatar.com\/avatar\/049821681b589dabc0bc20695993ccebb09f5b5d4d790cd9251b97faac7c652b?s=96&d=blank&r=g\",\"caption\":\"enequipo\"},\"sameAs\":[\"https:\/\/www.facebook.com\/SonoraEE\"]}]}<\/script>\n ","yoast_head_json":{"title":"Sonora en Equipo. Econom\u00eda deLATAM Y Caribe crecer\u00e1 un 2 % en 2023 pero continuar\u00e1 rezagada, pronostica el Banco Mundial PALABRAS Y N\u00daMEROS","description":"WASHINGTON \u2014 La econom\u00eda de Latinoam\u00e9rica y el Caribe crecer\u00e1 este a\u00f1o un 2 % frente al 1,4 % proyectado, incremento que a\u00fan no es suficiente para poner a En Sonora en Equipo publicamos toda la informaci\u00f3n de Sonora, M\u00e9xico y el Mundo de manera oportuna y busca que la libertad de expresi\u00f3n sea real. Visita nuestro medio informativo publicado desde Hermosillo, Sonora. %","robots":{"index":"index","follow":"follow","max-snippet":"max-snippet:-1","max-image-preview":"max-image-preview:large","max-video-preview":"max-video-preview:-1"},"canonical":"https:\/\/www.sonoraenequipo.com.mx\/economia-delatam-y-caribe-crecera-un-2-en-2023-pero-continuara-rezagada-pronostica-el-banco-mundial\/","og_locale":"es_ES","og_type":"article","og_title":"Sonora en Equipo. Econom\u00eda deLATAM Y Caribe crecer\u00e1 un 2 % en 2023 pero continuar\u00e1 rezagada, pronostica el Banco Mundial PALABRAS Y N\u00daMEROS","og_description":"WASHINGTON \u2014 La econom\u00eda de Latinoam\u00e9rica y el Caribe crecer\u00e1 este a\u00f1o un 2 % frente al 1,4 % proyectado, incremento que a\u00fan no es suficiente para poner a En Sonora en Equipo publicamos toda la informaci\u00f3n de Sonora, M\u00e9xico y el Mundo de manera oportuna y busca que la libertad de expresi\u00f3n sea real. Visita nuestro medio informativo publicado desde Hermosillo, Sonora. %","og_url":"https:\/\/www.sonoraenequipo.com.mx\/economia-delatam-y-caribe-crecera-un-2-en-2023-pero-continuara-rezagada-pronostica-el-banco-mundial\/","og_site_name":"Sonora en Equipo.","article_publisher":"https:\/\/www.facebook.com\/SonoraEE\/","article_author":"https:\/\/www.facebook.com\/SonoraEE","article_published_time":"2023-10-04T23:23:51+00:00","og_image":[{"width":900,"height":506,"url":"https:\/\/www.sonoraenequipo.com.mx\/storage\/2023\/10\/banco-mundial.jpg","type":"image\/jpeg"}],"author":"enequipo","twitter_card":"summary_large_image","twitter_creator":"@sonoraenequipo","twitter_site":"@sonoraenequipo","twitter_misc":{"Escrito por":"enequipo","Tiempo de lectura":"3 minutos"},"schema":{"@context":"https:\/\/schema.org","@graph":[{"@type":"Article","@id":"https:\/\/www.sonoraenequipo.com.mx\/economia-delatam-y-caribe-crecera-un-2-en-2023-pero-continuara-rezagada-pronostica-el-banco-mundial\/#article","isPartOf":{"@id":"https:\/\/www.sonoraenequipo.com.mx\/economia-delatam-y-caribe-crecera-un-2-en-2023-pero-continuara-rezagada-pronostica-el-banco-mundial\/"},"author":{"name":"enequipo","@id":"https:\/\/www.sonoraenequipo.com.mx\/#\/schema\/person\/50102df0fb23a8fa9e8effad8fa81386"},"headline":"Econom\u00eda deLATAM Y Caribe crecer\u00e1 un 2 % en 2023 pero continuar\u00e1 rezagada, pronostica el Banco Mundial","datePublished":"2023-10-04T23:23:51+00:00","mainEntityOfPage":{"@id":"https:\/\/www.sonoraenequipo.com.mx\/economia-delatam-y-caribe-crecera-un-2-en-2023-pero-continuara-rezagada-pronostica-el-banco-mundial\/"},"wordCount":623,"commentCount":0,"publisher":{"@id":"https:\/\/www.sonoraenequipo.com.mx\/#organization"},"image":{"@id":"https:\/\/www.sonoraenequipo.com.mx\/economia-delatam-y-caribe-crecera-un-2-en-2023-pero-continuara-rezagada-pronostica-el-banco-mundial\/#primaryimage"},"thumbnailUrl":"https:\/\/www.sonoraenequipo.com.mx\/storage\/2023\/10\/banco-mundial.jpg","keywords":["Caribe","economia latam"],"articleSection":["PALABRAS Y N\u00daMEROS"],"inLanguage":"es","potentialAction":[{"@type":"CommentAction","name":"Comment","target":["https:\/\/www.sonoraenequipo.com.mx\/economia-delatam-y-caribe-crecera-un-2-en-2023-pero-continuara-rezagada-pronostica-el-banco-mundial\/#respond"]}]},{"@type":"WebPage","@id":"https:\/\/www.sonoraenequipo.com.mx\/economia-delatam-y-caribe-crecera-un-2-en-2023-pero-continuara-rezagada-pronostica-el-banco-mundial\/","url":"https:\/\/www.sonoraenequipo.com.mx\/economia-delatam-y-caribe-crecera-un-2-en-2023-pero-continuara-rezagada-pronostica-el-banco-mundial\/","name":"Sonora en Equipo. Econom\u00eda deLATAM Y Caribe crecer\u00e1 un 2 % en 2023 pero continuar\u00e1 rezagada, pronostica el Banco Mundial PALABRAS Y N\u00daMEROS","isPartOf":{"@id":"https:\/\/www.sonoraenequipo.com.mx\/#website"},"primaryImageOfPage":{"@id":"https:\/\/www.sonoraenequipo.com.mx\/economia-delatam-y-caribe-crecera-un-2-en-2023-pero-continuara-rezagada-pronostica-el-banco-mundial\/#primaryimage"},"image":{"@id":"https:\/\/www.sonoraenequipo.com.mx\/economia-delatam-y-caribe-crecera-un-2-en-2023-pero-continuara-rezagada-pronostica-el-banco-mundial\/#primaryimage"},"thumbnailUrl":"https:\/\/www.sonoraenequipo.com.mx\/storage\/2023\/10\/banco-mundial.jpg","datePublished":"2023-10-04T23:23:51+00:00","description":"WASHINGTON \u2014 La econom\u00eda de Latinoam\u00e9rica y el Caribe crecer\u00e1 este a\u00f1o un 2 % frente al 1,4 % proyectado, incremento que a\u00fan no es suficiente para poner a En Sonora en Equipo publicamos toda la informaci\u00f3n de Sonora, M\u00e9xico y el Mundo de manera oportuna y busca que la libertad de expresi\u00f3n sea real. Visita nuestro medio informativo publicado desde Hermosillo, Sonora. %","breadcrumb":{"@id":"https:\/\/www.sonoraenequipo.com.mx\/economia-delatam-y-caribe-crecera-un-2-en-2023-pero-continuara-rezagada-pronostica-el-banco-mundial\/#breadcrumb"},"inLanguage":"es","potentialAction":[{"@type":"ReadAction","target":["https:\/\/www.sonoraenequipo.com.mx\/economia-delatam-y-caribe-crecera-un-2-en-2023-pero-continuara-rezagada-pronostica-el-banco-mundial\/"]}]},{"@type":"ImageObject","inLanguage":"es","@id":"https:\/\/www.sonoraenequipo.com.mx\/economia-delatam-y-caribe-crecera-un-2-en-2023-pero-continuara-rezagada-pronostica-el-banco-mundial\/#primaryimage","url":"https:\/\/www.sonoraenequipo.com.mx\/storage\/2023\/10\/banco-mundial.jpg","contentUrl":"https:\/\/www.sonoraenequipo.com.mx\/storage\/2023\/10\/banco-mundial.jpg","width":900,"height":506},{"@type":"BreadcrumbList","@id":"https:\/\/www.sonoraenequipo.com.mx\/economia-delatam-y-caribe-crecera-un-2-en-2023-pero-continuara-rezagada-pronostica-el-banco-mundial\/#breadcrumb","itemListElement":[{"@type":"ListItem","position":1,"name":"Portada","item":"https:\/\/www.sonoraenequipo.com.mx\/"},{"@type":"ListItem","position":2,"name":"Econom\u00eda deLATAM Y Caribe crecer\u00e1 un 2 % en 2023 pero continuar\u00e1 rezagada, pronostica el Banco Mundial"}]},{"@type":"WebSite","@id":"https:\/\/www.sonoraenequipo.com.mx\/#website","url":"https:\/\/www.sonoraenequipo.com.mx\/","name":"Sonora en Equipo.","description":"Diario en l\u00ednea con Noticias desde Hermosillo, Sonora","publisher":{"@id":"https:\/\/www.sonoraenequipo.com.mx\/#organization"},"potentialAction":[{"@type":"SearchAction","target":{"@type":"EntryPoint","urlTemplate":"https:\/\/www.sonoraenequipo.com.mx\/?s={search_term_string}"},"query-input":{"@type":"PropertyValueSpecification","valueRequired":true,"valueName":"search_term_string"}}],"inLanguage":"es"},{"@type":"Organization","@id":"https:\/\/www.sonoraenequipo.com.mx\/#organization","name":"Sonoraenequipo.com.mx","url":"https:\/\/www.sonoraenequipo.com.mx\/","logo":{"@type":"ImageObject","inLanguage":"es","@id":"https:\/\/www.sonoraenequipo.com.mx\/#\/schema\/logo\/image\/","url":"https:\/\/www.sonoraenequipo.com.mx\/storage\/2019\/01\/sonoraenequipo_opt.png","contentUrl":"https:\/\/www.sonoraenequipo.com.mx\/storage\/2019\/01\/sonoraenequipo_opt.png","width":375,"height":125,"caption":"Sonoraenequipo.com.mx"},"image":{"@id":"https:\/\/www.sonoraenequipo.com.mx\/#\/schema\/logo\/image\/"},"sameAs":["https:\/\/www.facebook.com\/SonoraEE\/","https:\/\/x.com\/sonoraenequipo","https:\/\/www.youtube.com\/channel\/UC338nW-lPEYmJQs4ZABQ1SQ"]},{"@type":"Person","@id":"https:\/\/www.sonoraenequipo.com.mx\/#\/schema\/person\/50102df0fb23a8fa9e8effad8fa81386","name":"enequipo","image":{"@type":"ImageObject","inLanguage":"es","@id":"https:\/\/www.sonoraenequipo.com.mx\/#\/schema\/person\/image\/","url":"https:\/\/secure.gravatar.com\/avatar\/049821681b589dabc0bc20695993ccebb09f5b5d4d790cd9251b97faac7c652b?s=96&d=blank&r=g","contentUrl":"https:\/\/secure.gravatar.com\/avatar\/049821681b589dabc0bc20695993ccebb09f5b5d4d790cd9251b97faac7c652b?s=96&d=blank&r=g","caption":"enequipo"},"sameAs":["https:\/\/www.facebook.com\/SonoraEE"]}]}},"jetpack_featured_media_url":"https:\/\/www.sonoraenequipo.com.mx\/storage\/2023\/10\/banco-mundial.jpg","_links":{"self":[{"href":"https:\/\/www.sonoraenequipo.com.mx\/api\/wp\/v2\/posts\/176307","targetHints":{"allow":["GET"]}}],"collection":[{"href":"https:\/\/www.sonoraenequipo.com.mx\/api\/wp\/v2\/posts"}],"about":[{"href":"https:\/\/www.sonoraenequipo.com.mx\/api\/wp\/v2\/types\/post"}],"author":[{"embeddable":true,"href":"https:\/\/www.sonoraenequipo.com.mx\/api\/wp\/v2\/users\/1"}],"replies":[{"embeddable":true,"href":"https:\/\/www.sonoraenequipo.com.mx\/api\/wp\/v2\/comments?post=176307"}],"version-history":[{"count":1,"href":"https:\/\/www.sonoraenequipo.com.mx\/api\/wp\/v2\/posts\/176307\/revisions"}],"predecessor-version":[{"id":176309,"href":"https:\/\/www.sonoraenequipo.com.mx\/api\/wp\/v2\/posts\/176307\/revisions\/176309"}],"wp:featuredmedia":[{"embeddable":true,"href":"https:\/\/www.sonoraenequipo.com.mx\/api\/wp\/v2\/media\/176308"}],"wp:attachment":[{"href":"https:\/\/www.sonoraenequipo.com.mx\/api\/wp\/v2\/media?parent=176307"}],"wp:term":[{"taxonomy":"category","embeddable":true,"href":"https:\/\/www.sonoraenequipo.com.mx\/api\/wp\/v2\/categories?post=176307"},{"taxonomy":"post_tag","embeddable":true,"href":"https:\/\/www.sonoraenequipo.com.mx\/api\/wp\/v2\/tags?post=176307"}],"curies":[{"name":"wp","href":"https:\/\/api.w.org\/{rel}","templated":true}]}}