{"id":176776,"date":"2023-10-12T08:36:42","date_gmt":"2023-10-12T15:36:42","guid":{"rendered":"https:\/\/www.sonoraenequipo.com.mx\/?p=176776"},"modified":"2023-10-12T10:47:17","modified_gmt":"2023-10-12T17:47:17","slug":"rehabilitacion-de-zonas-arqueologicas-y-museos-ayuda-a-reforzar-identidad-mexicana-afirma-presidente","status":"publish","type":"post","link":"https:\/\/www.sonoraenequipo.com.mx\/rehabilitacion-de-zonas-arqueologicas-y-museos-ayuda-a-reforzar-identidad-mexicana-afirma-presidente\/","title":{"rendered":"Rehabilitaci\u00f3n de zonas arqueol\u00f3gicas y museos ayuda a reforzar identidad mexicana, afirma presidente"},"content":{"rendered":"<p><strong>CIUDAD DE M\u00c9XICO. MX. \u2014<\/strong> Al encabezar el informe de rescate arqueol\u00f3gico por el Tren Maya, el presidente Andr\u00e9s Manuel L\u00f3pez Obrador indic\u00f3 que la rehabilitaci\u00f3n y conservaci\u00f3n de zonas arqueol\u00f3gicas en el sureste contribuye a reforzar la identidad del pueblo de M\u00e9xico.<\/p>\n<p>&nbsp;<\/p>\n<p> <br \/>\n<em><strong>\u201cSon nuestros cimientos, nuestras ra\u00edces; es nuestra herencia cultural y tenemos que seguir reforzando de d\u00f3nde venimos para saber hacia d\u00f3nde vamos. Primero, qu\u00e9 somos y luego, hacia d\u00f3nde vamos; reforzar nuestra identidad como pueblo con nuestras culturas\u201d,<\/strong><\/em> afirm\u00f3.<\/p>\n<p>&nbsp;<\/p>\n<p>Actualmente, el Programa de Mejoramiento de Zonas Arqueol\u00f3gicas (Promeza) protege y restaura 27 sitios en Chiapas, Campeche, Tabasco, Yucat\u00e1n y Quintana Roo, detall\u00f3 el director general del Instituto Nacional de Antropolog\u00eda e Historia (INAH), Diego Prieto Hern\u00e1ndez.<\/p>\n<p>&nbsp;<\/p>\n<p>El funcionario present\u00f3 en la conferencia de prensa matutina un video sobre las tareas de investigaci\u00f3n, conservaci\u00f3n y restauraci\u00f3n de monumentos e infraestructura que impulsa el Gobierno de M\u00e9xico.<\/p>\n<p>&nbsp;<\/p>\n<p>A partir de una hist\u00f3rica inversi\u00f3n, el Promeza construye o reestructura nueve museos a lo largo de la ruta del Tren Maya y edifica once Centros de Atenci\u00f3n a Visitantes (Catvis) dirigidos a p\u00fablico nacional y extranjero. Al mismo tiempo, ampl\u00eda \u00e1reas de visita, habilita senderos y actualiza c\u00e9dulas en cinco estados por los que pasar\u00e1 el Tren Maya: Campeche, Chiapas, Quintana Roo, Tabasco y Yucat\u00e1n.<\/p>\n<p>&nbsp;<\/p>\n<p><strong>Los sitios son:<\/strong><\/p>\n<p>&nbsp;<\/p>\n<p><strong>Campeche<\/strong><br \/>\n<strong>El Tigre<\/strong><br \/>\n<strong>Edzn\u00e1<\/strong><br \/>\n<strong>Xcalumk\u00edn<\/strong><br \/>\n<strong>Calakmul<\/strong><br \/>\n<strong>Chiapas<\/strong><br \/>\n<strong>Palenque<\/strong><br \/>\n<strong>Quintana Roo<\/strong><br \/>\n<strong>El Meco<\/strong><br \/>\n<strong>Tulum<\/strong><br \/>\n<strong>Cob\u00e1<\/strong><br \/>\n<strong>Muyil<\/strong><br \/>\n<strong>Xel-H<\/strong><br \/>\n<strong>Paamul II<\/strong><br \/>\n<strong>Oxtankah<\/strong><br \/>\n<strong>Ichkabal<\/strong><br \/>\n<strong>Chacchoben<\/strong><br \/>\n<strong>Dzibanch\u00e9-Kinichn\u00e1<\/strong><br \/>\n<strong>Kohunlich<\/strong><br \/>\n<strong>Tabasco<\/strong><br \/>\n<strong>Moral-Reforma<\/strong><br \/>\n<strong>Yucat\u00e1n<\/strong><br \/>\n<strong>Uxmal<\/strong><br \/>\n<strong>Kabah<\/strong><br \/>\n<strong>Oxkintok<\/strong><br \/>\n<strong>Sayil<\/strong><br \/>\n<strong>Xlapak<\/strong><br \/>\n<strong>Labn\u00e1<\/strong><br \/>\n<strong>Chacmult\u00fan<\/strong><br \/>\n<strong>Dzibilchalt\u00fan<\/strong><br \/>\n<strong>Chich\u00e9n Itz\u00e1Ek&#8217; Balam<\/strong><\/p>\n<p>El Programa de Mejoramiento de Zonas Arqueol\u00f3gicas integra y rehabilita otros espacios destinados a la investigaci\u00f3n, conservaci\u00f3n y divulgaci\u00f3n del patrimonio, como el Ateneo Peninsular de M\u00e9rida, que albergar\u00e1 la sala de exposiciones Tren Maya y el Museo de Historia del Pueblo de Yucat\u00e1n. Tambi\u00e9n establecer\u00e1 el Museo Hist\u00f3rico de la ciudad de Felipe Carrillo Puerto, en Quintana Roo.<\/p>\n<p>&nbsp;<\/p>\n<p>PUBLICADO EL 12 OCTUBRE DE 2023\/ Con informaci\u00f3n de GOBIERNO DE M\u00c9XICO)<\/p>\n","protected":false},"excerpt":{"rendered":"<p>CIUDAD DE M\u00c9XICO. MX. \u2014 Al encabezar el informe de rescate arqueol\u00f3gico por el Tren&#8230;<\/p>\n","protected":false},"author":1,"featured_media":176777,"comment_status":"open","ping_status":"open","sticky":false,"template":"","format":"standard","meta":{"_monsterinsights_skip_tracking":false,"_monsterinsights_sitenote_active":false,"_monsterinsights_sitenote_note":"","_monsterinsights_sitenote_category":0,"footnotes":""},"categories":[5],"tags":[],"class_list":["post"],"yoast_head":" \n<title>Sonora en Equipo. Rehabilitaci\u00f3n de zonas arqueol\u00f3gicas y museos ayuda a reforzar identidad mexicana, afirma presidente Rep\u00fablica<\/title>\n<meta name=\"description\" content=\"CIUDAD DE M\u00c9XICO. MX. \u2014 Al encabezar el informe de rescate arqueol\u00f3gico por el Tren Maya, el presidente Andr\u00e9s Manuel L\u00f3pez Obrador indic\u00f3 que la En Sonora en Equipo publicamos toda la informaci\u00f3n de Sonora, M\u00e9xico y el Mundo de manera oportuna y busca que la libertad de expresi\u00f3n sea real. Visita nuestro medio informativo publicado desde Hermosillo, Sonora. %\" \/>\n<meta name=\"robots\" content=\"index, follow, max-snippet:-1, max-image-preview:large, max-video-preview:-1\" \/>\n<link rel=\"canonical\" href=\"https:\/\/www.sonoraenequipo.com.mx\/rehabilitacion-de-zonas-arqueologicas-y-museos-ayuda-a-reforzar-identidad-mexicana-afirma-presidente\/\" \/>\n<meta property=\"og:locale\" content=\"es_ES\" \/>\n<meta property=\"og:type\" content=\"article\" \/>\n<meta property=\"og:title\" content=\"Sonora en Equipo. Rehabilitaci\u00f3n de zonas arqueol\u00f3gicas y museos ayuda a reforzar identidad mexicana, afirma presidente Rep\u00fablica\" \/>\n<meta property=\"og:description\" content=\"CIUDAD DE M\u00c9XICO. MX. \u2014 Al encabezar el informe de rescate arqueol\u00f3gico por el Tren Maya, el presidente Andr\u00e9s Manuel L\u00f3pez Obrador indic\u00f3 que la En Sonora en Equipo publicamos toda la informaci\u00f3n de Sonora, M\u00e9xico y el Mundo de manera oportuna y busca que la libertad de expresi\u00f3n sea real. Visita nuestro medio informativo publicado desde Hermosillo, Sonora. %\" \/>\n<meta property=\"og:url\" content=\"https:\/\/www.sonoraenequipo.com.mx\/rehabilitacion-de-zonas-arqueologicas-y-museos-ayuda-a-reforzar-identidad-mexicana-afirma-presidente\/\" \/>\n<meta property=\"og:site_name\" content=\"Sonora en Equipo.\" \/>\n<meta property=\"article:publisher\" content=\"https:\/\/www.facebook.com\/SonoraEE\/\" \/>\n<meta property=\"article:author\" content=\"https:\/\/www.facebook.com\/SonoraEE\" \/>\n<meta property=\"article:published_time\" content=\"2023-10-12T15:36:42+00:00\" \/>\n<meta property=\"article:modified_time\" content=\"2023-10-12T17:47:17+00:00\" \/>\n<meta property=\"og:image\" content=\"https:\/\/www.sonoraenequipo.com.mx\/storage\/2023\/10\/amlo-1210-min-1.jpg\" \/>\n\t<meta property=\"og:image:width\" content=\"878\" \/>\n\t<meta property=\"og:image:height\" content=\"500\" \/>\n\t<meta property=\"og:image:type\" content=\"image\/jpeg\" \/>\n<meta name=\"author\" content=\"enequipo\" \/>\n<meta name=\"twitter:card\" content=\"summary_large_image\" \/>\n<meta name=\"twitter:creator\" content=\"@sonoraenequipo\" \/>\n<meta name=\"twitter:site\" content=\"@sonoraenequipo\" \/>\n<meta name=\"twitter:label1\" content=\"Escrito por\" \/>\n\t<meta name=\"twitter:data1\" content=\"enequipo\" \/>\n\t<meta name=\"twitter:label2\" content=\"Tiempo de lectura\" \/>\n\t<meta name=\"twitter:data2\" content=\"2 minutos\" \/>\n<script type=\"application\/ld+json\" class=\"yoast-schema-graph\">{\"@context\":\"https:\/\/schema.org\",\"@graph\":[{\"@type\":\"Article\",\"@id\":\"https:\/\/www.sonoraenequipo.com.mx\/rehabilitacion-de-zonas-arqueologicas-y-museos-ayuda-a-reforzar-identidad-mexicana-afirma-presidente\/#article\",\"isPartOf\":{\"@id\":\"https:\/\/www.sonoraenequipo.com.mx\/rehabilitacion-de-zonas-arqueologicas-y-museos-ayuda-a-reforzar-identidad-mexicana-afirma-presidente\/\"},\"author\":{\"name\":\"enequipo\",\"@id\":\"https:\/\/www.sonoraenequipo.com.mx\/#\/schema\/person\/50102df0fb23a8fa9e8effad8fa81386\"},\"headline\":\"Rehabilitaci\u00f3n de zonas arqueol\u00f3gicas y museos ayuda a reforzar identidad mexicana, afirma presidente\",\"datePublished\":\"2023-10-12T15:36:42+00:00\",\"dateModified\":\"2023-10-12T17:47:17+00:00\",\"mainEntityOfPage\":{\"@id\":\"https:\/\/www.sonoraenequipo.com.mx\/rehabilitacion-de-zonas-arqueologicas-y-museos-ayuda-a-reforzar-identidad-mexicana-afirma-presidente\/\"},\"wordCount\":387,\"commentCount\":0,\"publisher\":{\"@id\":\"https:\/\/www.sonoraenequipo.com.mx\/#organization\"},\"image\":{\"@id\":\"https:\/\/www.sonoraenequipo.com.mx\/rehabilitacion-de-zonas-arqueologicas-y-museos-ayuda-a-reforzar-identidad-mexicana-afirma-presidente\/#primaryimage\"},\"thumbnailUrl\":\"https:\/\/www.sonoraenequipo.com.mx\/storage\/2023\/10\/amlo-1210-min-1.jpg\",\"articleSection\":[\"Rep\u00fablica\"],\"inLanguage\":\"es\",\"potentialAction\":[{\"@type\":\"CommentAction\",\"name\":\"Comment\",\"target\":[\"https:\/\/www.sonoraenequipo.com.mx\/rehabilitacion-de-zonas-arqueologicas-y-museos-ayuda-a-reforzar-identidad-mexicana-afirma-presidente\/#respond\"]}]},{\"@type\":\"WebPage\",\"@id\":\"https:\/\/www.sonoraenequipo.com.mx\/rehabilitacion-de-zonas-arqueologicas-y-museos-ayuda-a-reforzar-identidad-mexicana-afirma-presidente\/\",\"url\":\"https:\/\/www.sonoraenequipo.com.mx\/rehabilitacion-de-zonas-arqueologicas-y-museos-ayuda-a-reforzar-identidad-mexicana-afirma-presidente\/\",\"name\":\"Sonora en Equipo. Rehabilitaci\u00f3n de zonas arqueol\u00f3gicas y museos ayuda a reforzar identidad mexicana, afirma presidente Rep\u00fablica\",\"isPartOf\":{\"@id\":\"https:\/\/www.sonoraenequipo.com.mx\/#website\"},\"primaryImageOfPage\":{\"@id\":\"https:\/\/www.sonoraenequipo.com.mx\/rehabilitacion-de-zonas-arqueologicas-y-museos-ayuda-a-reforzar-identidad-mexicana-afirma-presidente\/#primaryimage\"},\"image\":{\"@id\":\"https:\/\/www.sonoraenequipo.com.mx\/rehabilitacion-de-zonas-arqueologicas-y-museos-ayuda-a-reforzar-identidad-mexicana-afirma-presidente\/#primaryimage\"},\"thumbnailUrl\":\"https:\/\/www.sonoraenequipo.com.mx\/storage\/2023\/10\/amlo-1210-min-1.jpg\",\"datePublished\":\"2023-10-12T15:36:42+00:00\",\"dateModified\":\"2023-10-12T17:47:17+00:00\",\"description\":\"CIUDAD DE M\u00c9XICO. MX. \u2014 Al encabezar el informe de rescate arqueol\u00f3gico por el Tren Maya, el presidente Andr\u00e9s Manuel L\u00f3pez Obrador indic\u00f3 que la En Sonora en Equipo publicamos toda la informaci\u00f3n de Sonora, M\u00e9xico y el Mundo de manera oportuna y busca que la libertad de expresi\u00f3n sea real. Visita nuestro medio informativo publicado desde Hermosillo, Sonora. %\",\"breadcrumb\":{\"@id\":\"https:\/\/www.sonoraenequipo.com.mx\/rehabilitacion-de-zonas-arqueologicas-y-museos-ayuda-a-reforzar-identidad-mexicana-afirma-presidente\/#breadcrumb\"},\"inLanguage\":\"es\",\"potentialAction\":[{\"@type\":\"ReadAction\",\"target\":[\"https:\/\/www.sonoraenequipo.com.mx\/rehabilitacion-de-zonas-arqueologicas-y-museos-ayuda-a-reforzar-identidad-mexicana-afirma-presidente\/\"]}]},{\"@type\":\"ImageObject\",\"inLanguage\":\"es\",\"@id\":\"https:\/\/www.sonoraenequipo.com.mx\/rehabilitacion-de-zonas-arqueologicas-y-museos-ayuda-a-reforzar-identidad-mexicana-afirma-presidente\/#primaryimage\",\"url\":\"https:\/\/www.sonoraenequipo.com.mx\/storage\/2023\/10\/amlo-1210-min-1.jpg\",\"contentUrl\":\"https:\/\/www.sonoraenequipo.com.mx\/storage\/2023\/10\/amlo-1210-min-1.jpg\",\"width\":878,\"height\":500},{\"@type\":\"BreadcrumbList\",\"@id\":\"https:\/\/www.sonoraenequipo.com.mx\/rehabilitacion-de-zonas-arqueologicas-y-museos-ayuda-a-reforzar-identidad-mexicana-afirma-presidente\/#breadcrumb\",\"itemListElement\":[{\"@type\":\"ListItem\",\"position\":1,\"name\":\"Portada\",\"item\":\"https:\/\/www.sonoraenequipo.com.mx\/\"},{\"@type\":\"ListItem\",\"position\":2,\"name\":\"Rehabilitaci\u00f3n de zonas arqueol\u00f3gicas y museos ayuda a reforzar identidad mexicana, afirma presidente\"}]},{\"@type\":\"WebSite\",\"@id\":\"https:\/\/www.sonoraenequipo.com.mx\/#website\",\"url\":\"https:\/\/www.sonoraenequipo.com.mx\/\",\"name\":\"Sonora en Equipo.\",\"description\":\"Diario en l\u00ednea con Noticias desde Hermosillo, Sonora\",\"publisher\":{\"@id\":\"https:\/\/www.sonoraenequipo.com.mx\/#organization\"},\"potentialAction\":[{\"@type\":\"SearchAction\",\"target\":{\"@type\":\"EntryPoint\",\"urlTemplate\":\"https:\/\/www.sonoraenequipo.com.mx\/?s={search_term_string}\"},\"query-input\":{\"@type\":\"PropertyValueSpecification\",\"valueRequired\":true,\"valueName\":\"search_term_string\"}}],\"inLanguage\":\"es\"},{\"@type\":\"Organization\",\"@id\":\"https:\/\/www.sonoraenequipo.com.mx\/#organization\",\"name\":\"Sonoraenequipo.com.mx\",\"url\":\"https:\/\/www.sonoraenequipo.com.mx\/\",\"logo\":{\"@type\":\"ImageObject\",\"inLanguage\":\"es\",\"@id\":\"https:\/\/www.sonoraenequipo.com.mx\/#\/schema\/logo\/image\/\",\"url\":\"https:\/\/www.sonoraenequipo.com.mx\/storage\/2019\/01\/sonoraenequipo_opt.png\",\"contentUrl\":\"https:\/\/www.sonoraenequipo.com.mx\/storage\/2019\/01\/sonoraenequipo_opt.png\",\"width\":375,\"height\":125,\"caption\":\"Sonoraenequipo.com.mx\"},\"image\":{\"@id\":\"https:\/\/www.sonoraenequipo.com.mx\/#\/schema\/logo\/image\/\"},\"sameAs\":[\"https:\/\/www.facebook.com\/SonoraEE\/\",\"https:\/\/x.com\/sonoraenequipo\",\"https:\/\/www.youtube.com\/channel\/UC338nW-lPEYmJQs4ZABQ1SQ\"]},{\"@type\":\"Person\",\"@id\":\"https:\/\/www.sonoraenequipo.com.mx\/#\/schema\/person\/50102df0fb23a8fa9e8effad8fa81386\",\"name\":\"enequipo\",\"image\":{\"@type\":\"ImageObject\",\"inLanguage\":\"es\",\"@id\":\"https:\/\/www.sonoraenequipo.com.mx\/#\/schema\/person\/image\/\",\"url\":\"https:\/\/secure.gravatar.com\/avatar\/049821681b589dabc0bc20695993ccebb09f5b5d4d790cd9251b97faac7c652b?s=96&d=blank&r=g\",\"contentUrl\":\"https:\/\/secure.gravatar.com\/avatar\/049821681b589dabc0bc20695993ccebb09f5b5d4d790cd9251b97faac7c652b?s=96&d=blank&r=g\",\"caption\":\"enequipo\"},\"sameAs\":[\"https:\/\/www.facebook.com\/SonoraEE\"]}]}<\/script>\n ","yoast_head_json":{"title":"Sonora en Equipo. Rehabilitaci\u00f3n de zonas arqueol\u00f3gicas y museos ayuda a reforzar identidad mexicana, afirma presidente Rep\u00fablica","description":"CIUDAD DE M\u00c9XICO. MX. \u2014 Al encabezar el informe de rescate arqueol\u00f3gico por el Tren Maya, el presidente Andr\u00e9s Manuel L\u00f3pez Obrador indic\u00f3 que la En Sonora en Equipo publicamos toda la informaci\u00f3n de Sonora, M\u00e9xico y el Mundo de manera oportuna y busca que la libertad de expresi\u00f3n sea real. Visita nuestro medio informativo publicado desde Hermosillo, Sonora. %","robots":{"index":"index","follow":"follow","max-snippet":"max-snippet:-1","max-image-preview":"max-image-preview:large","max-video-preview":"max-video-preview:-1"},"canonical":"https:\/\/www.sonoraenequipo.com.mx\/rehabilitacion-de-zonas-arqueologicas-y-museos-ayuda-a-reforzar-identidad-mexicana-afirma-presidente\/","og_locale":"es_ES","og_type":"article","og_title":"Sonora en Equipo. Rehabilitaci\u00f3n de zonas arqueol\u00f3gicas y museos ayuda a reforzar identidad mexicana, afirma presidente Rep\u00fablica","og_description":"CIUDAD DE M\u00c9XICO. MX. \u2014 Al encabezar el informe de rescate arqueol\u00f3gico por el Tren Maya, el presidente Andr\u00e9s Manuel L\u00f3pez Obrador indic\u00f3 que la En Sonora en Equipo publicamos toda la informaci\u00f3n de Sonora, M\u00e9xico y el Mundo de manera oportuna y busca que la libertad de expresi\u00f3n sea real. Visita nuestro medio informativo publicado desde Hermosillo, Sonora. %","og_url":"https:\/\/www.sonoraenequipo.com.mx\/rehabilitacion-de-zonas-arqueologicas-y-museos-ayuda-a-reforzar-identidad-mexicana-afirma-presidente\/","og_site_name":"Sonora en Equipo.","article_publisher":"https:\/\/www.facebook.com\/SonoraEE\/","article_author":"https:\/\/www.facebook.com\/SonoraEE","article_published_time":"2023-10-12T15:36:42+00:00","article_modified_time":"2023-10-12T17:47:17+00:00","og_image":[{"width":878,"height":500,"url":"https:\/\/www.sonoraenequipo.com.mx\/storage\/2023\/10\/amlo-1210-min-1.jpg","type":"image\/jpeg"}],"author":"enequipo","twitter_card":"summary_large_image","twitter_creator":"@sonoraenequipo","twitter_site":"@sonoraenequipo","twitter_misc":{"Escrito por":"enequipo","Tiempo de lectura":"2 minutos"},"schema":{"@context":"https:\/\/schema.org","@graph":[{"@type":"Article","@id":"https:\/\/www.sonoraenequipo.com.mx\/rehabilitacion-de-zonas-arqueologicas-y-museos-ayuda-a-reforzar-identidad-mexicana-afirma-presidente\/#article","isPartOf":{"@id":"https:\/\/www.sonoraenequipo.com.mx\/rehabilitacion-de-zonas-arqueologicas-y-museos-ayuda-a-reforzar-identidad-mexicana-afirma-presidente\/"},"author":{"name":"enequipo","@id":"https:\/\/www.sonoraenequipo.com.mx\/#\/schema\/person\/50102df0fb23a8fa9e8effad8fa81386"},"headline":"Rehabilitaci\u00f3n de zonas arqueol\u00f3gicas y museos ayuda a reforzar identidad mexicana, afirma presidente","datePublished":"2023-10-12T15:36:42+00:00","dateModified":"2023-10-12T17:47:17+00:00","mainEntityOfPage":{"@id":"https:\/\/www.sonoraenequipo.com.mx\/rehabilitacion-de-zonas-arqueologicas-y-museos-ayuda-a-reforzar-identidad-mexicana-afirma-presidente\/"},"wordCount":387,"commentCount":0,"publisher":{"@id":"https:\/\/www.sonoraenequipo.com.mx\/#organization"},"image":{"@id":"https:\/\/www.sonoraenequipo.com.mx\/rehabilitacion-de-zonas-arqueologicas-y-museos-ayuda-a-reforzar-identidad-mexicana-afirma-presidente\/#primaryimage"},"thumbnailUrl":"https:\/\/www.sonoraenequipo.com.mx\/storage\/2023\/10\/amlo-1210-min-1.jpg","articleSection":["Rep\u00fablica"],"inLanguage":"es","potentialAction":[{"@type":"CommentAction","name":"Comment","target":["https:\/\/www.sonoraenequipo.com.mx\/rehabilitacion-de-zonas-arqueologicas-y-museos-ayuda-a-reforzar-identidad-mexicana-afirma-presidente\/#respond"]}]},{"@type":"WebPage","@id":"https:\/\/www.sonoraenequipo.com.mx\/rehabilitacion-de-zonas-arqueologicas-y-museos-ayuda-a-reforzar-identidad-mexicana-afirma-presidente\/","url":"https:\/\/www.sonoraenequipo.com.mx\/rehabilitacion-de-zonas-arqueologicas-y-museos-ayuda-a-reforzar-identidad-mexicana-afirma-presidente\/","name":"Sonora en Equipo. Rehabilitaci\u00f3n de zonas arqueol\u00f3gicas y museos ayuda a reforzar identidad mexicana, afirma presidente Rep\u00fablica","isPartOf":{"@id":"https:\/\/www.sonoraenequipo.com.mx\/#website"},"primaryImageOfPage":{"@id":"https:\/\/www.sonoraenequipo.com.mx\/rehabilitacion-de-zonas-arqueologicas-y-museos-ayuda-a-reforzar-identidad-mexicana-afirma-presidente\/#primaryimage"},"image":{"@id":"https:\/\/www.sonoraenequipo.com.mx\/rehabilitacion-de-zonas-arqueologicas-y-museos-ayuda-a-reforzar-identidad-mexicana-afirma-presidente\/#primaryimage"},"thumbnailUrl":"https:\/\/www.sonoraenequipo.com.mx\/storage\/2023\/10\/amlo-1210-min-1.jpg","datePublished":"2023-10-12T15:36:42+00:00","dateModified":"2023-10-12T17:47:17+00:00","description":"CIUDAD DE M\u00c9XICO. MX. \u2014 Al encabezar el informe de rescate arqueol\u00f3gico por el Tren Maya, el presidente Andr\u00e9s Manuel L\u00f3pez Obrador indic\u00f3 que la En Sonora en Equipo publicamos toda la informaci\u00f3n de Sonora, M\u00e9xico y el Mundo de manera oportuna y busca que la libertad de expresi\u00f3n sea real. Visita nuestro medio informativo publicado desde Hermosillo, Sonora. %","breadcrumb":{"@id":"https:\/\/www.sonoraenequipo.com.mx\/rehabilitacion-de-zonas-arqueologicas-y-museos-ayuda-a-reforzar-identidad-mexicana-afirma-presidente\/#breadcrumb"},"inLanguage":"es","potentialAction":[{"@type":"ReadAction","target":["https:\/\/www.sonoraenequipo.com.mx\/rehabilitacion-de-zonas-arqueologicas-y-museos-ayuda-a-reforzar-identidad-mexicana-afirma-presidente\/"]}]},{"@type":"ImageObject","inLanguage":"es","@id":"https:\/\/www.sonoraenequipo.com.mx\/rehabilitacion-de-zonas-arqueologicas-y-museos-ayuda-a-reforzar-identidad-mexicana-afirma-presidente\/#primaryimage","url":"https:\/\/www.sonoraenequipo.com.mx\/storage\/2023\/10\/amlo-1210-min-1.jpg","contentUrl":"https:\/\/www.sonoraenequipo.com.mx\/storage\/2023\/10\/amlo-1210-min-1.jpg","width":878,"height":500},{"@type":"BreadcrumbList","@id":"https:\/\/www.sonoraenequipo.com.mx\/rehabilitacion-de-zonas-arqueologicas-y-museos-ayuda-a-reforzar-identidad-mexicana-afirma-presidente\/#breadcrumb","itemListElement":[{"@type":"ListItem","position":1,"name":"Portada","item":"https:\/\/www.sonoraenequipo.com.mx\/"},{"@type":"ListItem","position":2,"name":"Rehabilitaci\u00f3n de zonas arqueol\u00f3gicas y museos ayuda a reforzar identidad mexicana, afirma presidente"}]},{"@type":"WebSite","@id":"https:\/\/www.sonoraenequipo.com.mx\/#website","url":"https:\/\/www.sonoraenequipo.com.mx\/","name":"Sonora en Equipo.","description":"Diario en l\u00ednea con Noticias desde Hermosillo, Sonora","publisher":{"@id":"https:\/\/www.sonoraenequipo.com.mx\/#organization"},"potentialAction":[{"@type":"SearchAction","target":{"@type":"EntryPoint","urlTemplate":"https:\/\/www.sonoraenequipo.com.mx\/?s={search_term_string}"},"query-input":{"@type":"PropertyValueSpecification","valueRequired":true,"valueName":"search_term_string"}}],"inLanguage":"es"},{"@type":"Organization","@id":"https:\/\/www.sonoraenequipo.com.mx\/#organization","name":"Sonoraenequipo.com.mx","url":"https:\/\/www.sonoraenequipo.com.mx\/","logo":{"@type":"ImageObject","inLanguage":"es","@id":"https:\/\/www.sonoraenequipo.com.mx\/#\/schema\/logo\/image\/","url":"https:\/\/www.sonoraenequipo.com.mx\/storage\/2019\/01\/sonoraenequipo_opt.png","contentUrl":"https:\/\/www.sonoraenequipo.com.mx\/storage\/2019\/01\/sonoraenequipo_opt.png","width":375,"height":125,"caption":"Sonoraenequipo.com.mx"},"image":{"@id":"https:\/\/www.sonoraenequipo.com.mx\/#\/schema\/logo\/image\/"},"sameAs":["https:\/\/www.facebook.com\/SonoraEE\/","https:\/\/x.com\/sonoraenequipo","https:\/\/www.youtube.com\/channel\/UC338nW-lPEYmJQs4ZABQ1SQ"]},{"@type":"Person","@id":"https:\/\/www.sonoraenequipo.com.mx\/#\/schema\/person\/50102df0fb23a8fa9e8effad8fa81386","name":"enequipo","image":{"@type":"ImageObject","inLanguage":"es","@id":"https:\/\/www.sonoraenequipo.com.mx\/#\/schema\/person\/image\/","url":"https:\/\/secure.gravatar.com\/avatar\/049821681b589dabc0bc20695993ccebb09f5b5d4d790cd9251b97faac7c652b?s=96&d=blank&r=g","contentUrl":"https:\/\/secure.gravatar.com\/avatar\/049821681b589dabc0bc20695993ccebb09f5b5d4d790cd9251b97faac7c652b?s=96&d=blank&r=g","caption":"enequipo"},"sameAs":["https:\/\/www.facebook.com\/SonoraEE"]}]}},"jetpack_featured_media_url":"https:\/\/www.sonoraenequipo.com.mx\/storage\/2023\/10\/amlo-1210-min-1.jpg","_links":{"self":[{"href":"https:\/\/www.sonoraenequipo.com.mx\/api\/wp\/v2\/posts\/176776","targetHints":{"allow":["GET"]}}],"collection":[{"href":"https:\/\/www.sonoraenequipo.com.mx\/api\/wp\/v2\/posts"}],"about":[{"href":"https:\/\/www.sonoraenequipo.com.mx\/api\/wp\/v2\/types\/post"}],"author":[{"embeddable":true,"href":"https:\/\/www.sonoraenequipo.com.mx\/api\/wp\/v2\/users\/1"}],"replies":[{"embeddable":true,"href":"https:\/\/www.sonoraenequipo.com.mx\/api\/wp\/v2\/comments?post=176776"}],"version-history":[{"count":1,"href":"https:\/\/www.sonoraenequipo.com.mx\/api\/wp\/v2\/posts\/176776\/revisions"}],"predecessor-version":[{"id":176778,"href":"https:\/\/www.sonoraenequipo.com.mx\/api\/wp\/v2\/posts\/176776\/revisions\/176778"}],"wp:featuredmedia":[{"embeddable":true,"href":"https:\/\/www.sonoraenequipo.com.mx\/api\/wp\/v2\/media\/176777"}],"wp:attachment":[{"href":"https:\/\/www.sonoraenequipo.com.mx\/api\/wp\/v2\/media?parent=176776"}],"wp:term":[{"taxonomy":"category","embeddable":true,"href":"https:\/\/www.sonoraenequipo.com.mx\/api\/wp\/v2\/categories?post=176776"},{"taxonomy":"post_tag","embeddable":true,"href":"https:\/\/www.sonoraenequipo.com.mx\/api\/wp\/v2\/tags?post=176776"}],"curies":[{"name":"wp","href":"https:\/\/api.w.org\/{rel}","templated":true}]}}