{"id":176800,"date":"2023-10-12T13:54:11","date_gmt":"2023-10-12T20:54:11","guid":{"rendered":"https:\/\/www.sonoraenequipo.com.mx\/?p=176800"},"modified":"2023-10-12T13:54:44","modified_gmt":"2023-10-12T20:54:44","slug":"actividad-industrial-aumenta-0-3-en-agosto-inegi","status":"publish","type":"post","link":"https:\/\/www.sonoraenequipo.com.mx\/actividad-industrial-aumenta-0-3-en-agosto-inegi\/","title":{"rendered":"Actividad industrial aumenta 0.3% en Agosto : Inegi"},"content":{"rendered":"<p>El Instituto Nacional de Estad\u00edstica y Geograf\u00eda (INEGI) presenta los resultados del Indicador Mensual de la Actividad Industrial (IMAI). Este permite conocer y dar seguimiento a la evoluci\u00f3n de la actividad industrial en M\u00e9xico.<\/p>\n<p>&nbsp;<\/p>\n<p>En agosto de 2023 y con cifras desestacionalizadas, el IMAI aument\u00f3 0.3 % a tasa mensual.<\/p>\n<p>&nbsp;<\/p>\n<p>Por componente y con series ajustadas por estacionalidad, en agosto de este a\u00f1o, la variaci\u00f3n mensual de la producci\u00f3n fue la siguiente: Generaci\u00f3n, transmisi\u00f3n, distribuci\u00f3n y comercializaci\u00f3n de energ\u00eda el\u00e9ctrica, suministro de agua y de gas natural por ductos al consumidor final creci\u00f3 2.6 %; Construcci\u00f3n, 2.4 % y Miner\u00eda, 1.6 por ciento. Industrias manufactureras disminuy\u00f3 0.7 % a tasa mensual.<\/p>\n<p>&nbsp;<\/p>\n<p>A tasa anual y con cifras desestacionalizadas, el IMAI increment\u00f3 5 %, en t\u00e9rminos reales, en agosto pasado. Por sector de actividad econ\u00f3mica, Construcci\u00f3n avanz\u00f3 30.1 %; Generaci\u00f3n, transmisi\u00f3n, distribuci\u00f3n y comercializaci\u00f3n de energ\u00eda el\u00e9ctrica, suministro de agua y de gas natural por ductos al consumidor final, 8.9 % y Miner\u00eda, 1.5 por ciento. Industrias manufactureras descendi\u00f3 0.7 por ciento.<\/p>\n<p>&nbsp;<\/p>\n<p>NOTA AL USUARIO<\/p>\n<p>&nbsp;<\/p>\n<p>En la integraci\u00f3n del IMAI, en agosto de 2023, se consideraron las encuestas econ\u00f3micas, la Estad\u00edstica de la Industria Minerometal\u00fargica, los registros administrativos y los datos primarios que divulga el INEGI. Para las actividades petroleras, de energ\u00eda, gas y agua, se incluyeron los registros administrativos provenientes de las empresas y Unidades del Estado que se recibieron oportunamente v\u00eda correo electr\u00f3nico e internet.<\/p>\n<p><strong>Fecha de Publicaci\u00f3n jueves 12 \u00a0de octubre de 2023<\/strong><\/p>\n","protected":false},"excerpt":{"rendered":"<p>El Instituto Nacional de Estad\u00edstica y Geograf\u00eda (INEGI) presenta los resultados del Indicador Mensual de&#8230;<\/p>\n","protected":false},"author":1,"featured_media":176805,"comment_status":"open","ping_status":"open","sticky":false,"template":"","format":"standard","meta":{"_monsterinsights_skip_tracking":false,"_monsterinsights_sitenote_active":false,"_monsterinsights_sitenote_note":"","_monsterinsights_sitenote_category":0,"footnotes":""},"categories":[6493],"tags":[],"class_list":["post"],"yoast_head":" \n<title>Sonora en Equipo. Actividad industrial aumenta 0.3% en Agosto : Inegi PALABRAS Y N\u00daMEROS<\/title>\n<meta name=\"description\" content=\"El Instituto Nacional de Estad\u00edstica y Geograf\u00eda (INEGI) presenta los resultados del Indicador Mensual de la Actividad Industrial (IMAI). Este permite En Sonora en Equipo publicamos toda la informaci\u00f3n de Sonora, M\u00e9xico y el Mundo de manera oportuna y busca que la libertad de expresi\u00f3n sea real. Visita nuestro medio informativo publicado desde Hermosillo, Sonora. %\" \/>\n<meta name=\"robots\" content=\"index, follow, max-snippet:-1, max-image-preview:large, max-video-preview:-1\" \/>\n<link rel=\"canonical\" href=\"https:\/\/www.sonoraenequipo.com.mx\/actividad-industrial-aumenta-0-3-en-agosto-inegi\/\" \/>\n<meta property=\"og:locale\" content=\"es_ES\" \/>\n<meta property=\"og:type\" content=\"article\" \/>\n<meta property=\"og:title\" content=\"Sonora en Equipo. Actividad industrial aumenta 0.3% en Agosto : Inegi PALABRAS Y N\u00daMEROS\" \/>\n<meta property=\"og:description\" content=\"El Instituto Nacional de Estad\u00edstica y Geograf\u00eda (INEGI) presenta los resultados del Indicador Mensual de la Actividad Industrial (IMAI). Este permite En Sonora en Equipo publicamos toda la informaci\u00f3n de Sonora, M\u00e9xico y el Mundo de manera oportuna y busca que la libertad de expresi\u00f3n sea real. Visita nuestro medio informativo publicado desde Hermosillo, Sonora. %\" \/>\n<meta property=\"og:url\" content=\"https:\/\/www.sonoraenequipo.com.mx\/actividad-industrial-aumenta-0-3-en-agosto-inegi\/\" \/>\n<meta property=\"og:site_name\" content=\"Sonora en Equipo.\" \/>\n<meta property=\"article:publisher\" content=\"https:\/\/www.facebook.com\/SonoraEE\/\" \/>\n<meta property=\"article:author\" content=\"https:\/\/www.facebook.com\/SonoraEE\" \/>\n<meta property=\"article:published_time\" content=\"2023-10-12T20:54:11+00:00\" \/>\n<meta property=\"article:modified_time\" content=\"2023-10-12T20:54:44+00:00\" \/>\n<meta property=\"og:image\" content=\"https:\/\/www.sonoraenequipo.com.mx\/storage\/2023\/10\/industria.jpg\" \/>\n\t<meta property=\"og:image:width\" content=\"900\" \/>\n\t<meta property=\"og:image:height\" content=\"544\" \/>\n\t<meta property=\"og:image:type\" content=\"image\/jpeg\" \/>\n<meta name=\"author\" content=\"enequipo\" \/>\n<meta name=\"twitter:card\" content=\"summary_large_image\" \/>\n<meta name=\"twitter:creator\" content=\"@sonoraenequipo\" \/>\n<meta name=\"twitter:site\" content=\"@sonoraenequipo\" \/>\n<meta name=\"twitter:label1\" content=\"Escrito por\" \/>\n\t<meta name=\"twitter:data1\" content=\"enequipo\" \/>\n\t<meta name=\"twitter:label2\" content=\"Tiempo de lectura\" \/>\n\t<meta name=\"twitter:data2\" content=\"1 minuto\" \/>\n<script type=\"application\/ld+json\" class=\"yoast-schema-graph\">{\"@context\":\"https:\/\/schema.org\",\"@graph\":[{\"@type\":\"Article\",\"@id\":\"https:\/\/www.sonoraenequipo.com.mx\/actividad-industrial-aumenta-0-3-en-agosto-inegi\/#article\",\"isPartOf\":{\"@id\":\"https:\/\/www.sonoraenequipo.com.mx\/actividad-industrial-aumenta-0-3-en-agosto-inegi\/\"},\"author\":{\"name\":\"enequipo\",\"@id\":\"https:\/\/www.sonoraenequipo.com.mx\/#\/schema\/person\/50102df0fb23a8fa9e8effad8fa81386\"},\"headline\":\"Actividad industrial aumenta 0.3% en Agosto : Inegi\",\"datePublished\":\"2023-10-12T20:54:11+00:00\",\"dateModified\":\"2023-10-12T20:54:44+00:00\",\"mainEntityOfPage\":{\"@id\":\"https:\/\/www.sonoraenequipo.com.mx\/actividad-industrial-aumenta-0-3-en-agosto-inegi\/\"},\"wordCount\":268,\"commentCount\":0,\"publisher\":{\"@id\":\"https:\/\/www.sonoraenequipo.com.mx\/#organization\"},\"image\":{\"@id\":\"https:\/\/www.sonoraenequipo.com.mx\/actividad-industrial-aumenta-0-3-en-agosto-inegi\/#primaryimage\"},\"thumbnailUrl\":\"https:\/\/www.sonoraenequipo.com.mx\/storage\/2023\/10\/industria.jpg\",\"articleSection\":[\"PALABRAS Y N\u00daMEROS\"],\"inLanguage\":\"es\",\"potentialAction\":[{\"@type\":\"CommentAction\",\"name\":\"Comment\",\"target\":[\"https:\/\/www.sonoraenequipo.com.mx\/actividad-industrial-aumenta-0-3-en-agosto-inegi\/#respond\"]}]},{\"@type\":\"WebPage\",\"@id\":\"https:\/\/www.sonoraenequipo.com.mx\/actividad-industrial-aumenta-0-3-en-agosto-inegi\/\",\"url\":\"https:\/\/www.sonoraenequipo.com.mx\/actividad-industrial-aumenta-0-3-en-agosto-inegi\/\",\"name\":\"Sonora en Equipo. Actividad industrial aumenta 0.3% en Agosto : Inegi PALABRAS Y N\u00daMEROS\",\"isPartOf\":{\"@id\":\"https:\/\/www.sonoraenequipo.com.mx\/#website\"},\"primaryImageOfPage\":{\"@id\":\"https:\/\/www.sonoraenequipo.com.mx\/actividad-industrial-aumenta-0-3-en-agosto-inegi\/#primaryimage\"},\"image\":{\"@id\":\"https:\/\/www.sonoraenequipo.com.mx\/actividad-industrial-aumenta-0-3-en-agosto-inegi\/#primaryimage\"},\"thumbnailUrl\":\"https:\/\/www.sonoraenequipo.com.mx\/storage\/2023\/10\/industria.jpg\",\"datePublished\":\"2023-10-12T20:54:11+00:00\",\"dateModified\":\"2023-10-12T20:54:44+00:00\",\"description\":\"El Instituto Nacional de Estad\u00edstica y Geograf\u00eda (INEGI) presenta los resultados del Indicador Mensual de la Actividad Industrial (IMAI). Este permite En Sonora en Equipo publicamos toda la informaci\u00f3n de Sonora, M\u00e9xico y el Mundo de manera oportuna y busca que la libertad de expresi\u00f3n sea real. Visita nuestro medio informativo publicado desde Hermosillo, Sonora. %\",\"breadcrumb\":{\"@id\":\"https:\/\/www.sonoraenequipo.com.mx\/actividad-industrial-aumenta-0-3-en-agosto-inegi\/#breadcrumb\"},\"inLanguage\":\"es\",\"potentialAction\":[{\"@type\":\"ReadAction\",\"target\":[\"https:\/\/www.sonoraenequipo.com.mx\/actividad-industrial-aumenta-0-3-en-agosto-inegi\/\"]}]},{\"@type\":\"ImageObject\",\"inLanguage\":\"es\",\"@id\":\"https:\/\/www.sonoraenequipo.com.mx\/actividad-industrial-aumenta-0-3-en-agosto-inegi\/#primaryimage\",\"url\":\"https:\/\/www.sonoraenequipo.com.mx\/storage\/2023\/10\/industria.jpg\",\"contentUrl\":\"https:\/\/www.sonoraenequipo.com.mx\/storage\/2023\/10\/industria.jpg\",\"width\":900,\"height\":544},{\"@type\":\"BreadcrumbList\",\"@id\":\"https:\/\/www.sonoraenequipo.com.mx\/actividad-industrial-aumenta-0-3-en-agosto-inegi\/#breadcrumb\",\"itemListElement\":[{\"@type\":\"ListItem\",\"position\":1,\"name\":\"Portada\",\"item\":\"https:\/\/www.sonoraenequipo.com.mx\/\"},{\"@type\":\"ListItem\",\"position\":2,\"name\":\"Actividad industrial aumenta 0.3% en Agosto : Inegi\"}]},{\"@type\":\"WebSite\",\"@id\":\"https:\/\/www.sonoraenequipo.com.mx\/#website\",\"url\":\"https:\/\/www.sonoraenequipo.com.mx\/\",\"name\":\"Sonora en Equipo.\",\"description\":\"Diario en l\u00ednea con Noticias desde Hermosillo, Sonora\",\"publisher\":{\"@id\":\"https:\/\/www.sonoraenequipo.com.mx\/#organization\"},\"potentialAction\":[{\"@type\":\"SearchAction\",\"target\":{\"@type\":\"EntryPoint\",\"urlTemplate\":\"https:\/\/www.sonoraenequipo.com.mx\/?s={search_term_string}\"},\"query-input\":{\"@type\":\"PropertyValueSpecification\",\"valueRequired\":true,\"valueName\":\"search_term_string\"}}],\"inLanguage\":\"es\"},{\"@type\":\"Organization\",\"@id\":\"https:\/\/www.sonoraenequipo.com.mx\/#organization\",\"name\":\"Sonoraenequipo.com.mx\",\"url\":\"https:\/\/www.sonoraenequipo.com.mx\/\",\"logo\":{\"@type\":\"ImageObject\",\"inLanguage\":\"es\",\"@id\":\"https:\/\/www.sonoraenequipo.com.mx\/#\/schema\/logo\/image\/\",\"url\":\"https:\/\/www.sonoraenequipo.com.mx\/storage\/2019\/01\/sonoraenequipo_opt.png\",\"contentUrl\":\"https:\/\/www.sonoraenequipo.com.mx\/storage\/2019\/01\/sonoraenequipo_opt.png\",\"width\":375,\"height\":125,\"caption\":\"Sonoraenequipo.com.mx\"},\"image\":{\"@id\":\"https:\/\/www.sonoraenequipo.com.mx\/#\/schema\/logo\/image\/\"},\"sameAs\":[\"https:\/\/www.facebook.com\/SonoraEE\/\",\"https:\/\/x.com\/sonoraenequipo\",\"https:\/\/www.youtube.com\/channel\/UC338nW-lPEYmJQs4ZABQ1SQ\"]},{\"@type\":\"Person\",\"@id\":\"https:\/\/www.sonoraenequipo.com.mx\/#\/schema\/person\/50102df0fb23a8fa9e8effad8fa81386\",\"name\":\"enequipo\",\"image\":{\"@type\":\"ImageObject\",\"inLanguage\":\"es\",\"@id\":\"https:\/\/www.sonoraenequipo.com.mx\/#\/schema\/person\/image\/\",\"url\":\"https:\/\/secure.gravatar.com\/avatar\/049821681b589dabc0bc20695993ccebb09f5b5d4d790cd9251b97faac7c652b?s=96&d=blank&r=g\",\"contentUrl\":\"https:\/\/secure.gravatar.com\/avatar\/049821681b589dabc0bc20695993ccebb09f5b5d4d790cd9251b97faac7c652b?s=96&d=blank&r=g\",\"caption\":\"enequipo\"},\"sameAs\":[\"https:\/\/www.facebook.com\/SonoraEE\"]}]}<\/script>\n ","yoast_head_json":{"title":"Sonora en Equipo. Actividad industrial aumenta 0.3% en Agosto : Inegi PALABRAS Y N\u00daMEROS","description":"El Instituto Nacional de Estad\u00edstica y Geograf\u00eda (INEGI) presenta los resultados del Indicador Mensual de la Actividad Industrial (IMAI). Este permite En Sonora en Equipo publicamos toda la informaci\u00f3n de Sonora, M\u00e9xico y el Mundo de manera oportuna y busca que la libertad de expresi\u00f3n sea real. Visita nuestro medio informativo publicado desde Hermosillo, Sonora. %","robots":{"index":"index","follow":"follow","max-snippet":"max-snippet:-1","max-image-preview":"max-image-preview:large","max-video-preview":"max-video-preview:-1"},"canonical":"https:\/\/www.sonoraenequipo.com.mx\/actividad-industrial-aumenta-0-3-en-agosto-inegi\/","og_locale":"es_ES","og_type":"article","og_title":"Sonora en Equipo. Actividad industrial aumenta 0.3% en Agosto : Inegi PALABRAS Y N\u00daMEROS","og_description":"El Instituto Nacional de Estad\u00edstica y Geograf\u00eda (INEGI) presenta los resultados del Indicador Mensual de la Actividad Industrial (IMAI). Este permite En Sonora en Equipo publicamos toda la informaci\u00f3n de Sonora, M\u00e9xico y el Mundo de manera oportuna y busca que la libertad de expresi\u00f3n sea real. Visita nuestro medio informativo publicado desde Hermosillo, Sonora. %","og_url":"https:\/\/www.sonoraenequipo.com.mx\/actividad-industrial-aumenta-0-3-en-agosto-inegi\/","og_site_name":"Sonora en Equipo.","article_publisher":"https:\/\/www.facebook.com\/SonoraEE\/","article_author":"https:\/\/www.facebook.com\/SonoraEE","article_published_time":"2023-10-12T20:54:11+00:00","article_modified_time":"2023-10-12T20:54:44+00:00","og_image":[{"width":900,"height":544,"url":"https:\/\/www.sonoraenequipo.com.mx\/storage\/2023\/10\/industria.jpg","type":"image\/jpeg"}],"author":"enequipo","twitter_card":"summary_large_image","twitter_creator":"@sonoraenequipo","twitter_site":"@sonoraenequipo","twitter_misc":{"Escrito por":"enequipo","Tiempo de lectura":"1 minuto"},"schema":{"@context":"https:\/\/schema.org","@graph":[{"@type":"Article","@id":"https:\/\/www.sonoraenequipo.com.mx\/actividad-industrial-aumenta-0-3-en-agosto-inegi\/#article","isPartOf":{"@id":"https:\/\/www.sonoraenequipo.com.mx\/actividad-industrial-aumenta-0-3-en-agosto-inegi\/"},"author":{"name":"enequipo","@id":"https:\/\/www.sonoraenequipo.com.mx\/#\/schema\/person\/50102df0fb23a8fa9e8effad8fa81386"},"headline":"Actividad industrial aumenta 0.3% en Agosto : Inegi","datePublished":"2023-10-12T20:54:11+00:00","dateModified":"2023-10-12T20:54:44+00:00","mainEntityOfPage":{"@id":"https:\/\/www.sonoraenequipo.com.mx\/actividad-industrial-aumenta-0-3-en-agosto-inegi\/"},"wordCount":268,"commentCount":0,"publisher":{"@id":"https:\/\/www.sonoraenequipo.com.mx\/#organization"},"image":{"@id":"https:\/\/www.sonoraenequipo.com.mx\/actividad-industrial-aumenta-0-3-en-agosto-inegi\/#primaryimage"},"thumbnailUrl":"https:\/\/www.sonoraenequipo.com.mx\/storage\/2023\/10\/industria.jpg","articleSection":["PALABRAS Y N\u00daMEROS"],"inLanguage":"es","potentialAction":[{"@type":"CommentAction","name":"Comment","target":["https:\/\/www.sonoraenequipo.com.mx\/actividad-industrial-aumenta-0-3-en-agosto-inegi\/#respond"]}]},{"@type":"WebPage","@id":"https:\/\/www.sonoraenequipo.com.mx\/actividad-industrial-aumenta-0-3-en-agosto-inegi\/","url":"https:\/\/www.sonoraenequipo.com.mx\/actividad-industrial-aumenta-0-3-en-agosto-inegi\/","name":"Sonora en Equipo. Actividad industrial aumenta 0.3% en Agosto : Inegi PALABRAS Y N\u00daMEROS","isPartOf":{"@id":"https:\/\/www.sonoraenequipo.com.mx\/#website"},"primaryImageOfPage":{"@id":"https:\/\/www.sonoraenequipo.com.mx\/actividad-industrial-aumenta-0-3-en-agosto-inegi\/#primaryimage"},"image":{"@id":"https:\/\/www.sonoraenequipo.com.mx\/actividad-industrial-aumenta-0-3-en-agosto-inegi\/#primaryimage"},"thumbnailUrl":"https:\/\/www.sonoraenequipo.com.mx\/storage\/2023\/10\/industria.jpg","datePublished":"2023-10-12T20:54:11+00:00","dateModified":"2023-10-12T20:54:44+00:00","description":"El Instituto Nacional de Estad\u00edstica y Geograf\u00eda (INEGI) presenta los resultados del Indicador Mensual de la Actividad Industrial (IMAI). Este permite En Sonora en Equipo publicamos toda la informaci\u00f3n de Sonora, M\u00e9xico y el Mundo de manera oportuna y busca que la libertad de expresi\u00f3n sea real. Visita nuestro medio informativo publicado desde Hermosillo, Sonora. %","breadcrumb":{"@id":"https:\/\/www.sonoraenequipo.com.mx\/actividad-industrial-aumenta-0-3-en-agosto-inegi\/#breadcrumb"},"inLanguage":"es","potentialAction":[{"@type":"ReadAction","target":["https:\/\/www.sonoraenequipo.com.mx\/actividad-industrial-aumenta-0-3-en-agosto-inegi\/"]}]},{"@type":"ImageObject","inLanguage":"es","@id":"https:\/\/www.sonoraenequipo.com.mx\/actividad-industrial-aumenta-0-3-en-agosto-inegi\/#primaryimage","url":"https:\/\/www.sonoraenequipo.com.mx\/storage\/2023\/10\/industria.jpg","contentUrl":"https:\/\/www.sonoraenequipo.com.mx\/storage\/2023\/10\/industria.jpg","width":900,"height":544},{"@type":"BreadcrumbList","@id":"https:\/\/www.sonoraenequipo.com.mx\/actividad-industrial-aumenta-0-3-en-agosto-inegi\/#breadcrumb","itemListElement":[{"@type":"ListItem","position":1,"name":"Portada","item":"https:\/\/www.sonoraenequipo.com.mx\/"},{"@type":"ListItem","position":2,"name":"Actividad industrial aumenta 0.3% en Agosto : Inegi"}]},{"@type":"WebSite","@id":"https:\/\/www.sonoraenequipo.com.mx\/#website","url":"https:\/\/www.sonoraenequipo.com.mx\/","name":"Sonora en Equipo.","description":"Diario en l\u00ednea con Noticias desde Hermosillo, Sonora","publisher":{"@id":"https:\/\/www.sonoraenequipo.com.mx\/#organization"},"potentialAction":[{"@type":"SearchAction","target":{"@type":"EntryPoint","urlTemplate":"https:\/\/www.sonoraenequipo.com.mx\/?s={search_term_string}"},"query-input":{"@type":"PropertyValueSpecification","valueRequired":true,"valueName":"search_term_string"}}],"inLanguage":"es"},{"@type":"Organization","@id":"https:\/\/www.sonoraenequipo.com.mx\/#organization","name":"Sonoraenequipo.com.mx","url":"https:\/\/www.sonoraenequipo.com.mx\/","logo":{"@type":"ImageObject","inLanguage":"es","@id":"https:\/\/www.sonoraenequipo.com.mx\/#\/schema\/logo\/image\/","url":"https:\/\/www.sonoraenequipo.com.mx\/storage\/2019\/01\/sonoraenequipo_opt.png","contentUrl":"https:\/\/www.sonoraenequipo.com.mx\/storage\/2019\/01\/sonoraenequipo_opt.png","width":375,"height":125,"caption":"Sonoraenequipo.com.mx"},"image":{"@id":"https:\/\/www.sonoraenequipo.com.mx\/#\/schema\/logo\/image\/"},"sameAs":["https:\/\/www.facebook.com\/SonoraEE\/","https:\/\/x.com\/sonoraenequipo","https:\/\/www.youtube.com\/channel\/UC338nW-lPEYmJQs4ZABQ1SQ"]},{"@type":"Person","@id":"https:\/\/www.sonoraenequipo.com.mx\/#\/schema\/person\/50102df0fb23a8fa9e8effad8fa81386","name":"enequipo","image":{"@type":"ImageObject","inLanguage":"es","@id":"https:\/\/www.sonoraenequipo.com.mx\/#\/schema\/person\/image\/","url":"https:\/\/secure.gravatar.com\/avatar\/049821681b589dabc0bc20695993ccebb09f5b5d4d790cd9251b97faac7c652b?s=96&d=blank&r=g","contentUrl":"https:\/\/secure.gravatar.com\/avatar\/049821681b589dabc0bc20695993ccebb09f5b5d4d790cd9251b97faac7c652b?s=96&d=blank&r=g","caption":"enequipo"},"sameAs":["https:\/\/www.facebook.com\/SonoraEE"]}]}},"jetpack_featured_media_url":"https:\/\/www.sonoraenequipo.com.mx\/storage\/2023\/10\/industria.jpg","_links":{"self":[{"href":"https:\/\/www.sonoraenequipo.com.mx\/api\/wp\/v2\/posts\/176800","targetHints":{"allow":["GET"]}}],"collection":[{"href":"https:\/\/www.sonoraenequipo.com.mx\/api\/wp\/v2\/posts"}],"about":[{"href":"https:\/\/www.sonoraenequipo.com.mx\/api\/wp\/v2\/types\/post"}],"author":[{"embeddable":true,"href":"https:\/\/www.sonoraenequipo.com.mx\/api\/wp\/v2\/users\/1"}],"replies":[{"embeddable":true,"href":"https:\/\/www.sonoraenequipo.com.mx\/api\/wp\/v2\/comments?post=176800"}],"version-history":[{"count":1,"href":"https:\/\/www.sonoraenequipo.com.mx\/api\/wp\/v2\/posts\/176800\/revisions"}],"predecessor-version":[{"id":176806,"href":"https:\/\/www.sonoraenequipo.com.mx\/api\/wp\/v2\/posts\/176800\/revisions\/176806"}],"wp:featuredmedia":[{"embeddable":true,"href":"https:\/\/www.sonoraenequipo.com.mx\/api\/wp\/v2\/media\/176805"}],"wp:attachment":[{"href":"https:\/\/www.sonoraenequipo.com.mx\/api\/wp\/v2\/media?parent=176800"}],"wp:term":[{"taxonomy":"category","embeddable":true,"href":"https:\/\/www.sonoraenequipo.com.mx\/api\/wp\/v2\/categories?post=176800"},{"taxonomy":"post_tag","embeddable":true,"href":"https:\/\/www.sonoraenequipo.com.mx\/api\/wp\/v2\/tags?post=176800"}],"curies":[{"name":"wp","href":"https:\/\/api.w.org\/{rel}","templated":true}]}}