{"id":176801,"date":"2023-10-12T09:07:31","date_gmt":"2023-10-12T16:07:31","guid":{"rendered":"https:\/\/www.sonoraenequipo.com.mx\/?p=176801"},"modified":"2023-10-12T13:32:43","modified_gmt":"2023-10-12T20:32:43","slug":"ahorros-por-eliminacion-de-fideicomisos-en-poder-judicial-podrian-destinarse-a-becas-presidente","status":"publish","type":"post","link":"https:\/\/www.sonoraenequipo.com.mx\/ahorros-por-eliminacion-de-fideicomisos-en-poder-judicial-podrian-destinarse-a-becas-presidente\/","title":{"rendered":"Ahorros por eliminaci\u00f3n de fideicomisos en poder judicial podr\u00edan destinarse a becas: presidente"},"content":{"rendered":"<p><strong>CIUDAD DE M\u00c9XICO. MX. \u2014<\/strong> El presidente Andr\u00e9s Manuel L\u00f3pez Obrador plante\u00f3 la posibilidad de reorientar los fideicomisos del Poder Judicial, que rondan los 15 mil millones de pesos, a un mayor n\u00famero de becas para estudiantes de educaci\u00f3n b\u00e1sica.<\/p>\n<p>&nbsp;<\/p>\n<p> <\/p>\n<p>&nbsp;<\/p>\n<p><em><strong>\u201cEso en el Congreso lo pueden decidir, pero ayudar\u00eda much\u00edsimo, por ejemplo para becas de estudiantes de familias pobres. (\u2026) En primaria, en b\u00e1sica, no es universal; se entrega a las comunidades m\u00e1s pobres y, en algunos casos, es muy doloroso porque hay pobreza. Entonces en un sal\u00f3n, en un grupo, le toca a la mitad y a la otra mitad no. El ideal ser\u00eda que fuese universal\u201d,<\/strong> <\/em>propuso ante representantes de medios de comunicaci\u00f3n.<\/p>\n<p>&nbsp;<\/p>\n<p>En conferencia de prensa matutina reiter\u00f3 que la C\u00e1mara de Diputados tiene la facultad exclusiva de modificar el presupuesto del Poder Judicial, por lo que es responsabilidad de las y los legisladores autorizar o no los 84 mil millones de pesos, dinero del erario p\u00fablico, que solicit\u00f3 la ministra presidenta de la Suprema Corte de Justicia de la Naci\u00f3n, Norma Pi\u00f1a Hern\u00e1ndez.<\/p>\n<p>&nbsp;<\/p>\n<p>Reafirm\u00f3 que los empleados no resultar\u00e1n afectados por la extinci\u00f3n de los fideicomisos, con lo que se busca eliminar privilegios de altos funcionarios.<\/p>\n<p>&nbsp;<\/p>\n<p>Las trabajadoras y trabajadores, dijo, tienen garantizados sus sueldos y prestaciones b\u00e1sicas. Adem\u00e1s, asegur\u00f3 que no habr\u00e1 cierre de juzgados ni despidos si la C\u00e1mara de Diputados resuelve aplicar el modelo de austeridad.<\/p>\n<p>&nbsp;<\/p>\n<p><em><strong>\u201cEse fideicomiso que est\u00e1 en cuesti\u00f3n pr\u00e1cticamente no se usa, es una reserva que tienen ah\u00ed para mantener privilegios de los altos funcionarios p\u00fablicos. (\u2026) Es muy poco lo que se ejerce, se va a acumulando cada vez m\u00e1s y ah\u00ed se tiene, es un guardadito, entonces no va a afectar a los trabajadores, lo dije ayer, es actuar con apego al principio de la austeridad republicana\u201d,<\/strong><\/em> asegur\u00f3.<\/p>\n<p>&nbsp;<\/p>\n<p><strong><em>\u201c\u00bfC\u00f3mo va a ser justa median\u00eda ganar 700 mil pesos mensuales? Si el salario promedio de los mexicanos es de 16 mil pesos mensuales, el promedio de los 22 millones que trabajan y que est\u00e1n inscritos en el Seguro Social, los que trabajan en econom\u00eda formal, pero el salario m\u00ednimo es apenas de un poco m\u00e1s de 6 mil pesos al mes\u201d,<\/em><\/strong> agreg\u00f3.<\/p>\n<p>&nbsp;<\/p>\n<p>&nbsp;<\/p>\n<p>Sobre la evidente disparidad de sueldos, el jefe del Ejecutivo cit\u00f3 en el Sal\u00f3n de la Tesorer\u00eda de Palacio Nacional las palabras del presidente Benito Ju\u00e1rez Garc\u00eda, quien establec\u00eda:<\/p>\n<p>&nbsp;<\/p>\n<p>&nbsp;<\/p>\n<p><em><strong>\u201cBajo el sistema federativo, los funcionarios p\u00fablicos no pueden disponer de las rentas sin responsabilidad. No pueden gobernar a impulsos de una voluntad caprichosa, sino con sujeci\u00f3n a las leyes. No pueden improvisar fortunas, ni entregarse al ocio y a la disipaci\u00f3n, sino consagrarse asiduamente al trabajo, disponi\u00e9ndose a vivir, en la honrada median\u00eda que proporciona la retribuci\u00f3n que la ley les se\u00f1ala\u201d.<\/strong><\/em><\/p>\n<p>&nbsp;<\/p>\n<p>&nbsp;<\/p>\n<p>PUBLICADO EL 12 OCTUBRE DE 2023\/ Con informaci\u00f3n de GOBIERNO DE M\u00c9XICO)<\/p>\n","protected":false},"excerpt":{"rendered":"<p>CIUDAD DE M\u00c9XICO. MX. \u2014 El presidente Andr\u00e9s Manuel L\u00f3pez Obrador plante\u00f3 la posibilidad de&#8230;<\/p>\n","protected":false},"author":1,"featured_media":176802,"comment_status":"open","ping_status":"open","sticky":false,"template":"","format":"standard","meta":{"_monsterinsights_skip_tracking":false,"_monsterinsights_sitenote_active":false,"_monsterinsights_sitenote_note":"","_monsterinsights_sitenote_category":0,"footnotes":""},"categories":[5],"tags":[],"class_list":["post"],"yoast_head":" \n<title>Sonora en Equipo. Ahorros por eliminaci\u00f3n de fideicomisos en poder judicial podr\u00edan destinarse a becas: presidente Rep\u00fablica<\/title>\n<meta name=\"description\" content=\"CIUDAD DE M\u00c9XICO. MX. \u2014 El presidente Andr\u00e9s Manuel L\u00f3pez Obrador plante\u00f3 la posibilidad de reorientar los fideicomisos del Poder Judicial, que rondan los En Sonora en Equipo publicamos toda la informaci\u00f3n de Sonora, M\u00e9xico y el Mundo de manera oportuna y busca que la libertad de expresi\u00f3n sea real. Visita nuestro medio informativo publicado desde Hermosillo, Sonora. %\" \/>\n<meta name=\"robots\" content=\"index, follow, max-snippet:-1, max-image-preview:large, max-video-preview:-1\" \/>\n<link rel=\"canonical\" href=\"https:\/\/www.sonoraenequipo.com.mx\/ahorros-por-eliminacion-de-fideicomisos-en-poder-judicial-podrian-destinarse-a-becas-presidente\/\" \/>\n<meta property=\"og:locale\" content=\"es_ES\" \/>\n<meta property=\"og:type\" content=\"article\" \/>\n<meta property=\"og:title\" content=\"Sonora en Equipo. Ahorros por eliminaci\u00f3n de fideicomisos en poder judicial podr\u00edan destinarse a becas: presidente Rep\u00fablica\" \/>\n<meta property=\"og:description\" content=\"CIUDAD DE M\u00c9XICO. MX. \u2014 El presidente Andr\u00e9s Manuel L\u00f3pez Obrador plante\u00f3 la posibilidad de reorientar los fideicomisos del Poder Judicial, que rondan los En Sonora en Equipo publicamos toda la informaci\u00f3n de Sonora, M\u00e9xico y el Mundo de manera oportuna y busca que la libertad de expresi\u00f3n sea real. Visita nuestro medio informativo publicado desde Hermosillo, Sonora. %\" \/>\n<meta property=\"og:url\" content=\"https:\/\/www.sonoraenequipo.com.mx\/ahorros-por-eliminacion-de-fideicomisos-en-poder-judicial-podrian-destinarse-a-becas-presidente\/\" \/>\n<meta property=\"og:site_name\" content=\"Sonora en Equipo.\" \/>\n<meta property=\"article:publisher\" content=\"https:\/\/www.facebook.com\/SonoraEE\/\" \/>\n<meta property=\"article:author\" content=\"https:\/\/www.facebook.com\/SonoraEE\" \/>\n<meta property=\"article:published_time\" content=\"2023-10-12T16:07:31+00:00\" \/>\n<meta property=\"article:modified_time\" content=\"2023-10-12T20:32:43+00:00\" \/>\n<meta property=\"og:image\" content=\"https:\/\/www.sonoraenequipo.com.mx\/storage\/2023\/10\/amlo-conferncia-1210.2023.jpg\" \/>\n\t<meta property=\"og:image:width\" content=\"1502\" \/>\n\t<meta property=\"og:image:height\" content=\"1000\" \/>\n\t<meta property=\"og:image:type\" content=\"image\/jpeg\" \/>\n<meta name=\"author\" content=\"enequipo\" \/>\n<meta name=\"twitter:card\" content=\"summary_large_image\" \/>\n<meta name=\"twitter:creator\" content=\"@sonoraenequipo\" \/>\n<meta name=\"twitter:site\" content=\"@sonoraenequipo\" \/>\n<meta name=\"twitter:label1\" content=\"Escrito por\" \/>\n\t<meta name=\"twitter:data1\" content=\"enequipo\" \/>\n\t<meta name=\"twitter:label2\" content=\"Tiempo de lectura\" \/>\n\t<meta name=\"twitter:data2\" content=\"3 minutos\" \/>\n<script type=\"application\/ld+json\" class=\"yoast-schema-graph\">{\"@context\":\"https:\/\/schema.org\",\"@graph\":[{\"@type\":\"Article\",\"@id\":\"https:\/\/www.sonoraenequipo.com.mx\/ahorros-por-eliminacion-de-fideicomisos-en-poder-judicial-podrian-destinarse-a-becas-presidente\/#article\",\"isPartOf\":{\"@id\":\"https:\/\/www.sonoraenequipo.com.mx\/ahorros-por-eliminacion-de-fideicomisos-en-poder-judicial-podrian-destinarse-a-becas-presidente\/\"},\"author\":{\"name\":\"enequipo\",\"@id\":\"https:\/\/www.sonoraenequipo.com.mx\/#\/schema\/person\/50102df0fb23a8fa9e8effad8fa81386\"},\"headline\":\"Ahorros por eliminaci\u00f3n de fideicomisos en poder judicial podr\u00edan destinarse a becas: presidente\",\"datePublished\":\"2023-10-12T16:07:31+00:00\",\"dateModified\":\"2023-10-12T20:32:43+00:00\",\"mainEntityOfPage\":{\"@id\":\"https:\/\/www.sonoraenequipo.com.mx\/ahorros-por-eliminacion-de-fideicomisos-en-poder-judicial-podrian-destinarse-a-becas-presidente\/\"},\"wordCount\":532,\"commentCount\":0,\"publisher\":{\"@id\":\"https:\/\/www.sonoraenequipo.com.mx\/#organization\"},\"image\":{\"@id\":\"https:\/\/www.sonoraenequipo.com.mx\/ahorros-por-eliminacion-de-fideicomisos-en-poder-judicial-podrian-destinarse-a-becas-presidente\/#primaryimage\"},\"thumbnailUrl\":\"https:\/\/www.sonoraenequipo.com.mx\/storage\/2023\/10\/amlo-conferncia-1210.2023.jpg\",\"articleSection\":[\"Rep\u00fablica\"],\"inLanguage\":\"es\",\"potentialAction\":[{\"@type\":\"CommentAction\",\"name\":\"Comment\",\"target\":[\"https:\/\/www.sonoraenequipo.com.mx\/ahorros-por-eliminacion-de-fideicomisos-en-poder-judicial-podrian-destinarse-a-becas-presidente\/#respond\"]}]},{\"@type\":\"WebPage\",\"@id\":\"https:\/\/www.sonoraenequipo.com.mx\/ahorros-por-eliminacion-de-fideicomisos-en-poder-judicial-podrian-destinarse-a-becas-presidente\/\",\"url\":\"https:\/\/www.sonoraenequipo.com.mx\/ahorros-por-eliminacion-de-fideicomisos-en-poder-judicial-podrian-destinarse-a-becas-presidente\/\",\"name\":\"Sonora en Equipo. Ahorros por eliminaci\u00f3n de fideicomisos en poder judicial podr\u00edan destinarse a becas: presidente Rep\u00fablica\",\"isPartOf\":{\"@id\":\"https:\/\/www.sonoraenequipo.com.mx\/#website\"},\"primaryImageOfPage\":{\"@id\":\"https:\/\/www.sonoraenequipo.com.mx\/ahorros-por-eliminacion-de-fideicomisos-en-poder-judicial-podrian-destinarse-a-becas-presidente\/#primaryimage\"},\"image\":{\"@id\":\"https:\/\/www.sonoraenequipo.com.mx\/ahorros-por-eliminacion-de-fideicomisos-en-poder-judicial-podrian-destinarse-a-becas-presidente\/#primaryimage\"},\"thumbnailUrl\":\"https:\/\/www.sonoraenequipo.com.mx\/storage\/2023\/10\/amlo-conferncia-1210.2023.jpg\",\"datePublished\":\"2023-10-12T16:07:31+00:00\",\"dateModified\":\"2023-10-12T20:32:43+00:00\",\"description\":\"CIUDAD DE M\u00c9XICO. MX. \u2014 El presidente Andr\u00e9s Manuel L\u00f3pez Obrador plante\u00f3 la posibilidad de reorientar los fideicomisos del Poder Judicial, que rondan los En Sonora en Equipo publicamos toda la informaci\u00f3n de Sonora, M\u00e9xico y el Mundo de manera oportuna y busca que la libertad de expresi\u00f3n sea real. Visita nuestro medio informativo publicado desde Hermosillo, Sonora. %\",\"breadcrumb\":{\"@id\":\"https:\/\/www.sonoraenequipo.com.mx\/ahorros-por-eliminacion-de-fideicomisos-en-poder-judicial-podrian-destinarse-a-becas-presidente\/#breadcrumb\"},\"inLanguage\":\"es\",\"potentialAction\":[{\"@type\":\"ReadAction\",\"target\":[\"https:\/\/www.sonoraenequipo.com.mx\/ahorros-por-eliminacion-de-fideicomisos-en-poder-judicial-podrian-destinarse-a-becas-presidente\/\"]}]},{\"@type\":\"ImageObject\",\"inLanguage\":\"es\",\"@id\":\"https:\/\/www.sonoraenequipo.com.mx\/ahorros-por-eliminacion-de-fideicomisos-en-poder-judicial-podrian-destinarse-a-becas-presidente\/#primaryimage\",\"url\":\"https:\/\/www.sonoraenequipo.com.mx\/storage\/2023\/10\/amlo-conferncia-1210.2023.jpg\",\"contentUrl\":\"https:\/\/www.sonoraenequipo.com.mx\/storage\/2023\/10\/amlo-conferncia-1210.2023.jpg\",\"width\":1502,\"height\":1000},{\"@type\":\"BreadcrumbList\",\"@id\":\"https:\/\/www.sonoraenequipo.com.mx\/ahorros-por-eliminacion-de-fideicomisos-en-poder-judicial-podrian-destinarse-a-becas-presidente\/#breadcrumb\",\"itemListElement\":[{\"@type\":\"ListItem\",\"position\":1,\"name\":\"Portada\",\"item\":\"https:\/\/www.sonoraenequipo.com.mx\/\"},{\"@type\":\"ListItem\",\"position\":2,\"name\":\"Ahorros por eliminaci\u00f3n de fideicomisos en poder judicial podr\u00edan destinarse a becas: presidente\"}]},{\"@type\":\"WebSite\",\"@id\":\"https:\/\/www.sonoraenequipo.com.mx\/#website\",\"url\":\"https:\/\/www.sonoraenequipo.com.mx\/\",\"name\":\"Sonora en Equipo.\",\"description\":\"Diario en l\u00ednea con Noticias desde Hermosillo, Sonora\",\"publisher\":{\"@id\":\"https:\/\/www.sonoraenequipo.com.mx\/#organization\"},\"potentialAction\":[{\"@type\":\"SearchAction\",\"target\":{\"@type\":\"EntryPoint\",\"urlTemplate\":\"https:\/\/www.sonoraenequipo.com.mx\/?s={search_term_string}\"},\"query-input\":{\"@type\":\"PropertyValueSpecification\",\"valueRequired\":true,\"valueName\":\"search_term_string\"}}],\"inLanguage\":\"es\"},{\"@type\":\"Organization\",\"@id\":\"https:\/\/www.sonoraenequipo.com.mx\/#organization\",\"name\":\"Sonoraenequipo.com.mx\",\"url\":\"https:\/\/www.sonoraenequipo.com.mx\/\",\"logo\":{\"@type\":\"ImageObject\",\"inLanguage\":\"es\",\"@id\":\"https:\/\/www.sonoraenequipo.com.mx\/#\/schema\/logo\/image\/\",\"url\":\"https:\/\/www.sonoraenequipo.com.mx\/storage\/2019\/01\/sonoraenequipo_opt.png\",\"contentUrl\":\"https:\/\/www.sonoraenequipo.com.mx\/storage\/2019\/01\/sonoraenequipo_opt.png\",\"width\":375,\"height\":125,\"caption\":\"Sonoraenequipo.com.mx\"},\"image\":{\"@id\":\"https:\/\/www.sonoraenequipo.com.mx\/#\/schema\/logo\/image\/\"},\"sameAs\":[\"https:\/\/www.facebook.com\/SonoraEE\/\",\"https:\/\/x.com\/sonoraenequipo\",\"https:\/\/www.youtube.com\/channel\/UC338nW-lPEYmJQs4ZABQ1SQ\"]},{\"@type\":\"Person\",\"@id\":\"https:\/\/www.sonoraenequipo.com.mx\/#\/schema\/person\/50102df0fb23a8fa9e8effad8fa81386\",\"name\":\"enequipo\",\"image\":{\"@type\":\"ImageObject\",\"inLanguage\":\"es\",\"@id\":\"https:\/\/www.sonoraenequipo.com.mx\/#\/schema\/person\/image\/\",\"url\":\"https:\/\/secure.gravatar.com\/avatar\/049821681b589dabc0bc20695993ccebb09f5b5d4d790cd9251b97faac7c652b?s=96&d=blank&r=g\",\"contentUrl\":\"https:\/\/secure.gravatar.com\/avatar\/049821681b589dabc0bc20695993ccebb09f5b5d4d790cd9251b97faac7c652b?s=96&d=blank&r=g\",\"caption\":\"enequipo\"},\"sameAs\":[\"https:\/\/www.facebook.com\/SonoraEE\"]}]}<\/script>\n ","yoast_head_json":{"title":"Sonora en Equipo. Ahorros por eliminaci\u00f3n de fideicomisos en poder judicial podr\u00edan destinarse a becas: presidente Rep\u00fablica","description":"CIUDAD DE M\u00c9XICO. MX. \u2014 El presidente Andr\u00e9s Manuel L\u00f3pez Obrador plante\u00f3 la posibilidad de reorientar los fideicomisos del Poder Judicial, que rondan los En Sonora en Equipo publicamos toda la informaci\u00f3n de Sonora, M\u00e9xico y el Mundo de manera oportuna y busca que la libertad de expresi\u00f3n sea real. Visita nuestro medio informativo publicado desde Hermosillo, Sonora. %","robots":{"index":"index","follow":"follow","max-snippet":"max-snippet:-1","max-image-preview":"max-image-preview:large","max-video-preview":"max-video-preview:-1"},"canonical":"https:\/\/www.sonoraenequipo.com.mx\/ahorros-por-eliminacion-de-fideicomisos-en-poder-judicial-podrian-destinarse-a-becas-presidente\/","og_locale":"es_ES","og_type":"article","og_title":"Sonora en Equipo. Ahorros por eliminaci\u00f3n de fideicomisos en poder judicial podr\u00edan destinarse a becas: presidente Rep\u00fablica","og_description":"CIUDAD DE M\u00c9XICO. MX. \u2014 El presidente Andr\u00e9s Manuel L\u00f3pez Obrador plante\u00f3 la posibilidad de reorientar los fideicomisos del Poder Judicial, que rondan los En Sonora en Equipo publicamos toda la informaci\u00f3n de Sonora, M\u00e9xico y el Mundo de manera oportuna y busca que la libertad de expresi\u00f3n sea real. Visita nuestro medio informativo publicado desde Hermosillo, Sonora. %","og_url":"https:\/\/www.sonoraenequipo.com.mx\/ahorros-por-eliminacion-de-fideicomisos-en-poder-judicial-podrian-destinarse-a-becas-presidente\/","og_site_name":"Sonora en Equipo.","article_publisher":"https:\/\/www.facebook.com\/SonoraEE\/","article_author":"https:\/\/www.facebook.com\/SonoraEE","article_published_time":"2023-10-12T16:07:31+00:00","article_modified_time":"2023-10-12T20:32:43+00:00","og_image":[{"width":1502,"height":1000,"url":"https:\/\/www.sonoraenequipo.com.mx\/storage\/2023\/10\/amlo-conferncia-1210.2023.jpg","type":"image\/jpeg"}],"author":"enequipo","twitter_card":"summary_large_image","twitter_creator":"@sonoraenequipo","twitter_site":"@sonoraenequipo","twitter_misc":{"Escrito por":"enequipo","Tiempo de lectura":"3 minutos"},"schema":{"@context":"https:\/\/schema.org","@graph":[{"@type":"Article","@id":"https:\/\/www.sonoraenequipo.com.mx\/ahorros-por-eliminacion-de-fideicomisos-en-poder-judicial-podrian-destinarse-a-becas-presidente\/#article","isPartOf":{"@id":"https:\/\/www.sonoraenequipo.com.mx\/ahorros-por-eliminacion-de-fideicomisos-en-poder-judicial-podrian-destinarse-a-becas-presidente\/"},"author":{"name":"enequipo","@id":"https:\/\/www.sonoraenequipo.com.mx\/#\/schema\/person\/50102df0fb23a8fa9e8effad8fa81386"},"headline":"Ahorros por eliminaci\u00f3n de fideicomisos en poder judicial podr\u00edan destinarse a becas: presidente","datePublished":"2023-10-12T16:07:31+00:00","dateModified":"2023-10-12T20:32:43+00:00","mainEntityOfPage":{"@id":"https:\/\/www.sonoraenequipo.com.mx\/ahorros-por-eliminacion-de-fideicomisos-en-poder-judicial-podrian-destinarse-a-becas-presidente\/"},"wordCount":532,"commentCount":0,"publisher":{"@id":"https:\/\/www.sonoraenequipo.com.mx\/#organization"},"image":{"@id":"https:\/\/www.sonoraenequipo.com.mx\/ahorros-por-eliminacion-de-fideicomisos-en-poder-judicial-podrian-destinarse-a-becas-presidente\/#primaryimage"},"thumbnailUrl":"https:\/\/www.sonoraenequipo.com.mx\/storage\/2023\/10\/amlo-conferncia-1210.2023.jpg","articleSection":["Rep\u00fablica"],"inLanguage":"es","potentialAction":[{"@type":"CommentAction","name":"Comment","target":["https:\/\/www.sonoraenequipo.com.mx\/ahorros-por-eliminacion-de-fideicomisos-en-poder-judicial-podrian-destinarse-a-becas-presidente\/#respond"]}]},{"@type":"WebPage","@id":"https:\/\/www.sonoraenequipo.com.mx\/ahorros-por-eliminacion-de-fideicomisos-en-poder-judicial-podrian-destinarse-a-becas-presidente\/","url":"https:\/\/www.sonoraenequipo.com.mx\/ahorros-por-eliminacion-de-fideicomisos-en-poder-judicial-podrian-destinarse-a-becas-presidente\/","name":"Sonora en Equipo. Ahorros por eliminaci\u00f3n de fideicomisos en poder judicial podr\u00edan destinarse a becas: presidente Rep\u00fablica","isPartOf":{"@id":"https:\/\/www.sonoraenequipo.com.mx\/#website"},"primaryImageOfPage":{"@id":"https:\/\/www.sonoraenequipo.com.mx\/ahorros-por-eliminacion-de-fideicomisos-en-poder-judicial-podrian-destinarse-a-becas-presidente\/#primaryimage"},"image":{"@id":"https:\/\/www.sonoraenequipo.com.mx\/ahorros-por-eliminacion-de-fideicomisos-en-poder-judicial-podrian-destinarse-a-becas-presidente\/#primaryimage"},"thumbnailUrl":"https:\/\/www.sonoraenequipo.com.mx\/storage\/2023\/10\/amlo-conferncia-1210.2023.jpg","datePublished":"2023-10-12T16:07:31+00:00","dateModified":"2023-10-12T20:32:43+00:00","description":"CIUDAD DE M\u00c9XICO. MX. \u2014 El presidente Andr\u00e9s Manuel L\u00f3pez Obrador plante\u00f3 la posibilidad de reorientar los fideicomisos del Poder Judicial, que rondan los En Sonora en Equipo publicamos toda la informaci\u00f3n de Sonora, M\u00e9xico y el Mundo de manera oportuna y busca que la libertad de expresi\u00f3n sea real. Visita nuestro medio informativo publicado desde Hermosillo, Sonora. %","breadcrumb":{"@id":"https:\/\/www.sonoraenequipo.com.mx\/ahorros-por-eliminacion-de-fideicomisos-en-poder-judicial-podrian-destinarse-a-becas-presidente\/#breadcrumb"},"inLanguage":"es","potentialAction":[{"@type":"ReadAction","target":["https:\/\/www.sonoraenequipo.com.mx\/ahorros-por-eliminacion-de-fideicomisos-en-poder-judicial-podrian-destinarse-a-becas-presidente\/"]}]},{"@type":"ImageObject","inLanguage":"es","@id":"https:\/\/www.sonoraenequipo.com.mx\/ahorros-por-eliminacion-de-fideicomisos-en-poder-judicial-podrian-destinarse-a-becas-presidente\/#primaryimage","url":"https:\/\/www.sonoraenequipo.com.mx\/storage\/2023\/10\/amlo-conferncia-1210.2023.jpg","contentUrl":"https:\/\/www.sonoraenequipo.com.mx\/storage\/2023\/10\/amlo-conferncia-1210.2023.jpg","width":1502,"height":1000},{"@type":"BreadcrumbList","@id":"https:\/\/www.sonoraenequipo.com.mx\/ahorros-por-eliminacion-de-fideicomisos-en-poder-judicial-podrian-destinarse-a-becas-presidente\/#breadcrumb","itemListElement":[{"@type":"ListItem","position":1,"name":"Portada","item":"https:\/\/www.sonoraenequipo.com.mx\/"},{"@type":"ListItem","position":2,"name":"Ahorros por eliminaci\u00f3n de fideicomisos en poder judicial podr\u00edan destinarse a becas: presidente"}]},{"@type":"WebSite","@id":"https:\/\/www.sonoraenequipo.com.mx\/#website","url":"https:\/\/www.sonoraenequipo.com.mx\/","name":"Sonora en Equipo.","description":"Diario en l\u00ednea con Noticias desde Hermosillo, Sonora","publisher":{"@id":"https:\/\/www.sonoraenequipo.com.mx\/#organization"},"potentialAction":[{"@type":"SearchAction","target":{"@type":"EntryPoint","urlTemplate":"https:\/\/www.sonoraenequipo.com.mx\/?s={search_term_string}"},"query-input":{"@type":"PropertyValueSpecification","valueRequired":true,"valueName":"search_term_string"}}],"inLanguage":"es"},{"@type":"Organization","@id":"https:\/\/www.sonoraenequipo.com.mx\/#organization","name":"Sonoraenequipo.com.mx","url":"https:\/\/www.sonoraenequipo.com.mx\/","logo":{"@type":"ImageObject","inLanguage":"es","@id":"https:\/\/www.sonoraenequipo.com.mx\/#\/schema\/logo\/image\/","url":"https:\/\/www.sonoraenequipo.com.mx\/storage\/2019\/01\/sonoraenequipo_opt.png","contentUrl":"https:\/\/www.sonoraenequipo.com.mx\/storage\/2019\/01\/sonoraenequipo_opt.png","width":375,"height":125,"caption":"Sonoraenequipo.com.mx"},"image":{"@id":"https:\/\/www.sonoraenequipo.com.mx\/#\/schema\/logo\/image\/"},"sameAs":["https:\/\/www.facebook.com\/SonoraEE\/","https:\/\/x.com\/sonoraenequipo","https:\/\/www.youtube.com\/channel\/UC338nW-lPEYmJQs4ZABQ1SQ"]},{"@type":"Person","@id":"https:\/\/www.sonoraenequipo.com.mx\/#\/schema\/person\/50102df0fb23a8fa9e8effad8fa81386","name":"enequipo","image":{"@type":"ImageObject","inLanguage":"es","@id":"https:\/\/www.sonoraenequipo.com.mx\/#\/schema\/person\/image\/","url":"https:\/\/secure.gravatar.com\/avatar\/049821681b589dabc0bc20695993ccebb09f5b5d4d790cd9251b97faac7c652b?s=96&d=blank&r=g","contentUrl":"https:\/\/secure.gravatar.com\/avatar\/049821681b589dabc0bc20695993ccebb09f5b5d4d790cd9251b97faac7c652b?s=96&d=blank&r=g","caption":"enequipo"},"sameAs":["https:\/\/www.facebook.com\/SonoraEE"]}]}},"jetpack_featured_media_url":"https:\/\/www.sonoraenequipo.com.mx\/storage\/2023\/10\/amlo-conferncia-1210.2023.jpg","_links":{"self":[{"href":"https:\/\/www.sonoraenequipo.com.mx\/api\/wp\/v2\/posts\/176801","targetHints":{"allow":["GET"]}}],"collection":[{"href":"https:\/\/www.sonoraenequipo.com.mx\/api\/wp\/v2\/posts"}],"about":[{"href":"https:\/\/www.sonoraenequipo.com.mx\/api\/wp\/v2\/types\/post"}],"author":[{"embeddable":true,"href":"https:\/\/www.sonoraenequipo.com.mx\/api\/wp\/v2\/users\/1"}],"replies":[{"embeddable":true,"href":"https:\/\/www.sonoraenequipo.com.mx\/api\/wp\/v2\/comments?post=176801"}],"version-history":[{"count":1,"href":"https:\/\/www.sonoraenequipo.com.mx\/api\/wp\/v2\/posts\/176801\/revisions"}],"predecessor-version":[{"id":176803,"href":"https:\/\/www.sonoraenequipo.com.mx\/api\/wp\/v2\/posts\/176801\/revisions\/176803"}],"wp:featuredmedia":[{"embeddable":true,"href":"https:\/\/www.sonoraenequipo.com.mx\/api\/wp\/v2\/media\/176802"}],"wp:attachment":[{"href":"https:\/\/www.sonoraenequipo.com.mx\/api\/wp\/v2\/media?parent=176801"}],"wp:term":[{"taxonomy":"category","embeddable":true,"href":"https:\/\/www.sonoraenequipo.com.mx\/api\/wp\/v2\/categories?post=176801"},{"taxonomy":"post_tag","embeddable":true,"href":"https:\/\/www.sonoraenequipo.com.mx\/api\/wp\/v2\/tags?post=176801"}],"curies":[{"name":"wp","href":"https:\/\/api.w.org\/{rel}","templated":true}]}}