{"id":176810,"date":"2023-10-12T14:42:24","date_gmt":"2023-10-12T21:42:24","guid":{"rendered":"https:\/\/www.sonoraenequipo.com.mx\/?p=176810"},"modified":"2023-10-12T14:42:24","modified_gmt":"2023-10-12T21:42:24","slug":"sonora-sera-sede-de-la-feria-internacional-del-libro-infantil-y-juvenil-2023","status":"publish","type":"post","link":"https:\/\/www.sonoraenequipo.com.mx\/sonora-sera-sede-de-la-feria-internacional-del-libro-infantil-y-juvenil-2023\/","title":{"rendered":"Sonora ser\u00e1 sede de la Feria Internacional del Libro Infantil y Juvenil 2023"},"content":{"rendered":"<p><strong>HERMOSILLO,SONORA, MX. \u2014<\/strong>Todas las escuelas de educaci\u00f3n b\u00e1sica, media superior y superior podr\u00e1n ser sede de la Feria Internacional del Libro Infantil y Juvenil 2023 (Filij), que se realizar\u00e1 por primera vez en la entidad del 13 al 18 de noviembre, anunci\u00f3 la Secretar\u00eda de Educaci\u00f3n y Cultura (SEC) del Gobierno de Sonora.<\/p>\n<p>&nbsp;<\/p>\n<p>&nbsp;<\/p>\n<p>&nbsp;<\/p>\n<p>Aar\u00f3n Grageda Bustamante, titular de la SEC, indic\u00f3 que acorde con la estrategia del gobernador Alfonso Durazo, la dependencia dise\u00f1\u00f3 un programa de actividades con una visi\u00f3n social, democr\u00e1tica e inclusiva respecto al derecho al acceso a los libros, en coordinaci\u00f3n con el Fondo de Cultura Econ\u00f3mica (FCE).<\/p>\n<p>&nbsp;<\/p>\n<p>&nbsp;<\/p>\n<p>&nbsp;<\/p>\n<p>Adem\u00e1s de las actividades en las escuelas, a\u00f1adi\u00f3, del 16 al 18 de noviembre se instalar\u00e1 el Corredor de la Filij frente al Palacio de Gobierno, en Hermosillo, donde se desarrollar\u00e1n talleres, encuentros, exposiciones y foros de encuentro con destacados autores.<\/p>\n<p>&nbsp;<\/p>\n<p>&nbsp;<\/p>\n<p>&nbsp;<\/p>\n<p>Grageda Bustamante invit\u00f3 a la comunidad educativa a consultar las bases de la convocatoria del evento en el portal oficial sec.gob.mx y reiter\u00f3 la importancia de inspirar la creatividad en las nuevas generaciones y fortalecer su gusto por la lectura como engrane de la transformaci\u00f3n social y educativa de la entidad.<\/p>\n<p>&nbsp;<\/p>\n<p><strong>Fecha de Publicaci\u00f3n jueves 12 \u00a0de octubre de 2023<\/strong><\/p>\n","protected":false},"excerpt":{"rendered":"<p>HERMOSILLO,SONORA, MX. \u2014Todas las escuelas de educaci\u00f3n b\u00e1sica, media superior y superior podr\u00e1n ser sede&#8230;<\/p>\n","protected":false},"author":1,"featured_media":176811,"comment_status":"open","ping_status":"open","sticky":false,"template":"","format":"standard","meta":{"_monsterinsights_skip_tracking":false,"_monsterinsights_sitenote_active":false,"_monsterinsights_sitenote_note":"","_monsterinsights_sitenote_category":0,"footnotes":""},"categories":[22],"tags":[],"class_list":["post"],"yoast_head":" \n<title>Sonora en Equipo. Sonora ser\u00e1 sede de la Feria Internacional del Libro Infantil y Juvenil 2023 Sonora<\/title>\n<meta name=\"description\" content=\"HERMOSILLO,SONORA, MX. \u2014Todas las escuelas de educaci\u00f3n b\u00e1sica, media superior y superior podr\u00e1n ser sede de la Feria Internacional del Libro Infantil y En Sonora en Equipo publicamos toda la informaci\u00f3n de Sonora, M\u00e9xico y el Mundo de manera oportuna y busca que la libertad de expresi\u00f3n sea real. Visita nuestro medio informativo publicado desde Hermosillo, Sonora. %\" \/>\n<meta name=\"robots\" content=\"index, follow, max-snippet:-1, max-image-preview:large, max-video-preview:-1\" \/>\n<link rel=\"canonical\" href=\"https:\/\/www.sonoraenequipo.com.mx\/sonora-sera-sede-de-la-feria-internacional-del-libro-infantil-y-juvenil-2023\/\" \/>\n<meta property=\"og:locale\" content=\"es_ES\" \/>\n<meta property=\"og:type\" content=\"article\" \/>\n<meta property=\"og:title\" content=\"Sonora en Equipo. Sonora ser\u00e1 sede de la Feria Internacional del Libro Infantil y Juvenil 2023 Sonora\" \/>\n<meta property=\"og:description\" content=\"HERMOSILLO,SONORA, MX. \u2014Todas las escuelas de educaci\u00f3n b\u00e1sica, media superior y superior podr\u00e1n ser sede de la Feria Internacional del Libro Infantil y En Sonora en Equipo publicamos toda la informaci\u00f3n de Sonora, M\u00e9xico y el Mundo de manera oportuna y busca que la libertad de expresi\u00f3n sea real. Visita nuestro medio informativo publicado desde Hermosillo, Sonora. %\" \/>\n<meta property=\"og:url\" content=\"https:\/\/www.sonoraenequipo.com.mx\/sonora-sera-sede-de-la-feria-internacional-del-libro-infantil-y-juvenil-2023\/\" \/>\n<meta property=\"og:site_name\" content=\"Sonora en Equipo.\" \/>\n<meta property=\"article:publisher\" content=\"https:\/\/www.facebook.com\/SonoraEE\/\" \/>\n<meta property=\"article:author\" content=\"https:\/\/www.facebook.com\/SonoraEE\" \/>\n<meta property=\"article:published_time\" content=\"2023-10-12T21:42:24+00:00\" \/>\n<meta property=\"og:image\" content=\"https:\/\/www.sonoraenequipo.com.mx\/storage\/2023\/10\/grajeda.jpg\" \/>\n\t<meta property=\"og:image:width\" content=\"600\" \/>\n\t<meta property=\"og:image:height\" content=\"432\" \/>\n\t<meta property=\"og:image:type\" content=\"image\/jpeg\" \/>\n<meta name=\"author\" content=\"enequipo\" \/>\n<meta name=\"twitter:card\" content=\"summary_large_image\" \/>\n<meta name=\"twitter:creator\" content=\"@sonoraenequipo\" \/>\n<meta name=\"twitter:site\" content=\"@sonoraenequipo\" \/>\n<meta name=\"twitter:label1\" content=\"Escrito por\" \/>\n\t<meta name=\"twitter:data1\" content=\"enequipo\" \/>\n\t<meta name=\"twitter:label2\" content=\"Tiempo de lectura\" \/>\n\t<meta name=\"twitter:data2\" content=\"1 minuto\" \/>\n<script type=\"application\/ld+json\" class=\"yoast-schema-graph\">{\"@context\":\"https:\/\/schema.org\",\"@graph\":[{\"@type\":\"Article\",\"@id\":\"https:\/\/www.sonoraenequipo.com.mx\/sonora-sera-sede-de-la-feria-internacional-del-libro-infantil-y-juvenil-2023\/#article\",\"isPartOf\":{\"@id\":\"https:\/\/www.sonoraenequipo.com.mx\/sonora-sera-sede-de-la-feria-internacional-del-libro-infantil-y-juvenil-2023\/\"},\"author\":{\"name\":\"enequipo\",\"@id\":\"https:\/\/www.sonoraenequipo.com.mx\/#\/schema\/person\/50102df0fb23a8fa9e8effad8fa81386\"},\"headline\":\"Sonora ser\u00e1 sede de la Feria Internacional del Libro Infantil y Juvenil 2023\",\"datePublished\":\"2023-10-12T21:42:24+00:00\",\"mainEntityOfPage\":{\"@id\":\"https:\/\/www.sonoraenequipo.com.mx\/sonora-sera-sede-de-la-feria-internacional-del-libro-infantil-y-juvenil-2023\/\"},\"wordCount\":235,\"commentCount\":0,\"publisher\":{\"@id\":\"https:\/\/www.sonoraenequipo.com.mx\/#organization\"},\"image\":{\"@id\":\"https:\/\/www.sonoraenequipo.com.mx\/sonora-sera-sede-de-la-feria-internacional-del-libro-infantil-y-juvenil-2023\/#primaryimage\"},\"thumbnailUrl\":\"https:\/\/www.sonoraenequipo.com.mx\/storage\/2023\/10\/grajeda.jpg\",\"articleSection\":[\"Sonora\"],\"inLanguage\":\"es\",\"potentialAction\":[{\"@type\":\"CommentAction\",\"name\":\"Comment\",\"target\":[\"https:\/\/www.sonoraenequipo.com.mx\/sonora-sera-sede-de-la-feria-internacional-del-libro-infantil-y-juvenil-2023\/#respond\"]}]},{\"@type\":\"WebPage\",\"@id\":\"https:\/\/www.sonoraenequipo.com.mx\/sonora-sera-sede-de-la-feria-internacional-del-libro-infantil-y-juvenil-2023\/\",\"url\":\"https:\/\/www.sonoraenequipo.com.mx\/sonora-sera-sede-de-la-feria-internacional-del-libro-infantil-y-juvenil-2023\/\",\"name\":\"Sonora en Equipo. Sonora ser\u00e1 sede de la Feria Internacional del Libro Infantil y Juvenil 2023 Sonora\",\"isPartOf\":{\"@id\":\"https:\/\/www.sonoraenequipo.com.mx\/#website\"},\"primaryImageOfPage\":{\"@id\":\"https:\/\/www.sonoraenequipo.com.mx\/sonora-sera-sede-de-la-feria-internacional-del-libro-infantil-y-juvenil-2023\/#primaryimage\"},\"image\":{\"@id\":\"https:\/\/www.sonoraenequipo.com.mx\/sonora-sera-sede-de-la-feria-internacional-del-libro-infantil-y-juvenil-2023\/#primaryimage\"},\"thumbnailUrl\":\"https:\/\/www.sonoraenequipo.com.mx\/storage\/2023\/10\/grajeda.jpg\",\"datePublished\":\"2023-10-12T21:42:24+00:00\",\"description\":\"HERMOSILLO,SONORA, MX. \u2014Todas las escuelas de educaci\u00f3n b\u00e1sica, media superior y superior podr\u00e1n ser sede de la Feria Internacional del Libro Infantil y En Sonora en Equipo publicamos toda la informaci\u00f3n de Sonora, M\u00e9xico y el Mundo de manera oportuna y busca que la libertad de expresi\u00f3n sea real. Visita nuestro medio informativo publicado desde Hermosillo, Sonora. %\",\"breadcrumb\":{\"@id\":\"https:\/\/www.sonoraenequipo.com.mx\/sonora-sera-sede-de-la-feria-internacional-del-libro-infantil-y-juvenil-2023\/#breadcrumb\"},\"inLanguage\":\"es\",\"potentialAction\":[{\"@type\":\"ReadAction\",\"target\":[\"https:\/\/www.sonoraenequipo.com.mx\/sonora-sera-sede-de-la-feria-internacional-del-libro-infantil-y-juvenil-2023\/\"]}]},{\"@type\":\"ImageObject\",\"inLanguage\":\"es\",\"@id\":\"https:\/\/www.sonoraenequipo.com.mx\/sonora-sera-sede-de-la-feria-internacional-del-libro-infantil-y-juvenil-2023\/#primaryimage\",\"url\":\"https:\/\/www.sonoraenequipo.com.mx\/storage\/2023\/10\/grajeda.jpg\",\"contentUrl\":\"https:\/\/www.sonoraenequipo.com.mx\/storage\/2023\/10\/grajeda.jpg\",\"width\":600,\"height\":432,\"caption\":\"Aaar\u00f3n Grajeda Bustamante Secretario de Educaci\u00f3n de Sonora\"},{\"@type\":\"BreadcrumbList\",\"@id\":\"https:\/\/www.sonoraenequipo.com.mx\/sonora-sera-sede-de-la-feria-internacional-del-libro-infantil-y-juvenil-2023\/#breadcrumb\",\"itemListElement\":[{\"@type\":\"ListItem\",\"position\":1,\"name\":\"Portada\",\"item\":\"https:\/\/www.sonoraenequipo.com.mx\/\"},{\"@type\":\"ListItem\",\"position\":2,\"name\":\"Sonora ser\u00e1 sede de la Feria Internacional del Libro Infantil y Juvenil 2023\"}]},{\"@type\":\"WebSite\",\"@id\":\"https:\/\/www.sonoraenequipo.com.mx\/#website\",\"url\":\"https:\/\/www.sonoraenequipo.com.mx\/\",\"name\":\"Sonora en Equipo.\",\"description\":\"Diario en l\u00ednea con Noticias desde Hermosillo, Sonora\",\"publisher\":{\"@id\":\"https:\/\/www.sonoraenequipo.com.mx\/#organization\"},\"potentialAction\":[{\"@type\":\"SearchAction\",\"target\":{\"@type\":\"EntryPoint\",\"urlTemplate\":\"https:\/\/www.sonoraenequipo.com.mx\/?s={search_term_string}\"},\"query-input\":{\"@type\":\"PropertyValueSpecification\",\"valueRequired\":true,\"valueName\":\"search_term_string\"}}],\"inLanguage\":\"es\"},{\"@type\":\"Organization\",\"@id\":\"https:\/\/www.sonoraenequipo.com.mx\/#organization\",\"name\":\"Sonoraenequipo.com.mx\",\"url\":\"https:\/\/www.sonoraenequipo.com.mx\/\",\"logo\":{\"@type\":\"ImageObject\",\"inLanguage\":\"es\",\"@id\":\"https:\/\/www.sonoraenequipo.com.mx\/#\/schema\/logo\/image\/\",\"url\":\"https:\/\/www.sonoraenequipo.com.mx\/storage\/2019\/01\/sonoraenequipo_opt.png\",\"contentUrl\":\"https:\/\/www.sonoraenequipo.com.mx\/storage\/2019\/01\/sonoraenequipo_opt.png\",\"width\":375,\"height\":125,\"caption\":\"Sonoraenequipo.com.mx\"},\"image\":{\"@id\":\"https:\/\/www.sonoraenequipo.com.mx\/#\/schema\/logo\/image\/\"},\"sameAs\":[\"https:\/\/www.facebook.com\/SonoraEE\/\",\"https:\/\/x.com\/sonoraenequipo\",\"https:\/\/www.youtube.com\/channel\/UC338nW-lPEYmJQs4ZABQ1SQ\"]},{\"@type\":\"Person\",\"@id\":\"https:\/\/www.sonoraenequipo.com.mx\/#\/schema\/person\/50102df0fb23a8fa9e8effad8fa81386\",\"name\":\"enequipo\",\"image\":{\"@type\":\"ImageObject\",\"inLanguage\":\"es\",\"@id\":\"https:\/\/www.sonoraenequipo.com.mx\/#\/schema\/person\/image\/\",\"url\":\"https:\/\/secure.gravatar.com\/avatar\/049821681b589dabc0bc20695993ccebb09f5b5d4d790cd9251b97faac7c652b?s=96&d=blank&r=g\",\"contentUrl\":\"https:\/\/secure.gravatar.com\/avatar\/049821681b589dabc0bc20695993ccebb09f5b5d4d790cd9251b97faac7c652b?s=96&d=blank&r=g\",\"caption\":\"enequipo\"},\"sameAs\":[\"https:\/\/www.facebook.com\/SonoraEE\"]}]}<\/script>\n ","yoast_head_json":{"title":"Sonora en Equipo. Sonora ser\u00e1 sede de la Feria Internacional del Libro Infantil y Juvenil 2023 Sonora","description":"HERMOSILLO,SONORA, MX. \u2014Todas las escuelas de educaci\u00f3n b\u00e1sica, media superior y superior podr\u00e1n ser sede de la Feria Internacional del Libro Infantil y En Sonora en Equipo publicamos toda la informaci\u00f3n de Sonora, M\u00e9xico y el Mundo de manera oportuna y busca que la libertad de expresi\u00f3n sea real. Visita nuestro medio informativo publicado desde Hermosillo, Sonora. %","robots":{"index":"index","follow":"follow","max-snippet":"max-snippet:-1","max-image-preview":"max-image-preview:large","max-video-preview":"max-video-preview:-1"},"canonical":"https:\/\/www.sonoraenequipo.com.mx\/sonora-sera-sede-de-la-feria-internacional-del-libro-infantil-y-juvenil-2023\/","og_locale":"es_ES","og_type":"article","og_title":"Sonora en Equipo. Sonora ser\u00e1 sede de la Feria Internacional del Libro Infantil y Juvenil 2023 Sonora","og_description":"HERMOSILLO,SONORA, MX. \u2014Todas las escuelas de educaci\u00f3n b\u00e1sica, media superior y superior podr\u00e1n ser sede de la Feria Internacional del Libro Infantil y En Sonora en Equipo publicamos toda la informaci\u00f3n de Sonora, M\u00e9xico y el Mundo de manera oportuna y busca que la libertad de expresi\u00f3n sea real. Visita nuestro medio informativo publicado desde Hermosillo, Sonora. %","og_url":"https:\/\/www.sonoraenequipo.com.mx\/sonora-sera-sede-de-la-feria-internacional-del-libro-infantil-y-juvenil-2023\/","og_site_name":"Sonora en Equipo.","article_publisher":"https:\/\/www.facebook.com\/SonoraEE\/","article_author":"https:\/\/www.facebook.com\/SonoraEE","article_published_time":"2023-10-12T21:42:24+00:00","og_image":[{"width":600,"height":432,"url":"https:\/\/www.sonoraenequipo.com.mx\/storage\/2023\/10\/grajeda.jpg","type":"image\/jpeg"}],"author":"enequipo","twitter_card":"summary_large_image","twitter_creator":"@sonoraenequipo","twitter_site":"@sonoraenequipo","twitter_misc":{"Escrito por":"enequipo","Tiempo de lectura":"1 minuto"},"schema":{"@context":"https:\/\/schema.org","@graph":[{"@type":"Article","@id":"https:\/\/www.sonoraenequipo.com.mx\/sonora-sera-sede-de-la-feria-internacional-del-libro-infantil-y-juvenil-2023\/#article","isPartOf":{"@id":"https:\/\/www.sonoraenequipo.com.mx\/sonora-sera-sede-de-la-feria-internacional-del-libro-infantil-y-juvenil-2023\/"},"author":{"name":"enequipo","@id":"https:\/\/www.sonoraenequipo.com.mx\/#\/schema\/person\/50102df0fb23a8fa9e8effad8fa81386"},"headline":"Sonora ser\u00e1 sede de la Feria Internacional del Libro Infantil y Juvenil 2023","datePublished":"2023-10-12T21:42:24+00:00","mainEntityOfPage":{"@id":"https:\/\/www.sonoraenequipo.com.mx\/sonora-sera-sede-de-la-feria-internacional-del-libro-infantil-y-juvenil-2023\/"},"wordCount":235,"commentCount":0,"publisher":{"@id":"https:\/\/www.sonoraenequipo.com.mx\/#organization"},"image":{"@id":"https:\/\/www.sonoraenequipo.com.mx\/sonora-sera-sede-de-la-feria-internacional-del-libro-infantil-y-juvenil-2023\/#primaryimage"},"thumbnailUrl":"https:\/\/www.sonoraenequipo.com.mx\/storage\/2023\/10\/grajeda.jpg","articleSection":["Sonora"],"inLanguage":"es","potentialAction":[{"@type":"CommentAction","name":"Comment","target":["https:\/\/www.sonoraenequipo.com.mx\/sonora-sera-sede-de-la-feria-internacional-del-libro-infantil-y-juvenil-2023\/#respond"]}]},{"@type":"WebPage","@id":"https:\/\/www.sonoraenequipo.com.mx\/sonora-sera-sede-de-la-feria-internacional-del-libro-infantil-y-juvenil-2023\/","url":"https:\/\/www.sonoraenequipo.com.mx\/sonora-sera-sede-de-la-feria-internacional-del-libro-infantil-y-juvenil-2023\/","name":"Sonora en Equipo. Sonora ser\u00e1 sede de la Feria Internacional del Libro Infantil y Juvenil 2023 Sonora","isPartOf":{"@id":"https:\/\/www.sonoraenequipo.com.mx\/#website"},"primaryImageOfPage":{"@id":"https:\/\/www.sonoraenequipo.com.mx\/sonora-sera-sede-de-la-feria-internacional-del-libro-infantil-y-juvenil-2023\/#primaryimage"},"image":{"@id":"https:\/\/www.sonoraenequipo.com.mx\/sonora-sera-sede-de-la-feria-internacional-del-libro-infantil-y-juvenil-2023\/#primaryimage"},"thumbnailUrl":"https:\/\/www.sonoraenequipo.com.mx\/storage\/2023\/10\/grajeda.jpg","datePublished":"2023-10-12T21:42:24+00:00","description":"HERMOSILLO,SONORA, MX. \u2014Todas las escuelas de educaci\u00f3n b\u00e1sica, media superior y superior podr\u00e1n ser sede de la Feria Internacional del Libro Infantil y En Sonora en Equipo publicamos toda la informaci\u00f3n de Sonora, M\u00e9xico y el Mundo de manera oportuna y busca que la libertad de expresi\u00f3n sea real. Visita nuestro medio informativo publicado desde Hermosillo, Sonora. %","breadcrumb":{"@id":"https:\/\/www.sonoraenequipo.com.mx\/sonora-sera-sede-de-la-feria-internacional-del-libro-infantil-y-juvenil-2023\/#breadcrumb"},"inLanguage":"es","potentialAction":[{"@type":"ReadAction","target":["https:\/\/www.sonoraenequipo.com.mx\/sonora-sera-sede-de-la-feria-internacional-del-libro-infantil-y-juvenil-2023\/"]}]},{"@type":"ImageObject","inLanguage":"es","@id":"https:\/\/www.sonoraenequipo.com.mx\/sonora-sera-sede-de-la-feria-internacional-del-libro-infantil-y-juvenil-2023\/#primaryimage","url":"https:\/\/www.sonoraenequipo.com.mx\/storage\/2023\/10\/grajeda.jpg","contentUrl":"https:\/\/www.sonoraenequipo.com.mx\/storage\/2023\/10\/grajeda.jpg","width":600,"height":432,"caption":"Aaar\u00f3n Grajeda Bustamante Secretario de Educaci\u00f3n de Sonora"},{"@type":"BreadcrumbList","@id":"https:\/\/www.sonoraenequipo.com.mx\/sonora-sera-sede-de-la-feria-internacional-del-libro-infantil-y-juvenil-2023\/#breadcrumb","itemListElement":[{"@type":"ListItem","position":1,"name":"Portada","item":"https:\/\/www.sonoraenequipo.com.mx\/"},{"@type":"ListItem","position":2,"name":"Sonora ser\u00e1 sede de la Feria Internacional del Libro Infantil y Juvenil 2023"}]},{"@type":"WebSite","@id":"https:\/\/www.sonoraenequipo.com.mx\/#website","url":"https:\/\/www.sonoraenequipo.com.mx\/","name":"Sonora en Equipo.","description":"Diario en l\u00ednea con Noticias desde Hermosillo, Sonora","publisher":{"@id":"https:\/\/www.sonoraenequipo.com.mx\/#organization"},"potentialAction":[{"@type":"SearchAction","target":{"@type":"EntryPoint","urlTemplate":"https:\/\/www.sonoraenequipo.com.mx\/?s={search_term_string}"},"query-input":{"@type":"PropertyValueSpecification","valueRequired":true,"valueName":"search_term_string"}}],"inLanguage":"es"},{"@type":"Organization","@id":"https:\/\/www.sonoraenequipo.com.mx\/#organization","name":"Sonoraenequipo.com.mx","url":"https:\/\/www.sonoraenequipo.com.mx\/","logo":{"@type":"ImageObject","inLanguage":"es","@id":"https:\/\/www.sonoraenequipo.com.mx\/#\/schema\/logo\/image\/","url":"https:\/\/www.sonoraenequipo.com.mx\/storage\/2019\/01\/sonoraenequipo_opt.png","contentUrl":"https:\/\/www.sonoraenequipo.com.mx\/storage\/2019\/01\/sonoraenequipo_opt.png","width":375,"height":125,"caption":"Sonoraenequipo.com.mx"},"image":{"@id":"https:\/\/www.sonoraenequipo.com.mx\/#\/schema\/logo\/image\/"},"sameAs":["https:\/\/www.facebook.com\/SonoraEE\/","https:\/\/x.com\/sonoraenequipo","https:\/\/www.youtube.com\/channel\/UC338nW-lPEYmJQs4ZABQ1SQ"]},{"@type":"Person","@id":"https:\/\/www.sonoraenequipo.com.mx\/#\/schema\/person\/50102df0fb23a8fa9e8effad8fa81386","name":"enequipo","image":{"@type":"ImageObject","inLanguage":"es","@id":"https:\/\/www.sonoraenequipo.com.mx\/#\/schema\/person\/image\/","url":"https:\/\/secure.gravatar.com\/avatar\/049821681b589dabc0bc20695993ccebb09f5b5d4d790cd9251b97faac7c652b?s=96&d=blank&r=g","contentUrl":"https:\/\/secure.gravatar.com\/avatar\/049821681b589dabc0bc20695993ccebb09f5b5d4d790cd9251b97faac7c652b?s=96&d=blank&r=g","caption":"enequipo"},"sameAs":["https:\/\/www.facebook.com\/SonoraEE"]}]}},"jetpack_featured_media_url":"https:\/\/www.sonoraenequipo.com.mx\/storage\/2023\/10\/grajeda.jpg","_links":{"self":[{"href":"https:\/\/www.sonoraenequipo.com.mx\/api\/wp\/v2\/posts\/176810","targetHints":{"allow":["GET"]}}],"collection":[{"href":"https:\/\/www.sonoraenequipo.com.mx\/api\/wp\/v2\/posts"}],"about":[{"href":"https:\/\/www.sonoraenequipo.com.mx\/api\/wp\/v2\/types\/post"}],"author":[{"embeddable":true,"href":"https:\/\/www.sonoraenequipo.com.mx\/api\/wp\/v2\/users\/1"}],"replies":[{"embeddable":true,"href":"https:\/\/www.sonoraenequipo.com.mx\/api\/wp\/v2\/comments?post=176810"}],"version-history":[{"count":1,"href":"https:\/\/www.sonoraenequipo.com.mx\/api\/wp\/v2\/posts\/176810\/revisions"}],"predecessor-version":[{"id":176812,"href":"https:\/\/www.sonoraenequipo.com.mx\/api\/wp\/v2\/posts\/176810\/revisions\/176812"}],"wp:featuredmedia":[{"embeddable":true,"href":"https:\/\/www.sonoraenequipo.com.mx\/api\/wp\/v2\/media\/176811"}],"wp:attachment":[{"href":"https:\/\/www.sonoraenequipo.com.mx\/api\/wp\/v2\/media?parent=176810"}],"wp:term":[{"taxonomy":"category","embeddable":true,"href":"https:\/\/www.sonoraenequipo.com.mx\/api\/wp\/v2\/categories?post=176810"},{"taxonomy":"post_tag","embeddable":true,"href":"https:\/\/www.sonoraenequipo.com.mx\/api\/wp\/v2\/tags?post=176810"}],"curies":[{"name":"wp","href":"https:\/\/api.w.org\/{rel}","templated":true}]}}