{"id":177283,"date":"2023-10-19T16:44:19","date_gmt":"2023-10-19T23:44:19","guid":{"rendered":"https:\/\/www.sonoraenequipo.com.mx\/?p=177283"},"modified":"2023-10-19T16:44:19","modified_gmt":"2023-10-19T23:44:19","slug":"ciudad-obregon-la-segunda-ciudad-mas-insegura-del-pais-segun-la-ensu-a-septiembre-de-2023","status":"publish","type":"post","link":"https:\/\/www.sonoraenequipo.com.mx\/ciudad-obregon-la-segunda-ciudad-mas-insegura-del-pais-segun-la-ensu-a-septiembre-de-2023\/","title":{"rendered":"Ciudad Obreg\u00f3n la segunda ciudad m\u00e1s insegura del pa\u00eds seg\u00fan la ENSU a septiembre de 2023"},"content":{"rendered":"<p><strong>CIUDAD DE M\u00c9XICO. \u2014 \u00a0<\/strong>A nivel nacional, en septiembre de 2023, 61.4 % de la poblaci\u00f3n de 18 a\u00f1os y m\u00e1s consider\u00f3 inseguro vivir en su ciudad.<\/p>\n<p>&nbsp;<\/p>\n<p>Durante septiembre de 2023, 67.4 % de las mujeres y 54.1 % de los hombres consideraron que es inseguro vivir en su ciudad.<\/p>\n<p>&nbsp;<\/p>\n<p>Las ciudades con mayor porcentaje de poblaci\u00f3n que se siente insegura fueron Fresnillo, con 95.4 %; Ciudad Obreg\u00f3n, con 92.3 %; Zacatecas, con 92.1 %; Uruapan, con 91.5 %; Naucalpan de Ju\u00e1rez, con 87.3 %; y Toluca de Lerdo, con 86.2 por ciento.<\/p>\n<p>&nbsp;<\/p>\n<p>Del 28 de agosto al 15 de septiembre de 2023 se levant\u00f3 la Encuesta Nacional de Seguridad P\u00fablica Urbana (ENSU) correspondiente al tercer trimestre de 2023. El objetivo es generar informaci\u00f3n en torno a la percepci\u00f3n social sobre la seguridad p\u00fablica en su ciudad. La encuesta tiene representatividad nacional y se enfoca en el \u00e1mbito urbano. Adem\u00e1s, genera informaci\u00f3n para la toma de decisiones de pol\u00edtica p\u00fablica en materia de seguridad.<\/p>\n<p>&nbsp;<\/p>\n<p>&nbsp;<\/p>\n<p>En septiembre de 2023, 61.4 % de la poblaci\u00f3n de 18 a\u00f1os y m\u00e1s, residente en 75 ciudades de inter\u00e9s, consider\u00f3 que es inseguro vivir en su ciudad. Lo anterior no representa un cambio estad\u00edsticamente significativo con relaci\u00f3n al porcentaje registrado en junio de 2023, que fue de 62.3 por ciento. No obstante, representa un cambio estad\u00edsticamente significativo menor con respecto a septiembre de 2022, que fue 64.4 por ciento. En esta edici\u00f3n, 11 ciudades y demarcaciones tuvieron cambios estad\u00edsticamente significativos frente a junio de 2023: seis presentaron reducciones y cinco, incrementos.<\/p>\n<p>&nbsp;<\/p>\n<p>En septiembre de 2023, 67.4 % de las mujeres y 54.1 % de los hombres consideraron que vivir en su ciudad es inseguro. <strong>Las ciudades con mayor porcentaje de personas de 18 a\u00f1os y m\u00e1s que consideraron que vivir en su ciudad es inseguro fueron: Fresnillo, con 95.4 %; Ciudad Obreg\u00f3n, con 92.3 %; Zacatecas, con 92.1 %; Uruapan, con 91.5 %; Naucalpan de Ju\u00e1rez, con 87.3 %; y Toluca de Lerdo con 86.2 por ciento. <\/strong>En contraste, las ciudades donde la percepci\u00f3n de inseguridad result\u00f3 menor fueron: Benito Ju\u00e1rez, con 15.8 %; Piedras Negras, con 19.7 %; San Pedro Garza Garc\u00eda, con 20.8 %; Cuajimalpa de Morelos, con 21.4 %; Puerto Vallarta, con 22.5 % y Los Mochis, con 24.1 por ciento.<\/p>\n<p>&nbsp;<\/p>\n<p>En cuanto a la percepci\u00f3n de inseguridad en espacios f\u00edsicos espec\u00edficos, en septiembre de 2023, 70.8 % de la poblaci\u00f3n manifest\u00f3 sentirse insegura en los cajeros autom\u00e1ticos localizados en la v\u00eda p\u00fablica; 64.2 %, en el transporte p\u00fablico; 55.4 %, en el banco y 54.1 %, en las calles que habitualmente transita.<\/p>\n<p>&nbsp;<\/p>\n<p>En septiembre de 2023, 33.9 % de la poblaci\u00f3n de 18 a\u00f1os y m\u00e1s, residente en las ciudades de inter\u00e9s, consider\u00f3 que, en los pr\u00f3ximos 12 meses, la situaci\u00f3n de la delincuencia e inseguridad en su ciudad seguir\u00e1 igual de mal. Por otra parte, 24.0 % de la poblaci\u00f3n refiri\u00f3 que la situaci\u00f3n empeorar\u00e1 en los pr\u00f3ximos 12 meses. En contraste, 18.3 % de la poblaci\u00f3n de 18 a\u00f1os y m\u00e1s dijo que la situaci\u00f3n de la delincuencia e inseguridad en su ciudad seguir\u00e1 igual de bien y 22.6 % manifest\u00f3 que mejorar\u00e1.<\/p>\n<p>&nbsp;<\/p>\n<p>Durante el tercer trimestre de 2023, los resultados de la ENSU revelan que, del porcentaje de la poblaci\u00f3n que mencion\u00f3 haber visto o escuchado conductas delictivas o antisociales en los alrededores de su vivienda, 60.4 % se relacion\u00f3 con consumo de alcohol en las calles; 51.1 %, con robos o asaltos; 39.7 %, con vandalismo en las viviendas o negocios; 39.5 %, con venta o consumo de drogas; 36.0 %, con disparos frecuentes con armas; 24.4 %, con bandas violentas o pandillerismo; 15.2 %, con tomas irregulares de luz (diablitos) y 3.1 %, con robo o venta ilegal de gasolina o di\u00e9sel (huachicol).<\/p>\n<p>&nbsp;<\/p>\n<p>Durante el tercer trimestre de 2023, 33.9 % de la poblaci\u00f3n de 18 a\u00f1os y m\u00e1s tuvo alg\u00fan conflicto o enfrentamiento, de manera directa, con familiares, con las o los vecinos, con las o los compa\u00f1eros de trabajo o escuela, con establecimientos, o con autoridades de gobierno. Lo anterior no representa un cambio estad\u00edsticamente significativo con respecto al porcentaje registrado en junio de 2023, que fue de 33.5 por ciento.<\/p>\n<p>&nbsp;<\/p>\n<p>Las tres ciudades con mayor porcentaje de poblaci\u00f3n de 18 a\u00f1os y m\u00e1s que report\u00f3 haber tenido conflictos o enfrentamientos fueron: Azcapotzalco, con 62.6 %; Coyoac\u00e1n, con 61.8 % y Gustavo A. Madero, con 52.6 por ciento. Las ciudades que reportaron los menores porcentajes de conflicto entre la poblaci\u00f3n fueron: Ciudad Obreg\u00f3n, con 6.3 %; Tapachula, con 10.2 % y Ciudad Victoria, con 14.0 por ciento.<\/p>\n<p>&nbsp;<\/p>\n<p>Durante el tercer trimestre de 2023, 48.1 % de la poblaci\u00f3n de 18 a\u00f1os y m\u00e1s, residente en las ciudades objeto de estudio, manifest\u00f3 que modific\u00f3 sus h\u00e1bitos respecto a llevar cosas de valor, como joyas, dinero o tarjetas de cr\u00e9dito, por temor a sufrir alg\u00fan delito. Adem\u00e1s, 42.8 % modific\u00f3 rutinas en cuanto a permitir que sus hijos o hijas menores salgan de su vivienda, 41.9 % reconoci\u00f3 haber cambiado h\u00e1bitos de caminar por los alrededores de su vivienda despu\u00e9s de las ocho de la noche y 26.6 % cambi\u00f3 rutinas relacionadas con visitar parientes o amigos.<\/p>\n<p>&nbsp;<\/p>\n<p>Entre los resultados de la ENSU que corresponden a septiembre de 2023, destaca que los porcentajes de la poblaci\u00f3n de 18 a\u00f1os y m\u00e1s que identific\u00f3 a las diversas autoridades de seguridad p\u00fablica y que percibi\u00f3 su desempe\u00f1o como muy o algo efectivo en sus labores para prevenir y combatir la delincuencia fueron: Marina, con 85.4 %; Ej\u00e9rcito, con 82.8 %; Guardia Nacional, con 73.5 %; polic\u00eda estatal, con 53.9 % y polic\u00eda preventiva municipal, con 47.2 por ciento.<\/p>\n<p>&nbsp;<\/p>\n<p>En septiembre de 2023, 78.8 % de la poblaci\u00f3n de 18 a\u00f1os y m\u00e1s manifest\u00f3 que los baches en calles y avenidas son uno de los problemas m\u00e1s importantes en su ciudad; 58.6 % dijo que lo son las fallas y fugas en el suministro de agua potable y 55.8 % consider\u00f3 que el alumbrado p\u00fablico era insuficiente. Asimismo, 36.0 % respondi\u00f3 que los hospitales saturados o con servicio deficiente representan uno de los problemas m\u00e1s grandes en sus ciudades.<\/p>\n<p>&nbsp;<\/p>\n<p>En septiembre de 2023, a nivel nacional, 32.3 % de la poblaci\u00f3n de 18 a\u00f1os y m\u00e1s consider\u00f3 que el gobierno de su ciudad era muy o algo efectivo para resolver los problemas m\u00e1s importantes. Las ciudades donde m\u00e1s se lo percibi\u00f3 as\u00ed, fueron: Nuevo Laredo, con 63.2 %; Apodaca, con 57.2 % y San Pedro Garza Garc\u00eda, con 56.0 por ciento. Las ciudades donde menos, fueron: Ecatepec de Morelos, con 12.1 %; Uruapan, con 15.2 % y Tijuana, con 16.3 por ciento.<\/p>\n<p>&nbsp;<\/p>\n<p>Para mantenerse al tanto sobre la seguridad p\u00fablica, el narcotr\u00e1fico y la violencia, 60.6 % de la poblaci\u00f3n de 18 a\u00f1os y m\u00e1s dijo informarse con los noticieros en televisi\u00f3n. Por su parte, 56.3 % respondi\u00f3 que mantiene comunicaci\u00f3n personal en el entorno de la vivienda, 55.9 % dijo que por medio de Facebook y 23.5 % lo hizo mediante internet.<\/p>\n<p>&nbsp;<\/p>\n<p>&nbsp;<\/p>\n<p>De octubre de 2022 a septiembre de 2023, se estima que, en zonas urbanas, 8.4 % de las personas de 18 a\u00f1os y m\u00e1s fue violentada en el entorno familiar. En mujeres, este porcentaje fue de 9.8 %; en hombres, de 6.8 por ciento.<\/p>\n<p>Fecha de publicaci\u00f3n jueves 19 de octubre de 2023<\/p>\n<p>&nbsp;<\/p>\n<p>&nbsp;<\/p>\n","protected":false},"excerpt":{"rendered":"<p>CIUDAD DE M\u00c9XICO. \u2014 \u00a0A nivel nacional, en septiembre de 2023, 61.4 % de la&#8230;<\/p>\n","protected":false},"author":1,"featured_media":143113,"comment_status":"open","ping_status":"open","sticky":false,"template":"","format":"standard","meta":{"_monsterinsights_skip_tracking":false,"_monsterinsights_sitenote_active":false,"_monsterinsights_sitenote_note":"","_monsterinsights_sitenote_category":0,"footnotes":""},"categories":[6493],"tags":[299,474],"class_list":["post"],"yoast_head":" \n<title>Sonora en Equipo. Ciudad Obreg\u00f3n la segunda ciudad m\u00e1s insegura del pa\u00eds seg\u00fan la ENSU a septiembre de 2023 PALABRAS Y N\u00daMEROS<\/title>\n<meta name=\"description\" content=\"CIUDAD DE M\u00c9XICO. \u2014 \u00a0A nivel nacional, en septiembre de 2023, 61.4 % de la poblaci\u00f3n de 18 a\u00f1os y m\u00e1s consider\u00f3 inseguro vivir en su ciudad. &nbsp; En Sonora en Equipo publicamos toda la informaci\u00f3n de Sonora, M\u00e9xico y el Mundo de manera oportuna y busca que la libertad de expresi\u00f3n sea real. Visita nuestro medio informativo publicado desde Hermosillo, Sonora. %\" \/>\n<meta name=\"robots\" content=\"index, follow, max-snippet:-1, max-image-preview:large, max-video-preview:-1\" \/>\n<link rel=\"canonical\" href=\"https:\/\/www.sonoraenequipo.com.mx\/ciudad-obregon-la-segunda-ciudad-mas-insegura-del-pais-segun-la-ensu-a-septiembre-de-2023\/\" \/>\n<meta property=\"og:locale\" content=\"es_ES\" \/>\n<meta property=\"og:type\" content=\"article\" \/>\n<meta property=\"og:title\" content=\"Sonora en Equipo. Ciudad Obreg\u00f3n la segunda ciudad m\u00e1s insegura del pa\u00eds seg\u00fan la ENSU a septiembre de 2023 PALABRAS Y N\u00daMEROS\" \/>\n<meta property=\"og:description\" content=\"CIUDAD DE M\u00c9XICO. \u2014 \u00a0A nivel nacional, en septiembre de 2023, 61.4 % de la poblaci\u00f3n de 18 a\u00f1os y m\u00e1s consider\u00f3 inseguro vivir en su ciudad. &nbsp; En Sonora en Equipo publicamos toda la informaci\u00f3n de Sonora, M\u00e9xico y el Mundo de manera oportuna y busca que la libertad de expresi\u00f3n sea real. Visita nuestro medio informativo publicado desde Hermosillo, Sonora. %\" \/>\n<meta property=\"og:url\" content=\"https:\/\/www.sonoraenequipo.com.mx\/ciudad-obregon-la-segunda-ciudad-mas-insegura-del-pais-segun-la-ensu-a-septiembre-de-2023\/\" \/>\n<meta property=\"og:site_name\" content=\"Sonora en Equipo.\" \/>\n<meta property=\"article:publisher\" content=\"https:\/\/www.facebook.com\/SonoraEE\/\" \/>\n<meta property=\"article:author\" content=\"https:\/\/www.facebook.com\/SonoraEE\" \/>\n<meta property=\"article:published_time\" content=\"2023-10-19T23:44:19+00:00\" \/>\n<meta property=\"og:image\" content=\"https:\/\/www.sonoraenequipo.com.mx\/storage\/2022\/07\/inseguridad2.jpg\" \/>\n\t<meta property=\"og:image:width\" content=\"700\" \/>\n\t<meta property=\"og:image:height\" content=\"400\" \/>\n\t<meta property=\"og:image:type\" content=\"image\/jpeg\" \/>\n<meta name=\"author\" content=\"enequipo\" \/>\n<meta name=\"twitter:card\" content=\"summary_large_image\" \/>\n<meta name=\"twitter:creator\" content=\"@sonoraenequipo\" \/>\n<meta name=\"twitter:site\" content=\"@sonoraenequipo\" \/>\n<meta name=\"twitter:label1\" content=\"Escrito por\" \/>\n\t<meta name=\"twitter:data1\" content=\"enequipo\" \/>\n\t<meta name=\"twitter:label2\" content=\"Tiempo de lectura\" \/>\n\t<meta name=\"twitter:data2\" content=\"6 minutos\" \/>\n<script type=\"application\/ld+json\" class=\"yoast-schema-graph\">{\"@context\":\"https:\/\/schema.org\",\"@graph\":[{\"@type\":\"Article\",\"@id\":\"https:\/\/www.sonoraenequipo.com.mx\/ciudad-obregon-la-segunda-ciudad-mas-insegura-del-pais-segun-la-ensu-a-septiembre-de-2023\/#article\",\"isPartOf\":{\"@id\":\"https:\/\/www.sonoraenequipo.com.mx\/ciudad-obregon-la-segunda-ciudad-mas-insegura-del-pais-segun-la-ensu-a-septiembre-de-2023\/\"},\"author\":{\"name\":\"enequipo\",\"@id\":\"https:\/\/www.sonoraenequipo.com.mx\/#\/schema\/person\/50102df0fb23a8fa9e8effad8fa81386\"},\"headline\":\"Ciudad Obreg\u00f3n la segunda ciudad m\u00e1s insegura del pa\u00eds seg\u00fan la ENSU a septiembre de 2023\",\"datePublished\":\"2023-10-19T23:44:19+00:00\",\"mainEntityOfPage\":{\"@id\":\"https:\/\/www.sonoraenequipo.com.mx\/ciudad-obregon-la-segunda-ciudad-mas-insegura-del-pais-segun-la-ensu-a-septiembre-de-2023\/\"},\"wordCount\":1177,\"commentCount\":0,\"publisher\":{\"@id\":\"https:\/\/www.sonoraenequipo.com.mx\/#organization\"},\"image\":{\"@id\":\"https:\/\/www.sonoraenequipo.com.mx\/ciudad-obregon-la-segunda-ciudad-mas-insegura-del-pais-segun-la-ensu-a-septiembre-de-2023\/#primaryimage\"},\"thumbnailUrl\":\"https:\/\/www.sonoraenequipo.com.mx\/storage\/2022\/07\/inseguridad2.jpg\",\"keywords\":[\"inseguridad\",\"Obreg\u00f3n\"],\"articleSection\":[\"PALABRAS Y N\u00daMEROS\"],\"inLanguage\":\"es\",\"potentialAction\":[{\"@type\":\"CommentAction\",\"name\":\"Comment\",\"target\":[\"https:\/\/www.sonoraenequipo.com.mx\/ciudad-obregon-la-segunda-ciudad-mas-insegura-del-pais-segun-la-ensu-a-septiembre-de-2023\/#respond\"]}]},{\"@type\":\"WebPage\",\"@id\":\"https:\/\/www.sonoraenequipo.com.mx\/ciudad-obregon-la-segunda-ciudad-mas-insegura-del-pais-segun-la-ensu-a-septiembre-de-2023\/\",\"url\":\"https:\/\/www.sonoraenequipo.com.mx\/ciudad-obregon-la-segunda-ciudad-mas-insegura-del-pais-segun-la-ensu-a-septiembre-de-2023\/\",\"name\":\"Sonora en Equipo. Ciudad Obreg\u00f3n la segunda ciudad m\u00e1s insegura del pa\u00eds seg\u00fan la ENSU a septiembre de 2023 PALABRAS Y N\u00daMEROS\",\"isPartOf\":{\"@id\":\"https:\/\/www.sonoraenequipo.com.mx\/#website\"},\"primaryImageOfPage\":{\"@id\":\"https:\/\/www.sonoraenequipo.com.mx\/ciudad-obregon-la-segunda-ciudad-mas-insegura-del-pais-segun-la-ensu-a-septiembre-de-2023\/#primaryimage\"},\"image\":{\"@id\":\"https:\/\/www.sonoraenequipo.com.mx\/ciudad-obregon-la-segunda-ciudad-mas-insegura-del-pais-segun-la-ensu-a-septiembre-de-2023\/#primaryimage\"},\"thumbnailUrl\":\"https:\/\/www.sonoraenequipo.com.mx\/storage\/2022\/07\/inseguridad2.jpg\",\"datePublished\":\"2023-10-19T23:44:19+00:00\",\"description\":\"CIUDAD DE M\u00c9XICO. \u2014 \u00a0A nivel nacional, en septiembre de 2023, 61.4 % de la poblaci\u00f3n de 18 a\u00f1os y m\u00e1s consider\u00f3 inseguro vivir en su ciudad. &nbsp; En Sonora en Equipo publicamos toda la informaci\u00f3n de Sonora, M\u00e9xico y el Mundo de manera oportuna y busca que la libertad de expresi\u00f3n sea real. Visita nuestro medio informativo publicado desde Hermosillo, Sonora. %\",\"breadcrumb\":{\"@id\":\"https:\/\/www.sonoraenequipo.com.mx\/ciudad-obregon-la-segunda-ciudad-mas-insegura-del-pais-segun-la-ensu-a-septiembre-de-2023\/#breadcrumb\"},\"inLanguage\":\"es\",\"potentialAction\":[{\"@type\":\"ReadAction\",\"target\":[\"https:\/\/www.sonoraenequipo.com.mx\/ciudad-obregon-la-segunda-ciudad-mas-insegura-del-pais-segun-la-ensu-a-septiembre-de-2023\/\"]}]},{\"@type\":\"ImageObject\",\"inLanguage\":\"es\",\"@id\":\"https:\/\/www.sonoraenequipo.com.mx\/ciudad-obregon-la-segunda-ciudad-mas-insegura-del-pais-segun-la-ensu-a-septiembre-de-2023\/#primaryimage\",\"url\":\"https:\/\/www.sonoraenequipo.com.mx\/storage\/2022\/07\/inseguridad2.jpg\",\"contentUrl\":\"https:\/\/www.sonoraenequipo.com.mx\/storage\/2022\/07\/inseguridad2.jpg\",\"width\":700,\"height\":400,\"caption\":\"Inseguridad,Imagen para ilustrar.\"},{\"@type\":\"BreadcrumbList\",\"@id\":\"https:\/\/www.sonoraenequipo.com.mx\/ciudad-obregon-la-segunda-ciudad-mas-insegura-del-pais-segun-la-ensu-a-septiembre-de-2023\/#breadcrumb\",\"itemListElement\":[{\"@type\":\"ListItem\",\"position\":1,\"name\":\"Portada\",\"item\":\"https:\/\/www.sonoraenequipo.com.mx\/\"},{\"@type\":\"ListItem\",\"position\":2,\"name\":\"Ciudad Obreg\u00f3n la segunda ciudad m\u00e1s insegura del pa\u00eds seg\u00fan la ENSU a septiembre de 2023\"}]},{\"@type\":\"WebSite\",\"@id\":\"https:\/\/www.sonoraenequipo.com.mx\/#website\",\"url\":\"https:\/\/www.sonoraenequipo.com.mx\/\",\"name\":\"Sonora en Equipo.\",\"description\":\"Diario en l\u00ednea con Noticias desde Hermosillo, Sonora\",\"publisher\":{\"@id\":\"https:\/\/www.sonoraenequipo.com.mx\/#organization\"},\"potentialAction\":[{\"@type\":\"SearchAction\",\"target\":{\"@type\":\"EntryPoint\",\"urlTemplate\":\"https:\/\/www.sonoraenequipo.com.mx\/?s={search_term_string}\"},\"query-input\":{\"@type\":\"PropertyValueSpecification\",\"valueRequired\":true,\"valueName\":\"search_term_string\"}}],\"inLanguage\":\"es\"},{\"@type\":\"Organization\",\"@id\":\"https:\/\/www.sonoraenequipo.com.mx\/#organization\",\"name\":\"Sonoraenequipo.com.mx\",\"url\":\"https:\/\/www.sonoraenequipo.com.mx\/\",\"logo\":{\"@type\":\"ImageObject\",\"inLanguage\":\"es\",\"@id\":\"https:\/\/www.sonoraenequipo.com.mx\/#\/schema\/logo\/image\/\",\"url\":\"https:\/\/www.sonoraenequipo.com.mx\/storage\/2019\/01\/sonoraenequipo_opt.png\",\"contentUrl\":\"https:\/\/www.sonoraenequipo.com.mx\/storage\/2019\/01\/sonoraenequipo_opt.png\",\"width\":375,\"height\":125,\"caption\":\"Sonoraenequipo.com.mx\"},\"image\":{\"@id\":\"https:\/\/www.sonoraenequipo.com.mx\/#\/schema\/logo\/image\/\"},\"sameAs\":[\"https:\/\/www.facebook.com\/SonoraEE\/\",\"https:\/\/x.com\/sonoraenequipo\",\"https:\/\/www.youtube.com\/channel\/UC338nW-lPEYmJQs4ZABQ1SQ\"]},{\"@type\":\"Person\",\"@id\":\"https:\/\/www.sonoraenequipo.com.mx\/#\/schema\/person\/50102df0fb23a8fa9e8effad8fa81386\",\"name\":\"enequipo\",\"image\":{\"@type\":\"ImageObject\",\"inLanguage\":\"es\",\"@id\":\"https:\/\/www.sonoraenequipo.com.mx\/#\/schema\/person\/image\/\",\"url\":\"https:\/\/secure.gravatar.com\/avatar\/049821681b589dabc0bc20695993ccebb09f5b5d4d790cd9251b97faac7c652b?s=96&d=blank&r=g\",\"contentUrl\":\"https:\/\/secure.gravatar.com\/avatar\/049821681b589dabc0bc20695993ccebb09f5b5d4d790cd9251b97faac7c652b?s=96&d=blank&r=g\",\"caption\":\"enequipo\"},\"sameAs\":[\"https:\/\/www.facebook.com\/SonoraEE\"]}]}<\/script>\n ","yoast_head_json":{"title":"Sonora en Equipo. Ciudad Obreg\u00f3n la segunda ciudad m\u00e1s insegura del pa\u00eds seg\u00fan la ENSU a septiembre de 2023 PALABRAS Y N\u00daMEROS","description":"CIUDAD DE M\u00c9XICO. \u2014 \u00a0A nivel nacional, en septiembre de 2023, 61.4 % de la poblaci\u00f3n de 18 a\u00f1os y m\u00e1s consider\u00f3 inseguro vivir en su ciudad. &nbsp; En Sonora en Equipo publicamos toda la informaci\u00f3n de Sonora, M\u00e9xico y el Mundo de manera oportuna y busca que la libertad de expresi\u00f3n sea real. Visita nuestro medio informativo publicado desde Hermosillo, Sonora. %","robots":{"index":"index","follow":"follow","max-snippet":"max-snippet:-1","max-image-preview":"max-image-preview:large","max-video-preview":"max-video-preview:-1"},"canonical":"https:\/\/www.sonoraenequipo.com.mx\/ciudad-obregon-la-segunda-ciudad-mas-insegura-del-pais-segun-la-ensu-a-septiembre-de-2023\/","og_locale":"es_ES","og_type":"article","og_title":"Sonora en Equipo. Ciudad Obreg\u00f3n la segunda ciudad m\u00e1s insegura del pa\u00eds seg\u00fan la ENSU a septiembre de 2023 PALABRAS Y N\u00daMEROS","og_description":"CIUDAD DE M\u00c9XICO. \u2014 \u00a0A nivel nacional, en septiembre de 2023, 61.4 % de la poblaci\u00f3n de 18 a\u00f1os y m\u00e1s consider\u00f3 inseguro vivir en su ciudad. &nbsp; En Sonora en Equipo publicamos toda la informaci\u00f3n de Sonora, M\u00e9xico y el Mundo de manera oportuna y busca que la libertad de expresi\u00f3n sea real. Visita nuestro medio informativo publicado desde Hermosillo, Sonora. %","og_url":"https:\/\/www.sonoraenequipo.com.mx\/ciudad-obregon-la-segunda-ciudad-mas-insegura-del-pais-segun-la-ensu-a-septiembre-de-2023\/","og_site_name":"Sonora en Equipo.","article_publisher":"https:\/\/www.facebook.com\/SonoraEE\/","article_author":"https:\/\/www.facebook.com\/SonoraEE","article_published_time":"2023-10-19T23:44:19+00:00","og_image":[{"width":700,"height":400,"url":"https:\/\/www.sonoraenequipo.com.mx\/storage\/2022\/07\/inseguridad2.jpg","type":"image\/jpeg"}],"author":"enequipo","twitter_card":"summary_large_image","twitter_creator":"@sonoraenequipo","twitter_site":"@sonoraenequipo","twitter_misc":{"Escrito por":"enequipo","Tiempo de lectura":"6 minutos"},"schema":{"@context":"https:\/\/schema.org","@graph":[{"@type":"Article","@id":"https:\/\/www.sonoraenequipo.com.mx\/ciudad-obregon-la-segunda-ciudad-mas-insegura-del-pais-segun-la-ensu-a-septiembre-de-2023\/#article","isPartOf":{"@id":"https:\/\/www.sonoraenequipo.com.mx\/ciudad-obregon-la-segunda-ciudad-mas-insegura-del-pais-segun-la-ensu-a-septiembre-de-2023\/"},"author":{"name":"enequipo","@id":"https:\/\/www.sonoraenequipo.com.mx\/#\/schema\/person\/50102df0fb23a8fa9e8effad8fa81386"},"headline":"Ciudad Obreg\u00f3n la segunda ciudad m\u00e1s insegura del pa\u00eds seg\u00fan la ENSU a septiembre de 2023","datePublished":"2023-10-19T23:44:19+00:00","mainEntityOfPage":{"@id":"https:\/\/www.sonoraenequipo.com.mx\/ciudad-obregon-la-segunda-ciudad-mas-insegura-del-pais-segun-la-ensu-a-septiembre-de-2023\/"},"wordCount":1177,"commentCount":0,"publisher":{"@id":"https:\/\/www.sonoraenequipo.com.mx\/#organization"},"image":{"@id":"https:\/\/www.sonoraenequipo.com.mx\/ciudad-obregon-la-segunda-ciudad-mas-insegura-del-pais-segun-la-ensu-a-septiembre-de-2023\/#primaryimage"},"thumbnailUrl":"https:\/\/www.sonoraenequipo.com.mx\/storage\/2022\/07\/inseguridad2.jpg","keywords":["inseguridad","Obreg\u00f3n"],"articleSection":["PALABRAS Y N\u00daMEROS"],"inLanguage":"es","potentialAction":[{"@type":"CommentAction","name":"Comment","target":["https:\/\/www.sonoraenequipo.com.mx\/ciudad-obregon-la-segunda-ciudad-mas-insegura-del-pais-segun-la-ensu-a-septiembre-de-2023\/#respond"]}]},{"@type":"WebPage","@id":"https:\/\/www.sonoraenequipo.com.mx\/ciudad-obregon-la-segunda-ciudad-mas-insegura-del-pais-segun-la-ensu-a-septiembre-de-2023\/","url":"https:\/\/www.sonoraenequipo.com.mx\/ciudad-obregon-la-segunda-ciudad-mas-insegura-del-pais-segun-la-ensu-a-septiembre-de-2023\/","name":"Sonora en Equipo. Ciudad Obreg\u00f3n la segunda ciudad m\u00e1s insegura del pa\u00eds seg\u00fan la ENSU a septiembre de 2023 PALABRAS Y N\u00daMEROS","isPartOf":{"@id":"https:\/\/www.sonoraenequipo.com.mx\/#website"},"primaryImageOfPage":{"@id":"https:\/\/www.sonoraenequipo.com.mx\/ciudad-obregon-la-segunda-ciudad-mas-insegura-del-pais-segun-la-ensu-a-septiembre-de-2023\/#primaryimage"},"image":{"@id":"https:\/\/www.sonoraenequipo.com.mx\/ciudad-obregon-la-segunda-ciudad-mas-insegura-del-pais-segun-la-ensu-a-septiembre-de-2023\/#primaryimage"},"thumbnailUrl":"https:\/\/www.sonoraenequipo.com.mx\/storage\/2022\/07\/inseguridad2.jpg","datePublished":"2023-10-19T23:44:19+00:00","description":"CIUDAD DE M\u00c9XICO. \u2014 \u00a0A nivel nacional, en septiembre de 2023, 61.4 % de la poblaci\u00f3n de 18 a\u00f1os y m\u00e1s consider\u00f3 inseguro vivir en su ciudad. &nbsp; En Sonora en Equipo publicamos toda la informaci\u00f3n de Sonora, M\u00e9xico y el Mundo de manera oportuna y busca que la libertad de expresi\u00f3n sea real. Visita nuestro medio informativo publicado desde Hermosillo, Sonora. %","breadcrumb":{"@id":"https:\/\/www.sonoraenequipo.com.mx\/ciudad-obregon-la-segunda-ciudad-mas-insegura-del-pais-segun-la-ensu-a-septiembre-de-2023\/#breadcrumb"},"inLanguage":"es","potentialAction":[{"@type":"ReadAction","target":["https:\/\/www.sonoraenequipo.com.mx\/ciudad-obregon-la-segunda-ciudad-mas-insegura-del-pais-segun-la-ensu-a-septiembre-de-2023\/"]}]},{"@type":"ImageObject","inLanguage":"es","@id":"https:\/\/www.sonoraenequipo.com.mx\/ciudad-obregon-la-segunda-ciudad-mas-insegura-del-pais-segun-la-ensu-a-septiembre-de-2023\/#primaryimage","url":"https:\/\/www.sonoraenequipo.com.mx\/storage\/2022\/07\/inseguridad2.jpg","contentUrl":"https:\/\/www.sonoraenequipo.com.mx\/storage\/2022\/07\/inseguridad2.jpg","width":700,"height":400,"caption":"Inseguridad,Imagen para ilustrar."},{"@type":"BreadcrumbList","@id":"https:\/\/www.sonoraenequipo.com.mx\/ciudad-obregon-la-segunda-ciudad-mas-insegura-del-pais-segun-la-ensu-a-septiembre-de-2023\/#breadcrumb","itemListElement":[{"@type":"ListItem","position":1,"name":"Portada","item":"https:\/\/www.sonoraenequipo.com.mx\/"},{"@type":"ListItem","position":2,"name":"Ciudad Obreg\u00f3n la segunda ciudad m\u00e1s insegura del pa\u00eds seg\u00fan la ENSU a septiembre de 2023"}]},{"@type":"WebSite","@id":"https:\/\/www.sonoraenequipo.com.mx\/#website","url":"https:\/\/www.sonoraenequipo.com.mx\/","name":"Sonora en Equipo.","description":"Diario en l\u00ednea con Noticias desde Hermosillo, Sonora","publisher":{"@id":"https:\/\/www.sonoraenequipo.com.mx\/#organization"},"potentialAction":[{"@type":"SearchAction","target":{"@type":"EntryPoint","urlTemplate":"https:\/\/www.sonoraenequipo.com.mx\/?s={search_term_string}"},"query-input":{"@type":"PropertyValueSpecification","valueRequired":true,"valueName":"search_term_string"}}],"inLanguage":"es"},{"@type":"Organization","@id":"https:\/\/www.sonoraenequipo.com.mx\/#organization","name":"Sonoraenequipo.com.mx","url":"https:\/\/www.sonoraenequipo.com.mx\/","logo":{"@type":"ImageObject","inLanguage":"es","@id":"https:\/\/www.sonoraenequipo.com.mx\/#\/schema\/logo\/image\/","url":"https:\/\/www.sonoraenequipo.com.mx\/storage\/2019\/01\/sonoraenequipo_opt.png","contentUrl":"https:\/\/www.sonoraenequipo.com.mx\/storage\/2019\/01\/sonoraenequipo_opt.png","width":375,"height":125,"caption":"Sonoraenequipo.com.mx"},"image":{"@id":"https:\/\/www.sonoraenequipo.com.mx\/#\/schema\/logo\/image\/"},"sameAs":["https:\/\/www.facebook.com\/SonoraEE\/","https:\/\/x.com\/sonoraenequipo","https:\/\/www.youtube.com\/channel\/UC338nW-lPEYmJQs4ZABQ1SQ"]},{"@type":"Person","@id":"https:\/\/www.sonoraenequipo.com.mx\/#\/schema\/person\/50102df0fb23a8fa9e8effad8fa81386","name":"enequipo","image":{"@type":"ImageObject","inLanguage":"es","@id":"https:\/\/www.sonoraenequipo.com.mx\/#\/schema\/person\/image\/","url":"https:\/\/secure.gravatar.com\/avatar\/049821681b589dabc0bc20695993ccebb09f5b5d4d790cd9251b97faac7c652b?s=96&d=blank&r=g","contentUrl":"https:\/\/secure.gravatar.com\/avatar\/049821681b589dabc0bc20695993ccebb09f5b5d4d790cd9251b97faac7c652b?s=96&d=blank&r=g","caption":"enequipo"},"sameAs":["https:\/\/www.facebook.com\/SonoraEE"]}]}},"jetpack_featured_media_url":"https:\/\/www.sonoraenequipo.com.mx\/storage\/2022\/07\/inseguridad2.jpg","_links":{"self":[{"href":"https:\/\/www.sonoraenequipo.com.mx\/api\/wp\/v2\/posts\/177283","targetHints":{"allow":["GET"]}}],"collection":[{"href":"https:\/\/www.sonoraenequipo.com.mx\/api\/wp\/v2\/posts"}],"about":[{"href":"https:\/\/www.sonoraenequipo.com.mx\/api\/wp\/v2\/types\/post"}],"author":[{"embeddable":true,"href":"https:\/\/www.sonoraenequipo.com.mx\/api\/wp\/v2\/users\/1"}],"replies":[{"embeddable":true,"href":"https:\/\/www.sonoraenequipo.com.mx\/api\/wp\/v2\/comments?post=177283"}],"version-history":[{"count":1,"href":"https:\/\/www.sonoraenequipo.com.mx\/api\/wp\/v2\/posts\/177283\/revisions"}],"predecessor-version":[{"id":177284,"href":"https:\/\/www.sonoraenequipo.com.mx\/api\/wp\/v2\/posts\/177283\/revisions\/177284"}],"wp:featuredmedia":[{"embeddable":true,"href":"https:\/\/www.sonoraenequipo.com.mx\/api\/wp\/v2\/media\/143113"}],"wp:attachment":[{"href":"https:\/\/www.sonoraenequipo.com.mx\/api\/wp\/v2\/media?parent=177283"}],"wp:term":[{"taxonomy":"category","embeddable":true,"href":"https:\/\/www.sonoraenequipo.com.mx\/api\/wp\/v2\/categories?post=177283"},{"taxonomy":"post_tag","embeddable":true,"href":"https:\/\/www.sonoraenequipo.com.mx\/api\/wp\/v2\/tags?post=177283"}],"curies":[{"name":"wp","href":"https:\/\/api.w.org\/{rel}","templated":true}]}}