{"id":177461,"date":"2023-10-21T21:32:49","date_gmt":"2023-10-22T04:32:49","guid":{"rendered":"https:\/\/www.sonoraenequipo.com.mx\/?p=177461"},"modified":"2023-10-21T20:32:16","modified_gmt":"2023-10-22T03:32:16","slug":"gobierno-de-sonora-avanza-hacia-una-movilidad-sostenible-con-la-entrega-de-bicicletas-en-la-sierra-alta-de-la-entidad","status":"publish","type":"post","link":"https:\/\/www.sonoraenequipo.com.mx\/gobierno-de-sonora-avanza-hacia-una-movilidad-sostenible-con-la-entrega-de-bicicletas-en-la-sierra-alta-de-la-entidad\/","title":{"rendered":"Gobierno de Sonora avanza hacia una Movilidad Sostenible con la entrega de bicicletas en la sierra alta de la entidad"},"content":{"rendered":"<p><strong>NACORI, CHICO. SONORA. MX. \u2014\u00a0 <\/strong>Para impulsar la movilidad sostenible en la entidad, el Gobierno de Sonora, a trav\u00e9s de la Secretar\u00eda de Desarrollo Social (Sedesson), contin\u00faa con la distribuci\u00f3n de 10 mil bicicletas y cascos de seguridad en varios puntos del estado.<\/p>\n<p>&nbsp;<\/p>\n<p>&nbsp;<\/p>\n<p>&nbsp;<\/p>\n<p>En esta ocasi\u00f3n, un total de 203 unidades fueron distribuidas en Bacad\u00e9huachi y N\u00e1cori Chico, dirigidas a estudiantes mayores de 15 a\u00f1os y personas en situaci\u00f3n de vulnerabilidad que necesiten apoyo para impulsar sus actividades socioecon\u00f3micas diariamente.<\/p>\n<p>&nbsp;<\/p>\n<p>&nbsp;<\/p>\n<p><img loading=\"lazy\" decoding=\"async\" class=\"size-medium  x-left\" src=\"https:\/\/www.sonoraenequipo.com.mx\/storage\/2023\/10\/entrega-de-bicicletas-en-la-sierra-alta-de-la-entidad-min-566x365.jpg\" alt=\"\" width=\"566\" height=\"365\" \/>La inversi\u00f3n destinada a este programa ascendi\u00f3 a 542 mil 822 pesos y forma parte del programa social En Bici: Movilidad en Bicicleta, el cual busca fomentar una forma de movilidad m\u00e1s amigable con el medio ambiente, y tambi\u00e9n facilitar la accesibilidad a la educaci\u00f3n y a actividades cotidianas.<\/p>\n<p>&nbsp;<\/p>\n<p>&nbsp;<\/p>\n<p>La titular de Sedesson, Wendy Brice\u00f1o Zuloaga, mencion\u00f3 que este programa surgi\u00f3 de una propuesta hecha por el gobernador Alfonso Durazo Monta\u00f1o, quien al estar familiarizado con esta necesidad por haber crecido en una zona con dif\u00edcil accesos a servicios de transporte, impuls\u00f3 la formalizaci\u00f3n de En Bici.<\/p>\n<p>&nbsp;<\/p>\n<p>&nbsp;<\/p>\n<p><em><strong>\u00abEste programa, por un lado es una apuesta por la educaci\u00f3n, por la movilidad educativa, particularmente por los que tienen de 15 a\u00f1os para arriba, puede ser tambi\u00e9n para alguna mam\u00e1 o alg\u00fan pap\u00e1 que la va usar para varias actividades pero dentro de esas actividades est\u00e1 el acompa\u00f1ar a sus hijas e hijos<\/strong><\/em>\u00ab, resalt\u00f3 la titular de Sedesson.<\/p>\n<p>&nbsp;<\/p>\n<p>&nbsp;<\/p>\n<p>PUBLICADO EL 21 OCTUBRE DE 2023\/ Con informaci\u00f3n de GOBSON 1023-129)<\/p>\n","protected":false},"excerpt":{"rendered":"<p>NACORI, CHICO. SONORA. MX. \u2014\u00a0 Para impulsar la movilidad sostenible en la entidad, el Gobierno&#8230;<\/p>\n","protected":false},"author":1,"featured_media":177465,"comment_status":"open","ping_status":"open","sticky":false,"template":"","format":"standard","meta":{"_monsterinsights_skip_tracking":false,"_monsterinsights_sitenote_active":false,"_monsterinsights_sitenote_note":"","_monsterinsights_sitenote_category":0,"footnotes":""},"categories":[22],"tags":[],"class_list":["post"],"yoast_head":" \n<title>Sonora en Equipo. Gobierno de Sonora avanza hacia una Movilidad Sostenible con la entrega de bicicletas en la sierra alta de la entidad Sonora<\/title>\n<meta name=\"description\" content=\"NACORI, CHICO. SONORA. MX. \u2014\u00a0 Para impulsar la movilidad sostenible en la entidad, el Gobierno de Sonora, a trav\u00e9s de la Secretar\u00eda de Desarrollo Social En Sonora en Equipo publicamos toda la informaci\u00f3n de Sonora, M\u00e9xico y el Mundo de manera oportuna y busca que la libertad de expresi\u00f3n sea real. Visita nuestro medio informativo publicado desde Hermosillo, Sonora. %\" \/>\n<meta name=\"robots\" content=\"index, follow, max-snippet:-1, max-image-preview:large, max-video-preview:-1\" \/>\n<link rel=\"canonical\" href=\"https:\/\/www.sonoraenequipo.com.mx\/gobierno-de-sonora-avanza-hacia-una-movilidad-sostenible-con-la-entrega-de-bicicletas-en-la-sierra-alta-de-la-entidad\/\" \/>\n<meta property=\"og:locale\" content=\"es_ES\" \/>\n<meta property=\"og:type\" content=\"article\" \/>\n<meta property=\"og:title\" content=\"Sonora en Equipo. Gobierno de Sonora avanza hacia una Movilidad Sostenible con la entrega de bicicletas en la sierra alta de la entidad Sonora\" \/>\n<meta property=\"og:description\" content=\"NACORI, CHICO. SONORA. MX. \u2014\u00a0 Para impulsar la movilidad sostenible en la entidad, el Gobierno de Sonora, a trav\u00e9s de la Secretar\u00eda de Desarrollo Social En Sonora en Equipo publicamos toda la informaci\u00f3n de Sonora, M\u00e9xico y el Mundo de manera oportuna y busca que la libertad de expresi\u00f3n sea real. Visita nuestro medio informativo publicado desde Hermosillo, Sonora. %\" \/>\n<meta property=\"og:url\" content=\"https:\/\/www.sonoraenequipo.com.mx\/gobierno-de-sonora-avanza-hacia-una-movilidad-sostenible-con-la-entrega-de-bicicletas-en-la-sierra-alta-de-la-entidad\/\" \/>\n<meta property=\"og:site_name\" content=\"Sonora en Equipo.\" \/>\n<meta property=\"article:publisher\" content=\"https:\/\/www.facebook.com\/SonoraEE\/\" \/>\n<meta property=\"article:author\" content=\"https:\/\/www.facebook.com\/SonoraEE\" \/>\n<meta property=\"article:published_time\" content=\"2023-10-22T04:32:49+00:00\" \/>\n<meta property=\"og:image\" content=\"https:\/\/www.sonoraenequipo.com.mx\/storage\/2023\/10\/CTCT-20231021_111040-min.jpg\" \/>\n\t<meta property=\"og:image:width\" content=\"800\" \/>\n\t<meta property=\"og:image:height\" content=\"534\" \/>\n\t<meta property=\"og:image:type\" content=\"image\/jpeg\" \/>\n<meta name=\"author\" content=\"enequipo\" \/>\n<meta name=\"twitter:card\" content=\"summary_large_image\" \/>\n<meta name=\"twitter:creator\" content=\"@sonoraenequipo\" \/>\n<meta name=\"twitter:site\" content=\"@sonoraenequipo\" \/>\n<meta name=\"twitter:label1\" content=\"Escrito por\" \/>\n\t<meta name=\"twitter:data1\" content=\"enequipo\" \/>\n\t<meta name=\"twitter:label2\" content=\"Tiempo de lectura\" \/>\n\t<meta name=\"twitter:data2\" content=\"1 minuto\" \/>\n<script type=\"application\/ld+json\" class=\"yoast-schema-graph\">{\"@context\":\"https:\/\/schema.org\",\"@graph\":[{\"@type\":\"Article\",\"@id\":\"https:\/\/www.sonoraenequipo.com.mx\/gobierno-de-sonora-avanza-hacia-una-movilidad-sostenible-con-la-entrega-de-bicicletas-en-la-sierra-alta-de-la-entidad\/#article\",\"isPartOf\":{\"@id\":\"https:\/\/www.sonoraenequipo.com.mx\/gobierno-de-sonora-avanza-hacia-una-movilidad-sostenible-con-la-entrega-de-bicicletas-en-la-sierra-alta-de-la-entidad\/\"},\"author\":{\"name\":\"enequipo\",\"@id\":\"https:\/\/www.sonoraenequipo.com.mx\/#\/schema\/person\/50102df0fb23a8fa9e8effad8fa81386\"},\"headline\":\"Gobierno de Sonora avanza hacia una Movilidad Sostenible con la entrega de bicicletas en la sierra alta de la entidad\",\"datePublished\":\"2023-10-22T04:32:49+00:00\",\"mainEntityOfPage\":{\"@id\":\"https:\/\/www.sonoraenequipo.com.mx\/gobierno-de-sonora-avanza-hacia-una-movilidad-sostenible-con-la-entrega-de-bicicletas-en-la-sierra-alta-de-la-entidad\/\"},\"wordCount\":293,\"commentCount\":0,\"publisher\":{\"@id\":\"https:\/\/www.sonoraenequipo.com.mx\/#organization\"},\"image\":{\"@id\":\"https:\/\/www.sonoraenequipo.com.mx\/gobierno-de-sonora-avanza-hacia-una-movilidad-sostenible-con-la-entrega-de-bicicletas-en-la-sierra-alta-de-la-entidad\/#primaryimage\"},\"thumbnailUrl\":\"https:\/\/www.sonoraenequipo.com.mx\/storage\/2023\/10\/CTCT-20231021_111040-min.jpg\",\"articleSection\":[\"Sonora\"],\"inLanguage\":\"es\",\"potentialAction\":[{\"@type\":\"CommentAction\",\"name\":\"Comment\",\"target\":[\"https:\/\/www.sonoraenequipo.com.mx\/gobierno-de-sonora-avanza-hacia-una-movilidad-sostenible-con-la-entrega-de-bicicletas-en-la-sierra-alta-de-la-entidad\/#respond\"]}]},{\"@type\":\"WebPage\",\"@id\":\"https:\/\/www.sonoraenequipo.com.mx\/gobierno-de-sonora-avanza-hacia-una-movilidad-sostenible-con-la-entrega-de-bicicletas-en-la-sierra-alta-de-la-entidad\/\",\"url\":\"https:\/\/www.sonoraenequipo.com.mx\/gobierno-de-sonora-avanza-hacia-una-movilidad-sostenible-con-la-entrega-de-bicicletas-en-la-sierra-alta-de-la-entidad\/\",\"name\":\"Sonora en Equipo. Gobierno de Sonora avanza hacia una Movilidad Sostenible con la entrega de bicicletas en la sierra alta de la entidad Sonora\",\"isPartOf\":{\"@id\":\"https:\/\/www.sonoraenequipo.com.mx\/#website\"},\"primaryImageOfPage\":{\"@id\":\"https:\/\/www.sonoraenequipo.com.mx\/gobierno-de-sonora-avanza-hacia-una-movilidad-sostenible-con-la-entrega-de-bicicletas-en-la-sierra-alta-de-la-entidad\/#primaryimage\"},\"image\":{\"@id\":\"https:\/\/www.sonoraenequipo.com.mx\/gobierno-de-sonora-avanza-hacia-una-movilidad-sostenible-con-la-entrega-de-bicicletas-en-la-sierra-alta-de-la-entidad\/#primaryimage\"},\"thumbnailUrl\":\"https:\/\/www.sonoraenequipo.com.mx\/storage\/2023\/10\/CTCT-20231021_111040-min.jpg\",\"datePublished\":\"2023-10-22T04:32:49+00:00\",\"description\":\"NACORI, CHICO. SONORA. MX. \u2014\u00a0 Para impulsar la movilidad sostenible en la entidad, el Gobierno de Sonora, a trav\u00e9s de la Secretar\u00eda de Desarrollo Social En Sonora en Equipo publicamos toda la informaci\u00f3n de Sonora, M\u00e9xico y el Mundo de manera oportuna y busca que la libertad de expresi\u00f3n sea real. Visita nuestro medio informativo publicado desde Hermosillo, Sonora. %\",\"breadcrumb\":{\"@id\":\"https:\/\/www.sonoraenequipo.com.mx\/gobierno-de-sonora-avanza-hacia-una-movilidad-sostenible-con-la-entrega-de-bicicletas-en-la-sierra-alta-de-la-entidad\/#breadcrumb\"},\"inLanguage\":\"es\",\"potentialAction\":[{\"@type\":\"ReadAction\",\"target\":[\"https:\/\/www.sonoraenequipo.com.mx\/gobierno-de-sonora-avanza-hacia-una-movilidad-sostenible-con-la-entrega-de-bicicletas-en-la-sierra-alta-de-la-entidad\/\"]}]},{\"@type\":\"ImageObject\",\"inLanguage\":\"es\",\"@id\":\"https:\/\/www.sonoraenequipo.com.mx\/gobierno-de-sonora-avanza-hacia-una-movilidad-sostenible-con-la-entrega-de-bicicletas-en-la-sierra-alta-de-la-entidad\/#primaryimage\",\"url\":\"https:\/\/www.sonoraenequipo.com.mx\/storage\/2023\/10\/CTCT-20231021_111040-min.jpg\",\"contentUrl\":\"https:\/\/www.sonoraenequipo.com.mx\/storage\/2023\/10\/CTCT-20231021_111040-min.jpg\",\"width\":800,\"height\":534},{\"@type\":\"BreadcrumbList\",\"@id\":\"https:\/\/www.sonoraenequipo.com.mx\/gobierno-de-sonora-avanza-hacia-una-movilidad-sostenible-con-la-entrega-de-bicicletas-en-la-sierra-alta-de-la-entidad\/#breadcrumb\",\"itemListElement\":[{\"@type\":\"ListItem\",\"position\":1,\"name\":\"Portada\",\"item\":\"https:\/\/www.sonoraenequipo.com.mx\/\"},{\"@type\":\"ListItem\",\"position\":2,\"name\":\"Gobierno de Sonora avanza hacia una Movilidad Sostenible con la entrega de bicicletas en la sierra alta de la entidad\"}]},{\"@type\":\"WebSite\",\"@id\":\"https:\/\/www.sonoraenequipo.com.mx\/#website\",\"url\":\"https:\/\/www.sonoraenequipo.com.mx\/\",\"name\":\"Sonora en Equipo.\",\"description\":\"Diario en l\u00ednea con Noticias desde Hermosillo, Sonora\",\"publisher\":{\"@id\":\"https:\/\/www.sonoraenequipo.com.mx\/#organization\"},\"potentialAction\":[{\"@type\":\"SearchAction\",\"target\":{\"@type\":\"EntryPoint\",\"urlTemplate\":\"https:\/\/www.sonoraenequipo.com.mx\/?s={search_term_string}\"},\"query-input\":{\"@type\":\"PropertyValueSpecification\",\"valueRequired\":true,\"valueName\":\"search_term_string\"}}],\"inLanguage\":\"es\"},{\"@type\":\"Organization\",\"@id\":\"https:\/\/www.sonoraenequipo.com.mx\/#organization\",\"name\":\"Sonoraenequipo.com.mx\",\"url\":\"https:\/\/www.sonoraenequipo.com.mx\/\",\"logo\":{\"@type\":\"ImageObject\",\"inLanguage\":\"es\",\"@id\":\"https:\/\/www.sonoraenequipo.com.mx\/#\/schema\/logo\/image\/\",\"url\":\"https:\/\/www.sonoraenequipo.com.mx\/storage\/2019\/01\/sonoraenequipo_opt.png\",\"contentUrl\":\"https:\/\/www.sonoraenequipo.com.mx\/storage\/2019\/01\/sonoraenequipo_opt.png\",\"width\":375,\"height\":125,\"caption\":\"Sonoraenequipo.com.mx\"},\"image\":{\"@id\":\"https:\/\/www.sonoraenequipo.com.mx\/#\/schema\/logo\/image\/\"},\"sameAs\":[\"https:\/\/www.facebook.com\/SonoraEE\/\",\"https:\/\/x.com\/sonoraenequipo\",\"https:\/\/www.youtube.com\/channel\/UC338nW-lPEYmJQs4ZABQ1SQ\"]},{\"@type\":\"Person\",\"@id\":\"https:\/\/www.sonoraenequipo.com.mx\/#\/schema\/person\/50102df0fb23a8fa9e8effad8fa81386\",\"name\":\"enequipo\",\"image\":{\"@type\":\"ImageObject\",\"inLanguage\":\"es\",\"@id\":\"https:\/\/www.sonoraenequipo.com.mx\/#\/schema\/person\/image\/\",\"url\":\"https:\/\/secure.gravatar.com\/avatar\/049821681b589dabc0bc20695993ccebb09f5b5d4d790cd9251b97faac7c652b?s=96&d=blank&r=g\",\"contentUrl\":\"https:\/\/secure.gravatar.com\/avatar\/049821681b589dabc0bc20695993ccebb09f5b5d4d790cd9251b97faac7c652b?s=96&d=blank&r=g\",\"caption\":\"enequipo\"},\"sameAs\":[\"https:\/\/www.facebook.com\/SonoraEE\"]}]}<\/script>\n ","yoast_head_json":{"title":"Sonora en Equipo. Gobierno de Sonora avanza hacia una Movilidad Sostenible con la entrega de bicicletas en la sierra alta de la entidad Sonora","description":"NACORI, CHICO. SONORA. MX. \u2014\u00a0 Para impulsar la movilidad sostenible en la entidad, el Gobierno de Sonora, a trav\u00e9s de la Secretar\u00eda de Desarrollo Social En Sonora en Equipo publicamos toda la informaci\u00f3n de Sonora, M\u00e9xico y el Mundo de manera oportuna y busca que la libertad de expresi\u00f3n sea real. Visita nuestro medio informativo publicado desde Hermosillo, Sonora. %","robots":{"index":"index","follow":"follow","max-snippet":"max-snippet:-1","max-image-preview":"max-image-preview:large","max-video-preview":"max-video-preview:-1"},"canonical":"https:\/\/www.sonoraenequipo.com.mx\/gobierno-de-sonora-avanza-hacia-una-movilidad-sostenible-con-la-entrega-de-bicicletas-en-la-sierra-alta-de-la-entidad\/","og_locale":"es_ES","og_type":"article","og_title":"Sonora en Equipo. Gobierno de Sonora avanza hacia una Movilidad Sostenible con la entrega de bicicletas en la sierra alta de la entidad Sonora","og_description":"NACORI, CHICO. SONORA. MX. \u2014\u00a0 Para impulsar la movilidad sostenible en la entidad, el Gobierno de Sonora, a trav\u00e9s de la Secretar\u00eda de Desarrollo Social En Sonora en Equipo publicamos toda la informaci\u00f3n de Sonora, M\u00e9xico y el Mundo de manera oportuna y busca que la libertad de expresi\u00f3n sea real. Visita nuestro medio informativo publicado desde Hermosillo, Sonora. %","og_url":"https:\/\/www.sonoraenequipo.com.mx\/gobierno-de-sonora-avanza-hacia-una-movilidad-sostenible-con-la-entrega-de-bicicletas-en-la-sierra-alta-de-la-entidad\/","og_site_name":"Sonora en Equipo.","article_publisher":"https:\/\/www.facebook.com\/SonoraEE\/","article_author":"https:\/\/www.facebook.com\/SonoraEE","article_published_time":"2023-10-22T04:32:49+00:00","og_image":[{"width":800,"height":534,"url":"https:\/\/www.sonoraenequipo.com.mx\/storage\/2023\/10\/CTCT-20231021_111040-min.jpg","type":"image\/jpeg"}],"author":"enequipo","twitter_card":"summary_large_image","twitter_creator":"@sonoraenequipo","twitter_site":"@sonoraenequipo","twitter_misc":{"Escrito por":"enequipo","Tiempo de lectura":"1 minuto"},"schema":{"@context":"https:\/\/schema.org","@graph":[{"@type":"Article","@id":"https:\/\/www.sonoraenequipo.com.mx\/gobierno-de-sonora-avanza-hacia-una-movilidad-sostenible-con-la-entrega-de-bicicletas-en-la-sierra-alta-de-la-entidad\/#article","isPartOf":{"@id":"https:\/\/www.sonoraenequipo.com.mx\/gobierno-de-sonora-avanza-hacia-una-movilidad-sostenible-con-la-entrega-de-bicicletas-en-la-sierra-alta-de-la-entidad\/"},"author":{"name":"enequipo","@id":"https:\/\/www.sonoraenequipo.com.mx\/#\/schema\/person\/50102df0fb23a8fa9e8effad8fa81386"},"headline":"Gobierno de Sonora avanza hacia una Movilidad Sostenible con la entrega de bicicletas en la sierra alta de la entidad","datePublished":"2023-10-22T04:32:49+00:00","mainEntityOfPage":{"@id":"https:\/\/www.sonoraenequipo.com.mx\/gobierno-de-sonora-avanza-hacia-una-movilidad-sostenible-con-la-entrega-de-bicicletas-en-la-sierra-alta-de-la-entidad\/"},"wordCount":293,"commentCount":0,"publisher":{"@id":"https:\/\/www.sonoraenequipo.com.mx\/#organization"},"image":{"@id":"https:\/\/www.sonoraenequipo.com.mx\/gobierno-de-sonora-avanza-hacia-una-movilidad-sostenible-con-la-entrega-de-bicicletas-en-la-sierra-alta-de-la-entidad\/#primaryimage"},"thumbnailUrl":"https:\/\/www.sonoraenequipo.com.mx\/storage\/2023\/10\/CTCT-20231021_111040-min.jpg","articleSection":["Sonora"],"inLanguage":"es","potentialAction":[{"@type":"CommentAction","name":"Comment","target":["https:\/\/www.sonoraenequipo.com.mx\/gobierno-de-sonora-avanza-hacia-una-movilidad-sostenible-con-la-entrega-de-bicicletas-en-la-sierra-alta-de-la-entidad\/#respond"]}]},{"@type":"WebPage","@id":"https:\/\/www.sonoraenequipo.com.mx\/gobierno-de-sonora-avanza-hacia-una-movilidad-sostenible-con-la-entrega-de-bicicletas-en-la-sierra-alta-de-la-entidad\/","url":"https:\/\/www.sonoraenequipo.com.mx\/gobierno-de-sonora-avanza-hacia-una-movilidad-sostenible-con-la-entrega-de-bicicletas-en-la-sierra-alta-de-la-entidad\/","name":"Sonora en Equipo. Gobierno de Sonora avanza hacia una Movilidad Sostenible con la entrega de bicicletas en la sierra alta de la entidad Sonora","isPartOf":{"@id":"https:\/\/www.sonoraenequipo.com.mx\/#website"},"primaryImageOfPage":{"@id":"https:\/\/www.sonoraenequipo.com.mx\/gobierno-de-sonora-avanza-hacia-una-movilidad-sostenible-con-la-entrega-de-bicicletas-en-la-sierra-alta-de-la-entidad\/#primaryimage"},"image":{"@id":"https:\/\/www.sonoraenequipo.com.mx\/gobierno-de-sonora-avanza-hacia-una-movilidad-sostenible-con-la-entrega-de-bicicletas-en-la-sierra-alta-de-la-entidad\/#primaryimage"},"thumbnailUrl":"https:\/\/www.sonoraenequipo.com.mx\/storage\/2023\/10\/CTCT-20231021_111040-min.jpg","datePublished":"2023-10-22T04:32:49+00:00","description":"NACORI, CHICO. SONORA. MX. \u2014\u00a0 Para impulsar la movilidad sostenible en la entidad, el Gobierno de Sonora, a trav\u00e9s de la Secretar\u00eda de Desarrollo Social En Sonora en Equipo publicamos toda la informaci\u00f3n de Sonora, M\u00e9xico y el Mundo de manera oportuna y busca que la libertad de expresi\u00f3n sea real. Visita nuestro medio informativo publicado desde Hermosillo, Sonora. %","breadcrumb":{"@id":"https:\/\/www.sonoraenequipo.com.mx\/gobierno-de-sonora-avanza-hacia-una-movilidad-sostenible-con-la-entrega-de-bicicletas-en-la-sierra-alta-de-la-entidad\/#breadcrumb"},"inLanguage":"es","potentialAction":[{"@type":"ReadAction","target":["https:\/\/www.sonoraenequipo.com.mx\/gobierno-de-sonora-avanza-hacia-una-movilidad-sostenible-con-la-entrega-de-bicicletas-en-la-sierra-alta-de-la-entidad\/"]}]},{"@type":"ImageObject","inLanguage":"es","@id":"https:\/\/www.sonoraenequipo.com.mx\/gobierno-de-sonora-avanza-hacia-una-movilidad-sostenible-con-la-entrega-de-bicicletas-en-la-sierra-alta-de-la-entidad\/#primaryimage","url":"https:\/\/www.sonoraenequipo.com.mx\/storage\/2023\/10\/CTCT-20231021_111040-min.jpg","contentUrl":"https:\/\/www.sonoraenequipo.com.mx\/storage\/2023\/10\/CTCT-20231021_111040-min.jpg","width":800,"height":534},{"@type":"BreadcrumbList","@id":"https:\/\/www.sonoraenequipo.com.mx\/gobierno-de-sonora-avanza-hacia-una-movilidad-sostenible-con-la-entrega-de-bicicletas-en-la-sierra-alta-de-la-entidad\/#breadcrumb","itemListElement":[{"@type":"ListItem","position":1,"name":"Portada","item":"https:\/\/www.sonoraenequipo.com.mx\/"},{"@type":"ListItem","position":2,"name":"Gobierno de Sonora avanza hacia una Movilidad Sostenible con la entrega de bicicletas en la sierra alta de la entidad"}]},{"@type":"WebSite","@id":"https:\/\/www.sonoraenequipo.com.mx\/#website","url":"https:\/\/www.sonoraenequipo.com.mx\/","name":"Sonora en Equipo.","description":"Diario en l\u00ednea con Noticias desde Hermosillo, Sonora","publisher":{"@id":"https:\/\/www.sonoraenequipo.com.mx\/#organization"},"potentialAction":[{"@type":"SearchAction","target":{"@type":"EntryPoint","urlTemplate":"https:\/\/www.sonoraenequipo.com.mx\/?s={search_term_string}"},"query-input":{"@type":"PropertyValueSpecification","valueRequired":true,"valueName":"search_term_string"}}],"inLanguage":"es"},{"@type":"Organization","@id":"https:\/\/www.sonoraenequipo.com.mx\/#organization","name":"Sonoraenequipo.com.mx","url":"https:\/\/www.sonoraenequipo.com.mx\/","logo":{"@type":"ImageObject","inLanguage":"es","@id":"https:\/\/www.sonoraenequipo.com.mx\/#\/schema\/logo\/image\/","url":"https:\/\/www.sonoraenequipo.com.mx\/storage\/2019\/01\/sonoraenequipo_opt.png","contentUrl":"https:\/\/www.sonoraenequipo.com.mx\/storage\/2019\/01\/sonoraenequipo_opt.png","width":375,"height":125,"caption":"Sonoraenequipo.com.mx"},"image":{"@id":"https:\/\/www.sonoraenequipo.com.mx\/#\/schema\/logo\/image\/"},"sameAs":["https:\/\/www.facebook.com\/SonoraEE\/","https:\/\/x.com\/sonoraenequipo","https:\/\/www.youtube.com\/channel\/UC338nW-lPEYmJQs4ZABQ1SQ"]},{"@type":"Person","@id":"https:\/\/www.sonoraenequipo.com.mx\/#\/schema\/person\/50102df0fb23a8fa9e8effad8fa81386","name":"enequipo","image":{"@type":"ImageObject","inLanguage":"es","@id":"https:\/\/www.sonoraenequipo.com.mx\/#\/schema\/person\/image\/","url":"https:\/\/secure.gravatar.com\/avatar\/049821681b589dabc0bc20695993ccebb09f5b5d4d790cd9251b97faac7c652b?s=96&d=blank&r=g","contentUrl":"https:\/\/secure.gravatar.com\/avatar\/049821681b589dabc0bc20695993ccebb09f5b5d4d790cd9251b97faac7c652b?s=96&d=blank&r=g","caption":"enequipo"},"sameAs":["https:\/\/www.facebook.com\/SonoraEE"]}]}},"jetpack_featured_media_url":"https:\/\/www.sonoraenequipo.com.mx\/storage\/2023\/10\/CTCT-20231021_111040-min.jpg","_links":{"self":[{"href":"https:\/\/www.sonoraenequipo.com.mx\/api\/wp\/v2\/posts\/177461","targetHints":{"allow":["GET"]}}],"collection":[{"href":"https:\/\/www.sonoraenequipo.com.mx\/api\/wp\/v2\/posts"}],"about":[{"href":"https:\/\/www.sonoraenequipo.com.mx\/api\/wp\/v2\/types\/post"}],"author":[{"embeddable":true,"href":"https:\/\/www.sonoraenequipo.com.mx\/api\/wp\/v2\/users\/1"}],"replies":[{"embeddable":true,"href":"https:\/\/www.sonoraenequipo.com.mx\/api\/wp\/v2\/comments?post=177461"}],"version-history":[{"count":1,"href":"https:\/\/www.sonoraenequipo.com.mx\/api\/wp\/v2\/posts\/177461\/revisions"}],"predecessor-version":[{"id":177471,"href":"https:\/\/www.sonoraenequipo.com.mx\/api\/wp\/v2\/posts\/177461\/revisions\/177471"}],"wp:featuredmedia":[{"embeddable":true,"href":"https:\/\/www.sonoraenequipo.com.mx\/api\/wp\/v2\/media\/177465"}],"wp:attachment":[{"href":"https:\/\/www.sonoraenequipo.com.mx\/api\/wp\/v2\/media?parent=177461"}],"wp:term":[{"taxonomy":"category","embeddable":true,"href":"https:\/\/www.sonoraenequipo.com.mx\/api\/wp\/v2\/categories?post=177461"},{"taxonomy":"post_tag","embeddable":true,"href":"https:\/\/www.sonoraenequipo.com.mx\/api\/wp\/v2\/tags?post=177461"}],"curies":[{"name":"wp","href":"https:\/\/api.w.org\/{rel}","templated":true}]}}