{"id":177488,"date":"2023-10-21T21:27:50","date_gmt":"2023-10-22T04:27:50","guid":{"rendered":"https:\/\/www.sonoraenequipo.com.mx\/?p=177488"},"modified":"2023-10-21T21:27:50","modified_gmt":"2023-10-22T04:27:50","slug":"la-almendra-una-importante-fuente-de-proteinas-vitaminas-y-minerales","status":"publish","type":"post","link":"https:\/\/www.sonoraenequipo.com.mx\/la-almendra-una-importante-fuente-de-proteinas-vitaminas-y-minerales\/","title":{"rendered":"La almendra una importante fuente de prote\u00ednas, vitaminas y minerales"},"content":{"rendered":"<p>Se trata de la semilla del \u00e1rbol del almendro, nativo del Medio Oriente. El fruto de esta especie no es comestible.<\/p>\n<p>Contienen minerales como calcio, hierro, magnesio, f\u00f3sforo, potasio, sodio, zinc, cobre, manganeso y selenio. Tambi\u00e9n es fuente importante de vitaminas E, A, B1, B2, B3, B5, B6, B9.<\/p>\n<p>Su consumo combate la diabetes al ayudar a controlar el az\u00facar en la sangre. Adem\u00e1s, protege al organismo del da\u00f1o oxidativo que contribuye al envejecimiento.<\/p>\n<p>La almendra es el fruto del \u00e1rbol de la especie Prunus dulcus com\u00fanmente conocido como almendro, nativo del Medio Oriente.<\/p>\n<p>&nbsp;<\/p>\n<p>El t\u00e9rmino \u201calmendra\u201d proviene de la palabra en lat\u00edn amynd\u0103la, que significa am\u00edgdala.<\/p>\n<p>&nbsp;<\/p>\n<p>Este fruto seco posee una pel\u00edcula de color canela que la envuelve, adem\u00e1s de una c\u00e1scara exterior que no es comestible, por lo que la parte comestible de la almendra se reduce al 40%, es decir, s\u00f3lo la semilla.<\/p>\n<p>&nbsp;<\/p>\n<p>Existen dos grandes grupos con diversas variedades de almendras, entre los que se encuentran, las almendras de c\u00e1scara blanda y las de c\u00e1scara dura.<\/p>\n<p>&nbsp;<\/p>\n<p>La almendra destaca por su uso en la reposter\u00eda, incluyendo la gastronomia espa\u00f1ola, que utiliza la almendra como un ingrediente b\u00e1sico de postres tradicionales como turrones, mazapanes, tartas, adem\u00e1s de helados dulces. Tambi\u00e9n se utiliza como aperitivo, asada o frita.<\/p>\n<p>&nbsp;<\/p>\n<p>\u00bfQu\u00e9 nutrimentos y beneficios aporta?<\/p>\n<p>Las almendras son fuente de minerales esenciales como calcio, hierro, magnesio, f\u00f3sforo, potasio, sodio, zinc, cobre, manganeso y selenio. Aportan tambi\u00e9n vitamina B1, B2, B3, B5, B6, B9, colina caroteno, vitaminas E y A.<\/p>\n<p>&nbsp;<\/p>\n<p>Almendras con c\u00e1scara, pelada y partidaUn pu\u00f1ado de aproximadamente 28 gramos (g) contiene 3.5 g de fibra, 6 g de prote\u00edna y 14 g de grasas, de las cuales 9 g son monoinsaturadas. Adem\u00e1s, aporta 37% de la dosis recomendada diaria de vitamina E.<\/p>\n<p>&nbsp;<\/p>\n<p>Entre las ventajas de su consumo est\u00e1 la reducci\u00f3n del colesterol sangu\u00edneo total y el colesterol malo, tambi\u00e9n conocido como LDL.<\/p>\n<p>&nbsp;<\/p>\n<p>En las etapas de crecimiento y adolescencia, la leche de almendras tiene beneficios al aportar potasio y calcio a la dieta.<\/p>\n<p>&nbsp;<\/p>\n<p>Al igual que otras semillas, como los cacahuates y las nueces, su consumo se ha relacionado con la reducci\u00f3n del riesgo de c\u00e1ncer de mama.<\/p>\n<p>&nbsp;<\/p>\n<p>Tambi\u00e9n son fuente de antioxidantes como la vitamina E y los polifenoles, que protegen al organismo del da\u00f1o oxidativo que contribuye al envejecimiento y a varias enfermedades. Al encontrarse estos antioxidantes principalmente en la piel que las cubre, se recomienda que se consuman con todo y su c\u00e1scara blanda.<\/p>\n<p>&nbsp;<\/p>\n<p>Almendras tostadas. Su consumo combate la diabetes al ayudar a controlar el az\u00facar en la sangre, adem\u00e1s de ser un alimento bajo en carbohidratos y alto en grasas saludables, prote\u00edna y fibra, lo que las hace un alimento ideal para diab\u00e9ticos. Adem\u00e1s, es fuente de magnesio, un mineral involucrado en la regulaci\u00f3n del az\u00facar en sangre. 50 g de almendras proveen casi la mitad de los 310 a 420 miligramos de magnesio que se recomiendan consumir diariamente.<\/p>\n<p>&nbsp;<\/p>\n<p>El consumo regular de la almendra tambi\u00e9n previene la hipertensi\u00f3n, ya que ayuda a bajar naturalmente la presi\u00f3n sangu\u00ednea, especialmente al combatir la deficiencia de magnesio, un mineral involucrado en la regulaci\u00f3n de la presi\u00f3n arterial.<\/p>\n<p>&nbsp;<\/p>\n<p>Tambi\u00e9n existen estudios que asocian el consumo de almendra con la mejora del sistema inmune y de las funciones cerebrales.<\/p>\n<p>Entre los principales productores de almendra se encuentran Estados Unidos, Espa\u00f1a, Ir\u00e1n, Marruecos y Turqu\u00eda.<\/p>\n<p>&nbsp;<\/p>\n<p>M\u00e9xico se encuentra entre uno de los 50 principales pa\u00edses productores de este alimento.<\/p>\n<p>&nbsp;<\/p>\n<p>\u00bfC\u00f3mo se recomienda consumirla?<\/p>\n<p>Adem\u00e1s de consumirse tostada, con todo y c\u00e1scara, ayuda a tener saciedad y reducir el consumo total de calor\u00edas en el d\u00eda, por ser rica en prote\u00ednas, grasas y fibra. Por esta raz\u00f3n se pueden incluir en planes de alimentaci\u00f3n para reducir peso.<\/p>\n<p>&nbsp;<\/p>\n<p>Tambi\u00e9n puede utilizarse en diversas preparaciones como ensaladas, postres y guisados, ya que tiene un sabor suave, poco dulce y delicioso, y forman parte de una dieta saludable y sostenible para la salud planetaria.<\/p>\n<p>&nbsp;<\/p>\n<p>Se recomienda su consumo frecuente, ya que es un alimento muy saludable que puede incluirse como colaci\u00f3n o como leche de almendra elaborada de forma casera para evitar los desperdicios s\u00f3lidos de las versiones comerciales.<\/p>\n<p>&nbsp;<\/p>\n<p>Puede llegar a ser un alimento alerg\u00e9nico, por lo que se aconseja poner especial atenci\u00f3n en caso de presentar reacciones al\u00e9rgicas, en cuyo caso se debe evitar su consumo.<\/p>\n<p><strong>Fecha de publicaci\u00f3n <\/strong><strong>s\u00e1bado 21 de octubre de 2023 \/ Fuente Profeco<\/strong><\/p>\n<p>&nbsp;<\/p>\n","protected":false},"excerpt":{"rendered":"<p>Se trata de la semilla del \u00e1rbol del almendro, nativo del Medio Oriente. El fruto&#8230;<\/p>\n","protected":false},"author":1,"featured_media":177489,"comment_status":"open","ping_status":"open","sticky":false,"template":"","format":"standard","meta":{"_monsterinsights_skip_tracking":false,"_monsterinsights_sitenote_active":false,"_monsterinsights_sitenote_note":"","_monsterinsights_sitenote_category":0,"footnotes":""},"categories":[2216],"tags":[9057],"class_list":["post"],"yoast_head":" \n<title>Sonora en Equipo. La almendra una importante fuente de prote\u00ednas, vitaminas y minerales Ciencia y Tecnolog\u00eda<\/title>\n<meta name=\"description\" content=\"Se trata de la semilla del \u00e1rbol del almendro, nativo del Medio Oriente. El fruto de esta especie no es comestible. Contienen minerales como calcio, En Sonora en Equipo publicamos toda la informaci\u00f3n de Sonora, M\u00e9xico y el Mundo de manera oportuna y busca que la libertad de expresi\u00f3n sea real. Visita nuestro medio informativo publicado desde Hermosillo, Sonora. %\" \/>\n<meta name=\"robots\" content=\"index, follow, max-snippet:-1, max-image-preview:large, max-video-preview:-1\" \/>\n<link rel=\"canonical\" href=\"https:\/\/www.sonoraenequipo.com.mx\/la-almendra-una-importante-fuente-de-proteinas-vitaminas-y-minerales\/\" \/>\n<meta property=\"og:locale\" content=\"es_ES\" \/>\n<meta property=\"og:type\" content=\"article\" \/>\n<meta property=\"og:title\" content=\"Sonora en Equipo. La almendra una importante fuente de prote\u00ednas, vitaminas y minerales Ciencia y Tecnolog\u00eda\" \/>\n<meta property=\"og:description\" content=\"Se trata de la semilla del \u00e1rbol del almendro, nativo del Medio Oriente. El fruto de esta especie no es comestible. Contienen minerales como calcio, En Sonora en Equipo publicamos toda la informaci\u00f3n de Sonora, M\u00e9xico y el Mundo de manera oportuna y busca que la libertad de expresi\u00f3n sea real. Visita nuestro medio informativo publicado desde Hermosillo, Sonora. %\" \/>\n<meta property=\"og:url\" content=\"https:\/\/www.sonoraenequipo.com.mx\/la-almendra-una-importante-fuente-de-proteinas-vitaminas-y-minerales\/\" \/>\n<meta property=\"og:site_name\" content=\"Sonora en Equipo.\" \/>\n<meta property=\"article:publisher\" content=\"https:\/\/www.facebook.com\/SonoraEE\/\" \/>\n<meta property=\"article:author\" content=\"https:\/\/www.facebook.com\/SonoraEE\" \/>\n<meta property=\"article:published_time\" content=\"2023-10-22T04:27:50+00:00\" \/>\n<meta property=\"og:image\" content=\"https:\/\/www.sonoraenequipo.com.mx\/storage\/2023\/10\/almendra.jpg\" \/>\n\t<meta property=\"og:image:width\" content=\"600\" \/>\n\t<meta property=\"og:image:height\" content=\"400\" \/>\n\t<meta property=\"og:image:type\" content=\"image\/jpeg\" \/>\n<meta name=\"author\" content=\"enequipo\" \/>\n<meta name=\"twitter:card\" content=\"summary_large_image\" \/>\n<meta name=\"twitter:creator\" content=\"@sonoraenequipo\" \/>\n<meta name=\"twitter:site\" content=\"@sonoraenequipo\" \/>\n<meta name=\"twitter:label1\" content=\"Escrito por\" \/>\n\t<meta name=\"twitter:data1\" content=\"enequipo\" \/>\n\t<meta name=\"twitter:label2\" content=\"Tiempo de lectura\" \/>\n\t<meta name=\"twitter:data2\" content=\"4 minutos\" \/>\n<script type=\"application\/ld+json\" class=\"yoast-schema-graph\">{\"@context\":\"https:\/\/schema.org\",\"@graph\":[{\"@type\":\"Article\",\"@id\":\"https:\/\/www.sonoraenequipo.com.mx\/la-almendra-una-importante-fuente-de-proteinas-vitaminas-y-minerales\/#article\",\"isPartOf\":{\"@id\":\"https:\/\/www.sonoraenequipo.com.mx\/la-almendra-una-importante-fuente-de-proteinas-vitaminas-y-minerales\/\"},\"author\":{\"name\":\"enequipo\",\"@id\":\"https:\/\/www.sonoraenequipo.com.mx\/#\/schema\/person\/50102df0fb23a8fa9e8effad8fa81386\"},\"headline\":\"La almendra una importante fuente de prote\u00ednas, vitaminas y minerales\",\"datePublished\":\"2023-10-22T04:27:50+00:00\",\"mainEntityOfPage\":{\"@id\":\"https:\/\/www.sonoraenequipo.com.mx\/la-almendra-una-importante-fuente-de-proteinas-vitaminas-y-minerales\/\"},\"wordCount\":814,\"commentCount\":0,\"publisher\":{\"@id\":\"https:\/\/www.sonoraenequipo.com.mx\/#organization\"},\"image\":{\"@id\":\"https:\/\/www.sonoraenequipo.com.mx\/la-almendra-una-importante-fuente-de-proteinas-vitaminas-y-minerales\/#primaryimage\"},\"thumbnailUrl\":\"https:\/\/www.sonoraenequipo.com.mx\/storage\/2023\/10\/almendra.jpg\",\"keywords\":[\"almendras\"],\"articleSection\":[\"Ciencia y Tecnolog\u00eda\"],\"inLanguage\":\"es\",\"potentialAction\":[{\"@type\":\"CommentAction\",\"name\":\"Comment\",\"target\":[\"https:\/\/www.sonoraenequipo.com.mx\/la-almendra-una-importante-fuente-de-proteinas-vitaminas-y-minerales\/#respond\"]}]},{\"@type\":\"WebPage\",\"@id\":\"https:\/\/www.sonoraenequipo.com.mx\/la-almendra-una-importante-fuente-de-proteinas-vitaminas-y-minerales\/\",\"url\":\"https:\/\/www.sonoraenequipo.com.mx\/la-almendra-una-importante-fuente-de-proteinas-vitaminas-y-minerales\/\",\"name\":\"Sonora en Equipo. La almendra una importante fuente de prote\u00ednas, vitaminas y minerales Ciencia y Tecnolog\u00eda\",\"isPartOf\":{\"@id\":\"https:\/\/www.sonoraenequipo.com.mx\/#website\"},\"primaryImageOfPage\":{\"@id\":\"https:\/\/www.sonoraenequipo.com.mx\/la-almendra-una-importante-fuente-de-proteinas-vitaminas-y-minerales\/#primaryimage\"},\"image\":{\"@id\":\"https:\/\/www.sonoraenequipo.com.mx\/la-almendra-una-importante-fuente-de-proteinas-vitaminas-y-minerales\/#primaryimage\"},\"thumbnailUrl\":\"https:\/\/www.sonoraenequipo.com.mx\/storage\/2023\/10\/almendra.jpg\",\"datePublished\":\"2023-10-22T04:27:50+00:00\",\"description\":\"Se trata de la semilla del \u00e1rbol del almendro, nativo del Medio Oriente. El fruto de esta especie no es comestible. Contienen minerales como calcio, En Sonora en Equipo publicamos toda la informaci\u00f3n de Sonora, M\u00e9xico y el Mundo de manera oportuna y busca que la libertad de expresi\u00f3n sea real. Visita nuestro medio informativo publicado desde Hermosillo, Sonora. %\",\"breadcrumb\":{\"@id\":\"https:\/\/www.sonoraenequipo.com.mx\/la-almendra-una-importante-fuente-de-proteinas-vitaminas-y-minerales\/#breadcrumb\"},\"inLanguage\":\"es\",\"potentialAction\":[{\"@type\":\"ReadAction\",\"target\":[\"https:\/\/www.sonoraenequipo.com.mx\/la-almendra-una-importante-fuente-de-proteinas-vitaminas-y-minerales\/\"]}]},{\"@type\":\"ImageObject\",\"inLanguage\":\"es\",\"@id\":\"https:\/\/www.sonoraenequipo.com.mx\/la-almendra-una-importante-fuente-de-proteinas-vitaminas-y-minerales\/#primaryimage\",\"url\":\"https:\/\/www.sonoraenequipo.com.mx\/storage\/2023\/10\/almendra.jpg\",\"contentUrl\":\"https:\/\/www.sonoraenequipo.com.mx\/storage\/2023\/10\/almendra.jpg\",\"width\":600,\"height\":400},{\"@type\":\"BreadcrumbList\",\"@id\":\"https:\/\/www.sonoraenequipo.com.mx\/la-almendra-una-importante-fuente-de-proteinas-vitaminas-y-minerales\/#breadcrumb\",\"itemListElement\":[{\"@type\":\"ListItem\",\"position\":1,\"name\":\"Portada\",\"item\":\"https:\/\/www.sonoraenequipo.com.mx\/\"},{\"@type\":\"ListItem\",\"position\":2,\"name\":\"La almendra una importante fuente de prote\u00ednas, vitaminas y minerales\"}]},{\"@type\":\"WebSite\",\"@id\":\"https:\/\/www.sonoraenequipo.com.mx\/#website\",\"url\":\"https:\/\/www.sonoraenequipo.com.mx\/\",\"name\":\"Sonora en Equipo.\",\"description\":\"Diario en l\u00ednea con Noticias desde Hermosillo, Sonora\",\"publisher\":{\"@id\":\"https:\/\/www.sonoraenequipo.com.mx\/#organization\"},\"potentialAction\":[{\"@type\":\"SearchAction\",\"target\":{\"@type\":\"EntryPoint\",\"urlTemplate\":\"https:\/\/www.sonoraenequipo.com.mx\/?s={search_term_string}\"},\"query-input\":{\"@type\":\"PropertyValueSpecification\",\"valueRequired\":true,\"valueName\":\"search_term_string\"}}],\"inLanguage\":\"es\"},{\"@type\":\"Organization\",\"@id\":\"https:\/\/www.sonoraenequipo.com.mx\/#organization\",\"name\":\"Sonoraenequipo.com.mx\",\"url\":\"https:\/\/www.sonoraenequipo.com.mx\/\",\"logo\":{\"@type\":\"ImageObject\",\"inLanguage\":\"es\",\"@id\":\"https:\/\/www.sonoraenequipo.com.mx\/#\/schema\/logo\/image\/\",\"url\":\"https:\/\/www.sonoraenequipo.com.mx\/storage\/2019\/01\/sonoraenequipo_opt.png\",\"contentUrl\":\"https:\/\/www.sonoraenequipo.com.mx\/storage\/2019\/01\/sonoraenequipo_opt.png\",\"width\":375,\"height\":125,\"caption\":\"Sonoraenequipo.com.mx\"},\"image\":{\"@id\":\"https:\/\/www.sonoraenequipo.com.mx\/#\/schema\/logo\/image\/\"},\"sameAs\":[\"https:\/\/www.facebook.com\/SonoraEE\/\",\"https:\/\/x.com\/sonoraenequipo\",\"https:\/\/www.youtube.com\/channel\/UC338nW-lPEYmJQs4ZABQ1SQ\"]},{\"@type\":\"Person\",\"@id\":\"https:\/\/www.sonoraenequipo.com.mx\/#\/schema\/person\/50102df0fb23a8fa9e8effad8fa81386\",\"name\":\"enequipo\",\"image\":{\"@type\":\"ImageObject\",\"inLanguage\":\"es\",\"@id\":\"https:\/\/www.sonoraenequipo.com.mx\/#\/schema\/person\/image\/\",\"url\":\"https:\/\/secure.gravatar.com\/avatar\/049821681b589dabc0bc20695993ccebb09f5b5d4d790cd9251b97faac7c652b?s=96&d=blank&r=g\",\"contentUrl\":\"https:\/\/secure.gravatar.com\/avatar\/049821681b589dabc0bc20695993ccebb09f5b5d4d790cd9251b97faac7c652b?s=96&d=blank&r=g\",\"caption\":\"enequipo\"},\"sameAs\":[\"https:\/\/www.facebook.com\/SonoraEE\"]}]}<\/script>\n ","yoast_head_json":{"title":"Sonora en Equipo. La almendra una importante fuente de prote\u00ednas, vitaminas y minerales Ciencia y Tecnolog\u00eda","description":"Se trata de la semilla del \u00e1rbol del almendro, nativo del Medio Oriente. El fruto de esta especie no es comestible. Contienen minerales como calcio, En Sonora en Equipo publicamos toda la informaci\u00f3n de Sonora, M\u00e9xico y el Mundo de manera oportuna y busca que la libertad de expresi\u00f3n sea real. Visita nuestro medio informativo publicado desde Hermosillo, Sonora. %","robots":{"index":"index","follow":"follow","max-snippet":"max-snippet:-1","max-image-preview":"max-image-preview:large","max-video-preview":"max-video-preview:-1"},"canonical":"https:\/\/www.sonoraenequipo.com.mx\/la-almendra-una-importante-fuente-de-proteinas-vitaminas-y-minerales\/","og_locale":"es_ES","og_type":"article","og_title":"Sonora en Equipo. La almendra una importante fuente de prote\u00ednas, vitaminas y minerales Ciencia y Tecnolog\u00eda","og_description":"Se trata de la semilla del \u00e1rbol del almendro, nativo del Medio Oriente. El fruto de esta especie no es comestible. Contienen minerales como calcio, En Sonora en Equipo publicamos toda la informaci\u00f3n de Sonora, M\u00e9xico y el Mundo de manera oportuna y busca que la libertad de expresi\u00f3n sea real. Visita nuestro medio informativo publicado desde Hermosillo, Sonora. %","og_url":"https:\/\/www.sonoraenequipo.com.mx\/la-almendra-una-importante-fuente-de-proteinas-vitaminas-y-minerales\/","og_site_name":"Sonora en Equipo.","article_publisher":"https:\/\/www.facebook.com\/SonoraEE\/","article_author":"https:\/\/www.facebook.com\/SonoraEE","article_published_time":"2023-10-22T04:27:50+00:00","og_image":[{"width":600,"height":400,"url":"https:\/\/www.sonoraenequipo.com.mx\/storage\/2023\/10\/almendra.jpg","type":"image\/jpeg"}],"author":"enequipo","twitter_card":"summary_large_image","twitter_creator":"@sonoraenequipo","twitter_site":"@sonoraenequipo","twitter_misc":{"Escrito por":"enequipo","Tiempo de lectura":"4 minutos"},"schema":{"@context":"https:\/\/schema.org","@graph":[{"@type":"Article","@id":"https:\/\/www.sonoraenequipo.com.mx\/la-almendra-una-importante-fuente-de-proteinas-vitaminas-y-minerales\/#article","isPartOf":{"@id":"https:\/\/www.sonoraenequipo.com.mx\/la-almendra-una-importante-fuente-de-proteinas-vitaminas-y-minerales\/"},"author":{"name":"enequipo","@id":"https:\/\/www.sonoraenequipo.com.mx\/#\/schema\/person\/50102df0fb23a8fa9e8effad8fa81386"},"headline":"La almendra una importante fuente de prote\u00ednas, vitaminas y minerales","datePublished":"2023-10-22T04:27:50+00:00","mainEntityOfPage":{"@id":"https:\/\/www.sonoraenequipo.com.mx\/la-almendra-una-importante-fuente-de-proteinas-vitaminas-y-minerales\/"},"wordCount":814,"commentCount":0,"publisher":{"@id":"https:\/\/www.sonoraenequipo.com.mx\/#organization"},"image":{"@id":"https:\/\/www.sonoraenequipo.com.mx\/la-almendra-una-importante-fuente-de-proteinas-vitaminas-y-minerales\/#primaryimage"},"thumbnailUrl":"https:\/\/www.sonoraenequipo.com.mx\/storage\/2023\/10\/almendra.jpg","keywords":["almendras"],"articleSection":["Ciencia y Tecnolog\u00eda"],"inLanguage":"es","potentialAction":[{"@type":"CommentAction","name":"Comment","target":["https:\/\/www.sonoraenequipo.com.mx\/la-almendra-una-importante-fuente-de-proteinas-vitaminas-y-minerales\/#respond"]}]},{"@type":"WebPage","@id":"https:\/\/www.sonoraenequipo.com.mx\/la-almendra-una-importante-fuente-de-proteinas-vitaminas-y-minerales\/","url":"https:\/\/www.sonoraenequipo.com.mx\/la-almendra-una-importante-fuente-de-proteinas-vitaminas-y-minerales\/","name":"Sonora en Equipo. La almendra una importante fuente de prote\u00ednas, vitaminas y minerales Ciencia y Tecnolog\u00eda","isPartOf":{"@id":"https:\/\/www.sonoraenequipo.com.mx\/#website"},"primaryImageOfPage":{"@id":"https:\/\/www.sonoraenequipo.com.mx\/la-almendra-una-importante-fuente-de-proteinas-vitaminas-y-minerales\/#primaryimage"},"image":{"@id":"https:\/\/www.sonoraenequipo.com.mx\/la-almendra-una-importante-fuente-de-proteinas-vitaminas-y-minerales\/#primaryimage"},"thumbnailUrl":"https:\/\/www.sonoraenequipo.com.mx\/storage\/2023\/10\/almendra.jpg","datePublished":"2023-10-22T04:27:50+00:00","description":"Se trata de la semilla del \u00e1rbol del almendro, nativo del Medio Oriente. El fruto de esta especie no es comestible. Contienen minerales como calcio, En Sonora en Equipo publicamos toda la informaci\u00f3n de Sonora, M\u00e9xico y el Mundo de manera oportuna y busca que la libertad de expresi\u00f3n sea real. Visita nuestro medio informativo publicado desde Hermosillo, Sonora. %","breadcrumb":{"@id":"https:\/\/www.sonoraenequipo.com.mx\/la-almendra-una-importante-fuente-de-proteinas-vitaminas-y-minerales\/#breadcrumb"},"inLanguage":"es","potentialAction":[{"@type":"ReadAction","target":["https:\/\/www.sonoraenequipo.com.mx\/la-almendra-una-importante-fuente-de-proteinas-vitaminas-y-minerales\/"]}]},{"@type":"ImageObject","inLanguage":"es","@id":"https:\/\/www.sonoraenequipo.com.mx\/la-almendra-una-importante-fuente-de-proteinas-vitaminas-y-minerales\/#primaryimage","url":"https:\/\/www.sonoraenequipo.com.mx\/storage\/2023\/10\/almendra.jpg","contentUrl":"https:\/\/www.sonoraenequipo.com.mx\/storage\/2023\/10\/almendra.jpg","width":600,"height":400},{"@type":"BreadcrumbList","@id":"https:\/\/www.sonoraenequipo.com.mx\/la-almendra-una-importante-fuente-de-proteinas-vitaminas-y-minerales\/#breadcrumb","itemListElement":[{"@type":"ListItem","position":1,"name":"Portada","item":"https:\/\/www.sonoraenequipo.com.mx\/"},{"@type":"ListItem","position":2,"name":"La almendra una importante fuente de prote\u00ednas, vitaminas y minerales"}]},{"@type":"WebSite","@id":"https:\/\/www.sonoraenequipo.com.mx\/#website","url":"https:\/\/www.sonoraenequipo.com.mx\/","name":"Sonora en Equipo.","description":"Diario en l\u00ednea con Noticias desde Hermosillo, Sonora","publisher":{"@id":"https:\/\/www.sonoraenequipo.com.mx\/#organization"},"potentialAction":[{"@type":"SearchAction","target":{"@type":"EntryPoint","urlTemplate":"https:\/\/www.sonoraenequipo.com.mx\/?s={search_term_string}"},"query-input":{"@type":"PropertyValueSpecification","valueRequired":true,"valueName":"search_term_string"}}],"inLanguage":"es"},{"@type":"Organization","@id":"https:\/\/www.sonoraenequipo.com.mx\/#organization","name":"Sonoraenequipo.com.mx","url":"https:\/\/www.sonoraenequipo.com.mx\/","logo":{"@type":"ImageObject","inLanguage":"es","@id":"https:\/\/www.sonoraenequipo.com.mx\/#\/schema\/logo\/image\/","url":"https:\/\/www.sonoraenequipo.com.mx\/storage\/2019\/01\/sonoraenequipo_opt.png","contentUrl":"https:\/\/www.sonoraenequipo.com.mx\/storage\/2019\/01\/sonoraenequipo_opt.png","width":375,"height":125,"caption":"Sonoraenequipo.com.mx"},"image":{"@id":"https:\/\/www.sonoraenequipo.com.mx\/#\/schema\/logo\/image\/"},"sameAs":["https:\/\/www.facebook.com\/SonoraEE\/","https:\/\/x.com\/sonoraenequipo","https:\/\/www.youtube.com\/channel\/UC338nW-lPEYmJQs4ZABQ1SQ"]},{"@type":"Person","@id":"https:\/\/www.sonoraenequipo.com.mx\/#\/schema\/person\/50102df0fb23a8fa9e8effad8fa81386","name":"enequipo","image":{"@type":"ImageObject","inLanguage":"es","@id":"https:\/\/www.sonoraenequipo.com.mx\/#\/schema\/person\/image\/","url":"https:\/\/secure.gravatar.com\/avatar\/049821681b589dabc0bc20695993ccebb09f5b5d4d790cd9251b97faac7c652b?s=96&d=blank&r=g","contentUrl":"https:\/\/secure.gravatar.com\/avatar\/049821681b589dabc0bc20695993ccebb09f5b5d4d790cd9251b97faac7c652b?s=96&d=blank&r=g","caption":"enequipo"},"sameAs":["https:\/\/www.facebook.com\/SonoraEE"]}]}},"jetpack_featured_media_url":"https:\/\/www.sonoraenequipo.com.mx\/storage\/2023\/10\/almendra.jpg","_links":{"self":[{"href":"https:\/\/www.sonoraenequipo.com.mx\/api\/wp\/v2\/posts\/177488","targetHints":{"allow":["GET"]}}],"collection":[{"href":"https:\/\/www.sonoraenequipo.com.mx\/api\/wp\/v2\/posts"}],"about":[{"href":"https:\/\/www.sonoraenequipo.com.mx\/api\/wp\/v2\/types\/post"}],"author":[{"embeddable":true,"href":"https:\/\/www.sonoraenequipo.com.mx\/api\/wp\/v2\/users\/1"}],"replies":[{"embeddable":true,"href":"https:\/\/www.sonoraenequipo.com.mx\/api\/wp\/v2\/comments?post=177488"}],"version-history":[{"count":1,"href":"https:\/\/www.sonoraenequipo.com.mx\/api\/wp\/v2\/posts\/177488\/revisions"}],"predecessor-version":[{"id":177490,"href":"https:\/\/www.sonoraenequipo.com.mx\/api\/wp\/v2\/posts\/177488\/revisions\/177490"}],"wp:featuredmedia":[{"embeddable":true,"href":"https:\/\/www.sonoraenequipo.com.mx\/api\/wp\/v2\/media\/177489"}],"wp:attachment":[{"href":"https:\/\/www.sonoraenequipo.com.mx\/api\/wp\/v2\/media?parent=177488"}],"wp:term":[{"taxonomy":"category","embeddable":true,"href":"https:\/\/www.sonoraenequipo.com.mx\/api\/wp\/v2\/categories?post=177488"},{"taxonomy":"post_tag","embeddable":true,"href":"https:\/\/www.sonoraenequipo.com.mx\/api\/wp\/v2\/tags?post=177488"}],"curies":[{"name":"wp","href":"https:\/\/api.w.org\/{rel}","templated":true}]}}