{"id":177736,"date":"2023-10-25T17:17:44","date_gmt":"2023-10-26T00:17:44","guid":{"rendered":"https:\/\/www.sonoraenequipo.com.mx\/?p=177736"},"modified":"2023-10-25T17:19:00","modified_gmt":"2023-10-26T00:19:00","slug":"consume-el-99-de-hogares-mexicanos-11-kilos-de-pasta-anuales","status":"publish","type":"post","link":"https:\/\/www.sonoraenequipo.com.mx\/consume-el-99-de-hogares-mexicanos-11-kilos-de-pasta-anuales\/","title":{"rendered":"Consume el 99% de hogares \u00a0mexicanos 11\u00a0 kilos de pasta anuales"},"content":{"rendered":"<p>Con motivo del D\u00eda Mundial de la Pasta, en la que se resalta la versatilidad, aporte nutricional y rendimiento econ\u00f3mico de este plato caracter\u00edstico de la cocina italiana. Que este 25 de octubre celebra su d\u00eda mundial; para tener una idea de su popularidad el restaurante Italianni\u2019s vende m\u00e1s de 1 mill\u00f3n de platillos de pasta al a\u00f1o, lo que equivale a alimentar el Estadio Azteca 16 veces.<\/p>\n<p>&nbsp;<\/p>\n<p>El 25 de octubre se celebra el D\u00eda de la Pasta, como una forma de honrar a una de las comidas favoritas de las personas a nivel mundial. Durante esta efem\u00e9ride se resalta la versatilidad, aporte nutricional y rendimiento econ\u00f3mico de este plato caracter\u00edstico de la cocina italiana.<\/p>\n<p>Su origen ha sido muy estudiado y aunque existen muchos mitos alrededor, se ha encontrado evidencia de que la pasta se desarroll\u00f3 de forma independiente en muchas culturas.<\/p>\n<p>En China fueron los primeros en inventar la pasta, utilizando harina de trigo y agua para crear fideos largos y delgados que se coc\u00edan al vapor o se fre\u00edan en aceite, y se serv\u00edan con salsa de soja y otros aderezos. Pero fue en Italia donde realmente se populariz\u00f3 y se convirti\u00f3 en un elemento b\u00e1sico de la cocina. En el siglo XIII la pasta se secaba al sol y se almacenaba para su uso posterior, lo que les permiti\u00f3 a los italianos experimentar con diferentes formas y tama\u00f1os de pasta, y tambi\u00e9n comenzaron a agregar ingredientes como huevos, queso y verduras a la masa.<\/p>\n<p>Su llegada a las Am\u00e9ricas se dio con la inmigraci\u00f3n italiana a Estados Unidos a principios del siglo XX; sin embargo, se volvi\u00f3 popular en dicho pa\u00eds hasta despu\u00e9s de la Segunda Guerra Mundial.<\/p>\n<p>Para celebrar esta fecha tan especial, Italianni\u2019s da la bienvenida al mes de la pasta, y ya sea que los invitados visiten el restaurante o deseen ordenar por alguna plataforma de delivery, podr\u00e1n probar y vivir la experiencia de la aut\u00e9ntica cocina italiana con nuevas opciones de platillos elaborados con ingredientes que ofrecen las distintas regiones de ese pa\u00eds.<\/p>\n<p>El Chef Ejecutivo Giuseppe Vitteritti coment\u00f3 \u201cEn Italianni\u2019s somos Maestri della Pasta, y nos caracteriza la b\u00fasqueda de nuevos sabores con base en todo el conocimiento y experiencia que tenemos de la cocina italiana, as\u00ed como la pasi\u00f3n con la que cocinamos para nuestros comensales, y en este mes de la pasta estaremos enalteciendo a este ic\u00f3nico platillo con recetas novedosas\u201d.<\/p>\n<p>De acuerdo con un an\u00e1lisis elaborado por Kantar Worldpanel, 99 de los hogares mexicanos compra pasta y el consumo per c\u00e1pita es de 11 kg anuales.<\/p>\n<p>Esta preferencia queda comprobada en Italianni\u2019s ya que en sus 75 restaurantes alrededor de la Rep\u00fablica Mexicana se venden m\u00e1s de 1 mill\u00f3n de platillos de pasta al a\u00f1o, lo que equivale a alimentar el Estadio Azteca 16 veces. Las pastas favoritas de los mexicanos son: Fettuccini Alfredo, Spaguetti alla Bolognese, Lasagna alla Biancinni y Linguini Fra Diavolo.<\/p>\n<p><strong>Fecha de publicaci\u00f3n mi\u00e9rcoles 25 de octubre de 2023<\/strong><\/p>\n<p>&nbsp;<\/p>\n","protected":false},"excerpt":{"rendered":"<p>Con motivo del D\u00eda Mundial de la Pasta, en la que se resalta la versatilidad,&#8230;<\/p>\n","protected":false},"author":1,"featured_media":177737,"comment_status":"open","ping_status":"open","sticky":false,"template":"","format":"standard","meta":{"_monsterinsights_skip_tracking":false,"_monsterinsights_sitenote_active":false,"_monsterinsights_sitenote_note":"","_monsterinsights_sitenote_category":0,"footnotes":""},"categories":[6493],"tags":[9072,3412,9073],"class_list":["post"],"yoast_head":" \n<title>Sonora en Equipo. Consume el 99% de hogares \u00a0mexicanos 11\u00a0 kilos de pasta anuales PALABRAS Y N\u00daMEROS<\/title>\n<meta name=\"description\" content=\"Con motivo del D\u00eda Mundial de la Pasta, en la que se resalta la versatilidad, aporte nutricional y rendimiento econ\u00f3mico de este plato caracter\u00edstico de En Sonora en Equipo publicamos toda la informaci\u00f3n de Sonora, M\u00e9xico y el Mundo de manera oportuna y busca que la libertad de expresi\u00f3n sea real. Visita nuestro medio informativo publicado desde Hermosillo, Sonora. %\" \/>\n<meta name=\"robots\" content=\"index, follow, max-snippet:-1, max-image-preview:large, max-video-preview:-1\" \/>\n<link rel=\"canonical\" href=\"https:\/\/www.sonoraenequipo.com.mx\/consume-el-99-de-hogares-mexicanos-11-kilos-de-pasta-anuales\/\" \/>\n<meta property=\"og:locale\" content=\"es_ES\" \/>\n<meta property=\"og:type\" content=\"article\" \/>\n<meta property=\"og:title\" content=\"Sonora en Equipo. Consume el 99% de hogares \u00a0mexicanos 11\u00a0 kilos de pasta anuales PALABRAS Y N\u00daMEROS\" \/>\n<meta property=\"og:description\" content=\"Con motivo del D\u00eda Mundial de la Pasta, en la que se resalta la versatilidad, aporte nutricional y rendimiento econ\u00f3mico de este plato caracter\u00edstico de En Sonora en Equipo publicamos toda la informaci\u00f3n de Sonora, M\u00e9xico y el Mundo de manera oportuna y busca que la libertad de expresi\u00f3n sea real. Visita nuestro medio informativo publicado desde Hermosillo, Sonora. %\" \/>\n<meta property=\"og:url\" content=\"https:\/\/www.sonoraenequipo.com.mx\/consume-el-99-de-hogares-mexicanos-11-kilos-de-pasta-anuales\/\" \/>\n<meta property=\"og:site_name\" content=\"Sonora en Equipo.\" \/>\n<meta property=\"article:publisher\" content=\"https:\/\/www.facebook.com\/SonoraEE\/\" \/>\n<meta property=\"article:author\" content=\"https:\/\/www.facebook.com\/SonoraEE\" \/>\n<meta property=\"article:published_time\" content=\"2023-10-26T00:17:44+00:00\" \/>\n<meta property=\"article:modified_time\" content=\"2023-10-26T00:19:00+00:00\" \/>\n<meta property=\"og:image\" content=\"https:\/\/www.sonoraenequipo.com.mx\/storage\/2023\/10\/pasta.jpg\" \/>\n\t<meta property=\"og:image:width\" content=\"900\" \/>\n\t<meta property=\"og:image:height\" content=\"600\" \/>\n\t<meta property=\"og:image:type\" content=\"image\/jpeg\" \/>\n<meta name=\"author\" content=\"enequipo\" \/>\n<meta name=\"twitter:card\" content=\"summary_large_image\" \/>\n<meta name=\"twitter:creator\" content=\"@sonoraenequipo\" \/>\n<meta name=\"twitter:site\" content=\"@sonoraenequipo\" \/>\n<meta name=\"twitter:label1\" content=\"Escrito por\" \/>\n\t<meta name=\"twitter:data1\" content=\"enequipo\" \/>\n\t<meta name=\"twitter:label2\" content=\"Tiempo de lectura\" \/>\n\t<meta name=\"twitter:data2\" content=\"3 minutos\" \/>\n<script type=\"application\/ld+json\" class=\"yoast-schema-graph\">{\"@context\":\"https:\/\/schema.org\",\"@graph\":[{\"@type\":\"Article\",\"@id\":\"https:\/\/www.sonoraenequipo.com.mx\/consume-el-99-de-hogares-mexicanos-11-kilos-de-pasta-anuales\/#article\",\"isPartOf\":{\"@id\":\"https:\/\/www.sonoraenequipo.com.mx\/consume-el-99-de-hogares-mexicanos-11-kilos-de-pasta-anuales\/\"},\"author\":{\"name\":\"enequipo\",\"@id\":\"https:\/\/www.sonoraenequipo.com.mx\/#\/schema\/person\/50102df0fb23a8fa9e8effad8fa81386\"},\"headline\":\"Consume el 99% de hogares \u00a0mexicanos 11\u00a0 kilos de pasta anuales\",\"datePublished\":\"2023-10-26T00:17:44+00:00\",\"dateModified\":\"2023-10-26T00:19:00+00:00\",\"mainEntityOfPage\":{\"@id\":\"https:\/\/www.sonoraenequipo.com.mx\/consume-el-99-de-hogares-mexicanos-11-kilos-de-pasta-anuales\/\"},\"wordCount\":535,\"commentCount\":0,\"publisher\":{\"@id\":\"https:\/\/www.sonoraenequipo.com.mx\/#organization\"},\"image\":{\"@id\":\"https:\/\/www.sonoraenequipo.com.mx\/consume-el-99-de-hogares-mexicanos-11-kilos-de-pasta-anuales\/#primaryimage\"},\"thumbnailUrl\":\"https:\/\/www.sonoraenequipo.com.mx\/storage\/2023\/10\/pasta.jpg\",\"keywords\":[\"anual\",\"CONSUMO\",\"de pasta\"],\"articleSection\":[\"PALABRAS Y N\u00daMEROS\"],\"inLanguage\":\"es\",\"potentialAction\":[{\"@type\":\"CommentAction\",\"name\":\"Comment\",\"target\":[\"https:\/\/www.sonoraenequipo.com.mx\/consume-el-99-de-hogares-mexicanos-11-kilos-de-pasta-anuales\/#respond\"]}]},{\"@type\":\"WebPage\",\"@id\":\"https:\/\/www.sonoraenequipo.com.mx\/consume-el-99-de-hogares-mexicanos-11-kilos-de-pasta-anuales\/\",\"url\":\"https:\/\/www.sonoraenequipo.com.mx\/consume-el-99-de-hogares-mexicanos-11-kilos-de-pasta-anuales\/\",\"name\":\"Sonora en Equipo. Consume el 99% de hogares \u00a0mexicanos 11\u00a0 kilos de pasta anuales PALABRAS Y N\u00daMEROS\",\"isPartOf\":{\"@id\":\"https:\/\/www.sonoraenequipo.com.mx\/#website\"},\"primaryImageOfPage\":{\"@id\":\"https:\/\/www.sonoraenequipo.com.mx\/consume-el-99-de-hogares-mexicanos-11-kilos-de-pasta-anuales\/#primaryimage\"},\"image\":{\"@id\":\"https:\/\/www.sonoraenequipo.com.mx\/consume-el-99-de-hogares-mexicanos-11-kilos-de-pasta-anuales\/#primaryimage\"},\"thumbnailUrl\":\"https:\/\/www.sonoraenequipo.com.mx\/storage\/2023\/10\/pasta.jpg\",\"datePublished\":\"2023-10-26T00:17:44+00:00\",\"dateModified\":\"2023-10-26T00:19:00+00:00\",\"description\":\"Con motivo del D\u00eda Mundial de la Pasta, en la que se resalta la versatilidad, aporte nutricional y rendimiento econ\u00f3mico de este plato caracter\u00edstico de En Sonora en Equipo publicamos toda la informaci\u00f3n de Sonora, M\u00e9xico y el Mundo de manera oportuna y busca que la libertad de expresi\u00f3n sea real. Visita nuestro medio informativo publicado desde Hermosillo, Sonora. %\",\"breadcrumb\":{\"@id\":\"https:\/\/www.sonoraenequipo.com.mx\/consume-el-99-de-hogares-mexicanos-11-kilos-de-pasta-anuales\/#breadcrumb\"},\"inLanguage\":\"es\",\"potentialAction\":[{\"@type\":\"ReadAction\",\"target\":[\"https:\/\/www.sonoraenequipo.com.mx\/consume-el-99-de-hogares-mexicanos-11-kilos-de-pasta-anuales\/\"]}]},{\"@type\":\"ImageObject\",\"inLanguage\":\"es\",\"@id\":\"https:\/\/www.sonoraenequipo.com.mx\/consume-el-99-de-hogares-mexicanos-11-kilos-de-pasta-anuales\/#primaryimage\",\"url\":\"https:\/\/www.sonoraenequipo.com.mx\/storage\/2023\/10\/pasta.jpg\",\"contentUrl\":\"https:\/\/www.sonoraenequipo.com.mx\/storage\/2023\/10\/pasta.jpg\",\"width\":900,\"height\":600},{\"@type\":\"BreadcrumbList\",\"@id\":\"https:\/\/www.sonoraenequipo.com.mx\/consume-el-99-de-hogares-mexicanos-11-kilos-de-pasta-anuales\/#breadcrumb\",\"itemListElement\":[{\"@type\":\"ListItem\",\"position\":1,\"name\":\"Portada\",\"item\":\"https:\/\/www.sonoraenequipo.com.mx\/\"},{\"@type\":\"ListItem\",\"position\":2,\"name\":\"Consume el 99% de hogares \u00a0mexicanos 11\u00a0 kilos de pasta anuales\"}]},{\"@type\":\"WebSite\",\"@id\":\"https:\/\/www.sonoraenequipo.com.mx\/#website\",\"url\":\"https:\/\/www.sonoraenequipo.com.mx\/\",\"name\":\"Sonora en Equipo.\",\"description\":\"Diario en l\u00ednea con Noticias desde Hermosillo, Sonora\",\"publisher\":{\"@id\":\"https:\/\/www.sonoraenequipo.com.mx\/#organization\"},\"potentialAction\":[{\"@type\":\"SearchAction\",\"target\":{\"@type\":\"EntryPoint\",\"urlTemplate\":\"https:\/\/www.sonoraenequipo.com.mx\/?s={search_term_string}\"},\"query-input\":{\"@type\":\"PropertyValueSpecification\",\"valueRequired\":true,\"valueName\":\"search_term_string\"}}],\"inLanguage\":\"es\"},{\"@type\":\"Organization\",\"@id\":\"https:\/\/www.sonoraenequipo.com.mx\/#organization\",\"name\":\"Sonoraenequipo.com.mx\",\"url\":\"https:\/\/www.sonoraenequipo.com.mx\/\",\"logo\":{\"@type\":\"ImageObject\",\"inLanguage\":\"es\",\"@id\":\"https:\/\/www.sonoraenequipo.com.mx\/#\/schema\/logo\/image\/\",\"url\":\"https:\/\/www.sonoraenequipo.com.mx\/storage\/2019\/01\/sonoraenequipo_opt.png\",\"contentUrl\":\"https:\/\/www.sonoraenequipo.com.mx\/storage\/2019\/01\/sonoraenequipo_opt.png\",\"width\":375,\"height\":125,\"caption\":\"Sonoraenequipo.com.mx\"},\"image\":{\"@id\":\"https:\/\/www.sonoraenequipo.com.mx\/#\/schema\/logo\/image\/\"},\"sameAs\":[\"https:\/\/www.facebook.com\/SonoraEE\/\",\"https:\/\/x.com\/sonoraenequipo\",\"https:\/\/www.youtube.com\/channel\/UC338nW-lPEYmJQs4ZABQ1SQ\"]},{\"@type\":\"Person\",\"@id\":\"https:\/\/www.sonoraenequipo.com.mx\/#\/schema\/person\/50102df0fb23a8fa9e8effad8fa81386\",\"name\":\"enequipo\",\"image\":{\"@type\":\"ImageObject\",\"inLanguage\":\"es\",\"@id\":\"https:\/\/www.sonoraenequipo.com.mx\/#\/schema\/person\/image\/\",\"url\":\"https:\/\/secure.gravatar.com\/avatar\/049821681b589dabc0bc20695993ccebb09f5b5d4d790cd9251b97faac7c652b?s=96&d=blank&r=g\",\"contentUrl\":\"https:\/\/secure.gravatar.com\/avatar\/049821681b589dabc0bc20695993ccebb09f5b5d4d790cd9251b97faac7c652b?s=96&d=blank&r=g\",\"caption\":\"enequipo\"},\"sameAs\":[\"https:\/\/www.facebook.com\/SonoraEE\"]}]}<\/script>\n ","yoast_head_json":{"title":"Sonora en Equipo. Consume el 99% de hogares \u00a0mexicanos 11\u00a0 kilos de pasta anuales PALABRAS Y N\u00daMEROS","description":"Con motivo del D\u00eda Mundial de la Pasta, en la que se resalta la versatilidad, aporte nutricional y rendimiento econ\u00f3mico de este plato caracter\u00edstico de En Sonora en Equipo publicamos toda la informaci\u00f3n de Sonora, M\u00e9xico y el Mundo de manera oportuna y busca que la libertad de expresi\u00f3n sea real. Visita nuestro medio informativo publicado desde Hermosillo, Sonora. %","robots":{"index":"index","follow":"follow","max-snippet":"max-snippet:-1","max-image-preview":"max-image-preview:large","max-video-preview":"max-video-preview:-1"},"canonical":"https:\/\/www.sonoraenequipo.com.mx\/consume-el-99-de-hogares-mexicanos-11-kilos-de-pasta-anuales\/","og_locale":"es_ES","og_type":"article","og_title":"Sonora en Equipo. Consume el 99% de hogares \u00a0mexicanos 11\u00a0 kilos de pasta anuales PALABRAS Y N\u00daMEROS","og_description":"Con motivo del D\u00eda Mundial de la Pasta, en la que se resalta la versatilidad, aporte nutricional y rendimiento econ\u00f3mico de este plato caracter\u00edstico de En Sonora en Equipo publicamos toda la informaci\u00f3n de Sonora, M\u00e9xico y el Mundo de manera oportuna y busca que la libertad de expresi\u00f3n sea real. Visita nuestro medio informativo publicado desde Hermosillo, Sonora. %","og_url":"https:\/\/www.sonoraenequipo.com.mx\/consume-el-99-de-hogares-mexicanos-11-kilos-de-pasta-anuales\/","og_site_name":"Sonora en Equipo.","article_publisher":"https:\/\/www.facebook.com\/SonoraEE\/","article_author":"https:\/\/www.facebook.com\/SonoraEE","article_published_time":"2023-10-26T00:17:44+00:00","article_modified_time":"2023-10-26T00:19:00+00:00","og_image":[{"width":900,"height":600,"url":"https:\/\/www.sonoraenequipo.com.mx\/storage\/2023\/10\/pasta.jpg","type":"image\/jpeg"}],"author":"enequipo","twitter_card":"summary_large_image","twitter_creator":"@sonoraenequipo","twitter_site":"@sonoraenequipo","twitter_misc":{"Escrito por":"enequipo","Tiempo de lectura":"3 minutos"},"schema":{"@context":"https:\/\/schema.org","@graph":[{"@type":"Article","@id":"https:\/\/www.sonoraenequipo.com.mx\/consume-el-99-de-hogares-mexicanos-11-kilos-de-pasta-anuales\/#article","isPartOf":{"@id":"https:\/\/www.sonoraenequipo.com.mx\/consume-el-99-de-hogares-mexicanos-11-kilos-de-pasta-anuales\/"},"author":{"name":"enequipo","@id":"https:\/\/www.sonoraenequipo.com.mx\/#\/schema\/person\/50102df0fb23a8fa9e8effad8fa81386"},"headline":"Consume el 99% de hogares \u00a0mexicanos 11\u00a0 kilos de pasta anuales","datePublished":"2023-10-26T00:17:44+00:00","dateModified":"2023-10-26T00:19:00+00:00","mainEntityOfPage":{"@id":"https:\/\/www.sonoraenequipo.com.mx\/consume-el-99-de-hogares-mexicanos-11-kilos-de-pasta-anuales\/"},"wordCount":535,"commentCount":0,"publisher":{"@id":"https:\/\/www.sonoraenequipo.com.mx\/#organization"},"image":{"@id":"https:\/\/www.sonoraenequipo.com.mx\/consume-el-99-de-hogares-mexicanos-11-kilos-de-pasta-anuales\/#primaryimage"},"thumbnailUrl":"https:\/\/www.sonoraenequipo.com.mx\/storage\/2023\/10\/pasta.jpg","keywords":["anual","CONSUMO","de pasta"],"articleSection":["PALABRAS Y N\u00daMEROS"],"inLanguage":"es","potentialAction":[{"@type":"CommentAction","name":"Comment","target":["https:\/\/www.sonoraenequipo.com.mx\/consume-el-99-de-hogares-mexicanos-11-kilos-de-pasta-anuales\/#respond"]}]},{"@type":"WebPage","@id":"https:\/\/www.sonoraenequipo.com.mx\/consume-el-99-de-hogares-mexicanos-11-kilos-de-pasta-anuales\/","url":"https:\/\/www.sonoraenequipo.com.mx\/consume-el-99-de-hogares-mexicanos-11-kilos-de-pasta-anuales\/","name":"Sonora en Equipo. Consume el 99% de hogares \u00a0mexicanos 11\u00a0 kilos de pasta anuales PALABRAS Y N\u00daMEROS","isPartOf":{"@id":"https:\/\/www.sonoraenequipo.com.mx\/#website"},"primaryImageOfPage":{"@id":"https:\/\/www.sonoraenequipo.com.mx\/consume-el-99-de-hogares-mexicanos-11-kilos-de-pasta-anuales\/#primaryimage"},"image":{"@id":"https:\/\/www.sonoraenequipo.com.mx\/consume-el-99-de-hogares-mexicanos-11-kilos-de-pasta-anuales\/#primaryimage"},"thumbnailUrl":"https:\/\/www.sonoraenequipo.com.mx\/storage\/2023\/10\/pasta.jpg","datePublished":"2023-10-26T00:17:44+00:00","dateModified":"2023-10-26T00:19:00+00:00","description":"Con motivo del D\u00eda Mundial de la Pasta, en la que se resalta la versatilidad, aporte nutricional y rendimiento econ\u00f3mico de este plato caracter\u00edstico de En Sonora en Equipo publicamos toda la informaci\u00f3n de Sonora, M\u00e9xico y el Mundo de manera oportuna y busca que la libertad de expresi\u00f3n sea real. Visita nuestro medio informativo publicado desde Hermosillo, Sonora. %","breadcrumb":{"@id":"https:\/\/www.sonoraenequipo.com.mx\/consume-el-99-de-hogares-mexicanos-11-kilos-de-pasta-anuales\/#breadcrumb"},"inLanguage":"es","potentialAction":[{"@type":"ReadAction","target":["https:\/\/www.sonoraenequipo.com.mx\/consume-el-99-de-hogares-mexicanos-11-kilos-de-pasta-anuales\/"]}]},{"@type":"ImageObject","inLanguage":"es","@id":"https:\/\/www.sonoraenequipo.com.mx\/consume-el-99-de-hogares-mexicanos-11-kilos-de-pasta-anuales\/#primaryimage","url":"https:\/\/www.sonoraenequipo.com.mx\/storage\/2023\/10\/pasta.jpg","contentUrl":"https:\/\/www.sonoraenequipo.com.mx\/storage\/2023\/10\/pasta.jpg","width":900,"height":600},{"@type":"BreadcrumbList","@id":"https:\/\/www.sonoraenequipo.com.mx\/consume-el-99-de-hogares-mexicanos-11-kilos-de-pasta-anuales\/#breadcrumb","itemListElement":[{"@type":"ListItem","position":1,"name":"Portada","item":"https:\/\/www.sonoraenequipo.com.mx\/"},{"@type":"ListItem","position":2,"name":"Consume el 99% de hogares \u00a0mexicanos 11\u00a0 kilos de pasta anuales"}]},{"@type":"WebSite","@id":"https:\/\/www.sonoraenequipo.com.mx\/#website","url":"https:\/\/www.sonoraenequipo.com.mx\/","name":"Sonora en Equipo.","description":"Diario en l\u00ednea con Noticias desde Hermosillo, Sonora","publisher":{"@id":"https:\/\/www.sonoraenequipo.com.mx\/#organization"},"potentialAction":[{"@type":"SearchAction","target":{"@type":"EntryPoint","urlTemplate":"https:\/\/www.sonoraenequipo.com.mx\/?s={search_term_string}"},"query-input":{"@type":"PropertyValueSpecification","valueRequired":true,"valueName":"search_term_string"}}],"inLanguage":"es"},{"@type":"Organization","@id":"https:\/\/www.sonoraenequipo.com.mx\/#organization","name":"Sonoraenequipo.com.mx","url":"https:\/\/www.sonoraenequipo.com.mx\/","logo":{"@type":"ImageObject","inLanguage":"es","@id":"https:\/\/www.sonoraenequipo.com.mx\/#\/schema\/logo\/image\/","url":"https:\/\/www.sonoraenequipo.com.mx\/storage\/2019\/01\/sonoraenequipo_opt.png","contentUrl":"https:\/\/www.sonoraenequipo.com.mx\/storage\/2019\/01\/sonoraenequipo_opt.png","width":375,"height":125,"caption":"Sonoraenequipo.com.mx"},"image":{"@id":"https:\/\/www.sonoraenequipo.com.mx\/#\/schema\/logo\/image\/"},"sameAs":["https:\/\/www.facebook.com\/SonoraEE\/","https:\/\/x.com\/sonoraenequipo","https:\/\/www.youtube.com\/channel\/UC338nW-lPEYmJQs4ZABQ1SQ"]},{"@type":"Person","@id":"https:\/\/www.sonoraenequipo.com.mx\/#\/schema\/person\/50102df0fb23a8fa9e8effad8fa81386","name":"enequipo","image":{"@type":"ImageObject","inLanguage":"es","@id":"https:\/\/www.sonoraenequipo.com.mx\/#\/schema\/person\/image\/","url":"https:\/\/secure.gravatar.com\/avatar\/049821681b589dabc0bc20695993ccebb09f5b5d4d790cd9251b97faac7c652b?s=96&d=blank&r=g","contentUrl":"https:\/\/secure.gravatar.com\/avatar\/049821681b589dabc0bc20695993ccebb09f5b5d4d790cd9251b97faac7c652b?s=96&d=blank&r=g","caption":"enequipo"},"sameAs":["https:\/\/www.facebook.com\/SonoraEE"]}]}},"jetpack_featured_media_url":"https:\/\/www.sonoraenequipo.com.mx\/storage\/2023\/10\/pasta.jpg","_links":{"self":[{"href":"https:\/\/www.sonoraenequipo.com.mx\/api\/wp\/v2\/posts\/177736","targetHints":{"allow":["GET"]}}],"collection":[{"href":"https:\/\/www.sonoraenequipo.com.mx\/api\/wp\/v2\/posts"}],"about":[{"href":"https:\/\/www.sonoraenequipo.com.mx\/api\/wp\/v2\/types\/post"}],"author":[{"embeddable":true,"href":"https:\/\/www.sonoraenequipo.com.mx\/api\/wp\/v2\/users\/1"}],"replies":[{"embeddable":true,"href":"https:\/\/www.sonoraenequipo.com.mx\/api\/wp\/v2\/comments?post=177736"}],"version-history":[{"count":1,"href":"https:\/\/www.sonoraenequipo.com.mx\/api\/wp\/v2\/posts\/177736\/revisions"}],"predecessor-version":[{"id":177738,"href":"https:\/\/www.sonoraenequipo.com.mx\/api\/wp\/v2\/posts\/177736\/revisions\/177738"}],"wp:featuredmedia":[{"embeddable":true,"href":"https:\/\/www.sonoraenequipo.com.mx\/api\/wp\/v2\/media\/177737"}],"wp:attachment":[{"href":"https:\/\/www.sonoraenequipo.com.mx\/api\/wp\/v2\/media?parent=177736"}],"wp:term":[{"taxonomy":"category","embeddable":true,"href":"https:\/\/www.sonoraenequipo.com.mx\/api\/wp\/v2\/categories?post=177736"},{"taxonomy":"post_tag","embeddable":true,"href":"https:\/\/www.sonoraenequipo.com.mx\/api\/wp\/v2\/tags?post=177736"}],"curies":[{"name":"wp","href":"https:\/\/api.w.org\/{rel}","templated":true}]}}