{"id":178287,"date":"2023-11-02T16:10:55","date_gmt":"2023-11-02T23:10:55","guid":{"rendered":"https:\/\/www.sonoraenequipo.com.mx\/?p=178287"},"modified":"2023-11-02T21:51:10","modified_gmt":"2023-11-03T04:51:10","slug":"the-home-depot-abre-su-quinta-tienda-en-sonora-y-segunda-en-hermosillo","status":"publish","type":"post","link":"https:\/\/www.sonoraenequipo.com.mx\/the-home-depot-abre-su-quinta-tienda-en-sonora-y-segunda-en-hermosillo\/","title":{"rendered":"The Home Depot abre su quinta tienda en Sonora y segunda \u00a0en Hermosillo"},"content":{"rendered":"<p><b>HERMOSILLO, SONORA,\u00a0MX. \u02d7\u02d7\u02d7 \u00a0<\/b>The Home Depot, la cadena l\u00edder en productos de mejora para el hogar en el mundo, contin\u00faa creciendo en el pa\u00eds con la apertura de la quinta tienda en Sonora y la 138 a nivel nacional, esto gracias a una inversi\u00f3n de $350 MDP que genera m\u00e1s de 100 empleos directos en Hermosillo.<\/p>\n<p>&nbsp;<\/p>\n<p>&nbsp;<\/p>\n<p> <\/p>\n<p>&nbsp;<\/p>\n<p>Con esta nueva tienda se superan los $1,000 MDP invertidos en Sonora y se generan m\u00e1s de 500 empleos en el estado. Adem\u00e1s, la nueva locaci\u00f3n fortalece la presencia de la compa\u00f1\u00eda en la regi\u00f3n y brinda a los usuarios la posibilidad de beneficiarse con las promociones de Noviembre del Ahorro y El Buen Fin, donde podr\u00e1n encontrar m\u00e1s de 11 mil promociones.<\/p>\n<p>&nbsp;<\/p>\n<p>Para celebrar la apertura de esta tienda, se realiz\u00f3 el tradicional corte de madero y cont\u00f3 con la presencia de Jos\u00e9 A. Rodr\u00edguez Garza, presidente y director general de The Home Depot M\u00e9xico y \u00c9rika D\u00edaz, vicepresidenta de Mercadotecnia, Online y Servicios Especiales.<\/p>\n<p>&nbsp;<\/p>\n<p>Tambi\u00e9n participaron autoridades, incluyendo Mar\u00eda Wendy Brice\u00f1o, Secretaria de Desarrollo Social de Sonora; y Antonio Astiazar\u00e1n, presidente Municipal de Hermosillo.<\/p>\n<p>&nbsp;<\/p>\n<p><em><strong>\u201cUno de nuestros objetivos es estar cada vez m\u00e1s cerca de nuestros clientes para que puedan encontrar todo lo que necesitan para llevar a cabo sus proyectos de mejora para el hogar bajo un mismo techo. Por ello estamos muy emocionados de abrir esta nueva tienda en Hermosillo. Con esta apertura damos cumplimiento a nuestro plan estrat\u00e9gico 2023 de seguir acelerando nuestro plan de crecimiento en M\u00e9xico, luego de abrir 5 tiendas nuevas en este a\u00f1o\u201d,<\/strong><\/em> mencion\u00f3 Jos\u00e9 A. Rodr\u00edguez, presidente y director general The Home Depot M\u00e9xico.<\/p>\n<p>&nbsp;<\/p>\n<p>&nbsp;<\/p>\n<p>Por su parte, Antonio Astiazar\u00e1n, Presidente Municipal de Hermosillo, se\u00f1al\u00f3 que, \u201ces muy alentador recibir este tipo de inversiones, hoy Hermosillo aporta el 66 por ciento de los empleos\u00a0 que se generan en el estado, se han creado m\u00e1s de 18 mil empleos formales gracias a empresas como The Home Depot que contribuyen a que cada vez m\u00e1s personas tengan una fuente de trabajo digna.\u201d<\/p>\n<p>&nbsp;<\/p>\n<p>&nbsp;<\/p>\n<p>Sonora es un estado de gran importancia para la compa\u00f1\u00eda, con esta inversi\u00f3n, reiteran su compromiso con los sonorenses aportando al desarrollo local. Esta inversi\u00f3n es la \u00faltima etapa de su plan de expansi\u00f3n 2023 de m\u00e1s de $3,700 MDP, lo que representa una inversi\u00f3n acumulada de +$45 mil MDP en el pa\u00eds y la oferta de m\u00e1s de 40,000 productos.<\/p>\n<p>&nbsp;<\/p>\n<p>&nbsp;<\/p>\n<p>Antes de abrir la tienda, los asociados de esta nueva tienda ya realizaron su primera jornada de voluntariado para mejorar el Parque Lineal Progreso con actividades de pintura, reforestaci\u00f3n y jardiner\u00eda. De esta manera, la empresa del mandil naranja lleva a la pr\u00e1ctica uno de sus principales valores que es el de Devolver a la Comunidad. Esta jornada de voluntariado contribuye al progreso de la ciudad y el estado de conformidad con el convenio de colaboraci\u00f3n firmado con las autoridades locales en septiembre del 2022.<\/p>\n<p>&nbsp;<\/p>\n<p>&nbsp;<\/p>\n<p>Como resultado de los programas de responsabilidad social de la empresa en Sonora, se han sumado m\u00e1s de 6 mil horas distribuidas en 167 jornadas de voluntariado. Adicional a esto, se han beneficiado m\u00e1s de 610 mil personas con el apoyo a 212 instituciones sin fines de lucro que trabajan en proyectos de fortalecimiento del tejido social, salud y educaci\u00f3n para llegar a las comunidades m\u00e1s vulnerables y fue donado m\u00e1s de 32.7 MDP en mercanc\u00eda y pintura a iniciativas de recuperaci\u00f3n de espacios p\u00fablicos.<\/p>\n<p>&nbsp;<\/p>\n<p>&nbsp;<\/p>\n<p>The Home Depot avanza para apoyar a los clientes con sus proyectos de mejora en el hogar, asegurando que su experiencia en tienda y en l\u00ednea sea de calidad y buen servicio. De esta manera, se consolida como la tienda l\u00edder en productos de mejora para el hogar en M\u00e9xico y el mundo con presencia en los 32 estados de la rep\u00fablica y m\u00e1s de 100 ciudades.<\/p>\n<p>&nbsp;<\/p>\n<p>&nbsp;<\/p>\n<p><strong>\u00a0Fecha de publicaci\u00f3n jueves 2 de noviembre 2023<\/strong><\/p>\n","protected":false},"excerpt":{"rendered":"<p>HERMOSILLO, SONORA,\u00a0MX. \u02d7\u02d7\u02d7 \u00a0The Home Depot, la cadena l\u00edder en productos de mejora para el&#8230;<\/p>\n","protected":false},"author":1,"featured_media":178315,"comment_status":"open","ping_status":"open","sticky":false,"template":"","format":"standard","meta":{"_monsterinsights_skip_tracking":false,"_monsterinsights_sitenote_active":false,"_monsterinsights_sitenote_note":"","_monsterinsights_sitenote_category":0,"footnotes":""},"categories":[6493],"tags":[35,9104],"class_list":["post"],"yoast_head":" \n<title>Sonora en Equipo. The Home Depot abre su quinta tienda en Sonora y segunda \u00a0en Hermosillo PALABRAS Y N\u00daMEROS<\/title>\n<meta name=\"description\" content=\"HERMOSILLO, SONORA,\u00a0MX. \u02d7\u02d7\u02d7 \u00a0The Home Depot, la cadena l\u00edder en productos de mejora para el hogar en el mundo, contin\u00faa creciendo en el pa\u00eds con la En Sonora en Equipo publicamos toda la informaci\u00f3n de Sonora, M\u00e9xico y el Mundo de manera oportuna y busca que la libertad de expresi\u00f3n sea real. Visita nuestro medio informativo publicado desde Hermosillo, Sonora. %\" \/>\n<meta name=\"robots\" content=\"index, follow, max-snippet:-1, max-image-preview:large, max-video-preview:-1\" \/>\n<link rel=\"canonical\" href=\"https:\/\/www.sonoraenequipo.com.mx\/the-home-depot-abre-su-quinta-tienda-en-sonora-y-segunda-en-hermosillo\/\" \/>\n<meta property=\"og:locale\" content=\"es_ES\" \/>\n<meta property=\"og:type\" content=\"article\" \/>\n<meta property=\"og:title\" content=\"Sonora en Equipo. The Home Depot abre su quinta tienda en Sonora y segunda \u00a0en Hermosillo PALABRAS Y N\u00daMEROS\" \/>\n<meta property=\"og:description\" content=\"HERMOSILLO, SONORA,\u00a0MX. \u02d7\u02d7\u02d7 \u00a0The Home Depot, la cadena l\u00edder en productos de mejora para el hogar en el mundo, contin\u00faa creciendo en el pa\u00eds con la En Sonora en Equipo publicamos toda la informaci\u00f3n de Sonora, M\u00e9xico y el Mundo de manera oportuna y busca que la libertad de expresi\u00f3n sea real. Visita nuestro medio informativo publicado desde Hermosillo, Sonora. %\" \/>\n<meta property=\"og:url\" content=\"https:\/\/www.sonoraenequipo.com.mx\/the-home-depot-abre-su-quinta-tienda-en-sonora-y-segunda-en-hermosillo\/\" \/>\n<meta property=\"og:site_name\" content=\"Sonora en Equipo.\" \/>\n<meta property=\"article:publisher\" content=\"https:\/\/www.facebook.com\/SonoraEE\/\" \/>\n<meta property=\"article:author\" content=\"https:\/\/www.facebook.com\/SonoraEE\" \/>\n<meta property=\"article:published_time\" content=\"2023-11-02T23:10:55+00:00\" \/>\n<meta property=\"article:modified_time\" content=\"2023-11-03T04:51:10+00:00\" \/>\n<meta property=\"og:image\" content=\"https:\/\/www.sonoraenequipo.com.mx\/storage\/2023\/11\/home-depot.jpg\" \/>\n\t<meta property=\"og:image:width\" content=\"900\" \/>\n\t<meta property=\"og:image:height\" content=\"675\" \/>\n\t<meta property=\"og:image:type\" content=\"image\/jpeg\" \/>\n<meta name=\"author\" content=\"enequipo\" \/>\n<meta name=\"twitter:card\" content=\"summary_large_image\" \/>\n<meta name=\"twitter:creator\" content=\"@sonoraenequipo\" \/>\n<meta name=\"twitter:site\" content=\"@sonoraenequipo\" \/>\n<meta name=\"twitter:label1\" content=\"Escrito por\" \/>\n\t<meta name=\"twitter:data1\" content=\"enequipo\" \/>\n\t<meta name=\"twitter:label2\" content=\"Tiempo de lectura\" \/>\n\t<meta name=\"twitter:data2\" content=\"3 minutos\" \/>\n<script type=\"application\/ld+json\" class=\"yoast-schema-graph\">{\"@context\":\"https:\/\/schema.org\",\"@graph\":[{\"@type\":\"Article\",\"@id\":\"https:\/\/www.sonoraenequipo.com.mx\/the-home-depot-abre-su-quinta-tienda-en-sonora-y-segunda-en-hermosillo\/#article\",\"isPartOf\":{\"@id\":\"https:\/\/www.sonoraenequipo.com.mx\/the-home-depot-abre-su-quinta-tienda-en-sonora-y-segunda-en-hermosillo\/\"},\"author\":{\"name\":\"enequipo\",\"@id\":\"https:\/\/www.sonoraenequipo.com.mx\/#\/schema\/person\/50102df0fb23a8fa9e8effad8fa81386\"},\"headline\":\"The Home Depot abre su quinta tienda en Sonora y segunda \u00a0en Hermosillo\",\"datePublished\":\"2023-11-02T23:10:55+00:00\",\"dateModified\":\"2023-11-03T04:51:10+00:00\",\"mainEntityOfPage\":{\"@id\":\"https:\/\/www.sonoraenequipo.com.mx\/the-home-depot-abre-su-quinta-tienda-en-sonora-y-segunda-en-hermosillo\/\"},\"wordCount\":703,\"commentCount\":0,\"publisher\":{\"@id\":\"https:\/\/www.sonoraenequipo.com.mx\/#organization\"},\"image\":{\"@id\":\"https:\/\/www.sonoraenequipo.com.mx\/the-home-depot-abre-su-quinta-tienda-en-sonora-y-segunda-en-hermosillo\/#primaryimage\"},\"thumbnailUrl\":\"https:\/\/www.sonoraenequipo.com.mx\/storage\/2023\/11\/home-depot.jpg\",\"keywords\":[\"hermosillo\",\"the home depot\"],\"articleSection\":[\"PALABRAS Y N\u00daMEROS\"],\"inLanguage\":\"es\",\"potentialAction\":[{\"@type\":\"CommentAction\",\"name\":\"Comment\",\"target\":[\"https:\/\/www.sonoraenequipo.com.mx\/the-home-depot-abre-su-quinta-tienda-en-sonora-y-segunda-en-hermosillo\/#respond\"]}]},{\"@type\":\"WebPage\",\"@id\":\"https:\/\/www.sonoraenequipo.com.mx\/the-home-depot-abre-su-quinta-tienda-en-sonora-y-segunda-en-hermosillo\/\",\"url\":\"https:\/\/www.sonoraenequipo.com.mx\/the-home-depot-abre-su-quinta-tienda-en-sonora-y-segunda-en-hermosillo\/\",\"name\":\"Sonora en Equipo. The Home Depot abre su quinta tienda en Sonora y segunda \u00a0en Hermosillo PALABRAS Y N\u00daMEROS\",\"isPartOf\":{\"@id\":\"https:\/\/www.sonoraenequipo.com.mx\/#website\"},\"primaryImageOfPage\":{\"@id\":\"https:\/\/www.sonoraenequipo.com.mx\/the-home-depot-abre-su-quinta-tienda-en-sonora-y-segunda-en-hermosillo\/#primaryimage\"},\"image\":{\"@id\":\"https:\/\/www.sonoraenequipo.com.mx\/the-home-depot-abre-su-quinta-tienda-en-sonora-y-segunda-en-hermosillo\/#primaryimage\"},\"thumbnailUrl\":\"https:\/\/www.sonoraenequipo.com.mx\/storage\/2023\/11\/home-depot.jpg\",\"datePublished\":\"2023-11-02T23:10:55+00:00\",\"dateModified\":\"2023-11-03T04:51:10+00:00\",\"description\":\"HERMOSILLO, SONORA,\u00a0MX. \u02d7\u02d7\u02d7 \u00a0The Home Depot, la cadena l\u00edder en productos de mejora para el hogar en el mundo, contin\u00faa creciendo en el pa\u00eds con la En Sonora en Equipo publicamos toda la informaci\u00f3n de Sonora, M\u00e9xico y el Mundo de manera oportuna y busca que la libertad de expresi\u00f3n sea real. Visita nuestro medio informativo publicado desde Hermosillo, Sonora. %\",\"breadcrumb\":{\"@id\":\"https:\/\/www.sonoraenequipo.com.mx\/the-home-depot-abre-su-quinta-tienda-en-sonora-y-segunda-en-hermosillo\/#breadcrumb\"},\"inLanguage\":\"es\",\"potentialAction\":[{\"@type\":\"ReadAction\",\"target\":[\"https:\/\/www.sonoraenequipo.com.mx\/the-home-depot-abre-su-quinta-tienda-en-sonora-y-segunda-en-hermosillo\/\"]}]},{\"@type\":\"ImageObject\",\"inLanguage\":\"es\",\"@id\":\"https:\/\/www.sonoraenequipo.com.mx\/the-home-depot-abre-su-quinta-tienda-en-sonora-y-segunda-en-hermosillo\/#primaryimage\",\"url\":\"https:\/\/www.sonoraenequipo.com.mx\/storage\/2023\/11\/home-depot.jpg\",\"contentUrl\":\"https:\/\/www.sonoraenequipo.com.mx\/storage\/2023\/11\/home-depot.jpg\",\"width\":900,\"height\":675,\"caption\":\"Imagen cortes\u00eda Porter Novelli\"},{\"@type\":\"BreadcrumbList\",\"@id\":\"https:\/\/www.sonoraenequipo.com.mx\/the-home-depot-abre-su-quinta-tienda-en-sonora-y-segunda-en-hermosillo\/#breadcrumb\",\"itemListElement\":[{\"@type\":\"ListItem\",\"position\":1,\"name\":\"Portada\",\"item\":\"https:\/\/www.sonoraenequipo.com.mx\/\"},{\"@type\":\"ListItem\",\"position\":2,\"name\":\"The Home Depot abre su quinta tienda en Sonora y segunda \u00a0en Hermosillo\"}]},{\"@type\":\"WebSite\",\"@id\":\"https:\/\/www.sonoraenequipo.com.mx\/#website\",\"url\":\"https:\/\/www.sonoraenequipo.com.mx\/\",\"name\":\"Sonora en Equipo.\",\"description\":\"Diario en l\u00ednea con Noticias desde Hermosillo, Sonora\",\"publisher\":{\"@id\":\"https:\/\/www.sonoraenequipo.com.mx\/#organization\"},\"potentialAction\":[{\"@type\":\"SearchAction\",\"target\":{\"@type\":\"EntryPoint\",\"urlTemplate\":\"https:\/\/www.sonoraenequipo.com.mx\/?s={search_term_string}\"},\"query-input\":{\"@type\":\"PropertyValueSpecification\",\"valueRequired\":true,\"valueName\":\"search_term_string\"}}],\"inLanguage\":\"es\"},{\"@type\":\"Organization\",\"@id\":\"https:\/\/www.sonoraenequipo.com.mx\/#organization\",\"name\":\"Sonoraenequipo.com.mx\",\"url\":\"https:\/\/www.sonoraenequipo.com.mx\/\",\"logo\":{\"@type\":\"ImageObject\",\"inLanguage\":\"es\",\"@id\":\"https:\/\/www.sonoraenequipo.com.mx\/#\/schema\/logo\/image\/\",\"url\":\"https:\/\/www.sonoraenequipo.com.mx\/storage\/2019\/01\/sonoraenequipo_opt.png\",\"contentUrl\":\"https:\/\/www.sonoraenequipo.com.mx\/storage\/2019\/01\/sonoraenequipo_opt.png\",\"width\":375,\"height\":125,\"caption\":\"Sonoraenequipo.com.mx\"},\"image\":{\"@id\":\"https:\/\/www.sonoraenequipo.com.mx\/#\/schema\/logo\/image\/\"},\"sameAs\":[\"https:\/\/www.facebook.com\/SonoraEE\/\",\"https:\/\/x.com\/sonoraenequipo\",\"https:\/\/www.youtube.com\/channel\/UC338nW-lPEYmJQs4ZABQ1SQ\"]},{\"@type\":\"Person\",\"@id\":\"https:\/\/www.sonoraenequipo.com.mx\/#\/schema\/person\/50102df0fb23a8fa9e8effad8fa81386\",\"name\":\"enequipo\",\"image\":{\"@type\":\"ImageObject\",\"inLanguage\":\"es\",\"@id\":\"https:\/\/www.sonoraenequipo.com.mx\/#\/schema\/person\/image\/\",\"url\":\"https:\/\/secure.gravatar.com\/avatar\/049821681b589dabc0bc20695993ccebb09f5b5d4d790cd9251b97faac7c652b?s=96&d=blank&r=g\",\"contentUrl\":\"https:\/\/secure.gravatar.com\/avatar\/049821681b589dabc0bc20695993ccebb09f5b5d4d790cd9251b97faac7c652b?s=96&d=blank&r=g\",\"caption\":\"enequipo\"},\"sameAs\":[\"https:\/\/www.facebook.com\/SonoraEE\"]}]}<\/script>\n ","yoast_head_json":{"title":"Sonora en Equipo. The Home Depot abre su quinta tienda en Sonora y segunda \u00a0en Hermosillo PALABRAS Y N\u00daMEROS","description":"HERMOSILLO, SONORA,\u00a0MX. \u02d7\u02d7\u02d7 \u00a0The Home Depot, la cadena l\u00edder en productos de mejora para el hogar en el mundo, contin\u00faa creciendo en el pa\u00eds con la En Sonora en Equipo publicamos toda la informaci\u00f3n de Sonora, M\u00e9xico y el Mundo de manera oportuna y busca que la libertad de expresi\u00f3n sea real. Visita nuestro medio informativo publicado desde Hermosillo, Sonora. %","robots":{"index":"index","follow":"follow","max-snippet":"max-snippet:-1","max-image-preview":"max-image-preview:large","max-video-preview":"max-video-preview:-1"},"canonical":"https:\/\/www.sonoraenequipo.com.mx\/the-home-depot-abre-su-quinta-tienda-en-sonora-y-segunda-en-hermosillo\/","og_locale":"es_ES","og_type":"article","og_title":"Sonora en Equipo. The Home Depot abre su quinta tienda en Sonora y segunda \u00a0en Hermosillo PALABRAS Y N\u00daMEROS","og_description":"HERMOSILLO, SONORA,\u00a0MX. \u02d7\u02d7\u02d7 \u00a0The Home Depot, la cadena l\u00edder en productos de mejora para el hogar en el mundo, contin\u00faa creciendo en el pa\u00eds con la En Sonora en Equipo publicamos toda la informaci\u00f3n de Sonora, M\u00e9xico y el Mundo de manera oportuna y busca que la libertad de expresi\u00f3n sea real. Visita nuestro medio informativo publicado desde Hermosillo, Sonora. %","og_url":"https:\/\/www.sonoraenequipo.com.mx\/the-home-depot-abre-su-quinta-tienda-en-sonora-y-segunda-en-hermosillo\/","og_site_name":"Sonora en Equipo.","article_publisher":"https:\/\/www.facebook.com\/SonoraEE\/","article_author":"https:\/\/www.facebook.com\/SonoraEE","article_published_time":"2023-11-02T23:10:55+00:00","article_modified_time":"2023-11-03T04:51:10+00:00","og_image":[{"width":900,"height":675,"url":"https:\/\/www.sonoraenequipo.com.mx\/storage\/2023\/11\/home-depot.jpg","type":"image\/jpeg"}],"author":"enequipo","twitter_card":"summary_large_image","twitter_creator":"@sonoraenequipo","twitter_site":"@sonoraenequipo","twitter_misc":{"Escrito por":"enequipo","Tiempo de lectura":"3 minutos"},"schema":{"@context":"https:\/\/schema.org","@graph":[{"@type":"Article","@id":"https:\/\/www.sonoraenequipo.com.mx\/the-home-depot-abre-su-quinta-tienda-en-sonora-y-segunda-en-hermosillo\/#article","isPartOf":{"@id":"https:\/\/www.sonoraenequipo.com.mx\/the-home-depot-abre-su-quinta-tienda-en-sonora-y-segunda-en-hermosillo\/"},"author":{"name":"enequipo","@id":"https:\/\/www.sonoraenequipo.com.mx\/#\/schema\/person\/50102df0fb23a8fa9e8effad8fa81386"},"headline":"The Home Depot abre su quinta tienda en Sonora y segunda \u00a0en Hermosillo","datePublished":"2023-11-02T23:10:55+00:00","dateModified":"2023-11-03T04:51:10+00:00","mainEntityOfPage":{"@id":"https:\/\/www.sonoraenequipo.com.mx\/the-home-depot-abre-su-quinta-tienda-en-sonora-y-segunda-en-hermosillo\/"},"wordCount":703,"commentCount":0,"publisher":{"@id":"https:\/\/www.sonoraenequipo.com.mx\/#organization"},"image":{"@id":"https:\/\/www.sonoraenequipo.com.mx\/the-home-depot-abre-su-quinta-tienda-en-sonora-y-segunda-en-hermosillo\/#primaryimage"},"thumbnailUrl":"https:\/\/www.sonoraenequipo.com.mx\/storage\/2023\/11\/home-depot.jpg","keywords":["hermosillo","the home depot"],"articleSection":["PALABRAS Y N\u00daMEROS"],"inLanguage":"es","potentialAction":[{"@type":"CommentAction","name":"Comment","target":["https:\/\/www.sonoraenequipo.com.mx\/the-home-depot-abre-su-quinta-tienda-en-sonora-y-segunda-en-hermosillo\/#respond"]}]},{"@type":"WebPage","@id":"https:\/\/www.sonoraenequipo.com.mx\/the-home-depot-abre-su-quinta-tienda-en-sonora-y-segunda-en-hermosillo\/","url":"https:\/\/www.sonoraenequipo.com.mx\/the-home-depot-abre-su-quinta-tienda-en-sonora-y-segunda-en-hermosillo\/","name":"Sonora en Equipo. The Home Depot abre su quinta tienda en Sonora y segunda \u00a0en Hermosillo PALABRAS Y N\u00daMEROS","isPartOf":{"@id":"https:\/\/www.sonoraenequipo.com.mx\/#website"},"primaryImageOfPage":{"@id":"https:\/\/www.sonoraenequipo.com.mx\/the-home-depot-abre-su-quinta-tienda-en-sonora-y-segunda-en-hermosillo\/#primaryimage"},"image":{"@id":"https:\/\/www.sonoraenequipo.com.mx\/the-home-depot-abre-su-quinta-tienda-en-sonora-y-segunda-en-hermosillo\/#primaryimage"},"thumbnailUrl":"https:\/\/www.sonoraenequipo.com.mx\/storage\/2023\/11\/home-depot.jpg","datePublished":"2023-11-02T23:10:55+00:00","dateModified":"2023-11-03T04:51:10+00:00","description":"HERMOSILLO, SONORA,\u00a0MX. \u02d7\u02d7\u02d7 \u00a0The Home Depot, la cadena l\u00edder en productos de mejora para el hogar en el mundo, contin\u00faa creciendo en el pa\u00eds con la En Sonora en Equipo publicamos toda la informaci\u00f3n de Sonora, M\u00e9xico y el Mundo de manera oportuna y busca que la libertad de expresi\u00f3n sea real. Visita nuestro medio informativo publicado desde Hermosillo, Sonora. %","breadcrumb":{"@id":"https:\/\/www.sonoraenequipo.com.mx\/the-home-depot-abre-su-quinta-tienda-en-sonora-y-segunda-en-hermosillo\/#breadcrumb"},"inLanguage":"es","potentialAction":[{"@type":"ReadAction","target":["https:\/\/www.sonoraenequipo.com.mx\/the-home-depot-abre-su-quinta-tienda-en-sonora-y-segunda-en-hermosillo\/"]}]},{"@type":"ImageObject","inLanguage":"es","@id":"https:\/\/www.sonoraenequipo.com.mx\/the-home-depot-abre-su-quinta-tienda-en-sonora-y-segunda-en-hermosillo\/#primaryimage","url":"https:\/\/www.sonoraenequipo.com.mx\/storage\/2023\/11\/home-depot.jpg","contentUrl":"https:\/\/www.sonoraenequipo.com.mx\/storage\/2023\/11\/home-depot.jpg","width":900,"height":675,"caption":"Imagen cortes\u00eda Porter Novelli"},{"@type":"BreadcrumbList","@id":"https:\/\/www.sonoraenequipo.com.mx\/the-home-depot-abre-su-quinta-tienda-en-sonora-y-segunda-en-hermosillo\/#breadcrumb","itemListElement":[{"@type":"ListItem","position":1,"name":"Portada","item":"https:\/\/www.sonoraenequipo.com.mx\/"},{"@type":"ListItem","position":2,"name":"The Home Depot abre su quinta tienda en Sonora y segunda \u00a0en Hermosillo"}]},{"@type":"WebSite","@id":"https:\/\/www.sonoraenequipo.com.mx\/#website","url":"https:\/\/www.sonoraenequipo.com.mx\/","name":"Sonora en Equipo.","description":"Diario en l\u00ednea con Noticias desde Hermosillo, Sonora","publisher":{"@id":"https:\/\/www.sonoraenequipo.com.mx\/#organization"},"potentialAction":[{"@type":"SearchAction","target":{"@type":"EntryPoint","urlTemplate":"https:\/\/www.sonoraenequipo.com.mx\/?s={search_term_string}"},"query-input":{"@type":"PropertyValueSpecification","valueRequired":true,"valueName":"search_term_string"}}],"inLanguage":"es"},{"@type":"Organization","@id":"https:\/\/www.sonoraenequipo.com.mx\/#organization","name":"Sonoraenequipo.com.mx","url":"https:\/\/www.sonoraenequipo.com.mx\/","logo":{"@type":"ImageObject","inLanguage":"es","@id":"https:\/\/www.sonoraenequipo.com.mx\/#\/schema\/logo\/image\/","url":"https:\/\/www.sonoraenequipo.com.mx\/storage\/2019\/01\/sonoraenequipo_opt.png","contentUrl":"https:\/\/www.sonoraenequipo.com.mx\/storage\/2019\/01\/sonoraenequipo_opt.png","width":375,"height":125,"caption":"Sonoraenequipo.com.mx"},"image":{"@id":"https:\/\/www.sonoraenequipo.com.mx\/#\/schema\/logo\/image\/"},"sameAs":["https:\/\/www.facebook.com\/SonoraEE\/","https:\/\/x.com\/sonoraenequipo","https:\/\/www.youtube.com\/channel\/UC338nW-lPEYmJQs4ZABQ1SQ"]},{"@type":"Person","@id":"https:\/\/www.sonoraenequipo.com.mx\/#\/schema\/person\/50102df0fb23a8fa9e8effad8fa81386","name":"enequipo","image":{"@type":"ImageObject","inLanguage":"es","@id":"https:\/\/www.sonoraenequipo.com.mx\/#\/schema\/person\/image\/","url":"https:\/\/secure.gravatar.com\/avatar\/049821681b589dabc0bc20695993ccebb09f5b5d4d790cd9251b97faac7c652b?s=96&d=blank&r=g","contentUrl":"https:\/\/secure.gravatar.com\/avatar\/049821681b589dabc0bc20695993ccebb09f5b5d4d790cd9251b97faac7c652b?s=96&d=blank&r=g","caption":"enequipo"},"sameAs":["https:\/\/www.facebook.com\/SonoraEE"]}]}},"jetpack_featured_media_url":"https:\/\/www.sonoraenequipo.com.mx\/storage\/2023\/11\/home-depot.jpg","_links":{"self":[{"href":"https:\/\/www.sonoraenequipo.com.mx\/api\/wp\/v2\/posts\/178287","targetHints":{"allow":["GET"]}}],"collection":[{"href":"https:\/\/www.sonoraenequipo.com.mx\/api\/wp\/v2\/posts"}],"about":[{"href":"https:\/\/www.sonoraenequipo.com.mx\/api\/wp\/v2\/types\/post"}],"author":[{"embeddable":true,"href":"https:\/\/www.sonoraenequipo.com.mx\/api\/wp\/v2\/users\/1"}],"replies":[{"embeddable":true,"href":"https:\/\/www.sonoraenequipo.com.mx\/api\/wp\/v2\/comments?post=178287"}],"version-history":[{"count":3,"href":"https:\/\/www.sonoraenequipo.com.mx\/api\/wp\/v2\/posts\/178287\/revisions"}],"predecessor-version":[{"id":178346,"href":"https:\/\/www.sonoraenequipo.com.mx\/api\/wp\/v2\/posts\/178287\/revisions\/178346"}],"wp:featuredmedia":[{"embeddable":true,"href":"https:\/\/www.sonoraenequipo.com.mx\/api\/wp\/v2\/media\/178315"}],"wp:attachment":[{"href":"https:\/\/www.sonoraenequipo.com.mx\/api\/wp\/v2\/media?parent=178287"}],"wp:term":[{"taxonomy":"category","embeddable":true,"href":"https:\/\/www.sonoraenequipo.com.mx\/api\/wp\/v2\/categories?post=178287"},{"taxonomy":"post_tag","embeddable":true,"href":"https:\/\/www.sonoraenequipo.com.mx\/api\/wp\/v2\/tags?post=178287"}],"curies":[{"name":"wp","href":"https:\/\/api.w.org\/{rel}","templated":true}]}}