{"id":178476,"date":"2023-11-04T12:39:27","date_gmt":"2023-11-04T19:39:27","guid":{"rendered":"https:\/\/www.sonoraenequipo.com.mx\/?p=178476"},"modified":"2023-11-04T12:39:27","modified_gmt":"2023-11-04T19:39:27","slug":"tendra-ine-un-prep-fortalecido-y-confiable-para-los-comicios-federales-asegura-el-organismo","status":"publish","type":"post","link":"https:\/\/www.sonoraenequipo.com.mx\/tendra-ine-un-prep-fortalecido-y-confiable-para-los-comicios-federales-asegura-el-organismo\/","title":{"rendered":"Tendr\u00e1 INE un PREP fortalecido y confiable para los comicios federales: asegura el organismo"},"content":{"rendered":"<p>Para dotar de informaci\u00f3n confiable a la ciudadan\u00eda El Consejo General del Instituto Nacional Electoral (INE) aprob\u00f3 el proceso t\u00e9cnico-operativo del Programa de Resultados Electorales Preliminares (PREP) para el Proceso Electoral Federal (PEF) 2023-2024, a fin de proporcionar informaci\u00f3n confiable a la ciudadan\u00eda, contribuyendo de esta manera al fortalecimiento y certeza de los resultados de los comicios federales.<\/p>\n<p>Mediante este proceso t\u00e9cnico-operativo, se prev\u00e9 generar, por lo menos, tres actualizaciones por hora de las cifras, im\u00e1genes y bases de datos que contengan los resultados electorales preliminares, a partir de las 20:00 horas del d\u00eda 2 de junio y hasta las 20:00 horas del 3 de junio de 2024 (tiempos del Centro del pa\u00eds), conforme a la fecha y hora de actualizaci\u00f3n publicada.<\/p>\n<p>Dicho proceso t\u00e9cnico-operativo se centra en actividades como el acopio, la digitalizaci\u00f3n de las actas, la captura de datos, la verificaci\u00f3n de las cifras, la publicaci\u00f3n de los resultados y el empaquetado de la documentaci\u00f3n electoral.<\/p>\n<p>Por otra parte, con motivo de la implementaci\u00f3n de las distintas modalidades de votaci\u00f3n -de las y los mexicanos residentes en el extranjero, anticipada y de las personas en prisi\u00f3n preventiva-, se consider\u00f3 necesario incorporar ciertos aspectos en el proceso t\u00e9cnico-operativo que se deben de tomar en cuenta para el procesamiento de las actas correspondientes y su publicaci\u00f3n.<\/p>\n<p>Fomentar\u00e1 INE la participaci\u00f3n ciudadana de la juventud mexicana El Consejo General del INE aprob\u00f3 asimismo el Programa de Promoci\u00f3n de la Participaci\u00f3n Ciudadana para el Proceso Electoral Concurrente 2023-2024, a fin de incentivar la contribuci\u00f3n de la ciudadan\u00eda en las pr\u00f3ximas elecciones, desde una posici\u00f3n consciente e informada.<\/p>\n<p>Con base en tres dimensiones, cuantitativa, cualitativa y pol\u00edtica electoral, inform\u00f3 el Consejero Faz Mora, se identific\u00f3 que votan menos las personas que viven en secciones urbanas que las que habitan en zonas rurales, que tambi\u00e9n los hombres lo hacen en menor proporci\u00f3n que las mujeres y que las y los j\u00f3venes de entre 19 y 20 a\u00f1os sufragan por debajo del promedio general en todas las elecciones.<\/p>\n<p>Centros de Acopio y Transmisi\u00f3n de Datos deber\u00e1n ubicarse en sedes del INE La m\u00e1xima autoridad de direcci\u00f3n del INE aprob\u00f3 tambi\u00e9n que los Centros de Acopio y Transmisi\u00f3n de Datos que operar\u00e1n en el PREP del PEF 2023-2024, se deber\u00e1n ubicar, instalar y habilitar dentro de las sedes de cada uno de los 300 Consejos Distritales, preferentemente en M\u00f3dulos de Atenci\u00f3n Ciudadana.<\/p>\n<p>Respecto de los Centros de Captura y Verificaci\u00f3n que funcionar\u00e1n para el PREP, se estableci\u00f3 que se deber\u00e1n de ubicar, instalar y habilitar en las oficinas del INE en la Ciudad de M\u00e9xico, cuya instalaci\u00f3n y operaci\u00f3n se llevar\u00e1n a cabo en dos sedes distintas.<\/p>\n<p>S\u00f3lo en casos fortuitos, o de fuerza mayor, en que las condiciones no permitan o impidan la instalaci\u00f3n y\/o habilitaci\u00f3n de alguno de los Centros de Acopio y Transmisi\u00f3n de Datos y\/o Centros de Captura y Verificaci\u00f3n, se podr\u00e1n instalar y habilitar en alguna sede alterna, fuera de las sedes de los Consejos Distritales y\/o de las oficinas del INE, conforme lo determine el Consejo General, con apoyo de la Unidad T\u00e9cnica de Servicios de Inform\u00e1tica.<\/p>\n<p><strong>Fecha de publicaci\u00f3n<\/strong><strong> s\u00e1bado 4 \u00a0de noviembre de 2023<\/strong><\/p>\n","protected":false},"excerpt":{"rendered":"<p>Para dotar de informaci\u00f3n confiable a la ciudadan\u00eda El Consejo General del Instituto Nacional Electoral&#8230;<\/p>\n","protected":false},"author":6,"featured_media":178381,"comment_status":"open","ping_status":"open","sticky":false,"template":"","format":"standard","meta":{"_monsterinsights_skip_tracking":false,"_monsterinsights_sitenote_active":false,"_monsterinsights_sitenote_note":"","_monsterinsights_sitenote_category":0,"footnotes":""},"categories":[5],"tags":[9108,1247,2219],"class_list":["post"],"yoast_head":" \n<title>Sonora en Equipo. Tendr\u00e1 INE un PREP fortalecido y confiable para los comicios federales: asegura el organismo Rep\u00fablica<\/title>\n<meta name=\"description\" content=\"Para dotar de informaci\u00f3n confiable a la ciudadan\u00eda El Consejo General del Instituto Nacional Electoral (INE) aprob\u00f3 el proceso t\u00e9cnico-operativo del En Sonora en Equipo publicamos toda la informaci\u00f3n de Sonora, M\u00e9xico y el Mundo de manera oportuna y busca que la libertad de expresi\u00f3n sea real. Visita nuestro medio informativo publicado desde Hermosillo, Sonora. %\" \/>\n<meta name=\"robots\" content=\"index, follow, max-snippet:-1, max-image-preview:large, max-video-preview:-1\" \/>\n<link rel=\"canonical\" href=\"https:\/\/www.sonoraenequipo.com.mx\/tendra-ine-un-prep-fortalecido-y-confiable-para-los-comicios-federales-asegura-el-organismo\/\" \/>\n<meta property=\"og:locale\" content=\"es_ES\" \/>\n<meta property=\"og:type\" content=\"article\" \/>\n<meta property=\"og:title\" content=\"Sonora en Equipo. Tendr\u00e1 INE un PREP fortalecido y confiable para los comicios federales: asegura el organismo Rep\u00fablica\" \/>\n<meta property=\"og:description\" content=\"Para dotar de informaci\u00f3n confiable a la ciudadan\u00eda El Consejo General del Instituto Nacional Electoral (INE) aprob\u00f3 el proceso t\u00e9cnico-operativo del En Sonora en Equipo publicamos toda la informaci\u00f3n de Sonora, M\u00e9xico y el Mundo de manera oportuna y busca que la libertad de expresi\u00f3n sea real. Visita nuestro medio informativo publicado desde Hermosillo, Sonora. %\" \/>\n<meta property=\"og:url\" content=\"https:\/\/www.sonoraenequipo.com.mx\/tendra-ine-un-prep-fortalecido-y-confiable-para-los-comicios-federales-asegura-el-organismo\/\" \/>\n<meta property=\"og:site_name\" content=\"Sonora en Equipo.\" \/>\n<meta property=\"article:publisher\" content=\"https:\/\/www.facebook.com\/SonoraEE\/\" \/>\n<meta property=\"article:published_time\" content=\"2023-11-04T19:39:27+00:00\" \/>\n<meta property=\"og:image\" content=\"https:\/\/www.sonoraenequipo.com.mx\/storage\/2023\/11\/consejo-gral-ine-sonora.jpg\" \/>\n\t<meta property=\"og:image:width\" content=\"900\" \/>\n\t<meta property=\"og:image:height\" content=\"600\" \/>\n\t<meta property=\"og:image:type\" content=\"image\/jpeg\" \/>\n<meta name=\"author\" content=\"Nacho Bandin\" \/>\n<meta name=\"twitter:card\" content=\"summary_large_image\" \/>\n<meta name=\"twitter:creator\" content=\"@sonoraenequipo\" \/>\n<meta name=\"twitter:site\" content=\"@sonoraenequipo\" \/>\n<meta name=\"twitter:label1\" content=\"Escrito por\" \/>\n\t<meta name=\"twitter:data1\" content=\"Nacho Bandin\" \/>\n\t<meta name=\"twitter:label2\" content=\"Tiempo de lectura\" \/>\n\t<meta name=\"twitter:data2\" content=\"3 minutos\" \/>\n<script type=\"application\/ld+json\" class=\"yoast-schema-graph\">{\"@context\":\"https:\/\/schema.org\",\"@graph\":[{\"@type\":\"Article\",\"@id\":\"https:\/\/www.sonoraenequipo.com.mx\/tendra-ine-un-prep-fortalecido-y-confiable-para-los-comicios-federales-asegura-el-organismo\/#article\",\"isPartOf\":{\"@id\":\"https:\/\/www.sonoraenequipo.com.mx\/tendra-ine-un-prep-fortalecido-y-confiable-para-los-comicios-federales-asegura-el-organismo\/\"},\"author\":{\"name\":\"Nacho Bandin\",\"@id\":\"https:\/\/www.sonoraenequipo.com.mx\/#\/schema\/person\/fbd9952aca28efec00f1fb7fa9428cad\"},\"headline\":\"Tendr\u00e1 INE un PREP fortalecido y confiable para los comicios federales: asegura el organismo\",\"datePublished\":\"2023-11-04T19:39:27+00:00\",\"mainEntityOfPage\":{\"@id\":\"https:\/\/www.sonoraenequipo.com.mx\/tendra-ine-un-prep-fortalecido-y-confiable-para-los-comicios-federales-asegura-el-organismo\/\"},\"wordCount\":592,\"commentCount\":0,\"publisher\":{\"@id\":\"https:\/\/www.sonoraenequipo.com.mx\/#organization\"},\"image\":{\"@id\":\"https:\/\/www.sonoraenequipo.com.mx\/tendra-ine-un-prep-fortalecido-y-confiable-para-los-comicios-federales-asegura-el-organismo\/#primaryimage\"},\"thumbnailUrl\":\"https:\/\/www.sonoraenequipo.com.mx\/storage\/2023\/11\/consejo-gral-ine-sonora.jpg\",\"keywords\":[\"comicios2024\",\"INE\",\"PREP\"],\"articleSection\":[\"Rep\u00fablica\"],\"inLanguage\":\"es\",\"potentialAction\":[{\"@type\":\"CommentAction\",\"name\":\"Comment\",\"target\":[\"https:\/\/www.sonoraenequipo.com.mx\/tendra-ine-un-prep-fortalecido-y-confiable-para-los-comicios-federales-asegura-el-organismo\/#respond\"]}]},{\"@type\":\"WebPage\",\"@id\":\"https:\/\/www.sonoraenequipo.com.mx\/tendra-ine-un-prep-fortalecido-y-confiable-para-los-comicios-federales-asegura-el-organismo\/\",\"url\":\"https:\/\/www.sonoraenequipo.com.mx\/tendra-ine-un-prep-fortalecido-y-confiable-para-los-comicios-federales-asegura-el-organismo\/\",\"name\":\"Sonora en Equipo. Tendr\u00e1 INE un PREP fortalecido y confiable para los comicios federales: asegura el organismo Rep\u00fablica\",\"isPartOf\":{\"@id\":\"https:\/\/www.sonoraenequipo.com.mx\/#website\"},\"primaryImageOfPage\":{\"@id\":\"https:\/\/www.sonoraenequipo.com.mx\/tendra-ine-un-prep-fortalecido-y-confiable-para-los-comicios-federales-asegura-el-organismo\/#primaryimage\"},\"image\":{\"@id\":\"https:\/\/www.sonoraenequipo.com.mx\/tendra-ine-un-prep-fortalecido-y-confiable-para-los-comicios-federales-asegura-el-organismo\/#primaryimage\"},\"thumbnailUrl\":\"https:\/\/www.sonoraenequipo.com.mx\/storage\/2023\/11\/consejo-gral-ine-sonora.jpg\",\"datePublished\":\"2023-11-04T19:39:27+00:00\",\"description\":\"Para dotar de informaci\u00f3n confiable a la ciudadan\u00eda El Consejo General del Instituto Nacional Electoral (INE) aprob\u00f3 el proceso t\u00e9cnico-operativo del En Sonora en Equipo publicamos toda la informaci\u00f3n de Sonora, M\u00e9xico y el Mundo de manera oportuna y busca que la libertad de expresi\u00f3n sea real. Visita nuestro medio informativo publicado desde Hermosillo, Sonora. %\",\"breadcrumb\":{\"@id\":\"https:\/\/www.sonoraenequipo.com.mx\/tendra-ine-un-prep-fortalecido-y-confiable-para-los-comicios-federales-asegura-el-organismo\/#breadcrumb\"},\"inLanguage\":\"es\",\"potentialAction\":[{\"@type\":\"ReadAction\",\"target\":[\"https:\/\/www.sonoraenequipo.com.mx\/tendra-ine-un-prep-fortalecido-y-confiable-para-los-comicios-federales-asegura-el-organismo\/\"]}]},{\"@type\":\"ImageObject\",\"inLanguage\":\"es\",\"@id\":\"https:\/\/www.sonoraenequipo.com.mx\/tendra-ine-un-prep-fortalecido-y-confiable-para-los-comicios-federales-asegura-el-organismo\/#primaryimage\",\"url\":\"https:\/\/www.sonoraenequipo.com.mx\/storage\/2023\/11\/consejo-gral-ine-sonora.jpg\",\"contentUrl\":\"https:\/\/www.sonoraenequipo.com.mx\/storage\/2023\/11\/consejo-gral-ine-sonora.jpg\",\"width\":900,\"height\":600,\"caption\":\"Imagen cortes\u00eda INE\"},{\"@type\":\"BreadcrumbList\",\"@id\":\"https:\/\/www.sonoraenequipo.com.mx\/tendra-ine-un-prep-fortalecido-y-confiable-para-los-comicios-federales-asegura-el-organismo\/#breadcrumb\",\"itemListElement\":[{\"@type\":\"ListItem\",\"position\":1,\"name\":\"Portada\",\"item\":\"https:\/\/www.sonoraenequipo.com.mx\/\"},{\"@type\":\"ListItem\",\"position\":2,\"name\":\"Tendr\u00e1 INE un PREP fortalecido y confiable para los comicios federales: asegura el organismo\"}]},{\"@type\":\"WebSite\",\"@id\":\"https:\/\/www.sonoraenequipo.com.mx\/#website\",\"url\":\"https:\/\/www.sonoraenequipo.com.mx\/\",\"name\":\"Sonora en Equipo.\",\"description\":\"Diario en l\u00ednea con Noticias desde Hermosillo, Sonora\",\"publisher\":{\"@id\":\"https:\/\/www.sonoraenequipo.com.mx\/#organization\"},\"potentialAction\":[{\"@type\":\"SearchAction\",\"target\":{\"@type\":\"EntryPoint\",\"urlTemplate\":\"https:\/\/www.sonoraenequipo.com.mx\/?s={search_term_string}\"},\"query-input\":{\"@type\":\"PropertyValueSpecification\",\"valueRequired\":true,\"valueName\":\"search_term_string\"}}],\"inLanguage\":\"es\"},{\"@type\":\"Organization\",\"@id\":\"https:\/\/www.sonoraenequipo.com.mx\/#organization\",\"name\":\"Sonoraenequipo.com.mx\",\"url\":\"https:\/\/www.sonoraenequipo.com.mx\/\",\"logo\":{\"@type\":\"ImageObject\",\"inLanguage\":\"es\",\"@id\":\"https:\/\/www.sonoraenequipo.com.mx\/#\/schema\/logo\/image\/\",\"url\":\"https:\/\/www.sonoraenequipo.com.mx\/storage\/2019\/01\/sonoraenequipo_opt.png\",\"contentUrl\":\"https:\/\/www.sonoraenequipo.com.mx\/storage\/2019\/01\/sonoraenequipo_opt.png\",\"width\":375,\"height\":125,\"caption\":\"Sonoraenequipo.com.mx\"},\"image\":{\"@id\":\"https:\/\/www.sonoraenequipo.com.mx\/#\/schema\/logo\/image\/\"},\"sameAs\":[\"https:\/\/www.facebook.com\/SonoraEE\/\",\"https:\/\/x.com\/sonoraenequipo\",\"https:\/\/www.youtube.com\/channel\/UC338nW-lPEYmJQs4ZABQ1SQ\"]},{\"@type\":\"Person\",\"@id\":\"https:\/\/www.sonoraenequipo.com.mx\/#\/schema\/person\/fbd9952aca28efec00f1fb7fa9428cad\",\"name\":\"Nacho Bandin\",\"image\":{\"@type\":\"ImageObject\",\"inLanguage\":\"es\",\"@id\":\"https:\/\/www.sonoraenequipo.com.mx\/#\/schema\/person\/image\/\",\"url\":\"https:\/\/secure.gravatar.com\/avatar\/aa8b9910cb9aca6bb907bea274a87d80d1290d00069310f251740e3ee0bf15f1?s=96&d=blank&r=g\",\"contentUrl\":\"https:\/\/secure.gravatar.com\/avatar\/aa8b9910cb9aca6bb907bea274a87d80d1290d00069310f251740e3ee0bf15f1?s=96&d=blank&r=g\",\"caption\":\"Nacho Bandin\"},\"sameAs\":[\"http:\/\/sonoraenequipo.com.mx\"]}]}<\/script>\n ","yoast_head_json":{"title":"Sonora en Equipo. Tendr\u00e1 INE un PREP fortalecido y confiable para los comicios federales: asegura el organismo Rep\u00fablica","description":"Para dotar de informaci\u00f3n confiable a la ciudadan\u00eda El Consejo General del Instituto Nacional Electoral (INE) aprob\u00f3 el proceso t\u00e9cnico-operativo del En Sonora en Equipo publicamos toda la informaci\u00f3n de Sonora, M\u00e9xico y el Mundo de manera oportuna y busca que la libertad de expresi\u00f3n sea real. Visita nuestro medio informativo publicado desde Hermosillo, Sonora. %","robots":{"index":"index","follow":"follow","max-snippet":"max-snippet:-1","max-image-preview":"max-image-preview:large","max-video-preview":"max-video-preview:-1"},"canonical":"https:\/\/www.sonoraenequipo.com.mx\/tendra-ine-un-prep-fortalecido-y-confiable-para-los-comicios-federales-asegura-el-organismo\/","og_locale":"es_ES","og_type":"article","og_title":"Sonora en Equipo. Tendr\u00e1 INE un PREP fortalecido y confiable para los comicios federales: asegura el organismo Rep\u00fablica","og_description":"Para dotar de informaci\u00f3n confiable a la ciudadan\u00eda El Consejo General del Instituto Nacional Electoral (INE) aprob\u00f3 el proceso t\u00e9cnico-operativo del En Sonora en Equipo publicamos toda la informaci\u00f3n de Sonora, M\u00e9xico y el Mundo de manera oportuna y busca que la libertad de expresi\u00f3n sea real. Visita nuestro medio informativo publicado desde Hermosillo, Sonora. %","og_url":"https:\/\/www.sonoraenequipo.com.mx\/tendra-ine-un-prep-fortalecido-y-confiable-para-los-comicios-federales-asegura-el-organismo\/","og_site_name":"Sonora en Equipo.","article_publisher":"https:\/\/www.facebook.com\/SonoraEE\/","article_published_time":"2023-11-04T19:39:27+00:00","og_image":[{"width":900,"height":600,"url":"https:\/\/www.sonoraenequipo.com.mx\/storage\/2023\/11\/consejo-gral-ine-sonora.jpg","type":"image\/jpeg"}],"author":"Nacho Bandin","twitter_card":"summary_large_image","twitter_creator":"@sonoraenequipo","twitter_site":"@sonoraenequipo","twitter_misc":{"Escrito por":"Nacho Bandin","Tiempo de lectura":"3 minutos"},"schema":{"@context":"https:\/\/schema.org","@graph":[{"@type":"Article","@id":"https:\/\/www.sonoraenequipo.com.mx\/tendra-ine-un-prep-fortalecido-y-confiable-para-los-comicios-federales-asegura-el-organismo\/#article","isPartOf":{"@id":"https:\/\/www.sonoraenequipo.com.mx\/tendra-ine-un-prep-fortalecido-y-confiable-para-los-comicios-federales-asegura-el-organismo\/"},"author":{"name":"Nacho Bandin","@id":"https:\/\/www.sonoraenequipo.com.mx\/#\/schema\/person\/fbd9952aca28efec00f1fb7fa9428cad"},"headline":"Tendr\u00e1 INE un PREP fortalecido y confiable para los comicios federales: asegura el organismo","datePublished":"2023-11-04T19:39:27+00:00","mainEntityOfPage":{"@id":"https:\/\/www.sonoraenequipo.com.mx\/tendra-ine-un-prep-fortalecido-y-confiable-para-los-comicios-federales-asegura-el-organismo\/"},"wordCount":592,"commentCount":0,"publisher":{"@id":"https:\/\/www.sonoraenequipo.com.mx\/#organization"},"image":{"@id":"https:\/\/www.sonoraenequipo.com.mx\/tendra-ine-un-prep-fortalecido-y-confiable-para-los-comicios-federales-asegura-el-organismo\/#primaryimage"},"thumbnailUrl":"https:\/\/www.sonoraenequipo.com.mx\/storage\/2023\/11\/consejo-gral-ine-sonora.jpg","keywords":["comicios2024","INE","PREP"],"articleSection":["Rep\u00fablica"],"inLanguage":"es","potentialAction":[{"@type":"CommentAction","name":"Comment","target":["https:\/\/www.sonoraenequipo.com.mx\/tendra-ine-un-prep-fortalecido-y-confiable-para-los-comicios-federales-asegura-el-organismo\/#respond"]}]},{"@type":"WebPage","@id":"https:\/\/www.sonoraenequipo.com.mx\/tendra-ine-un-prep-fortalecido-y-confiable-para-los-comicios-federales-asegura-el-organismo\/","url":"https:\/\/www.sonoraenequipo.com.mx\/tendra-ine-un-prep-fortalecido-y-confiable-para-los-comicios-federales-asegura-el-organismo\/","name":"Sonora en Equipo. Tendr\u00e1 INE un PREP fortalecido y confiable para los comicios federales: asegura el organismo Rep\u00fablica","isPartOf":{"@id":"https:\/\/www.sonoraenequipo.com.mx\/#website"},"primaryImageOfPage":{"@id":"https:\/\/www.sonoraenequipo.com.mx\/tendra-ine-un-prep-fortalecido-y-confiable-para-los-comicios-federales-asegura-el-organismo\/#primaryimage"},"image":{"@id":"https:\/\/www.sonoraenequipo.com.mx\/tendra-ine-un-prep-fortalecido-y-confiable-para-los-comicios-federales-asegura-el-organismo\/#primaryimage"},"thumbnailUrl":"https:\/\/www.sonoraenequipo.com.mx\/storage\/2023\/11\/consejo-gral-ine-sonora.jpg","datePublished":"2023-11-04T19:39:27+00:00","description":"Para dotar de informaci\u00f3n confiable a la ciudadan\u00eda El Consejo General del Instituto Nacional Electoral (INE) aprob\u00f3 el proceso t\u00e9cnico-operativo del En Sonora en Equipo publicamos toda la informaci\u00f3n de Sonora, M\u00e9xico y el Mundo de manera oportuna y busca que la libertad de expresi\u00f3n sea real. Visita nuestro medio informativo publicado desde Hermosillo, Sonora. %","breadcrumb":{"@id":"https:\/\/www.sonoraenequipo.com.mx\/tendra-ine-un-prep-fortalecido-y-confiable-para-los-comicios-federales-asegura-el-organismo\/#breadcrumb"},"inLanguage":"es","potentialAction":[{"@type":"ReadAction","target":["https:\/\/www.sonoraenequipo.com.mx\/tendra-ine-un-prep-fortalecido-y-confiable-para-los-comicios-federales-asegura-el-organismo\/"]}]},{"@type":"ImageObject","inLanguage":"es","@id":"https:\/\/www.sonoraenequipo.com.mx\/tendra-ine-un-prep-fortalecido-y-confiable-para-los-comicios-federales-asegura-el-organismo\/#primaryimage","url":"https:\/\/www.sonoraenequipo.com.mx\/storage\/2023\/11\/consejo-gral-ine-sonora.jpg","contentUrl":"https:\/\/www.sonoraenequipo.com.mx\/storage\/2023\/11\/consejo-gral-ine-sonora.jpg","width":900,"height":600,"caption":"Imagen cortes\u00eda INE"},{"@type":"BreadcrumbList","@id":"https:\/\/www.sonoraenequipo.com.mx\/tendra-ine-un-prep-fortalecido-y-confiable-para-los-comicios-federales-asegura-el-organismo\/#breadcrumb","itemListElement":[{"@type":"ListItem","position":1,"name":"Portada","item":"https:\/\/www.sonoraenequipo.com.mx\/"},{"@type":"ListItem","position":2,"name":"Tendr\u00e1 INE un PREP fortalecido y confiable para los comicios federales: asegura el organismo"}]},{"@type":"WebSite","@id":"https:\/\/www.sonoraenequipo.com.mx\/#website","url":"https:\/\/www.sonoraenequipo.com.mx\/","name":"Sonora en Equipo.","description":"Diario en l\u00ednea con Noticias desde Hermosillo, Sonora","publisher":{"@id":"https:\/\/www.sonoraenequipo.com.mx\/#organization"},"potentialAction":[{"@type":"SearchAction","target":{"@type":"EntryPoint","urlTemplate":"https:\/\/www.sonoraenequipo.com.mx\/?s={search_term_string}"},"query-input":{"@type":"PropertyValueSpecification","valueRequired":true,"valueName":"search_term_string"}}],"inLanguage":"es"},{"@type":"Organization","@id":"https:\/\/www.sonoraenequipo.com.mx\/#organization","name":"Sonoraenequipo.com.mx","url":"https:\/\/www.sonoraenequipo.com.mx\/","logo":{"@type":"ImageObject","inLanguage":"es","@id":"https:\/\/www.sonoraenequipo.com.mx\/#\/schema\/logo\/image\/","url":"https:\/\/www.sonoraenequipo.com.mx\/storage\/2019\/01\/sonoraenequipo_opt.png","contentUrl":"https:\/\/www.sonoraenequipo.com.mx\/storage\/2019\/01\/sonoraenequipo_opt.png","width":375,"height":125,"caption":"Sonoraenequipo.com.mx"},"image":{"@id":"https:\/\/www.sonoraenequipo.com.mx\/#\/schema\/logo\/image\/"},"sameAs":["https:\/\/www.facebook.com\/SonoraEE\/","https:\/\/x.com\/sonoraenequipo","https:\/\/www.youtube.com\/channel\/UC338nW-lPEYmJQs4ZABQ1SQ"]},{"@type":"Person","@id":"https:\/\/www.sonoraenequipo.com.mx\/#\/schema\/person\/fbd9952aca28efec00f1fb7fa9428cad","name":"Nacho Bandin","image":{"@type":"ImageObject","inLanguage":"es","@id":"https:\/\/www.sonoraenequipo.com.mx\/#\/schema\/person\/image\/","url":"https:\/\/secure.gravatar.com\/avatar\/aa8b9910cb9aca6bb907bea274a87d80d1290d00069310f251740e3ee0bf15f1?s=96&d=blank&r=g","contentUrl":"https:\/\/secure.gravatar.com\/avatar\/aa8b9910cb9aca6bb907bea274a87d80d1290d00069310f251740e3ee0bf15f1?s=96&d=blank&r=g","caption":"Nacho Bandin"},"sameAs":["http:\/\/sonoraenequipo.com.mx"]}]}},"jetpack_featured_media_url":"https:\/\/www.sonoraenequipo.com.mx\/storage\/2023\/11\/consejo-gral-ine-sonora.jpg","_links":{"self":[{"href":"https:\/\/www.sonoraenequipo.com.mx\/api\/wp\/v2\/posts\/178476","targetHints":{"allow":["GET"]}}],"collection":[{"href":"https:\/\/www.sonoraenequipo.com.mx\/api\/wp\/v2\/posts"}],"about":[{"href":"https:\/\/www.sonoraenequipo.com.mx\/api\/wp\/v2\/types\/post"}],"author":[{"embeddable":true,"href":"https:\/\/www.sonoraenequipo.com.mx\/api\/wp\/v2\/users\/6"}],"replies":[{"embeddable":true,"href":"https:\/\/www.sonoraenequipo.com.mx\/api\/wp\/v2\/comments?post=178476"}],"version-history":[{"count":1,"href":"https:\/\/www.sonoraenequipo.com.mx\/api\/wp\/v2\/posts\/178476\/revisions"}],"predecessor-version":[{"id":178477,"href":"https:\/\/www.sonoraenequipo.com.mx\/api\/wp\/v2\/posts\/178476\/revisions\/178477"}],"wp:featuredmedia":[{"embeddable":true,"href":"https:\/\/www.sonoraenequipo.com.mx\/api\/wp\/v2\/media\/178381"}],"wp:attachment":[{"href":"https:\/\/www.sonoraenequipo.com.mx\/api\/wp\/v2\/media?parent=178476"}],"wp:term":[{"taxonomy":"category","embeddable":true,"href":"https:\/\/www.sonoraenequipo.com.mx\/api\/wp\/v2\/categories?post=178476"},{"taxonomy":"post_tag","embeddable":true,"href":"https:\/\/www.sonoraenequipo.com.mx\/api\/wp\/v2\/tags?post=178476"}],"curies":[{"name":"wp","href":"https:\/\/api.w.org\/{rel}","templated":true}]}}