{"id":178478,"date":"2023-11-04T13:11:10","date_gmt":"2023-11-04T20:11:10","guid":{"rendered":"https:\/\/www.sonoraenequipo.com.mx\/?p=178478"},"modified":"2023-11-04T13:11:10","modified_gmt":"2023-11-04T20:11:10","slug":"salud-digital-opcion-para-mejorar-la-atencion-de-los-pacientes","status":"publish","type":"post","link":"https:\/\/www.sonoraenequipo.com.mx\/salud-digital-opcion-para-mejorar-la-atencion-de-los-pacientes\/","title":{"rendered":"Salud Digital opci\u00f3n para mejorar la atenci\u00f3n de los pacientes"},"content":{"rendered":"<p>Salud Digital opci\u00f3n para mejorar la atenci\u00f3n de los pacientes<\/p>\n<p>\u201cDigital Health Week 2023\u201d (Semana de la Salud digital 2023) espacio para la concientizaci\u00f3n del uso de la tecnolog\u00eda para mejorar la atenci\u00f3n de los pacientes \u25cf Los pacientes pueden optar por tener sus datos en salud e informaci\u00f3n de consultas, estudios o an\u00e1lisis realizados en cualquier instituci\u00f3n p\u00fablica o privada.<\/p>\n<ul>\n<li>La semana abordar\u00e1 6 principales temas, gobernanza y tecnolog\u00eda, g\u00e9nero e inclusi\u00f3n, alianzas para el progreso, recursos y financiamiento, el futuro de la salud digital y transformaci\u00f3n sostenible.<\/li>\n<\/ul>\n<p>&#8211; Con la finalidad de abordar la importancia de la transformaci\u00f3n digital de la salud y teniendo como objetivo clave generar conciencia sobre la relevancia de que los pacientes son due\u00f1os de sus datos de salud e informaci\u00f3n generada en cada cita m\u00e9dica, del 6 al 10 de noviembre se llevar\u00e1 a cabo en M\u00e9xico y alrededor del mundo la Semana Mundial de la Salud Digital, impulsada por la organizaci\u00f3n Transform Health.<\/p>\n<p>Durante la semana mundial de la salud digital, conocida globalmente como \u201cDigital Health Week\u201d Transform Health, en su cap\u00edtulo M\u00e9xico hace un llamado a adoptar las nuevas tecnolog\u00edas y herramientas digitales como la Inteligencia Artificial para mejorar la atenci\u00f3n de los pacientes, aprender como especialistas y concientizar a la poblaci\u00f3n en general sobre el uso de sus datos de salud y la informaci\u00f3n m\u00e9dica que pueden encontrar en las distintas plataformas digitales.<\/p>\n<p>Adem\u00e1s, durante esta semana se hace un llamado a la poblaci\u00f3n para tengan conocimiento sobre sus datos de salud generados en cualquier instituci\u00f3n, ya sea p\u00fablica o privada, ya que estos datos les pertenecen y que pueden ser utilizados por el paciente para atender su salud con cualquier instituci\u00f3n o m\u00e9dicos que elijan; es as\u00ed que todos los estudios, an\u00e1lisis, diagn\u00f3sticos o test, entre otros datos generados durante alguna consulta pueden ser solicitados por el paciente en el momento que lo deseen o requieran, ya sea para crear su propio expediente cl\u00ednico o bien, para acudir con alg\u00fan otro especialista y tener as\u00ed una mejor atenci\u00f3n de su padecimiento.<\/p>\n<p>El programa que se abordar\u00e1 durante esta semana est\u00e1 basado en 6 principales temas entorno a la salud, 1) gobernanza y tecnolog\u00eda, tema que busca generar conciencia sobre las regulaciones y pol\u00edticas que promuevan el uso responsable de la tecnolog\u00eda; 2) g\u00e9nero e inclusi\u00f3n, que se centra en promover activamente estos aspectos, para asegurar que todas las personas accedan y se beneficien de las soluciones digitales en salud.<\/p>\n<p>4) Recursos y financiamiento, tema que busca impulsar investigaciones en tecnolog\u00eda, en crear incentivos o becas, fondos para emprendedores en el \u00e1rea de salud digital para mejorar el entorno del sector.<\/p>\n<p>5) El futuro de la salud digital, que busca ampliar el acceso a tecnolog\u00edas de la salud, que permiten abaratar tratamientos, consultar y que pacientes accedan a tratamientos de manera m\u00e1s eficiente, por ejemplo, a trav\u00e9s de sus tel\u00e9fonos inteligentes.<\/p>\n<p>6) Transformaci\u00f3n sostenible, busca crear un sector que sea cada vez m\u00e1s amigable y sostenible con el medioambiente a trav\u00e9s de herramientas como la tecnolog\u00eda.<\/p>\n<p>Esta semana, en M\u00e9xico, as\u00ed como alrededor del mundo se llevar\u00e1n a cabo distintas iniciativas, encuentros, presentaciones y ponencias centradas en la transformaci\u00f3n digital de la salud.<\/p>\n<p>En nuestro pa\u00eds este d\u00eda arrancan las actividades en la C\u00e1mara de Diputados donde se hablar\u00e1 sobre la salud digital en M\u00e9xico: avances y retos, adem\u00e1s, durante la semana se tocar\u00e1n temas como la tecnolog\u00eda en el acceso universal con calidad e inclusi\u00f3n; la visi\u00f3n del m\u00e9dico en la revoluci\u00f3n de salud digital; el uso de la inteligencia artificial para el diagn\u00f3stico temprano de enfermedades como el c\u00e1ncer o la diabetes, la importancia de la protecci\u00f3n de datos personales, entre otros.<\/p>\n<p>De igual manera, durante las actividades de la semana se presentar\u00e1 el Estudio del Panorama de la Salud Digital en M\u00e9xico, primer estudio integral sobre el estado de la salud digital en M\u00e9xico, con una presentaci\u00f3n en vivo de la Dra.<\/p>\n<p>Datos relevantes de salud digital en M\u00e9xico, de acuerdo con el estudio el M\u00e9dico Digital (200 entrevistados): 1.<\/p>\n<p>El \u201cGlobal Digital HEalth Monitor (GDHM)\u201d supervisa y eval\u00faa el uso de la tecnolog\u00eda digital para la salud en distintos pa\u00edses.<\/p>\n<p>Gustavo Ross, director ejecutivo de Transform Health M\u00e9xico destac\u00f3 que, \u201cla transformaci\u00f3n digital del sistema de salud nacional es una oportunidad \u00fanica que M\u00e9xico tiene en este momento para ampliar el acceso a la salud a millones de mexicanos que no lo tienen de manera f\u00edsica por diferentes razones.<\/p>\n<p>Adem\u00e1s de habilitar la telemedicina y hacer m\u00e1s eficiente el uso de recursos p\u00fablicos, las herramientas de salud digital general mayor calidad en la atenci\u00f3n y ayudan a la capacitaci\u00f3n de m\u00e1s profesionales de la salud y de manera m\u00e1s efectiva.<\/p>\n<p>Por eso es importante fomentar el uso de la tecnolog\u00eda y de la IA para que los profesionales de la salud puedan hacer mejor su trabajo y lograr el bienestar de m\u00e1s mexicanos, que es el objetivo final del sistema de salud\u201d.<\/p>\n<p>Transform Health, es una coalici\u00f3n global de organizaciones que buscan promover la transformaci\u00f3n digital de la salud para lograr en 2030 la cobertura universal de salud con inclusi\u00f3n, respeto a la privacidad y calidad en la atenci\u00f3n.<\/p>\n<p>En M\u00e9xico, esta coalici\u00f3n es impulsada por la Fundaci\u00f3n Mexicana para la Salud (FUNSALUD) y est\u00e1 compuesta por organizaciones p\u00fablicas y privadas.<\/p>\n<p><strong>Fecha de publicaci\u00f3n<\/strong><strong> s\u00e1bado 4 \u00a0de noviembre de 2023<\/strong><\/p>\n<p>&nbsp;<\/p>\n","protected":false},"excerpt":{"rendered":"<p>Salud Digital opci\u00f3n para mejorar la atenci\u00f3n de los pacientes \u201cDigital Health Week 2023\u201d (Semana&#8230;<\/p>\n","protected":false},"author":6,"featured_media":178479,"comment_status":"open","ping_status":"open","sticky":false,"template":"","format":"standard","meta":{"_monsterinsights_skip_tracking":false,"_monsterinsights_sitenote_active":false,"_monsterinsights_sitenote_note":"","_monsterinsights_sitenote_category":0,"footnotes":""},"categories":[1],"tags":[],"class_list":["post"],"yoast_head":" \n<title>Sonora en Equipo. Salud Digital opci\u00f3n para mejorar la atenci\u00f3n de los pacientes<\/title>\n<meta name=\"description\" content=\"Salud Digital opci\u00f3n para mejorar la atenci\u00f3n de los pacientes \u201cDigital Health Week 2023\u201d (Semana de la Salud digital 2023) espacio para la En Sonora en Equipo publicamos toda la informaci\u00f3n de Sonora, M\u00e9xico y el Mundo de manera oportuna y busca que la libertad de expresi\u00f3n sea real. Visita nuestro medio informativo publicado desde Hermosillo, Sonora. %\" \/>\n<meta name=\"robots\" content=\"index, follow, max-snippet:-1, max-image-preview:large, max-video-preview:-1\" \/>\n<link rel=\"canonical\" href=\"https:\/\/www.sonoraenequipo.com.mx\/salud-digital-opcion-para-mejorar-la-atencion-de-los-pacientes\/\" \/>\n<meta property=\"og:locale\" content=\"es_ES\" \/>\n<meta property=\"og:type\" content=\"article\" \/>\n<meta property=\"og:title\" content=\"Sonora en Equipo. Salud Digital opci\u00f3n para mejorar la atenci\u00f3n de los pacientes\" \/>\n<meta property=\"og:description\" content=\"Salud Digital opci\u00f3n para mejorar la atenci\u00f3n de los pacientes \u201cDigital Health Week 2023\u201d (Semana de la Salud digital 2023) espacio para la En Sonora en Equipo publicamos toda la informaci\u00f3n de Sonora, M\u00e9xico y el Mundo de manera oportuna y busca que la libertad de expresi\u00f3n sea real. Visita nuestro medio informativo publicado desde Hermosillo, Sonora. %\" \/>\n<meta property=\"og:url\" content=\"https:\/\/www.sonoraenequipo.com.mx\/salud-digital-opcion-para-mejorar-la-atencion-de-los-pacientes\/\" \/>\n<meta property=\"og:site_name\" content=\"Sonora en Equipo.\" \/>\n<meta property=\"article:publisher\" content=\"https:\/\/www.facebook.com\/SonoraEE\/\" \/>\n<meta property=\"article:published_time\" content=\"2023-11-04T20:11:10+00:00\" \/>\n<meta property=\"og:image\" content=\"https:\/\/www.sonoraenequipo.com.mx\/storage\/2023\/11\/salud-digital.jpg\" \/>\n\t<meta property=\"og:image:width\" content=\"900\" \/>\n\t<meta property=\"og:image:height\" content=\"510\" \/>\n\t<meta property=\"og:image:type\" content=\"image\/jpeg\" \/>\n<meta name=\"author\" content=\"Nacho Bandin\" \/>\n<meta name=\"twitter:card\" content=\"summary_large_image\" \/>\n<meta name=\"twitter:creator\" content=\"@sonoraenequipo\" \/>\n<meta name=\"twitter:site\" content=\"@sonoraenequipo\" \/>\n<meta name=\"twitter:label1\" content=\"Escrito por\" \/>\n\t<meta name=\"twitter:data1\" content=\"Nacho Bandin\" \/>\n\t<meta name=\"twitter:label2\" content=\"Tiempo de lectura\" \/>\n\t<meta name=\"twitter:data2\" content=\"5 minutos\" \/>\n<script type=\"application\/ld+json\" class=\"yoast-schema-graph\">{\"@context\":\"https:\/\/schema.org\",\"@graph\":[{\"@type\":\"Article\",\"@id\":\"https:\/\/www.sonoraenequipo.com.mx\/salud-digital-opcion-para-mejorar-la-atencion-de-los-pacientes\/#article\",\"isPartOf\":{\"@id\":\"https:\/\/www.sonoraenequipo.com.mx\/salud-digital-opcion-para-mejorar-la-atencion-de-los-pacientes\/\"},\"author\":{\"name\":\"Nacho Bandin\",\"@id\":\"https:\/\/www.sonoraenequipo.com.mx\/#\/schema\/person\/fbd9952aca28efec00f1fb7fa9428cad\"},\"headline\":\"Salud Digital opci\u00f3n para mejorar la atenci\u00f3n de los pacientes\",\"datePublished\":\"2023-11-04T20:11:10+00:00\",\"mainEntityOfPage\":{\"@id\":\"https:\/\/www.sonoraenequipo.com.mx\/salud-digital-opcion-para-mejorar-la-atencion-de-los-pacientes\/\"},\"wordCount\":989,\"commentCount\":0,\"publisher\":{\"@id\":\"https:\/\/www.sonoraenequipo.com.mx\/#organization\"},\"image\":{\"@id\":\"https:\/\/www.sonoraenequipo.com.mx\/salud-digital-opcion-para-mejorar-la-atencion-de-los-pacientes\/#primaryimage\"},\"thumbnailUrl\":\"https:\/\/www.sonoraenequipo.com.mx\/storage\/2023\/11\/salud-digital.jpg\",\"articleSection\":[\"Sin categorizar\"],\"inLanguage\":\"es\",\"potentialAction\":[{\"@type\":\"CommentAction\",\"name\":\"Comment\",\"target\":[\"https:\/\/www.sonoraenequipo.com.mx\/salud-digital-opcion-para-mejorar-la-atencion-de-los-pacientes\/#respond\"]}]},{\"@type\":\"WebPage\",\"@id\":\"https:\/\/www.sonoraenequipo.com.mx\/salud-digital-opcion-para-mejorar-la-atencion-de-los-pacientes\/\",\"url\":\"https:\/\/www.sonoraenequipo.com.mx\/salud-digital-opcion-para-mejorar-la-atencion-de-los-pacientes\/\",\"name\":\"Sonora en Equipo. Salud Digital opci\u00f3n para mejorar la atenci\u00f3n de los pacientes\",\"isPartOf\":{\"@id\":\"https:\/\/www.sonoraenequipo.com.mx\/#website\"},\"primaryImageOfPage\":{\"@id\":\"https:\/\/www.sonoraenequipo.com.mx\/salud-digital-opcion-para-mejorar-la-atencion-de-los-pacientes\/#primaryimage\"},\"image\":{\"@id\":\"https:\/\/www.sonoraenequipo.com.mx\/salud-digital-opcion-para-mejorar-la-atencion-de-los-pacientes\/#primaryimage\"},\"thumbnailUrl\":\"https:\/\/www.sonoraenequipo.com.mx\/storage\/2023\/11\/salud-digital.jpg\",\"datePublished\":\"2023-11-04T20:11:10+00:00\",\"description\":\"Salud Digital opci\u00f3n para mejorar la atenci\u00f3n de los pacientes \u201cDigital Health Week 2023\u201d (Semana de la Salud digital 2023) espacio para la En Sonora en Equipo publicamos toda la informaci\u00f3n de Sonora, M\u00e9xico y el Mundo de manera oportuna y busca que la libertad de expresi\u00f3n sea real. Visita nuestro medio informativo publicado desde Hermosillo, Sonora. %\",\"breadcrumb\":{\"@id\":\"https:\/\/www.sonoraenequipo.com.mx\/salud-digital-opcion-para-mejorar-la-atencion-de-los-pacientes\/#breadcrumb\"},\"inLanguage\":\"es\",\"potentialAction\":[{\"@type\":\"ReadAction\",\"target\":[\"https:\/\/www.sonoraenequipo.com.mx\/salud-digital-opcion-para-mejorar-la-atencion-de-los-pacientes\/\"]}]},{\"@type\":\"ImageObject\",\"inLanguage\":\"es\",\"@id\":\"https:\/\/www.sonoraenequipo.com.mx\/salud-digital-opcion-para-mejorar-la-atencion-de-los-pacientes\/#primaryimage\",\"url\":\"https:\/\/www.sonoraenequipo.com.mx\/storage\/2023\/11\/salud-digital.jpg\",\"contentUrl\":\"https:\/\/www.sonoraenequipo.com.mx\/storage\/2023\/11\/salud-digital.jpg\",\"width\":900,\"height\":510,\"caption\":\"Imagen Free I stock Credit: metaworks\"},{\"@type\":\"BreadcrumbList\",\"@id\":\"https:\/\/www.sonoraenequipo.com.mx\/salud-digital-opcion-para-mejorar-la-atencion-de-los-pacientes\/#breadcrumb\",\"itemListElement\":[{\"@type\":\"ListItem\",\"position\":1,\"name\":\"Portada\",\"item\":\"https:\/\/www.sonoraenequipo.com.mx\/\"},{\"@type\":\"ListItem\",\"position\":2,\"name\":\"Salud Digital opci\u00f3n para mejorar la atenci\u00f3n de los pacientes\"}]},{\"@type\":\"WebSite\",\"@id\":\"https:\/\/www.sonoraenequipo.com.mx\/#website\",\"url\":\"https:\/\/www.sonoraenequipo.com.mx\/\",\"name\":\"Sonora en Equipo.\",\"description\":\"Diario en l\u00ednea con Noticias desde Hermosillo, Sonora\",\"publisher\":{\"@id\":\"https:\/\/www.sonoraenequipo.com.mx\/#organization\"},\"potentialAction\":[{\"@type\":\"SearchAction\",\"target\":{\"@type\":\"EntryPoint\",\"urlTemplate\":\"https:\/\/www.sonoraenequipo.com.mx\/?s={search_term_string}\"},\"query-input\":{\"@type\":\"PropertyValueSpecification\",\"valueRequired\":true,\"valueName\":\"search_term_string\"}}],\"inLanguage\":\"es\"},{\"@type\":\"Organization\",\"@id\":\"https:\/\/www.sonoraenequipo.com.mx\/#organization\",\"name\":\"Sonoraenequipo.com.mx\",\"url\":\"https:\/\/www.sonoraenequipo.com.mx\/\",\"logo\":{\"@type\":\"ImageObject\",\"inLanguage\":\"es\",\"@id\":\"https:\/\/www.sonoraenequipo.com.mx\/#\/schema\/logo\/image\/\",\"url\":\"https:\/\/www.sonoraenequipo.com.mx\/storage\/2019\/01\/sonoraenequipo_opt.png\",\"contentUrl\":\"https:\/\/www.sonoraenequipo.com.mx\/storage\/2019\/01\/sonoraenequipo_opt.png\",\"width\":375,\"height\":125,\"caption\":\"Sonoraenequipo.com.mx\"},\"image\":{\"@id\":\"https:\/\/www.sonoraenequipo.com.mx\/#\/schema\/logo\/image\/\"},\"sameAs\":[\"https:\/\/www.facebook.com\/SonoraEE\/\",\"https:\/\/x.com\/sonoraenequipo\",\"https:\/\/www.youtube.com\/channel\/UC338nW-lPEYmJQs4ZABQ1SQ\"]},{\"@type\":\"Person\",\"@id\":\"https:\/\/www.sonoraenequipo.com.mx\/#\/schema\/person\/fbd9952aca28efec00f1fb7fa9428cad\",\"name\":\"Nacho Bandin\",\"image\":{\"@type\":\"ImageObject\",\"inLanguage\":\"es\",\"@id\":\"https:\/\/www.sonoraenequipo.com.mx\/#\/schema\/person\/image\/\",\"url\":\"https:\/\/secure.gravatar.com\/avatar\/aa8b9910cb9aca6bb907bea274a87d80d1290d00069310f251740e3ee0bf15f1?s=96&d=blank&r=g\",\"contentUrl\":\"https:\/\/secure.gravatar.com\/avatar\/aa8b9910cb9aca6bb907bea274a87d80d1290d00069310f251740e3ee0bf15f1?s=96&d=blank&r=g\",\"caption\":\"Nacho Bandin\"},\"sameAs\":[\"http:\/\/sonoraenequipo.com.mx\"]}]}<\/script>\n ","yoast_head_json":{"title":"Sonora en Equipo. Salud Digital opci\u00f3n para mejorar la atenci\u00f3n de los pacientes","description":"Salud Digital opci\u00f3n para mejorar la atenci\u00f3n de los pacientes \u201cDigital Health Week 2023\u201d (Semana de la Salud digital 2023) espacio para la En Sonora en Equipo publicamos toda la informaci\u00f3n de Sonora, M\u00e9xico y el Mundo de manera oportuna y busca que la libertad de expresi\u00f3n sea real. Visita nuestro medio informativo publicado desde Hermosillo, Sonora. %","robots":{"index":"index","follow":"follow","max-snippet":"max-snippet:-1","max-image-preview":"max-image-preview:large","max-video-preview":"max-video-preview:-1"},"canonical":"https:\/\/www.sonoraenequipo.com.mx\/salud-digital-opcion-para-mejorar-la-atencion-de-los-pacientes\/","og_locale":"es_ES","og_type":"article","og_title":"Sonora en Equipo. Salud Digital opci\u00f3n para mejorar la atenci\u00f3n de los pacientes","og_description":"Salud Digital opci\u00f3n para mejorar la atenci\u00f3n de los pacientes \u201cDigital Health Week 2023\u201d (Semana de la Salud digital 2023) espacio para la En Sonora en Equipo publicamos toda la informaci\u00f3n de Sonora, M\u00e9xico y el Mundo de manera oportuna y busca que la libertad de expresi\u00f3n sea real. Visita nuestro medio informativo publicado desde Hermosillo, Sonora. %","og_url":"https:\/\/www.sonoraenequipo.com.mx\/salud-digital-opcion-para-mejorar-la-atencion-de-los-pacientes\/","og_site_name":"Sonora en Equipo.","article_publisher":"https:\/\/www.facebook.com\/SonoraEE\/","article_published_time":"2023-11-04T20:11:10+00:00","og_image":[{"width":900,"height":510,"url":"https:\/\/www.sonoraenequipo.com.mx\/storage\/2023\/11\/salud-digital.jpg","type":"image\/jpeg"}],"author":"Nacho Bandin","twitter_card":"summary_large_image","twitter_creator":"@sonoraenequipo","twitter_site":"@sonoraenequipo","twitter_misc":{"Escrito por":"Nacho Bandin","Tiempo de lectura":"5 minutos"},"schema":{"@context":"https:\/\/schema.org","@graph":[{"@type":"Article","@id":"https:\/\/www.sonoraenequipo.com.mx\/salud-digital-opcion-para-mejorar-la-atencion-de-los-pacientes\/#article","isPartOf":{"@id":"https:\/\/www.sonoraenequipo.com.mx\/salud-digital-opcion-para-mejorar-la-atencion-de-los-pacientes\/"},"author":{"name":"Nacho Bandin","@id":"https:\/\/www.sonoraenequipo.com.mx\/#\/schema\/person\/fbd9952aca28efec00f1fb7fa9428cad"},"headline":"Salud Digital opci\u00f3n para mejorar la atenci\u00f3n de los pacientes","datePublished":"2023-11-04T20:11:10+00:00","mainEntityOfPage":{"@id":"https:\/\/www.sonoraenequipo.com.mx\/salud-digital-opcion-para-mejorar-la-atencion-de-los-pacientes\/"},"wordCount":989,"commentCount":0,"publisher":{"@id":"https:\/\/www.sonoraenequipo.com.mx\/#organization"},"image":{"@id":"https:\/\/www.sonoraenequipo.com.mx\/salud-digital-opcion-para-mejorar-la-atencion-de-los-pacientes\/#primaryimage"},"thumbnailUrl":"https:\/\/www.sonoraenequipo.com.mx\/storage\/2023\/11\/salud-digital.jpg","articleSection":["Sin categorizar"],"inLanguage":"es","potentialAction":[{"@type":"CommentAction","name":"Comment","target":["https:\/\/www.sonoraenequipo.com.mx\/salud-digital-opcion-para-mejorar-la-atencion-de-los-pacientes\/#respond"]}]},{"@type":"WebPage","@id":"https:\/\/www.sonoraenequipo.com.mx\/salud-digital-opcion-para-mejorar-la-atencion-de-los-pacientes\/","url":"https:\/\/www.sonoraenequipo.com.mx\/salud-digital-opcion-para-mejorar-la-atencion-de-los-pacientes\/","name":"Sonora en Equipo. Salud Digital opci\u00f3n para mejorar la atenci\u00f3n de los pacientes","isPartOf":{"@id":"https:\/\/www.sonoraenequipo.com.mx\/#website"},"primaryImageOfPage":{"@id":"https:\/\/www.sonoraenequipo.com.mx\/salud-digital-opcion-para-mejorar-la-atencion-de-los-pacientes\/#primaryimage"},"image":{"@id":"https:\/\/www.sonoraenequipo.com.mx\/salud-digital-opcion-para-mejorar-la-atencion-de-los-pacientes\/#primaryimage"},"thumbnailUrl":"https:\/\/www.sonoraenequipo.com.mx\/storage\/2023\/11\/salud-digital.jpg","datePublished":"2023-11-04T20:11:10+00:00","description":"Salud Digital opci\u00f3n para mejorar la atenci\u00f3n de los pacientes \u201cDigital Health Week 2023\u201d (Semana de la Salud digital 2023) espacio para la En Sonora en Equipo publicamos toda la informaci\u00f3n de Sonora, M\u00e9xico y el Mundo de manera oportuna y busca que la libertad de expresi\u00f3n sea real. Visita nuestro medio informativo publicado desde Hermosillo, Sonora. %","breadcrumb":{"@id":"https:\/\/www.sonoraenequipo.com.mx\/salud-digital-opcion-para-mejorar-la-atencion-de-los-pacientes\/#breadcrumb"},"inLanguage":"es","potentialAction":[{"@type":"ReadAction","target":["https:\/\/www.sonoraenequipo.com.mx\/salud-digital-opcion-para-mejorar-la-atencion-de-los-pacientes\/"]}]},{"@type":"ImageObject","inLanguage":"es","@id":"https:\/\/www.sonoraenequipo.com.mx\/salud-digital-opcion-para-mejorar-la-atencion-de-los-pacientes\/#primaryimage","url":"https:\/\/www.sonoraenequipo.com.mx\/storage\/2023\/11\/salud-digital.jpg","contentUrl":"https:\/\/www.sonoraenequipo.com.mx\/storage\/2023\/11\/salud-digital.jpg","width":900,"height":510,"caption":"Imagen Free I stock Credit: metaworks"},{"@type":"BreadcrumbList","@id":"https:\/\/www.sonoraenequipo.com.mx\/salud-digital-opcion-para-mejorar-la-atencion-de-los-pacientes\/#breadcrumb","itemListElement":[{"@type":"ListItem","position":1,"name":"Portada","item":"https:\/\/www.sonoraenequipo.com.mx\/"},{"@type":"ListItem","position":2,"name":"Salud Digital opci\u00f3n para mejorar la atenci\u00f3n de los pacientes"}]},{"@type":"WebSite","@id":"https:\/\/www.sonoraenequipo.com.mx\/#website","url":"https:\/\/www.sonoraenequipo.com.mx\/","name":"Sonora en Equipo.","description":"Diario en l\u00ednea con Noticias desde Hermosillo, Sonora","publisher":{"@id":"https:\/\/www.sonoraenequipo.com.mx\/#organization"},"potentialAction":[{"@type":"SearchAction","target":{"@type":"EntryPoint","urlTemplate":"https:\/\/www.sonoraenequipo.com.mx\/?s={search_term_string}"},"query-input":{"@type":"PropertyValueSpecification","valueRequired":true,"valueName":"search_term_string"}}],"inLanguage":"es"},{"@type":"Organization","@id":"https:\/\/www.sonoraenequipo.com.mx\/#organization","name":"Sonoraenequipo.com.mx","url":"https:\/\/www.sonoraenequipo.com.mx\/","logo":{"@type":"ImageObject","inLanguage":"es","@id":"https:\/\/www.sonoraenequipo.com.mx\/#\/schema\/logo\/image\/","url":"https:\/\/www.sonoraenequipo.com.mx\/storage\/2019\/01\/sonoraenequipo_opt.png","contentUrl":"https:\/\/www.sonoraenequipo.com.mx\/storage\/2019\/01\/sonoraenequipo_opt.png","width":375,"height":125,"caption":"Sonoraenequipo.com.mx"},"image":{"@id":"https:\/\/www.sonoraenequipo.com.mx\/#\/schema\/logo\/image\/"},"sameAs":["https:\/\/www.facebook.com\/SonoraEE\/","https:\/\/x.com\/sonoraenequipo","https:\/\/www.youtube.com\/channel\/UC338nW-lPEYmJQs4ZABQ1SQ"]},{"@type":"Person","@id":"https:\/\/www.sonoraenequipo.com.mx\/#\/schema\/person\/fbd9952aca28efec00f1fb7fa9428cad","name":"Nacho Bandin","image":{"@type":"ImageObject","inLanguage":"es","@id":"https:\/\/www.sonoraenequipo.com.mx\/#\/schema\/person\/image\/","url":"https:\/\/secure.gravatar.com\/avatar\/aa8b9910cb9aca6bb907bea274a87d80d1290d00069310f251740e3ee0bf15f1?s=96&d=blank&r=g","contentUrl":"https:\/\/secure.gravatar.com\/avatar\/aa8b9910cb9aca6bb907bea274a87d80d1290d00069310f251740e3ee0bf15f1?s=96&d=blank&r=g","caption":"Nacho Bandin"},"sameAs":["http:\/\/sonoraenequipo.com.mx"]}]}},"jetpack_featured_media_url":"https:\/\/www.sonoraenequipo.com.mx\/storage\/2023\/11\/salud-digital.jpg","_links":{"self":[{"href":"https:\/\/www.sonoraenequipo.com.mx\/api\/wp\/v2\/posts\/178478","targetHints":{"allow":["GET"]}}],"collection":[{"href":"https:\/\/www.sonoraenequipo.com.mx\/api\/wp\/v2\/posts"}],"about":[{"href":"https:\/\/www.sonoraenequipo.com.mx\/api\/wp\/v2\/types\/post"}],"author":[{"embeddable":true,"href":"https:\/\/www.sonoraenequipo.com.mx\/api\/wp\/v2\/users\/6"}],"replies":[{"embeddable":true,"href":"https:\/\/www.sonoraenequipo.com.mx\/api\/wp\/v2\/comments?post=178478"}],"version-history":[{"count":1,"href":"https:\/\/www.sonoraenequipo.com.mx\/api\/wp\/v2\/posts\/178478\/revisions"}],"predecessor-version":[{"id":178480,"href":"https:\/\/www.sonoraenequipo.com.mx\/api\/wp\/v2\/posts\/178478\/revisions\/178480"}],"wp:featuredmedia":[{"embeddable":true,"href":"https:\/\/www.sonoraenequipo.com.mx\/api\/wp\/v2\/media\/178479"}],"wp:attachment":[{"href":"https:\/\/www.sonoraenequipo.com.mx\/api\/wp\/v2\/media?parent=178478"}],"wp:term":[{"taxonomy":"category","embeddable":true,"href":"https:\/\/www.sonoraenequipo.com.mx\/api\/wp\/v2\/categories?post=178478"},{"taxonomy":"post_tag","embeddable":true,"href":"https:\/\/www.sonoraenequipo.com.mx\/api\/wp\/v2\/tags?post=178478"}],"curies":[{"name":"wp","href":"https:\/\/api.w.org\/{rel}","templated":true}]}}